{"id":134302,"date":"2025-08-14T09:20:25","date_gmt":"2025-08-14T07:20:25","guid":{"rendered":"https:\/\/vosgesinfo.fr\/epinalinfo\/?p=134302"},"modified":"2025-08-14T09:14:25","modified_gmt":"2025-08-14T07:14:25","slug":"a-bruyeres-operation-coup-de-poing-contre-les-incivilites","status":"publish","type":"post","link":"https:\/\/vosgesinfo.fr\/epinalinfo\/2025\/08\/a-bruyeres-operation-coup-de-poing-contre-les-incivilites\/","title":{"rendered":"\u00c0 Bruy\u00e8res, op\u00e9ration coup de poing contre les incivilit\u00e9s"},"content":{"rendered":"<div id=\"attachment_134303\" style=\"width: 2058px\" class=\"wp-caption aligncenter\"><a href=\"https:\/\/vosgesinfo.fr\/app\/uploads\/sites\/3\/2025\/08\/532545411-1184785357012719-2508704739744149431-n.jpg\"><img decoding=\"async\" aria-describedby=\"caption-attachment-134303\" class=\"size-full wp-image-134303\" src=\"https:\/\/vosgesinfo.fr\/app\/uploads\/sites\/3\/2025\/08\/532545411-1184785357012719-2508704739744149431-n.jpg\" alt=\"\" width=\"2048\" height=\"1536\" srcset=\"https:\/\/vosgesinfo.fr\/app\/uploads\/sites\/3\/2025\/08\/532545411-1184785357012719-2508704739744149431-n.jpg 2048w, https:\/\/vosgesinfo.fr\/app\/uploads\/sites\/3\/2025\/08\/532545411-1184785357012719-2508704739744149431-n-300x225.jpg 300w, https:\/\/vosgesinfo.fr\/app\/uploads\/sites\/3\/2025\/08\/532545411-1184785357012719-2508704739744149431-n-1024x768.jpg 1024w, https:\/\/vosgesinfo.fr\/app\/uploads\/sites\/3\/2025\/08\/532545411-1184785357012719-2508704739744149431-n-768x576.jpg 768w, https:\/\/vosgesinfo.fr\/app\/uploads\/sites\/3\/2025\/08\/532545411-1184785357012719-2508704739744149431-n-1536x1152.jpg 1536w\" sizes=\"(max-width: 2048px) 100vw, 2048px\" \/><\/a><p id=\"caption-attachment-134303\" class=\"wp-caption-text\">photo Ville de Bruy\u00e8res<\/p><\/div>\n<h2 data-start=\"210\" data-end=\"524\"><strong>L\u2019ultimatum \u00e9tait clair. Les habitants avertis avaient eu le temps de changer leurs habitudes. Mais hier apr\u00e8s-midi, l\u2019heure de v\u00e9rit\u00e9 a sonn\u00e9 : les \u00e9lus locaux, accompagn\u00e9s de plusieurs agents municipaux, ont men\u00e9 une op\u00e9ration coup de poing contre les incivilit\u00e9s dans les rues de la commune de Bruy\u00e8res.\u00a0<\/strong><\/h2>\n<p data-start=\"526\" data-end=\"937\">Baptis\u00e9e <strong data-start=\"535\" data-end=\"604\">\u00ab On te ram\u00e8ne tes d\u00e9tritus, notre ville n\u2019est pas une poubelle \u00bb<\/strong>, cette action visait \u00e0 marquer les esprits. Rue de Verdun, rue du Lavoir et m\u00eame au domicile de certains contrevenants, les \u00e9quipes sont all\u00e9es <strong data-start=\"749\" data-end=\"798\">restituer leurs d\u00e9chets \u00e0 leurs propri\u00e9taires<\/strong>.<em>\u00a0<\/em><\/p>\n<p data-start=\"939\" data-end=\"1186\">Mais l\u2019op\u00e9ration ne s\u2019est pas limit\u00e9e aux d\u00e9chets. Dans le viseur \u00e9galement : <strong data-start=\"1017\" data-end=\"1073\">les nuisances sonores et le non-respect du voisinage<\/strong>. Quelques habitants, signal\u00e9s pour leurs comportements bruyants et perturbateurs, ont re\u00e7u la visite des \u00e9lus.<\/p>\n<p data-start=\"1188\" data-end=\"1447\"><strong data-start=\"1188\" data-end=\"1213\">Avant\u2026 pendant\u2026 apr\u00e8s<\/strong> : l\u2019action s\u2019inscrit dans une strat\u00e9gie plus large de lutte contre les incivilit\u00e9s, m\u00ealant pr\u00e9vention, p\u00e9dagogie et sanctions.<\/p>\n\n\t\t<style type=\"text\/css\">\n\t\t\t#gallery-1 {\n\t\t\t\tmargin: auto;\n\t\t\t}\n\t\t\t#gallery-1 .gallery-item {\n\t\t\t\tfloat: left;\n\t\t\t\tmargin-top: 10px;\n\t\t\t\ttext-align: center;\n\t\t\t\twidth: 33%;\n\t\t\t}\n\t\t\t#gallery-1 img {\n\t\t\t\tborder: 2px solid #cfcfcf;\n\t\t\t}\n\t\t\t#gallery-1 .gallery-caption {\n\t\t\t\tmargin-left: 0;\n\t\t\t}\n\t\t\t\/* see gallery_shortcode() in wp-includes\/media.php *\/\n\t\t<\/style>\n\t\t<div id='gallery-1' class='gallery galleryid-134302 gallery-columns-3 gallery-size-large'><dl class='gallery-item'>\n\t\t\t<dt class='gallery-icon portrait'>\n\t\t\t\t<a href='https:\/\/vosgesinfo.fr\/app\/uploads\/sites\/3\/2025\/08\/530728448-1184785243679397-8795682426270765053-n.jpg'><img decoding=\"async\" width=\"752\" height=\"1020\" src=\"https:\/\/vosgesinfo.fr\/app\/uploads\/sites\/3\/2025\/08\/530728448-1184785243679397-8795682426270765053-n.jpg\" class=\"attachment-large size-large\" alt=\"\" srcset=\"https:\/\/vosgesinfo.fr\/app\/uploads\/sites\/3\/2025\/08\/530728448-1184785243679397-8795682426270765053-n.jpg 752w, https:\/\/vosgesinfo.fr\/app\/uploads\/sites\/3\/2025\/08\/530728448-1184785243679397-8795682426270765053-n-221x300.jpg 221w\" sizes=\"(max-width: 752px) 100vw, 752px\" \/><\/a>\n\t\t\t<\/dt><\/dl><dl class='gallery-item'>\n\t\t\t<dt class='gallery-icon landscape'>\n\t\t\t\t<a href='https:\/\/vosgesinfo.fr\/app\/uploads\/sites\/3\/2025\/08\/530831334-1184785407012714-2415230724330521126-n.jpg'><img decoding=\"async\" width=\"1024\" height=\"768\" src=\"https:\/\/vosgesinfo.fr\/app\/uploads\/sites\/3\/2025\/08\/530831334-1184785407012714-2415230724330521126-n-1024x768.jpg\" class=\"attachment-large size-large\" alt=\"\" srcset=\"https:\/\/vosgesinfo.fr\/app\/uploads\/sites\/3\/2025\/08\/530831334-1184785407012714-2415230724330521126-n-1024x768.jpg 1024w, https:\/\/vosgesinfo.fr\/app\/uploads\/sites\/3\/2025\/08\/530831334-1184785407012714-2415230724330521126-n-300x225.jpg 300w, https:\/\/vosgesinfo.fr\/app\/uploads\/sites\/3\/2025\/08\/530831334-1184785407012714-2415230724330521126-n-768x576.jpg 768w, https:\/\/vosgesinfo.fr\/app\/uploads\/sites\/3\/2025\/08\/530831334-1184785407012714-2415230724330521126-n-1536x1152.jpg 1536w, https:\/\/vosgesinfo.fr\/app\/uploads\/sites\/3\/2025\/08\/530831334-1184785407012714-2415230724330521126-n.jpg 2048w\" sizes=\"(max-width: 1024px) 100vw, 1024px\" \/><\/a>\n\t\t\t<\/dt><\/dl><dl class='gallery-item'>\n\t\t\t<dt class='gallery-icon landscape'>\n\t\t\t\t<a href='https:\/\/vosgesinfo.fr\/app\/uploads\/sites\/3\/2025\/08\/531572343-1184785487012706-8369957245016232715-n.jpg'><img decoding=\"async\" width=\"1024\" height=\"768\" src=\"https:\/\/vosgesinfo.fr\/app\/uploads\/sites\/3\/2025\/08\/531572343-1184785487012706-8369957245016232715-n-1024x768.jpg\" class=\"attachment-large size-large\" alt=\"\" srcset=\"https:\/\/vosgesinfo.fr\/app\/uploads\/sites\/3\/2025\/08\/531572343-1184785487012706-8369957245016232715-n-1024x768.jpg 1024w, https:\/\/vosgesinfo.fr\/app\/uploads\/sites\/3\/2025\/08\/531572343-1184785487012706-8369957245016232715-n-300x225.jpg 300w, https:\/\/vosgesinfo.fr\/app\/uploads\/sites\/3\/2025\/08\/531572343-1184785487012706-8369957245016232715-n-768x576.jpg 768w, https:\/\/vosgesinfo.fr\/app\/uploads\/sites\/3\/2025\/08\/531572343-1184785487012706-8369957245016232715-n-1536x1152.jpg 1536w, https:\/\/vosgesinfo.fr\/app\/uploads\/sites\/3\/2025\/08\/531572343-1184785487012706-8369957245016232715-n.jpg 2048w\" sizes=\"(max-width: 1024px) 100vw, 1024px\" \/><\/a>\n\t\t\t<\/dt><\/dl><br style=\"clear: both\" \/><dl class='gallery-item'>\n\t\t\t<dt class='gallery-icon landscape'>\n\t\t\t\t<a href='https:\/\/vosgesinfo.fr\/app\/uploads\/sites\/3\/2025\/08\/533379210-1184785290346059-7155666613267677032-n.jpg'><img decoding=\"async\" width=\"1020\" height=\"765\" src=\"https:\/\/vosgesinfo.fr\/app\/uploads\/sites\/3\/2025\/08\/533379210-1184785290346059-7155666613267677032-n.jpg\" class=\"attachment-large size-large\" alt=\"\" srcset=\"https:\/\/vosgesinfo.fr\/app\/uploads\/sites\/3\/2025\/08\/533379210-1184785290346059-7155666613267677032-n.jpg 1020w, https:\/\/vosgesinfo.fr\/app\/uploads\/sites\/3\/2025\/08\/533379210-1184785290346059-7155666613267677032-n-300x225.jpg 300w, https:\/\/vosgesinfo.fr\/app\/uploads\/sites\/3\/2025\/08\/533379210-1184785290346059-7155666613267677032-n-768x576.jpg 768w\" sizes=\"(max-width: 1020px) 100vw, 1020px\" \/><\/a>\n\t\t\t<\/dt><\/dl>\n\t\t\t<br style='clear: both' \/>\n\t\t<\/div>\n\n<p data-start=\"1449\" data-end=\"1644\">\n","protected":false},"excerpt":{"rendered":"<p>L\u2019ultimatum \u00e9tait clair. Les habitants avertis avaient eu le temps de changer leurs habitudes. Mais hier apr\u00e8s-midi, l\u2019heure de v\u00e9rit\u00e9 [&hellip;]<\/p>\n","protected":false},"author":52,"featured_media":134303,"comment_status":"open","ping_status":"open","sticky":false,"template":"","format":"standard","meta":{"footnotes":""},"categories":[22,60,24,6056,6155],"tags":[],"class_list":["post-134302","post","type-post","status-publish","format-standard","has-post-thumbnail","hentry","category-a-la-une","category-bruyeres","category-epinal","category-gerardmer","category-saint-die"],"acf":[],"yoast_head":"<!-- This site is optimized with the Yoast SEO plugin v22.5 - https:\/\/yoast.com\/wordpress\/plugins\/seo\/ -->\n<title>\u00c0 Bruy\u00e8res, op\u00e9ration coup de poing contre les incivilit\u00e9s - Epinal Info<\/title>\n<meta name=\"robots\" content=\"index, follow, max-snippet:-1, max-image-preview:large, max-video-preview:-1\" \/>\n<link rel=\"canonical\" href=\"https:\/\/vosgesinfo.fr\/epinalinfo\/2025\/08\/a-bruyeres-operation-coup-de-poing-contre-les-incivilites\/\" \/>\n<meta name=\"twitter:card\" content=\"summary_large_image\" \/>\n<meta name=\"twitter:title\" content=\"\u00c0 Bruy\u00e8res, op\u00e9ration coup de poing contre les incivilit\u00e9s - Epinal Info\" \/>\n<meta name=\"twitter:description\" content=\"L\u2019ultimatum \u00e9tait clair. Les habitants avertis avaient eu le temps de changer leurs habitudes. Mais hier apr\u00e8s-midi, l\u2019heure de v\u00e9rit\u00e9 [&hellip;]\" \/>\n<meta name=\"twitter:image\" content=\"https:\/\/vosgesinfo.fr\/app\/uploads\/sites\/3\/2025\/08\/532545411-1184785357012719-2508704739744149431-n.jpg\" \/>\n<meta name=\"twitter:creator\" content=\"@VosgesInfo88\" \/>\n<meta name=\"twitter:site\" content=\"@VosgesInfo88\" \/>\n<meta name=\"twitter:label1\" content=\"\u00c9crit par\" \/>\n\t<meta name=\"twitter:data1\" content=\"C.K.\" \/>\n\t<meta name=\"twitter:label2\" content=\"Dur\u00e9e de lecture estim\u00e9e\" \/>\n\t<meta name=\"twitter:data2\" content=\"1 minute\" \/>\n<script type=\"application\/ld+json\" class=\"yoast-schema-graph\">{\"@context\":\"https:\/\/schema.org\",\"@graph\":[{\"@type\":\"Article\",\"@id\":\"https:\/\/vosgesinfo.fr\/epinalinfo\/2025\/08\/a-bruyeres-operation-coup-de-poing-contre-les-incivilites\/#article\",\"isPartOf\":{\"@id\":\"https:\/\/vosgesinfo.fr\/epinalinfo\/2025\/08\/a-bruyeres-operation-coup-de-poing-contre-les-incivilites\/\"},\"author\":{\"name\":\"C.K.\",\"@id\":\"https:\/\/vosgesinfo.fr\/epinalinfo\/#\/schema\/person\/6f9a650eeea99d969b6c4ab78fccbe81\"},\"headline\":\"\u00c0 Bruy\u00e8res, op\u00e9ration coup de poing contre les incivilit\u00e9s\",\"datePublished\":\"2025-08-14T07:20:25+00:00\",\"dateModified\":\"2025-08-14T07:14:25+00:00\",\"mainEntityOfPage\":{\"@id\":\"https:\/\/vosgesinfo.fr\/epinalinfo\/2025\/08\/a-bruyeres-operation-coup-de-poing-contre-les-incivilites\/\"},\"wordCount\":203,\"commentCount\":0,\"publisher\":{\"@id\":\"https:\/\/vosgesinfo.fr\/epinalinfo\/#organization\"},\"image\":{\"@id\":\"https:\/\/vosgesinfo.fr\/epinalinfo\/2025\/08\/a-bruyeres-operation-coup-de-poing-contre-les-incivilites\/#primaryimage\"},\"thumbnailUrl\":\"https:\/\/vosgesinfo.fr\/app\/uploads\/sites\/3\/2025\/08\/532545411-1184785357012719-2508704739744149431-n.jpg\",\"articleSection\":[\"A la Une\",\"Bruy\u00e8res\",\"Epinal\",\"Gerardmer\",\"Saint-di\u00e9\"],\"inLanguage\":\"fr-FR\",\"potentialAction\":[{\"@type\":\"CommentAction\",\"name\":\"Comment\",\"target\":[\"https:\/\/vosgesinfo.fr\/epinalinfo\/2025\/08\/a-bruyeres-operation-coup-de-poing-contre-les-incivilites\/#respond\"]}]},{\"@type\":\"WebPage\",\"@id\":\"https:\/\/vosgesinfo.fr\/epinalinfo\/2025\/08\/a-bruyeres-operation-coup-de-poing-contre-les-incivilites\/\",\"url\":\"https:\/\/vosgesinfo.fr\/epinalinfo\/2025\/08\/a-bruyeres-operation-coup-de-poing-contre-les-incivilites\/\",\"name\":\"\u00c0 Bruy\u00e8res, op\u00e9ration coup de poing contre les incivilit\u00e9s - Epinal Info\",\"isPartOf\":{\"@id\":\"https:\/\/vosgesinfo.fr\/epinalinfo\/#website\"},\"primaryImageOfPage\":{\"@id\":\"https:\/\/vosgesinfo.fr\/epinalinfo\/2025\/08\/a-bruyeres-operation-coup-de-poing-contre-les-incivilites\/#primaryimage\"},\"image\":{\"@id\":\"https:\/\/vosgesinfo.fr\/epinalinfo\/2025\/08\/a-bruyeres-operation-coup-de-poing-contre-les-incivilites\/#primaryimage\"},\"thumbnailUrl\":\"https:\/\/vosgesinfo.fr\/app\/uploads\/sites\/3\/2025\/08\/532545411-1184785357012719-2508704739744149431-n.jpg\",\"datePublished\":\"2025-08-14T07:20:25+00:00\",\"dateModified\":\"2025-08-14T07:14:25+00:00\",\"breadcrumb\":{\"@id\":\"https:\/\/vosgesinfo.fr\/epinalinfo\/2025\/08\/a-bruyeres-operation-coup-de-poing-contre-les-incivilites\/#breadcrumb\"},\"inLanguage\":\"fr-FR\",\"potentialAction\":[{\"@type\":\"ReadAction\",\"target\":[\"https:\/\/vosgesinfo.fr\/epinalinfo\/2025\/08\/a-bruyeres-operation-coup-de-poing-contre-les-incivilites\/\"]}]},{\"@type\":\"ImageObject\",\"inLanguage\":\"fr-FR\",\"@id\":\"https:\/\/vosgesinfo.fr\/epinalinfo\/2025\/08\/a-bruyeres-operation-coup-de-poing-contre-les-incivilites\/#primaryimage\",\"url\":\"https:\/\/vosgesinfo.fr\/app\/uploads\/sites\/3\/2025\/08\/532545411-1184785357012719-2508704739744149431-n.jpg\",\"contentUrl\":\"https:\/\/vosgesinfo.fr\/app\/uploads\/sites\/3\/2025\/08\/532545411-1184785357012719-2508704739744149431-n.jpg\",\"width\":2048,\"height\":1536,\"caption\":\"photo Ville de Bruy\u00e8res\"},{\"@type\":\"BreadcrumbList\",\"@id\":\"https:\/\/vosgesinfo.fr\/epinalinfo\/2025\/08\/a-bruyeres-operation-coup-de-poing-contre-les-incivilites\/#breadcrumb\",\"itemListElement\":[{\"@type\":\"ListItem\",\"position\":1,\"name\":\"Home\",\"item\":\"https:\/\/vosgesinfo.fr\/epinalinfo\/\"},{\"@type\":\"ListItem\",\"position\":2,\"name\":\"\u00c0 Bruy\u00e8res, op\u00e9ration coup de poing contre les incivilit\u00e9s\"}]},{\"@type\":\"WebSite\",\"@id\":\"https:\/\/vosgesinfo.fr\/epinalinfo\/#website\",\"url\":\"https:\/\/vosgesinfo.fr\/epinalinfo\/\",\"name\":\"Epinal Info\",\"description\":\"Toute l&#039;actualit\u00e9 d&#039;\u00c9pinal\",\"publisher\":{\"@id\":\"https:\/\/vosgesinfo.fr\/epinalinfo\/#organization\"},\"alternateName\":\"Toute l'actualit\u00e9 d'\u00c9pinal\",\"potentialAction\":[{\"@type\":\"SearchAction\",\"target\":{\"@type\":\"EntryPoint\",\"urlTemplate\":\"https:\/\/vosgesinfo.fr\/epinalinfo\/?s={search_term_string}\"},\"query-input\":\"required name=search_term_string\"}],\"inLanguage\":\"fr-FR\"},{\"@type\":\"Organization\",\"@id\":\"https:\/\/vosgesinfo.fr\/epinalinfo\/#organization\",\"name\":\"Epinal Info\",\"url\":\"https:\/\/vosgesinfo.fr\/epinalinfo\/\",\"logo\":{\"@type\":\"ImageObject\",\"inLanguage\":\"fr-FR\",\"@id\":\"https:\/\/vosgesinfo.fr\/epinalinfo\/#\/schema\/logo\/image\/\",\"url\":\"https:\/\/vosgesinfo.fr\/app\/uploads\/sites\/3\/2023\/08\/logo-epinalinfos.svg\",\"contentUrl\":\"https:\/\/vosgesinfo.fr\/app\/uploads\/sites\/3\/2023\/08\/logo-epinalinfos.svg\",\"width\":1,\"height\":1,\"caption\":\"Epinal Info\"},\"image\":{\"@id\":\"https:\/\/vosgesinfo.fr\/epinalinfo\/#\/schema\/logo\/image\/\"},\"sameAs\":[\"https:\/\/www.facebook.com\/Epinalinfos\",\"https:\/\/x.com\/VosgesInfo88\",\"https:\/\/www.youtube.com\/@vosgesinfo\"]},{\"@type\":\"Person\",\"@id\":\"https:\/\/vosgesinfo.fr\/epinalinfo\/#\/schema\/person\/6f9a650eeea99d969b6c4ab78fccbe81\",\"name\":\"C.K.\",\"image\":{\"@type\":\"ImageObject\",\"inLanguage\":\"fr-FR\",\"@id\":\"https:\/\/vosgesinfo.fr\/epinalinfo\/#\/schema\/person\/image\/\",\"url\":\"https:\/\/secure.gravatar.com\/avatar\/48e3fc7f8421ba8942be6b74a2b7f014ca39bc00dece156b7a8e098ae7dc87bf?s=96&d=mm&r=g\",\"contentUrl\":\"https:\/\/secure.gravatar.com\/avatar\/48e3fc7f8421ba8942be6b74a2b7f014ca39bc00dece156b7a8e098ae7dc87bf?s=96&d=mm&r=g\",\"caption\":\"C.K.\"},\"url\":\"https:\/\/vosgesinfo.fr\/epinalinfo\/author\/celia-k-n\/\"}]}<\/script>\n<!-- \/ Yoast SEO plugin. -->","yoast_head_json":{"title":"\u00c0 Bruy\u00e8res, op\u00e9ration coup de poing contre les incivilit\u00e9s - Epinal Info","robots":{"index":"index","follow":"follow","max-snippet":"max-snippet:-1","max-image-preview":"max-image-preview:large","max-video-preview":"max-video-preview:-1"},"canonical":"https:\/\/vosgesinfo.fr\/epinalinfo\/2025\/08\/a-bruyeres-operation-coup-de-poing-contre-les-incivilites\/","twitter_card":"summary_large_image","twitter_title":"\u00c0 Bruy\u00e8res, op\u00e9ration coup de poing contre les incivilit\u00e9s - Epinal Info","twitter_description":"L\u2019ultimatum \u00e9tait clair. Les habitants avertis avaient eu le temps de changer leurs habitudes. Mais hier apr\u00e8s-midi, l\u2019heure de v\u00e9rit\u00e9 [&hellip;]","twitter_image":"https:\/\/vosgesinfo.fr\/app\/uploads\/sites\/3\/2025\/08\/532545411-1184785357012719-2508704739744149431-n.jpg","twitter_creator":"@VosgesInfo88","twitter_site":"@VosgesInfo88","twitter_misc":{"\u00c9crit par":"C.K.","Dur\u00e9e de lecture estim\u00e9e":"1 minute"},"schema":{"@context":"https:\/\/schema.org","@graph":[{"@type":"Article","@id":"https:\/\/vosgesinfo.fr\/epinalinfo\/2025\/08\/a-bruyeres-operation-coup-de-poing-contre-les-incivilites\/#article","isPartOf":{"@id":"https:\/\/vosgesinfo.fr\/epinalinfo\/2025\/08\/a-bruyeres-operation-coup-de-poing-contre-les-incivilites\/"},"author":{"name":"C.K.","@id":"https:\/\/vosgesinfo.fr\/epinalinfo\/#\/schema\/person\/6f9a650eeea99d969b6c4ab78fccbe81"},"headline":"\u00c0 Bruy\u00e8res, op\u00e9ration coup de poing contre les incivilit\u00e9s","datePublished":"2025-08-14T07:20:25+00:00","dateModified":"2025-08-14T07:14:25+00:00","mainEntityOfPage":{"@id":"https:\/\/vosgesinfo.fr\/epinalinfo\/2025\/08\/a-bruyeres-operation-coup-de-poing-contre-les-incivilites\/"},"wordCount":203,"commentCount":0,"publisher":{"@id":"https:\/\/vosgesinfo.fr\/epinalinfo\/#organization"},"image":{"@id":"https:\/\/vosgesinfo.fr\/epinalinfo\/2025\/08\/a-bruyeres-operation-coup-de-poing-contre-les-incivilites\/#primaryimage"},"thumbnailUrl":"https:\/\/vosgesinfo.fr\/app\/uploads\/sites\/3\/2025\/08\/532545411-1184785357012719-2508704739744149431-n.jpg","articleSection":["A la Une","Bruy\u00e8res","Epinal","Gerardmer","Saint-di\u00e9"],"inLanguage":"fr-FR","potentialAction":[{"@type":"CommentAction","name":"Comment","target":["https:\/\/vosgesinfo.fr\/epinalinfo\/2025\/08\/a-bruyeres-operation-coup-de-poing-contre-les-incivilites\/#respond"]}]},{"@type":"WebPage","@id":"https:\/\/vosgesinfo.fr\/epinalinfo\/2025\/08\/a-bruyeres-operation-coup-de-poing-contre-les-incivilites\/","url":"https:\/\/vosgesinfo.fr\/epinalinfo\/2025\/08\/a-bruyeres-operation-coup-de-poing-contre-les-incivilites\/","name":"\u00c0 Bruy\u00e8res, op\u00e9ration coup de poing contre les incivilit\u00e9s - Epinal Info","isPartOf":{"@id":"https:\/\/vosgesinfo.fr\/epinalinfo\/#website"},"primaryImageOfPage":{"@id":"https:\/\/vosgesinfo.fr\/epinalinfo\/2025\/08\/a-bruyeres-operation-coup-de-poing-contre-les-incivilites\/#primaryimage"},"image":{"@id":"https:\/\/vosgesinfo.fr\/epinalinfo\/2025\/08\/a-bruyeres-operation-coup-de-poing-contre-les-incivilites\/#primaryimage"},"thumbnailUrl":"https:\/\/vosgesinfo.fr\/app\/uploads\/sites\/3\/2025\/08\/532545411-1184785357012719-2508704739744149431-n.jpg","datePublished":"2025-08-14T07:20:25+00:00","dateModified":"2025-08-14T07:14:25+00:00","breadcrumb":{"@id":"https:\/\/vosgesinfo.fr\/epinalinfo\/2025\/08\/a-bruyeres-operation-coup-de-poing-contre-les-incivilites\/#breadcrumb"},"inLanguage":"fr-FR","potentialAction":[{"@type":"ReadAction","target":["https:\/\/vosgesinfo.fr\/epinalinfo\/2025\/08\/a-bruyeres-operation-coup-de-poing-contre-les-incivilites\/"]}]},{"@type":"ImageObject","inLanguage":"fr-FR","@id":"https:\/\/vosgesinfo.fr\/epinalinfo\/2025\/08\/a-bruyeres-operation-coup-de-poing-contre-les-incivilites\/#primaryimage","url":"https:\/\/vosgesinfo.fr\/app\/uploads\/sites\/3\/2025\/08\/532545411-1184785357012719-2508704739744149431-n.jpg","contentUrl":"https:\/\/vosgesinfo.fr\/app\/uploads\/sites\/3\/2025\/08\/532545411-1184785357012719-2508704739744149431-n.jpg","width":2048,"height":1536,"caption":"photo Ville de Bruy\u00e8res"},{"@type":"BreadcrumbList","@id":"https:\/\/vosgesinfo.fr\/epinalinfo\/2025\/08\/a-bruyeres-operation-coup-de-poing-contre-les-incivilites\/#breadcrumb","itemListElement":[{"@type":"ListItem","position":1,"name":"Home","item":"https:\/\/vosgesinfo.fr\/epinalinfo\/"},{"@type":"ListItem","position":2,"name":"\u00c0 Bruy\u00e8res, op\u00e9ration coup de poing contre les incivilit\u00e9s"}]},{"@type":"WebSite","@id":"https:\/\/vosgesinfo.fr\/epinalinfo\/#website","url":"https:\/\/vosgesinfo.fr\/epinalinfo\/","name":"Epinal Info","description":"Toute l&#039;actualit\u00e9 d&#039;\u00c9pinal","publisher":{"@id":"https:\/\/vosgesinfo.fr\/epinalinfo\/#organization"},"alternateName":"Toute l'actualit\u00e9 d'\u00c9pinal","potentialAction":[{"@type":"SearchAction","target":{"@type":"EntryPoint","urlTemplate":"https:\/\/vosgesinfo.fr\/epinalinfo\/?s={search_term_string}"},"query-input":"required name=search_term_string"}],"inLanguage":"fr-FR"},{"@type":"Organization","@id":"https:\/\/vosgesinfo.fr\/epinalinfo\/#organization","name":"Epinal Info","url":"https:\/\/vosgesinfo.fr\/epinalinfo\/","logo":{"@type":"ImageObject","inLanguage":"fr-FR","@id":"https:\/\/vosgesinfo.fr\/epinalinfo\/#\/schema\/logo\/image\/","url":"https:\/\/vosgesinfo.fr\/app\/uploads\/sites\/3\/2023\/08\/logo-epinalinfos.svg","contentUrl":"https:\/\/vosgesinfo.fr\/app\/uploads\/sites\/3\/2023\/08\/logo-epinalinfos.svg","width":1,"height":1,"caption":"Epinal Info"},"image":{"@id":"https:\/\/vosgesinfo.fr\/epinalinfo\/#\/schema\/logo\/image\/"},"sameAs":["https:\/\/www.facebook.com\/Epinalinfos","https:\/\/x.com\/VosgesInfo88","https:\/\/www.youtube.com\/@vosgesinfo"]},{"@type":"Person","@id":"https:\/\/vosgesinfo.fr\/epinalinfo\/#\/schema\/person\/6f9a650eeea99d969b6c4ab78fccbe81","name":"C.K.","image":{"@type":"ImageObject","inLanguage":"fr-FR","@id":"https:\/\/vosgesinfo.fr\/epinalinfo\/#\/schema\/person\/image\/","url":"https:\/\/secure.gravatar.com\/avatar\/48e3fc7f8421ba8942be6b74a2b7f014ca39bc00dece156b7a8e098ae7dc87bf?s=96&d=mm&r=g","contentUrl":"https:\/\/secure.gravatar.com\/avatar\/48e3fc7f8421ba8942be6b74a2b7f014ca39bc00dece156b7a8e098ae7dc87bf?s=96&d=mm&r=g","caption":"C.K."},"url":"https:\/\/vosgesinfo.fr\/epinalinfo\/author\/celia-k-n\/"}]}},"_links":{"self":[{"href":"https:\/\/vosgesinfo.fr\/epinalinfo\/wp-json\/wp\/v2\/posts\/134302","targetHints":{"allow":["GET"]}}],"collection":[{"href":"https:\/\/vosgesinfo.fr\/epinalinfo\/wp-json\/wp\/v2\/posts"}],"about":[{"href":"https:\/\/vosgesinfo.fr\/epinalinfo\/wp-json\/wp\/v2\/types\/post"}],"author":[{"embeddable":true,"href":"https:\/\/vosgesinfo.fr\/epinalinfo\/wp-json\/wp\/v2\/users\/52"}],"replies":[{"embeddable":true,"href":"https:\/\/vosgesinfo.fr\/epinalinfo\/wp-json\/wp\/v2\/comments?post=134302"}],"version-history":[{"count":1,"href":"https:\/\/vosgesinfo.fr\/epinalinfo\/wp-json\/wp\/v2\/posts\/134302\/revisions"}],"predecessor-version":[{"id":134308,"href":"https:\/\/vosgesinfo.fr\/epinalinfo\/wp-json\/wp\/v2\/posts\/134302\/revisions\/134308"}],"wp:featuredmedia":[{"embeddable":true,"href":"https:\/\/vosgesinfo.fr\/epinalinfo\/wp-json\/wp\/v2\/media\/134303"}],"wp:attachment":[{"href":"https:\/\/vosgesinfo.fr\/epinalinfo\/wp-json\/wp\/v2\/media?parent=134302"}],"wp:term":[{"taxonomy":"category","embeddable":true,"href":"https:\/\/vosgesinfo.fr\/epinalinfo\/wp-json\/wp\/v2\/categories?post=134302"},{"taxonomy":"post_tag","embeddable":true,"href":"https:\/\/vosgesinfo.fr\/epinalinfo\/wp-json\/wp\/v2\/tags?post=134302"}],"curies":[{"name":"wp","href":"https:\/\/api.w.org\/{rel}","templated":true}]}}