{"id":134309,"date":"2025-08-14T09:30:03","date_gmt":"2025-08-14T07:30:03","guid":{"rendered":"https:\/\/vosgesinfo.fr\/epinalinfo\/?p=134309"},"modified":"2025-08-14T09:17:07","modified_gmt":"2025-08-14T07:17:07","slug":"epinal-rendez-vous-au-port-pour-un-rassemblement-auto-haut-en-couleurs","status":"publish","type":"post","link":"https:\/\/vosgesinfo.fr\/epinalinfo\/2025\/08\/epinal-rendez-vous-au-port-pour-un-rassemblement-auto-haut-en-couleurs\/","title":{"rendered":"\u00c9pinal : rendez-vous au port pour un rassemblement auto haut en couleurs"},"content":{"rendered":"<h2 data-start=\"224\" data-end=\"417\"><strong><a href=\"https:\/\/vosgesinfo.fr\/app\/uploads\/sites\/3\/2025\/08\/531829149-2710372802627156-5698713992458037459-n.jpg\"><img decoding=\"async\" class=\"aligncenter size-full wp-image-134310\" src=\"https:\/\/vosgesinfo.fr\/app\/uploads\/sites\/3\/2025\/08\/531829149-2710372802627156-5698713992458037459-n.jpg\" alt=\"\" width=\"1024\" height=\"1536\" srcset=\"https:\/\/vosgesinfo.fr\/app\/uploads\/sites\/3\/2025\/08\/531829149-2710372802627156-5698713992458037459-n.jpg 1024w, https:\/\/vosgesinfo.fr\/app\/uploads\/sites\/3\/2025\/08\/531829149-2710372802627156-5698713992458037459-n-200x300.jpg 200w, https:\/\/vosgesinfo.fr\/app\/uploads\/sites\/3\/2025\/08\/531829149-2710372802627156-5698713992458037459-n-683x1024.jpg 683w, https:\/\/vosgesinfo.fr\/app\/uploads\/sites\/3\/2025\/08\/531829149-2710372802627156-5698713992458037459-n-768x1152.jpg 768w\" sizes=\"(max-width: 1024px) 100vw, 1024px\" \/><\/a>Les amateurs de belles carrosseries ont d\u00e9j\u00e0 coch\u00e9 la date : dimanche 17 ao\u00fbt 2025, le port d\u2019\u00c9pinal vibrera au son des moteurs lors d\u2019un grand rassemblement automobile ouvert \u00e0 tous.<\/strong><\/h2>\n<p data-start=\"419\" data-end=\"858\">De <strong data-start=\"422\" data-end=\"437\">10h \u00e0 12h30<\/strong>, le <strong data-start=\"442\" data-end=\"464\">Quai de Dogneville<\/strong> se transformera en v\u00e9ritable exposition \u00e0 ciel ouvert. Au programme : des mod\u00e8les mythiques comme la <strong data-start=\"566\" data-end=\"581\">Porsche 911<\/strong>, la <strong data-start=\"586\" data-end=\"600\">Citro\u00ebn DS<\/strong>, la <strong data-start=\"605\" data-end=\"612\">2CV<\/strong>, la <strong data-start=\"617\" data-end=\"630\">Renault 4<\/strong> ou encore la <strong data-start=\"644\" data-end=\"659\">Peugeot 205<\/strong>. Les nostalgiques retrouveront aussi des ic\u00f4nes sportives telles que la <strong data-start=\"732\" data-end=\"745\">R21 Turbo<\/strong>, la <strong data-start=\"750\" data-end=\"762\">405 Mi16<\/strong> ou la <strong data-start=\"769\" data-end=\"786\">Clio Williams<\/strong>, sans oublier quelques deux-roues d\u2019\u00e9poque et des sportives modernes.<\/p>\n<p data-start=\"860\" data-end=\"1143\">\ud83d\udcf8 <strong data-start=\"863\" data-end=\"903\">Une vitrine pour toutes les passions<\/strong><br data-start=\"903\" data-end=\"906\" \/>Les visiteurs pourront admirer, photographier et \u00e9changer avec les propri\u00e9taires autour de leurs v\u00e9hicules. L\u2019\u00e9v\u00e9nement promet une <strong data-start=\"1037\" data-end=\"1060\">ambiance conviviale<\/strong>, sous le soleil (esp\u00e9r\u00e9) d\u2019ao\u00fbt, avec pour d\u00e9cor le canal et ses berges anim\u00e9es.<\/p>\n<p data-start=\"1145\" data-end=\"1286\"><strong data-start=\"1145\" data-end=\"1173\">Entr\u00e9e libre et gratuite<\/strong>, ce rendez-vous s\u2019adresse aussi bien aux passionn\u00e9s d\u2019automobile qu\u2019aux curieux venus fl\u00e2ner au bord de l\u2019eau.<\/p>\n<p data-start=\"1288\" data-end=\"1312\">\ud83d\udccd <strong data-start=\"1291\" data-end=\"1310\">Infos pratiques<\/strong><\/p>\n<ul data-start=\"1313\" data-end=\"1470\">\n<li data-start=\"1313\" data-end=\"1362\">\n<p data-start=\"1315\" data-end=\"1362\"><strong data-start=\"1315\" data-end=\"1323\">Lieu<\/strong> : Port d\u2019\u00c9pinal \u2013 Quai de Dogneville<\/p>\n<\/li>\n<li data-start=\"1363\" data-end=\"1399\">\n<p data-start=\"1365\" data-end=\"1399\"><strong data-start=\"1365\" data-end=\"1373\">Date<\/strong> : Dimanche 17 ao\u00fbt 2025<\/p>\n<\/li>\n<li data-start=\"1400\" data-end=\"1430\">\n<p data-start=\"1402\" data-end=\"1430\"><strong data-start=\"1402\" data-end=\"1414\">Horaires<\/strong> : 10h \u2013 12h30<\/p>\n<\/li>\n<li data-start=\"1431\" data-end=\"1470\">\n<p data-start=\"1433\" data-end=\"1470\"><strong data-start=\"1433\" data-end=\"1442\">Acc\u00e8s<\/strong> : Ouvert \u00e0 tous \u2013 Gratuit<\/p>\n<\/li>\n<\/ul>\n","protected":false},"excerpt":{"rendered":"<p>Les amateurs de belles carrosseries ont d\u00e9j\u00e0 coch\u00e9 la date : dimanche 17 ao\u00fbt 2025, le port d\u2019\u00c9pinal vibrera au [&hellip;]<\/p>\n","protected":false},"author":52,"featured_media":134310,"comment_status":"open","ping_status":"open","sticky":false,"template":"","format":"standard","meta":{"footnotes":""},"categories":[22,24],"tags":[],"class_list":["post-134309","post","type-post","status-publish","format-standard","has-post-thumbnail","hentry","category-a-la-une","category-epinal"],"acf":[],"yoast_head":"<!-- This site is optimized with the Yoast SEO plugin v22.5 - https:\/\/yoast.com\/wordpress\/plugins\/seo\/ -->\n<title>\u00c9pinal : rendez-vous au port pour un rassemblement auto haut en couleurs - Epinal Info<\/title>\n<meta name=\"robots\" content=\"index, follow, max-snippet:-1, max-image-preview:large, max-video-preview:-1\" \/>\n<link rel=\"canonical\" href=\"https:\/\/vosgesinfo.fr\/epinalinfo\/2025\/08\/epinal-rendez-vous-au-port-pour-un-rassemblement-auto-haut-en-couleurs\/\" \/>\n<meta name=\"twitter:card\" content=\"summary_large_image\" \/>\n<meta name=\"twitter:title\" content=\"\u00c9pinal : rendez-vous au port pour un rassemblement auto haut en couleurs - Epinal Info\" \/>\n<meta name=\"twitter:description\" content=\"Les amateurs de belles carrosseries ont d\u00e9j\u00e0 coch\u00e9 la date : dimanche 17 ao\u00fbt 2025, le port d\u2019\u00c9pinal vibrera au [&hellip;]\" \/>\n<meta name=\"twitter:image\" content=\"https:\/\/vosgesinfo.fr\/app\/uploads\/sites\/3\/2025\/08\/531829149-2710372802627156-5698713992458037459-n.jpg\" \/>\n<meta name=\"twitter:creator\" content=\"@VosgesInfo88\" \/>\n<meta name=\"twitter:site\" content=\"@VosgesInfo88\" \/>\n<meta name=\"twitter:label1\" content=\"\u00c9crit par\" \/>\n\t<meta name=\"twitter:data1\" content=\"C.K.\" \/>\n\t<meta name=\"twitter:label2\" content=\"Dur\u00e9e de lecture estim\u00e9e\" \/>\n\t<meta name=\"twitter:data2\" content=\"1 minute\" \/>\n<script type=\"application\/ld+json\" class=\"yoast-schema-graph\">{\"@context\":\"https:\/\/schema.org\",\"@graph\":[{\"@type\":\"Article\",\"@id\":\"https:\/\/vosgesinfo.fr\/epinalinfo\/2025\/08\/epinal-rendez-vous-au-port-pour-un-rassemblement-auto-haut-en-couleurs\/#article\",\"isPartOf\":{\"@id\":\"https:\/\/vosgesinfo.fr\/epinalinfo\/2025\/08\/epinal-rendez-vous-au-port-pour-un-rassemblement-auto-haut-en-couleurs\/\"},\"author\":{\"name\":\"C.K.\",\"@id\":\"https:\/\/vosgesinfo.fr\/epinalinfo\/#\/schema\/person\/6f9a650eeea99d969b6c4ab78fccbe81\"},\"headline\":\"\u00c9pinal : rendez-vous au port pour un rassemblement auto haut en couleurs\",\"datePublished\":\"2025-08-14T07:30:03+00:00\",\"dateModified\":\"2025-08-14T07:17:07+00:00\",\"mainEntityOfPage\":{\"@id\":\"https:\/\/vosgesinfo.fr\/epinalinfo\/2025\/08\/epinal-rendez-vous-au-port-pour-un-rassemblement-auto-haut-en-couleurs\/\"},\"wordCount\":203,\"commentCount\":0,\"publisher\":{\"@id\":\"https:\/\/vosgesinfo.fr\/epinalinfo\/#organization\"},\"image\":{\"@id\":\"https:\/\/vosgesinfo.fr\/epinalinfo\/2025\/08\/epinal-rendez-vous-au-port-pour-un-rassemblement-auto-haut-en-couleurs\/#primaryimage\"},\"thumbnailUrl\":\"https:\/\/vosgesinfo.fr\/app\/uploads\/sites\/3\/2025\/08\/531829149-2710372802627156-5698713992458037459-n.jpg\",\"articleSection\":[\"A la Une\",\"Epinal\"],\"inLanguage\":\"fr-FR\",\"potentialAction\":[{\"@type\":\"CommentAction\",\"name\":\"Comment\",\"target\":[\"https:\/\/vosgesinfo.fr\/epinalinfo\/2025\/08\/epinal-rendez-vous-au-port-pour-un-rassemblement-auto-haut-en-couleurs\/#respond\"]}]},{\"@type\":\"WebPage\",\"@id\":\"https:\/\/vosgesinfo.fr\/epinalinfo\/2025\/08\/epinal-rendez-vous-au-port-pour-un-rassemblement-auto-haut-en-couleurs\/\",\"url\":\"https:\/\/vosgesinfo.fr\/epinalinfo\/2025\/08\/epinal-rendez-vous-au-port-pour-un-rassemblement-auto-haut-en-couleurs\/\",\"name\":\"\u00c9pinal : rendez-vous au port pour un rassemblement auto haut en couleurs - Epinal Info\",\"isPartOf\":{\"@id\":\"https:\/\/vosgesinfo.fr\/epinalinfo\/#website\"},\"primaryImageOfPage\":{\"@id\":\"https:\/\/vosgesinfo.fr\/epinalinfo\/2025\/08\/epinal-rendez-vous-au-port-pour-un-rassemblement-auto-haut-en-couleurs\/#primaryimage\"},\"image\":{\"@id\":\"https:\/\/vosgesinfo.fr\/epinalinfo\/2025\/08\/epinal-rendez-vous-au-port-pour-un-rassemblement-auto-haut-en-couleurs\/#primaryimage\"},\"thumbnailUrl\":\"https:\/\/vosgesinfo.fr\/app\/uploads\/sites\/3\/2025\/08\/531829149-2710372802627156-5698713992458037459-n.jpg\",\"datePublished\":\"2025-08-14T07:30:03+00:00\",\"dateModified\":\"2025-08-14T07:17:07+00:00\",\"breadcrumb\":{\"@id\":\"https:\/\/vosgesinfo.fr\/epinalinfo\/2025\/08\/epinal-rendez-vous-au-port-pour-un-rassemblement-auto-haut-en-couleurs\/#breadcrumb\"},\"inLanguage\":\"fr-FR\",\"potentialAction\":[{\"@type\":\"ReadAction\",\"target\":[\"https:\/\/vosgesinfo.fr\/epinalinfo\/2025\/08\/epinal-rendez-vous-au-port-pour-un-rassemblement-auto-haut-en-couleurs\/\"]}]},{\"@type\":\"ImageObject\",\"inLanguage\":\"fr-FR\",\"@id\":\"https:\/\/vosgesinfo.fr\/epinalinfo\/2025\/08\/epinal-rendez-vous-au-port-pour-un-rassemblement-auto-haut-en-couleurs\/#primaryimage\",\"url\":\"https:\/\/vosgesinfo.fr\/app\/uploads\/sites\/3\/2025\/08\/531829149-2710372802627156-5698713992458037459-n.jpg\",\"contentUrl\":\"https:\/\/vosgesinfo.fr\/app\/uploads\/sites\/3\/2025\/08\/531829149-2710372802627156-5698713992458037459-n.jpg\",\"width\":1024,\"height\":1536},{\"@type\":\"BreadcrumbList\",\"@id\":\"https:\/\/vosgesinfo.fr\/epinalinfo\/2025\/08\/epinal-rendez-vous-au-port-pour-un-rassemblement-auto-haut-en-couleurs\/#breadcrumb\",\"itemListElement\":[{\"@type\":\"ListItem\",\"position\":1,\"name\":\"Home\",\"item\":\"https:\/\/vosgesinfo.fr\/epinalinfo\/\"},{\"@type\":\"ListItem\",\"position\":2,\"name\":\"\u00c9pinal : rendez-vous au port pour un rassemblement auto haut en couleurs\"}]},{\"@type\":\"WebSite\",\"@id\":\"https:\/\/vosgesinfo.fr\/epinalinfo\/#website\",\"url\":\"https:\/\/vosgesinfo.fr\/epinalinfo\/\",\"name\":\"Epinal Info\",\"description\":\"Toute l&#039;actualit\u00e9 d&#039;\u00c9pinal\",\"publisher\":{\"@id\":\"https:\/\/vosgesinfo.fr\/epinalinfo\/#organization\"},\"alternateName\":\"Toute l'actualit\u00e9 d'\u00c9pinal\",\"potentialAction\":[{\"@type\":\"SearchAction\",\"target\":{\"@type\":\"EntryPoint\",\"urlTemplate\":\"https:\/\/vosgesinfo.fr\/epinalinfo\/?s={search_term_string}\"},\"query-input\":\"required name=search_term_string\"}],\"inLanguage\":\"fr-FR\"},{\"@type\":\"Organization\",\"@id\":\"https:\/\/vosgesinfo.fr\/epinalinfo\/#organization\",\"name\":\"Epinal Info\",\"url\":\"https:\/\/vosgesinfo.fr\/epinalinfo\/\",\"logo\":{\"@type\":\"ImageObject\",\"inLanguage\":\"fr-FR\",\"@id\":\"https:\/\/vosgesinfo.fr\/epinalinfo\/#\/schema\/logo\/image\/\",\"url\":\"https:\/\/vosgesinfo.fr\/app\/uploads\/sites\/3\/2023\/08\/logo-epinalinfos.svg\",\"contentUrl\":\"https:\/\/vosgesinfo.fr\/app\/uploads\/sites\/3\/2023\/08\/logo-epinalinfos.svg\",\"width\":1,\"height\":1,\"caption\":\"Epinal Info\"},\"image\":{\"@id\":\"https:\/\/vosgesinfo.fr\/epinalinfo\/#\/schema\/logo\/image\/\"},\"sameAs\":[\"https:\/\/www.facebook.com\/Epinalinfos\",\"https:\/\/x.com\/VosgesInfo88\",\"https:\/\/www.youtube.com\/@vosgesinfo\"]},{\"@type\":\"Person\",\"@id\":\"https:\/\/vosgesinfo.fr\/epinalinfo\/#\/schema\/person\/6f9a650eeea99d969b6c4ab78fccbe81\",\"name\":\"C.K.\",\"image\":{\"@type\":\"ImageObject\",\"inLanguage\":\"fr-FR\",\"@id\":\"https:\/\/vosgesinfo.fr\/epinalinfo\/#\/schema\/person\/image\/\",\"url\":\"https:\/\/secure.gravatar.com\/avatar\/48e3fc7f8421ba8942be6b74a2b7f014ca39bc00dece156b7a8e098ae7dc87bf?s=96&d=mm&r=g\",\"contentUrl\":\"https:\/\/secure.gravatar.com\/avatar\/48e3fc7f8421ba8942be6b74a2b7f014ca39bc00dece156b7a8e098ae7dc87bf?s=96&d=mm&r=g\",\"caption\":\"C.K.\"},\"url\":\"https:\/\/vosgesinfo.fr\/epinalinfo\/author\/celia-k-n\/\"}]}<\/script>\n<!-- \/ Yoast SEO plugin. -->","yoast_head_json":{"title":"\u00c9pinal : rendez-vous au port pour un rassemblement auto haut en couleurs - Epinal Info","robots":{"index":"index","follow":"follow","max-snippet":"max-snippet:-1","max-image-preview":"max-image-preview:large","max-video-preview":"max-video-preview:-1"},"canonical":"https:\/\/vosgesinfo.fr\/epinalinfo\/2025\/08\/epinal-rendez-vous-au-port-pour-un-rassemblement-auto-haut-en-couleurs\/","twitter_card":"summary_large_image","twitter_title":"\u00c9pinal : rendez-vous au port pour un rassemblement auto haut en couleurs - Epinal Info","twitter_description":"Les amateurs de belles carrosseries ont d\u00e9j\u00e0 coch\u00e9 la date : dimanche 17 ao\u00fbt 2025, le port d\u2019\u00c9pinal vibrera au [&hellip;]","twitter_image":"https:\/\/vosgesinfo.fr\/app\/uploads\/sites\/3\/2025\/08\/531829149-2710372802627156-5698713992458037459-n.jpg","twitter_creator":"@VosgesInfo88","twitter_site":"@VosgesInfo88","twitter_misc":{"\u00c9crit par":"C.K.","Dur\u00e9e de lecture estim\u00e9e":"1 minute"},"schema":{"@context":"https:\/\/schema.org","@graph":[{"@type":"Article","@id":"https:\/\/vosgesinfo.fr\/epinalinfo\/2025\/08\/epinal-rendez-vous-au-port-pour-un-rassemblement-auto-haut-en-couleurs\/#article","isPartOf":{"@id":"https:\/\/vosgesinfo.fr\/epinalinfo\/2025\/08\/epinal-rendez-vous-au-port-pour-un-rassemblement-auto-haut-en-couleurs\/"},"author":{"name":"C.K.","@id":"https:\/\/vosgesinfo.fr\/epinalinfo\/#\/schema\/person\/6f9a650eeea99d969b6c4ab78fccbe81"},"headline":"\u00c9pinal : rendez-vous au port pour un rassemblement auto haut en couleurs","datePublished":"2025-08-14T07:30:03+00:00","dateModified":"2025-08-14T07:17:07+00:00","mainEntityOfPage":{"@id":"https:\/\/vosgesinfo.fr\/epinalinfo\/2025\/08\/epinal-rendez-vous-au-port-pour-un-rassemblement-auto-haut-en-couleurs\/"},"wordCount":203,"commentCount":0,"publisher":{"@id":"https:\/\/vosgesinfo.fr\/epinalinfo\/#organization"},"image":{"@id":"https:\/\/vosgesinfo.fr\/epinalinfo\/2025\/08\/epinal-rendez-vous-au-port-pour-un-rassemblement-auto-haut-en-couleurs\/#primaryimage"},"thumbnailUrl":"https:\/\/vosgesinfo.fr\/app\/uploads\/sites\/3\/2025\/08\/531829149-2710372802627156-5698713992458037459-n.jpg","articleSection":["A la Une","Epinal"],"inLanguage":"fr-FR","potentialAction":[{"@type":"CommentAction","name":"Comment","target":["https:\/\/vosgesinfo.fr\/epinalinfo\/2025\/08\/epinal-rendez-vous-au-port-pour-un-rassemblement-auto-haut-en-couleurs\/#respond"]}]},{"@type":"WebPage","@id":"https:\/\/vosgesinfo.fr\/epinalinfo\/2025\/08\/epinal-rendez-vous-au-port-pour-un-rassemblement-auto-haut-en-couleurs\/","url":"https:\/\/vosgesinfo.fr\/epinalinfo\/2025\/08\/epinal-rendez-vous-au-port-pour-un-rassemblement-auto-haut-en-couleurs\/","name":"\u00c9pinal : rendez-vous au port pour un rassemblement auto haut en couleurs - Epinal Info","isPartOf":{"@id":"https:\/\/vosgesinfo.fr\/epinalinfo\/#website"},"primaryImageOfPage":{"@id":"https:\/\/vosgesinfo.fr\/epinalinfo\/2025\/08\/epinal-rendez-vous-au-port-pour-un-rassemblement-auto-haut-en-couleurs\/#primaryimage"},"image":{"@id":"https:\/\/vosgesinfo.fr\/epinalinfo\/2025\/08\/epinal-rendez-vous-au-port-pour-un-rassemblement-auto-haut-en-couleurs\/#primaryimage"},"thumbnailUrl":"https:\/\/vosgesinfo.fr\/app\/uploads\/sites\/3\/2025\/08\/531829149-2710372802627156-5698713992458037459-n.jpg","datePublished":"2025-08-14T07:30:03+00:00","dateModified":"2025-08-14T07:17:07+00:00","breadcrumb":{"@id":"https:\/\/vosgesinfo.fr\/epinalinfo\/2025\/08\/epinal-rendez-vous-au-port-pour-un-rassemblement-auto-haut-en-couleurs\/#breadcrumb"},"inLanguage":"fr-FR","potentialAction":[{"@type":"ReadAction","target":["https:\/\/vosgesinfo.fr\/epinalinfo\/2025\/08\/epinal-rendez-vous-au-port-pour-un-rassemblement-auto-haut-en-couleurs\/"]}]},{"@type":"ImageObject","inLanguage":"fr-FR","@id":"https:\/\/vosgesinfo.fr\/epinalinfo\/2025\/08\/epinal-rendez-vous-au-port-pour-un-rassemblement-auto-haut-en-couleurs\/#primaryimage","url":"https:\/\/vosgesinfo.fr\/app\/uploads\/sites\/3\/2025\/08\/531829149-2710372802627156-5698713992458037459-n.jpg","contentUrl":"https:\/\/vosgesinfo.fr\/app\/uploads\/sites\/3\/2025\/08\/531829149-2710372802627156-5698713992458037459-n.jpg","width":1024,"height":1536},{"@type":"BreadcrumbList","@id":"https:\/\/vosgesinfo.fr\/epinalinfo\/2025\/08\/epinal-rendez-vous-au-port-pour-un-rassemblement-auto-haut-en-couleurs\/#breadcrumb","itemListElement":[{"@type":"ListItem","position":1,"name":"Home","item":"https:\/\/vosgesinfo.fr\/epinalinfo\/"},{"@type":"ListItem","position":2,"name":"\u00c9pinal : rendez-vous au port pour un rassemblement auto haut en couleurs"}]},{"@type":"WebSite","@id":"https:\/\/vosgesinfo.fr\/epinalinfo\/#website","url":"https:\/\/vosgesinfo.fr\/epinalinfo\/","name":"Epinal Info","description":"Toute l&#039;actualit\u00e9 d&#039;\u00c9pinal","publisher":{"@id":"https:\/\/vosgesinfo.fr\/epinalinfo\/#organization"},"alternateName":"Toute l'actualit\u00e9 d'\u00c9pinal","potentialAction":[{"@type":"SearchAction","target":{"@type":"EntryPoint","urlTemplate":"https:\/\/vosgesinfo.fr\/epinalinfo\/?s={search_term_string}"},"query-input":"required name=search_term_string"}],"inLanguage":"fr-FR"},{"@type":"Organization","@id":"https:\/\/vosgesinfo.fr\/epinalinfo\/#organization","name":"Epinal Info","url":"https:\/\/vosgesinfo.fr\/epinalinfo\/","logo":{"@type":"ImageObject","inLanguage":"fr-FR","@id":"https:\/\/vosgesinfo.fr\/epinalinfo\/#\/schema\/logo\/image\/","url":"https:\/\/vosgesinfo.fr\/app\/uploads\/sites\/3\/2023\/08\/logo-epinalinfos.svg","contentUrl":"https:\/\/vosgesinfo.fr\/app\/uploads\/sites\/3\/2023\/08\/logo-epinalinfos.svg","width":1,"height":1,"caption":"Epinal Info"},"image":{"@id":"https:\/\/vosgesinfo.fr\/epinalinfo\/#\/schema\/logo\/image\/"},"sameAs":["https:\/\/www.facebook.com\/Epinalinfos","https:\/\/x.com\/VosgesInfo88","https:\/\/www.youtube.com\/@vosgesinfo"]},{"@type":"Person","@id":"https:\/\/vosgesinfo.fr\/epinalinfo\/#\/schema\/person\/6f9a650eeea99d969b6c4ab78fccbe81","name":"C.K.","image":{"@type":"ImageObject","inLanguage":"fr-FR","@id":"https:\/\/vosgesinfo.fr\/epinalinfo\/#\/schema\/person\/image\/","url":"https:\/\/secure.gravatar.com\/avatar\/48e3fc7f8421ba8942be6b74a2b7f014ca39bc00dece156b7a8e098ae7dc87bf?s=96&d=mm&r=g","contentUrl":"https:\/\/secure.gravatar.com\/avatar\/48e3fc7f8421ba8942be6b74a2b7f014ca39bc00dece156b7a8e098ae7dc87bf?s=96&d=mm&r=g","caption":"C.K."},"url":"https:\/\/vosgesinfo.fr\/epinalinfo\/author\/celia-k-n\/"}]}},"_links":{"self":[{"href":"https:\/\/vosgesinfo.fr\/epinalinfo\/wp-json\/wp\/v2\/posts\/134309","targetHints":{"allow":["GET"]}}],"collection":[{"href":"https:\/\/vosgesinfo.fr\/epinalinfo\/wp-json\/wp\/v2\/posts"}],"about":[{"href":"https:\/\/vosgesinfo.fr\/epinalinfo\/wp-json\/wp\/v2\/types\/post"}],"author":[{"embeddable":true,"href":"https:\/\/vosgesinfo.fr\/epinalinfo\/wp-json\/wp\/v2\/users\/52"}],"replies":[{"embeddable":true,"href":"https:\/\/vosgesinfo.fr\/epinalinfo\/wp-json\/wp\/v2\/comments?post=134309"}],"version-history":[{"count":1,"href":"https:\/\/vosgesinfo.fr\/epinalinfo\/wp-json\/wp\/v2\/posts\/134309\/revisions"}],"predecessor-version":[{"id":134311,"href":"https:\/\/vosgesinfo.fr\/epinalinfo\/wp-json\/wp\/v2\/posts\/134309\/revisions\/134311"}],"wp:featuredmedia":[{"embeddable":true,"href":"https:\/\/vosgesinfo.fr\/epinalinfo\/wp-json\/wp\/v2\/media\/134310"}],"wp:attachment":[{"href":"https:\/\/vosgesinfo.fr\/epinalinfo\/wp-json\/wp\/v2\/media?parent=134309"}],"wp:term":[{"taxonomy":"category","embeddable":true,"href":"https:\/\/vosgesinfo.fr\/epinalinfo\/wp-json\/wp\/v2\/categories?post=134309"},{"taxonomy":"post_tag","embeddable":true,"href":"https:\/\/vosgesinfo.fr\/epinalinfo\/wp-json\/wp\/v2\/tags?post=134309"}],"curies":[{"name":"wp","href":"https:\/\/api.w.org\/{rel}","templated":true}]}}