{"id":134312,"date":"2025-08-15T07:21:53","date_gmt":"2025-08-15T05:21:53","guid":{"rendered":"https:\/\/vosgesinfo.fr\/epinalinfo\/?p=134312"},"modified":"2025-08-14T09:23:49","modified_gmt":"2025-08-14T07:23:49","slug":"dimanche-14-septembre-marches-solidaires-contre-le-cancer-pediatrique-et-adolescent","status":"publish","type":"post","link":"https:\/\/vosgesinfo.fr\/epinalinfo\/2025\/08\/dimanche-14-septembre-marches-solidaires-contre-le-cancer-pediatrique-et-adolescent\/","title":{"rendered":"Dimanche 14 septembre : marches solidaires contre le cancer p\u00e9diatrique et adolescent"},"content":{"rendered":"<h2 data-start=\"186\" data-end=\"423\"><strong><a href=\"https:\/\/vosgesinfo.fr\/app\/uploads\/sites\/3\/2025\/08\/531005676-1192088372959983-2968393938125927658-n.jpg\"><img decoding=\"async\" class=\"aligncenter size-full wp-image-134313\" src=\"https:\/\/vosgesinfo.fr\/app\/uploads\/sites\/3\/2025\/08\/531005676-1192088372959983-2968393938125927658-n.jpg\" alt=\"\" width=\"1131\" height=\"1600\" srcset=\"https:\/\/vosgesinfo.fr\/app\/uploads\/sites\/3\/2025\/08\/531005676-1192088372959983-2968393938125927658-n.jpg 1131w, https:\/\/vosgesinfo.fr\/app\/uploads\/sites\/3\/2025\/08\/531005676-1192088372959983-2968393938125927658-n-212x300.jpg 212w, https:\/\/vosgesinfo.fr\/app\/uploads\/sites\/3\/2025\/08\/531005676-1192088372959983-2968393938125927658-n-724x1024.jpg 724w, https:\/\/vosgesinfo.fr\/app\/uploads\/sites\/3\/2025\/08\/531005676-1192088372959983-2968393938125927658-n-768x1086.jpg 768w, https:\/\/vosgesinfo.fr\/app\/uploads\/sites\/3\/2025\/08\/531005676-1192088372959983-2968393938125927658-n-1086x1536.jpg 1086w\" sizes=\"(max-width: 1131px) 100vw, 1131px\" \/><\/a>La rentr\u00e9e marque aussi le retour des initiatives solidaires. Dimanche 14 septembre au matin, la commune accueillera une journ\u00e9e de marches solidaires destin\u00e9e \u00e0 soutenir la lutte contre le cancer chez l\u2019enfant et l\u2019adolescent.<\/strong><\/h2>\n<p data-start=\"425\" data-end=\"672\">Organis\u00e9e en partenariat avec <strong data-start=\"455\" data-end=\"491\">l\u2019association Solidarit\u00e9 \u00e0 Lilou<\/strong>, cette mobilisation est l\u2019occasion de se rassembler autour d\u2019une cause essentielle : apporter espoir, soutien et visibilit\u00e9 aux jeunes touch\u00e9s par la maladie et \u00e0 leurs familles.<\/p>\n<p data-start=\"674\" data-end=\"950\"><strong data-start=\"674\" data-end=\"714\">Des d\u00e9parts libres entre 8h30 et 11h<\/strong> seront propos\u00e9s depuis <strong data-start=\"738\" data-end=\"763\">l\u2019Usine Victor Perrin<\/strong>, permettant \u00e0 chacun de participer \u00e0 son rythme. Les participants, qu\u2019ils viennent seuls, en famille ou entre amis, pourront ainsi allier activit\u00e9 physique, convivialit\u00e9 et engagement.<\/p>\n<p data-start=\"952\" data-end=\"1094\">L\u2019\u00e9v\u00e9nement accueillera \u00e9galement <strong data-start=\"986\" data-end=\"1024\">Manon, de Les Fondants de Coraline<\/strong>, qui sera pr\u00e9sente pour r\u00e9galer petits et grands avec ses douceurs.<\/p>\n<p data-start=\"1096\" data-end=\"1371\">\ud83d\udc9b <strong data-start=\"1099\" data-end=\"1134\">Un geste simple, un impact fort<\/strong><br data-start=\"1134\" data-end=\"1137\" \/>Chaque pas comptera pour rappeler que la lutte contre le cancer p\u00e9diatrique et adolescent doit rester une priorit\u00e9. En venant marcher, vous contribuerez \u00e0 faire vivre la solidarit\u00e9 et \u00e0 soutenir les actions men\u00e9es par l\u2019association.<\/p>\n<p data-start=\"1373\" data-end=\"1397\">\ud83d\udccd <strong data-start=\"1376\" data-end=\"1395\">Infos pratiques<\/strong><\/p>\n<ul data-start=\"1398\" data-end=\"1638\">\n<li data-start=\"1398\" data-end=\"1439\">\n<p data-start=\"1400\" data-end=\"1439\"><strong data-start=\"1400\" data-end=\"1408\">Date<\/strong> : Dimanche 14 septembre 2025<\/p>\n<\/li>\n<li data-start=\"1440\" data-end=\"1487\">\n<p data-start=\"1442\" data-end=\"1487\"><strong data-start=\"1442\" data-end=\"1454\">Horaires<\/strong> : D\u00e9parts libres de 8h30 \u00e0 11h<\/p>\n<\/li>\n<li data-start=\"1488\" data-end=\"1522\">\n<p data-start=\"1490\" data-end=\"1522\"><strong data-start=\"1490\" data-end=\"1498\">Lieu<\/strong> : Usine Victor Perrin<\/p>\n<\/li>\n<li data-start=\"1523\" data-end=\"1576\">\n<p data-start=\"1525\" data-end=\"1576\"><strong data-start=\"1525\" data-end=\"1541\">Organisateur<\/strong> : Solidarit\u00e9 \u00e0 Lilou Association<\/p>\n<\/li>\n<\/ul>\n","protected":false},"excerpt":{"rendered":"<p>La rentr\u00e9e marque aussi le retour des initiatives solidaires. Dimanche 14 septembre au matin, la commune accueillera une journ\u00e9e de [&hellip;]<\/p>\n","protected":false},"author":52,"featured_media":134313,"comment_status":"open","ping_status":"open","sticky":false,"template":"","format":"standard","meta":{"footnotes":""},"categories":[22,24,10,192],"tags":[],"class_list":["post-134312","post","type-post","status-publish","format-standard","has-post-thumbnail","hentry","category-a-la-une","category-epinal","category-societe","category-solidarite"],"acf":[],"yoast_head":"<!-- This site is optimized with the Yoast SEO plugin v22.5 - https:\/\/yoast.com\/wordpress\/plugins\/seo\/ -->\n<title>Dimanche 14 septembre : marches solidaires contre le cancer p\u00e9diatrique et adolescent - Epinal Info<\/title>\n<meta name=\"robots\" content=\"index, follow, max-snippet:-1, max-image-preview:large, max-video-preview:-1\" \/>\n<link rel=\"canonical\" href=\"https:\/\/vosgesinfo.fr\/epinalinfo\/2025\/08\/dimanche-14-septembre-marches-solidaires-contre-le-cancer-pediatrique-et-adolescent\/\" \/>\n<meta name=\"twitter:card\" content=\"summary_large_image\" \/>\n<meta name=\"twitter:title\" content=\"Dimanche 14 septembre : marches solidaires contre le cancer p\u00e9diatrique et adolescent - Epinal Info\" \/>\n<meta name=\"twitter:description\" content=\"La rentr\u00e9e marque aussi le retour des initiatives solidaires. Dimanche 14 septembre au matin, la commune accueillera une journ\u00e9e de [&hellip;]\" \/>\n<meta name=\"twitter:image\" content=\"https:\/\/vosgesinfo.fr\/app\/uploads\/sites\/3\/2025\/08\/531005676-1192088372959983-2968393938125927658-n.jpg\" \/>\n<meta name=\"twitter:creator\" content=\"@VosgesInfo88\" \/>\n<meta name=\"twitter:site\" content=\"@VosgesInfo88\" \/>\n<meta name=\"twitter:label1\" content=\"\u00c9crit par\" \/>\n\t<meta name=\"twitter:data1\" content=\"C.K.\" \/>\n\t<meta name=\"twitter:label2\" content=\"Dur\u00e9e de lecture estim\u00e9e\" \/>\n\t<meta name=\"twitter:data2\" content=\"1 minute\" \/>\n<script type=\"application\/ld+json\" class=\"yoast-schema-graph\">{\"@context\":\"https:\/\/schema.org\",\"@graph\":[{\"@type\":\"Article\",\"@id\":\"https:\/\/vosgesinfo.fr\/epinalinfo\/2025\/08\/dimanche-14-septembre-marches-solidaires-contre-le-cancer-pediatrique-et-adolescent\/#article\",\"isPartOf\":{\"@id\":\"https:\/\/vosgesinfo.fr\/epinalinfo\/2025\/08\/dimanche-14-septembre-marches-solidaires-contre-le-cancer-pediatrique-et-adolescent\/\"},\"author\":{\"name\":\"C.K.\",\"@id\":\"https:\/\/vosgesinfo.fr\/epinalinfo\/#\/schema\/person\/6f9a650eeea99d969b6c4ab78fccbe81\"},\"headline\":\"Dimanche 14 septembre : marches solidaires contre le cancer p\u00e9diatrique et adolescent\",\"datePublished\":\"2025-08-15T05:21:53+00:00\",\"dateModified\":\"2025-08-14T07:23:49+00:00\",\"mainEntityOfPage\":{\"@id\":\"https:\/\/vosgesinfo.fr\/epinalinfo\/2025\/08\/dimanche-14-septembre-marches-solidaires-contre-le-cancer-pediatrique-et-adolescent\/\"},\"wordCount\":213,\"commentCount\":0,\"publisher\":{\"@id\":\"https:\/\/vosgesinfo.fr\/epinalinfo\/#organization\"},\"image\":{\"@id\":\"https:\/\/vosgesinfo.fr\/epinalinfo\/2025\/08\/dimanche-14-septembre-marches-solidaires-contre-le-cancer-pediatrique-et-adolescent\/#primaryimage\"},\"thumbnailUrl\":\"https:\/\/vosgesinfo.fr\/app\/uploads\/sites\/3\/2025\/08\/531005676-1192088372959983-2968393938125927658-n.jpg\",\"articleSection\":[\"A la Une\",\"Epinal\",\"Soci\u00e9t\u00e9\",\"Solidarit\u00e9\"],\"inLanguage\":\"fr-FR\",\"potentialAction\":[{\"@type\":\"CommentAction\",\"name\":\"Comment\",\"target\":[\"https:\/\/vosgesinfo.fr\/epinalinfo\/2025\/08\/dimanche-14-septembre-marches-solidaires-contre-le-cancer-pediatrique-et-adolescent\/#respond\"]}]},{\"@type\":\"WebPage\",\"@id\":\"https:\/\/vosgesinfo.fr\/epinalinfo\/2025\/08\/dimanche-14-septembre-marches-solidaires-contre-le-cancer-pediatrique-et-adolescent\/\",\"url\":\"https:\/\/vosgesinfo.fr\/epinalinfo\/2025\/08\/dimanche-14-septembre-marches-solidaires-contre-le-cancer-pediatrique-et-adolescent\/\",\"name\":\"Dimanche 14 septembre : marches solidaires contre le cancer p\u00e9diatrique et adolescent - Epinal Info\",\"isPartOf\":{\"@id\":\"https:\/\/vosgesinfo.fr\/epinalinfo\/#website\"},\"primaryImageOfPage\":{\"@id\":\"https:\/\/vosgesinfo.fr\/epinalinfo\/2025\/08\/dimanche-14-septembre-marches-solidaires-contre-le-cancer-pediatrique-et-adolescent\/#primaryimage\"},\"image\":{\"@id\":\"https:\/\/vosgesinfo.fr\/epinalinfo\/2025\/08\/dimanche-14-septembre-marches-solidaires-contre-le-cancer-pediatrique-et-adolescent\/#primaryimage\"},\"thumbnailUrl\":\"https:\/\/vosgesinfo.fr\/app\/uploads\/sites\/3\/2025\/08\/531005676-1192088372959983-2968393938125927658-n.jpg\",\"datePublished\":\"2025-08-15T05:21:53+00:00\",\"dateModified\":\"2025-08-14T07:23:49+00:00\",\"breadcrumb\":{\"@id\":\"https:\/\/vosgesinfo.fr\/epinalinfo\/2025\/08\/dimanche-14-septembre-marches-solidaires-contre-le-cancer-pediatrique-et-adolescent\/#breadcrumb\"},\"inLanguage\":\"fr-FR\",\"potentialAction\":[{\"@type\":\"ReadAction\",\"target\":[\"https:\/\/vosgesinfo.fr\/epinalinfo\/2025\/08\/dimanche-14-septembre-marches-solidaires-contre-le-cancer-pediatrique-et-adolescent\/\"]}]},{\"@type\":\"ImageObject\",\"inLanguage\":\"fr-FR\",\"@id\":\"https:\/\/vosgesinfo.fr\/epinalinfo\/2025\/08\/dimanche-14-septembre-marches-solidaires-contre-le-cancer-pediatrique-et-adolescent\/#primaryimage\",\"url\":\"https:\/\/vosgesinfo.fr\/app\/uploads\/sites\/3\/2025\/08\/531005676-1192088372959983-2968393938125927658-n.jpg\",\"contentUrl\":\"https:\/\/vosgesinfo.fr\/app\/uploads\/sites\/3\/2025\/08\/531005676-1192088372959983-2968393938125927658-n.jpg\",\"width\":1131,\"height\":1600},{\"@type\":\"BreadcrumbList\",\"@id\":\"https:\/\/vosgesinfo.fr\/epinalinfo\/2025\/08\/dimanche-14-septembre-marches-solidaires-contre-le-cancer-pediatrique-et-adolescent\/#breadcrumb\",\"itemListElement\":[{\"@type\":\"ListItem\",\"position\":1,\"name\":\"Home\",\"item\":\"https:\/\/vosgesinfo.fr\/epinalinfo\/\"},{\"@type\":\"ListItem\",\"position\":2,\"name\":\"Dimanche 14 septembre : marches solidaires contre le cancer p\u00e9diatrique et adolescent\"}]},{\"@type\":\"WebSite\",\"@id\":\"https:\/\/vosgesinfo.fr\/epinalinfo\/#website\",\"url\":\"https:\/\/vosgesinfo.fr\/epinalinfo\/\",\"name\":\"Epinal Info\",\"description\":\"Toute l&#039;actualit\u00e9 d&#039;\u00c9pinal\",\"publisher\":{\"@id\":\"https:\/\/vosgesinfo.fr\/epinalinfo\/#organization\"},\"alternateName\":\"Toute l'actualit\u00e9 d'\u00c9pinal\",\"potentialAction\":[{\"@type\":\"SearchAction\",\"target\":{\"@type\":\"EntryPoint\",\"urlTemplate\":\"https:\/\/vosgesinfo.fr\/epinalinfo\/?s={search_term_string}\"},\"query-input\":\"required name=search_term_string\"}],\"inLanguage\":\"fr-FR\"},{\"@type\":\"Organization\",\"@id\":\"https:\/\/vosgesinfo.fr\/epinalinfo\/#organization\",\"name\":\"Epinal Info\",\"url\":\"https:\/\/vosgesinfo.fr\/epinalinfo\/\",\"logo\":{\"@type\":\"ImageObject\",\"inLanguage\":\"fr-FR\",\"@id\":\"https:\/\/vosgesinfo.fr\/epinalinfo\/#\/schema\/logo\/image\/\",\"url\":\"https:\/\/vosgesinfo.fr\/app\/uploads\/sites\/3\/2023\/08\/logo-epinalinfos.svg\",\"contentUrl\":\"https:\/\/vosgesinfo.fr\/app\/uploads\/sites\/3\/2023\/08\/logo-epinalinfos.svg\",\"width\":1,\"height\":1,\"caption\":\"Epinal Info\"},\"image\":{\"@id\":\"https:\/\/vosgesinfo.fr\/epinalinfo\/#\/schema\/logo\/image\/\"},\"sameAs\":[\"https:\/\/www.facebook.com\/Epinalinfos\",\"https:\/\/x.com\/VosgesInfo88\",\"https:\/\/www.youtube.com\/@vosgesinfo\"]},{\"@type\":\"Person\",\"@id\":\"https:\/\/vosgesinfo.fr\/epinalinfo\/#\/schema\/person\/6f9a650eeea99d969b6c4ab78fccbe81\",\"name\":\"C.K.\",\"image\":{\"@type\":\"ImageObject\",\"inLanguage\":\"fr-FR\",\"@id\":\"https:\/\/vosgesinfo.fr\/epinalinfo\/#\/schema\/person\/image\/\",\"url\":\"https:\/\/secure.gravatar.com\/avatar\/48e3fc7f8421ba8942be6b74a2b7f014ca39bc00dece156b7a8e098ae7dc87bf?s=96&d=mm&r=g\",\"contentUrl\":\"https:\/\/secure.gravatar.com\/avatar\/48e3fc7f8421ba8942be6b74a2b7f014ca39bc00dece156b7a8e098ae7dc87bf?s=96&d=mm&r=g\",\"caption\":\"C.K.\"},\"url\":\"https:\/\/vosgesinfo.fr\/epinalinfo\/author\/celia-k-n\/\"}]}<\/script>\n<!-- \/ Yoast SEO plugin. -->","yoast_head_json":{"title":"Dimanche 14 septembre : marches solidaires contre le cancer p\u00e9diatrique et adolescent - Epinal Info","robots":{"index":"index","follow":"follow","max-snippet":"max-snippet:-1","max-image-preview":"max-image-preview:large","max-video-preview":"max-video-preview:-1"},"canonical":"https:\/\/vosgesinfo.fr\/epinalinfo\/2025\/08\/dimanche-14-septembre-marches-solidaires-contre-le-cancer-pediatrique-et-adolescent\/","twitter_card":"summary_large_image","twitter_title":"Dimanche 14 septembre : marches solidaires contre le cancer p\u00e9diatrique et adolescent - Epinal Info","twitter_description":"La rentr\u00e9e marque aussi le retour des initiatives solidaires. Dimanche 14 septembre au matin, la commune accueillera une journ\u00e9e de [&hellip;]","twitter_image":"https:\/\/vosgesinfo.fr\/app\/uploads\/sites\/3\/2025\/08\/531005676-1192088372959983-2968393938125927658-n.jpg","twitter_creator":"@VosgesInfo88","twitter_site":"@VosgesInfo88","twitter_misc":{"\u00c9crit par":"C.K.","Dur\u00e9e de lecture estim\u00e9e":"1 minute"},"schema":{"@context":"https:\/\/schema.org","@graph":[{"@type":"Article","@id":"https:\/\/vosgesinfo.fr\/epinalinfo\/2025\/08\/dimanche-14-septembre-marches-solidaires-contre-le-cancer-pediatrique-et-adolescent\/#article","isPartOf":{"@id":"https:\/\/vosgesinfo.fr\/epinalinfo\/2025\/08\/dimanche-14-septembre-marches-solidaires-contre-le-cancer-pediatrique-et-adolescent\/"},"author":{"name":"C.K.","@id":"https:\/\/vosgesinfo.fr\/epinalinfo\/#\/schema\/person\/6f9a650eeea99d969b6c4ab78fccbe81"},"headline":"Dimanche 14 septembre : marches solidaires contre le cancer p\u00e9diatrique et adolescent","datePublished":"2025-08-15T05:21:53+00:00","dateModified":"2025-08-14T07:23:49+00:00","mainEntityOfPage":{"@id":"https:\/\/vosgesinfo.fr\/epinalinfo\/2025\/08\/dimanche-14-septembre-marches-solidaires-contre-le-cancer-pediatrique-et-adolescent\/"},"wordCount":213,"commentCount":0,"publisher":{"@id":"https:\/\/vosgesinfo.fr\/epinalinfo\/#organization"},"image":{"@id":"https:\/\/vosgesinfo.fr\/epinalinfo\/2025\/08\/dimanche-14-septembre-marches-solidaires-contre-le-cancer-pediatrique-et-adolescent\/#primaryimage"},"thumbnailUrl":"https:\/\/vosgesinfo.fr\/app\/uploads\/sites\/3\/2025\/08\/531005676-1192088372959983-2968393938125927658-n.jpg","articleSection":["A la Une","Epinal","Soci\u00e9t\u00e9","Solidarit\u00e9"],"inLanguage":"fr-FR","potentialAction":[{"@type":"CommentAction","name":"Comment","target":["https:\/\/vosgesinfo.fr\/epinalinfo\/2025\/08\/dimanche-14-septembre-marches-solidaires-contre-le-cancer-pediatrique-et-adolescent\/#respond"]}]},{"@type":"WebPage","@id":"https:\/\/vosgesinfo.fr\/epinalinfo\/2025\/08\/dimanche-14-septembre-marches-solidaires-contre-le-cancer-pediatrique-et-adolescent\/","url":"https:\/\/vosgesinfo.fr\/epinalinfo\/2025\/08\/dimanche-14-septembre-marches-solidaires-contre-le-cancer-pediatrique-et-adolescent\/","name":"Dimanche 14 septembre : marches solidaires contre le cancer p\u00e9diatrique et adolescent - Epinal Info","isPartOf":{"@id":"https:\/\/vosgesinfo.fr\/epinalinfo\/#website"},"primaryImageOfPage":{"@id":"https:\/\/vosgesinfo.fr\/epinalinfo\/2025\/08\/dimanche-14-septembre-marches-solidaires-contre-le-cancer-pediatrique-et-adolescent\/#primaryimage"},"image":{"@id":"https:\/\/vosgesinfo.fr\/epinalinfo\/2025\/08\/dimanche-14-septembre-marches-solidaires-contre-le-cancer-pediatrique-et-adolescent\/#primaryimage"},"thumbnailUrl":"https:\/\/vosgesinfo.fr\/app\/uploads\/sites\/3\/2025\/08\/531005676-1192088372959983-2968393938125927658-n.jpg","datePublished":"2025-08-15T05:21:53+00:00","dateModified":"2025-08-14T07:23:49+00:00","breadcrumb":{"@id":"https:\/\/vosgesinfo.fr\/epinalinfo\/2025\/08\/dimanche-14-septembre-marches-solidaires-contre-le-cancer-pediatrique-et-adolescent\/#breadcrumb"},"inLanguage":"fr-FR","potentialAction":[{"@type":"ReadAction","target":["https:\/\/vosgesinfo.fr\/epinalinfo\/2025\/08\/dimanche-14-septembre-marches-solidaires-contre-le-cancer-pediatrique-et-adolescent\/"]}]},{"@type":"ImageObject","inLanguage":"fr-FR","@id":"https:\/\/vosgesinfo.fr\/epinalinfo\/2025\/08\/dimanche-14-septembre-marches-solidaires-contre-le-cancer-pediatrique-et-adolescent\/#primaryimage","url":"https:\/\/vosgesinfo.fr\/app\/uploads\/sites\/3\/2025\/08\/531005676-1192088372959983-2968393938125927658-n.jpg","contentUrl":"https:\/\/vosgesinfo.fr\/app\/uploads\/sites\/3\/2025\/08\/531005676-1192088372959983-2968393938125927658-n.jpg","width":1131,"height":1600},{"@type":"BreadcrumbList","@id":"https:\/\/vosgesinfo.fr\/epinalinfo\/2025\/08\/dimanche-14-septembre-marches-solidaires-contre-le-cancer-pediatrique-et-adolescent\/#breadcrumb","itemListElement":[{"@type":"ListItem","position":1,"name":"Home","item":"https:\/\/vosgesinfo.fr\/epinalinfo\/"},{"@type":"ListItem","position":2,"name":"Dimanche 14 septembre : marches solidaires contre le cancer p\u00e9diatrique et adolescent"}]},{"@type":"WebSite","@id":"https:\/\/vosgesinfo.fr\/epinalinfo\/#website","url":"https:\/\/vosgesinfo.fr\/epinalinfo\/","name":"Epinal Info","description":"Toute l&#039;actualit\u00e9 d&#039;\u00c9pinal","publisher":{"@id":"https:\/\/vosgesinfo.fr\/epinalinfo\/#organization"},"alternateName":"Toute l'actualit\u00e9 d'\u00c9pinal","potentialAction":[{"@type":"SearchAction","target":{"@type":"EntryPoint","urlTemplate":"https:\/\/vosgesinfo.fr\/epinalinfo\/?s={search_term_string}"},"query-input":"required name=search_term_string"}],"inLanguage":"fr-FR"},{"@type":"Organization","@id":"https:\/\/vosgesinfo.fr\/epinalinfo\/#organization","name":"Epinal Info","url":"https:\/\/vosgesinfo.fr\/epinalinfo\/","logo":{"@type":"ImageObject","inLanguage":"fr-FR","@id":"https:\/\/vosgesinfo.fr\/epinalinfo\/#\/schema\/logo\/image\/","url":"https:\/\/vosgesinfo.fr\/app\/uploads\/sites\/3\/2023\/08\/logo-epinalinfos.svg","contentUrl":"https:\/\/vosgesinfo.fr\/app\/uploads\/sites\/3\/2023\/08\/logo-epinalinfos.svg","width":1,"height":1,"caption":"Epinal Info"},"image":{"@id":"https:\/\/vosgesinfo.fr\/epinalinfo\/#\/schema\/logo\/image\/"},"sameAs":["https:\/\/www.facebook.com\/Epinalinfos","https:\/\/x.com\/VosgesInfo88","https:\/\/www.youtube.com\/@vosgesinfo"]},{"@type":"Person","@id":"https:\/\/vosgesinfo.fr\/epinalinfo\/#\/schema\/person\/6f9a650eeea99d969b6c4ab78fccbe81","name":"C.K.","image":{"@type":"ImageObject","inLanguage":"fr-FR","@id":"https:\/\/vosgesinfo.fr\/epinalinfo\/#\/schema\/person\/image\/","url":"https:\/\/secure.gravatar.com\/avatar\/48e3fc7f8421ba8942be6b74a2b7f014ca39bc00dece156b7a8e098ae7dc87bf?s=96&d=mm&r=g","contentUrl":"https:\/\/secure.gravatar.com\/avatar\/48e3fc7f8421ba8942be6b74a2b7f014ca39bc00dece156b7a8e098ae7dc87bf?s=96&d=mm&r=g","caption":"C.K."},"url":"https:\/\/vosgesinfo.fr\/epinalinfo\/author\/celia-k-n\/"}]}},"_links":{"self":[{"href":"https:\/\/vosgesinfo.fr\/epinalinfo\/wp-json\/wp\/v2\/posts\/134312","targetHints":{"allow":["GET"]}}],"collection":[{"href":"https:\/\/vosgesinfo.fr\/epinalinfo\/wp-json\/wp\/v2\/posts"}],"about":[{"href":"https:\/\/vosgesinfo.fr\/epinalinfo\/wp-json\/wp\/v2\/types\/post"}],"author":[{"embeddable":true,"href":"https:\/\/vosgesinfo.fr\/epinalinfo\/wp-json\/wp\/v2\/users\/52"}],"replies":[{"embeddable":true,"href":"https:\/\/vosgesinfo.fr\/epinalinfo\/wp-json\/wp\/v2\/comments?post=134312"}],"version-history":[{"count":1,"href":"https:\/\/vosgesinfo.fr\/epinalinfo\/wp-json\/wp\/v2\/posts\/134312\/revisions"}],"predecessor-version":[{"id":134314,"href":"https:\/\/vosgesinfo.fr\/epinalinfo\/wp-json\/wp\/v2\/posts\/134312\/revisions\/134314"}],"wp:featuredmedia":[{"embeddable":true,"href":"https:\/\/vosgesinfo.fr\/epinalinfo\/wp-json\/wp\/v2\/media\/134313"}],"wp:attachment":[{"href":"https:\/\/vosgesinfo.fr\/epinalinfo\/wp-json\/wp\/v2\/media?parent=134312"}],"wp:term":[{"taxonomy":"category","embeddable":true,"href":"https:\/\/vosgesinfo.fr\/epinalinfo\/wp-json\/wp\/v2\/categories?post=134312"},{"taxonomy":"post_tag","embeddable":true,"href":"https:\/\/vosgesinfo.fr\/epinalinfo\/wp-json\/wp\/v2\/tags?post=134312"}],"curies":[{"name":"wp","href":"https:\/\/api.w.org\/{rel}","templated":true}]}}