{"id":134329,"date":"2025-08-14T13:50:01","date_gmt":"2025-08-14T11:50:01","guid":{"rendered":"https:\/\/vosgesinfo.fr\/epinalinfo\/?p=134329"},"modified":"2025-08-14T13:43:30","modified_gmt":"2025-08-14T11:43:30","slug":"fortes-chaleurs-le-bien-etre-animal-passe-avant-tout","status":"publish","type":"post","link":"https:\/\/vosgesinfo.fr\/epinalinfo\/2025\/08\/fortes-chaleurs-le-bien-etre-animal-passe-avant-tout\/","title":{"rendered":"Fortes chaleurs : le bien-\u00eatre animal passe avant tout"},"content":{"rendered":"<div id=\"attachment_134330\" style=\"width: 1392px\" class=\"wp-caption aligncenter\"><a href=\"https:\/\/vosgesinfo.fr\/app\/uploads\/sites\/3\/2025\/08\/thumbnail-image002.jpg\"><img decoding=\"async\" aria-describedby=\"caption-attachment-134330\" class=\"size-full wp-image-134330\" src=\"https:\/\/vosgesinfo.fr\/app\/uploads\/sites\/3\/2025\/08\/thumbnail-image002.jpg\" alt=\"\" width=\"1382\" height=\"926\" srcset=\"https:\/\/vosgesinfo.fr\/app\/uploads\/sites\/3\/2025\/08\/thumbnail-image002.jpg 1382w, https:\/\/vosgesinfo.fr\/app\/uploads\/sites\/3\/2025\/08\/thumbnail-image002-300x201.jpg 300w, https:\/\/vosgesinfo.fr\/app\/uploads\/sites\/3\/2025\/08\/thumbnail-image002-1024x686.jpg 1024w, https:\/\/vosgesinfo.fr\/app\/uploads\/sites\/3\/2025\/08\/thumbnail-image002-768x515.jpg 768w\" sizes=\"(max-width: 1382px) 100vw, 1382px\" \/><\/a><p id=\"caption-attachment-134330\" class=\"wp-caption-text\">photo Parc animalier<\/p><\/div>\n<h2 data-start=\"167\" data-end=\"587\"><strong>En plein c\u0153ur de l\u2019\u00e9t\u00e9, alors que plusieurs journ\u00e9es chaudes s\u2019annoncent encore, le Parc Animalier de Sainte-Croix met tout en \u0153uvre pour garantir le confort de ses 1 500 pensionnaires. Zones ombrag\u00e9es, bassins pour se baigner, ventilateurs pour les rennes, gla\u00e7ons gourmands pour les primates et les carnivores\u2026 chaque d\u00e9tail est pens\u00e9 pour pr\u00e9server leur bien-\u00eatre, m\u00eame lors des \u00e9pisodes de forte chaleur.<\/strong><\/h2>\n<hr data-start=\"589\" data-end=\"592\" \/>\n<h3 data-start=\"594\" data-end=\"646\"><strong data-start=\"597\" data-end=\"644\">Des territoires pens\u00e9s pour rester au frais<\/strong><\/h3>\n<p data-start=\"647\" data-end=\"790\">S\u2019\u00e9tendant sur <strong data-start=\"662\" data-end=\"678\">130 hectares<\/strong> de nature, de for\u00eats et d\u2019\u00e9tangs, le parc offre \u00e0 ses animaux des environnements <strong data-start=\"760\" data-end=\"786\">naturellement temp\u00e9r\u00e9s<\/strong> :<\/p>\n<ul data-start=\"791\" data-end=\"1343\">\n<li data-start=\"791\" data-end=\"894\">\n<p data-start=\"793\" data-end=\"894\"><strong data-start=\"793\" data-end=\"816\">Ombre et v\u00e9g\u00e9tation<\/strong> : la couverture bois\u00e9e assure des refuges frais tout au long de la journ\u00e9e.<\/p>\n<\/li>\n<li data-start=\"895\" data-end=\"1007\">\n<p data-start=\"897\" data-end=\"1007\"><strong data-start=\"897\" data-end=\"913\">Points d\u2019eau<\/strong> : ours, gloutons, cerfs ou pandas roux peuvent se rafra\u00eechir en nageant ou en s\u2019aspergeant.<\/p>\n<\/li>\n<li data-start=\"1008\" data-end=\"1133\">\n<p data-start=\"1010\" data-end=\"1133\"><strong data-start=\"1010\" data-end=\"1042\">Ventilateurs pour les rennes<\/strong> : pr\u00e9vus initialement pour limiter les insectes, ils apportent aussi une agr\u00e9able brise.<\/p>\n<\/li>\n<li data-start=\"1134\" data-end=\"1343\">\n<p data-start=\"1136\" data-end=\"1343\"><strong data-start=\"1136\" data-end=\"1157\">Gla\u00e7ons gourmands<\/strong> : remplis de fruits ou de l\u00e9gumes, ils offrent aux l\u00e9muriens, gibbons, loups et autres carnivores un double b\u00e9n\u00e9fice : se rafra\u00eechir tout en stimulant leur curiosit\u00e9 et leur activit\u00e9.<\/p>\n<\/li>\n<\/ul>\n<p>&nbsp;<\/p>\n<h3 data-start=\"1350\" data-end=\"1398\"><strong data-start=\"1353\" data-end=\"1396\">Des sc\u00e8nes estivales uniques \u00e0 observer<\/strong><\/h3>\n<p data-start=\"1399\" data-end=\"1493\">Ce <strong data-start=\"1402\" data-end=\"1425\">week-end du 15 ao\u00fbt<\/strong>, les visiteurs auront l\u2019occasion d\u2019assister \u00e0 des moments rares :<\/p>\n<ul data-start=\"1494\" data-end=\"1684\">\n<li data-start=\"1494\" data-end=\"1537\">\n<p data-start=\"1496\" data-end=\"1537\">ours et cerfs se baignant avec plaisir,<\/p>\n<\/li>\n<li data-start=\"1538\" data-end=\"1577\">\n<p data-start=\"1540\" data-end=\"1577\">primates jouant avec leurs gla\u00e7ons,<\/p>\n<\/li>\n<li data-start=\"1578\" data-end=\"1621\">\n<p data-start=\"1580\" data-end=\"1621\">cerfs se reposant \u00e0 l\u2019ombre des for\u00eats,<\/p>\n<\/li>\n<li data-start=\"1622\" data-end=\"1684\">\n<p data-start=\"1624\" data-end=\"1684\">et bien d\u2019autres comportements propres \u00e0 la saison chaude.<\/p>\n<\/li>\n<\/ul>\n<h3 data-start=\"1691\" data-end=\"1737\"><strong data-start=\"1694\" data-end=\"1735\">Un confort partag\u00e9 avec les visiteurs<\/strong><\/h3>\n<p data-start=\"1738\" data-end=\"2023\">Gr\u00e2ce \u00e0 l\u2019immensit\u00e9 et \u00e0 la diversit\u00e9 de ses paysages, la visite reste agr\u00e9able m\u00eame par forte chaleur. Les sentiers ombrag\u00e9s, les zones bois\u00e9es et les abords des \u00e9tangs permettent de profiter pleinement de l\u2019exp\u00e9rience tout en d\u00e9couvrant les animaux dans leur environnement estival.<\/p>\n","protected":false},"excerpt":{"rendered":"<p>En plein c\u0153ur de l\u2019\u00e9t\u00e9, alors que plusieurs journ\u00e9es chaudes s\u2019annoncent encore, le Parc Animalier de Sainte-Croix met tout en [&hellip;]<\/p>\n","protected":false},"author":52,"featured_media":134330,"comment_status":"open","ping_status":"open","sticky":false,"template":"","format":"standard","meta":{"footnotes":""},"categories":[22,24,5],"tags":[],"class_list":["post-134329","post","type-post","status-publish","format-standard","has-post-thumbnail","hentry","category-a-la-une","category-epinal","category-vosges"],"acf":[],"yoast_head":"<!-- This site is optimized with the Yoast SEO plugin v22.5 - https:\/\/yoast.com\/wordpress\/plugins\/seo\/ -->\n<title>Fortes chaleurs : le bien-\u00eatre animal passe avant tout - Epinal Info<\/title>\n<meta name=\"robots\" content=\"index, follow, max-snippet:-1, max-image-preview:large, max-video-preview:-1\" \/>\n<link rel=\"canonical\" href=\"https:\/\/vosgesinfo.fr\/epinalinfo\/2025\/08\/fortes-chaleurs-le-bien-etre-animal-passe-avant-tout\/\" \/>\n<meta name=\"twitter:card\" content=\"summary_large_image\" \/>\n<meta name=\"twitter:title\" content=\"Fortes chaleurs : le bien-\u00eatre animal passe avant tout - Epinal Info\" \/>\n<meta name=\"twitter:description\" content=\"En plein c\u0153ur de l\u2019\u00e9t\u00e9, alors que plusieurs journ\u00e9es chaudes s\u2019annoncent encore, le Parc Animalier de Sainte-Croix met tout en [&hellip;]\" \/>\n<meta name=\"twitter:image\" content=\"https:\/\/vosgesinfo.fr\/app\/uploads\/sites\/3\/2025\/08\/thumbnail-image002.jpg\" \/>\n<meta name=\"twitter:creator\" content=\"@VosgesInfo88\" \/>\n<meta name=\"twitter:site\" content=\"@VosgesInfo88\" \/>\n<meta name=\"twitter:label1\" content=\"\u00c9crit par\" \/>\n\t<meta name=\"twitter:data1\" content=\"C.K.\" \/>\n\t<meta name=\"twitter:label2\" content=\"Dur\u00e9e de lecture estim\u00e9e\" \/>\n\t<meta name=\"twitter:data2\" content=\"2 minutes\" \/>\n<script type=\"application\/ld+json\" class=\"yoast-schema-graph\">{\"@context\":\"https:\/\/schema.org\",\"@graph\":[{\"@type\":\"Article\",\"@id\":\"https:\/\/vosgesinfo.fr\/epinalinfo\/2025\/08\/fortes-chaleurs-le-bien-etre-animal-passe-avant-tout\/#article\",\"isPartOf\":{\"@id\":\"https:\/\/vosgesinfo.fr\/epinalinfo\/2025\/08\/fortes-chaleurs-le-bien-etre-animal-passe-avant-tout\/\"},\"author\":{\"name\":\"C.K.\",\"@id\":\"https:\/\/vosgesinfo.fr\/epinalinfo\/#\/schema\/person\/6f9a650eeea99d969b6c4ab78fccbe81\"},\"headline\":\"Fortes chaleurs : le bien-\u00eatre animal passe avant tout\",\"datePublished\":\"2025-08-14T11:50:01+00:00\",\"dateModified\":\"2025-08-14T11:43:30+00:00\",\"mainEntityOfPage\":{\"@id\":\"https:\/\/vosgesinfo.fr\/epinalinfo\/2025\/08\/fortes-chaleurs-le-bien-etre-animal-passe-avant-tout\/\"},\"wordCount\":323,\"commentCount\":2,\"publisher\":{\"@id\":\"https:\/\/vosgesinfo.fr\/epinalinfo\/#organization\"},\"image\":{\"@id\":\"https:\/\/vosgesinfo.fr\/epinalinfo\/2025\/08\/fortes-chaleurs-le-bien-etre-animal-passe-avant-tout\/#primaryimage\"},\"thumbnailUrl\":\"https:\/\/vosgesinfo.fr\/app\/uploads\/sites\/3\/2025\/08\/thumbnail-image002.jpg\",\"articleSection\":[\"A la Une\",\"Epinal\",\"Vosges\"],\"inLanguage\":\"fr-FR\",\"potentialAction\":[{\"@type\":\"CommentAction\",\"name\":\"Comment\",\"target\":[\"https:\/\/vosgesinfo.fr\/epinalinfo\/2025\/08\/fortes-chaleurs-le-bien-etre-animal-passe-avant-tout\/#respond\"]}]},{\"@type\":\"WebPage\",\"@id\":\"https:\/\/vosgesinfo.fr\/epinalinfo\/2025\/08\/fortes-chaleurs-le-bien-etre-animal-passe-avant-tout\/\",\"url\":\"https:\/\/vosgesinfo.fr\/epinalinfo\/2025\/08\/fortes-chaleurs-le-bien-etre-animal-passe-avant-tout\/\",\"name\":\"Fortes chaleurs : le bien-\u00eatre animal passe avant tout - Epinal Info\",\"isPartOf\":{\"@id\":\"https:\/\/vosgesinfo.fr\/epinalinfo\/#website\"},\"primaryImageOfPage\":{\"@id\":\"https:\/\/vosgesinfo.fr\/epinalinfo\/2025\/08\/fortes-chaleurs-le-bien-etre-animal-passe-avant-tout\/#primaryimage\"},\"image\":{\"@id\":\"https:\/\/vosgesinfo.fr\/epinalinfo\/2025\/08\/fortes-chaleurs-le-bien-etre-animal-passe-avant-tout\/#primaryimage\"},\"thumbnailUrl\":\"https:\/\/vosgesinfo.fr\/app\/uploads\/sites\/3\/2025\/08\/thumbnail-image002.jpg\",\"datePublished\":\"2025-08-14T11:50:01+00:00\",\"dateModified\":\"2025-08-14T11:43:30+00:00\",\"breadcrumb\":{\"@id\":\"https:\/\/vosgesinfo.fr\/epinalinfo\/2025\/08\/fortes-chaleurs-le-bien-etre-animal-passe-avant-tout\/#breadcrumb\"},\"inLanguage\":\"fr-FR\",\"potentialAction\":[{\"@type\":\"ReadAction\",\"target\":[\"https:\/\/vosgesinfo.fr\/epinalinfo\/2025\/08\/fortes-chaleurs-le-bien-etre-animal-passe-avant-tout\/\"]}]},{\"@type\":\"ImageObject\",\"inLanguage\":\"fr-FR\",\"@id\":\"https:\/\/vosgesinfo.fr\/epinalinfo\/2025\/08\/fortes-chaleurs-le-bien-etre-animal-passe-avant-tout\/#primaryimage\",\"url\":\"https:\/\/vosgesinfo.fr\/app\/uploads\/sites\/3\/2025\/08\/thumbnail-image002.jpg\",\"contentUrl\":\"https:\/\/vosgesinfo.fr\/app\/uploads\/sites\/3\/2025\/08\/thumbnail-image002.jpg\",\"width\":1382,\"height\":926,\"caption\":\"photo Parc animalier\"},{\"@type\":\"BreadcrumbList\",\"@id\":\"https:\/\/vosgesinfo.fr\/epinalinfo\/2025\/08\/fortes-chaleurs-le-bien-etre-animal-passe-avant-tout\/#breadcrumb\",\"itemListElement\":[{\"@type\":\"ListItem\",\"position\":1,\"name\":\"Home\",\"item\":\"https:\/\/vosgesinfo.fr\/epinalinfo\/\"},{\"@type\":\"ListItem\",\"position\":2,\"name\":\"Fortes chaleurs : le bien-\u00eatre animal passe avant tout\"}]},{\"@type\":\"WebSite\",\"@id\":\"https:\/\/vosgesinfo.fr\/epinalinfo\/#website\",\"url\":\"https:\/\/vosgesinfo.fr\/epinalinfo\/\",\"name\":\"Epinal Info\",\"description\":\"Toute l&#039;actualit\u00e9 d&#039;\u00c9pinal\",\"publisher\":{\"@id\":\"https:\/\/vosgesinfo.fr\/epinalinfo\/#organization\"},\"alternateName\":\"Toute l'actualit\u00e9 d'\u00c9pinal\",\"potentialAction\":[{\"@type\":\"SearchAction\",\"target\":{\"@type\":\"EntryPoint\",\"urlTemplate\":\"https:\/\/vosgesinfo.fr\/epinalinfo\/?s={search_term_string}\"},\"query-input\":\"required name=search_term_string\"}],\"inLanguage\":\"fr-FR\"},{\"@type\":\"Organization\",\"@id\":\"https:\/\/vosgesinfo.fr\/epinalinfo\/#organization\",\"name\":\"Epinal Info\",\"url\":\"https:\/\/vosgesinfo.fr\/epinalinfo\/\",\"logo\":{\"@type\":\"ImageObject\",\"inLanguage\":\"fr-FR\",\"@id\":\"https:\/\/vosgesinfo.fr\/epinalinfo\/#\/schema\/logo\/image\/\",\"url\":\"https:\/\/vosgesinfo.fr\/app\/uploads\/sites\/3\/2023\/08\/logo-epinalinfos.svg\",\"contentUrl\":\"https:\/\/vosgesinfo.fr\/app\/uploads\/sites\/3\/2023\/08\/logo-epinalinfos.svg\",\"width\":1,\"height\":1,\"caption\":\"Epinal Info\"},\"image\":{\"@id\":\"https:\/\/vosgesinfo.fr\/epinalinfo\/#\/schema\/logo\/image\/\"},\"sameAs\":[\"https:\/\/www.facebook.com\/Epinalinfos\",\"https:\/\/x.com\/VosgesInfo88\",\"https:\/\/www.youtube.com\/@vosgesinfo\"]},{\"@type\":\"Person\",\"@id\":\"https:\/\/vosgesinfo.fr\/epinalinfo\/#\/schema\/person\/6f9a650eeea99d969b6c4ab78fccbe81\",\"name\":\"C.K.\",\"image\":{\"@type\":\"ImageObject\",\"inLanguage\":\"fr-FR\",\"@id\":\"https:\/\/vosgesinfo.fr\/epinalinfo\/#\/schema\/person\/image\/\",\"url\":\"https:\/\/secure.gravatar.com\/avatar\/48e3fc7f8421ba8942be6b74a2b7f014ca39bc00dece156b7a8e098ae7dc87bf?s=96&d=mm&r=g\",\"contentUrl\":\"https:\/\/secure.gravatar.com\/avatar\/48e3fc7f8421ba8942be6b74a2b7f014ca39bc00dece156b7a8e098ae7dc87bf?s=96&d=mm&r=g\",\"caption\":\"C.K.\"},\"url\":\"https:\/\/vosgesinfo.fr\/epinalinfo\/author\/celia-k-n\/\"}]}<\/script>\n<!-- \/ Yoast SEO plugin. -->","yoast_head_json":{"title":"Fortes chaleurs : le bien-\u00eatre animal passe avant tout - Epinal Info","robots":{"index":"index","follow":"follow","max-snippet":"max-snippet:-1","max-image-preview":"max-image-preview:large","max-video-preview":"max-video-preview:-1"},"canonical":"https:\/\/vosgesinfo.fr\/epinalinfo\/2025\/08\/fortes-chaleurs-le-bien-etre-animal-passe-avant-tout\/","twitter_card":"summary_large_image","twitter_title":"Fortes chaleurs : le bien-\u00eatre animal passe avant tout - Epinal Info","twitter_description":"En plein c\u0153ur de l\u2019\u00e9t\u00e9, alors que plusieurs journ\u00e9es chaudes s\u2019annoncent encore, le Parc Animalier de Sainte-Croix met tout en [&hellip;]","twitter_image":"https:\/\/vosgesinfo.fr\/app\/uploads\/sites\/3\/2025\/08\/thumbnail-image002.jpg","twitter_creator":"@VosgesInfo88","twitter_site":"@VosgesInfo88","twitter_misc":{"\u00c9crit par":"C.K.","Dur\u00e9e de lecture estim\u00e9e":"2 minutes"},"schema":{"@context":"https:\/\/schema.org","@graph":[{"@type":"Article","@id":"https:\/\/vosgesinfo.fr\/epinalinfo\/2025\/08\/fortes-chaleurs-le-bien-etre-animal-passe-avant-tout\/#article","isPartOf":{"@id":"https:\/\/vosgesinfo.fr\/epinalinfo\/2025\/08\/fortes-chaleurs-le-bien-etre-animal-passe-avant-tout\/"},"author":{"name":"C.K.","@id":"https:\/\/vosgesinfo.fr\/epinalinfo\/#\/schema\/person\/6f9a650eeea99d969b6c4ab78fccbe81"},"headline":"Fortes chaleurs : le bien-\u00eatre animal passe avant tout","datePublished":"2025-08-14T11:50:01+00:00","dateModified":"2025-08-14T11:43:30+00:00","mainEntityOfPage":{"@id":"https:\/\/vosgesinfo.fr\/epinalinfo\/2025\/08\/fortes-chaleurs-le-bien-etre-animal-passe-avant-tout\/"},"wordCount":323,"commentCount":2,"publisher":{"@id":"https:\/\/vosgesinfo.fr\/epinalinfo\/#organization"},"image":{"@id":"https:\/\/vosgesinfo.fr\/epinalinfo\/2025\/08\/fortes-chaleurs-le-bien-etre-animal-passe-avant-tout\/#primaryimage"},"thumbnailUrl":"https:\/\/vosgesinfo.fr\/app\/uploads\/sites\/3\/2025\/08\/thumbnail-image002.jpg","articleSection":["A la Une","Epinal","Vosges"],"inLanguage":"fr-FR","potentialAction":[{"@type":"CommentAction","name":"Comment","target":["https:\/\/vosgesinfo.fr\/epinalinfo\/2025\/08\/fortes-chaleurs-le-bien-etre-animal-passe-avant-tout\/#respond"]}]},{"@type":"WebPage","@id":"https:\/\/vosgesinfo.fr\/epinalinfo\/2025\/08\/fortes-chaleurs-le-bien-etre-animal-passe-avant-tout\/","url":"https:\/\/vosgesinfo.fr\/epinalinfo\/2025\/08\/fortes-chaleurs-le-bien-etre-animal-passe-avant-tout\/","name":"Fortes chaleurs : le bien-\u00eatre animal passe avant tout - Epinal Info","isPartOf":{"@id":"https:\/\/vosgesinfo.fr\/epinalinfo\/#website"},"primaryImageOfPage":{"@id":"https:\/\/vosgesinfo.fr\/epinalinfo\/2025\/08\/fortes-chaleurs-le-bien-etre-animal-passe-avant-tout\/#primaryimage"},"image":{"@id":"https:\/\/vosgesinfo.fr\/epinalinfo\/2025\/08\/fortes-chaleurs-le-bien-etre-animal-passe-avant-tout\/#primaryimage"},"thumbnailUrl":"https:\/\/vosgesinfo.fr\/app\/uploads\/sites\/3\/2025\/08\/thumbnail-image002.jpg","datePublished":"2025-08-14T11:50:01+00:00","dateModified":"2025-08-14T11:43:30+00:00","breadcrumb":{"@id":"https:\/\/vosgesinfo.fr\/epinalinfo\/2025\/08\/fortes-chaleurs-le-bien-etre-animal-passe-avant-tout\/#breadcrumb"},"inLanguage":"fr-FR","potentialAction":[{"@type":"ReadAction","target":["https:\/\/vosgesinfo.fr\/epinalinfo\/2025\/08\/fortes-chaleurs-le-bien-etre-animal-passe-avant-tout\/"]}]},{"@type":"ImageObject","inLanguage":"fr-FR","@id":"https:\/\/vosgesinfo.fr\/epinalinfo\/2025\/08\/fortes-chaleurs-le-bien-etre-animal-passe-avant-tout\/#primaryimage","url":"https:\/\/vosgesinfo.fr\/app\/uploads\/sites\/3\/2025\/08\/thumbnail-image002.jpg","contentUrl":"https:\/\/vosgesinfo.fr\/app\/uploads\/sites\/3\/2025\/08\/thumbnail-image002.jpg","width":1382,"height":926,"caption":"photo Parc animalier"},{"@type":"BreadcrumbList","@id":"https:\/\/vosgesinfo.fr\/epinalinfo\/2025\/08\/fortes-chaleurs-le-bien-etre-animal-passe-avant-tout\/#breadcrumb","itemListElement":[{"@type":"ListItem","position":1,"name":"Home","item":"https:\/\/vosgesinfo.fr\/epinalinfo\/"},{"@type":"ListItem","position":2,"name":"Fortes chaleurs : le bien-\u00eatre animal passe avant tout"}]},{"@type":"WebSite","@id":"https:\/\/vosgesinfo.fr\/epinalinfo\/#website","url":"https:\/\/vosgesinfo.fr\/epinalinfo\/","name":"Epinal Info","description":"Toute l&#039;actualit\u00e9 d&#039;\u00c9pinal","publisher":{"@id":"https:\/\/vosgesinfo.fr\/epinalinfo\/#organization"},"alternateName":"Toute l'actualit\u00e9 d'\u00c9pinal","potentialAction":[{"@type":"SearchAction","target":{"@type":"EntryPoint","urlTemplate":"https:\/\/vosgesinfo.fr\/epinalinfo\/?s={search_term_string}"},"query-input":"required name=search_term_string"}],"inLanguage":"fr-FR"},{"@type":"Organization","@id":"https:\/\/vosgesinfo.fr\/epinalinfo\/#organization","name":"Epinal Info","url":"https:\/\/vosgesinfo.fr\/epinalinfo\/","logo":{"@type":"ImageObject","inLanguage":"fr-FR","@id":"https:\/\/vosgesinfo.fr\/epinalinfo\/#\/schema\/logo\/image\/","url":"https:\/\/vosgesinfo.fr\/app\/uploads\/sites\/3\/2023\/08\/logo-epinalinfos.svg","contentUrl":"https:\/\/vosgesinfo.fr\/app\/uploads\/sites\/3\/2023\/08\/logo-epinalinfos.svg","width":1,"height":1,"caption":"Epinal Info"},"image":{"@id":"https:\/\/vosgesinfo.fr\/epinalinfo\/#\/schema\/logo\/image\/"},"sameAs":["https:\/\/www.facebook.com\/Epinalinfos","https:\/\/x.com\/VosgesInfo88","https:\/\/www.youtube.com\/@vosgesinfo"]},{"@type":"Person","@id":"https:\/\/vosgesinfo.fr\/epinalinfo\/#\/schema\/person\/6f9a650eeea99d969b6c4ab78fccbe81","name":"C.K.","image":{"@type":"ImageObject","inLanguage":"fr-FR","@id":"https:\/\/vosgesinfo.fr\/epinalinfo\/#\/schema\/person\/image\/","url":"https:\/\/secure.gravatar.com\/avatar\/48e3fc7f8421ba8942be6b74a2b7f014ca39bc00dece156b7a8e098ae7dc87bf?s=96&d=mm&r=g","contentUrl":"https:\/\/secure.gravatar.com\/avatar\/48e3fc7f8421ba8942be6b74a2b7f014ca39bc00dece156b7a8e098ae7dc87bf?s=96&d=mm&r=g","caption":"C.K."},"url":"https:\/\/vosgesinfo.fr\/epinalinfo\/author\/celia-k-n\/"}]}},"_links":{"self":[{"href":"https:\/\/vosgesinfo.fr\/epinalinfo\/wp-json\/wp\/v2\/posts\/134329","targetHints":{"allow":["GET"]}}],"collection":[{"href":"https:\/\/vosgesinfo.fr\/epinalinfo\/wp-json\/wp\/v2\/posts"}],"about":[{"href":"https:\/\/vosgesinfo.fr\/epinalinfo\/wp-json\/wp\/v2\/types\/post"}],"author":[{"embeddable":true,"href":"https:\/\/vosgesinfo.fr\/epinalinfo\/wp-json\/wp\/v2\/users\/52"}],"replies":[{"embeddable":true,"href":"https:\/\/vosgesinfo.fr\/epinalinfo\/wp-json\/wp\/v2\/comments?post=134329"}],"version-history":[{"count":1,"href":"https:\/\/vosgesinfo.fr\/epinalinfo\/wp-json\/wp\/v2\/posts\/134329\/revisions"}],"predecessor-version":[{"id":134331,"href":"https:\/\/vosgesinfo.fr\/epinalinfo\/wp-json\/wp\/v2\/posts\/134329\/revisions\/134331"}],"wp:featuredmedia":[{"embeddable":true,"href":"https:\/\/vosgesinfo.fr\/epinalinfo\/wp-json\/wp\/v2\/media\/134330"}],"wp:attachment":[{"href":"https:\/\/vosgesinfo.fr\/epinalinfo\/wp-json\/wp\/v2\/media?parent=134329"}],"wp:term":[{"taxonomy":"category","embeddable":true,"href":"https:\/\/vosgesinfo.fr\/epinalinfo\/wp-json\/wp\/v2\/categories?post=134329"},{"taxonomy":"post_tag","embeddable":true,"href":"https:\/\/vosgesinfo.fr\/epinalinfo\/wp-json\/wp\/v2\/tags?post=134329"}],"curies":[{"name":"wp","href":"https:\/\/api.w.org\/{rel}","templated":true}]}}