{"id":134337,"date":"2025-08-14T18:50:15","date_gmt":"2025-08-14T16:50:15","guid":{"rendered":"https:\/\/vosgesinfo.fr\/epinalinfo\/?p=134337"},"modified":"2025-08-18T16:45:38","modified_gmt":"2025-08-18T14:45:38","slug":"thaon-les-vosges-le-programme-naage-sinstalle-au-domaine-des-lacs-pour-prevenir-les-noyades","status":"publish","type":"post","link":"https:\/\/vosgesinfo.fr\/epinalinfo\/2025\/08\/thaon-les-vosges-le-programme-naage-sinstalle-au-domaine-des-lacs-pour-prevenir-les-noyades\/","title":{"rendered":"Thaon-les-Vosges : le programme NAAGE s\u2019installe au Domaine des Lacs pour pr\u00e9venir les noyades"},"content":{"rendered":"<div id=\"attachment_120865\" style=\"width: 2010px\" class=\"wp-caption aligncenter\"><a href=\"https:\/\/vosgesinfo.fr\/app\/uploads\/sites\/3\/2024\/08\/domaine-des-lacs-thaon.jpg\"><img decoding=\"async\" aria-describedby=\"caption-attachment-120865\" class=\"size-full wp-image-120865\" src=\"https:\/\/vosgesinfo.fr\/app\/uploads\/sites\/3\/2024\/08\/domaine-des-lacs-thaon.jpg\" alt=\"\" width=\"2000\" height=\"1333\" srcset=\"https:\/\/vosgesinfo.fr\/app\/uploads\/sites\/3\/2024\/08\/domaine-des-lacs-thaon.jpg 2000w, https:\/\/vosgesinfo.fr\/app\/uploads\/sites\/3\/2024\/08\/domaine-des-lacs-thaon-300x200.jpg 300w, https:\/\/vosgesinfo.fr\/app\/uploads\/sites\/3\/2024\/08\/domaine-des-lacs-thaon-1024x682.jpg 1024w, https:\/\/vosgesinfo.fr\/app\/uploads\/sites\/3\/2024\/08\/domaine-des-lacs-thaon-768x512.jpg 768w, https:\/\/vosgesinfo.fr\/app\/uploads\/sites\/3\/2024\/08\/domaine-des-lacs-thaon-1536x1024.jpg 1536w\" sizes=\"(max-width: 2000px) 100vw, 2000px\" \/><\/a><p id=\"caption-attachment-120865\" class=\"wp-caption-text\">photo archives<\/p><\/div>\n<h2 data-start=\"201\" data-end=\"533\"><strong>Chaque \u00e9t\u00e9, les chiffres sont alarmants. Selon Sant\u00e9 publique France, environ 1 000 d\u00e9c\u00e8s par noyade sont enregistr\u00e9s chaque ann\u00e9e, soit 4 par jour en p\u00e9riode estivale. En 2025, la tendance est malheureusement \u00e0 la hausse. En cause : la chaleur intense, le manque de pratique et la m\u00e9connaissance des dangers li\u00e9s \u00e0 l\u2019eau.<\/strong><\/h2>\n<p data-start=\"535\" data-end=\"774\">Face \u00e0 ce constat, la Conf\u00e9rence R\u00e9gionale du Sport Grand Est lance <strong data-start=\"603\" data-end=\"612\">NAAGE<\/strong> \u2013 <em data-start=\"615\" data-end=\"656\">Nouvelle Aisance Aquatique en Grand Est<\/em> \u2013, un programme in\u00e9dit pour apprendre \u00e0 nager, d\u00e9velopper la s\u00e9curit\u00e9 en milieu aquatique et favoriser l\u2019inclusion.<\/p>\n<h3 data-start=\"776\" data-end=\"840\"><strong data-start=\"780\" data-end=\"840\">Deux semaines d\u2019animations gratuites au Domaine des Lacs<\/strong><\/h3>\n<p data-start=\"841\" data-end=\"1194\">Du <strong data-start=\"844\" data-end=\"861\">11 au 16 ao\u00fbt<\/strong> puis du <strong data-start=\"870\" data-end=\"892\">18 au 22 ao\u00fbt 2025<\/strong>, la Ville de <strong data-start=\"906\" data-end=\"926\">Thaon-les-Vosges<\/strong> accueillera sur sa base nautique un vaste programme d\u2019activit\u00e9s gratuites. Port\u00e9 par l\u2019<strong data-start=\"1014\" data-end=\"1035\">ES Thaon Natation<\/strong>, en partenariat avec la <strong data-start=\"1060\" data-end=\"1091\">Ligue Grand Est de Natation<\/strong>, NAAGE propose dix jours d\u2019ateliers ludiques et p\u00e9dagogiques pour tous les \u00e2ges et tous les niveaux.<\/p>\n<p data-start=\"1196\" data-end=\"1207\">Objectifs :<\/p>\n<ul data-start=\"1208\" data-end=\"1388\">\n<li data-start=\"1208\" data-end=\"1264\">\n<p data-start=\"1210\" data-end=\"1264\">Sensibiliser le public \u00e0 la <strong data-start=\"1238\" data-end=\"1264\">pr\u00e9vention des noyades<\/strong><\/p>\n<\/li>\n<li data-start=\"1265\" data-end=\"1320\">\n<p data-start=\"1267\" data-end=\"1320\">Offrir des s\u00e9ances d\u2019<strong data-start=\"1288\" data-end=\"1320\">apprentissage de la natation<\/strong><\/p>\n<\/li>\n<li data-start=\"1321\" data-end=\"1388\">\n<p data-start=\"1323\" data-end=\"1388\">Promouvoir la <strong data-start=\"1337\" data-end=\"1388\">forme et le bien-\u00eatre par la pratique aquatique<\/strong><\/p>\n<\/li>\n<\/ul>\n<h3 data-start=\"1390\" data-end=\"1420\"><strong data-start=\"1394\" data-end=\"1420\">Le programme quotidien<\/strong><\/h3>\n<p data-start=\"1421\" data-end=\"1543\">\ud83d\udcc5 Du lundi au vendredi (sauf vendredi 15 ao\u00fbt, remplac\u00e9 par le samedi 16 ao\u00fbt)<br data-start=\"1500\" data-end=\"1503\" \/>\ud83d\udccd Domaine des Lacs \u2013 Thaon-les-Vosges<\/p>\n<p data-start=\"1545\" data-end=\"1556\"><strong data-start=\"1545\" data-end=\"1556\">Matin :<\/strong><\/p>\n<ul data-start=\"1557\" data-end=\"1668\">\n<li data-start=\"1557\" data-end=\"1620\">\n<p data-start=\"1559\" data-end=\"1620\">\ud83c\udfca 10h00-11h00 : Apprentissage de la natation (tout public)<\/p>\n<\/li>\n<li data-start=\"1621\" data-end=\"1668\">\n<p data-start=\"1623\" data-end=\"1668\">\ud83c\udfcb 11h00-12h00 : <em data-start=\"1640\" data-end=\"1666\">Nager Forme et Bien-\u00eatre<\/em><\/p>\n<\/li>\n<\/ul>\n<p data-start=\"1670\" data-end=\"1686\"><strong data-start=\"1670\" data-end=\"1686\">Apr\u00e8s-midi :<\/strong><\/p>\n<ul data-start=\"1687\" data-end=\"1842\">\n<li data-start=\"1687\" data-end=\"1747\">\n<p data-start=\"1689\" data-end=\"1747\">\ud83e\udd3d 14h00-16h00 : Initiation au <em data-start=\"1720\" data-end=\"1732\">Beach Polo<\/em> (Water Polo)<\/p>\n<\/li>\n<li data-start=\"1748\" data-end=\"1797\">\n<p data-start=\"1750\" data-end=\"1797\">\ud83c\udfca 16h15-17h15 : Apprentissage de la natation<\/p>\n<\/li>\n<li data-start=\"1798\" data-end=\"1842\">\n<p data-start=\"1800\" data-end=\"1842\">\ud83c\udfca 17h15-18h15 : <em data-start=\"1817\" data-end=\"1840\">Nagez Grandeur Nature<\/em><\/p>\n<\/li>\n<\/ul>\n<p data-start=\"1844\" data-end=\"1959\"><strong data-start=\"1844\" data-end=\"1859\">Inscription<\/strong> : via le QR code pr\u00e9sent sur l\u2019affiche officielle ou directement sur place aupr\u00e8s des \u00e9ducateurs.<\/p>\n<h3 data-start=\"1961\" data-end=\"1997\"><strong data-start=\"1965\" data-end=\"1997\">Un projet r\u00e9gional ambitieux<\/strong><\/h3>\n<p data-start=\"1998\" data-end=\"2276\">NAAGE est le <strong data-start=\"2011\" data-end=\"2035\">premier projet phare<\/strong> de la Conf\u00e9rence R\u00e9gionale du Sport Grand Est en mati\u00e8re de pr\u00e9vention des noyades. L\u2019objectif : rendre l\u2019aisance aquatique accessible \u00e0 tous, r\u00e9duire les risques, et encourager une pratique s\u00e9curis\u00e9e et r\u00e9guli\u00e8re des activit\u00e9s nautiques.<\/p>\n\n\t\t<style type=\"text\/css\">\n\t\t\t#gallery-1 {\n\t\t\t\tmargin: auto;\n\t\t\t}\n\t\t\t#gallery-1 .gallery-item {\n\t\t\t\tfloat: left;\n\t\t\t\tmargin-top: 10px;\n\t\t\t\ttext-align: center;\n\t\t\t\twidth: 33%;\n\t\t\t}\n\t\t\t#gallery-1 img {\n\t\t\t\tborder: 2px solid #cfcfcf;\n\t\t\t}\n\t\t\t#gallery-1 .gallery-caption {\n\t\t\t\tmargin-left: 0;\n\t\t\t}\n\t\t\t\/* see gallery_shortcode() in wp-includes\/media.php *\/\n\t\t<\/style>\n\t\t<div id='gallery-1' class='gallery galleryid-134337 gallery-columns-3 gallery-size-large'><dl class='gallery-item'>\n\t\t\t<dt class='gallery-icon landscape'>\n\t\t\t\t<a href='https:\/\/vosgesinfo.fr\/app\/uploads\/sites\/3\/2025\/08\/domaine-des-lacs-thaon-les-vosges.jpg'><img decoding=\"async\" width=\"1008\" height=\"797\" src=\"https:\/\/vosgesinfo.fr\/app\/uploads\/sites\/3\/2025\/08\/domaine-des-lacs-thaon-les-vosges.jpg\" class=\"attachment-large size-large\" alt=\"\" srcset=\"https:\/\/vosgesinfo.fr\/app\/uploads\/sites\/3\/2025\/08\/domaine-des-lacs-thaon-les-vosges.jpg 1008w, https:\/\/vosgesinfo.fr\/app\/uploads\/sites\/3\/2025\/08\/domaine-des-lacs-thaon-les-vosges-300x237.jpg 300w, https:\/\/vosgesinfo.fr\/app\/uploads\/sites\/3\/2025\/08\/domaine-des-lacs-thaon-les-vosges-768x607.jpg 768w\" sizes=\"(max-width: 1008px) 100vw, 1008px\" \/><\/a>\n\t\t\t<\/dt><\/dl><dl class='gallery-item'>\n\t\t\t<dt class='gallery-icon portrait'>\n\t\t\t\t<a href='https:\/\/vosgesinfo.fr\/app\/uploads\/sites\/3\/2025\/08\/529722886-10229971261486667-3608078328071843629-n.jpg'><img decoding=\"async\" width=\"641\" height=\"905\" src=\"https:\/\/vosgesinfo.fr\/app\/uploads\/sites\/3\/2025\/08\/529722886-10229971261486667-3608078328071843629-n.jpg\" class=\"attachment-large size-large\" alt=\"\" srcset=\"https:\/\/vosgesinfo.fr\/app\/uploads\/sites\/3\/2025\/08\/529722886-10229971261486667-3608078328071843629-n.jpg 641w, https:\/\/vosgesinfo.fr\/app\/uploads\/sites\/3\/2025\/08\/529722886-10229971261486667-3608078328071843629-n-212x300.jpg 212w\" sizes=\"(max-width: 641px) 100vw, 641px\" \/><\/a>\n\t\t\t<\/dt><\/dl>\n\t\t\t<br style='clear: both' \/>\n\t\t<\/div>\n\n","protected":false},"excerpt":{"rendered":"<p>Chaque \u00e9t\u00e9, les chiffres sont alarmants. Selon Sant\u00e9 publique France, environ 1 000 d\u00e9c\u00e8s par noyade sont enregistr\u00e9s chaque ann\u00e9e, [&hellip;]<\/p>\n","protected":false},"author":52,"featured_media":120865,"comment_status":"open","ping_status":"open","sticky":false,"template":"","format":"standard","meta":{"footnotes":""},"categories":[22,24,10,7,17,5],"tags":[],"class_list":["post-134337","post","type-post","status-publish","format-standard","has-post-thumbnail","hentry","category-a-la-une","category-epinal","category-societe","category-sport","category-tourisme","category-vosges"],"acf":[],"yoast_head":"<!-- This site is optimized with the Yoast SEO plugin v22.5 - https:\/\/yoast.com\/wordpress\/plugins\/seo\/ -->\n<title>Thaon-les-Vosges : le programme NAAGE s\u2019installe au Domaine des Lacs pour pr\u00e9venir les noyades - Epinal Info<\/title>\n<meta name=\"robots\" content=\"index, follow, max-snippet:-1, max-image-preview:large, max-video-preview:-1\" \/>\n<link rel=\"canonical\" href=\"https:\/\/vosgesinfo.fr\/epinalinfo\/2025\/08\/thaon-les-vosges-le-programme-naage-sinstalle-au-domaine-des-lacs-pour-prevenir-les-noyades\/\" \/>\n<meta name=\"twitter:card\" content=\"summary_large_image\" \/>\n<meta name=\"twitter:title\" content=\"Thaon-les-Vosges : le programme NAAGE s\u2019installe au Domaine des Lacs pour pr\u00e9venir les noyades - Epinal Info\" \/>\n<meta name=\"twitter:description\" content=\"Chaque \u00e9t\u00e9, les chiffres sont alarmants. Selon Sant\u00e9 publique France, environ 1 000 d\u00e9c\u00e8s par noyade sont enregistr\u00e9s chaque ann\u00e9e, [&hellip;]\" \/>\n<meta name=\"twitter:image\" content=\"https:\/\/vosgesinfo.fr\/app\/uploads\/sites\/3\/2024\/08\/domaine-des-lacs-thaon.jpg\" \/>\n<meta name=\"twitter:creator\" content=\"@VosgesInfo88\" \/>\n<meta name=\"twitter:site\" content=\"@VosgesInfo88\" \/>\n<meta name=\"twitter:label1\" content=\"\u00c9crit par\" \/>\n\t<meta name=\"twitter:data1\" content=\"C.K.\" \/>\n\t<meta name=\"twitter:label2\" content=\"Dur\u00e9e de lecture estim\u00e9e\" \/>\n\t<meta name=\"twitter:data2\" content=\"2 minutes\" \/>\n<script type=\"application\/ld+json\" class=\"yoast-schema-graph\">{\"@context\":\"https:\/\/schema.org\",\"@graph\":[{\"@type\":\"Article\",\"@id\":\"https:\/\/vosgesinfo.fr\/epinalinfo\/2025\/08\/thaon-les-vosges-le-programme-naage-sinstalle-au-domaine-des-lacs-pour-prevenir-les-noyades\/#article\",\"isPartOf\":{\"@id\":\"https:\/\/vosgesinfo.fr\/epinalinfo\/2025\/08\/thaon-les-vosges-le-programme-naage-sinstalle-au-domaine-des-lacs-pour-prevenir-les-noyades\/\"},\"author\":{\"name\":\"C.K.\",\"@id\":\"https:\/\/vosgesinfo.fr\/epinalinfo\/#\/schema\/person\/6f9a650eeea99d969b6c4ab78fccbe81\"},\"headline\":\"Thaon-les-Vosges : le programme NAAGE s\u2019installe au Domaine des Lacs pour pr\u00e9venir les noyades\",\"datePublished\":\"2025-08-14T16:50:15+00:00\",\"dateModified\":\"2025-08-18T14:45:38+00:00\",\"mainEntityOfPage\":{\"@id\":\"https:\/\/vosgesinfo.fr\/epinalinfo\/2025\/08\/thaon-les-vosges-le-programme-naage-sinstalle-au-domaine-des-lacs-pour-prevenir-les-noyades\/\"},\"wordCount\":358,\"commentCount\":0,\"publisher\":{\"@id\":\"https:\/\/vosgesinfo.fr\/epinalinfo\/#organization\"},\"image\":{\"@id\":\"https:\/\/vosgesinfo.fr\/epinalinfo\/2025\/08\/thaon-les-vosges-le-programme-naage-sinstalle-au-domaine-des-lacs-pour-prevenir-les-noyades\/#primaryimage\"},\"thumbnailUrl\":\"https:\/\/vosgesinfo.fr\/app\/uploads\/sites\/3\/2024\/08\/domaine-des-lacs-thaon.jpg\",\"articleSection\":[\"A la Une\",\"Epinal\",\"Soci\u00e9t\u00e9\",\"Sport\",\"Tourisme\",\"Vosges\"],\"inLanguage\":\"fr-FR\",\"potentialAction\":[{\"@type\":\"CommentAction\",\"name\":\"Comment\",\"target\":[\"https:\/\/vosgesinfo.fr\/epinalinfo\/2025\/08\/thaon-les-vosges-le-programme-naage-sinstalle-au-domaine-des-lacs-pour-prevenir-les-noyades\/#respond\"]}]},{\"@type\":\"WebPage\",\"@id\":\"https:\/\/vosgesinfo.fr\/epinalinfo\/2025\/08\/thaon-les-vosges-le-programme-naage-sinstalle-au-domaine-des-lacs-pour-prevenir-les-noyades\/\",\"url\":\"https:\/\/vosgesinfo.fr\/epinalinfo\/2025\/08\/thaon-les-vosges-le-programme-naage-sinstalle-au-domaine-des-lacs-pour-prevenir-les-noyades\/\",\"name\":\"Thaon-les-Vosges : le programme NAAGE s\u2019installe au Domaine des Lacs pour pr\u00e9venir les noyades - Epinal Info\",\"isPartOf\":{\"@id\":\"https:\/\/vosgesinfo.fr\/epinalinfo\/#website\"},\"primaryImageOfPage\":{\"@id\":\"https:\/\/vosgesinfo.fr\/epinalinfo\/2025\/08\/thaon-les-vosges-le-programme-naage-sinstalle-au-domaine-des-lacs-pour-prevenir-les-noyades\/#primaryimage\"},\"image\":{\"@id\":\"https:\/\/vosgesinfo.fr\/epinalinfo\/2025\/08\/thaon-les-vosges-le-programme-naage-sinstalle-au-domaine-des-lacs-pour-prevenir-les-noyades\/#primaryimage\"},\"thumbnailUrl\":\"https:\/\/vosgesinfo.fr\/app\/uploads\/sites\/3\/2024\/08\/domaine-des-lacs-thaon.jpg\",\"datePublished\":\"2025-08-14T16:50:15+00:00\",\"dateModified\":\"2025-08-18T14:45:38+00:00\",\"breadcrumb\":{\"@id\":\"https:\/\/vosgesinfo.fr\/epinalinfo\/2025\/08\/thaon-les-vosges-le-programme-naage-sinstalle-au-domaine-des-lacs-pour-prevenir-les-noyades\/#breadcrumb\"},\"inLanguage\":\"fr-FR\",\"potentialAction\":[{\"@type\":\"ReadAction\",\"target\":[\"https:\/\/vosgesinfo.fr\/epinalinfo\/2025\/08\/thaon-les-vosges-le-programme-naage-sinstalle-au-domaine-des-lacs-pour-prevenir-les-noyades\/\"]}]},{\"@type\":\"ImageObject\",\"inLanguage\":\"fr-FR\",\"@id\":\"https:\/\/vosgesinfo.fr\/epinalinfo\/2025\/08\/thaon-les-vosges-le-programme-naage-sinstalle-au-domaine-des-lacs-pour-prevenir-les-noyades\/#primaryimage\",\"url\":\"https:\/\/vosgesinfo.fr\/app\/uploads\/sites\/3\/2024\/08\/domaine-des-lacs-thaon.jpg\",\"contentUrl\":\"https:\/\/vosgesinfo.fr\/app\/uploads\/sites\/3\/2024\/08\/domaine-des-lacs-thaon.jpg\",\"width\":2000,\"height\":1333,\"caption\":\"photo archives\"},{\"@type\":\"BreadcrumbList\",\"@id\":\"https:\/\/vosgesinfo.fr\/epinalinfo\/2025\/08\/thaon-les-vosges-le-programme-naage-sinstalle-au-domaine-des-lacs-pour-prevenir-les-noyades\/#breadcrumb\",\"itemListElement\":[{\"@type\":\"ListItem\",\"position\":1,\"name\":\"Home\",\"item\":\"https:\/\/vosgesinfo.fr\/epinalinfo\/\"},{\"@type\":\"ListItem\",\"position\":2,\"name\":\"Thaon-les-Vosges : le programme NAAGE s\u2019installe au Domaine des Lacs pour pr\u00e9venir les noyades\"}]},{\"@type\":\"WebSite\",\"@id\":\"https:\/\/vosgesinfo.fr\/epinalinfo\/#website\",\"url\":\"https:\/\/vosgesinfo.fr\/epinalinfo\/\",\"name\":\"Epinal Info\",\"description\":\"Toute l&#039;actualit\u00e9 d&#039;\u00c9pinal\",\"publisher\":{\"@id\":\"https:\/\/vosgesinfo.fr\/epinalinfo\/#organization\"},\"alternateName\":\"Toute l'actualit\u00e9 d'\u00c9pinal\",\"potentialAction\":[{\"@type\":\"SearchAction\",\"target\":{\"@type\":\"EntryPoint\",\"urlTemplate\":\"https:\/\/vosgesinfo.fr\/epinalinfo\/?s={search_term_string}\"},\"query-input\":\"required name=search_term_string\"}],\"inLanguage\":\"fr-FR\"},{\"@type\":\"Organization\",\"@id\":\"https:\/\/vosgesinfo.fr\/epinalinfo\/#organization\",\"name\":\"Epinal Info\",\"url\":\"https:\/\/vosgesinfo.fr\/epinalinfo\/\",\"logo\":{\"@type\":\"ImageObject\",\"inLanguage\":\"fr-FR\",\"@id\":\"https:\/\/vosgesinfo.fr\/epinalinfo\/#\/schema\/logo\/image\/\",\"url\":\"https:\/\/vosgesinfo.fr\/app\/uploads\/sites\/3\/2023\/08\/logo-epinalinfos.svg\",\"contentUrl\":\"https:\/\/vosgesinfo.fr\/app\/uploads\/sites\/3\/2023\/08\/logo-epinalinfos.svg\",\"width\":1,\"height\":1,\"caption\":\"Epinal Info\"},\"image\":{\"@id\":\"https:\/\/vosgesinfo.fr\/epinalinfo\/#\/schema\/logo\/image\/\"},\"sameAs\":[\"https:\/\/www.facebook.com\/Epinalinfos\",\"https:\/\/x.com\/VosgesInfo88\",\"https:\/\/www.youtube.com\/@vosgesinfo\"]},{\"@type\":\"Person\",\"@id\":\"https:\/\/vosgesinfo.fr\/epinalinfo\/#\/schema\/person\/6f9a650eeea99d969b6c4ab78fccbe81\",\"name\":\"C.K.\",\"image\":{\"@type\":\"ImageObject\",\"inLanguage\":\"fr-FR\",\"@id\":\"https:\/\/vosgesinfo.fr\/epinalinfo\/#\/schema\/person\/image\/\",\"url\":\"https:\/\/secure.gravatar.com\/avatar\/48e3fc7f8421ba8942be6b74a2b7f014ca39bc00dece156b7a8e098ae7dc87bf?s=96&d=mm&r=g\",\"contentUrl\":\"https:\/\/secure.gravatar.com\/avatar\/48e3fc7f8421ba8942be6b74a2b7f014ca39bc00dece156b7a8e098ae7dc87bf?s=96&d=mm&r=g\",\"caption\":\"C.K.\"},\"url\":\"https:\/\/vosgesinfo.fr\/epinalinfo\/author\/celia-k-n\/\"}]}<\/script>\n<!-- \/ Yoast SEO plugin. -->","yoast_head_json":{"title":"Thaon-les-Vosges : le programme NAAGE s\u2019installe au Domaine des Lacs pour pr\u00e9venir les noyades - Epinal Info","robots":{"index":"index","follow":"follow","max-snippet":"max-snippet:-1","max-image-preview":"max-image-preview:large","max-video-preview":"max-video-preview:-1"},"canonical":"https:\/\/vosgesinfo.fr\/epinalinfo\/2025\/08\/thaon-les-vosges-le-programme-naage-sinstalle-au-domaine-des-lacs-pour-prevenir-les-noyades\/","twitter_card":"summary_large_image","twitter_title":"Thaon-les-Vosges : le programme NAAGE s\u2019installe au Domaine des Lacs pour pr\u00e9venir les noyades - Epinal Info","twitter_description":"Chaque \u00e9t\u00e9, les chiffres sont alarmants. Selon Sant\u00e9 publique France, environ 1 000 d\u00e9c\u00e8s par noyade sont enregistr\u00e9s chaque ann\u00e9e, [&hellip;]","twitter_image":"https:\/\/vosgesinfo.fr\/app\/uploads\/sites\/3\/2024\/08\/domaine-des-lacs-thaon.jpg","twitter_creator":"@VosgesInfo88","twitter_site":"@VosgesInfo88","twitter_misc":{"\u00c9crit par":"C.K.","Dur\u00e9e de lecture estim\u00e9e":"2 minutes"},"schema":{"@context":"https:\/\/schema.org","@graph":[{"@type":"Article","@id":"https:\/\/vosgesinfo.fr\/epinalinfo\/2025\/08\/thaon-les-vosges-le-programme-naage-sinstalle-au-domaine-des-lacs-pour-prevenir-les-noyades\/#article","isPartOf":{"@id":"https:\/\/vosgesinfo.fr\/epinalinfo\/2025\/08\/thaon-les-vosges-le-programme-naage-sinstalle-au-domaine-des-lacs-pour-prevenir-les-noyades\/"},"author":{"name":"C.K.","@id":"https:\/\/vosgesinfo.fr\/epinalinfo\/#\/schema\/person\/6f9a650eeea99d969b6c4ab78fccbe81"},"headline":"Thaon-les-Vosges : le programme NAAGE s\u2019installe au Domaine des Lacs pour pr\u00e9venir les noyades","datePublished":"2025-08-14T16:50:15+00:00","dateModified":"2025-08-18T14:45:38+00:00","mainEntityOfPage":{"@id":"https:\/\/vosgesinfo.fr\/epinalinfo\/2025\/08\/thaon-les-vosges-le-programme-naage-sinstalle-au-domaine-des-lacs-pour-prevenir-les-noyades\/"},"wordCount":358,"commentCount":0,"publisher":{"@id":"https:\/\/vosgesinfo.fr\/epinalinfo\/#organization"},"image":{"@id":"https:\/\/vosgesinfo.fr\/epinalinfo\/2025\/08\/thaon-les-vosges-le-programme-naage-sinstalle-au-domaine-des-lacs-pour-prevenir-les-noyades\/#primaryimage"},"thumbnailUrl":"https:\/\/vosgesinfo.fr\/app\/uploads\/sites\/3\/2024\/08\/domaine-des-lacs-thaon.jpg","articleSection":["A la Une","Epinal","Soci\u00e9t\u00e9","Sport","Tourisme","Vosges"],"inLanguage":"fr-FR","potentialAction":[{"@type":"CommentAction","name":"Comment","target":["https:\/\/vosgesinfo.fr\/epinalinfo\/2025\/08\/thaon-les-vosges-le-programme-naage-sinstalle-au-domaine-des-lacs-pour-prevenir-les-noyades\/#respond"]}]},{"@type":"WebPage","@id":"https:\/\/vosgesinfo.fr\/epinalinfo\/2025\/08\/thaon-les-vosges-le-programme-naage-sinstalle-au-domaine-des-lacs-pour-prevenir-les-noyades\/","url":"https:\/\/vosgesinfo.fr\/epinalinfo\/2025\/08\/thaon-les-vosges-le-programme-naage-sinstalle-au-domaine-des-lacs-pour-prevenir-les-noyades\/","name":"Thaon-les-Vosges : le programme NAAGE s\u2019installe au Domaine des Lacs pour pr\u00e9venir les noyades - Epinal Info","isPartOf":{"@id":"https:\/\/vosgesinfo.fr\/epinalinfo\/#website"},"primaryImageOfPage":{"@id":"https:\/\/vosgesinfo.fr\/epinalinfo\/2025\/08\/thaon-les-vosges-le-programme-naage-sinstalle-au-domaine-des-lacs-pour-prevenir-les-noyades\/#primaryimage"},"image":{"@id":"https:\/\/vosgesinfo.fr\/epinalinfo\/2025\/08\/thaon-les-vosges-le-programme-naage-sinstalle-au-domaine-des-lacs-pour-prevenir-les-noyades\/#primaryimage"},"thumbnailUrl":"https:\/\/vosgesinfo.fr\/app\/uploads\/sites\/3\/2024\/08\/domaine-des-lacs-thaon.jpg","datePublished":"2025-08-14T16:50:15+00:00","dateModified":"2025-08-18T14:45:38+00:00","breadcrumb":{"@id":"https:\/\/vosgesinfo.fr\/epinalinfo\/2025\/08\/thaon-les-vosges-le-programme-naage-sinstalle-au-domaine-des-lacs-pour-prevenir-les-noyades\/#breadcrumb"},"inLanguage":"fr-FR","potentialAction":[{"@type":"ReadAction","target":["https:\/\/vosgesinfo.fr\/epinalinfo\/2025\/08\/thaon-les-vosges-le-programme-naage-sinstalle-au-domaine-des-lacs-pour-prevenir-les-noyades\/"]}]},{"@type":"ImageObject","inLanguage":"fr-FR","@id":"https:\/\/vosgesinfo.fr\/epinalinfo\/2025\/08\/thaon-les-vosges-le-programme-naage-sinstalle-au-domaine-des-lacs-pour-prevenir-les-noyades\/#primaryimage","url":"https:\/\/vosgesinfo.fr\/app\/uploads\/sites\/3\/2024\/08\/domaine-des-lacs-thaon.jpg","contentUrl":"https:\/\/vosgesinfo.fr\/app\/uploads\/sites\/3\/2024\/08\/domaine-des-lacs-thaon.jpg","width":2000,"height":1333,"caption":"photo archives"},{"@type":"BreadcrumbList","@id":"https:\/\/vosgesinfo.fr\/epinalinfo\/2025\/08\/thaon-les-vosges-le-programme-naage-sinstalle-au-domaine-des-lacs-pour-prevenir-les-noyades\/#breadcrumb","itemListElement":[{"@type":"ListItem","position":1,"name":"Home","item":"https:\/\/vosgesinfo.fr\/epinalinfo\/"},{"@type":"ListItem","position":2,"name":"Thaon-les-Vosges : le programme NAAGE s\u2019installe au Domaine des Lacs pour pr\u00e9venir les noyades"}]},{"@type":"WebSite","@id":"https:\/\/vosgesinfo.fr\/epinalinfo\/#website","url":"https:\/\/vosgesinfo.fr\/epinalinfo\/","name":"Epinal Info","description":"Toute l&#039;actualit\u00e9 d&#039;\u00c9pinal","publisher":{"@id":"https:\/\/vosgesinfo.fr\/epinalinfo\/#organization"},"alternateName":"Toute l'actualit\u00e9 d'\u00c9pinal","potentialAction":[{"@type":"SearchAction","target":{"@type":"EntryPoint","urlTemplate":"https:\/\/vosgesinfo.fr\/epinalinfo\/?s={search_term_string}"},"query-input":"required name=search_term_string"}],"inLanguage":"fr-FR"},{"@type":"Organization","@id":"https:\/\/vosgesinfo.fr\/epinalinfo\/#organization","name":"Epinal Info","url":"https:\/\/vosgesinfo.fr\/epinalinfo\/","logo":{"@type":"ImageObject","inLanguage":"fr-FR","@id":"https:\/\/vosgesinfo.fr\/epinalinfo\/#\/schema\/logo\/image\/","url":"https:\/\/vosgesinfo.fr\/app\/uploads\/sites\/3\/2023\/08\/logo-epinalinfos.svg","contentUrl":"https:\/\/vosgesinfo.fr\/app\/uploads\/sites\/3\/2023\/08\/logo-epinalinfos.svg","width":1,"height":1,"caption":"Epinal Info"},"image":{"@id":"https:\/\/vosgesinfo.fr\/epinalinfo\/#\/schema\/logo\/image\/"},"sameAs":["https:\/\/www.facebook.com\/Epinalinfos","https:\/\/x.com\/VosgesInfo88","https:\/\/www.youtube.com\/@vosgesinfo"]},{"@type":"Person","@id":"https:\/\/vosgesinfo.fr\/epinalinfo\/#\/schema\/person\/6f9a650eeea99d969b6c4ab78fccbe81","name":"C.K.","image":{"@type":"ImageObject","inLanguage":"fr-FR","@id":"https:\/\/vosgesinfo.fr\/epinalinfo\/#\/schema\/person\/image\/","url":"https:\/\/secure.gravatar.com\/avatar\/48e3fc7f8421ba8942be6b74a2b7f014ca39bc00dece156b7a8e098ae7dc87bf?s=96&d=mm&r=g","contentUrl":"https:\/\/secure.gravatar.com\/avatar\/48e3fc7f8421ba8942be6b74a2b7f014ca39bc00dece156b7a8e098ae7dc87bf?s=96&d=mm&r=g","caption":"C.K."},"url":"https:\/\/vosgesinfo.fr\/epinalinfo\/author\/celia-k-n\/"}]}},"_links":{"self":[{"href":"https:\/\/vosgesinfo.fr\/epinalinfo\/wp-json\/wp\/v2\/posts\/134337","targetHints":{"allow":["GET"]}}],"collection":[{"href":"https:\/\/vosgesinfo.fr\/epinalinfo\/wp-json\/wp\/v2\/posts"}],"about":[{"href":"https:\/\/vosgesinfo.fr\/epinalinfo\/wp-json\/wp\/v2\/types\/post"}],"author":[{"embeddable":true,"href":"https:\/\/vosgesinfo.fr\/epinalinfo\/wp-json\/wp\/v2\/users\/52"}],"replies":[{"embeddable":true,"href":"https:\/\/vosgesinfo.fr\/epinalinfo\/wp-json\/wp\/v2\/comments?post=134337"}],"version-history":[{"count":1,"href":"https:\/\/vosgesinfo.fr\/epinalinfo\/wp-json\/wp\/v2\/posts\/134337\/revisions"}],"predecessor-version":[{"id":134340,"href":"https:\/\/vosgesinfo.fr\/epinalinfo\/wp-json\/wp\/v2\/posts\/134337\/revisions\/134340"}],"wp:featuredmedia":[{"embeddable":true,"href":"https:\/\/vosgesinfo.fr\/epinalinfo\/wp-json\/wp\/v2\/media\/120865"}],"wp:attachment":[{"href":"https:\/\/vosgesinfo.fr\/epinalinfo\/wp-json\/wp\/v2\/media?parent=134337"}],"wp:term":[{"taxonomy":"category","embeddable":true,"href":"https:\/\/vosgesinfo.fr\/epinalinfo\/wp-json\/wp\/v2\/categories?post=134337"},{"taxonomy":"post_tag","embeddable":true,"href":"https:\/\/vosgesinfo.fr\/epinalinfo\/wp-json\/wp\/v2\/tags?post=134337"}],"curies":[{"name":"wp","href":"https:\/\/api.w.org\/{rel}","templated":true}]}}