{"id":134350,"date":"2025-08-16T12:10:13","date_gmt":"2025-08-16T10:10:13","guid":{"rendered":"https:\/\/vosgesinfo.fr\/epinalinfo\/?p=134350"},"modified":"2025-08-16T12:00:18","modified_gmt":"2025-08-16T10:00:18","slug":"dir-est-700-kg-de-dechets-par-kilometre-chaque-annee-un-fleau-sur-nos-routes","status":"publish","type":"post","link":"https:\/\/vosgesinfo.fr\/epinalinfo\/2025\/08\/dir-est-700-kg-de-dechets-par-kilometre-chaque-annee-un-fleau-sur-nos-routes\/","title":{"rendered":"Dir Est : 700 kg de d\u00e9chets par kilom\u00e8tre chaque ann\u00e9e : un fl\u00e9au sur nos routes"},"content":{"rendered":"<div id=\"attachment_134351\" style=\"width: 970px\" class=\"wp-caption aligncenter\"><a href=\"https:\/\/vosgesinfo.fr\/app\/uploads\/sites\/3\/2025\/08\/dechets-route-1.jpg\"><img decoding=\"async\" aria-describedby=\"caption-attachment-134351\" class=\"wp-image-134351 size-full\" src=\"https:\/\/vosgesinfo.fr\/app\/uploads\/sites\/3\/2025\/08\/dechets-route-1.jpg\" alt=\"\" width=\"960\" height=\"640\" srcset=\"https:\/\/vosgesinfo.fr\/app\/uploads\/sites\/3\/2025\/08\/dechets-route-1.jpg 960w, https:\/\/vosgesinfo.fr\/app\/uploads\/sites\/3\/2025\/08\/dechets-route-1-300x200.jpg 300w, https:\/\/vosgesinfo.fr\/app\/uploads\/sites\/3\/2025\/08\/dechets-route-1-768x512.jpg 768w\" sizes=\"(max-width: 960px) 100vw, 960px\" \/><\/a><p id=\"caption-attachment-134351\" class=\"wp-caption-text\">illustration<\/p><\/div>\n<h2 data-start=\"163\" data-end=\"496\"><strong>Chaque ann\u00e9e, la Direction Interd\u00e9partementale des Routes de l\u2019Est (DIR Est) ramasse en moyenne 700 kilos de d\u00e9chets par kilom\u00e8tre sur les autoroutes et routes nationales. Un chiffre alarmant qui illustre l\u2019ampleur de l\u2019incivilit\u00e9 routi\u00e8re et ses cons\u00e9quences directes sur l\u2019environnement, la s\u00e9curit\u00e9 et le travail des agents.<\/strong><\/h2>\n<p data-start=\"498\" data-end=\"658\">En ce week-end du 15 ao\u00fbt, marqu\u00e9 par un <strong data-start=\"539\" data-end=\"569\">fort chass\u00e9-crois\u00e9 estival<\/strong>, la vigilance est de mise : la propret\u00e9 des routes est aussi une question de s\u00e9curit\u00e9.<\/p>\n<h4 data-start=\"660\" data-end=\"712\">Des gestes simples pour des routes plus s\u00fbres<\/h4>\n<ul data-start=\"713\" data-end=\"1062\">\n<li data-start=\"713\" data-end=\"862\">\n<p data-start=\"715\" data-end=\"862\">\ud83d\uded1 <strong data-start=\"718\" data-end=\"750\">Ne jetez rien par la fen\u00eatre<\/strong> : un d\u00e9chet jet\u00e9 en circulation peut provoquer un accident en surprenant un conducteur ou en g\u00eanant une moto.<\/p>\n<\/li>\n<li data-start=\"863\" data-end=\"974\">\n<p data-start=\"865\" data-end=\"974\">\ud83d\udce6 <strong data-start=\"868\" data-end=\"896\">V\u00e9rifiez vos chargements<\/strong> : un objet mal attach\u00e9 peut tomber et se transformer en obstacle dangereux.<\/p>\n<\/li>\n<li data-start=\"975\" data-end=\"1062\">\n<p data-start=\"977\" data-end=\"1062\">\ud83d\uddd1 <strong data-start=\"980\" data-end=\"1006\">Utilisez les poubelles<\/strong> pr\u00e9sentes sur les aires de repos et stations-service.<\/p>\n<\/li>\n<\/ul>\n<h4 data-start=\"1064\" data-end=\"1095\">Des cons\u00e9quences lourdes<\/h4>\n<p data-start=\"1096\" data-end=\"1330\">Un simple geste d\u2019incivilit\u00e9 peut mettre en danger les automobilistes, mais aussi les agents charg\u00e9s de l\u2019entretien des routes. Le ramassage de d\u00e9chets n\u00e9cessite souvent des interventions en bord de chauss\u00e9e, au plus pr\u00e8s du trafic.<\/p>\n<p data-start=\"1332\" data-end=\"1479\">De plus, la loi est claire : <strong data-start=\"1361\" data-end=\"1443\">jeter un d\u00e9chet sur la route est passible d\u2019une amende pouvant atteindre 750 \u20ac<\/strong> (article R. 634-2 du Code p\u00e9nal).<\/p>\n<h4 data-start=\"1481\" data-end=\"1520\">Le civisme, un r\u00e9flexe \u00e0 adopter<\/h4>\n<p data-start=\"1521\" data-end=\"1699\">La route est un espace partag\u00e9. En ce week-end de grands d\u00e9parts et retours, chacun a un r\u00f4le \u00e0 jouer pour prot\u00e9ger non seulement l\u2019environnement, mais aussi les vies humaines.<\/p>\n<p data-start=\"1521\" data-end=\"1699\">\n","protected":false},"excerpt":{"rendered":"<p>Chaque ann\u00e9e, la Direction Interd\u00e9partementale des Routes de l\u2019Est (DIR Est) ramasse en moyenne 700 kilos de d\u00e9chets par kilom\u00e8tre [&hellip;]<\/p>\n","protected":false},"author":52,"featured_media":134351,"comment_status":"open","ping_status":"open","sticky":false,"template":"","format":"standard","meta":{"footnotes":""},"categories":[22,16,24,10,5],"tags":[],"class_list":["post-134350","post","type-post","status-publish","format-standard","has-post-thumbnail","hentry","category-a-la-une","category-environnement","category-epinal","category-societe","category-vosges"],"acf":[],"yoast_head":"<!-- This site is optimized with the Yoast SEO plugin v22.5 - https:\/\/yoast.com\/wordpress\/plugins\/seo\/ -->\n<title>Dir Est : 700 kg de d\u00e9chets par kilom\u00e8tre chaque ann\u00e9e : un fl\u00e9au sur nos routes - Epinal Info<\/title>\n<meta name=\"robots\" content=\"index, follow, max-snippet:-1, max-image-preview:large, max-video-preview:-1\" \/>\n<link rel=\"canonical\" href=\"https:\/\/vosgesinfo.fr\/epinalinfo\/2025\/08\/dir-est-700-kg-de-dechets-par-kilometre-chaque-annee-un-fleau-sur-nos-routes\/\" \/>\n<meta name=\"twitter:card\" content=\"summary_large_image\" \/>\n<meta name=\"twitter:title\" content=\"Dir Est : 700 kg de d\u00e9chets par kilom\u00e8tre chaque ann\u00e9e : un fl\u00e9au sur nos routes - Epinal Info\" \/>\n<meta name=\"twitter:description\" content=\"Chaque ann\u00e9e, la Direction Interd\u00e9partementale des Routes de l\u2019Est (DIR Est) ramasse en moyenne 700 kilos de d\u00e9chets par kilom\u00e8tre [&hellip;]\" \/>\n<meta name=\"twitter:image\" content=\"https:\/\/vosgesinfo.fr\/app\/uploads\/sites\/3\/2025\/08\/dechets-route-1.jpg\" \/>\n<meta name=\"twitter:creator\" content=\"@VosgesInfo88\" \/>\n<meta name=\"twitter:site\" content=\"@VosgesInfo88\" \/>\n<meta name=\"twitter:label1\" content=\"\u00c9crit par\" \/>\n\t<meta name=\"twitter:data1\" content=\"C.K.\" \/>\n\t<meta name=\"twitter:label2\" content=\"Dur\u00e9e de lecture estim\u00e9e\" \/>\n\t<meta name=\"twitter:data2\" content=\"1 minute\" \/>\n<script type=\"application\/ld+json\" class=\"yoast-schema-graph\">{\"@context\":\"https:\/\/schema.org\",\"@graph\":[{\"@type\":\"Article\",\"@id\":\"https:\/\/vosgesinfo.fr\/epinalinfo\/2025\/08\/dir-est-700-kg-de-dechets-par-kilometre-chaque-annee-un-fleau-sur-nos-routes\/#article\",\"isPartOf\":{\"@id\":\"https:\/\/vosgesinfo.fr\/epinalinfo\/2025\/08\/dir-est-700-kg-de-dechets-par-kilometre-chaque-annee-un-fleau-sur-nos-routes\/\"},\"author\":{\"name\":\"C.K.\",\"@id\":\"https:\/\/vosgesinfo.fr\/epinalinfo\/#\/schema\/person\/6f9a650eeea99d969b6c4ab78fccbe81\"},\"headline\":\"Dir Est : 700 kg de d\u00e9chets par kilom\u00e8tre chaque ann\u00e9e : un fl\u00e9au sur nos routes\",\"datePublished\":\"2025-08-16T10:10:13+00:00\",\"dateModified\":\"2025-08-16T10:00:18+00:00\",\"mainEntityOfPage\":{\"@id\":\"https:\/\/vosgesinfo.fr\/epinalinfo\/2025\/08\/dir-est-700-kg-de-dechets-par-kilometre-chaque-annee-un-fleau-sur-nos-routes\/\"},\"wordCount\":290,\"commentCount\":4,\"publisher\":{\"@id\":\"https:\/\/vosgesinfo.fr\/epinalinfo\/#organization\"},\"image\":{\"@id\":\"https:\/\/vosgesinfo.fr\/epinalinfo\/2025\/08\/dir-est-700-kg-de-dechets-par-kilometre-chaque-annee-un-fleau-sur-nos-routes\/#primaryimage\"},\"thumbnailUrl\":\"https:\/\/vosgesinfo.fr\/app\/uploads\/sites\/3\/2025\/08\/dechets-route-1.jpg\",\"articleSection\":[\"A la Une\",\"Environnement\",\"Epinal\",\"Soci\u00e9t\u00e9\",\"Vosges\"],\"inLanguage\":\"fr-FR\",\"potentialAction\":[{\"@type\":\"CommentAction\",\"name\":\"Comment\",\"target\":[\"https:\/\/vosgesinfo.fr\/epinalinfo\/2025\/08\/dir-est-700-kg-de-dechets-par-kilometre-chaque-annee-un-fleau-sur-nos-routes\/#respond\"]}]},{\"@type\":\"WebPage\",\"@id\":\"https:\/\/vosgesinfo.fr\/epinalinfo\/2025\/08\/dir-est-700-kg-de-dechets-par-kilometre-chaque-annee-un-fleau-sur-nos-routes\/\",\"url\":\"https:\/\/vosgesinfo.fr\/epinalinfo\/2025\/08\/dir-est-700-kg-de-dechets-par-kilometre-chaque-annee-un-fleau-sur-nos-routes\/\",\"name\":\"Dir Est : 700 kg de d\u00e9chets par kilom\u00e8tre chaque ann\u00e9e : un fl\u00e9au sur nos routes - Epinal Info\",\"isPartOf\":{\"@id\":\"https:\/\/vosgesinfo.fr\/epinalinfo\/#website\"},\"primaryImageOfPage\":{\"@id\":\"https:\/\/vosgesinfo.fr\/epinalinfo\/2025\/08\/dir-est-700-kg-de-dechets-par-kilometre-chaque-annee-un-fleau-sur-nos-routes\/#primaryimage\"},\"image\":{\"@id\":\"https:\/\/vosgesinfo.fr\/epinalinfo\/2025\/08\/dir-est-700-kg-de-dechets-par-kilometre-chaque-annee-un-fleau-sur-nos-routes\/#primaryimage\"},\"thumbnailUrl\":\"https:\/\/vosgesinfo.fr\/app\/uploads\/sites\/3\/2025\/08\/dechets-route-1.jpg\",\"datePublished\":\"2025-08-16T10:10:13+00:00\",\"dateModified\":\"2025-08-16T10:00:18+00:00\",\"breadcrumb\":{\"@id\":\"https:\/\/vosgesinfo.fr\/epinalinfo\/2025\/08\/dir-est-700-kg-de-dechets-par-kilometre-chaque-annee-un-fleau-sur-nos-routes\/#breadcrumb\"},\"inLanguage\":\"fr-FR\",\"potentialAction\":[{\"@type\":\"ReadAction\",\"target\":[\"https:\/\/vosgesinfo.fr\/epinalinfo\/2025\/08\/dir-est-700-kg-de-dechets-par-kilometre-chaque-annee-un-fleau-sur-nos-routes\/\"]}]},{\"@type\":\"ImageObject\",\"inLanguage\":\"fr-FR\",\"@id\":\"https:\/\/vosgesinfo.fr\/epinalinfo\/2025\/08\/dir-est-700-kg-de-dechets-par-kilometre-chaque-annee-un-fleau-sur-nos-routes\/#primaryimage\",\"url\":\"https:\/\/vosgesinfo.fr\/app\/uploads\/sites\/3\/2025\/08\/dechets-route-1.jpg\",\"contentUrl\":\"https:\/\/vosgesinfo.fr\/app\/uploads\/sites\/3\/2025\/08\/dechets-route-1.jpg\",\"width\":960,\"height\":640},{\"@type\":\"BreadcrumbList\",\"@id\":\"https:\/\/vosgesinfo.fr\/epinalinfo\/2025\/08\/dir-est-700-kg-de-dechets-par-kilometre-chaque-annee-un-fleau-sur-nos-routes\/#breadcrumb\",\"itemListElement\":[{\"@type\":\"ListItem\",\"position\":1,\"name\":\"Home\",\"item\":\"https:\/\/vosgesinfo.fr\/epinalinfo\/\"},{\"@type\":\"ListItem\",\"position\":2,\"name\":\"Dir Est : 700 kg de d\u00e9chets par kilom\u00e8tre chaque ann\u00e9e : un fl\u00e9au sur nos routes\"}]},{\"@type\":\"WebSite\",\"@id\":\"https:\/\/vosgesinfo.fr\/epinalinfo\/#website\",\"url\":\"https:\/\/vosgesinfo.fr\/epinalinfo\/\",\"name\":\"Epinal Info\",\"description\":\"Toute l&#039;actualit\u00e9 d&#039;\u00c9pinal\",\"publisher\":{\"@id\":\"https:\/\/vosgesinfo.fr\/epinalinfo\/#organization\"},\"alternateName\":\"Toute l'actualit\u00e9 d'\u00c9pinal\",\"potentialAction\":[{\"@type\":\"SearchAction\",\"target\":{\"@type\":\"EntryPoint\",\"urlTemplate\":\"https:\/\/vosgesinfo.fr\/epinalinfo\/?s={search_term_string}\"},\"query-input\":\"required name=search_term_string\"}],\"inLanguage\":\"fr-FR\"},{\"@type\":\"Organization\",\"@id\":\"https:\/\/vosgesinfo.fr\/epinalinfo\/#organization\",\"name\":\"Epinal Info\",\"url\":\"https:\/\/vosgesinfo.fr\/epinalinfo\/\",\"logo\":{\"@type\":\"ImageObject\",\"inLanguage\":\"fr-FR\",\"@id\":\"https:\/\/vosgesinfo.fr\/epinalinfo\/#\/schema\/logo\/image\/\",\"url\":\"https:\/\/vosgesinfo.fr\/app\/uploads\/sites\/3\/2023\/08\/logo-epinalinfos.svg\",\"contentUrl\":\"https:\/\/vosgesinfo.fr\/app\/uploads\/sites\/3\/2023\/08\/logo-epinalinfos.svg\",\"width\":1,\"height\":1,\"caption\":\"Epinal Info\"},\"image\":{\"@id\":\"https:\/\/vosgesinfo.fr\/epinalinfo\/#\/schema\/logo\/image\/\"},\"sameAs\":[\"https:\/\/www.facebook.com\/Epinalinfos\",\"https:\/\/x.com\/VosgesInfo88\",\"https:\/\/www.youtube.com\/@vosgesinfo\"]},{\"@type\":\"Person\",\"@id\":\"https:\/\/vosgesinfo.fr\/epinalinfo\/#\/schema\/person\/6f9a650eeea99d969b6c4ab78fccbe81\",\"name\":\"C.K.\",\"image\":{\"@type\":\"ImageObject\",\"inLanguage\":\"fr-FR\",\"@id\":\"https:\/\/vosgesinfo.fr\/epinalinfo\/#\/schema\/person\/image\/\",\"url\":\"https:\/\/secure.gravatar.com\/avatar\/48e3fc7f8421ba8942be6b74a2b7f014ca39bc00dece156b7a8e098ae7dc87bf?s=96&d=mm&r=g\",\"contentUrl\":\"https:\/\/secure.gravatar.com\/avatar\/48e3fc7f8421ba8942be6b74a2b7f014ca39bc00dece156b7a8e098ae7dc87bf?s=96&d=mm&r=g\",\"caption\":\"C.K.\"},\"url\":\"https:\/\/vosgesinfo.fr\/epinalinfo\/author\/celia-k-n\/\"}]}<\/script>\n<!-- \/ Yoast SEO plugin. -->","yoast_head_json":{"title":"Dir Est : 700 kg de d\u00e9chets par kilom\u00e8tre chaque ann\u00e9e : un fl\u00e9au sur nos routes - Epinal Info","robots":{"index":"index","follow":"follow","max-snippet":"max-snippet:-1","max-image-preview":"max-image-preview:large","max-video-preview":"max-video-preview:-1"},"canonical":"https:\/\/vosgesinfo.fr\/epinalinfo\/2025\/08\/dir-est-700-kg-de-dechets-par-kilometre-chaque-annee-un-fleau-sur-nos-routes\/","twitter_card":"summary_large_image","twitter_title":"Dir Est : 700 kg de d\u00e9chets par kilom\u00e8tre chaque ann\u00e9e : un fl\u00e9au sur nos routes - Epinal Info","twitter_description":"Chaque ann\u00e9e, la Direction Interd\u00e9partementale des Routes de l\u2019Est (DIR Est) ramasse en moyenne 700 kilos de d\u00e9chets par kilom\u00e8tre [&hellip;]","twitter_image":"https:\/\/vosgesinfo.fr\/app\/uploads\/sites\/3\/2025\/08\/dechets-route-1.jpg","twitter_creator":"@VosgesInfo88","twitter_site":"@VosgesInfo88","twitter_misc":{"\u00c9crit par":"C.K.","Dur\u00e9e de lecture estim\u00e9e":"1 minute"},"schema":{"@context":"https:\/\/schema.org","@graph":[{"@type":"Article","@id":"https:\/\/vosgesinfo.fr\/epinalinfo\/2025\/08\/dir-est-700-kg-de-dechets-par-kilometre-chaque-annee-un-fleau-sur-nos-routes\/#article","isPartOf":{"@id":"https:\/\/vosgesinfo.fr\/epinalinfo\/2025\/08\/dir-est-700-kg-de-dechets-par-kilometre-chaque-annee-un-fleau-sur-nos-routes\/"},"author":{"name":"C.K.","@id":"https:\/\/vosgesinfo.fr\/epinalinfo\/#\/schema\/person\/6f9a650eeea99d969b6c4ab78fccbe81"},"headline":"Dir Est : 700 kg de d\u00e9chets par kilom\u00e8tre chaque ann\u00e9e : un fl\u00e9au sur nos routes","datePublished":"2025-08-16T10:10:13+00:00","dateModified":"2025-08-16T10:00:18+00:00","mainEntityOfPage":{"@id":"https:\/\/vosgesinfo.fr\/epinalinfo\/2025\/08\/dir-est-700-kg-de-dechets-par-kilometre-chaque-annee-un-fleau-sur-nos-routes\/"},"wordCount":290,"commentCount":4,"publisher":{"@id":"https:\/\/vosgesinfo.fr\/epinalinfo\/#organization"},"image":{"@id":"https:\/\/vosgesinfo.fr\/epinalinfo\/2025\/08\/dir-est-700-kg-de-dechets-par-kilometre-chaque-annee-un-fleau-sur-nos-routes\/#primaryimage"},"thumbnailUrl":"https:\/\/vosgesinfo.fr\/app\/uploads\/sites\/3\/2025\/08\/dechets-route-1.jpg","articleSection":["A la Une","Environnement","Epinal","Soci\u00e9t\u00e9","Vosges"],"inLanguage":"fr-FR","potentialAction":[{"@type":"CommentAction","name":"Comment","target":["https:\/\/vosgesinfo.fr\/epinalinfo\/2025\/08\/dir-est-700-kg-de-dechets-par-kilometre-chaque-annee-un-fleau-sur-nos-routes\/#respond"]}]},{"@type":"WebPage","@id":"https:\/\/vosgesinfo.fr\/epinalinfo\/2025\/08\/dir-est-700-kg-de-dechets-par-kilometre-chaque-annee-un-fleau-sur-nos-routes\/","url":"https:\/\/vosgesinfo.fr\/epinalinfo\/2025\/08\/dir-est-700-kg-de-dechets-par-kilometre-chaque-annee-un-fleau-sur-nos-routes\/","name":"Dir Est : 700 kg de d\u00e9chets par kilom\u00e8tre chaque ann\u00e9e : un fl\u00e9au sur nos routes - Epinal Info","isPartOf":{"@id":"https:\/\/vosgesinfo.fr\/epinalinfo\/#website"},"primaryImageOfPage":{"@id":"https:\/\/vosgesinfo.fr\/epinalinfo\/2025\/08\/dir-est-700-kg-de-dechets-par-kilometre-chaque-annee-un-fleau-sur-nos-routes\/#primaryimage"},"image":{"@id":"https:\/\/vosgesinfo.fr\/epinalinfo\/2025\/08\/dir-est-700-kg-de-dechets-par-kilometre-chaque-annee-un-fleau-sur-nos-routes\/#primaryimage"},"thumbnailUrl":"https:\/\/vosgesinfo.fr\/app\/uploads\/sites\/3\/2025\/08\/dechets-route-1.jpg","datePublished":"2025-08-16T10:10:13+00:00","dateModified":"2025-08-16T10:00:18+00:00","breadcrumb":{"@id":"https:\/\/vosgesinfo.fr\/epinalinfo\/2025\/08\/dir-est-700-kg-de-dechets-par-kilometre-chaque-annee-un-fleau-sur-nos-routes\/#breadcrumb"},"inLanguage":"fr-FR","potentialAction":[{"@type":"ReadAction","target":["https:\/\/vosgesinfo.fr\/epinalinfo\/2025\/08\/dir-est-700-kg-de-dechets-par-kilometre-chaque-annee-un-fleau-sur-nos-routes\/"]}]},{"@type":"ImageObject","inLanguage":"fr-FR","@id":"https:\/\/vosgesinfo.fr\/epinalinfo\/2025\/08\/dir-est-700-kg-de-dechets-par-kilometre-chaque-annee-un-fleau-sur-nos-routes\/#primaryimage","url":"https:\/\/vosgesinfo.fr\/app\/uploads\/sites\/3\/2025\/08\/dechets-route-1.jpg","contentUrl":"https:\/\/vosgesinfo.fr\/app\/uploads\/sites\/3\/2025\/08\/dechets-route-1.jpg","width":960,"height":640},{"@type":"BreadcrumbList","@id":"https:\/\/vosgesinfo.fr\/epinalinfo\/2025\/08\/dir-est-700-kg-de-dechets-par-kilometre-chaque-annee-un-fleau-sur-nos-routes\/#breadcrumb","itemListElement":[{"@type":"ListItem","position":1,"name":"Home","item":"https:\/\/vosgesinfo.fr\/epinalinfo\/"},{"@type":"ListItem","position":2,"name":"Dir Est : 700 kg de d\u00e9chets par kilom\u00e8tre chaque ann\u00e9e : un fl\u00e9au sur nos routes"}]},{"@type":"WebSite","@id":"https:\/\/vosgesinfo.fr\/epinalinfo\/#website","url":"https:\/\/vosgesinfo.fr\/epinalinfo\/","name":"Epinal Info","description":"Toute l&#039;actualit\u00e9 d&#039;\u00c9pinal","publisher":{"@id":"https:\/\/vosgesinfo.fr\/epinalinfo\/#organization"},"alternateName":"Toute l'actualit\u00e9 d'\u00c9pinal","potentialAction":[{"@type":"SearchAction","target":{"@type":"EntryPoint","urlTemplate":"https:\/\/vosgesinfo.fr\/epinalinfo\/?s={search_term_string}"},"query-input":"required name=search_term_string"}],"inLanguage":"fr-FR"},{"@type":"Organization","@id":"https:\/\/vosgesinfo.fr\/epinalinfo\/#organization","name":"Epinal Info","url":"https:\/\/vosgesinfo.fr\/epinalinfo\/","logo":{"@type":"ImageObject","inLanguage":"fr-FR","@id":"https:\/\/vosgesinfo.fr\/epinalinfo\/#\/schema\/logo\/image\/","url":"https:\/\/vosgesinfo.fr\/app\/uploads\/sites\/3\/2023\/08\/logo-epinalinfos.svg","contentUrl":"https:\/\/vosgesinfo.fr\/app\/uploads\/sites\/3\/2023\/08\/logo-epinalinfos.svg","width":1,"height":1,"caption":"Epinal Info"},"image":{"@id":"https:\/\/vosgesinfo.fr\/epinalinfo\/#\/schema\/logo\/image\/"},"sameAs":["https:\/\/www.facebook.com\/Epinalinfos","https:\/\/x.com\/VosgesInfo88","https:\/\/www.youtube.com\/@vosgesinfo"]},{"@type":"Person","@id":"https:\/\/vosgesinfo.fr\/epinalinfo\/#\/schema\/person\/6f9a650eeea99d969b6c4ab78fccbe81","name":"C.K.","image":{"@type":"ImageObject","inLanguage":"fr-FR","@id":"https:\/\/vosgesinfo.fr\/epinalinfo\/#\/schema\/person\/image\/","url":"https:\/\/secure.gravatar.com\/avatar\/48e3fc7f8421ba8942be6b74a2b7f014ca39bc00dece156b7a8e098ae7dc87bf?s=96&d=mm&r=g","contentUrl":"https:\/\/secure.gravatar.com\/avatar\/48e3fc7f8421ba8942be6b74a2b7f014ca39bc00dece156b7a8e098ae7dc87bf?s=96&d=mm&r=g","caption":"C.K."},"url":"https:\/\/vosgesinfo.fr\/epinalinfo\/author\/celia-k-n\/"}]}},"_links":{"self":[{"href":"https:\/\/vosgesinfo.fr\/epinalinfo\/wp-json\/wp\/v2\/posts\/134350","targetHints":{"allow":["GET"]}}],"collection":[{"href":"https:\/\/vosgesinfo.fr\/epinalinfo\/wp-json\/wp\/v2\/posts"}],"about":[{"href":"https:\/\/vosgesinfo.fr\/epinalinfo\/wp-json\/wp\/v2\/types\/post"}],"author":[{"embeddable":true,"href":"https:\/\/vosgesinfo.fr\/epinalinfo\/wp-json\/wp\/v2\/users\/52"}],"replies":[{"embeddable":true,"href":"https:\/\/vosgesinfo.fr\/epinalinfo\/wp-json\/wp\/v2\/comments?post=134350"}],"version-history":[{"count":1,"href":"https:\/\/vosgesinfo.fr\/epinalinfo\/wp-json\/wp\/v2\/posts\/134350\/revisions"}],"predecessor-version":[{"id":134354,"href":"https:\/\/vosgesinfo.fr\/epinalinfo\/wp-json\/wp\/v2\/posts\/134350\/revisions\/134354"}],"wp:featuredmedia":[{"embeddable":true,"href":"https:\/\/vosgesinfo.fr\/epinalinfo\/wp-json\/wp\/v2\/media\/134351"}],"wp:attachment":[{"href":"https:\/\/vosgesinfo.fr\/epinalinfo\/wp-json\/wp\/v2\/media?parent=134350"}],"wp:term":[{"taxonomy":"category","embeddable":true,"href":"https:\/\/vosgesinfo.fr\/epinalinfo\/wp-json\/wp\/v2\/categories?post=134350"},{"taxonomy":"post_tag","embeddable":true,"href":"https:\/\/vosgesinfo.fr\/epinalinfo\/wp-json\/wp\/v2\/tags?post=134350"}],"curies":[{"name":"wp","href":"https:\/\/api.w.org\/{rel}","templated":true}]}}