{"id":134355,"date":"2025-08-16T12:10:30","date_gmt":"2025-08-16T10:10:30","guid":{"rendered":"https:\/\/vosgesinfo.fr\/epinalinfo\/?p=134355"},"modified":"2025-08-16T12:05:13","modified_gmt":"2025-08-16T10:05:13","slug":"sapeurs-pompiers-des-vosges-en-renfort-dans-le-sud-face-aux-flammes","status":"publish","type":"post","link":"https:\/\/vosgesinfo.fr\/epinalinfo\/2025\/08\/sapeurs-pompiers-des-vosges-en-renfort-dans-le-sud-face-aux-flammes\/","title":{"rendered":"Sapeurs-pompiers des Vosges : en renfort dans le Sud face aux flammes"},"content":{"rendered":"<div id=\"attachment_134356\" style=\"width: 1294px\" class=\"wp-caption aligncenter\"><a href=\"https:\/\/vosgesinfo.fr\/app\/uploads\/sites\/3\/2025\/08\/532180683-1172131371624524-6599539155595275988-n.jpg\"><img decoding=\"async\" aria-describedby=\"caption-attachment-134356\" class=\"size-full wp-image-134356\" src=\"https:\/\/vosgesinfo.fr\/app\/uploads\/sites\/3\/2025\/08\/532180683-1172131371624524-6599539155595275988-n.jpg\" alt=\"\" width=\"1284\" height=\"948\" srcset=\"https:\/\/vosgesinfo.fr\/app\/uploads\/sites\/3\/2025\/08\/532180683-1172131371624524-6599539155595275988-n.jpg 1284w, https:\/\/vosgesinfo.fr\/app\/uploads\/sites\/3\/2025\/08\/532180683-1172131371624524-6599539155595275988-n-300x221.jpg 300w, https:\/\/vosgesinfo.fr\/app\/uploads\/sites\/3\/2025\/08\/532180683-1172131371624524-6599539155595275988-n-1024x756.jpg 1024w, https:\/\/vosgesinfo.fr\/app\/uploads\/sites\/3\/2025\/08\/532180683-1172131371624524-6599539155595275988-n-768x567.jpg 768w\" sizes=\"(max-width: 1284px) 100vw, 1284px\" \/><\/a><p id=\"caption-attachment-134356\" class=\"wp-caption-text\">photos Capitaine R\u00e9gis Lemarquis<\/p><\/div>\n<h2 data-start=\"144\" data-end=\"340\"><strong>Depuis vendredi 8 ao\u00fbt, une \u00e9quipe de sapeurs-pompiers vosgiens est mobilis\u00e9e dans le Sud de la France pour pr\u00eater main-forte \u00e0 leurs coll\u00e8gues de l\u2019Aude, confront\u00e9s \u00e0 un incendie d\u2019ampleur.<\/strong><\/h2>\n<p data-start=\"342\" data-end=\"592\">Si le feu est d\u00e9sormais fix\u00e9, le travail reste consid\u00e9rable : s\u00e9curisation des lisi\u00e8res, extinction des points chauds, surveillance des reprises possibles. Des t\u00e2ches longues, exigeantes et indispensables pour \u00e9viter toute nouvelle propagation.<\/p>\n<h4 data-start=\"594\" data-end=\"643\">Un engagement sous des conditions extr\u00eames<\/h4>\n<p data-start=\"644\" data-end=\"903\">Les pompiers vosgiens ont d\u00fb intervenir dans un contexte particuli\u00e8rement difficile, marqu\u00e9 par une canicule \u00e9crasante. Les temp\u00e9ratures \u00e9lev\u00e9es compliquent non seulement la lutte contre les flammes, mais mettent \u00e9galement \u00e0 rude \u00e9preuve les organismes.<\/p>\n<h4 data-start=\"905\" data-end=\"943\">Solidarit\u00e9 et professionnalisme<\/h4>\n<p data-start=\"944\" data-end=\"1217\">Ces renforts illustrent la solidarit\u00e9 nationale qui anime les services d\u2019incendie et de secours. Quand une r\u00e9gion est durement touch\u00e9e, d\u2019autres d\u00e9partements r\u00e9pondent pr\u00e9sents, d\u00e9montrant la force du maillage territorial et l\u2019engagement sans faille des sapeurs-pompiers.<\/p>\n<p data-start=\"1219\" data-end=\"1383\">Un grand bravo \u00e0 ces hommes et femmes qui, loin de leur d\u00e9partement, d\u00e9fendent les for\u00eats, les habitations et la vie de tous avec courage et d\u00e9termination.<\/p>\n","protected":false},"excerpt":{"rendered":"<p>Depuis vendredi 8 ao\u00fbt, une \u00e9quipe de sapeurs-pompiers vosgiens est mobilis\u00e9e dans le Sud de la France pour pr\u00eater main-forte [&hellip;]<\/p>\n","protected":false},"author":52,"featured_media":134356,"comment_status":"open","ping_status":"open","sticky":false,"template":"","format":"standard","meta":{"footnotes":""},"categories":[22,24,92,5],"tags":[],"class_list":["post-134355","post","type-post","status-publish","format-standard","has-post-thumbnail","hentry","category-a-la-une","category-epinal","category-securite","category-vosges"],"acf":[],"yoast_head":"<!-- This site is optimized with the Yoast SEO plugin v22.5 - https:\/\/yoast.com\/wordpress\/plugins\/seo\/ -->\n<title>Sapeurs-pompiers des Vosges : en renfort dans le Sud face aux flammes - Epinal Info<\/title>\n<meta name=\"robots\" content=\"index, follow, max-snippet:-1, max-image-preview:large, max-video-preview:-1\" \/>\n<link rel=\"canonical\" href=\"https:\/\/vosgesinfo.fr\/epinalinfo\/2025\/08\/sapeurs-pompiers-des-vosges-en-renfort-dans-le-sud-face-aux-flammes\/\" \/>\n<meta name=\"twitter:card\" content=\"summary_large_image\" \/>\n<meta name=\"twitter:title\" content=\"Sapeurs-pompiers des Vosges : en renfort dans le Sud face aux flammes - Epinal Info\" \/>\n<meta name=\"twitter:description\" content=\"Depuis vendredi 8 ao\u00fbt, une \u00e9quipe de sapeurs-pompiers vosgiens est mobilis\u00e9e dans le Sud de la France pour pr\u00eater main-forte [&hellip;]\" \/>\n<meta name=\"twitter:image\" content=\"https:\/\/vosgesinfo.fr\/app\/uploads\/sites\/3\/2025\/08\/532180683-1172131371624524-6599539155595275988-n.jpg\" \/>\n<meta name=\"twitter:creator\" content=\"@VosgesInfo88\" \/>\n<meta name=\"twitter:site\" content=\"@VosgesInfo88\" \/>\n<meta name=\"twitter:label1\" content=\"\u00c9crit par\" \/>\n\t<meta name=\"twitter:data1\" content=\"C.K.\" \/>\n\t<meta name=\"twitter:label2\" content=\"Dur\u00e9e de lecture estim\u00e9e\" \/>\n\t<meta name=\"twitter:data2\" content=\"1 minute\" \/>\n<script type=\"application\/ld+json\" class=\"yoast-schema-graph\">{\"@context\":\"https:\/\/schema.org\",\"@graph\":[{\"@type\":\"Article\",\"@id\":\"https:\/\/vosgesinfo.fr\/epinalinfo\/2025\/08\/sapeurs-pompiers-des-vosges-en-renfort-dans-le-sud-face-aux-flammes\/#article\",\"isPartOf\":{\"@id\":\"https:\/\/vosgesinfo.fr\/epinalinfo\/2025\/08\/sapeurs-pompiers-des-vosges-en-renfort-dans-le-sud-face-aux-flammes\/\"},\"author\":{\"name\":\"C.K.\",\"@id\":\"https:\/\/vosgesinfo.fr\/epinalinfo\/#\/schema\/person\/6f9a650eeea99d969b6c4ab78fccbe81\"},\"headline\":\"Sapeurs-pompiers des Vosges : en renfort dans le Sud face aux flammes\",\"datePublished\":\"2025-08-16T10:10:30+00:00\",\"dateModified\":\"2025-08-16T10:05:13+00:00\",\"mainEntityOfPage\":{\"@id\":\"https:\/\/vosgesinfo.fr\/epinalinfo\/2025\/08\/sapeurs-pompiers-des-vosges-en-renfort-dans-le-sud-face-aux-flammes\/\"},\"wordCount\":216,\"commentCount\":0,\"publisher\":{\"@id\":\"https:\/\/vosgesinfo.fr\/epinalinfo\/#organization\"},\"image\":{\"@id\":\"https:\/\/vosgesinfo.fr\/epinalinfo\/2025\/08\/sapeurs-pompiers-des-vosges-en-renfort-dans-le-sud-face-aux-flammes\/#primaryimage\"},\"thumbnailUrl\":\"https:\/\/vosgesinfo.fr\/app\/uploads\/sites\/3\/2025\/08\/532180683-1172131371624524-6599539155595275988-n.jpg\",\"articleSection\":[\"A la Une\",\"Epinal\",\"S\u00e9curit\u00e9\",\"Vosges\"],\"inLanguage\":\"fr-FR\",\"potentialAction\":[{\"@type\":\"CommentAction\",\"name\":\"Comment\",\"target\":[\"https:\/\/vosgesinfo.fr\/epinalinfo\/2025\/08\/sapeurs-pompiers-des-vosges-en-renfort-dans-le-sud-face-aux-flammes\/#respond\"]}]},{\"@type\":\"WebPage\",\"@id\":\"https:\/\/vosgesinfo.fr\/epinalinfo\/2025\/08\/sapeurs-pompiers-des-vosges-en-renfort-dans-le-sud-face-aux-flammes\/\",\"url\":\"https:\/\/vosgesinfo.fr\/epinalinfo\/2025\/08\/sapeurs-pompiers-des-vosges-en-renfort-dans-le-sud-face-aux-flammes\/\",\"name\":\"Sapeurs-pompiers des Vosges : en renfort dans le Sud face aux flammes - Epinal Info\",\"isPartOf\":{\"@id\":\"https:\/\/vosgesinfo.fr\/epinalinfo\/#website\"},\"primaryImageOfPage\":{\"@id\":\"https:\/\/vosgesinfo.fr\/epinalinfo\/2025\/08\/sapeurs-pompiers-des-vosges-en-renfort-dans-le-sud-face-aux-flammes\/#primaryimage\"},\"image\":{\"@id\":\"https:\/\/vosgesinfo.fr\/epinalinfo\/2025\/08\/sapeurs-pompiers-des-vosges-en-renfort-dans-le-sud-face-aux-flammes\/#primaryimage\"},\"thumbnailUrl\":\"https:\/\/vosgesinfo.fr\/app\/uploads\/sites\/3\/2025\/08\/532180683-1172131371624524-6599539155595275988-n.jpg\",\"datePublished\":\"2025-08-16T10:10:30+00:00\",\"dateModified\":\"2025-08-16T10:05:13+00:00\",\"breadcrumb\":{\"@id\":\"https:\/\/vosgesinfo.fr\/epinalinfo\/2025\/08\/sapeurs-pompiers-des-vosges-en-renfort-dans-le-sud-face-aux-flammes\/#breadcrumb\"},\"inLanguage\":\"fr-FR\",\"potentialAction\":[{\"@type\":\"ReadAction\",\"target\":[\"https:\/\/vosgesinfo.fr\/epinalinfo\/2025\/08\/sapeurs-pompiers-des-vosges-en-renfort-dans-le-sud-face-aux-flammes\/\"]}]},{\"@type\":\"ImageObject\",\"inLanguage\":\"fr-FR\",\"@id\":\"https:\/\/vosgesinfo.fr\/epinalinfo\/2025\/08\/sapeurs-pompiers-des-vosges-en-renfort-dans-le-sud-face-aux-flammes\/#primaryimage\",\"url\":\"https:\/\/vosgesinfo.fr\/app\/uploads\/sites\/3\/2025\/08\/532180683-1172131371624524-6599539155595275988-n.jpg\",\"contentUrl\":\"https:\/\/vosgesinfo.fr\/app\/uploads\/sites\/3\/2025\/08\/532180683-1172131371624524-6599539155595275988-n.jpg\",\"width\":1284,\"height\":948,\"caption\":\"photos Capitaine R\u00e9gis Lemarquis\"},{\"@type\":\"BreadcrumbList\",\"@id\":\"https:\/\/vosgesinfo.fr\/epinalinfo\/2025\/08\/sapeurs-pompiers-des-vosges-en-renfort-dans-le-sud-face-aux-flammes\/#breadcrumb\",\"itemListElement\":[{\"@type\":\"ListItem\",\"position\":1,\"name\":\"Home\",\"item\":\"https:\/\/vosgesinfo.fr\/epinalinfo\/\"},{\"@type\":\"ListItem\",\"position\":2,\"name\":\"Sapeurs-pompiers des Vosges : en renfort dans le Sud face aux flammes\"}]},{\"@type\":\"WebSite\",\"@id\":\"https:\/\/vosgesinfo.fr\/epinalinfo\/#website\",\"url\":\"https:\/\/vosgesinfo.fr\/epinalinfo\/\",\"name\":\"Epinal Info\",\"description\":\"Toute l&#039;actualit\u00e9 d&#039;\u00c9pinal\",\"publisher\":{\"@id\":\"https:\/\/vosgesinfo.fr\/epinalinfo\/#organization\"},\"alternateName\":\"Toute l'actualit\u00e9 d'\u00c9pinal\",\"potentialAction\":[{\"@type\":\"SearchAction\",\"target\":{\"@type\":\"EntryPoint\",\"urlTemplate\":\"https:\/\/vosgesinfo.fr\/epinalinfo\/?s={search_term_string}\"},\"query-input\":\"required name=search_term_string\"}],\"inLanguage\":\"fr-FR\"},{\"@type\":\"Organization\",\"@id\":\"https:\/\/vosgesinfo.fr\/epinalinfo\/#organization\",\"name\":\"Epinal Info\",\"url\":\"https:\/\/vosgesinfo.fr\/epinalinfo\/\",\"logo\":{\"@type\":\"ImageObject\",\"inLanguage\":\"fr-FR\",\"@id\":\"https:\/\/vosgesinfo.fr\/epinalinfo\/#\/schema\/logo\/image\/\",\"url\":\"https:\/\/vosgesinfo.fr\/app\/uploads\/sites\/3\/2023\/08\/logo-epinalinfos.svg\",\"contentUrl\":\"https:\/\/vosgesinfo.fr\/app\/uploads\/sites\/3\/2023\/08\/logo-epinalinfos.svg\",\"width\":1,\"height\":1,\"caption\":\"Epinal Info\"},\"image\":{\"@id\":\"https:\/\/vosgesinfo.fr\/epinalinfo\/#\/schema\/logo\/image\/\"},\"sameAs\":[\"https:\/\/www.facebook.com\/Epinalinfos\",\"https:\/\/x.com\/VosgesInfo88\",\"https:\/\/www.youtube.com\/@vosgesinfo\"]},{\"@type\":\"Person\",\"@id\":\"https:\/\/vosgesinfo.fr\/epinalinfo\/#\/schema\/person\/6f9a650eeea99d969b6c4ab78fccbe81\",\"name\":\"C.K.\",\"image\":{\"@type\":\"ImageObject\",\"inLanguage\":\"fr-FR\",\"@id\":\"https:\/\/vosgesinfo.fr\/epinalinfo\/#\/schema\/person\/image\/\",\"url\":\"https:\/\/secure.gravatar.com\/avatar\/48e3fc7f8421ba8942be6b74a2b7f014ca39bc00dece156b7a8e098ae7dc87bf?s=96&d=mm&r=g\",\"contentUrl\":\"https:\/\/secure.gravatar.com\/avatar\/48e3fc7f8421ba8942be6b74a2b7f014ca39bc00dece156b7a8e098ae7dc87bf?s=96&d=mm&r=g\",\"caption\":\"C.K.\"},\"url\":\"https:\/\/vosgesinfo.fr\/epinalinfo\/author\/celia-k-n\/\"}]}<\/script>\n<!-- \/ Yoast SEO plugin. -->","yoast_head_json":{"title":"Sapeurs-pompiers des Vosges : en renfort dans le Sud face aux flammes - Epinal Info","robots":{"index":"index","follow":"follow","max-snippet":"max-snippet:-1","max-image-preview":"max-image-preview:large","max-video-preview":"max-video-preview:-1"},"canonical":"https:\/\/vosgesinfo.fr\/epinalinfo\/2025\/08\/sapeurs-pompiers-des-vosges-en-renfort-dans-le-sud-face-aux-flammes\/","twitter_card":"summary_large_image","twitter_title":"Sapeurs-pompiers des Vosges : en renfort dans le Sud face aux flammes - Epinal Info","twitter_description":"Depuis vendredi 8 ao\u00fbt, une \u00e9quipe de sapeurs-pompiers vosgiens est mobilis\u00e9e dans le Sud de la France pour pr\u00eater main-forte [&hellip;]","twitter_image":"https:\/\/vosgesinfo.fr\/app\/uploads\/sites\/3\/2025\/08\/532180683-1172131371624524-6599539155595275988-n.jpg","twitter_creator":"@VosgesInfo88","twitter_site":"@VosgesInfo88","twitter_misc":{"\u00c9crit par":"C.K.","Dur\u00e9e de lecture estim\u00e9e":"1 minute"},"schema":{"@context":"https:\/\/schema.org","@graph":[{"@type":"Article","@id":"https:\/\/vosgesinfo.fr\/epinalinfo\/2025\/08\/sapeurs-pompiers-des-vosges-en-renfort-dans-le-sud-face-aux-flammes\/#article","isPartOf":{"@id":"https:\/\/vosgesinfo.fr\/epinalinfo\/2025\/08\/sapeurs-pompiers-des-vosges-en-renfort-dans-le-sud-face-aux-flammes\/"},"author":{"name":"C.K.","@id":"https:\/\/vosgesinfo.fr\/epinalinfo\/#\/schema\/person\/6f9a650eeea99d969b6c4ab78fccbe81"},"headline":"Sapeurs-pompiers des Vosges : en renfort dans le Sud face aux flammes","datePublished":"2025-08-16T10:10:30+00:00","dateModified":"2025-08-16T10:05:13+00:00","mainEntityOfPage":{"@id":"https:\/\/vosgesinfo.fr\/epinalinfo\/2025\/08\/sapeurs-pompiers-des-vosges-en-renfort-dans-le-sud-face-aux-flammes\/"},"wordCount":216,"commentCount":0,"publisher":{"@id":"https:\/\/vosgesinfo.fr\/epinalinfo\/#organization"},"image":{"@id":"https:\/\/vosgesinfo.fr\/epinalinfo\/2025\/08\/sapeurs-pompiers-des-vosges-en-renfort-dans-le-sud-face-aux-flammes\/#primaryimage"},"thumbnailUrl":"https:\/\/vosgesinfo.fr\/app\/uploads\/sites\/3\/2025\/08\/532180683-1172131371624524-6599539155595275988-n.jpg","articleSection":["A la Une","Epinal","S\u00e9curit\u00e9","Vosges"],"inLanguage":"fr-FR","potentialAction":[{"@type":"CommentAction","name":"Comment","target":["https:\/\/vosgesinfo.fr\/epinalinfo\/2025\/08\/sapeurs-pompiers-des-vosges-en-renfort-dans-le-sud-face-aux-flammes\/#respond"]}]},{"@type":"WebPage","@id":"https:\/\/vosgesinfo.fr\/epinalinfo\/2025\/08\/sapeurs-pompiers-des-vosges-en-renfort-dans-le-sud-face-aux-flammes\/","url":"https:\/\/vosgesinfo.fr\/epinalinfo\/2025\/08\/sapeurs-pompiers-des-vosges-en-renfort-dans-le-sud-face-aux-flammes\/","name":"Sapeurs-pompiers des Vosges : en renfort dans le Sud face aux flammes - Epinal Info","isPartOf":{"@id":"https:\/\/vosgesinfo.fr\/epinalinfo\/#website"},"primaryImageOfPage":{"@id":"https:\/\/vosgesinfo.fr\/epinalinfo\/2025\/08\/sapeurs-pompiers-des-vosges-en-renfort-dans-le-sud-face-aux-flammes\/#primaryimage"},"image":{"@id":"https:\/\/vosgesinfo.fr\/epinalinfo\/2025\/08\/sapeurs-pompiers-des-vosges-en-renfort-dans-le-sud-face-aux-flammes\/#primaryimage"},"thumbnailUrl":"https:\/\/vosgesinfo.fr\/app\/uploads\/sites\/3\/2025\/08\/532180683-1172131371624524-6599539155595275988-n.jpg","datePublished":"2025-08-16T10:10:30+00:00","dateModified":"2025-08-16T10:05:13+00:00","breadcrumb":{"@id":"https:\/\/vosgesinfo.fr\/epinalinfo\/2025\/08\/sapeurs-pompiers-des-vosges-en-renfort-dans-le-sud-face-aux-flammes\/#breadcrumb"},"inLanguage":"fr-FR","potentialAction":[{"@type":"ReadAction","target":["https:\/\/vosgesinfo.fr\/epinalinfo\/2025\/08\/sapeurs-pompiers-des-vosges-en-renfort-dans-le-sud-face-aux-flammes\/"]}]},{"@type":"ImageObject","inLanguage":"fr-FR","@id":"https:\/\/vosgesinfo.fr\/epinalinfo\/2025\/08\/sapeurs-pompiers-des-vosges-en-renfort-dans-le-sud-face-aux-flammes\/#primaryimage","url":"https:\/\/vosgesinfo.fr\/app\/uploads\/sites\/3\/2025\/08\/532180683-1172131371624524-6599539155595275988-n.jpg","contentUrl":"https:\/\/vosgesinfo.fr\/app\/uploads\/sites\/3\/2025\/08\/532180683-1172131371624524-6599539155595275988-n.jpg","width":1284,"height":948,"caption":"photos Capitaine R\u00e9gis Lemarquis"},{"@type":"BreadcrumbList","@id":"https:\/\/vosgesinfo.fr\/epinalinfo\/2025\/08\/sapeurs-pompiers-des-vosges-en-renfort-dans-le-sud-face-aux-flammes\/#breadcrumb","itemListElement":[{"@type":"ListItem","position":1,"name":"Home","item":"https:\/\/vosgesinfo.fr\/epinalinfo\/"},{"@type":"ListItem","position":2,"name":"Sapeurs-pompiers des Vosges : en renfort dans le Sud face aux flammes"}]},{"@type":"WebSite","@id":"https:\/\/vosgesinfo.fr\/epinalinfo\/#website","url":"https:\/\/vosgesinfo.fr\/epinalinfo\/","name":"Epinal Info","description":"Toute l&#039;actualit\u00e9 d&#039;\u00c9pinal","publisher":{"@id":"https:\/\/vosgesinfo.fr\/epinalinfo\/#organization"},"alternateName":"Toute l'actualit\u00e9 d'\u00c9pinal","potentialAction":[{"@type":"SearchAction","target":{"@type":"EntryPoint","urlTemplate":"https:\/\/vosgesinfo.fr\/epinalinfo\/?s={search_term_string}"},"query-input":"required name=search_term_string"}],"inLanguage":"fr-FR"},{"@type":"Organization","@id":"https:\/\/vosgesinfo.fr\/epinalinfo\/#organization","name":"Epinal Info","url":"https:\/\/vosgesinfo.fr\/epinalinfo\/","logo":{"@type":"ImageObject","inLanguage":"fr-FR","@id":"https:\/\/vosgesinfo.fr\/epinalinfo\/#\/schema\/logo\/image\/","url":"https:\/\/vosgesinfo.fr\/app\/uploads\/sites\/3\/2023\/08\/logo-epinalinfos.svg","contentUrl":"https:\/\/vosgesinfo.fr\/app\/uploads\/sites\/3\/2023\/08\/logo-epinalinfos.svg","width":1,"height":1,"caption":"Epinal Info"},"image":{"@id":"https:\/\/vosgesinfo.fr\/epinalinfo\/#\/schema\/logo\/image\/"},"sameAs":["https:\/\/www.facebook.com\/Epinalinfos","https:\/\/x.com\/VosgesInfo88","https:\/\/www.youtube.com\/@vosgesinfo"]},{"@type":"Person","@id":"https:\/\/vosgesinfo.fr\/epinalinfo\/#\/schema\/person\/6f9a650eeea99d969b6c4ab78fccbe81","name":"C.K.","image":{"@type":"ImageObject","inLanguage":"fr-FR","@id":"https:\/\/vosgesinfo.fr\/epinalinfo\/#\/schema\/person\/image\/","url":"https:\/\/secure.gravatar.com\/avatar\/48e3fc7f8421ba8942be6b74a2b7f014ca39bc00dece156b7a8e098ae7dc87bf?s=96&d=mm&r=g","contentUrl":"https:\/\/secure.gravatar.com\/avatar\/48e3fc7f8421ba8942be6b74a2b7f014ca39bc00dece156b7a8e098ae7dc87bf?s=96&d=mm&r=g","caption":"C.K."},"url":"https:\/\/vosgesinfo.fr\/epinalinfo\/author\/celia-k-n\/"}]}},"_links":{"self":[{"href":"https:\/\/vosgesinfo.fr\/epinalinfo\/wp-json\/wp\/v2\/posts\/134355","targetHints":{"allow":["GET"]}}],"collection":[{"href":"https:\/\/vosgesinfo.fr\/epinalinfo\/wp-json\/wp\/v2\/posts"}],"about":[{"href":"https:\/\/vosgesinfo.fr\/epinalinfo\/wp-json\/wp\/v2\/types\/post"}],"author":[{"embeddable":true,"href":"https:\/\/vosgesinfo.fr\/epinalinfo\/wp-json\/wp\/v2\/users\/52"}],"replies":[{"embeddable":true,"href":"https:\/\/vosgesinfo.fr\/epinalinfo\/wp-json\/wp\/v2\/comments?post=134355"}],"version-history":[{"count":1,"href":"https:\/\/vosgesinfo.fr\/epinalinfo\/wp-json\/wp\/v2\/posts\/134355\/revisions"}],"predecessor-version":[{"id":134357,"href":"https:\/\/vosgesinfo.fr\/epinalinfo\/wp-json\/wp\/v2\/posts\/134355\/revisions\/134357"}],"wp:featuredmedia":[{"embeddable":true,"href":"https:\/\/vosgesinfo.fr\/epinalinfo\/wp-json\/wp\/v2\/media\/134356"}],"wp:attachment":[{"href":"https:\/\/vosgesinfo.fr\/epinalinfo\/wp-json\/wp\/v2\/media?parent=134355"}],"wp:term":[{"taxonomy":"category","embeddable":true,"href":"https:\/\/vosgesinfo.fr\/epinalinfo\/wp-json\/wp\/v2\/categories?post=134355"},{"taxonomy":"post_tag","embeddable":true,"href":"https:\/\/vosgesinfo.fr\/epinalinfo\/wp-json\/wp\/v2\/tags?post=134355"}],"curies":[{"name":"wp","href":"https:\/\/api.w.org\/{rel}","templated":true}]}}