{"id":134361,"date":"2025-08-16T16:35:40","date_gmt":"2025-08-16T14:35:40","guid":{"rendered":"https:\/\/vosgesinfo.fr\/epinalinfo\/?p=134361"},"modified":"2025-08-16T16:33:48","modified_gmt":"2025-08-16T14:33:48","slug":"grave-accident-de-la-route-sur-la-rd-166-a-uxegney-trois-morts-et-plusieurs-blesses","status":"publish","type":"post","link":"https:\/\/vosgesinfo.fr\/epinalinfo\/2025\/08\/grave-accident-de-la-route-sur-la-rd-166-a-uxegney-trois-morts-et-plusieurs-blesses\/","title":{"rendered":"Grave accident de la route sur la RD 166 \u00e0 Uxegney : trois morts et plusieurs bless\u00e9s"},"content":{"rendered":"<h2 data-start=\"188\" data-end=\"313\"><strong><a href=\"https:\/\/vosgesinfo.fr\/app\/uploads\/sites\/3\/2024\/08\/201608pompiers-feu-38.jpg\"><img decoding=\"async\" class=\"aligncenter size-full wp-image-80857\" src=\"https:\/\/vosgesinfo.fr\/app\/uploads\/sites\/3\/2024\/08\/201608pompiers-feu-38.jpg\" alt=\"\" width=\"600\" height=\"592\" srcset=\"https:\/\/vosgesinfo.fr\/app\/uploads\/sites\/3\/2024\/08\/201608pompiers-feu-38.jpg 600w, https:\/\/vosgesinfo.fr\/app\/uploads\/sites\/3\/2024\/08\/201608pompiers-feu-38-300x296.jpg 300w\" sizes=\"(max-width: 600px) 100vw, 600px\" \/><\/a>Un dramatique accident s\u2019est produit ce samedi 16 ao\u00fbt, peu avant 14h, sur la route d\u00e9partementale 166 \u00e0 hauteur d\u2019Uxegney.<\/strong><\/h2>\n<p data-start=\"315\" data-end=\"614\">Selon les premiers \u00e9l\u00e9ments communiqu\u00e9s par les secours, une collision frontale impliquant trois v\u00e9hicules a fait <strong data-start=\"429\" data-end=\"456\">trois victimes d\u00e9c\u00e9d\u00e9es<\/strong>. On d\u00e9plore \u00e9galement <strong>trois\u00a0bless\u00e9s graves<\/strong> et <strong data-start=\"506\" data-end=\"529\">deux bless\u00e9s l\u00e9gers<\/strong>. Un chien pr\u00e9sent dans l\u2019un des v\u00e9hicules a lui aussi trouv\u00e9 la mort dans le choc.<\/p>\n<p data-start=\"616\" data-end=\"821\">La violence de l\u2019accident a n\u00e9cessit\u00e9 une importante mobilisation des secours sur place. Les pompiers, le SAMU et la gendarmerie ont \u00e9t\u00e9 d\u00e9ploy\u00e9s pour porter assistance aux victimes et s\u00e9curiser la zone.<\/p>\n<p data-start=\"823\" data-end=\"988\">Durant toute l\u2019intervention, la RD 166 a \u00e9t\u00e9 totalement coup\u00e9e \u00e0 la circulation dans les deux sens. Une d\u00e9viation a \u00e9t\u00e9 mise en place et assur\u00e9e par les gendarmes.<\/p>\n<p data-start=\"990\" data-end=\"1137\">\u00c0 ce stade, les circonstances exactes de la collision restent ind\u00e9termin\u00e9es. Une enqu\u00eate a \u00e9t\u00e9 ouverte afin de d\u00e9terminer les causes de ce drame.<\/p>\n","protected":false},"excerpt":{"rendered":"<p>Un dramatique accident s\u2019est produit ce samedi 16 ao\u00fbt, peu avant 14h, sur la route d\u00e9partementale 166 \u00e0 hauteur d\u2019Uxegney. [&hellip;]<\/p>\n","protected":false},"author":52,"featured_media":80857,"comment_status":"open","ping_status":"open","sticky":false,"template":"","format":"standard","meta":{"footnotes":""},"categories":[22,24,16923,6,5],"tags":[],"class_list":["post-134361","post","type-post","status-publish","format-standard","has-post-thumbnail","hentry","category-a-la-une","category-epinal","category-fait-divers","category-faits-divers","category-vosges"],"acf":[],"yoast_head":"<!-- This site is optimized with the Yoast SEO plugin v22.5 - https:\/\/yoast.com\/wordpress\/plugins\/seo\/ -->\n<title>Grave accident de la route sur la RD 166 \u00e0 Uxegney : trois morts et plusieurs bless\u00e9s - Epinal Info<\/title>\n<meta name=\"robots\" content=\"index, follow, max-snippet:-1, max-image-preview:large, max-video-preview:-1\" \/>\n<link rel=\"canonical\" href=\"https:\/\/vosgesinfo.fr\/epinalinfo\/2025\/08\/grave-accident-de-la-route-sur-la-rd-166-a-uxegney-trois-morts-et-plusieurs-blesses\/\" \/>\n<meta name=\"twitter:card\" content=\"summary_large_image\" \/>\n<meta name=\"twitter:title\" content=\"Grave accident de la route sur la RD 166 \u00e0 Uxegney : trois morts et plusieurs bless\u00e9s - Epinal Info\" \/>\n<meta name=\"twitter:description\" content=\"Un dramatique accident s\u2019est produit ce samedi 16 ao\u00fbt, peu avant 14h, sur la route d\u00e9partementale 166 \u00e0 hauteur d\u2019Uxegney. [&hellip;]\" \/>\n<meta name=\"twitter:image\" content=\"https:\/\/vosgesinfo.fr\/app\/uploads\/sites\/3\/2024\/08\/201608pompiers-feu-38.jpg\" \/>\n<meta name=\"twitter:creator\" content=\"@VosgesInfo88\" \/>\n<meta name=\"twitter:site\" content=\"@VosgesInfo88\" \/>\n<meta name=\"twitter:label1\" content=\"\u00c9crit par\" \/>\n\t<meta name=\"twitter:data1\" content=\"C.K.\" \/>\n\t<meta name=\"twitter:label2\" content=\"Dur\u00e9e de lecture estim\u00e9e\" \/>\n\t<meta name=\"twitter:data2\" content=\"2 minutes\" \/>\n<script type=\"application\/ld+json\" class=\"yoast-schema-graph\">{\"@context\":\"https:\/\/schema.org\",\"@graph\":[{\"@type\":\"Article\",\"@id\":\"https:\/\/vosgesinfo.fr\/epinalinfo\/2025\/08\/grave-accident-de-la-route-sur-la-rd-166-a-uxegney-trois-morts-et-plusieurs-blesses\/#article\",\"isPartOf\":{\"@id\":\"https:\/\/vosgesinfo.fr\/epinalinfo\/2025\/08\/grave-accident-de-la-route-sur-la-rd-166-a-uxegney-trois-morts-et-plusieurs-blesses\/\"},\"author\":{\"name\":\"C.K.\",\"@id\":\"https:\/\/vosgesinfo.fr\/epinalinfo\/#\/schema\/person\/6f9a650eeea99d969b6c4ab78fccbe81\"},\"headline\":\"Grave accident de la route sur la RD 166 \u00e0 Uxegney : trois morts et plusieurs bless\u00e9s\",\"datePublished\":\"2025-08-16T14:35:40+00:00\",\"dateModified\":\"2025-08-16T14:33:48+00:00\",\"mainEntityOfPage\":{\"@id\":\"https:\/\/vosgesinfo.fr\/epinalinfo\/2025\/08\/grave-accident-de-la-route-sur-la-rd-166-a-uxegney-trois-morts-et-plusieurs-blesses\/\"},\"wordCount\":189,\"commentCount\":5,\"publisher\":{\"@id\":\"https:\/\/vosgesinfo.fr\/epinalinfo\/#organization\"},\"image\":{\"@id\":\"https:\/\/vosgesinfo.fr\/epinalinfo\/2025\/08\/grave-accident-de-la-route-sur-la-rd-166-a-uxegney-trois-morts-et-plusieurs-blesses\/#primaryimage\"},\"thumbnailUrl\":\"https:\/\/vosgesinfo.fr\/app\/uploads\/sites\/3\/2024\/08\/201608pompiers-feu-38.jpg\",\"articleSection\":[\"A la Une\",\"Epinal\",\"Fait Divers\",\"Faits-divers\",\"Vosges\"],\"inLanguage\":\"fr-FR\",\"potentialAction\":[{\"@type\":\"CommentAction\",\"name\":\"Comment\",\"target\":[\"https:\/\/vosgesinfo.fr\/epinalinfo\/2025\/08\/grave-accident-de-la-route-sur-la-rd-166-a-uxegney-trois-morts-et-plusieurs-blesses\/#respond\"]}]},{\"@type\":\"WebPage\",\"@id\":\"https:\/\/vosgesinfo.fr\/epinalinfo\/2025\/08\/grave-accident-de-la-route-sur-la-rd-166-a-uxegney-trois-morts-et-plusieurs-blesses\/\",\"url\":\"https:\/\/vosgesinfo.fr\/epinalinfo\/2025\/08\/grave-accident-de-la-route-sur-la-rd-166-a-uxegney-trois-morts-et-plusieurs-blesses\/\",\"name\":\"Grave accident de la route sur la RD 166 \u00e0 Uxegney : trois morts et plusieurs bless\u00e9s - Epinal Info\",\"isPartOf\":{\"@id\":\"https:\/\/vosgesinfo.fr\/epinalinfo\/#website\"},\"primaryImageOfPage\":{\"@id\":\"https:\/\/vosgesinfo.fr\/epinalinfo\/2025\/08\/grave-accident-de-la-route-sur-la-rd-166-a-uxegney-trois-morts-et-plusieurs-blesses\/#primaryimage\"},\"image\":{\"@id\":\"https:\/\/vosgesinfo.fr\/epinalinfo\/2025\/08\/grave-accident-de-la-route-sur-la-rd-166-a-uxegney-trois-morts-et-plusieurs-blesses\/#primaryimage\"},\"thumbnailUrl\":\"https:\/\/vosgesinfo.fr\/app\/uploads\/sites\/3\/2024\/08\/201608pompiers-feu-38.jpg\",\"datePublished\":\"2025-08-16T14:35:40+00:00\",\"dateModified\":\"2025-08-16T14:33:48+00:00\",\"breadcrumb\":{\"@id\":\"https:\/\/vosgesinfo.fr\/epinalinfo\/2025\/08\/grave-accident-de-la-route-sur-la-rd-166-a-uxegney-trois-morts-et-plusieurs-blesses\/#breadcrumb\"},\"inLanguage\":\"fr-FR\",\"potentialAction\":[{\"@type\":\"ReadAction\",\"target\":[\"https:\/\/vosgesinfo.fr\/epinalinfo\/2025\/08\/grave-accident-de-la-route-sur-la-rd-166-a-uxegney-trois-morts-et-plusieurs-blesses\/\"]}]},{\"@type\":\"ImageObject\",\"inLanguage\":\"fr-FR\",\"@id\":\"https:\/\/vosgesinfo.fr\/epinalinfo\/2025\/08\/grave-accident-de-la-route-sur-la-rd-166-a-uxegney-trois-morts-et-plusieurs-blesses\/#primaryimage\",\"url\":\"https:\/\/vosgesinfo.fr\/app\/uploads\/sites\/3\/2024\/08\/201608pompiers-feu-38.jpg\",\"contentUrl\":\"https:\/\/vosgesinfo.fr\/app\/uploads\/sites\/3\/2024\/08\/201608pompiers-feu-38.jpg\",\"width\":600,\"height\":592},{\"@type\":\"BreadcrumbList\",\"@id\":\"https:\/\/vosgesinfo.fr\/epinalinfo\/2025\/08\/grave-accident-de-la-route-sur-la-rd-166-a-uxegney-trois-morts-et-plusieurs-blesses\/#breadcrumb\",\"itemListElement\":[{\"@type\":\"ListItem\",\"position\":1,\"name\":\"Home\",\"item\":\"https:\/\/vosgesinfo.fr\/epinalinfo\/\"},{\"@type\":\"ListItem\",\"position\":2,\"name\":\"Grave accident de la route sur la RD 166 \u00e0 Uxegney : trois morts et plusieurs bless\u00e9s\"}]},{\"@type\":\"WebSite\",\"@id\":\"https:\/\/vosgesinfo.fr\/epinalinfo\/#website\",\"url\":\"https:\/\/vosgesinfo.fr\/epinalinfo\/\",\"name\":\"Epinal Info\",\"description\":\"Toute l&#039;actualit\u00e9 d&#039;\u00c9pinal\",\"publisher\":{\"@id\":\"https:\/\/vosgesinfo.fr\/epinalinfo\/#organization\"},\"alternateName\":\"Toute l'actualit\u00e9 d'\u00c9pinal\",\"potentialAction\":[{\"@type\":\"SearchAction\",\"target\":{\"@type\":\"EntryPoint\",\"urlTemplate\":\"https:\/\/vosgesinfo.fr\/epinalinfo\/?s={search_term_string}\"},\"query-input\":\"required name=search_term_string\"}],\"inLanguage\":\"fr-FR\"},{\"@type\":\"Organization\",\"@id\":\"https:\/\/vosgesinfo.fr\/epinalinfo\/#organization\",\"name\":\"Epinal Info\",\"url\":\"https:\/\/vosgesinfo.fr\/epinalinfo\/\",\"logo\":{\"@type\":\"ImageObject\",\"inLanguage\":\"fr-FR\",\"@id\":\"https:\/\/vosgesinfo.fr\/epinalinfo\/#\/schema\/logo\/image\/\",\"url\":\"https:\/\/vosgesinfo.fr\/app\/uploads\/sites\/3\/2023\/08\/logo-epinalinfos.svg\",\"contentUrl\":\"https:\/\/vosgesinfo.fr\/app\/uploads\/sites\/3\/2023\/08\/logo-epinalinfos.svg\",\"width\":1,\"height\":1,\"caption\":\"Epinal Info\"},\"image\":{\"@id\":\"https:\/\/vosgesinfo.fr\/epinalinfo\/#\/schema\/logo\/image\/\"},\"sameAs\":[\"https:\/\/www.facebook.com\/Epinalinfos\",\"https:\/\/x.com\/VosgesInfo88\",\"https:\/\/www.youtube.com\/@vosgesinfo\"]},{\"@type\":\"Person\",\"@id\":\"https:\/\/vosgesinfo.fr\/epinalinfo\/#\/schema\/person\/6f9a650eeea99d969b6c4ab78fccbe81\",\"name\":\"C.K.\",\"image\":{\"@type\":\"ImageObject\",\"inLanguage\":\"fr-FR\",\"@id\":\"https:\/\/vosgesinfo.fr\/epinalinfo\/#\/schema\/person\/image\/\",\"url\":\"https:\/\/secure.gravatar.com\/avatar\/48e3fc7f8421ba8942be6b74a2b7f014ca39bc00dece156b7a8e098ae7dc87bf?s=96&d=mm&r=g\",\"contentUrl\":\"https:\/\/secure.gravatar.com\/avatar\/48e3fc7f8421ba8942be6b74a2b7f014ca39bc00dece156b7a8e098ae7dc87bf?s=96&d=mm&r=g\",\"caption\":\"C.K.\"},\"url\":\"https:\/\/vosgesinfo.fr\/epinalinfo\/author\/celia-k-n\/\"}]}<\/script>\n<!-- \/ Yoast SEO plugin. -->","yoast_head_json":{"title":"Grave accident de la route sur la RD 166 \u00e0 Uxegney : trois morts et plusieurs bless\u00e9s - Epinal Info","robots":{"index":"index","follow":"follow","max-snippet":"max-snippet:-1","max-image-preview":"max-image-preview:large","max-video-preview":"max-video-preview:-1"},"canonical":"https:\/\/vosgesinfo.fr\/epinalinfo\/2025\/08\/grave-accident-de-la-route-sur-la-rd-166-a-uxegney-trois-morts-et-plusieurs-blesses\/","twitter_card":"summary_large_image","twitter_title":"Grave accident de la route sur la RD 166 \u00e0 Uxegney : trois morts et plusieurs bless\u00e9s - Epinal Info","twitter_description":"Un dramatique accident s\u2019est produit ce samedi 16 ao\u00fbt, peu avant 14h, sur la route d\u00e9partementale 166 \u00e0 hauteur d\u2019Uxegney. [&hellip;]","twitter_image":"https:\/\/vosgesinfo.fr\/app\/uploads\/sites\/3\/2024\/08\/201608pompiers-feu-38.jpg","twitter_creator":"@VosgesInfo88","twitter_site":"@VosgesInfo88","twitter_misc":{"\u00c9crit par":"C.K.","Dur\u00e9e de lecture estim\u00e9e":"2 minutes"},"schema":{"@context":"https:\/\/schema.org","@graph":[{"@type":"Article","@id":"https:\/\/vosgesinfo.fr\/epinalinfo\/2025\/08\/grave-accident-de-la-route-sur-la-rd-166-a-uxegney-trois-morts-et-plusieurs-blesses\/#article","isPartOf":{"@id":"https:\/\/vosgesinfo.fr\/epinalinfo\/2025\/08\/grave-accident-de-la-route-sur-la-rd-166-a-uxegney-trois-morts-et-plusieurs-blesses\/"},"author":{"name":"C.K.","@id":"https:\/\/vosgesinfo.fr\/epinalinfo\/#\/schema\/person\/6f9a650eeea99d969b6c4ab78fccbe81"},"headline":"Grave accident de la route sur la RD 166 \u00e0 Uxegney : trois morts et plusieurs bless\u00e9s","datePublished":"2025-08-16T14:35:40+00:00","dateModified":"2025-08-16T14:33:48+00:00","mainEntityOfPage":{"@id":"https:\/\/vosgesinfo.fr\/epinalinfo\/2025\/08\/grave-accident-de-la-route-sur-la-rd-166-a-uxegney-trois-morts-et-plusieurs-blesses\/"},"wordCount":189,"commentCount":5,"publisher":{"@id":"https:\/\/vosgesinfo.fr\/epinalinfo\/#organization"},"image":{"@id":"https:\/\/vosgesinfo.fr\/epinalinfo\/2025\/08\/grave-accident-de-la-route-sur-la-rd-166-a-uxegney-trois-morts-et-plusieurs-blesses\/#primaryimage"},"thumbnailUrl":"https:\/\/vosgesinfo.fr\/app\/uploads\/sites\/3\/2024\/08\/201608pompiers-feu-38.jpg","articleSection":["A la Une","Epinal","Fait Divers","Faits-divers","Vosges"],"inLanguage":"fr-FR","potentialAction":[{"@type":"CommentAction","name":"Comment","target":["https:\/\/vosgesinfo.fr\/epinalinfo\/2025\/08\/grave-accident-de-la-route-sur-la-rd-166-a-uxegney-trois-morts-et-plusieurs-blesses\/#respond"]}]},{"@type":"WebPage","@id":"https:\/\/vosgesinfo.fr\/epinalinfo\/2025\/08\/grave-accident-de-la-route-sur-la-rd-166-a-uxegney-trois-morts-et-plusieurs-blesses\/","url":"https:\/\/vosgesinfo.fr\/epinalinfo\/2025\/08\/grave-accident-de-la-route-sur-la-rd-166-a-uxegney-trois-morts-et-plusieurs-blesses\/","name":"Grave accident de la route sur la RD 166 \u00e0 Uxegney : trois morts et plusieurs bless\u00e9s - Epinal Info","isPartOf":{"@id":"https:\/\/vosgesinfo.fr\/epinalinfo\/#website"},"primaryImageOfPage":{"@id":"https:\/\/vosgesinfo.fr\/epinalinfo\/2025\/08\/grave-accident-de-la-route-sur-la-rd-166-a-uxegney-trois-morts-et-plusieurs-blesses\/#primaryimage"},"image":{"@id":"https:\/\/vosgesinfo.fr\/epinalinfo\/2025\/08\/grave-accident-de-la-route-sur-la-rd-166-a-uxegney-trois-morts-et-plusieurs-blesses\/#primaryimage"},"thumbnailUrl":"https:\/\/vosgesinfo.fr\/app\/uploads\/sites\/3\/2024\/08\/201608pompiers-feu-38.jpg","datePublished":"2025-08-16T14:35:40+00:00","dateModified":"2025-08-16T14:33:48+00:00","breadcrumb":{"@id":"https:\/\/vosgesinfo.fr\/epinalinfo\/2025\/08\/grave-accident-de-la-route-sur-la-rd-166-a-uxegney-trois-morts-et-plusieurs-blesses\/#breadcrumb"},"inLanguage":"fr-FR","potentialAction":[{"@type":"ReadAction","target":["https:\/\/vosgesinfo.fr\/epinalinfo\/2025\/08\/grave-accident-de-la-route-sur-la-rd-166-a-uxegney-trois-morts-et-plusieurs-blesses\/"]}]},{"@type":"ImageObject","inLanguage":"fr-FR","@id":"https:\/\/vosgesinfo.fr\/epinalinfo\/2025\/08\/grave-accident-de-la-route-sur-la-rd-166-a-uxegney-trois-morts-et-plusieurs-blesses\/#primaryimage","url":"https:\/\/vosgesinfo.fr\/app\/uploads\/sites\/3\/2024\/08\/201608pompiers-feu-38.jpg","contentUrl":"https:\/\/vosgesinfo.fr\/app\/uploads\/sites\/3\/2024\/08\/201608pompiers-feu-38.jpg","width":600,"height":592},{"@type":"BreadcrumbList","@id":"https:\/\/vosgesinfo.fr\/epinalinfo\/2025\/08\/grave-accident-de-la-route-sur-la-rd-166-a-uxegney-trois-morts-et-plusieurs-blesses\/#breadcrumb","itemListElement":[{"@type":"ListItem","position":1,"name":"Home","item":"https:\/\/vosgesinfo.fr\/epinalinfo\/"},{"@type":"ListItem","position":2,"name":"Grave accident de la route sur la RD 166 \u00e0 Uxegney : trois morts et plusieurs bless\u00e9s"}]},{"@type":"WebSite","@id":"https:\/\/vosgesinfo.fr\/epinalinfo\/#website","url":"https:\/\/vosgesinfo.fr\/epinalinfo\/","name":"Epinal Info","description":"Toute l&#039;actualit\u00e9 d&#039;\u00c9pinal","publisher":{"@id":"https:\/\/vosgesinfo.fr\/epinalinfo\/#organization"},"alternateName":"Toute l'actualit\u00e9 d'\u00c9pinal","potentialAction":[{"@type":"SearchAction","target":{"@type":"EntryPoint","urlTemplate":"https:\/\/vosgesinfo.fr\/epinalinfo\/?s={search_term_string}"},"query-input":"required name=search_term_string"}],"inLanguage":"fr-FR"},{"@type":"Organization","@id":"https:\/\/vosgesinfo.fr\/epinalinfo\/#organization","name":"Epinal Info","url":"https:\/\/vosgesinfo.fr\/epinalinfo\/","logo":{"@type":"ImageObject","inLanguage":"fr-FR","@id":"https:\/\/vosgesinfo.fr\/epinalinfo\/#\/schema\/logo\/image\/","url":"https:\/\/vosgesinfo.fr\/app\/uploads\/sites\/3\/2023\/08\/logo-epinalinfos.svg","contentUrl":"https:\/\/vosgesinfo.fr\/app\/uploads\/sites\/3\/2023\/08\/logo-epinalinfos.svg","width":1,"height":1,"caption":"Epinal Info"},"image":{"@id":"https:\/\/vosgesinfo.fr\/epinalinfo\/#\/schema\/logo\/image\/"},"sameAs":["https:\/\/www.facebook.com\/Epinalinfos","https:\/\/x.com\/VosgesInfo88","https:\/\/www.youtube.com\/@vosgesinfo"]},{"@type":"Person","@id":"https:\/\/vosgesinfo.fr\/epinalinfo\/#\/schema\/person\/6f9a650eeea99d969b6c4ab78fccbe81","name":"C.K.","image":{"@type":"ImageObject","inLanguage":"fr-FR","@id":"https:\/\/vosgesinfo.fr\/epinalinfo\/#\/schema\/person\/image\/","url":"https:\/\/secure.gravatar.com\/avatar\/48e3fc7f8421ba8942be6b74a2b7f014ca39bc00dece156b7a8e098ae7dc87bf?s=96&d=mm&r=g","contentUrl":"https:\/\/secure.gravatar.com\/avatar\/48e3fc7f8421ba8942be6b74a2b7f014ca39bc00dece156b7a8e098ae7dc87bf?s=96&d=mm&r=g","caption":"C.K."},"url":"https:\/\/vosgesinfo.fr\/epinalinfo\/author\/celia-k-n\/"}]}},"_links":{"self":[{"href":"https:\/\/vosgesinfo.fr\/epinalinfo\/wp-json\/wp\/v2\/posts\/134361","targetHints":{"allow":["GET"]}}],"collection":[{"href":"https:\/\/vosgesinfo.fr\/epinalinfo\/wp-json\/wp\/v2\/posts"}],"about":[{"href":"https:\/\/vosgesinfo.fr\/epinalinfo\/wp-json\/wp\/v2\/types\/post"}],"author":[{"embeddable":true,"href":"https:\/\/vosgesinfo.fr\/epinalinfo\/wp-json\/wp\/v2\/users\/52"}],"replies":[{"embeddable":true,"href":"https:\/\/vosgesinfo.fr\/epinalinfo\/wp-json\/wp\/v2\/comments?post=134361"}],"version-history":[{"count":2,"href":"https:\/\/vosgesinfo.fr\/epinalinfo\/wp-json\/wp\/v2\/posts\/134361\/revisions"}],"predecessor-version":[{"id":134363,"href":"https:\/\/vosgesinfo.fr\/epinalinfo\/wp-json\/wp\/v2\/posts\/134361\/revisions\/134363"}],"wp:featuredmedia":[{"embeddable":true,"href":"https:\/\/vosgesinfo.fr\/epinalinfo\/wp-json\/wp\/v2\/media\/80857"}],"wp:attachment":[{"href":"https:\/\/vosgesinfo.fr\/epinalinfo\/wp-json\/wp\/v2\/media?parent=134361"}],"wp:term":[{"taxonomy":"category","embeddable":true,"href":"https:\/\/vosgesinfo.fr\/epinalinfo\/wp-json\/wp\/v2\/categories?post=134361"},{"taxonomy":"post_tag","embeddable":true,"href":"https:\/\/vosgesinfo.fr\/epinalinfo\/wp-json\/wp\/v2\/tags?post=134361"}],"curies":[{"name":"wp","href":"https:\/\/api.w.org\/{rel}","templated":true}]}}