{"id":134365,"date":"2025-08-18T07:00:55","date_gmt":"2025-08-18T05:00:55","guid":{"rendered":"https:\/\/vosgesinfo.fr\/epinalinfo\/?p=134365"},"modified":"2025-08-18T08:46:08","modified_gmt":"2025-08-18T06:46:08","slug":"lequivalent-de-44-baleines-bleues-de-dechets-a-reorienter-en-septembre","status":"publish","type":"post","link":"https:\/\/vosgesinfo.fr\/epinalinfo\/2025\/08\/lequivalent-de-44-baleines-bleues-de-dechets-a-reorienter-en-septembre\/","title":{"rendered":"L\u2019\u00e9quivalent de 44 baleines bleues de d\u00e9chets \u00e0 r\u00e9orienter en septembre !"},"content":{"rendered":"<h2><strong><a href=\"https:\/\/vosgesinfo.fr\/app\/uploads\/sites\/3\/2025\/08\/thumbnail-campagne-arret-feniix-visuel-2.png\"><img decoding=\"async\" class=\"aligncenter size-full wp-image-134366\" src=\"https:\/\/vosgesinfo.fr\/app\/uploads\/sites\/3\/2025\/08\/thumbnail-campagne-arret-feniix-visuel-2.png\" alt=\"\" width=\"1080\" height=\"1350\" srcset=\"https:\/\/vosgesinfo.fr\/app\/uploads\/sites\/3\/2025\/08\/thumbnail-campagne-arret-feniix-visuel-2.png 1080w, https:\/\/vosgesinfo.fr\/app\/uploads\/sites\/3\/2025\/08\/thumbnail-campagne-arret-feniix-visuel-2-240x300.png 240w, https:\/\/vosgesinfo.fr\/app\/uploads\/sites\/3\/2025\/08\/thumbnail-campagne-arret-feniix-visuel-2-819x1024.png 819w, https:\/\/vosgesinfo.fr\/app\/uploads\/sites\/3\/2025\/08\/thumbnail-campagne-arret-feniix-visuel-2-768x960.png 768w\" sizes=\"(max-width: 1080px) 100vw, 1080px\" \/><\/a>Chaque ann\u00e9e, l\u2019Unit\u00e9 de Valorisation \u00c9nerg\u00e9tique (UVE) FENIIX, \u00e0 Rambervillers, s\u2019arr\u00eate pour trois semaines de maintenance.Un arr\u00eat technique incontournable pour la s\u00e9curit\u00e9 et la performance de l\u2019usine.<\/strong><\/h2>\n<p>Les ordures m\u00e9nag\u00e8res des Vosgiens, habituellement valoris\u00e9es localement en <strong>\u00e9lectricit\u00e9 et chaleur<\/strong>, seront <strong>redirig\u00e9es vers d\u2019autres usines<\/strong>, parfois <strong>hors du d\u00e9partement<\/strong>, et m\u00eame <strong>enfouies<\/strong>.<\/p>\n<p><strong>Quelles cons\u00e9quences\u00a0?<\/strong> :<br \/>\n<strong>4 400 tonnes de d\u00e9chets<\/strong> \u00e0 d\u00e9placer.<br \/>\nSoit <strong>l\u2019\u00e9quivalent de 44 baleines bleues<\/strong>. Oui, vous avez bien lu.<\/p>\n<p>C\u2019est des camions qui parcourront plus de kilom\u00e8tres, donc de l\u2019\u00e9mission de gaz \u00e0 effet de serre suppl\u00e9mentaire et un <strong>traitement de nos d\u00e9chets moins vertueux<\/strong>.<\/p>\n<p><strong><u>FENIIX : une maintenance obligatoire pour maintenir ses performances\u00a0: <\/u><\/strong><\/p>\n<p>Toute l\u2019ann\u00e9e, l\u2019UVE FENIIX transforme nos d\u00e9chets <strong>non recyclables<\/strong> en :<\/p>\n<ul>\n<li><strong>Chaleur<\/strong> pour une vingtaine de b\u00e2timents communaux \u00e0 Rambervillers<\/li>\n<li><strong>\u00c9lectricit\u00e9<\/strong> pour environ <strong>60 000 foyers<\/strong><\/li>\n<\/ul>\n<p>Une installation moderne, locale, qui <strong>valorise nos d\u00e9chets<\/strong> en limitant <strong>la pollution<\/strong>, et qui agit en faveur de la <strong>transition \u00e9nerg\u00e9tique. <\/strong>Mais <strong>quand elle est \u00e0 l\u2019arr\u00eat<\/strong>, il faut malgr\u00e9 tout traiter nos d\u00e9chets.<\/p>\n<p><strong><u>Et si on profitait de cet arr\u00eat\u2026 pour all\u00e9ger nos poubelles ?<\/u><\/strong><\/p>\n<p>Dans les Vosges, chaque habitant produit en moyenne <strong>217 kg d\u2019ordures m\u00e9nag\u00e8res (poubelles noires et mat\u00e9riaux non recyclables en d\u00e9ch\u00e8terie) par an<\/strong>.<br \/>\nUne part importante pourrait \u00eatre <strong>r\u00e9duite \u00e0 la source<\/strong>, <strong>mieux tri\u00e9e <\/strong>et <strong>compost\u00e9e<\/strong>.<\/p>\n<p><strong>Quelques gestes simples pour un impact imm\u00e9diat :<\/strong><\/p>\n<p>\u2714<strong>Compostons <\/strong>nos d\u00e9chets organiques (jusqu\u2019\u00e0 30 % de nos poubelles)<br \/>\n\u2714<strong>Trions<\/strong> papier, plastique, verre\u2026<br \/>\n\u2714<strong>Disons stop au jetable<\/strong> : optons pour le r\u00e9utilisable<br \/>\n\u2714<strong>Planifions nos courses<\/strong> pour limiter le gaspillage alimentaire<\/p>\n<p>Chaque geste compte, surtout en septembre. Moins de d\u00e9chets, c\u2019est moins de transport, moins de pollution, et un geste concret pour r\u00e9duire nos poubelles.<\/p>\n<p><strong>Et si septembre devenait le \u00ab\u00a0mois sans d\u00e9chet\u00a0\u00bb ?<\/strong><\/p>\n<p><strong>5 baleines en moins pour l\u2019arr\u00eat technique 2026<\/strong>, Cap ou pas Cap\u00a0?<br \/>\nUn d\u00e9fi collectif \u00e0 relever, des gestes simples \u00e0 adopter.<br \/>\n\u00c0 nous de jouer.<\/p>\n<p><a href=\"https:\/\/vosgesinfo.fr\/app\/uploads\/sites\/3\/2025\/08\/thumbnail-campagne-arret-feniix-visuel-1.png\"><img decoding=\"async\" class=\"aligncenter size-full wp-image-134367\" src=\"https:\/\/vosgesinfo.fr\/app\/uploads\/sites\/3\/2025\/08\/thumbnail-campagne-arret-feniix-visuel-1.png\" alt=\"\" width=\"1080\" height=\"1350\" srcset=\"https:\/\/vosgesinfo.fr\/app\/uploads\/sites\/3\/2025\/08\/thumbnail-campagne-arret-feniix-visuel-1.png 1080w, https:\/\/vosgesinfo.fr\/app\/uploads\/sites\/3\/2025\/08\/thumbnail-campagne-arret-feniix-visuel-1-240x300.png 240w, https:\/\/vosgesinfo.fr\/app\/uploads\/sites\/3\/2025\/08\/thumbnail-campagne-arret-feniix-visuel-1-819x1024.png 819w, https:\/\/vosgesinfo.fr\/app\/uploads\/sites\/3\/2025\/08\/thumbnail-campagne-arret-feniix-visuel-1-768x960.png 768w\" sizes=\"(max-width: 1080px) 100vw, 1080px\" \/><\/a><\/p>\n","protected":false},"excerpt":{"rendered":"<p>Chaque ann\u00e9e, l\u2019Unit\u00e9 de Valorisation \u00c9nerg\u00e9tique (UVE) FENIIX, \u00e0 Rambervillers, s\u2019arr\u00eate pour trois semaines de maintenance.Un arr\u00eat technique incontournable pour [&hellip;]<\/p>\n","protected":false},"author":41,"featured_media":134366,"comment_status":"open","ping_status":"open","sticky":false,"template":"","format":"standard","meta":{"footnotes":""},"categories":[22,24,6056,6057,3,1085,6055,6155],"tags":[],"class_list":["post-134365","post","type-post","status-publish","format-standard","has-post-thumbnail","hentry","category-a-la-une","category-epinal","category-gerardmer","category-la-plaine-des-vosges","category-publi-reportage","category-publireportage","category-remiremont","category-saint-die"],"acf":[],"yoast_head":"<!-- This site is optimized with the Yoast SEO plugin v22.5 - https:\/\/yoast.com\/wordpress\/plugins\/seo\/ -->\n<title>L\u2019\u00e9quivalent de 44 baleines bleues de d\u00e9chets \u00e0 r\u00e9orienter en septembre ! - Epinal Info<\/title>\n<meta name=\"robots\" content=\"index, follow, max-snippet:-1, max-image-preview:large, max-video-preview:-1\" \/>\n<link rel=\"canonical\" href=\"https:\/\/vosgesinfo.fr\/epinalinfo\/2025\/08\/lequivalent-de-44-baleines-bleues-de-dechets-a-reorienter-en-septembre\/\" \/>\n<meta name=\"twitter:card\" content=\"summary_large_image\" \/>\n<meta name=\"twitter:title\" content=\"L\u2019\u00e9quivalent de 44 baleines bleues de d\u00e9chets \u00e0 r\u00e9orienter en septembre ! - Epinal Info\" \/>\n<meta name=\"twitter:description\" content=\"Chaque ann\u00e9e, l\u2019Unit\u00e9 de Valorisation \u00c9nerg\u00e9tique (UVE) FENIIX, \u00e0 Rambervillers, s\u2019arr\u00eate pour trois semaines de maintenance.Un arr\u00eat technique incontournable pour [&hellip;]\" \/>\n<meta name=\"twitter:image\" content=\"https:\/\/vosgesinfo.fr\/app\/uploads\/sites\/3\/2025\/08\/thumbnail-campagne-arret-feniix-visuel-2.png\" \/>\n<meta name=\"twitter:creator\" content=\"@VosgesInfo88\" \/>\n<meta name=\"twitter:site\" content=\"@VosgesInfo88\" \/>\n<meta name=\"twitter:label1\" content=\"\u00c9crit par\" \/>\n\t<meta name=\"twitter:data1\" content=\"La r\u00e9daction\" \/>\n\t<meta name=\"twitter:label2\" content=\"Dur\u00e9e de lecture estim\u00e9e\" \/>\n\t<meta name=\"twitter:data2\" content=\"3 minutes\" \/>\n<script type=\"application\/ld+json\" class=\"yoast-schema-graph\">{\"@context\":\"https:\/\/schema.org\",\"@graph\":[{\"@type\":\"Article\",\"@id\":\"https:\/\/vosgesinfo.fr\/epinalinfo\/2025\/08\/lequivalent-de-44-baleines-bleues-de-dechets-a-reorienter-en-septembre\/#article\",\"isPartOf\":{\"@id\":\"https:\/\/vosgesinfo.fr\/epinalinfo\/2025\/08\/lequivalent-de-44-baleines-bleues-de-dechets-a-reorienter-en-septembre\/\"},\"author\":{\"name\":\"La r\u00e9daction\",\"@id\":\"https:\/\/vosgesinfo.fr\/epinalinfo\/#\/schema\/person\/44f5fff67d0ae31d2770e1f7555c711d\"},\"headline\":\"L\u2019\u00e9quivalent de 44 baleines bleues de d\u00e9chets \u00e0 r\u00e9orienter en septembre !\",\"datePublished\":\"2025-08-18T05:00:55+00:00\",\"dateModified\":\"2025-08-18T06:46:08+00:00\",\"mainEntityOfPage\":{\"@id\":\"https:\/\/vosgesinfo.fr\/epinalinfo\/2025\/08\/lequivalent-de-44-baleines-bleues-de-dechets-a-reorienter-en-septembre\/\"},\"wordCount\":354,\"commentCount\":1,\"publisher\":{\"@id\":\"https:\/\/vosgesinfo.fr\/epinalinfo\/#organization\"},\"image\":{\"@id\":\"https:\/\/vosgesinfo.fr\/epinalinfo\/2025\/08\/lequivalent-de-44-baleines-bleues-de-dechets-a-reorienter-en-septembre\/#primaryimage\"},\"thumbnailUrl\":\"https:\/\/vosgesinfo.fr\/app\/uploads\/sites\/3\/2025\/08\/thumbnail-campagne-arret-feniix-visuel-2.png\",\"articleSection\":[\"A la Une\",\"Epinal\",\"Gerardmer\",\"La plaine des vosges\",\"Publi-reportage\",\"Publireportage\",\"Remiremont\",\"Saint-di\u00e9\"],\"inLanguage\":\"fr-FR\",\"potentialAction\":[{\"@type\":\"CommentAction\",\"name\":\"Comment\",\"target\":[\"https:\/\/vosgesinfo.fr\/epinalinfo\/2025\/08\/lequivalent-de-44-baleines-bleues-de-dechets-a-reorienter-en-septembre\/#respond\"]}]},{\"@type\":\"WebPage\",\"@id\":\"https:\/\/vosgesinfo.fr\/epinalinfo\/2025\/08\/lequivalent-de-44-baleines-bleues-de-dechets-a-reorienter-en-septembre\/\",\"url\":\"https:\/\/vosgesinfo.fr\/epinalinfo\/2025\/08\/lequivalent-de-44-baleines-bleues-de-dechets-a-reorienter-en-septembre\/\",\"name\":\"L\u2019\u00e9quivalent de 44 baleines bleues de d\u00e9chets \u00e0 r\u00e9orienter en septembre ! - Epinal Info\",\"isPartOf\":{\"@id\":\"https:\/\/vosgesinfo.fr\/epinalinfo\/#website\"},\"primaryImageOfPage\":{\"@id\":\"https:\/\/vosgesinfo.fr\/epinalinfo\/2025\/08\/lequivalent-de-44-baleines-bleues-de-dechets-a-reorienter-en-septembre\/#primaryimage\"},\"image\":{\"@id\":\"https:\/\/vosgesinfo.fr\/epinalinfo\/2025\/08\/lequivalent-de-44-baleines-bleues-de-dechets-a-reorienter-en-septembre\/#primaryimage\"},\"thumbnailUrl\":\"https:\/\/vosgesinfo.fr\/app\/uploads\/sites\/3\/2025\/08\/thumbnail-campagne-arret-feniix-visuel-2.png\",\"datePublished\":\"2025-08-18T05:00:55+00:00\",\"dateModified\":\"2025-08-18T06:46:08+00:00\",\"breadcrumb\":{\"@id\":\"https:\/\/vosgesinfo.fr\/epinalinfo\/2025\/08\/lequivalent-de-44-baleines-bleues-de-dechets-a-reorienter-en-septembre\/#breadcrumb\"},\"inLanguage\":\"fr-FR\",\"potentialAction\":[{\"@type\":\"ReadAction\",\"target\":[\"https:\/\/vosgesinfo.fr\/epinalinfo\/2025\/08\/lequivalent-de-44-baleines-bleues-de-dechets-a-reorienter-en-septembre\/\"]}]},{\"@type\":\"ImageObject\",\"inLanguage\":\"fr-FR\",\"@id\":\"https:\/\/vosgesinfo.fr\/epinalinfo\/2025\/08\/lequivalent-de-44-baleines-bleues-de-dechets-a-reorienter-en-septembre\/#primaryimage\",\"url\":\"https:\/\/vosgesinfo.fr\/app\/uploads\/sites\/3\/2025\/08\/thumbnail-campagne-arret-feniix-visuel-2.png\",\"contentUrl\":\"https:\/\/vosgesinfo.fr\/app\/uploads\/sites\/3\/2025\/08\/thumbnail-campagne-arret-feniix-visuel-2.png\",\"width\":1080,\"height\":1350},{\"@type\":\"BreadcrumbList\",\"@id\":\"https:\/\/vosgesinfo.fr\/epinalinfo\/2025\/08\/lequivalent-de-44-baleines-bleues-de-dechets-a-reorienter-en-septembre\/#breadcrumb\",\"itemListElement\":[{\"@type\":\"ListItem\",\"position\":1,\"name\":\"Home\",\"item\":\"https:\/\/vosgesinfo.fr\/epinalinfo\/\"},{\"@type\":\"ListItem\",\"position\":2,\"name\":\"L\u2019\u00e9quivalent de 44 baleines bleues de d\u00e9chets \u00e0 r\u00e9orienter en septembre !\"}]},{\"@type\":\"WebSite\",\"@id\":\"https:\/\/vosgesinfo.fr\/epinalinfo\/#website\",\"url\":\"https:\/\/vosgesinfo.fr\/epinalinfo\/\",\"name\":\"Epinal Info\",\"description\":\"Toute l&#039;actualit\u00e9 d&#039;\u00c9pinal\",\"publisher\":{\"@id\":\"https:\/\/vosgesinfo.fr\/epinalinfo\/#organization\"},\"alternateName\":\"Toute l'actualit\u00e9 d'\u00c9pinal\",\"potentialAction\":[{\"@type\":\"SearchAction\",\"target\":{\"@type\":\"EntryPoint\",\"urlTemplate\":\"https:\/\/vosgesinfo.fr\/epinalinfo\/?s={search_term_string}\"},\"query-input\":\"required name=search_term_string\"}],\"inLanguage\":\"fr-FR\"},{\"@type\":\"Organization\",\"@id\":\"https:\/\/vosgesinfo.fr\/epinalinfo\/#organization\",\"name\":\"Epinal Info\",\"url\":\"https:\/\/vosgesinfo.fr\/epinalinfo\/\",\"logo\":{\"@type\":\"ImageObject\",\"inLanguage\":\"fr-FR\",\"@id\":\"https:\/\/vosgesinfo.fr\/epinalinfo\/#\/schema\/logo\/image\/\",\"url\":\"https:\/\/vosgesinfo.fr\/app\/uploads\/sites\/3\/2023\/08\/logo-epinalinfos.svg\",\"contentUrl\":\"https:\/\/vosgesinfo.fr\/app\/uploads\/sites\/3\/2023\/08\/logo-epinalinfos.svg\",\"width\":1,\"height\":1,\"caption\":\"Epinal Info\"},\"image\":{\"@id\":\"https:\/\/vosgesinfo.fr\/epinalinfo\/#\/schema\/logo\/image\/\"},\"sameAs\":[\"https:\/\/www.facebook.com\/Epinalinfos\",\"https:\/\/x.com\/VosgesInfo88\",\"https:\/\/www.youtube.com\/@vosgesinfo\"]},{\"@type\":\"Person\",\"@id\":\"https:\/\/vosgesinfo.fr\/epinalinfo\/#\/schema\/person\/44f5fff67d0ae31d2770e1f7555c711d\",\"name\":\"La r\u00e9daction\",\"image\":{\"@type\":\"ImageObject\",\"inLanguage\":\"fr-FR\",\"@id\":\"https:\/\/vosgesinfo.fr\/epinalinfo\/#\/schema\/person\/image\/\",\"url\":\"https:\/\/secure.gravatar.com\/avatar\/16dedd2578b2ae59b9a3a38f046defecb4cf834aaec7bb1d03d9ba6b5e55a8d5?s=96&d=mm&r=g\",\"contentUrl\":\"https:\/\/secure.gravatar.com\/avatar\/16dedd2578b2ae59b9a3a38f046defecb4cf834aaec7bb1d03d9ba6b5e55a8d5?s=96&d=mm&r=g\",\"caption\":\"La r\u00e9daction\"},\"url\":\"https:\/\/vosgesinfo.fr\/epinalinfo\/author\/poupy\/\"}]}<\/script>\n<!-- \/ Yoast SEO plugin. -->","yoast_head_json":{"title":"L\u2019\u00e9quivalent de 44 baleines bleues de d\u00e9chets \u00e0 r\u00e9orienter en septembre ! - Epinal Info","robots":{"index":"index","follow":"follow","max-snippet":"max-snippet:-1","max-image-preview":"max-image-preview:large","max-video-preview":"max-video-preview:-1"},"canonical":"https:\/\/vosgesinfo.fr\/epinalinfo\/2025\/08\/lequivalent-de-44-baleines-bleues-de-dechets-a-reorienter-en-septembre\/","twitter_card":"summary_large_image","twitter_title":"L\u2019\u00e9quivalent de 44 baleines bleues de d\u00e9chets \u00e0 r\u00e9orienter en septembre ! - Epinal Info","twitter_description":"Chaque ann\u00e9e, l\u2019Unit\u00e9 de Valorisation \u00c9nerg\u00e9tique (UVE) FENIIX, \u00e0 Rambervillers, s\u2019arr\u00eate pour trois semaines de maintenance.Un arr\u00eat technique incontournable pour [&hellip;]","twitter_image":"https:\/\/vosgesinfo.fr\/app\/uploads\/sites\/3\/2025\/08\/thumbnail-campagne-arret-feniix-visuel-2.png","twitter_creator":"@VosgesInfo88","twitter_site":"@VosgesInfo88","twitter_misc":{"\u00c9crit par":"La r\u00e9daction","Dur\u00e9e de lecture estim\u00e9e":"3 minutes"},"schema":{"@context":"https:\/\/schema.org","@graph":[{"@type":"Article","@id":"https:\/\/vosgesinfo.fr\/epinalinfo\/2025\/08\/lequivalent-de-44-baleines-bleues-de-dechets-a-reorienter-en-septembre\/#article","isPartOf":{"@id":"https:\/\/vosgesinfo.fr\/epinalinfo\/2025\/08\/lequivalent-de-44-baleines-bleues-de-dechets-a-reorienter-en-septembre\/"},"author":{"name":"La r\u00e9daction","@id":"https:\/\/vosgesinfo.fr\/epinalinfo\/#\/schema\/person\/44f5fff67d0ae31d2770e1f7555c711d"},"headline":"L\u2019\u00e9quivalent de 44 baleines bleues de d\u00e9chets \u00e0 r\u00e9orienter en septembre !","datePublished":"2025-08-18T05:00:55+00:00","dateModified":"2025-08-18T06:46:08+00:00","mainEntityOfPage":{"@id":"https:\/\/vosgesinfo.fr\/epinalinfo\/2025\/08\/lequivalent-de-44-baleines-bleues-de-dechets-a-reorienter-en-septembre\/"},"wordCount":354,"commentCount":1,"publisher":{"@id":"https:\/\/vosgesinfo.fr\/epinalinfo\/#organization"},"image":{"@id":"https:\/\/vosgesinfo.fr\/epinalinfo\/2025\/08\/lequivalent-de-44-baleines-bleues-de-dechets-a-reorienter-en-septembre\/#primaryimage"},"thumbnailUrl":"https:\/\/vosgesinfo.fr\/app\/uploads\/sites\/3\/2025\/08\/thumbnail-campagne-arret-feniix-visuel-2.png","articleSection":["A la Une","Epinal","Gerardmer","La plaine des vosges","Publi-reportage","Publireportage","Remiremont","Saint-di\u00e9"],"inLanguage":"fr-FR","potentialAction":[{"@type":"CommentAction","name":"Comment","target":["https:\/\/vosgesinfo.fr\/epinalinfo\/2025\/08\/lequivalent-de-44-baleines-bleues-de-dechets-a-reorienter-en-septembre\/#respond"]}]},{"@type":"WebPage","@id":"https:\/\/vosgesinfo.fr\/epinalinfo\/2025\/08\/lequivalent-de-44-baleines-bleues-de-dechets-a-reorienter-en-septembre\/","url":"https:\/\/vosgesinfo.fr\/epinalinfo\/2025\/08\/lequivalent-de-44-baleines-bleues-de-dechets-a-reorienter-en-septembre\/","name":"L\u2019\u00e9quivalent de 44 baleines bleues de d\u00e9chets \u00e0 r\u00e9orienter en septembre ! - Epinal Info","isPartOf":{"@id":"https:\/\/vosgesinfo.fr\/epinalinfo\/#website"},"primaryImageOfPage":{"@id":"https:\/\/vosgesinfo.fr\/epinalinfo\/2025\/08\/lequivalent-de-44-baleines-bleues-de-dechets-a-reorienter-en-septembre\/#primaryimage"},"image":{"@id":"https:\/\/vosgesinfo.fr\/epinalinfo\/2025\/08\/lequivalent-de-44-baleines-bleues-de-dechets-a-reorienter-en-septembre\/#primaryimage"},"thumbnailUrl":"https:\/\/vosgesinfo.fr\/app\/uploads\/sites\/3\/2025\/08\/thumbnail-campagne-arret-feniix-visuel-2.png","datePublished":"2025-08-18T05:00:55+00:00","dateModified":"2025-08-18T06:46:08+00:00","breadcrumb":{"@id":"https:\/\/vosgesinfo.fr\/epinalinfo\/2025\/08\/lequivalent-de-44-baleines-bleues-de-dechets-a-reorienter-en-septembre\/#breadcrumb"},"inLanguage":"fr-FR","potentialAction":[{"@type":"ReadAction","target":["https:\/\/vosgesinfo.fr\/epinalinfo\/2025\/08\/lequivalent-de-44-baleines-bleues-de-dechets-a-reorienter-en-septembre\/"]}]},{"@type":"ImageObject","inLanguage":"fr-FR","@id":"https:\/\/vosgesinfo.fr\/epinalinfo\/2025\/08\/lequivalent-de-44-baleines-bleues-de-dechets-a-reorienter-en-septembre\/#primaryimage","url":"https:\/\/vosgesinfo.fr\/app\/uploads\/sites\/3\/2025\/08\/thumbnail-campagne-arret-feniix-visuel-2.png","contentUrl":"https:\/\/vosgesinfo.fr\/app\/uploads\/sites\/3\/2025\/08\/thumbnail-campagne-arret-feniix-visuel-2.png","width":1080,"height":1350},{"@type":"BreadcrumbList","@id":"https:\/\/vosgesinfo.fr\/epinalinfo\/2025\/08\/lequivalent-de-44-baleines-bleues-de-dechets-a-reorienter-en-septembre\/#breadcrumb","itemListElement":[{"@type":"ListItem","position":1,"name":"Home","item":"https:\/\/vosgesinfo.fr\/epinalinfo\/"},{"@type":"ListItem","position":2,"name":"L\u2019\u00e9quivalent de 44 baleines bleues de d\u00e9chets \u00e0 r\u00e9orienter en septembre !"}]},{"@type":"WebSite","@id":"https:\/\/vosgesinfo.fr\/epinalinfo\/#website","url":"https:\/\/vosgesinfo.fr\/epinalinfo\/","name":"Epinal Info","description":"Toute l&#039;actualit\u00e9 d&#039;\u00c9pinal","publisher":{"@id":"https:\/\/vosgesinfo.fr\/epinalinfo\/#organization"},"alternateName":"Toute l'actualit\u00e9 d'\u00c9pinal","potentialAction":[{"@type":"SearchAction","target":{"@type":"EntryPoint","urlTemplate":"https:\/\/vosgesinfo.fr\/epinalinfo\/?s={search_term_string}"},"query-input":"required name=search_term_string"}],"inLanguage":"fr-FR"},{"@type":"Organization","@id":"https:\/\/vosgesinfo.fr\/epinalinfo\/#organization","name":"Epinal Info","url":"https:\/\/vosgesinfo.fr\/epinalinfo\/","logo":{"@type":"ImageObject","inLanguage":"fr-FR","@id":"https:\/\/vosgesinfo.fr\/epinalinfo\/#\/schema\/logo\/image\/","url":"https:\/\/vosgesinfo.fr\/app\/uploads\/sites\/3\/2023\/08\/logo-epinalinfos.svg","contentUrl":"https:\/\/vosgesinfo.fr\/app\/uploads\/sites\/3\/2023\/08\/logo-epinalinfos.svg","width":1,"height":1,"caption":"Epinal Info"},"image":{"@id":"https:\/\/vosgesinfo.fr\/epinalinfo\/#\/schema\/logo\/image\/"},"sameAs":["https:\/\/www.facebook.com\/Epinalinfos","https:\/\/x.com\/VosgesInfo88","https:\/\/www.youtube.com\/@vosgesinfo"]},{"@type":"Person","@id":"https:\/\/vosgesinfo.fr\/epinalinfo\/#\/schema\/person\/44f5fff67d0ae31d2770e1f7555c711d","name":"La r\u00e9daction","image":{"@type":"ImageObject","inLanguage":"fr-FR","@id":"https:\/\/vosgesinfo.fr\/epinalinfo\/#\/schema\/person\/image\/","url":"https:\/\/secure.gravatar.com\/avatar\/16dedd2578b2ae59b9a3a38f046defecb4cf834aaec7bb1d03d9ba6b5e55a8d5?s=96&d=mm&r=g","contentUrl":"https:\/\/secure.gravatar.com\/avatar\/16dedd2578b2ae59b9a3a38f046defecb4cf834aaec7bb1d03d9ba6b5e55a8d5?s=96&d=mm&r=g","caption":"La r\u00e9daction"},"url":"https:\/\/vosgesinfo.fr\/epinalinfo\/author\/poupy\/"}]}},"_links":{"self":[{"href":"https:\/\/vosgesinfo.fr\/epinalinfo\/wp-json\/wp\/v2\/posts\/134365","targetHints":{"allow":["GET"]}}],"collection":[{"href":"https:\/\/vosgesinfo.fr\/epinalinfo\/wp-json\/wp\/v2\/posts"}],"about":[{"href":"https:\/\/vosgesinfo.fr\/epinalinfo\/wp-json\/wp\/v2\/types\/post"}],"author":[{"embeddable":true,"href":"https:\/\/vosgesinfo.fr\/epinalinfo\/wp-json\/wp\/v2\/users\/41"}],"replies":[{"embeddable":true,"href":"https:\/\/vosgesinfo.fr\/epinalinfo\/wp-json\/wp\/v2\/comments?post=134365"}],"version-history":[{"count":1,"href":"https:\/\/vosgesinfo.fr\/epinalinfo\/wp-json\/wp\/v2\/posts\/134365\/revisions"}],"predecessor-version":[{"id":134368,"href":"https:\/\/vosgesinfo.fr\/epinalinfo\/wp-json\/wp\/v2\/posts\/134365\/revisions\/134368"}],"wp:featuredmedia":[{"embeddable":true,"href":"https:\/\/vosgesinfo.fr\/epinalinfo\/wp-json\/wp\/v2\/media\/134366"}],"wp:attachment":[{"href":"https:\/\/vosgesinfo.fr\/epinalinfo\/wp-json\/wp\/v2\/media?parent=134365"}],"wp:term":[{"taxonomy":"category","embeddable":true,"href":"https:\/\/vosgesinfo.fr\/epinalinfo\/wp-json\/wp\/v2\/categories?post=134365"},{"taxonomy":"post_tag","embeddable":true,"href":"https:\/\/vosgesinfo.fr\/epinalinfo\/wp-json\/wp\/v2\/tags?post=134365"}],"curies":[{"name":"wp","href":"https:\/\/api.w.org\/{rel}","templated":true}]}}