{"id":134379,"date":"2025-08-18T09:10:47","date_gmt":"2025-08-18T07:10:47","guid":{"rendered":"https:\/\/vosgesinfo.fr\/epinalinfo\/?p=134379"},"modified":"2025-08-18T09:03:12","modified_gmt":"2025-08-18T07:03:12","slug":"le-gesn-canoe-kayak-fait-vibrer-la-base-naturo-avec-licf-ranking-race","status":"publish","type":"post","link":"https:\/\/vosgesinfo.fr\/epinalinfo\/2025\/08\/le-gesn-canoe-kayak-fait-vibrer-la-base-naturo-avec-licf-ranking-race\/","title":{"rendered":"Le GESN Cano\u00eb-Kayak fait vibrer la Base Natur\u2019O avec l\u2019ICF Ranking Race"},"content":{"rendered":"<h2 data-start=\"200\" data-end=\"459\"><strong><a href=\"https:\/\/vosgesinfo.fr\/app\/uploads\/sites\/3\/2025\/08\/stade-eaux-vive-epinal-gesn.2jpg.jpg\"><img decoding=\"async\" class=\"aligncenter size-full wp-image-134380\" src=\"https:\/\/vosgesinfo.fr\/app\/uploads\/sites\/3\/2025\/08\/stade-eaux-vive-epinal-gesn.2jpg.jpg\" alt=\"\" width=\"1024\" height=\"683\" srcset=\"https:\/\/vosgesinfo.fr\/app\/uploads\/sites\/3\/2025\/08\/stade-eaux-vive-epinal-gesn.2jpg.jpg 1024w, https:\/\/vosgesinfo.fr\/app\/uploads\/sites\/3\/2025\/08\/stade-eaux-vive-epinal-gesn.2jpg-300x200.jpg 300w, https:\/\/vosgesinfo.fr\/app\/uploads\/sites\/3\/2025\/08\/stade-eaux-vive-epinal-gesn.2jpg-768x512.jpg 768w\" sizes=\"(max-width: 1024px) 100vw, 1024px\" \/><\/a>Les 23 et 24 ao\u00fbt, \u00c9pinal accueillera un rendez-vous sportif de dimension internationale. La Base Natur\u2019O sera en effet le th\u00e9\u00e2tre d\u2019une \u00e9tape de l\u2019ICF Ranking Race, comp\u00e9tition officielle inscrite au calendrier de la F\u00e9d\u00e9ration Internationale de Cano\u00eb.<\/strong><\/h2>\n<h3 data-start=\"461\" data-end=\"491\">Un plateau international<\/h3>\n<p data-start=\"492\" data-end=\"717\">Plus de <strong data-start=\"500\" data-end=\"536\">250 athl\u00e8tes venus de 19 nations<\/strong> sont attendus dans les Vosges pour deux jours de haut niveau, entre <strong data-start=\"605\" data-end=\"627\">cano\u00eb-kayak slalom<\/strong> et <strong data-start=\"631\" data-end=\"646\">kayak cross<\/strong>. Un spectacle intense en perspective, ouvert gratuitement au public.<\/p>\n<p data-start=\"719\" data-end=\"929\">Il s\u2019agit de la <strong data-start=\"735\" data-end=\"752\">deuxi\u00e8me fois<\/strong> qu\u2019\u00c9pinal figure au programme international de la F\u00e9d\u00e9ration, confirmant la r\u00e9putation de la Base Natur\u2019O, reconnue pour son parcours technique et ses installations adapt\u00e9es.<\/p>\n<h3 data-start=\"931\" data-end=\"968\">Deux disciplines spectaculaires<\/h3>\n<p data-start=\"969\" data-end=\"1171\">Le <strong data-start=\"972\" data-end=\"982\">slalom<\/strong>, discipline olympique, se dispute sur un trac\u00e9 en eau vive parsem\u00e9 de portes suspendues. Rapidit\u00e9, pr\u00e9cision et lecture des courants sont les cl\u00e9s d\u2019une \u00e9preuve o\u00f9 chaque seconde compte.<\/p>\n<p data-start=\"1173\" data-end=\"1475\">Le <strong data-start=\"1176\" data-end=\"1191\">kayak cross<\/strong>, format plus r\u00e9cent et spectaculaire, promet des sensations fortes. Quatre embarcations s\u2019\u00e9lancent simultan\u00e9ment, avec contacts autoris\u00e9s et franchissements d\u2019obstacles. D\u00e9j\u00e0 inscrit au programme des Jeux Olympiques de Paris 2024, il s\u00e9duit autant les athl\u00e8tes que les spectateurs.<\/p>\n<h3 data-start=\"1477\" data-end=\"1516\">Un rendez-vous festif et familial<\/h3>\n<p data-start=\"1517\" data-end=\"1793\">Tout au long du week-end, le public pourra suivre les \u00e9preuves depuis les abords du Port d\u2019\u00c9pinal, au plus pr\u00e8s de l\u2019action. Des espaces d\u00e9di\u00e9s, une buvette et des stands de restauration compl\u00e9teront l\u2019exp\u00e9rience, dans une ambiance conviviale. L\u2019acc\u00e8s sera libre et gratuit.<\/p>\n<h3 data-start=\"1795\" data-end=\"1813\">Le programme<\/h3>\n<ul data-start=\"1814\" data-end=\"2203\">\n<li data-start=\"1814\" data-end=\"1942\">\n<p data-start=\"1816\" data-end=\"1942\"><strong data-start=\"1816\" data-end=\"1848\">Jeudi 21 et vendredi 22 ao\u00fbt<\/strong> : entra\u00eenements officiels (buvette ouverte jeudi apr\u00e8s-midi et vendredi de 10 h \u00e0 18 h 30).<\/p>\n<\/li>\n<li data-start=\"1943\" data-end=\"2046\">\n<p data-start=\"1945\" data-end=\"2046\"><strong data-start=\"1945\" data-end=\"1963\">Samedi 23 ao\u00fbt<\/strong> : slalom de 8 h \u00e0 18 h 30 ; finales A de 16 h 45 \u00e0 18 h 15, suivies des podiums.<\/p>\n<\/li>\n<li data-start=\"2047\" data-end=\"2203\">\n<p data-start=\"2049\" data-end=\"2203\"><strong data-start=\"2049\" data-end=\"2069\">Dimanche 24 ao\u00fbt<\/strong> : kayak cross de 9 h \u00e0 15 h ; phases finales de 13 h 30 \u00e0 15 h, suivies des podiums.<\/p>\n<\/li>\n<li data-start=\"2047\" data-end=\"2203\">\n\t\t<style type=\"text\/css\">\n\t\t\t#gallery-1 {\n\t\t\t\tmargin: auto;\n\t\t\t}\n\t\t\t#gallery-1 .gallery-item {\n\t\t\t\tfloat: left;\n\t\t\t\tmargin-top: 10px;\n\t\t\t\ttext-align: center;\n\t\t\t\twidth: 33%;\n\t\t\t}\n\t\t\t#gallery-1 img {\n\t\t\t\tborder: 2px solid #cfcfcf;\n\t\t\t}\n\t\t\t#gallery-1 .gallery-caption {\n\t\t\t\tmargin-left: 0;\n\t\t\t}\n\t\t\t\/* see gallery_shortcode() in wp-includes\/media.php *\/\n\t\t<\/style>\n\t\t<div id='gallery-1' class='gallery galleryid-134379 gallery-columns-3 gallery-size-large'><dl class='gallery-item'>\n\t\t\t<dt class='gallery-icon landscape'>\n\t\t\t\t<a href='https:\/\/vosgesinfo.fr\/app\/uploads\/sites\/3\/2025\/08\/stade-eaux-vive-epinal-gesn.3jpg.jpg'><img decoding=\"async\" width=\"640\" height=\"427\" src=\"https:\/\/vosgesinfo.fr\/app\/uploads\/sites\/3\/2025\/08\/stade-eaux-vive-epinal-gesn.3jpg.jpg\" class=\"attachment-large size-large\" alt=\"\" srcset=\"https:\/\/vosgesinfo.fr\/app\/uploads\/sites\/3\/2025\/08\/stade-eaux-vive-epinal-gesn.3jpg.jpg 640w, https:\/\/vosgesinfo.fr\/app\/uploads\/sites\/3\/2025\/08\/stade-eaux-vive-epinal-gesn.3jpg-300x200.jpg 300w\" sizes=\"(max-width: 640px) 100vw, 640px\" \/><\/a>\n\t\t\t<\/dt><\/dl><dl class='gallery-item'>\n\t\t\t<dt class='gallery-icon landscape'>\n\t\t\t\t<a href='https:\/\/vosgesinfo.fr\/app\/uploads\/sites\/3\/2025\/08\/stade-eaux-vive-epinal-gesn.4jpg.jpg'><img decoding=\"async\" width=\"800\" height=\"534\" src=\"https:\/\/vosgesinfo.fr\/app\/uploads\/sites\/3\/2025\/08\/stade-eaux-vive-epinal-gesn.4jpg.jpg\" class=\"attachment-large size-large\" alt=\"\" srcset=\"https:\/\/vosgesinfo.fr\/app\/uploads\/sites\/3\/2025\/08\/stade-eaux-vive-epinal-gesn.4jpg.jpg 800w, https:\/\/vosgesinfo.fr\/app\/uploads\/sites\/3\/2025\/08\/stade-eaux-vive-epinal-gesn.4jpg-300x200.jpg 300w, https:\/\/vosgesinfo.fr\/app\/uploads\/sites\/3\/2025\/08\/stade-eaux-vive-epinal-gesn.4jpg-768x513.jpg 768w\" sizes=\"(max-width: 800px) 100vw, 800px\" \/><\/a>\n\t\t\t<\/dt><\/dl><dl class='gallery-item'>\n\t\t\t<dt class='gallery-icon portrait'>\n\t\t\t\t<a href='https:\/\/vosgesinfo.fr\/app\/uploads\/sites\/3\/2025\/08\/stade-eaux-vive-epinal-gesn.5jpg.jpg'><img decoding=\"async\" width=\"797\" height=\"1024\" src=\"https:\/\/vosgesinfo.fr\/app\/uploads\/sites\/3\/2025\/08\/stade-eaux-vive-epinal-gesn.5jpg-797x1024.jpg\" class=\"attachment-large size-large\" alt=\"\" srcset=\"https:\/\/vosgesinfo.fr\/app\/uploads\/sites\/3\/2025\/08\/stade-eaux-vive-epinal-gesn.5jpg-797x1024.jpg 797w, https:\/\/vosgesinfo.fr\/app\/uploads\/sites\/3\/2025\/08\/stade-eaux-vive-epinal-gesn.5jpg-233x300.jpg 233w, https:\/\/vosgesinfo.fr\/app\/uploads\/sites\/3\/2025\/08\/stade-eaux-vive-epinal-gesn.5jpg-768x987.jpg 768w, https:\/\/vosgesinfo.fr\/app\/uploads\/sites\/3\/2025\/08\/stade-eaux-vive-epinal-gesn.5jpg-1195x1536.jpg 1195w, https:\/\/vosgesinfo.fr\/app\/uploads\/sites\/3\/2025\/08\/stade-eaux-vive-epinal-gesn.5jpg.jpg 1556w\" sizes=\"(max-width: 797px) 100vw, 797px\" \/><\/a>\n\t\t\t<\/dt><\/dl><br style=\"clear: both\" \/><dl class='gallery-item'>\n\t\t\t<dt class='gallery-icon landscape'>\n\t\t\t\t<a href='https:\/\/vosgesinfo.fr\/app\/uploads\/sites\/3\/2025\/08\/stade-eaux-vive-epinal-gesn.jpg'><img decoding=\"async\" width=\"1024\" height=\"683\" src=\"https:\/\/vosgesinfo.fr\/app\/uploads\/sites\/3\/2025\/08\/stade-eaux-vive-epinal-gesn.jpg\" class=\"attachment-large size-large\" alt=\"\" srcset=\"https:\/\/vosgesinfo.fr\/app\/uploads\/sites\/3\/2025\/08\/stade-eaux-vive-epinal-gesn.jpg 1024w, https:\/\/vosgesinfo.fr\/app\/uploads\/sites\/3\/2025\/08\/stade-eaux-vive-epinal-gesn-300x200.jpg 300w, https:\/\/vosgesinfo.fr\/app\/uploads\/sites\/3\/2025\/08\/stade-eaux-vive-epinal-gesn-768x512.jpg 768w\" sizes=\"(max-width: 1024px) 100vw, 1024px\" \/><\/a>\n\t\t\t<\/dt><\/dl>\n\t\t\t<br style='clear: both' \/>\n\t\t<\/div>\n<\/li>\n<\/ul>\n","protected":false},"excerpt":{"rendered":"<p>Les 23 et 24 ao\u00fbt, \u00c9pinal accueillera un rendez-vous sportif de dimension internationale. La Base Natur\u2019O sera en effet le [&hellip;]<\/p>\n","protected":false},"author":52,"featured_media":134380,"comment_status":"open","ping_status":"open","sticky":false,"template":"","format":"standard","meta":{"footnotes":""},"categories":[22,24,7],"tags":[],"class_list":["post-134379","post","type-post","status-publish","format-standard","has-post-thumbnail","hentry","category-a-la-une","category-epinal","category-sport"],"acf":[],"yoast_head":"<!-- This site is optimized with the Yoast SEO plugin v22.5 - https:\/\/yoast.com\/wordpress\/plugins\/seo\/ -->\n<title>Le GESN Cano\u00eb-Kayak fait vibrer la Base Natur\u2019O avec l\u2019ICF Ranking Race - Epinal Info<\/title>\n<meta name=\"robots\" content=\"index, follow, max-snippet:-1, max-image-preview:large, max-video-preview:-1\" \/>\n<link rel=\"canonical\" href=\"https:\/\/vosgesinfo.fr\/epinalinfo\/2025\/08\/le-gesn-canoe-kayak-fait-vibrer-la-base-naturo-avec-licf-ranking-race\/\" \/>\n<meta name=\"twitter:card\" content=\"summary_large_image\" \/>\n<meta name=\"twitter:title\" content=\"Le GESN Cano\u00eb-Kayak fait vibrer la Base Natur\u2019O avec l\u2019ICF Ranking Race - Epinal Info\" \/>\n<meta name=\"twitter:description\" content=\"Les 23 et 24 ao\u00fbt, \u00c9pinal accueillera un rendez-vous sportif de dimension internationale. La Base Natur\u2019O sera en effet le [&hellip;]\" \/>\n<meta name=\"twitter:image\" content=\"https:\/\/vosgesinfo.fr\/app\/uploads\/sites\/3\/2025\/08\/stade-eaux-vive-epinal-gesn.2jpg.jpg\" \/>\n<meta name=\"twitter:creator\" content=\"@VosgesInfo88\" \/>\n<meta name=\"twitter:site\" content=\"@VosgesInfo88\" \/>\n<meta name=\"twitter:label1\" content=\"\u00c9crit par\" \/>\n\t<meta name=\"twitter:data1\" content=\"C.K.\" \/>\n\t<meta name=\"twitter:label2\" content=\"Dur\u00e9e de lecture estim\u00e9e\" \/>\n\t<meta name=\"twitter:data2\" content=\"2 minutes\" \/>\n<script type=\"application\/ld+json\" class=\"yoast-schema-graph\">{\"@context\":\"https:\/\/schema.org\",\"@graph\":[{\"@type\":\"Article\",\"@id\":\"https:\/\/vosgesinfo.fr\/epinalinfo\/2025\/08\/le-gesn-canoe-kayak-fait-vibrer-la-base-naturo-avec-licf-ranking-race\/#article\",\"isPartOf\":{\"@id\":\"https:\/\/vosgesinfo.fr\/epinalinfo\/2025\/08\/le-gesn-canoe-kayak-fait-vibrer-la-base-naturo-avec-licf-ranking-race\/\"},\"author\":{\"name\":\"C.K.\",\"@id\":\"https:\/\/vosgesinfo.fr\/epinalinfo\/#\/schema\/person\/6f9a650eeea99d969b6c4ab78fccbe81\"},\"headline\":\"Le GESN Cano\u00eb-Kayak fait vibrer la Base Natur\u2019O avec l\u2019ICF Ranking Race\",\"datePublished\":\"2025-08-18T07:10:47+00:00\",\"dateModified\":\"2025-08-18T07:03:12+00:00\",\"mainEntityOfPage\":{\"@id\":\"https:\/\/vosgesinfo.fr\/epinalinfo\/2025\/08\/le-gesn-canoe-kayak-fait-vibrer-la-base-naturo-avec-licf-ranking-race\/\"},\"wordCount\":333,\"commentCount\":0,\"publisher\":{\"@id\":\"https:\/\/vosgesinfo.fr\/epinalinfo\/#organization\"},\"image\":{\"@id\":\"https:\/\/vosgesinfo.fr\/epinalinfo\/2025\/08\/le-gesn-canoe-kayak-fait-vibrer-la-base-naturo-avec-licf-ranking-race\/#primaryimage\"},\"thumbnailUrl\":\"https:\/\/vosgesinfo.fr\/app\/uploads\/sites\/3\/2025\/08\/stade-eaux-vive-epinal-gesn.2jpg.jpg\",\"articleSection\":[\"A la Une\",\"Epinal\",\"Sport\"],\"inLanguage\":\"fr-FR\",\"potentialAction\":[{\"@type\":\"CommentAction\",\"name\":\"Comment\",\"target\":[\"https:\/\/vosgesinfo.fr\/epinalinfo\/2025\/08\/le-gesn-canoe-kayak-fait-vibrer-la-base-naturo-avec-licf-ranking-race\/#respond\"]}]},{\"@type\":\"WebPage\",\"@id\":\"https:\/\/vosgesinfo.fr\/epinalinfo\/2025\/08\/le-gesn-canoe-kayak-fait-vibrer-la-base-naturo-avec-licf-ranking-race\/\",\"url\":\"https:\/\/vosgesinfo.fr\/epinalinfo\/2025\/08\/le-gesn-canoe-kayak-fait-vibrer-la-base-naturo-avec-licf-ranking-race\/\",\"name\":\"Le GESN Cano\u00eb-Kayak fait vibrer la Base Natur\u2019O avec l\u2019ICF Ranking Race - Epinal Info\",\"isPartOf\":{\"@id\":\"https:\/\/vosgesinfo.fr\/epinalinfo\/#website\"},\"primaryImageOfPage\":{\"@id\":\"https:\/\/vosgesinfo.fr\/epinalinfo\/2025\/08\/le-gesn-canoe-kayak-fait-vibrer-la-base-naturo-avec-licf-ranking-race\/#primaryimage\"},\"image\":{\"@id\":\"https:\/\/vosgesinfo.fr\/epinalinfo\/2025\/08\/le-gesn-canoe-kayak-fait-vibrer-la-base-naturo-avec-licf-ranking-race\/#primaryimage\"},\"thumbnailUrl\":\"https:\/\/vosgesinfo.fr\/app\/uploads\/sites\/3\/2025\/08\/stade-eaux-vive-epinal-gesn.2jpg.jpg\",\"datePublished\":\"2025-08-18T07:10:47+00:00\",\"dateModified\":\"2025-08-18T07:03:12+00:00\",\"breadcrumb\":{\"@id\":\"https:\/\/vosgesinfo.fr\/epinalinfo\/2025\/08\/le-gesn-canoe-kayak-fait-vibrer-la-base-naturo-avec-licf-ranking-race\/#breadcrumb\"},\"inLanguage\":\"fr-FR\",\"potentialAction\":[{\"@type\":\"ReadAction\",\"target\":[\"https:\/\/vosgesinfo.fr\/epinalinfo\/2025\/08\/le-gesn-canoe-kayak-fait-vibrer-la-base-naturo-avec-licf-ranking-race\/\"]}]},{\"@type\":\"ImageObject\",\"inLanguage\":\"fr-FR\",\"@id\":\"https:\/\/vosgesinfo.fr\/epinalinfo\/2025\/08\/le-gesn-canoe-kayak-fait-vibrer-la-base-naturo-avec-licf-ranking-race\/#primaryimage\",\"url\":\"https:\/\/vosgesinfo.fr\/app\/uploads\/sites\/3\/2025\/08\/stade-eaux-vive-epinal-gesn.2jpg.jpg\",\"contentUrl\":\"https:\/\/vosgesinfo.fr\/app\/uploads\/sites\/3\/2025\/08\/stade-eaux-vive-epinal-gesn.2jpg.jpg\",\"width\":1024,\"height\":683},{\"@type\":\"BreadcrumbList\",\"@id\":\"https:\/\/vosgesinfo.fr\/epinalinfo\/2025\/08\/le-gesn-canoe-kayak-fait-vibrer-la-base-naturo-avec-licf-ranking-race\/#breadcrumb\",\"itemListElement\":[{\"@type\":\"ListItem\",\"position\":1,\"name\":\"Home\",\"item\":\"https:\/\/vosgesinfo.fr\/epinalinfo\/\"},{\"@type\":\"ListItem\",\"position\":2,\"name\":\"Le GESN Cano\u00eb-Kayak fait vibrer la Base Natur\u2019O avec l\u2019ICF Ranking Race\"}]},{\"@type\":\"WebSite\",\"@id\":\"https:\/\/vosgesinfo.fr\/epinalinfo\/#website\",\"url\":\"https:\/\/vosgesinfo.fr\/epinalinfo\/\",\"name\":\"Epinal Info\",\"description\":\"Toute l&#039;actualit\u00e9 d&#039;\u00c9pinal\",\"publisher\":{\"@id\":\"https:\/\/vosgesinfo.fr\/epinalinfo\/#organization\"},\"alternateName\":\"Toute l'actualit\u00e9 d'\u00c9pinal\",\"potentialAction\":[{\"@type\":\"SearchAction\",\"target\":{\"@type\":\"EntryPoint\",\"urlTemplate\":\"https:\/\/vosgesinfo.fr\/epinalinfo\/?s={search_term_string}\"},\"query-input\":\"required name=search_term_string\"}],\"inLanguage\":\"fr-FR\"},{\"@type\":\"Organization\",\"@id\":\"https:\/\/vosgesinfo.fr\/epinalinfo\/#organization\",\"name\":\"Epinal Info\",\"url\":\"https:\/\/vosgesinfo.fr\/epinalinfo\/\",\"logo\":{\"@type\":\"ImageObject\",\"inLanguage\":\"fr-FR\",\"@id\":\"https:\/\/vosgesinfo.fr\/epinalinfo\/#\/schema\/logo\/image\/\",\"url\":\"https:\/\/vosgesinfo.fr\/app\/uploads\/sites\/3\/2023\/08\/logo-epinalinfos.svg\",\"contentUrl\":\"https:\/\/vosgesinfo.fr\/app\/uploads\/sites\/3\/2023\/08\/logo-epinalinfos.svg\",\"width\":1,\"height\":1,\"caption\":\"Epinal Info\"},\"image\":{\"@id\":\"https:\/\/vosgesinfo.fr\/epinalinfo\/#\/schema\/logo\/image\/\"},\"sameAs\":[\"https:\/\/www.facebook.com\/Epinalinfos\",\"https:\/\/x.com\/VosgesInfo88\",\"https:\/\/www.youtube.com\/@vosgesinfo\"]},{\"@type\":\"Person\",\"@id\":\"https:\/\/vosgesinfo.fr\/epinalinfo\/#\/schema\/person\/6f9a650eeea99d969b6c4ab78fccbe81\",\"name\":\"C.K.\",\"image\":{\"@type\":\"ImageObject\",\"inLanguage\":\"fr-FR\",\"@id\":\"https:\/\/vosgesinfo.fr\/epinalinfo\/#\/schema\/person\/image\/\",\"url\":\"https:\/\/secure.gravatar.com\/avatar\/48e3fc7f8421ba8942be6b74a2b7f014ca39bc00dece156b7a8e098ae7dc87bf?s=96&d=mm&r=g\",\"contentUrl\":\"https:\/\/secure.gravatar.com\/avatar\/48e3fc7f8421ba8942be6b74a2b7f014ca39bc00dece156b7a8e098ae7dc87bf?s=96&d=mm&r=g\",\"caption\":\"C.K.\"},\"url\":\"https:\/\/vosgesinfo.fr\/epinalinfo\/author\/celia-k-n\/\"}]}<\/script>\n<!-- \/ Yoast SEO plugin. -->","yoast_head_json":{"title":"Le GESN Cano\u00eb-Kayak fait vibrer la Base Natur\u2019O avec l\u2019ICF Ranking Race - Epinal Info","robots":{"index":"index","follow":"follow","max-snippet":"max-snippet:-1","max-image-preview":"max-image-preview:large","max-video-preview":"max-video-preview:-1"},"canonical":"https:\/\/vosgesinfo.fr\/epinalinfo\/2025\/08\/le-gesn-canoe-kayak-fait-vibrer-la-base-naturo-avec-licf-ranking-race\/","twitter_card":"summary_large_image","twitter_title":"Le GESN Cano\u00eb-Kayak fait vibrer la Base Natur\u2019O avec l\u2019ICF Ranking Race - Epinal Info","twitter_description":"Les 23 et 24 ao\u00fbt, \u00c9pinal accueillera un rendez-vous sportif de dimension internationale. La Base Natur\u2019O sera en effet le [&hellip;]","twitter_image":"https:\/\/vosgesinfo.fr\/app\/uploads\/sites\/3\/2025\/08\/stade-eaux-vive-epinal-gesn.2jpg.jpg","twitter_creator":"@VosgesInfo88","twitter_site":"@VosgesInfo88","twitter_misc":{"\u00c9crit par":"C.K.","Dur\u00e9e de lecture estim\u00e9e":"2 minutes"},"schema":{"@context":"https:\/\/schema.org","@graph":[{"@type":"Article","@id":"https:\/\/vosgesinfo.fr\/epinalinfo\/2025\/08\/le-gesn-canoe-kayak-fait-vibrer-la-base-naturo-avec-licf-ranking-race\/#article","isPartOf":{"@id":"https:\/\/vosgesinfo.fr\/epinalinfo\/2025\/08\/le-gesn-canoe-kayak-fait-vibrer-la-base-naturo-avec-licf-ranking-race\/"},"author":{"name":"C.K.","@id":"https:\/\/vosgesinfo.fr\/epinalinfo\/#\/schema\/person\/6f9a650eeea99d969b6c4ab78fccbe81"},"headline":"Le GESN Cano\u00eb-Kayak fait vibrer la Base Natur\u2019O avec l\u2019ICF Ranking Race","datePublished":"2025-08-18T07:10:47+00:00","dateModified":"2025-08-18T07:03:12+00:00","mainEntityOfPage":{"@id":"https:\/\/vosgesinfo.fr\/epinalinfo\/2025\/08\/le-gesn-canoe-kayak-fait-vibrer-la-base-naturo-avec-licf-ranking-race\/"},"wordCount":333,"commentCount":0,"publisher":{"@id":"https:\/\/vosgesinfo.fr\/epinalinfo\/#organization"},"image":{"@id":"https:\/\/vosgesinfo.fr\/epinalinfo\/2025\/08\/le-gesn-canoe-kayak-fait-vibrer-la-base-naturo-avec-licf-ranking-race\/#primaryimage"},"thumbnailUrl":"https:\/\/vosgesinfo.fr\/app\/uploads\/sites\/3\/2025\/08\/stade-eaux-vive-epinal-gesn.2jpg.jpg","articleSection":["A la Une","Epinal","Sport"],"inLanguage":"fr-FR","potentialAction":[{"@type":"CommentAction","name":"Comment","target":["https:\/\/vosgesinfo.fr\/epinalinfo\/2025\/08\/le-gesn-canoe-kayak-fait-vibrer-la-base-naturo-avec-licf-ranking-race\/#respond"]}]},{"@type":"WebPage","@id":"https:\/\/vosgesinfo.fr\/epinalinfo\/2025\/08\/le-gesn-canoe-kayak-fait-vibrer-la-base-naturo-avec-licf-ranking-race\/","url":"https:\/\/vosgesinfo.fr\/epinalinfo\/2025\/08\/le-gesn-canoe-kayak-fait-vibrer-la-base-naturo-avec-licf-ranking-race\/","name":"Le GESN Cano\u00eb-Kayak fait vibrer la Base Natur\u2019O avec l\u2019ICF Ranking Race - Epinal Info","isPartOf":{"@id":"https:\/\/vosgesinfo.fr\/epinalinfo\/#website"},"primaryImageOfPage":{"@id":"https:\/\/vosgesinfo.fr\/epinalinfo\/2025\/08\/le-gesn-canoe-kayak-fait-vibrer-la-base-naturo-avec-licf-ranking-race\/#primaryimage"},"image":{"@id":"https:\/\/vosgesinfo.fr\/epinalinfo\/2025\/08\/le-gesn-canoe-kayak-fait-vibrer-la-base-naturo-avec-licf-ranking-race\/#primaryimage"},"thumbnailUrl":"https:\/\/vosgesinfo.fr\/app\/uploads\/sites\/3\/2025\/08\/stade-eaux-vive-epinal-gesn.2jpg.jpg","datePublished":"2025-08-18T07:10:47+00:00","dateModified":"2025-08-18T07:03:12+00:00","breadcrumb":{"@id":"https:\/\/vosgesinfo.fr\/epinalinfo\/2025\/08\/le-gesn-canoe-kayak-fait-vibrer-la-base-naturo-avec-licf-ranking-race\/#breadcrumb"},"inLanguage":"fr-FR","potentialAction":[{"@type":"ReadAction","target":["https:\/\/vosgesinfo.fr\/epinalinfo\/2025\/08\/le-gesn-canoe-kayak-fait-vibrer-la-base-naturo-avec-licf-ranking-race\/"]}]},{"@type":"ImageObject","inLanguage":"fr-FR","@id":"https:\/\/vosgesinfo.fr\/epinalinfo\/2025\/08\/le-gesn-canoe-kayak-fait-vibrer-la-base-naturo-avec-licf-ranking-race\/#primaryimage","url":"https:\/\/vosgesinfo.fr\/app\/uploads\/sites\/3\/2025\/08\/stade-eaux-vive-epinal-gesn.2jpg.jpg","contentUrl":"https:\/\/vosgesinfo.fr\/app\/uploads\/sites\/3\/2025\/08\/stade-eaux-vive-epinal-gesn.2jpg.jpg","width":1024,"height":683},{"@type":"BreadcrumbList","@id":"https:\/\/vosgesinfo.fr\/epinalinfo\/2025\/08\/le-gesn-canoe-kayak-fait-vibrer-la-base-naturo-avec-licf-ranking-race\/#breadcrumb","itemListElement":[{"@type":"ListItem","position":1,"name":"Home","item":"https:\/\/vosgesinfo.fr\/epinalinfo\/"},{"@type":"ListItem","position":2,"name":"Le GESN Cano\u00eb-Kayak fait vibrer la Base Natur\u2019O avec l\u2019ICF Ranking Race"}]},{"@type":"WebSite","@id":"https:\/\/vosgesinfo.fr\/epinalinfo\/#website","url":"https:\/\/vosgesinfo.fr\/epinalinfo\/","name":"Epinal Info","description":"Toute l&#039;actualit\u00e9 d&#039;\u00c9pinal","publisher":{"@id":"https:\/\/vosgesinfo.fr\/epinalinfo\/#organization"},"alternateName":"Toute l'actualit\u00e9 d'\u00c9pinal","potentialAction":[{"@type":"SearchAction","target":{"@type":"EntryPoint","urlTemplate":"https:\/\/vosgesinfo.fr\/epinalinfo\/?s={search_term_string}"},"query-input":"required name=search_term_string"}],"inLanguage":"fr-FR"},{"@type":"Organization","@id":"https:\/\/vosgesinfo.fr\/epinalinfo\/#organization","name":"Epinal Info","url":"https:\/\/vosgesinfo.fr\/epinalinfo\/","logo":{"@type":"ImageObject","inLanguage":"fr-FR","@id":"https:\/\/vosgesinfo.fr\/epinalinfo\/#\/schema\/logo\/image\/","url":"https:\/\/vosgesinfo.fr\/app\/uploads\/sites\/3\/2023\/08\/logo-epinalinfos.svg","contentUrl":"https:\/\/vosgesinfo.fr\/app\/uploads\/sites\/3\/2023\/08\/logo-epinalinfos.svg","width":1,"height":1,"caption":"Epinal Info"},"image":{"@id":"https:\/\/vosgesinfo.fr\/epinalinfo\/#\/schema\/logo\/image\/"},"sameAs":["https:\/\/www.facebook.com\/Epinalinfos","https:\/\/x.com\/VosgesInfo88","https:\/\/www.youtube.com\/@vosgesinfo"]},{"@type":"Person","@id":"https:\/\/vosgesinfo.fr\/epinalinfo\/#\/schema\/person\/6f9a650eeea99d969b6c4ab78fccbe81","name":"C.K.","image":{"@type":"ImageObject","inLanguage":"fr-FR","@id":"https:\/\/vosgesinfo.fr\/epinalinfo\/#\/schema\/person\/image\/","url":"https:\/\/secure.gravatar.com\/avatar\/48e3fc7f8421ba8942be6b74a2b7f014ca39bc00dece156b7a8e098ae7dc87bf?s=96&d=mm&r=g","contentUrl":"https:\/\/secure.gravatar.com\/avatar\/48e3fc7f8421ba8942be6b74a2b7f014ca39bc00dece156b7a8e098ae7dc87bf?s=96&d=mm&r=g","caption":"C.K."},"url":"https:\/\/vosgesinfo.fr\/epinalinfo\/author\/celia-k-n\/"}]}},"_links":{"self":[{"href":"https:\/\/vosgesinfo.fr\/epinalinfo\/wp-json\/wp\/v2\/posts\/134379","targetHints":{"allow":["GET"]}}],"collection":[{"href":"https:\/\/vosgesinfo.fr\/epinalinfo\/wp-json\/wp\/v2\/posts"}],"about":[{"href":"https:\/\/vosgesinfo.fr\/epinalinfo\/wp-json\/wp\/v2\/types\/post"}],"author":[{"embeddable":true,"href":"https:\/\/vosgesinfo.fr\/epinalinfo\/wp-json\/wp\/v2\/users\/52"}],"replies":[{"embeddable":true,"href":"https:\/\/vosgesinfo.fr\/epinalinfo\/wp-json\/wp\/v2\/comments?post=134379"}],"version-history":[{"count":1,"href":"https:\/\/vosgesinfo.fr\/epinalinfo\/wp-json\/wp\/v2\/posts\/134379\/revisions"}],"predecessor-version":[{"id":134386,"href":"https:\/\/vosgesinfo.fr\/epinalinfo\/wp-json\/wp\/v2\/posts\/134379\/revisions\/134386"}],"wp:featuredmedia":[{"embeddable":true,"href":"https:\/\/vosgesinfo.fr\/epinalinfo\/wp-json\/wp\/v2\/media\/134380"}],"wp:attachment":[{"href":"https:\/\/vosgesinfo.fr\/epinalinfo\/wp-json\/wp\/v2\/media?parent=134379"}],"wp:term":[{"taxonomy":"category","embeddable":true,"href":"https:\/\/vosgesinfo.fr\/epinalinfo\/wp-json\/wp\/v2\/categories?post=134379"},{"taxonomy":"post_tag","embeddable":true,"href":"https:\/\/vosgesinfo.fr\/epinalinfo\/wp-json\/wp\/v2\/tags?post=134379"}],"curies":[{"name":"wp","href":"https:\/\/api.w.org\/{rel}","templated":true}]}}