{"id":134389,"date":"2025-08-18T09:15:43","date_gmt":"2025-08-18T07:15:43","guid":{"rendered":"https:\/\/vosgesinfo.fr\/epinalinfo\/?p=134389"},"modified":"2025-08-18T09:12:26","modified_gmt":"2025-08-18T07:12:26","slug":"une-nouvelle-voiture-fracturee-a-pouxeux","status":"publish","type":"post","link":"https:\/\/vosgesinfo.fr\/epinalinfo\/2025\/08\/une-nouvelle-voiture-fracturee-a-pouxeux\/","title":{"rendered":"Une nouvelle voiture fractur\u00e9e \u00e0 Pouxeux !"},"content":{"rendered":"<div id=\"attachment_134390\" style=\"width: 1546px\" class=\"wp-caption aligncenter\"><a href=\"https:\/\/vosgesinfo.fr\/app\/uploads\/sites\/3\/2025\/08\/533961721-10237360264164333-1293410742992377983-n.jpg\"><img decoding=\"async\" aria-describedby=\"caption-attachment-134390\" class=\"size-full wp-image-134390\" src=\"https:\/\/vosgesinfo.fr\/app\/uploads\/sites\/3\/2025\/08\/533961721-10237360264164333-1293410742992377983-n.jpg\" alt=\"\" width=\"1536\" height=\"2048\" srcset=\"https:\/\/vosgesinfo.fr\/app\/uploads\/sites\/3\/2025\/08\/533961721-10237360264164333-1293410742992377983-n.jpg 1536w, https:\/\/vosgesinfo.fr\/app\/uploads\/sites\/3\/2025\/08\/533961721-10237360264164333-1293410742992377983-n-225x300.jpg 225w, https:\/\/vosgesinfo.fr\/app\/uploads\/sites\/3\/2025\/08\/533961721-10237360264164333-1293410742992377983-n-768x1024.jpg 768w, https:\/\/vosgesinfo.fr\/app\/uploads\/sites\/3\/2025\/08\/533961721-10237360264164333-1293410742992377983-n-1152x1536.jpg 1152w\" sizes=\"(max-width: 1536px) 100vw, 1536px\" \/><\/a><p id=\"caption-attachment-134390\" class=\"wp-caption-text\">photo fb<\/p><\/div>\n<h2 data-start=\"176\" data-end=\"277\">Un nouveau vol a \u00e9t\u00e9 signal\u00e9 hier \u00e0 <strong data-start=\"212\" data-end=\"223\">Pouxeux<\/strong>, rue du Tambois, \u00e0 proximit\u00e9 de la salle des f\u00eates.<\/h2>\n<h3 data-start=\"279\" data-end=\"328\">Une vitre bris\u00e9e pour acc\u00e9der \u00e0 l\u2019habitacle<\/h3>\n<p data-start=\"329\" data-end=\"520\">Selon les premiers \u00e9l\u00e9ments, les auteurs ont bris\u00e9 une vitre d\u2019un v\u00e9hicule en stationnement afin de s\u2019emparer d\u2019objets laiss\u00e9s \u00e0 l\u2019int\u00e9rieur.<\/p>\n<h3 data-start=\"522\" data-end=\"550\">Un ph\u00e9nom\u00e8ne r\u00e9current<\/h3>\n<p data-start=\"551\" data-end=\"708\">Ce type de vol \u00e0 la roulotte reste fr\u00e9quent et opportuniste, les malfaiteurs ciblant en particulier les v\u00e9hicules contenant des effets personnels visibles.<\/p>\n<h3 data-start=\"710\" data-end=\"736\">Appel \u00e0 la vigilance<\/h3>\n<p data-start=\"737\" data-end=\"924\">Les forces de l\u2019ordre rappellent quelques consignes de pr\u00e9vention : \u00e9viter de laisser sacs, appareils \u00e9lectroniques ou objets de valeur \u00e0 bord d\u2019un v\u00e9hicule, m\u00eame pour un court instant.<\/p>\n","protected":false},"excerpt":{"rendered":"<p>Un nouveau vol a \u00e9t\u00e9 signal\u00e9 hier \u00e0 Pouxeux, rue du Tambois, \u00e0 proximit\u00e9 de la salle des f\u00eates. Une [&hellip;]<\/p>\n","protected":false},"author":52,"featured_media":134390,"comment_status":"open","ping_status":"open","sticky":false,"template":"","format":"standard","meta":{"footnotes":""},"categories":[22,24,16923,6],"tags":[],"class_list":["post-134389","post","type-post","status-publish","format-standard","has-post-thumbnail","hentry","category-a-la-une","category-epinal","category-fait-divers","category-faits-divers"],"acf":[],"yoast_head":"<!-- This site is optimized with the Yoast SEO plugin v22.5 - https:\/\/yoast.com\/wordpress\/plugins\/seo\/ -->\n<title>Une nouvelle voiture fractur\u00e9e \u00e0 Pouxeux ! - Epinal Info<\/title>\n<meta name=\"robots\" content=\"index, follow, max-snippet:-1, max-image-preview:large, max-video-preview:-1\" \/>\n<link rel=\"canonical\" href=\"https:\/\/vosgesinfo.fr\/epinalinfo\/2025\/08\/une-nouvelle-voiture-fracturee-a-pouxeux\/\" \/>\n<meta name=\"twitter:card\" content=\"summary_large_image\" \/>\n<meta name=\"twitter:title\" content=\"Une nouvelle voiture fractur\u00e9e \u00e0 Pouxeux ! - Epinal Info\" \/>\n<meta name=\"twitter:description\" content=\"Un nouveau vol a \u00e9t\u00e9 signal\u00e9 hier \u00e0 Pouxeux, rue du Tambois, \u00e0 proximit\u00e9 de la salle des f\u00eates. Une [&hellip;]\" \/>\n<meta name=\"twitter:image\" content=\"https:\/\/vosgesinfo.fr\/app\/uploads\/sites\/3\/2025\/08\/533961721-10237360264164333-1293410742992377983-n.jpg\" \/>\n<meta name=\"twitter:creator\" content=\"@VosgesInfo88\" \/>\n<meta name=\"twitter:site\" content=\"@VosgesInfo88\" \/>\n<meta name=\"twitter:label1\" content=\"\u00c9crit par\" \/>\n\t<meta name=\"twitter:data1\" content=\"C.K.\" \/>\n\t<meta name=\"twitter:label2\" content=\"Dur\u00e9e de lecture estim\u00e9e\" \/>\n\t<meta name=\"twitter:data2\" content=\"1 minute\" \/>\n<script type=\"application\/ld+json\" class=\"yoast-schema-graph\">{\"@context\":\"https:\/\/schema.org\",\"@graph\":[{\"@type\":\"Article\",\"@id\":\"https:\/\/vosgesinfo.fr\/epinalinfo\/2025\/08\/une-nouvelle-voiture-fracturee-a-pouxeux\/#article\",\"isPartOf\":{\"@id\":\"https:\/\/vosgesinfo.fr\/epinalinfo\/2025\/08\/une-nouvelle-voiture-fracturee-a-pouxeux\/\"},\"author\":{\"name\":\"C.K.\",\"@id\":\"https:\/\/vosgesinfo.fr\/epinalinfo\/#\/schema\/person\/6f9a650eeea99d969b6c4ab78fccbe81\"},\"headline\":\"Une nouvelle voiture fractur\u00e9e \u00e0 Pouxeux !\",\"datePublished\":\"2025-08-18T07:15:43+00:00\",\"dateModified\":\"2025-08-18T07:12:26+00:00\",\"mainEntityOfPage\":{\"@id\":\"https:\/\/vosgesinfo.fr\/epinalinfo\/2025\/08\/une-nouvelle-voiture-fracturee-a-pouxeux\/\"},\"wordCount\":135,\"commentCount\":0,\"publisher\":{\"@id\":\"https:\/\/vosgesinfo.fr\/epinalinfo\/#organization\"},\"image\":{\"@id\":\"https:\/\/vosgesinfo.fr\/epinalinfo\/2025\/08\/une-nouvelle-voiture-fracturee-a-pouxeux\/#primaryimage\"},\"thumbnailUrl\":\"https:\/\/vosgesinfo.fr\/app\/uploads\/sites\/3\/2025\/08\/533961721-10237360264164333-1293410742992377983-n.jpg\",\"articleSection\":[\"A la Une\",\"Epinal\",\"Fait Divers\",\"Faits-divers\"],\"inLanguage\":\"fr-FR\",\"potentialAction\":[{\"@type\":\"CommentAction\",\"name\":\"Comment\",\"target\":[\"https:\/\/vosgesinfo.fr\/epinalinfo\/2025\/08\/une-nouvelle-voiture-fracturee-a-pouxeux\/#respond\"]}]},{\"@type\":\"WebPage\",\"@id\":\"https:\/\/vosgesinfo.fr\/epinalinfo\/2025\/08\/une-nouvelle-voiture-fracturee-a-pouxeux\/\",\"url\":\"https:\/\/vosgesinfo.fr\/epinalinfo\/2025\/08\/une-nouvelle-voiture-fracturee-a-pouxeux\/\",\"name\":\"Une nouvelle voiture fractur\u00e9e \u00e0 Pouxeux ! - Epinal Info\",\"isPartOf\":{\"@id\":\"https:\/\/vosgesinfo.fr\/epinalinfo\/#website\"},\"primaryImageOfPage\":{\"@id\":\"https:\/\/vosgesinfo.fr\/epinalinfo\/2025\/08\/une-nouvelle-voiture-fracturee-a-pouxeux\/#primaryimage\"},\"image\":{\"@id\":\"https:\/\/vosgesinfo.fr\/epinalinfo\/2025\/08\/une-nouvelle-voiture-fracturee-a-pouxeux\/#primaryimage\"},\"thumbnailUrl\":\"https:\/\/vosgesinfo.fr\/app\/uploads\/sites\/3\/2025\/08\/533961721-10237360264164333-1293410742992377983-n.jpg\",\"datePublished\":\"2025-08-18T07:15:43+00:00\",\"dateModified\":\"2025-08-18T07:12:26+00:00\",\"breadcrumb\":{\"@id\":\"https:\/\/vosgesinfo.fr\/epinalinfo\/2025\/08\/une-nouvelle-voiture-fracturee-a-pouxeux\/#breadcrumb\"},\"inLanguage\":\"fr-FR\",\"potentialAction\":[{\"@type\":\"ReadAction\",\"target\":[\"https:\/\/vosgesinfo.fr\/epinalinfo\/2025\/08\/une-nouvelle-voiture-fracturee-a-pouxeux\/\"]}]},{\"@type\":\"ImageObject\",\"inLanguage\":\"fr-FR\",\"@id\":\"https:\/\/vosgesinfo.fr\/epinalinfo\/2025\/08\/une-nouvelle-voiture-fracturee-a-pouxeux\/#primaryimage\",\"url\":\"https:\/\/vosgesinfo.fr\/app\/uploads\/sites\/3\/2025\/08\/533961721-10237360264164333-1293410742992377983-n.jpg\",\"contentUrl\":\"https:\/\/vosgesinfo.fr\/app\/uploads\/sites\/3\/2025\/08\/533961721-10237360264164333-1293410742992377983-n.jpg\",\"width\":1536,\"height\":2048,\"caption\":\"photo fb\"},{\"@type\":\"BreadcrumbList\",\"@id\":\"https:\/\/vosgesinfo.fr\/epinalinfo\/2025\/08\/une-nouvelle-voiture-fracturee-a-pouxeux\/#breadcrumb\",\"itemListElement\":[{\"@type\":\"ListItem\",\"position\":1,\"name\":\"Home\",\"item\":\"https:\/\/vosgesinfo.fr\/epinalinfo\/\"},{\"@type\":\"ListItem\",\"position\":2,\"name\":\"Une nouvelle voiture fractur\u00e9e \u00e0 Pouxeux !\"}]},{\"@type\":\"WebSite\",\"@id\":\"https:\/\/vosgesinfo.fr\/epinalinfo\/#website\",\"url\":\"https:\/\/vosgesinfo.fr\/epinalinfo\/\",\"name\":\"Epinal Info\",\"description\":\"Toute l&#039;actualit\u00e9 d&#039;\u00c9pinal\",\"publisher\":{\"@id\":\"https:\/\/vosgesinfo.fr\/epinalinfo\/#organization\"},\"alternateName\":\"Toute l'actualit\u00e9 d'\u00c9pinal\",\"potentialAction\":[{\"@type\":\"SearchAction\",\"target\":{\"@type\":\"EntryPoint\",\"urlTemplate\":\"https:\/\/vosgesinfo.fr\/epinalinfo\/?s={search_term_string}\"},\"query-input\":\"required name=search_term_string\"}],\"inLanguage\":\"fr-FR\"},{\"@type\":\"Organization\",\"@id\":\"https:\/\/vosgesinfo.fr\/epinalinfo\/#organization\",\"name\":\"Epinal Info\",\"url\":\"https:\/\/vosgesinfo.fr\/epinalinfo\/\",\"logo\":{\"@type\":\"ImageObject\",\"inLanguage\":\"fr-FR\",\"@id\":\"https:\/\/vosgesinfo.fr\/epinalinfo\/#\/schema\/logo\/image\/\",\"url\":\"https:\/\/vosgesinfo.fr\/app\/uploads\/sites\/3\/2023\/08\/logo-epinalinfos.svg\",\"contentUrl\":\"https:\/\/vosgesinfo.fr\/app\/uploads\/sites\/3\/2023\/08\/logo-epinalinfos.svg\",\"width\":1,\"height\":1,\"caption\":\"Epinal Info\"},\"image\":{\"@id\":\"https:\/\/vosgesinfo.fr\/epinalinfo\/#\/schema\/logo\/image\/\"},\"sameAs\":[\"https:\/\/www.facebook.com\/Epinalinfos\",\"https:\/\/x.com\/VosgesInfo88\",\"https:\/\/www.youtube.com\/@vosgesinfo\"]},{\"@type\":\"Person\",\"@id\":\"https:\/\/vosgesinfo.fr\/epinalinfo\/#\/schema\/person\/6f9a650eeea99d969b6c4ab78fccbe81\",\"name\":\"C.K.\",\"image\":{\"@type\":\"ImageObject\",\"inLanguage\":\"fr-FR\",\"@id\":\"https:\/\/vosgesinfo.fr\/epinalinfo\/#\/schema\/person\/image\/\",\"url\":\"https:\/\/secure.gravatar.com\/avatar\/48e3fc7f8421ba8942be6b74a2b7f014ca39bc00dece156b7a8e098ae7dc87bf?s=96&d=mm&r=g\",\"contentUrl\":\"https:\/\/secure.gravatar.com\/avatar\/48e3fc7f8421ba8942be6b74a2b7f014ca39bc00dece156b7a8e098ae7dc87bf?s=96&d=mm&r=g\",\"caption\":\"C.K.\"},\"url\":\"https:\/\/vosgesinfo.fr\/epinalinfo\/author\/celia-k-n\/\"}]}<\/script>\n<!-- \/ Yoast SEO plugin. -->","yoast_head_json":{"title":"Une nouvelle voiture fractur\u00e9e \u00e0 Pouxeux ! - Epinal Info","robots":{"index":"index","follow":"follow","max-snippet":"max-snippet:-1","max-image-preview":"max-image-preview:large","max-video-preview":"max-video-preview:-1"},"canonical":"https:\/\/vosgesinfo.fr\/epinalinfo\/2025\/08\/une-nouvelle-voiture-fracturee-a-pouxeux\/","twitter_card":"summary_large_image","twitter_title":"Une nouvelle voiture fractur\u00e9e \u00e0 Pouxeux ! - Epinal Info","twitter_description":"Un nouveau vol a \u00e9t\u00e9 signal\u00e9 hier \u00e0 Pouxeux, rue du Tambois, \u00e0 proximit\u00e9 de la salle des f\u00eates. Une [&hellip;]","twitter_image":"https:\/\/vosgesinfo.fr\/app\/uploads\/sites\/3\/2025\/08\/533961721-10237360264164333-1293410742992377983-n.jpg","twitter_creator":"@VosgesInfo88","twitter_site":"@VosgesInfo88","twitter_misc":{"\u00c9crit par":"C.K.","Dur\u00e9e de lecture estim\u00e9e":"1 minute"},"schema":{"@context":"https:\/\/schema.org","@graph":[{"@type":"Article","@id":"https:\/\/vosgesinfo.fr\/epinalinfo\/2025\/08\/une-nouvelle-voiture-fracturee-a-pouxeux\/#article","isPartOf":{"@id":"https:\/\/vosgesinfo.fr\/epinalinfo\/2025\/08\/une-nouvelle-voiture-fracturee-a-pouxeux\/"},"author":{"name":"C.K.","@id":"https:\/\/vosgesinfo.fr\/epinalinfo\/#\/schema\/person\/6f9a650eeea99d969b6c4ab78fccbe81"},"headline":"Une nouvelle voiture fractur\u00e9e \u00e0 Pouxeux !","datePublished":"2025-08-18T07:15:43+00:00","dateModified":"2025-08-18T07:12:26+00:00","mainEntityOfPage":{"@id":"https:\/\/vosgesinfo.fr\/epinalinfo\/2025\/08\/une-nouvelle-voiture-fracturee-a-pouxeux\/"},"wordCount":135,"commentCount":0,"publisher":{"@id":"https:\/\/vosgesinfo.fr\/epinalinfo\/#organization"},"image":{"@id":"https:\/\/vosgesinfo.fr\/epinalinfo\/2025\/08\/une-nouvelle-voiture-fracturee-a-pouxeux\/#primaryimage"},"thumbnailUrl":"https:\/\/vosgesinfo.fr\/app\/uploads\/sites\/3\/2025\/08\/533961721-10237360264164333-1293410742992377983-n.jpg","articleSection":["A la Une","Epinal","Fait Divers","Faits-divers"],"inLanguage":"fr-FR","potentialAction":[{"@type":"CommentAction","name":"Comment","target":["https:\/\/vosgesinfo.fr\/epinalinfo\/2025\/08\/une-nouvelle-voiture-fracturee-a-pouxeux\/#respond"]}]},{"@type":"WebPage","@id":"https:\/\/vosgesinfo.fr\/epinalinfo\/2025\/08\/une-nouvelle-voiture-fracturee-a-pouxeux\/","url":"https:\/\/vosgesinfo.fr\/epinalinfo\/2025\/08\/une-nouvelle-voiture-fracturee-a-pouxeux\/","name":"Une nouvelle voiture fractur\u00e9e \u00e0 Pouxeux ! - Epinal Info","isPartOf":{"@id":"https:\/\/vosgesinfo.fr\/epinalinfo\/#website"},"primaryImageOfPage":{"@id":"https:\/\/vosgesinfo.fr\/epinalinfo\/2025\/08\/une-nouvelle-voiture-fracturee-a-pouxeux\/#primaryimage"},"image":{"@id":"https:\/\/vosgesinfo.fr\/epinalinfo\/2025\/08\/une-nouvelle-voiture-fracturee-a-pouxeux\/#primaryimage"},"thumbnailUrl":"https:\/\/vosgesinfo.fr\/app\/uploads\/sites\/3\/2025\/08\/533961721-10237360264164333-1293410742992377983-n.jpg","datePublished":"2025-08-18T07:15:43+00:00","dateModified":"2025-08-18T07:12:26+00:00","breadcrumb":{"@id":"https:\/\/vosgesinfo.fr\/epinalinfo\/2025\/08\/une-nouvelle-voiture-fracturee-a-pouxeux\/#breadcrumb"},"inLanguage":"fr-FR","potentialAction":[{"@type":"ReadAction","target":["https:\/\/vosgesinfo.fr\/epinalinfo\/2025\/08\/une-nouvelle-voiture-fracturee-a-pouxeux\/"]}]},{"@type":"ImageObject","inLanguage":"fr-FR","@id":"https:\/\/vosgesinfo.fr\/epinalinfo\/2025\/08\/une-nouvelle-voiture-fracturee-a-pouxeux\/#primaryimage","url":"https:\/\/vosgesinfo.fr\/app\/uploads\/sites\/3\/2025\/08\/533961721-10237360264164333-1293410742992377983-n.jpg","contentUrl":"https:\/\/vosgesinfo.fr\/app\/uploads\/sites\/3\/2025\/08\/533961721-10237360264164333-1293410742992377983-n.jpg","width":1536,"height":2048,"caption":"photo fb"},{"@type":"BreadcrumbList","@id":"https:\/\/vosgesinfo.fr\/epinalinfo\/2025\/08\/une-nouvelle-voiture-fracturee-a-pouxeux\/#breadcrumb","itemListElement":[{"@type":"ListItem","position":1,"name":"Home","item":"https:\/\/vosgesinfo.fr\/epinalinfo\/"},{"@type":"ListItem","position":2,"name":"Une nouvelle voiture fractur\u00e9e \u00e0 Pouxeux !"}]},{"@type":"WebSite","@id":"https:\/\/vosgesinfo.fr\/epinalinfo\/#website","url":"https:\/\/vosgesinfo.fr\/epinalinfo\/","name":"Epinal Info","description":"Toute l&#039;actualit\u00e9 d&#039;\u00c9pinal","publisher":{"@id":"https:\/\/vosgesinfo.fr\/epinalinfo\/#organization"},"alternateName":"Toute l'actualit\u00e9 d'\u00c9pinal","potentialAction":[{"@type":"SearchAction","target":{"@type":"EntryPoint","urlTemplate":"https:\/\/vosgesinfo.fr\/epinalinfo\/?s={search_term_string}"},"query-input":"required name=search_term_string"}],"inLanguage":"fr-FR"},{"@type":"Organization","@id":"https:\/\/vosgesinfo.fr\/epinalinfo\/#organization","name":"Epinal Info","url":"https:\/\/vosgesinfo.fr\/epinalinfo\/","logo":{"@type":"ImageObject","inLanguage":"fr-FR","@id":"https:\/\/vosgesinfo.fr\/epinalinfo\/#\/schema\/logo\/image\/","url":"https:\/\/vosgesinfo.fr\/app\/uploads\/sites\/3\/2023\/08\/logo-epinalinfos.svg","contentUrl":"https:\/\/vosgesinfo.fr\/app\/uploads\/sites\/3\/2023\/08\/logo-epinalinfos.svg","width":1,"height":1,"caption":"Epinal Info"},"image":{"@id":"https:\/\/vosgesinfo.fr\/epinalinfo\/#\/schema\/logo\/image\/"},"sameAs":["https:\/\/www.facebook.com\/Epinalinfos","https:\/\/x.com\/VosgesInfo88","https:\/\/www.youtube.com\/@vosgesinfo"]},{"@type":"Person","@id":"https:\/\/vosgesinfo.fr\/epinalinfo\/#\/schema\/person\/6f9a650eeea99d969b6c4ab78fccbe81","name":"C.K.","image":{"@type":"ImageObject","inLanguage":"fr-FR","@id":"https:\/\/vosgesinfo.fr\/epinalinfo\/#\/schema\/person\/image\/","url":"https:\/\/secure.gravatar.com\/avatar\/48e3fc7f8421ba8942be6b74a2b7f014ca39bc00dece156b7a8e098ae7dc87bf?s=96&d=mm&r=g","contentUrl":"https:\/\/secure.gravatar.com\/avatar\/48e3fc7f8421ba8942be6b74a2b7f014ca39bc00dece156b7a8e098ae7dc87bf?s=96&d=mm&r=g","caption":"C.K."},"url":"https:\/\/vosgesinfo.fr\/epinalinfo\/author\/celia-k-n\/"}]}},"_links":{"self":[{"href":"https:\/\/vosgesinfo.fr\/epinalinfo\/wp-json\/wp\/v2\/posts\/134389","targetHints":{"allow":["GET"]}}],"collection":[{"href":"https:\/\/vosgesinfo.fr\/epinalinfo\/wp-json\/wp\/v2\/posts"}],"about":[{"href":"https:\/\/vosgesinfo.fr\/epinalinfo\/wp-json\/wp\/v2\/types\/post"}],"author":[{"embeddable":true,"href":"https:\/\/vosgesinfo.fr\/epinalinfo\/wp-json\/wp\/v2\/users\/52"}],"replies":[{"embeddable":true,"href":"https:\/\/vosgesinfo.fr\/epinalinfo\/wp-json\/wp\/v2\/comments?post=134389"}],"version-history":[{"count":1,"href":"https:\/\/vosgesinfo.fr\/epinalinfo\/wp-json\/wp\/v2\/posts\/134389\/revisions"}],"predecessor-version":[{"id":134391,"href":"https:\/\/vosgesinfo.fr\/epinalinfo\/wp-json\/wp\/v2\/posts\/134389\/revisions\/134391"}],"wp:featuredmedia":[{"embeddable":true,"href":"https:\/\/vosgesinfo.fr\/epinalinfo\/wp-json\/wp\/v2\/media\/134390"}],"wp:attachment":[{"href":"https:\/\/vosgesinfo.fr\/epinalinfo\/wp-json\/wp\/v2\/media?parent=134389"}],"wp:term":[{"taxonomy":"category","embeddable":true,"href":"https:\/\/vosgesinfo.fr\/epinalinfo\/wp-json\/wp\/v2\/categories?post=134389"},{"taxonomy":"post_tag","embeddable":true,"href":"https:\/\/vosgesinfo.fr\/epinalinfo\/wp-json\/wp\/v2\/tags?post=134389"}],"curies":[{"name":"wp","href":"https:\/\/api.w.org\/{rel}","templated":true}]}}