{"id":134392,"date":"2025-08-18T09:20:23","date_gmt":"2025-08-18T07:20:23","guid":{"rendered":"https:\/\/vosgesinfo.fr\/epinalinfo\/?p=134392"},"modified":"2025-08-18T09:15:29","modified_gmt":"2025-08-18T07:15:29","slug":"travaux-sur-la-digue-du-reservoir-de-bouzey-jusquau-20-aout","status":"publish","type":"post","link":"https:\/\/vosgesinfo.fr\/epinalinfo\/2025\/08\/travaux-sur-la-digue-du-reservoir-de-bouzey-jusquau-20-aout\/","title":{"rendered":"Travaux sur la digue du r\u00e9servoir de Bouzey jusqu\u2019au 20 ao\u00fbt"},"content":{"rendered":"<div id=\"attachment_134393\" style=\"width: 950px\" class=\"wp-caption aligncenter\"><a href=\"https:\/\/vosgesinfo.fr\/app\/uploads\/sites\/3\/2025\/08\/532399665-1072774281693083-6646510709561589312-n.jpg\"><img decoding=\"async\" aria-describedby=\"caption-attachment-134393\" class=\"size-full wp-image-134393\" src=\"https:\/\/vosgesinfo.fr\/app\/uploads\/sites\/3\/2025\/08\/532399665-1072774281693083-6646510709561589312-n.jpg\" alt=\"\" width=\"940\" height=\"788\" srcset=\"https:\/\/vosgesinfo.fr\/app\/uploads\/sites\/3\/2025\/08\/532399665-1072774281693083-6646510709561589312-n.jpg 940w, https:\/\/vosgesinfo.fr\/app\/uploads\/sites\/3\/2025\/08\/532399665-1072774281693083-6646510709561589312-n-300x251.jpg 300w, https:\/\/vosgesinfo.fr\/app\/uploads\/sites\/3\/2025\/08\/532399665-1072774281693083-6646510709561589312-n-768x644.jpg 768w\" sizes=\"(max-width: 940px) 100vw, 940px\" \/><\/a><p id=\"caption-attachment-134393\" class=\"wp-caption-text\">photo CAE<\/p><\/div>\n<p data-start=\"163\" data-end=\"344\">Depuis ce lundi 18 ao\u00fbt et jusqu\u2019au mercredi 20 ao\u00fbt inclus, des travaux sont men\u00e9s sur la <strong data-start=\"254\" data-end=\"286\">digue du r\u00e9servoir de Bouzey<\/strong> pour le compte de <strong data-start=\"305\" data-end=\"341\">Voies navigables de France (VNF)<\/strong>.<\/p>\n<h3 data-start=\"346\" data-end=\"384\">Une intervention c\u00f4t\u00e9 Chaumousey<\/h3>\n<p data-start=\"385\" data-end=\"610\">Le chantier se situe \u00e0 hauteur de la <strong data-start=\"422\" data-end=\"445\">tour de prise d\u2019eau<\/strong>, c\u00f4t\u00e9 Chaumousey. L\u2019entreprise charg\u00e9e des travaux dispose d\u2019un acc\u00e8s par la rive droite, c\u00f4t\u00e9 Sanchey, afin de permettre l\u2019acheminement d\u2019un v\u00e9hicule utilitaire.<\/p>\n<h3 data-start=\"612\" data-end=\"656\">Une digue toujours ouverte aux pi\u00e9tons<\/h3>\n<p data-start=\"657\" data-end=\"888\">La travers\u00e9e de la digue reste <strong data-start=\"688\" data-end=\"711\">ouverte aux pi\u00e9tons<\/strong> pendant toute la dur\u00e9e de l\u2019intervention. Une signalisation et des dispositifs de s\u00e9curit\u00e9 sp\u00e9cifiques ont \u00e9t\u00e9 mis en place afin de garantir la circulation en toute s\u00e9curit\u00e9.<\/p>\n<h3 data-start=\"890\" data-end=\"916\">Appel \u00e0 la vigilance<\/h3>\n<p data-start=\"917\" data-end=\"1054\">Les promeneurs sont invit\u00e9s \u00e0 faire preuve de <strong data-start=\"963\" data-end=\"975\">prudence<\/strong> et \u00e0 <strong data-start=\"981\" data-end=\"1017\">respecter le partage de la digue<\/strong> durant ces trois jours de travaux<\/p>\n","protected":false},"excerpt":{"rendered":"<p>Depuis ce lundi 18 ao\u00fbt et jusqu\u2019au mercredi 20 ao\u00fbt inclus, des travaux sont men\u00e9s sur la digue du r\u00e9servoir [&hellip;]<\/p>\n","protected":false},"author":52,"featured_media":134393,"comment_status":"open","ping_status":"open","sticky":false,"template":"","format":"standard","meta":{"footnotes":""},"categories":[22,24],"tags":[],"class_list":["post-134392","post","type-post","status-publish","format-standard","has-post-thumbnail","hentry","category-a-la-une","category-epinal"],"acf":[],"yoast_head":"<!-- This site is optimized with the Yoast SEO plugin v22.5 - https:\/\/yoast.com\/wordpress\/plugins\/seo\/ -->\n<title>Travaux sur la digue du r\u00e9servoir de Bouzey jusqu\u2019au 20 ao\u00fbt - Epinal Info<\/title>\n<meta name=\"robots\" content=\"index, follow, max-snippet:-1, max-image-preview:large, max-video-preview:-1\" \/>\n<link rel=\"canonical\" href=\"https:\/\/vosgesinfo.fr\/epinalinfo\/2025\/08\/travaux-sur-la-digue-du-reservoir-de-bouzey-jusquau-20-aout\/\" \/>\n<meta name=\"twitter:card\" content=\"summary_large_image\" \/>\n<meta name=\"twitter:title\" content=\"Travaux sur la digue du r\u00e9servoir de Bouzey jusqu\u2019au 20 ao\u00fbt - Epinal Info\" \/>\n<meta name=\"twitter:description\" content=\"Depuis ce lundi 18 ao\u00fbt et jusqu\u2019au mercredi 20 ao\u00fbt inclus, des travaux sont men\u00e9s sur la digue du r\u00e9servoir [&hellip;]\" \/>\n<meta name=\"twitter:image\" content=\"https:\/\/vosgesinfo.fr\/app\/uploads\/sites\/3\/2025\/08\/532399665-1072774281693083-6646510709561589312-n.jpg\" \/>\n<meta name=\"twitter:creator\" content=\"@VosgesInfo88\" \/>\n<meta name=\"twitter:site\" content=\"@VosgesInfo88\" \/>\n<meta name=\"twitter:label1\" content=\"\u00c9crit par\" \/>\n\t<meta name=\"twitter:data1\" content=\"C.K.\" \/>\n\t<meta name=\"twitter:label2\" content=\"Dur\u00e9e de lecture estim\u00e9e\" \/>\n\t<meta name=\"twitter:data2\" content=\"1 minute\" \/>\n<script type=\"application\/ld+json\" class=\"yoast-schema-graph\">{\"@context\":\"https:\/\/schema.org\",\"@graph\":[{\"@type\":\"Article\",\"@id\":\"https:\/\/vosgesinfo.fr\/epinalinfo\/2025\/08\/travaux-sur-la-digue-du-reservoir-de-bouzey-jusquau-20-aout\/#article\",\"isPartOf\":{\"@id\":\"https:\/\/vosgesinfo.fr\/epinalinfo\/2025\/08\/travaux-sur-la-digue-du-reservoir-de-bouzey-jusquau-20-aout\/\"},\"author\":{\"name\":\"C.K.\",\"@id\":\"https:\/\/vosgesinfo.fr\/epinalinfo\/#\/schema\/person\/6f9a650eeea99d969b6c4ab78fccbe81\"},\"headline\":\"Travaux sur la digue du r\u00e9servoir de Bouzey jusqu\u2019au 20 ao\u00fbt\",\"datePublished\":\"2025-08-18T07:20:23+00:00\",\"dateModified\":\"2025-08-18T07:15:29+00:00\",\"mainEntityOfPage\":{\"@id\":\"https:\/\/vosgesinfo.fr\/epinalinfo\/2025\/08\/travaux-sur-la-digue-du-reservoir-de-bouzey-jusquau-20-aout\/\"},\"wordCount\":179,\"commentCount\":0,\"publisher\":{\"@id\":\"https:\/\/vosgesinfo.fr\/epinalinfo\/#organization\"},\"image\":{\"@id\":\"https:\/\/vosgesinfo.fr\/epinalinfo\/2025\/08\/travaux-sur-la-digue-du-reservoir-de-bouzey-jusquau-20-aout\/#primaryimage\"},\"thumbnailUrl\":\"https:\/\/vosgesinfo.fr\/app\/uploads\/sites\/3\/2025\/08\/532399665-1072774281693083-6646510709561589312-n.jpg\",\"articleSection\":[\"A la Une\",\"Epinal\"],\"inLanguage\":\"fr-FR\",\"potentialAction\":[{\"@type\":\"CommentAction\",\"name\":\"Comment\",\"target\":[\"https:\/\/vosgesinfo.fr\/epinalinfo\/2025\/08\/travaux-sur-la-digue-du-reservoir-de-bouzey-jusquau-20-aout\/#respond\"]}]},{\"@type\":\"WebPage\",\"@id\":\"https:\/\/vosgesinfo.fr\/epinalinfo\/2025\/08\/travaux-sur-la-digue-du-reservoir-de-bouzey-jusquau-20-aout\/\",\"url\":\"https:\/\/vosgesinfo.fr\/epinalinfo\/2025\/08\/travaux-sur-la-digue-du-reservoir-de-bouzey-jusquau-20-aout\/\",\"name\":\"Travaux sur la digue du r\u00e9servoir de Bouzey jusqu\u2019au 20 ao\u00fbt - Epinal Info\",\"isPartOf\":{\"@id\":\"https:\/\/vosgesinfo.fr\/epinalinfo\/#website\"},\"primaryImageOfPage\":{\"@id\":\"https:\/\/vosgesinfo.fr\/epinalinfo\/2025\/08\/travaux-sur-la-digue-du-reservoir-de-bouzey-jusquau-20-aout\/#primaryimage\"},\"image\":{\"@id\":\"https:\/\/vosgesinfo.fr\/epinalinfo\/2025\/08\/travaux-sur-la-digue-du-reservoir-de-bouzey-jusquau-20-aout\/#primaryimage\"},\"thumbnailUrl\":\"https:\/\/vosgesinfo.fr\/app\/uploads\/sites\/3\/2025\/08\/532399665-1072774281693083-6646510709561589312-n.jpg\",\"datePublished\":\"2025-08-18T07:20:23+00:00\",\"dateModified\":\"2025-08-18T07:15:29+00:00\",\"breadcrumb\":{\"@id\":\"https:\/\/vosgesinfo.fr\/epinalinfo\/2025\/08\/travaux-sur-la-digue-du-reservoir-de-bouzey-jusquau-20-aout\/#breadcrumb\"},\"inLanguage\":\"fr-FR\",\"potentialAction\":[{\"@type\":\"ReadAction\",\"target\":[\"https:\/\/vosgesinfo.fr\/epinalinfo\/2025\/08\/travaux-sur-la-digue-du-reservoir-de-bouzey-jusquau-20-aout\/\"]}]},{\"@type\":\"ImageObject\",\"inLanguage\":\"fr-FR\",\"@id\":\"https:\/\/vosgesinfo.fr\/epinalinfo\/2025\/08\/travaux-sur-la-digue-du-reservoir-de-bouzey-jusquau-20-aout\/#primaryimage\",\"url\":\"https:\/\/vosgesinfo.fr\/app\/uploads\/sites\/3\/2025\/08\/532399665-1072774281693083-6646510709561589312-n.jpg\",\"contentUrl\":\"https:\/\/vosgesinfo.fr\/app\/uploads\/sites\/3\/2025\/08\/532399665-1072774281693083-6646510709561589312-n.jpg\",\"width\":940,\"height\":788,\"caption\":\"photo CAE\"},{\"@type\":\"BreadcrumbList\",\"@id\":\"https:\/\/vosgesinfo.fr\/epinalinfo\/2025\/08\/travaux-sur-la-digue-du-reservoir-de-bouzey-jusquau-20-aout\/#breadcrumb\",\"itemListElement\":[{\"@type\":\"ListItem\",\"position\":1,\"name\":\"Home\",\"item\":\"https:\/\/vosgesinfo.fr\/epinalinfo\/\"},{\"@type\":\"ListItem\",\"position\":2,\"name\":\"Travaux sur la digue du r\u00e9servoir de Bouzey jusqu\u2019au 20 ao\u00fbt\"}]},{\"@type\":\"WebSite\",\"@id\":\"https:\/\/vosgesinfo.fr\/epinalinfo\/#website\",\"url\":\"https:\/\/vosgesinfo.fr\/epinalinfo\/\",\"name\":\"Epinal Info\",\"description\":\"Toute l&#039;actualit\u00e9 d&#039;\u00c9pinal\",\"publisher\":{\"@id\":\"https:\/\/vosgesinfo.fr\/epinalinfo\/#organization\"},\"alternateName\":\"Toute l'actualit\u00e9 d'\u00c9pinal\",\"potentialAction\":[{\"@type\":\"SearchAction\",\"target\":{\"@type\":\"EntryPoint\",\"urlTemplate\":\"https:\/\/vosgesinfo.fr\/epinalinfo\/?s={search_term_string}\"},\"query-input\":\"required name=search_term_string\"}],\"inLanguage\":\"fr-FR\"},{\"@type\":\"Organization\",\"@id\":\"https:\/\/vosgesinfo.fr\/epinalinfo\/#organization\",\"name\":\"Epinal Info\",\"url\":\"https:\/\/vosgesinfo.fr\/epinalinfo\/\",\"logo\":{\"@type\":\"ImageObject\",\"inLanguage\":\"fr-FR\",\"@id\":\"https:\/\/vosgesinfo.fr\/epinalinfo\/#\/schema\/logo\/image\/\",\"url\":\"https:\/\/vosgesinfo.fr\/app\/uploads\/sites\/3\/2023\/08\/logo-epinalinfos.svg\",\"contentUrl\":\"https:\/\/vosgesinfo.fr\/app\/uploads\/sites\/3\/2023\/08\/logo-epinalinfos.svg\",\"width\":1,\"height\":1,\"caption\":\"Epinal Info\"},\"image\":{\"@id\":\"https:\/\/vosgesinfo.fr\/epinalinfo\/#\/schema\/logo\/image\/\"},\"sameAs\":[\"https:\/\/www.facebook.com\/Epinalinfos\",\"https:\/\/x.com\/VosgesInfo88\",\"https:\/\/www.youtube.com\/@vosgesinfo\"]},{\"@type\":\"Person\",\"@id\":\"https:\/\/vosgesinfo.fr\/epinalinfo\/#\/schema\/person\/6f9a650eeea99d969b6c4ab78fccbe81\",\"name\":\"C.K.\",\"image\":{\"@type\":\"ImageObject\",\"inLanguage\":\"fr-FR\",\"@id\":\"https:\/\/vosgesinfo.fr\/epinalinfo\/#\/schema\/person\/image\/\",\"url\":\"https:\/\/secure.gravatar.com\/avatar\/48e3fc7f8421ba8942be6b74a2b7f014ca39bc00dece156b7a8e098ae7dc87bf?s=96&d=mm&r=g\",\"contentUrl\":\"https:\/\/secure.gravatar.com\/avatar\/48e3fc7f8421ba8942be6b74a2b7f014ca39bc00dece156b7a8e098ae7dc87bf?s=96&d=mm&r=g\",\"caption\":\"C.K.\"},\"url\":\"https:\/\/vosgesinfo.fr\/epinalinfo\/author\/celia-k-n\/\"}]}<\/script>\n<!-- \/ Yoast SEO plugin. -->","yoast_head_json":{"title":"Travaux sur la digue du r\u00e9servoir de Bouzey jusqu\u2019au 20 ao\u00fbt - Epinal Info","robots":{"index":"index","follow":"follow","max-snippet":"max-snippet:-1","max-image-preview":"max-image-preview:large","max-video-preview":"max-video-preview:-1"},"canonical":"https:\/\/vosgesinfo.fr\/epinalinfo\/2025\/08\/travaux-sur-la-digue-du-reservoir-de-bouzey-jusquau-20-aout\/","twitter_card":"summary_large_image","twitter_title":"Travaux sur la digue du r\u00e9servoir de Bouzey jusqu\u2019au 20 ao\u00fbt - Epinal Info","twitter_description":"Depuis ce lundi 18 ao\u00fbt et jusqu\u2019au mercredi 20 ao\u00fbt inclus, des travaux sont men\u00e9s sur la digue du r\u00e9servoir [&hellip;]","twitter_image":"https:\/\/vosgesinfo.fr\/app\/uploads\/sites\/3\/2025\/08\/532399665-1072774281693083-6646510709561589312-n.jpg","twitter_creator":"@VosgesInfo88","twitter_site":"@VosgesInfo88","twitter_misc":{"\u00c9crit par":"C.K.","Dur\u00e9e de lecture estim\u00e9e":"1 minute"},"schema":{"@context":"https:\/\/schema.org","@graph":[{"@type":"Article","@id":"https:\/\/vosgesinfo.fr\/epinalinfo\/2025\/08\/travaux-sur-la-digue-du-reservoir-de-bouzey-jusquau-20-aout\/#article","isPartOf":{"@id":"https:\/\/vosgesinfo.fr\/epinalinfo\/2025\/08\/travaux-sur-la-digue-du-reservoir-de-bouzey-jusquau-20-aout\/"},"author":{"name":"C.K.","@id":"https:\/\/vosgesinfo.fr\/epinalinfo\/#\/schema\/person\/6f9a650eeea99d969b6c4ab78fccbe81"},"headline":"Travaux sur la digue du r\u00e9servoir de Bouzey jusqu\u2019au 20 ao\u00fbt","datePublished":"2025-08-18T07:20:23+00:00","dateModified":"2025-08-18T07:15:29+00:00","mainEntityOfPage":{"@id":"https:\/\/vosgesinfo.fr\/epinalinfo\/2025\/08\/travaux-sur-la-digue-du-reservoir-de-bouzey-jusquau-20-aout\/"},"wordCount":179,"commentCount":0,"publisher":{"@id":"https:\/\/vosgesinfo.fr\/epinalinfo\/#organization"},"image":{"@id":"https:\/\/vosgesinfo.fr\/epinalinfo\/2025\/08\/travaux-sur-la-digue-du-reservoir-de-bouzey-jusquau-20-aout\/#primaryimage"},"thumbnailUrl":"https:\/\/vosgesinfo.fr\/app\/uploads\/sites\/3\/2025\/08\/532399665-1072774281693083-6646510709561589312-n.jpg","articleSection":["A la Une","Epinal"],"inLanguage":"fr-FR","potentialAction":[{"@type":"CommentAction","name":"Comment","target":["https:\/\/vosgesinfo.fr\/epinalinfo\/2025\/08\/travaux-sur-la-digue-du-reservoir-de-bouzey-jusquau-20-aout\/#respond"]}]},{"@type":"WebPage","@id":"https:\/\/vosgesinfo.fr\/epinalinfo\/2025\/08\/travaux-sur-la-digue-du-reservoir-de-bouzey-jusquau-20-aout\/","url":"https:\/\/vosgesinfo.fr\/epinalinfo\/2025\/08\/travaux-sur-la-digue-du-reservoir-de-bouzey-jusquau-20-aout\/","name":"Travaux sur la digue du r\u00e9servoir de Bouzey jusqu\u2019au 20 ao\u00fbt - Epinal Info","isPartOf":{"@id":"https:\/\/vosgesinfo.fr\/epinalinfo\/#website"},"primaryImageOfPage":{"@id":"https:\/\/vosgesinfo.fr\/epinalinfo\/2025\/08\/travaux-sur-la-digue-du-reservoir-de-bouzey-jusquau-20-aout\/#primaryimage"},"image":{"@id":"https:\/\/vosgesinfo.fr\/epinalinfo\/2025\/08\/travaux-sur-la-digue-du-reservoir-de-bouzey-jusquau-20-aout\/#primaryimage"},"thumbnailUrl":"https:\/\/vosgesinfo.fr\/app\/uploads\/sites\/3\/2025\/08\/532399665-1072774281693083-6646510709561589312-n.jpg","datePublished":"2025-08-18T07:20:23+00:00","dateModified":"2025-08-18T07:15:29+00:00","breadcrumb":{"@id":"https:\/\/vosgesinfo.fr\/epinalinfo\/2025\/08\/travaux-sur-la-digue-du-reservoir-de-bouzey-jusquau-20-aout\/#breadcrumb"},"inLanguage":"fr-FR","potentialAction":[{"@type":"ReadAction","target":["https:\/\/vosgesinfo.fr\/epinalinfo\/2025\/08\/travaux-sur-la-digue-du-reservoir-de-bouzey-jusquau-20-aout\/"]}]},{"@type":"ImageObject","inLanguage":"fr-FR","@id":"https:\/\/vosgesinfo.fr\/epinalinfo\/2025\/08\/travaux-sur-la-digue-du-reservoir-de-bouzey-jusquau-20-aout\/#primaryimage","url":"https:\/\/vosgesinfo.fr\/app\/uploads\/sites\/3\/2025\/08\/532399665-1072774281693083-6646510709561589312-n.jpg","contentUrl":"https:\/\/vosgesinfo.fr\/app\/uploads\/sites\/3\/2025\/08\/532399665-1072774281693083-6646510709561589312-n.jpg","width":940,"height":788,"caption":"photo CAE"},{"@type":"BreadcrumbList","@id":"https:\/\/vosgesinfo.fr\/epinalinfo\/2025\/08\/travaux-sur-la-digue-du-reservoir-de-bouzey-jusquau-20-aout\/#breadcrumb","itemListElement":[{"@type":"ListItem","position":1,"name":"Home","item":"https:\/\/vosgesinfo.fr\/epinalinfo\/"},{"@type":"ListItem","position":2,"name":"Travaux sur la digue du r\u00e9servoir de Bouzey jusqu\u2019au 20 ao\u00fbt"}]},{"@type":"WebSite","@id":"https:\/\/vosgesinfo.fr\/epinalinfo\/#website","url":"https:\/\/vosgesinfo.fr\/epinalinfo\/","name":"Epinal Info","description":"Toute l&#039;actualit\u00e9 d&#039;\u00c9pinal","publisher":{"@id":"https:\/\/vosgesinfo.fr\/epinalinfo\/#organization"},"alternateName":"Toute l'actualit\u00e9 d'\u00c9pinal","potentialAction":[{"@type":"SearchAction","target":{"@type":"EntryPoint","urlTemplate":"https:\/\/vosgesinfo.fr\/epinalinfo\/?s={search_term_string}"},"query-input":"required name=search_term_string"}],"inLanguage":"fr-FR"},{"@type":"Organization","@id":"https:\/\/vosgesinfo.fr\/epinalinfo\/#organization","name":"Epinal Info","url":"https:\/\/vosgesinfo.fr\/epinalinfo\/","logo":{"@type":"ImageObject","inLanguage":"fr-FR","@id":"https:\/\/vosgesinfo.fr\/epinalinfo\/#\/schema\/logo\/image\/","url":"https:\/\/vosgesinfo.fr\/app\/uploads\/sites\/3\/2023\/08\/logo-epinalinfos.svg","contentUrl":"https:\/\/vosgesinfo.fr\/app\/uploads\/sites\/3\/2023\/08\/logo-epinalinfos.svg","width":1,"height":1,"caption":"Epinal Info"},"image":{"@id":"https:\/\/vosgesinfo.fr\/epinalinfo\/#\/schema\/logo\/image\/"},"sameAs":["https:\/\/www.facebook.com\/Epinalinfos","https:\/\/x.com\/VosgesInfo88","https:\/\/www.youtube.com\/@vosgesinfo"]},{"@type":"Person","@id":"https:\/\/vosgesinfo.fr\/epinalinfo\/#\/schema\/person\/6f9a650eeea99d969b6c4ab78fccbe81","name":"C.K.","image":{"@type":"ImageObject","inLanguage":"fr-FR","@id":"https:\/\/vosgesinfo.fr\/epinalinfo\/#\/schema\/person\/image\/","url":"https:\/\/secure.gravatar.com\/avatar\/48e3fc7f8421ba8942be6b74a2b7f014ca39bc00dece156b7a8e098ae7dc87bf?s=96&d=mm&r=g","contentUrl":"https:\/\/secure.gravatar.com\/avatar\/48e3fc7f8421ba8942be6b74a2b7f014ca39bc00dece156b7a8e098ae7dc87bf?s=96&d=mm&r=g","caption":"C.K."},"url":"https:\/\/vosgesinfo.fr\/epinalinfo\/author\/celia-k-n\/"}]}},"_links":{"self":[{"href":"https:\/\/vosgesinfo.fr\/epinalinfo\/wp-json\/wp\/v2\/posts\/134392","targetHints":{"allow":["GET"]}}],"collection":[{"href":"https:\/\/vosgesinfo.fr\/epinalinfo\/wp-json\/wp\/v2\/posts"}],"about":[{"href":"https:\/\/vosgesinfo.fr\/epinalinfo\/wp-json\/wp\/v2\/types\/post"}],"author":[{"embeddable":true,"href":"https:\/\/vosgesinfo.fr\/epinalinfo\/wp-json\/wp\/v2\/users\/52"}],"replies":[{"embeddable":true,"href":"https:\/\/vosgesinfo.fr\/epinalinfo\/wp-json\/wp\/v2\/comments?post=134392"}],"version-history":[{"count":1,"href":"https:\/\/vosgesinfo.fr\/epinalinfo\/wp-json\/wp\/v2\/posts\/134392\/revisions"}],"predecessor-version":[{"id":134394,"href":"https:\/\/vosgesinfo.fr\/epinalinfo\/wp-json\/wp\/v2\/posts\/134392\/revisions\/134394"}],"wp:featuredmedia":[{"embeddable":true,"href":"https:\/\/vosgesinfo.fr\/epinalinfo\/wp-json\/wp\/v2\/media\/134393"}],"wp:attachment":[{"href":"https:\/\/vosgesinfo.fr\/epinalinfo\/wp-json\/wp\/v2\/media?parent=134392"}],"wp:term":[{"taxonomy":"category","embeddable":true,"href":"https:\/\/vosgesinfo.fr\/epinalinfo\/wp-json\/wp\/v2\/categories?post=134392"},{"taxonomy":"post_tag","embeddable":true,"href":"https:\/\/vosgesinfo.fr\/epinalinfo\/wp-json\/wp\/v2\/tags?post=134392"}],"curies":[{"name":"wp","href":"https:\/\/api.w.org\/{rel}","templated":true}]}}