{"id":134398,"date":"2025-08-19T07:28:50","date_gmt":"2025-08-19T05:28:50","guid":{"rendered":"https:\/\/vosgesinfo.fr\/epinalinfo\/?p=134398"},"modified":"2025-08-18T09:30:20","modified_gmt":"2025-08-18T07:30:20","slug":"deux-hommes-en-greve-de-la-faim-et-enchaines-devant-la-prefecture-des-vosges-pour-denoncer-une-oqtf","status":"publish","type":"post","link":"https:\/\/vosgesinfo.fr\/epinalinfo\/2025\/08\/deux-hommes-en-greve-de-la-faim-et-enchaines-devant-la-prefecture-des-vosges-pour-denoncer-une-oqtf\/","title":{"rendered":"Deux hommes en gr\u00e8ve de la faim et encha\u00een\u00e9s devant la pr\u00e9fecture des Vosges pour d\u00e9noncer une OQTF"},"content":{"rendered":"<h2 data-start=\"190\" data-end=\"560\"><strong><a href=\"https:\/\/vosgesinfo.fr\/app\/uploads\/sites\/3\/2025\/05\/prefecture-vosges-01.jpg\"><img decoding=\"async\" class=\"aligncenter size-full wp-image-132342\" src=\"https:\/\/vosgesinfo.fr\/app\/uploads\/sites\/3\/2025\/05\/prefecture-vosges-01.jpg\" alt=\"\" width=\"513\" height=\"402\" srcset=\"https:\/\/vosgesinfo.fr\/app\/uploads\/sites\/3\/2025\/05\/prefecture-vosges-01.jpg 513w, https:\/\/vosgesinfo.fr\/app\/uploads\/sites\/3\/2025\/05\/prefecture-vosges-01-300x235.jpg 300w\" sizes=\"(max-width: 513px) 100vw, 513px\" \/><\/a>Depuis une semaine, Artur Hakobyan, p\u00e8re de famille arm\u00e9nien, et Ma\u00ebl Hocquard, militant associatif de l\u2019association <em data-start=\"307\" data-end=\"335\">Les Hirondelles citoyennes<\/em>, m\u00e8nent une gr\u00e8ve de la faim devant la pr\u00e9fecture des Vosges. Les deux hommes se sont volontairement encha\u00een\u00e9s pour d\u00e9noncer l\u2019Obligation de Quitter le Territoire Fran\u00e7ais (OQTF) qui frappe la famille Hakobyan depuis 2023.<\/strong><\/h2>\n<p data-start=\"562\" data-end=\"1026\">Originaire d\u2019Arm\u00e9nie, Artur Hakobyan s\u2019est install\u00e9 en France en 2020 avec son \u00e9pouse et ses deux enfants. Leur arriv\u00e9e r\u00e9pondait \u00e0 un besoin m\u00e9dical vital : leur fille a\u00een\u00e9e, aujourd\u2019hui \u00e2g\u00e9e de 16 ans, est atteinte du syndrome de Williams-Beuren, une maladie g\u00e9n\u00e9tique rare n\u00e9cessitant un suivi sp\u00e9cialis\u00e9. Malgr\u00e9 ce contexte, leurs demandes de r\u00e9gularisation ont \u00e9t\u00e9 rejet\u00e9es \u00e0 plusieurs reprises, et la famille est depuis plusieurs mois assign\u00e9e \u00e0 r\u00e9sidence.<\/p>\n<p data-start=\"1028\" data-end=\"1522\">\u00ab La situation inextricable de cette famille arm\u00e9nienne est la cons\u00e9quence de l\u2019inepte politique du chiffre men\u00e9e depuis des ann\u00e9es, encore accentu\u00e9e par la circulaire sur l\u2019admission exceptionnelle au s\u00e9jour de l\u2019actuel ministre de l\u2019Int\u00e9rieur. La machine \u00e0 fabriquer des sans-papiers tourne \u00e0 plein r\u00e9gime au d\u00e9triment de nombreuses familles comme celle de Monsieur Hakobyan \u00bb, d\u00e9nonce la Ligue des Droits de l\u2019Homme (LDH) d\u2019\u00c9pinal Agglom\u00e9ration, qui apporte son soutien aux deux gr\u00e9vistes.<\/p>\n<p data-start=\"1524\" data-end=\"1866\">Aux c\u00f4t\u00e9s d\u2019Artur Hakobyan, Ma\u00ebl Hocquard affirme sa solidarit\u00e9 en partageant cette action extr\u00eame. Leur mouvement attire peu \u00e0 peu l\u2019attention sur la situation de cette famille, mais aussi, plus largement, sur celle de nombreux \u00e9trangers confront\u00e9s \u00e0 des d\u00e9cisions d\u2019expulsion malgr\u00e9 des attaches et des besoins m\u00e9dicaux majeurs en France.<\/p>\n","protected":false},"excerpt":{"rendered":"<p>Depuis une semaine, Artur Hakobyan, p\u00e8re de famille arm\u00e9nien, et Ma\u00ebl Hocquard, militant associatif de l\u2019association Les Hirondelles citoyennes, m\u00e8nent [&hellip;]<\/p>\n","protected":false},"author":52,"featured_media":132342,"comment_status":"open","ping_status":"open","sticky":false,"template":"","format":"standard","meta":{"footnotes":""},"categories":[22,24,5],"tags":[],"class_list":["post-134398","post","type-post","status-publish","format-standard","has-post-thumbnail","hentry","category-a-la-une","category-epinal","category-vosges"],"acf":[],"yoast_head":"<!-- This site is optimized with the Yoast SEO plugin v22.5 - https:\/\/yoast.com\/wordpress\/plugins\/seo\/ -->\n<title>Deux hommes en gr\u00e8ve de la faim et encha\u00een\u00e9s devant la pr\u00e9fecture des Vosges pour d\u00e9noncer une OQTF - Epinal Info<\/title>\n<meta name=\"robots\" content=\"index, follow, max-snippet:-1, max-image-preview:large, max-video-preview:-1\" \/>\n<link rel=\"canonical\" href=\"https:\/\/vosgesinfo.fr\/epinalinfo\/2025\/08\/deux-hommes-en-greve-de-la-faim-et-enchaines-devant-la-prefecture-des-vosges-pour-denoncer-une-oqtf\/\" \/>\n<meta name=\"twitter:card\" content=\"summary_large_image\" \/>\n<meta name=\"twitter:title\" content=\"Deux hommes en gr\u00e8ve de la faim et encha\u00een\u00e9s devant la pr\u00e9fecture des Vosges pour d\u00e9noncer une OQTF - Epinal Info\" \/>\n<meta name=\"twitter:description\" content=\"Depuis une semaine, Artur Hakobyan, p\u00e8re de famille arm\u00e9nien, et Ma\u00ebl Hocquard, militant associatif de l\u2019association Les Hirondelles citoyennes, m\u00e8nent [&hellip;]\" \/>\n<meta name=\"twitter:image\" content=\"https:\/\/vosgesinfo.fr\/app\/uploads\/sites\/3\/2025\/05\/prefecture-vosges-01.jpg\" \/>\n<meta name=\"twitter:creator\" content=\"@VosgesInfo88\" \/>\n<meta name=\"twitter:site\" content=\"@VosgesInfo88\" \/>\n<meta name=\"twitter:label1\" content=\"\u00c9crit par\" \/>\n\t<meta name=\"twitter:data1\" content=\"C.K.\" \/>\n\t<meta name=\"twitter:label2\" content=\"Dur\u00e9e de lecture estim\u00e9e\" \/>\n\t<meta name=\"twitter:data2\" content=\"1 minute\" \/>\n<script type=\"application\/ld+json\" class=\"yoast-schema-graph\">{\"@context\":\"https:\/\/schema.org\",\"@graph\":[{\"@type\":\"Article\",\"@id\":\"https:\/\/vosgesinfo.fr\/epinalinfo\/2025\/08\/deux-hommes-en-greve-de-la-faim-et-enchaines-devant-la-prefecture-des-vosges-pour-denoncer-une-oqtf\/#article\",\"isPartOf\":{\"@id\":\"https:\/\/vosgesinfo.fr\/epinalinfo\/2025\/08\/deux-hommes-en-greve-de-la-faim-et-enchaines-devant-la-prefecture-des-vosges-pour-denoncer-une-oqtf\/\"},\"author\":{\"name\":\"C.K.\",\"@id\":\"https:\/\/vosgesinfo.fr\/epinalinfo\/#\/schema\/person\/6f9a650eeea99d969b6c4ab78fccbe81\"},\"headline\":\"Deux hommes en gr\u00e8ve de la faim et encha\u00een\u00e9s devant la pr\u00e9fecture des Vosges pour d\u00e9noncer une OQTF\",\"datePublished\":\"2025-08-19T05:28:50+00:00\",\"dateModified\":\"2025-08-18T07:30:20+00:00\",\"mainEntityOfPage\":{\"@id\":\"https:\/\/vosgesinfo.fr\/epinalinfo\/2025\/08\/deux-hommes-en-greve-de-la-faim-et-enchaines-devant-la-prefecture-des-vosges-pour-denoncer-une-oqtf\/\"},\"wordCount\":316,\"commentCount\":6,\"publisher\":{\"@id\":\"https:\/\/vosgesinfo.fr\/epinalinfo\/#organization\"},\"image\":{\"@id\":\"https:\/\/vosgesinfo.fr\/epinalinfo\/2025\/08\/deux-hommes-en-greve-de-la-faim-et-enchaines-devant-la-prefecture-des-vosges-pour-denoncer-une-oqtf\/#primaryimage\"},\"thumbnailUrl\":\"https:\/\/vosgesinfo.fr\/app\/uploads\/sites\/3\/2025\/05\/prefecture-vosges-01.jpg\",\"articleSection\":[\"A la Une\",\"Epinal\",\"Vosges\"],\"inLanguage\":\"fr-FR\",\"potentialAction\":[{\"@type\":\"CommentAction\",\"name\":\"Comment\",\"target\":[\"https:\/\/vosgesinfo.fr\/epinalinfo\/2025\/08\/deux-hommes-en-greve-de-la-faim-et-enchaines-devant-la-prefecture-des-vosges-pour-denoncer-une-oqtf\/#respond\"]}]},{\"@type\":\"WebPage\",\"@id\":\"https:\/\/vosgesinfo.fr\/epinalinfo\/2025\/08\/deux-hommes-en-greve-de-la-faim-et-enchaines-devant-la-prefecture-des-vosges-pour-denoncer-une-oqtf\/\",\"url\":\"https:\/\/vosgesinfo.fr\/epinalinfo\/2025\/08\/deux-hommes-en-greve-de-la-faim-et-enchaines-devant-la-prefecture-des-vosges-pour-denoncer-une-oqtf\/\",\"name\":\"Deux hommes en gr\u00e8ve de la faim et encha\u00een\u00e9s devant la pr\u00e9fecture des Vosges pour d\u00e9noncer une OQTF - Epinal Info\",\"isPartOf\":{\"@id\":\"https:\/\/vosgesinfo.fr\/epinalinfo\/#website\"},\"primaryImageOfPage\":{\"@id\":\"https:\/\/vosgesinfo.fr\/epinalinfo\/2025\/08\/deux-hommes-en-greve-de-la-faim-et-enchaines-devant-la-prefecture-des-vosges-pour-denoncer-une-oqtf\/#primaryimage\"},\"image\":{\"@id\":\"https:\/\/vosgesinfo.fr\/epinalinfo\/2025\/08\/deux-hommes-en-greve-de-la-faim-et-enchaines-devant-la-prefecture-des-vosges-pour-denoncer-une-oqtf\/#primaryimage\"},\"thumbnailUrl\":\"https:\/\/vosgesinfo.fr\/app\/uploads\/sites\/3\/2025\/05\/prefecture-vosges-01.jpg\",\"datePublished\":\"2025-08-19T05:28:50+00:00\",\"dateModified\":\"2025-08-18T07:30:20+00:00\",\"breadcrumb\":{\"@id\":\"https:\/\/vosgesinfo.fr\/epinalinfo\/2025\/08\/deux-hommes-en-greve-de-la-faim-et-enchaines-devant-la-prefecture-des-vosges-pour-denoncer-une-oqtf\/#breadcrumb\"},\"inLanguage\":\"fr-FR\",\"potentialAction\":[{\"@type\":\"ReadAction\",\"target\":[\"https:\/\/vosgesinfo.fr\/epinalinfo\/2025\/08\/deux-hommes-en-greve-de-la-faim-et-enchaines-devant-la-prefecture-des-vosges-pour-denoncer-une-oqtf\/\"]}]},{\"@type\":\"ImageObject\",\"inLanguage\":\"fr-FR\",\"@id\":\"https:\/\/vosgesinfo.fr\/epinalinfo\/2025\/08\/deux-hommes-en-greve-de-la-faim-et-enchaines-devant-la-prefecture-des-vosges-pour-denoncer-une-oqtf\/#primaryimage\",\"url\":\"https:\/\/vosgesinfo.fr\/app\/uploads\/sites\/3\/2025\/05\/prefecture-vosges-01.jpg\",\"contentUrl\":\"https:\/\/vosgesinfo.fr\/app\/uploads\/sites\/3\/2025\/05\/prefecture-vosges-01.jpg\",\"width\":513,\"height\":402},{\"@type\":\"BreadcrumbList\",\"@id\":\"https:\/\/vosgesinfo.fr\/epinalinfo\/2025\/08\/deux-hommes-en-greve-de-la-faim-et-enchaines-devant-la-prefecture-des-vosges-pour-denoncer-une-oqtf\/#breadcrumb\",\"itemListElement\":[{\"@type\":\"ListItem\",\"position\":1,\"name\":\"Home\",\"item\":\"https:\/\/vosgesinfo.fr\/epinalinfo\/\"},{\"@type\":\"ListItem\",\"position\":2,\"name\":\"Deux hommes en gr\u00e8ve de la faim et encha\u00een\u00e9s devant la pr\u00e9fecture des Vosges pour d\u00e9noncer une OQTF\"}]},{\"@type\":\"WebSite\",\"@id\":\"https:\/\/vosgesinfo.fr\/epinalinfo\/#website\",\"url\":\"https:\/\/vosgesinfo.fr\/epinalinfo\/\",\"name\":\"Epinal Info\",\"description\":\"Toute l&#039;actualit\u00e9 d&#039;\u00c9pinal\",\"publisher\":{\"@id\":\"https:\/\/vosgesinfo.fr\/epinalinfo\/#organization\"},\"alternateName\":\"Toute l'actualit\u00e9 d'\u00c9pinal\",\"potentialAction\":[{\"@type\":\"SearchAction\",\"target\":{\"@type\":\"EntryPoint\",\"urlTemplate\":\"https:\/\/vosgesinfo.fr\/epinalinfo\/?s={search_term_string}\"},\"query-input\":\"required name=search_term_string\"}],\"inLanguage\":\"fr-FR\"},{\"@type\":\"Organization\",\"@id\":\"https:\/\/vosgesinfo.fr\/epinalinfo\/#organization\",\"name\":\"Epinal Info\",\"url\":\"https:\/\/vosgesinfo.fr\/epinalinfo\/\",\"logo\":{\"@type\":\"ImageObject\",\"inLanguage\":\"fr-FR\",\"@id\":\"https:\/\/vosgesinfo.fr\/epinalinfo\/#\/schema\/logo\/image\/\",\"url\":\"https:\/\/vosgesinfo.fr\/app\/uploads\/sites\/3\/2023\/08\/logo-epinalinfos.svg\",\"contentUrl\":\"https:\/\/vosgesinfo.fr\/app\/uploads\/sites\/3\/2023\/08\/logo-epinalinfos.svg\",\"width\":1,\"height\":1,\"caption\":\"Epinal Info\"},\"image\":{\"@id\":\"https:\/\/vosgesinfo.fr\/epinalinfo\/#\/schema\/logo\/image\/\"},\"sameAs\":[\"https:\/\/www.facebook.com\/Epinalinfos\",\"https:\/\/x.com\/VosgesInfo88\",\"https:\/\/www.youtube.com\/@vosgesinfo\"]},{\"@type\":\"Person\",\"@id\":\"https:\/\/vosgesinfo.fr\/epinalinfo\/#\/schema\/person\/6f9a650eeea99d969b6c4ab78fccbe81\",\"name\":\"C.K.\",\"image\":{\"@type\":\"ImageObject\",\"inLanguage\":\"fr-FR\",\"@id\":\"https:\/\/vosgesinfo.fr\/epinalinfo\/#\/schema\/person\/image\/\",\"url\":\"https:\/\/secure.gravatar.com\/avatar\/48e3fc7f8421ba8942be6b74a2b7f014ca39bc00dece156b7a8e098ae7dc87bf?s=96&d=mm&r=g\",\"contentUrl\":\"https:\/\/secure.gravatar.com\/avatar\/48e3fc7f8421ba8942be6b74a2b7f014ca39bc00dece156b7a8e098ae7dc87bf?s=96&d=mm&r=g\",\"caption\":\"C.K.\"},\"url\":\"https:\/\/vosgesinfo.fr\/epinalinfo\/author\/celia-k-n\/\"}]}<\/script>\n<!-- \/ Yoast SEO plugin. -->","yoast_head_json":{"title":"Deux hommes en gr\u00e8ve de la faim et encha\u00een\u00e9s devant la pr\u00e9fecture des Vosges pour d\u00e9noncer une OQTF - Epinal Info","robots":{"index":"index","follow":"follow","max-snippet":"max-snippet:-1","max-image-preview":"max-image-preview:large","max-video-preview":"max-video-preview:-1"},"canonical":"https:\/\/vosgesinfo.fr\/epinalinfo\/2025\/08\/deux-hommes-en-greve-de-la-faim-et-enchaines-devant-la-prefecture-des-vosges-pour-denoncer-une-oqtf\/","twitter_card":"summary_large_image","twitter_title":"Deux hommes en gr\u00e8ve de la faim et encha\u00een\u00e9s devant la pr\u00e9fecture des Vosges pour d\u00e9noncer une OQTF - Epinal Info","twitter_description":"Depuis une semaine, Artur Hakobyan, p\u00e8re de famille arm\u00e9nien, et Ma\u00ebl Hocquard, militant associatif de l\u2019association Les Hirondelles citoyennes, m\u00e8nent [&hellip;]","twitter_image":"https:\/\/vosgesinfo.fr\/app\/uploads\/sites\/3\/2025\/05\/prefecture-vosges-01.jpg","twitter_creator":"@VosgesInfo88","twitter_site":"@VosgesInfo88","twitter_misc":{"\u00c9crit par":"C.K.","Dur\u00e9e de lecture estim\u00e9e":"1 minute"},"schema":{"@context":"https:\/\/schema.org","@graph":[{"@type":"Article","@id":"https:\/\/vosgesinfo.fr\/epinalinfo\/2025\/08\/deux-hommes-en-greve-de-la-faim-et-enchaines-devant-la-prefecture-des-vosges-pour-denoncer-une-oqtf\/#article","isPartOf":{"@id":"https:\/\/vosgesinfo.fr\/epinalinfo\/2025\/08\/deux-hommes-en-greve-de-la-faim-et-enchaines-devant-la-prefecture-des-vosges-pour-denoncer-une-oqtf\/"},"author":{"name":"C.K.","@id":"https:\/\/vosgesinfo.fr\/epinalinfo\/#\/schema\/person\/6f9a650eeea99d969b6c4ab78fccbe81"},"headline":"Deux hommes en gr\u00e8ve de la faim et encha\u00een\u00e9s devant la pr\u00e9fecture des Vosges pour d\u00e9noncer une OQTF","datePublished":"2025-08-19T05:28:50+00:00","dateModified":"2025-08-18T07:30:20+00:00","mainEntityOfPage":{"@id":"https:\/\/vosgesinfo.fr\/epinalinfo\/2025\/08\/deux-hommes-en-greve-de-la-faim-et-enchaines-devant-la-prefecture-des-vosges-pour-denoncer-une-oqtf\/"},"wordCount":316,"commentCount":6,"publisher":{"@id":"https:\/\/vosgesinfo.fr\/epinalinfo\/#organization"},"image":{"@id":"https:\/\/vosgesinfo.fr\/epinalinfo\/2025\/08\/deux-hommes-en-greve-de-la-faim-et-enchaines-devant-la-prefecture-des-vosges-pour-denoncer-une-oqtf\/#primaryimage"},"thumbnailUrl":"https:\/\/vosgesinfo.fr\/app\/uploads\/sites\/3\/2025\/05\/prefecture-vosges-01.jpg","articleSection":["A la Une","Epinal","Vosges"],"inLanguage":"fr-FR","potentialAction":[{"@type":"CommentAction","name":"Comment","target":["https:\/\/vosgesinfo.fr\/epinalinfo\/2025\/08\/deux-hommes-en-greve-de-la-faim-et-enchaines-devant-la-prefecture-des-vosges-pour-denoncer-une-oqtf\/#respond"]}]},{"@type":"WebPage","@id":"https:\/\/vosgesinfo.fr\/epinalinfo\/2025\/08\/deux-hommes-en-greve-de-la-faim-et-enchaines-devant-la-prefecture-des-vosges-pour-denoncer-une-oqtf\/","url":"https:\/\/vosgesinfo.fr\/epinalinfo\/2025\/08\/deux-hommes-en-greve-de-la-faim-et-enchaines-devant-la-prefecture-des-vosges-pour-denoncer-une-oqtf\/","name":"Deux hommes en gr\u00e8ve de la faim et encha\u00een\u00e9s devant la pr\u00e9fecture des Vosges pour d\u00e9noncer une OQTF - Epinal Info","isPartOf":{"@id":"https:\/\/vosgesinfo.fr\/epinalinfo\/#website"},"primaryImageOfPage":{"@id":"https:\/\/vosgesinfo.fr\/epinalinfo\/2025\/08\/deux-hommes-en-greve-de-la-faim-et-enchaines-devant-la-prefecture-des-vosges-pour-denoncer-une-oqtf\/#primaryimage"},"image":{"@id":"https:\/\/vosgesinfo.fr\/epinalinfo\/2025\/08\/deux-hommes-en-greve-de-la-faim-et-enchaines-devant-la-prefecture-des-vosges-pour-denoncer-une-oqtf\/#primaryimage"},"thumbnailUrl":"https:\/\/vosgesinfo.fr\/app\/uploads\/sites\/3\/2025\/05\/prefecture-vosges-01.jpg","datePublished":"2025-08-19T05:28:50+00:00","dateModified":"2025-08-18T07:30:20+00:00","breadcrumb":{"@id":"https:\/\/vosgesinfo.fr\/epinalinfo\/2025\/08\/deux-hommes-en-greve-de-la-faim-et-enchaines-devant-la-prefecture-des-vosges-pour-denoncer-une-oqtf\/#breadcrumb"},"inLanguage":"fr-FR","potentialAction":[{"@type":"ReadAction","target":["https:\/\/vosgesinfo.fr\/epinalinfo\/2025\/08\/deux-hommes-en-greve-de-la-faim-et-enchaines-devant-la-prefecture-des-vosges-pour-denoncer-une-oqtf\/"]}]},{"@type":"ImageObject","inLanguage":"fr-FR","@id":"https:\/\/vosgesinfo.fr\/epinalinfo\/2025\/08\/deux-hommes-en-greve-de-la-faim-et-enchaines-devant-la-prefecture-des-vosges-pour-denoncer-une-oqtf\/#primaryimage","url":"https:\/\/vosgesinfo.fr\/app\/uploads\/sites\/3\/2025\/05\/prefecture-vosges-01.jpg","contentUrl":"https:\/\/vosgesinfo.fr\/app\/uploads\/sites\/3\/2025\/05\/prefecture-vosges-01.jpg","width":513,"height":402},{"@type":"BreadcrumbList","@id":"https:\/\/vosgesinfo.fr\/epinalinfo\/2025\/08\/deux-hommes-en-greve-de-la-faim-et-enchaines-devant-la-prefecture-des-vosges-pour-denoncer-une-oqtf\/#breadcrumb","itemListElement":[{"@type":"ListItem","position":1,"name":"Home","item":"https:\/\/vosgesinfo.fr\/epinalinfo\/"},{"@type":"ListItem","position":2,"name":"Deux hommes en gr\u00e8ve de la faim et encha\u00een\u00e9s devant la pr\u00e9fecture des Vosges pour d\u00e9noncer une OQTF"}]},{"@type":"WebSite","@id":"https:\/\/vosgesinfo.fr\/epinalinfo\/#website","url":"https:\/\/vosgesinfo.fr\/epinalinfo\/","name":"Epinal Info","description":"Toute l&#039;actualit\u00e9 d&#039;\u00c9pinal","publisher":{"@id":"https:\/\/vosgesinfo.fr\/epinalinfo\/#organization"},"alternateName":"Toute l'actualit\u00e9 d'\u00c9pinal","potentialAction":[{"@type":"SearchAction","target":{"@type":"EntryPoint","urlTemplate":"https:\/\/vosgesinfo.fr\/epinalinfo\/?s={search_term_string}"},"query-input":"required name=search_term_string"}],"inLanguage":"fr-FR"},{"@type":"Organization","@id":"https:\/\/vosgesinfo.fr\/epinalinfo\/#organization","name":"Epinal Info","url":"https:\/\/vosgesinfo.fr\/epinalinfo\/","logo":{"@type":"ImageObject","inLanguage":"fr-FR","@id":"https:\/\/vosgesinfo.fr\/epinalinfo\/#\/schema\/logo\/image\/","url":"https:\/\/vosgesinfo.fr\/app\/uploads\/sites\/3\/2023\/08\/logo-epinalinfos.svg","contentUrl":"https:\/\/vosgesinfo.fr\/app\/uploads\/sites\/3\/2023\/08\/logo-epinalinfos.svg","width":1,"height":1,"caption":"Epinal Info"},"image":{"@id":"https:\/\/vosgesinfo.fr\/epinalinfo\/#\/schema\/logo\/image\/"},"sameAs":["https:\/\/www.facebook.com\/Epinalinfos","https:\/\/x.com\/VosgesInfo88","https:\/\/www.youtube.com\/@vosgesinfo"]},{"@type":"Person","@id":"https:\/\/vosgesinfo.fr\/epinalinfo\/#\/schema\/person\/6f9a650eeea99d969b6c4ab78fccbe81","name":"C.K.","image":{"@type":"ImageObject","inLanguage":"fr-FR","@id":"https:\/\/vosgesinfo.fr\/epinalinfo\/#\/schema\/person\/image\/","url":"https:\/\/secure.gravatar.com\/avatar\/48e3fc7f8421ba8942be6b74a2b7f014ca39bc00dece156b7a8e098ae7dc87bf?s=96&d=mm&r=g","contentUrl":"https:\/\/secure.gravatar.com\/avatar\/48e3fc7f8421ba8942be6b74a2b7f014ca39bc00dece156b7a8e098ae7dc87bf?s=96&d=mm&r=g","caption":"C.K."},"url":"https:\/\/vosgesinfo.fr\/epinalinfo\/author\/celia-k-n\/"}]}},"_links":{"self":[{"href":"https:\/\/vosgesinfo.fr\/epinalinfo\/wp-json\/wp\/v2\/posts\/134398","targetHints":{"allow":["GET"]}}],"collection":[{"href":"https:\/\/vosgesinfo.fr\/epinalinfo\/wp-json\/wp\/v2\/posts"}],"about":[{"href":"https:\/\/vosgesinfo.fr\/epinalinfo\/wp-json\/wp\/v2\/types\/post"}],"author":[{"embeddable":true,"href":"https:\/\/vosgesinfo.fr\/epinalinfo\/wp-json\/wp\/v2\/users\/52"}],"replies":[{"embeddable":true,"href":"https:\/\/vosgesinfo.fr\/epinalinfo\/wp-json\/wp\/v2\/comments?post=134398"}],"version-history":[{"count":1,"href":"https:\/\/vosgesinfo.fr\/epinalinfo\/wp-json\/wp\/v2\/posts\/134398\/revisions"}],"predecessor-version":[{"id":134399,"href":"https:\/\/vosgesinfo.fr\/epinalinfo\/wp-json\/wp\/v2\/posts\/134398\/revisions\/134399"}],"wp:featuredmedia":[{"embeddable":true,"href":"https:\/\/vosgesinfo.fr\/epinalinfo\/wp-json\/wp\/v2\/media\/132342"}],"wp:attachment":[{"href":"https:\/\/vosgesinfo.fr\/epinalinfo\/wp-json\/wp\/v2\/media?parent=134398"}],"wp:term":[{"taxonomy":"category","embeddable":true,"href":"https:\/\/vosgesinfo.fr\/epinalinfo\/wp-json\/wp\/v2\/categories?post=134398"},{"taxonomy":"post_tag","embeddable":true,"href":"https:\/\/vosgesinfo.fr\/epinalinfo\/wp-json\/wp\/v2\/tags?post=134398"}],"curies":[{"name":"wp","href":"https:\/\/api.w.org\/{rel}","templated":true}]}}