{"id":134402,"date":"2025-08-18T13:00:47","date_gmt":"2025-08-18T11:00:47","guid":{"rendered":"https:\/\/vosgesinfo.fr\/epinalinfo\/?p=134402"},"modified":"2025-08-18T12:56:41","modified_gmt":"2025-08-18T10:56:41","slug":"depistage-des-cancers-lars-annonce-un-appel-a-manifestation-dinteret-a-lautomne-2025","status":"publish","type":"post","link":"https:\/\/vosgesinfo.fr\/epinalinfo\/2025\/08\/depistage-des-cancers-lars-annonce-un-appel-a-manifestation-dinteret-a-lautomne-2025\/","title":{"rendered":"D\u00e9pistage des cancers : l\u2019ARS annonce un appel \u00e0 manifestation d\u2019int\u00e9r\u00eat \u00e0 l\u2019automne 2025"},"content":{"rendered":"<h2 data-start=\"177\" data-end=\"447\"><strong><a href=\"https:\/\/vosgesinfo.fr\/app\/uploads\/sites\/3\/2025\/08\/stethoscope-840125-960-720.jpg\"><img decoding=\"async\" class=\"aligncenter size-full wp-image-134403\" src=\"https:\/\/vosgesinfo.fr\/app\/uploads\/sites\/3\/2025\/08\/stethoscope-840125-960-720.jpg\" alt=\"\" width=\"960\" height=\"640\" srcset=\"https:\/\/vosgesinfo.fr\/app\/uploads\/sites\/3\/2025\/08\/stethoscope-840125-960-720.jpg 960w, https:\/\/vosgesinfo.fr\/app\/uploads\/sites\/3\/2025\/08\/stethoscope-840125-960-720-300x200.jpg 300w, https:\/\/vosgesinfo.fr\/app\/uploads\/sites\/3\/2025\/08\/stethoscope-840125-960-720-768x512.jpg 768w\" sizes=\"(max-width: 960px) 100vw, 960px\" \/><\/a>Malgr\u00e9 la fermeture annonc\u00e9e de l\u2019antenne vosgienne du Centre r\u00e9gional de coordination des d\u00e9pistages des cancers (CRCDC) du Grand Est, l\u2019Agence r\u00e9gionale de sant\u00e9 (ARS) assure qu\u2019il n\u2019y aura aucune interruption du service de d\u00e9pistage des cancers dans les Vosges.<\/strong><\/h2>\n<p data-start=\"449\" data-end=\"625\">Dans un courrier adress\u00e9 au pr\u00e9sident du Conseil d\u00e9partemental, Fran\u00e7ois Vannson, l\u2019ARS Grand Est a tenu \u00e0 rassurer sur la continuit\u00e9 de l\u2019offre de sant\u00e9 dans le d\u00e9partement.<\/p>\n<h3 data-start=\"627\" data-end=\"663\">Une motion vot\u00e9e \u00e0 l\u2019unanimit\u00e9<\/h3>\n<p data-start=\"664\" data-end=\"980\">La perspective de fermeture, \u00e9voqu\u00e9e en juillet, avait suscit\u00e9 de vives inqui\u00e9tudes. Le Conseil d\u00e9partemental des Vosges avait alors r\u00e9agi en votant \u00e0 l\u2019unanimit\u00e9 une motion pour maintenir une structure de d\u00e9pistage de proximit\u00e9, indispensable \u00e0 la pr\u00e9vention et \u00e0 la d\u00e9tection pr\u00e9coce des cancers.<\/p>\n<h3 data-start=\"982\" data-end=\"1018\">L\u2019ARS r\u00e9affirme son engagement<\/h3>\n<p data-start=\"1019\" data-end=\"1299\">En r\u00e9ponse, l\u2019ARS pr\u00e9cise qu\u2019elle n\u2019avait pas \u00e9t\u00e9 inform\u00e9e en amont de cette fermeture. Elle annonce par ailleurs le lancement d\u2019un appel \u00e0 manifestation d\u2019int\u00e9r\u00eat \u00e0 l\u2019automne 2025, destin\u00e9 aux structures pr\u00eates \u00e0 assurer cette mission d\u2019int\u00e9r\u00eat g\u00e9n\u00e9ral dans le d\u00e9partement.<\/p>\n<h3 data-start=\"1301\" data-end=\"1339\">Un soutien d\u00e9partemental affirm\u00e9<\/h3>\n<p data-start=\"1340\" data-end=\"1674\">Le Conseil d\u00e9partemental s\u2019est engag\u00e9 \u00e0 soutenir la d\u00e9marche et \u00e0 suivre attentivement le d\u00e9roulement de la proc\u00e9dure. Ce maintien est jug\u00e9 crucial par les \u00e9lus, au regard des efforts d\u00e9j\u00e0 entrepris : depuis 2019, le Plan d\u2019actions Sant\u00e9 du D\u00e9partement a permis l\u2019installation de 418 professionnels de sant\u00e9 dans les Vosges.<\/p>\n<h3 data-start=\"1676\" data-end=\"1717\">Garantir l\u2019\u00e9quit\u00e9 d\u2019acc\u00e8s aux soins<\/h3>\n<p data-start=\"1718\" data-end=\"1941\">Pour Fran\u00e7ois Vannson et les \u00e9lus locaux, la continuit\u00e9 du CRCDC est un enjeu majeur de sant\u00e9 publique. Elle constitue un levier essentiel pour assurer \u00e0 tous les Vosgiens un acc\u00e8s \u00e9quitable au d\u00e9pistage et aux soins.<\/p>\n","protected":false},"excerpt":{"rendered":"<p>Malgr\u00e9 la fermeture annonc\u00e9e de l\u2019antenne vosgienne du Centre r\u00e9gional de coordination des d\u00e9pistages des cancers (CRCDC) du Grand Est, [&hellip;]<\/p>\n","protected":false},"author":52,"featured_media":134403,"comment_status":"open","ping_status":"open","sticky":false,"template":"","format":"standard","meta":{"footnotes":""},"categories":[22,5],"tags":[],"class_list":["post-134402","post","type-post","status-publish","format-standard","has-post-thumbnail","hentry","category-a-la-une","category-vosges"],"acf":[],"yoast_head":"<!-- This site is optimized with the Yoast SEO plugin v22.5 - https:\/\/yoast.com\/wordpress\/plugins\/seo\/ -->\n<title>D\u00e9pistage des cancers : l\u2019ARS annonce un appel \u00e0 manifestation d\u2019int\u00e9r\u00eat \u00e0 l\u2019automne 2025 - Epinal Info<\/title>\n<meta name=\"robots\" content=\"index, follow, max-snippet:-1, max-image-preview:large, max-video-preview:-1\" \/>\n<link rel=\"canonical\" href=\"https:\/\/vosgesinfo.fr\/epinalinfo\/2025\/08\/depistage-des-cancers-lars-annonce-un-appel-a-manifestation-dinteret-a-lautomne-2025\/\" \/>\n<meta name=\"twitter:card\" content=\"summary_large_image\" \/>\n<meta name=\"twitter:title\" content=\"D\u00e9pistage des cancers : l\u2019ARS annonce un appel \u00e0 manifestation d\u2019int\u00e9r\u00eat \u00e0 l\u2019automne 2025 - Epinal Info\" \/>\n<meta name=\"twitter:description\" content=\"Malgr\u00e9 la fermeture annonc\u00e9e de l\u2019antenne vosgienne du Centre r\u00e9gional de coordination des d\u00e9pistages des cancers (CRCDC) du Grand Est, [&hellip;]\" \/>\n<meta name=\"twitter:image\" content=\"https:\/\/vosgesinfo.fr\/app\/uploads\/sites\/3\/2025\/08\/stethoscope-840125-960-720.jpg\" \/>\n<meta name=\"twitter:creator\" content=\"@VosgesInfo88\" \/>\n<meta name=\"twitter:site\" content=\"@VosgesInfo88\" \/>\n<meta name=\"twitter:label1\" content=\"\u00c9crit par\" \/>\n\t<meta name=\"twitter:data1\" content=\"C.K.\" \/>\n\t<meta name=\"twitter:label2\" content=\"Dur\u00e9e de lecture estim\u00e9e\" \/>\n\t<meta name=\"twitter:data2\" content=\"2 minutes\" \/>\n<script type=\"application\/ld+json\" class=\"yoast-schema-graph\">{\"@context\":\"https:\/\/schema.org\",\"@graph\":[{\"@type\":\"Article\",\"@id\":\"https:\/\/vosgesinfo.fr\/epinalinfo\/2025\/08\/depistage-des-cancers-lars-annonce-un-appel-a-manifestation-dinteret-a-lautomne-2025\/#article\",\"isPartOf\":{\"@id\":\"https:\/\/vosgesinfo.fr\/epinalinfo\/2025\/08\/depistage-des-cancers-lars-annonce-un-appel-a-manifestation-dinteret-a-lautomne-2025\/\"},\"author\":{\"name\":\"C.K.\",\"@id\":\"https:\/\/vosgesinfo.fr\/epinalinfo\/#\/schema\/person\/6f9a650eeea99d969b6c4ab78fccbe81\"},\"headline\":\"D\u00e9pistage des cancers : l\u2019ARS annonce un appel \u00e0 manifestation d\u2019int\u00e9r\u00eat \u00e0 l\u2019automne 2025\",\"datePublished\":\"2025-08-18T11:00:47+00:00\",\"dateModified\":\"2025-08-18T10:56:41+00:00\",\"mainEntityOfPage\":{\"@id\":\"https:\/\/vosgesinfo.fr\/epinalinfo\/2025\/08\/depistage-des-cancers-lars-annonce-un-appel-a-manifestation-dinteret-a-lautomne-2025\/\"},\"wordCount\":324,\"commentCount\":1,\"publisher\":{\"@id\":\"https:\/\/vosgesinfo.fr\/epinalinfo\/#organization\"},\"image\":{\"@id\":\"https:\/\/vosgesinfo.fr\/epinalinfo\/2025\/08\/depistage-des-cancers-lars-annonce-un-appel-a-manifestation-dinteret-a-lautomne-2025\/#primaryimage\"},\"thumbnailUrl\":\"https:\/\/vosgesinfo.fr\/app\/uploads\/sites\/3\/2025\/08\/stethoscope-840125-960-720.jpg\",\"articleSection\":[\"A la Une\",\"Vosges\"],\"inLanguage\":\"fr-FR\",\"potentialAction\":[{\"@type\":\"CommentAction\",\"name\":\"Comment\",\"target\":[\"https:\/\/vosgesinfo.fr\/epinalinfo\/2025\/08\/depistage-des-cancers-lars-annonce-un-appel-a-manifestation-dinteret-a-lautomne-2025\/#respond\"]}]},{\"@type\":\"WebPage\",\"@id\":\"https:\/\/vosgesinfo.fr\/epinalinfo\/2025\/08\/depistage-des-cancers-lars-annonce-un-appel-a-manifestation-dinteret-a-lautomne-2025\/\",\"url\":\"https:\/\/vosgesinfo.fr\/epinalinfo\/2025\/08\/depistage-des-cancers-lars-annonce-un-appel-a-manifestation-dinteret-a-lautomne-2025\/\",\"name\":\"D\u00e9pistage des cancers : l\u2019ARS annonce un appel \u00e0 manifestation d\u2019int\u00e9r\u00eat \u00e0 l\u2019automne 2025 - Epinal Info\",\"isPartOf\":{\"@id\":\"https:\/\/vosgesinfo.fr\/epinalinfo\/#website\"},\"primaryImageOfPage\":{\"@id\":\"https:\/\/vosgesinfo.fr\/epinalinfo\/2025\/08\/depistage-des-cancers-lars-annonce-un-appel-a-manifestation-dinteret-a-lautomne-2025\/#primaryimage\"},\"image\":{\"@id\":\"https:\/\/vosgesinfo.fr\/epinalinfo\/2025\/08\/depistage-des-cancers-lars-annonce-un-appel-a-manifestation-dinteret-a-lautomne-2025\/#primaryimage\"},\"thumbnailUrl\":\"https:\/\/vosgesinfo.fr\/app\/uploads\/sites\/3\/2025\/08\/stethoscope-840125-960-720.jpg\",\"datePublished\":\"2025-08-18T11:00:47+00:00\",\"dateModified\":\"2025-08-18T10:56:41+00:00\",\"breadcrumb\":{\"@id\":\"https:\/\/vosgesinfo.fr\/epinalinfo\/2025\/08\/depistage-des-cancers-lars-annonce-un-appel-a-manifestation-dinteret-a-lautomne-2025\/#breadcrumb\"},\"inLanguage\":\"fr-FR\",\"potentialAction\":[{\"@type\":\"ReadAction\",\"target\":[\"https:\/\/vosgesinfo.fr\/epinalinfo\/2025\/08\/depistage-des-cancers-lars-annonce-un-appel-a-manifestation-dinteret-a-lautomne-2025\/\"]}]},{\"@type\":\"ImageObject\",\"inLanguage\":\"fr-FR\",\"@id\":\"https:\/\/vosgesinfo.fr\/epinalinfo\/2025\/08\/depistage-des-cancers-lars-annonce-un-appel-a-manifestation-dinteret-a-lautomne-2025\/#primaryimage\",\"url\":\"https:\/\/vosgesinfo.fr\/app\/uploads\/sites\/3\/2025\/08\/stethoscope-840125-960-720.jpg\",\"contentUrl\":\"https:\/\/vosgesinfo.fr\/app\/uploads\/sites\/3\/2025\/08\/stethoscope-840125-960-720.jpg\",\"width\":960,\"height\":640},{\"@type\":\"BreadcrumbList\",\"@id\":\"https:\/\/vosgesinfo.fr\/epinalinfo\/2025\/08\/depistage-des-cancers-lars-annonce-un-appel-a-manifestation-dinteret-a-lautomne-2025\/#breadcrumb\",\"itemListElement\":[{\"@type\":\"ListItem\",\"position\":1,\"name\":\"Home\",\"item\":\"https:\/\/vosgesinfo.fr\/epinalinfo\/\"},{\"@type\":\"ListItem\",\"position\":2,\"name\":\"D\u00e9pistage des cancers : l\u2019ARS annonce un appel \u00e0 manifestation d\u2019int\u00e9r\u00eat \u00e0 l\u2019automne 2025\"}]},{\"@type\":\"WebSite\",\"@id\":\"https:\/\/vosgesinfo.fr\/epinalinfo\/#website\",\"url\":\"https:\/\/vosgesinfo.fr\/epinalinfo\/\",\"name\":\"Epinal Info\",\"description\":\"Toute l&#039;actualit\u00e9 d&#039;\u00c9pinal\",\"publisher\":{\"@id\":\"https:\/\/vosgesinfo.fr\/epinalinfo\/#organization\"},\"alternateName\":\"Toute l'actualit\u00e9 d'\u00c9pinal\",\"potentialAction\":[{\"@type\":\"SearchAction\",\"target\":{\"@type\":\"EntryPoint\",\"urlTemplate\":\"https:\/\/vosgesinfo.fr\/epinalinfo\/?s={search_term_string}\"},\"query-input\":\"required name=search_term_string\"}],\"inLanguage\":\"fr-FR\"},{\"@type\":\"Organization\",\"@id\":\"https:\/\/vosgesinfo.fr\/epinalinfo\/#organization\",\"name\":\"Epinal Info\",\"url\":\"https:\/\/vosgesinfo.fr\/epinalinfo\/\",\"logo\":{\"@type\":\"ImageObject\",\"inLanguage\":\"fr-FR\",\"@id\":\"https:\/\/vosgesinfo.fr\/epinalinfo\/#\/schema\/logo\/image\/\",\"url\":\"https:\/\/vosgesinfo.fr\/app\/uploads\/sites\/3\/2023\/08\/logo-epinalinfos.svg\",\"contentUrl\":\"https:\/\/vosgesinfo.fr\/app\/uploads\/sites\/3\/2023\/08\/logo-epinalinfos.svg\",\"width\":1,\"height\":1,\"caption\":\"Epinal Info\"},\"image\":{\"@id\":\"https:\/\/vosgesinfo.fr\/epinalinfo\/#\/schema\/logo\/image\/\"},\"sameAs\":[\"https:\/\/www.facebook.com\/Epinalinfos\",\"https:\/\/x.com\/VosgesInfo88\",\"https:\/\/www.youtube.com\/@vosgesinfo\"]},{\"@type\":\"Person\",\"@id\":\"https:\/\/vosgesinfo.fr\/epinalinfo\/#\/schema\/person\/6f9a650eeea99d969b6c4ab78fccbe81\",\"name\":\"C.K.\",\"image\":{\"@type\":\"ImageObject\",\"inLanguage\":\"fr-FR\",\"@id\":\"https:\/\/vosgesinfo.fr\/epinalinfo\/#\/schema\/person\/image\/\",\"url\":\"https:\/\/secure.gravatar.com\/avatar\/48e3fc7f8421ba8942be6b74a2b7f014ca39bc00dece156b7a8e098ae7dc87bf?s=96&d=mm&r=g\",\"contentUrl\":\"https:\/\/secure.gravatar.com\/avatar\/48e3fc7f8421ba8942be6b74a2b7f014ca39bc00dece156b7a8e098ae7dc87bf?s=96&d=mm&r=g\",\"caption\":\"C.K.\"},\"url\":\"https:\/\/vosgesinfo.fr\/epinalinfo\/author\/celia-k-n\/\"}]}<\/script>\n<!-- \/ Yoast SEO plugin. -->","yoast_head_json":{"title":"D\u00e9pistage des cancers : l\u2019ARS annonce un appel \u00e0 manifestation d\u2019int\u00e9r\u00eat \u00e0 l\u2019automne 2025 - Epinal Info","robots":{"index":"index","follow":"follow","max-snippet":"max-snippet:-1","max-image-preview":"max-image-preview:large","max-video-preview":"max-video-preview:-1"},"canonical":"https:\/\/vosgesinfo.fr\/epinalinfo\/2025\/08\/depistage-des-cancers-lars-annonce-un-appel-a-manifestation-dinteret-a-lautomne-2025\/","twitter_card":"summary_large_image","twitter_title":"D\u00e9pistage des cancers : l\u2019ARS annonce un appel \u00e0 manifestation d\u2019int\u00e9r\u00eat \u00e0 l\u2019automne 2025 - Epinal Info","twitter_description":"Malgr\u00e9 la fermeture annonc\u00e9e de l\u2019antenne vosgienne du Centre r\u00e9gional de coordination des d\u00e9pistages des cancers (CRCDC) du Grand Est, [&hellip;]","twitter_image":"https:\/\/vosgesinfo.fr\/app\/uploads\/sites\/3\/2025\/08\/stethoscope-840125-960-720.jpg","twitter_creator":"@VosgesInfo88","twitter_site":"@VosgesInfo88","twitter_misc":{"\u00c9crit par":"C.K.","Dur\u00e9e de lecture estim\u00e9e":"2 minutes"},"schema":{"@context":"https:\/\/schema.org","@graph":[{"@type":"Article","@id":"https:\/\/vosgesinfo.fr\/epinalinfo\/2025\/08\/depistage-des-cancers-lars-annonce-un-appel-a-manifestation-dinteret-a-lautomne-2025\/#article","isPartOf":{"@id":"https:\/\/vosgesinfo.fr\/epinalinfo\/2025\/08\/depistage-des-cancers-lars-annonce-un-appel-a-manifestation-dinteret-a-lautomne-2025\/"},"author":{"name":"C.K.","@id":"https:\/\/vosgesinfo.fr\/epinalinfo\/#\/schema\/person\/6f9a650eeea99d969b6c4ab78fccbe81"},"headline":"D\u00e9pistage des cancers : l\u2019ARS annonce un appel \u00e0 manifestation d\u2019int\u00e9r\u00eat \u00e0 l\u2019automne 2025","datePublished":"2025-08-18T11:00:47+00:00","dateModified":"2025-08-18T10:56:41+00:00","mainEntityOfPage":{"@id":"https:\/\/vosgesinfo.fr\/epinalinfo\/2025\/08\/depistage-des-cancers-lars-annonce-un-appel-a-manifestation-dinteret-a-lautomne-2025\/"},"wordCount":324,"commentCount":1,"publisher":{"@id":"https:\/\/vosgesinfo.fr\/epinalinfo\/#organization"},"image":{"@id":"https:\/\/vosgesinfo.fr\/epinalinfo\/2025\/08\/depistage-des-cancers-lars-annonce-un-appel-a-manifestation-dinteret-a-lautomne-2025\/#primaryimage"},"thumbnailUrl":"https:\/\/vosgesinfo.fr\/app\/uploads\/sites\/3\/2025\/08\/stethoscope-840125-960-720.jpg","articleSection":["A la Une","Vosges"],"inLanguage":"fr-FR","potentialAction":[{"@type":"CommentAction","name":"Comment","target":["https:\/\/vosgesinfo.fr\/epinalinfo\/2025\/08\/depistage-des-cancers-lars-annonce-un-appel-a-manifestation-dinteret-a-lautomne-2025\/#respond"]}]},{"@type":"WebPage","@id":"https:\/\/vosgesinfo.fr\/epinalinfo\/2025\/08\/depistage-des-cancers-lars-annonce-un-appel-a-manifestation-dinteret-a-lautomne-2025\/","url":"https:\/\/vosgesinfo.fr\/epinalinfo\/2025\/08\/depistage-des-cancers-lars-annonce-un-appel-a-manifestation-dinteret-a-lautomne-2025\/","name":"D\u00e9pistage des cancers : l\u2019ARS annonce un appel \u00e0 manifestation d\u2019int\u00e9r\u00eat \u00e0 l\u2019automne 2025 - Epinal Info","isPartOf":{"@id":"https:\/\/vosgesinfo.fr\/epinalinfo\/#website"},"primaryImageOfPage":{"@id":"https:\/\/vosgesinfo.fr\/epinalinfo\/2025\/08\/depistage-des-cancers-lars-annonce-un-appel-a-manifestation-dinteret-a-lautomne-2025\/#primaryimage"},"image":{"@id":"https:\/\/vosgesinfo.fr\/epinalinfo\/2025\/08\/depistage-des-cancers-lars-annonce-un-appel-a-manifestation-dinteret-a-lautomne-2025\/#primaryimage"},"thumbnailUrl":"https:\/\/vosgesinfo.fr\/app\/uploads\/sites\/3\/2025\/08\/stethoscope-840125-960-720.jpg","datePublished":"2025-08-18T11:00:47+00:00","dateModified":"2025-08-18T10:56:41+00:00","breadcrumb":{"@id":"https:\/\/vosgesinfo.fr\/epinalinfo\/2025\/08\/depistage-des-cancers-lars-annonce-un-appel-a-manifestation-dinteret-a-lautomne-2025\/#breadcrumb"},"inLanguage":"fr-FR","potentialAction":[{"@type":"ReadAction","target":["https:\/\/vosgesinfo.fr\/epinalinfo\/2025\/08\/depistage-des-cancers-lars-annonce-un-appel-a-manifestation-dinteret-a-lautomne-2025\/"]}]},{"@type":"ImageObject","inLanguage":"fr-FR","@id":"https:\/\/vosgesinfo.fr\/epinalinfo\/2025\/08\/depistage-des-cancers-lars-annonce-un-appel-a-manifestation-dinteret-a-lautomne-2025\/#primaryimage","url":"https:\/\/vosgesinfo.fr\/app\/uploads\/sites\/3\/2025\/08\/stethoscope-840125-960-720.jpg","contentUrl":"https:\/\/vosgesinfo.fr\/app\/uploads\/sites\/3\/2025\/08\/stethoscope-840125-960-720.jpg","width":960,"height":640},{"@type":"BreadcrumbList","@id":"https:\/\/vosgesinfo.fr\/epinalinfo\/2025\/08\/depistage-des-cancers-lars-annonce-un-appel-a-manifestation-dinteret-a-lautomne-2025\/#breadcrumb","itemListElement":[{"@type":"ListItem","position":1,"name":"Home","item":"https:\/\/vosgesinfo.fr\/epinalinfo\/"},{"@type":"ListItem","position":2,"name":"D\u00e9pistage des cancers : l\u2019ARS annonce un appel \u00e0 manifestation d\u2019int\u00e9r\u00eat \u00e0 l\u2019automne 2025"}]},{"@type":"WebSite","@id":"https:\/\/vosgesinfo.fr\/epinalinfo\/#website","url":"https:\/\/vosgesinfo.fr\/epinalinfo\/","name":"Epinal Info","description":"Toute l&#039;actualit\u00e9 d&#039;\u00c9pinal","publisher":{"@id":"https:\/\/vosgesinfo.fr\/epinalinfo\/#organization"},"alternateName":"Toute l'actualit\u00e9 d'\u00c9pinal","potentialAction":[{"@type":"SearchAction","target":{"@type":"EntryPoint","urlTemplate":"https:\/\/vosgesinfo.fr\/epinalinfo\/?s={search_term_string}"},"query-input":"required name=search_term_string"}],"inLanguage":"fr-FR"},{"@type":"Organization","@id":"https:\/\/vosgesinfo.fr\/epinalinfo\/#organization","name":"Epinal Info","url":"https:\/\/vosgesinfo.fr\/epinalinfo\/","logo":{"@type":"ImageObject","inLanguage":"fr-FR","@id":"https:\/\/vosgesinfo.fr\/epinalinfo\/#\/schema\/logo\/image\/","url":"https:\/\/vosgesinfo.fr\/app\/uploads\/sites\/3\/2023\/08\/logo-epinalinfos.svg","contentUrl":"https:\/\/vosgesinfo.fr\/app\/uploads\/sites\/3\/2023\/08\/logo-epinalinfos.svg","width":1,"height":1,"caption":"Epinal Info"},"image":{"@id":"https:\/\/vosgesinfo.fr\/epinalinfo\/#\/schema\/logo\/image\/"},"sameAs":["https:\/\/www.facebook.com\/Epinalinfos","https:\/\/x.com\/VosgesInfo88","https:\/\/www.youtube.com\/@vosgesinfo"]},{"@type":"Person","@id":"https:\/\/vosgesinfo.fr\/epinalinfo\/#\/schema\/person\/6f9a650eeea99d969b6c4ab78fccbe81","name":"C.K.","image":{"@type":"ImageObject","inLanguage":"fr-FR","@id":"https:\/\/vosgesinfo.fr\/epinalinfo\/#\/schema\/person\/image\/","url":"https:\/\/secure.gravatar.com\/avatar\/48e3fc7f8421ba8942be6b74a2b7f014ca39bc00dece156b7a8e098ae7dc87bf?s=96&d=mm&r=g","contentUrl":"https:\/\/secure.gravatar.com\/avatar\/48e3fc7f8421ba8942be6b74a2b7f014ca39bc00dece156b7a8e098ae7dc87bf?s=96&d=mm&r=g","caption":"C.K."},"url":"https:\/\/vosgesinfo.fr\/epinalinfo\/author\/celia-k-n\/"}]}},"_links":{"self":[{"href":"https:\/\/vosgesinfo.fr\/epinalinfo\/wp-json\/wp\/v2\/posts\/134402","targetHints":{"allow":["GET"]}}],"collection":[{"href":"https:\/\/vosgesinfo.fr\/epinalinfo\/wp-json\/wp\/v2\/posts"}],"about":[{"href":"https:\/\/vosgesinfo.fr\/epinalinfo\/wp-json\/wp\/v2\/types\/post"}],"author":[{"embeddable":true,"href":"https:\/\/vosgesinfo.fr\/epinalinfo\/wp-json\/wp\/v2\/users\/52"}],"replies":[{"embeddable":true,"href":"https:\/\/vosgesinfo.fr\/epinalinfo\/wp-json\/wp\/v2\/comments?post=134402"}],"version-history":[{"count":1,"href":"https:\/\/vosgesinfo.fr\/epinalinfo\/wp-json\/wp\/v2\/posts\/134402\/revisions"}],"predecessor-version":[{"id":134404,"href":"https:\/\/vosgesinfo.fr\/epinalinfo\/wp-json\/wp\/v2\/posts\/134402\/revisions\/134404"}],"wp:featuredmedia":[{"embeddable":true,"href":"https:\/\/vosgesinfo.fr\/epinalinfo\/wp-json\/wp\/v2\/media\/134403"}],"wp:attachment":[{"href":"https:\/\/vosgesinfo.fr\/epinalinfo\/wp-json\/wp\/v2\/media?parent=134402"}],"wp:term":[{"taxonomy":"category","embeddable":true,"href":"https:\/\/vosgesinfo.fr\/epinalinfo\/wp-json\/wp\/v2\/categories?post=134402"},{"taxonomy":"post_tag","embeddable":true,"href":"https:\/\/vosgesinfo.fr\/epinalinfo\/wp-json\/wp\/v2\/tags?post=134402"}],"curies":[{"name":"wp","href":"https:\/\/api.w.org\/{rel}","templated":true}]}}