{"id":134405,"date":"2025-08-18T13:50:07","date_gmt":"2025-08-18T11:50:07","guid":{"rendered":"https:\/\/vosgesinfo.fr\/epinalinfo\/?p=134405"},"modified":"2025-08-18T13:46:23","modified_gmt":"2025-08-18T11:46:23","slug":"prix-du-tabac-les-nouveaux-tarifs-des-cigarettes-au-1er-septembre-2025","status":"publish","type":"post","link":"https:\/\/vosgesinfo.fr\/epinalinfo\/2025\/08\/prix-du-tabac-les-nouveaux-tarifs-des-cigarettes-au-1er-septembre-2025\/","title":{"rendered":"Prix du tabac : Les nouveaux tarifs des cigarettes au 1er septembre 2025"},"content":{"rendered":"<h2 data-start=\"276\" data-end=\"649\"><strong><a href=\"https:\/\/vosgesinfo.fr\/app\/uploads\/sites\/3\/2023\/12\/cigarettes-383327-1920.jpg\"><img decoding=\"async\" class=\"aligncenter size-full wp-image-3672\" src=\"https:\/\/vosgesinfo.fr\/app\/uploads\/sites\/3\/2023\/12\/cigarettes-383327-1920.jpg\" alt=\"\" width=\"800\" height=\"592\" srcset=\"https:\/\/vosgesinfo.fr\/app\/uploads\/sites\/3\/2023\/12\/cigarettes-383327-1920.jpg 800w, https:\/\/vosgesinfo.fr\/app\/uploads\/sites\/3\/2023\/12\/cigarettes-383327-1920-300x222.jpg 300w, https:\/\/vosgesinfo.fr\/app\/uploads\/sites\/3\/2023\/12\/cigarettes-383327-1920-768x568.jpg 768w\" sizes=\"(max-width: 800px) 100vw, 800px\" \/><\/a>Les douanes fran\u00e7aises ont publi\u00e9 la liste officielle des tarifs du tabac applicables d\u00e8s le 1er septembre 2025. Une annonce tr\u00e8s attendue par les 12 millions de fumeurs quotidiens en France. Apr\u00e8s plusieurs ajustements au cours de l\u2019ann\u00e9e, dont une hausse significative en juin, les prix du tabac restent globalement stables, rassurant ainsi la majorit\u00e9 des consommateurs.<\/strong><\/h2>\n<h4 data-start=\"651\" data-end=\"704\">Cigarettes et tabac \u00e0 rouler : pas de changement<\/h4>\n<p data-start=\"706\" data-end=\"1034\">Pour les cigarettes classiques et le tabac \u00e0 rouler, aucune augmentation n\u2019est pr\u00e9vue ce mois-ci. Les fumeurs peuvent donc se pr\u00e9parer \u00e0 retrouver les m\u00eames tarifs qu\u2019auparavant. Cette stabilit\u00e9 contraste avec les cinq ajustements d\u00e9j\u00e0 enregistr\u00e9s cette ann\u00e9e, et appara\u00eet comme une pause bienvenue apr\u00e8s plusieurs fluctuations.<\/p>\n<h4 data-start=\"1036\" data-end=\"1091\">Des variations pour certains cigarillos et cigares<\/h4>\n<p data-start=\"1093\" data-end=\"1434\">En revanche, certaines r\u00e9f\u00e9rences de cigares et de cigarillos connaissent des modifications notables. C\u2019est le cas des <strong data-start=\"1212\" data-end=\"1240\">Flor de Selva Botte SAL1<\/strong>, dont le prix pour un paquet de 10 cigares passe de 21 \u00e0 43 euros, soit une hausse spectaculaire de 105 %. D\u2019autres produits peuvent conna\u00eetre des r\u00e9ductions, mais ces cas restent minoritaires.<\/p>\n<h4 data-start=\"1436\" data-end=\"1473\">Nouvelles r\u00e9f\u00e9rences disponibles<\/h4>\n<p data-start=\"1475\" data-end=\"1598\">Par ailleurs, les douanes ont homologu\u00e9 de nouvelles r\u00e9f\u00e9rences pour enrichir l\u2019offre en boutique. Parmi les nouveaut\u00e9s :<\/p>\n<p data-start=\"1600\" data-end=\"1618\"><strong data-start=\"1600\" data-end=\"1616\">Cigarettes :<\/strong><\/p>\n<ul data-start=\"1619\" data-end=\"1949\">\n<li data-start=\"1619\" data-end=\"1667\">\n<p data-start=\"1621\" data-end=\"1667\">Luckies Longues (100\u2019s), 20 unit\u00e9s \u2013 10,40 \u20ac<\/p>\n<\/li>\n<li data-start=\"1668\" data-end=\"1713\">\n<p data-start=\"1670\" data-end=\"1713\">Camel Essential No.1, 20 unit\u00e9s \u2013 10,40 \u20ac<\/p>\n<\/li>\n<li data-start=\"1714\" data-end=\"1762\">\n<p data-start=\"1716\" data-end=\"1762\">Marlboro Crafted XL Red, 25 unit\u00e9s \u2013 14,40 \u20ac<\/p>\n<\/li>\n<li data-start=\"1763\" data-end=\"1812\">\n<p data-start=\"1765\" data-end=\"1812\">Marlboro Crafted XL Gold, 25 unit\u00e9s \u2013 14,40 \u20ac<\/p>\n<\/li>\n<li data-start=\"1813\" data-end=\"1856\">\n<p data-start=\"1815\" data-end=\"1856\">Pueblo classic n\u00b01, 20 unit\u00e9s \u2013 10,40 \u20ac<\/p>\n<\/li>\n<li data-start=\"1857\" data-end=\"1900\">\n<p data-start=\"1859\" data-end=\"1900\">News Instant Rouge, 20 unit\u00e9s \u2013 11,50 \u20ac<\/p>\n<\/li>\n<li data-start=\"1901\" data-end=\"1949\">\n<p data-start=\"1903\" data-end=\"1949\">News Instant Rouge 100s, 20 unit\u00e9s \u2013 11,50 \u20ac<\/p>\n<\/li>\n<\/ul>\n<p data-start=\"1951\" data-end=\"1973\"><strong data-start=\"1951\" data-end=\"1971\">Tabac \u00e0 rouler :<\/strong><\/p>\n<ul data-start=\"1974\" data-end=\"2126\">\n<li data-start=\"1974\" data-end=\"2012\">\n<p data-start=\"1976\" data-end=\"2012\">Pueblo classic n\u00b01, 30 g \u2013 14,70 \u20ac<\/p>\n<\/li>\n<li data-start=\"2013\" data-end=\"2048\">\n<p data-start=\"2015\" data-end=\"2048\">Pueblo blue n\u00b01, 30 g \u2013 14,70 \u20ac<\/p>\n<\/li>\n<li data-start=\"2049\" data-end=\"2084\">\n<p data-start=\"2051\" data-end=\"2084\">Golden Virginia, 50 g \u2013 31,70 \u20ac<\/p>\n<\/li>\n<li data-start=\"2085\" data-end=\"2126\">\n<p data-start=\"2087\" data-end=\"2126\">Django Original Blend, 30 g \u2013 14,70 \u20ac<\/p>\n<\/li>\n<\/ul>\n<h4 data-start=\"2128\" data-end=\"2176\">\u00c0 quoi s\u2019attendre dans les prochains mois ?<\/h4>\n<p data-start=\"2178\" data-end=\"2494\">Selon le calendrier des douanes, un prochain ajustement pourrait intervenir d\u00e8s le <strong data-start=\"2261\" data-end=\"2282\">1er novembre 2025<\/strong>. De plus, le gouvernement envisage une nouvelle hausse pour 2026, qui pourrait faire franchir le prix du paquet de cigarettes au-del\u00e0 de <strong data-start=\"2420\" data-end=\"2432\">13 euros<\/strong> dans le cadre de sa politique de lutte contre le tabagisme.<\/p>\n<p data-start=\"2496\" data-end=\"2667\">Un rappel sanitaire reste indispensable : chaque ann\u00e9e, le tabac est responsable d\u2019environ <strong data-start=\"2587\" data-end=\"2603\">75 000 d\u00e9c\u00e8s<\/strong> en France, selon les donn\u00e9es de Sant\u00e9 publique France (2024).<\/p>\n","protected":false},"excerpt":{"rendered":"<p>Les douanes fran\u00e7aises ont publi\u00e9 la liste officielle des tarifs du tabac applicables d\u00e8s le 1er septembre 2025. Une annonce [&hellip;]<\/p>\n","protected":false},"author":52,"featured_media":3672,"comment_status":"open","ping_status":"open","sticky":false,"template":"","format":"standard","meta":{"footnotes":""},"categories":[22,5],"tags":[],"class_list":["post-134405","post","type-post","status-publish","format-standard","has-post-thumbnail","hentry","category-a-la-une","category-vosges"],"acf":[],"yoast_head":"<!-- This site is optimized with the Yoast SEO plugin v22.5 - https:\/\/yoast.com\/wordpress\/plugins\/seo\/ -->\n<title>Prix du tabac : Les nouveaux tarifs des cigarettes au 1er septembre 2025 - Epinal Info<\/title>\n<meta name=\"robots\" content=\"index, follow, max-snippet:-1, max-image-preview:large, max-video-preview:-1\" \/>\n<link rel=\"canonical\" href=\"https:\/\/vosgesinfo.fr\/epinalinfo\/2025\/08\/prix-du-tabac-les-nouveaux-tarifs-des-cigarettes-au-1er-septembre-2025\/\" \/>\n<meta name=\"twitter:card\" content=\"summary_large_image\" \/>\n<meta name=\"twitter:title\" content=\"Prix du tabac : Les nouveaux tarifs des cigarettes au 1er septembre 2025 - Epinal Info\" \/>\n<meta name=\"twitter:description\" content=\"Les douanes fran\u00e7aises ont publi\u00e9 la liste officielle des tarifs du tabac applicables d\u00e8s le 1er septembre 2025. Une annonce [&hellip;]\" \/>\n<meta name=\"twitter:image\" content=\"https:\/\/vosgesinfo.fr\/app\/uploads\/sites\/3\/2023\/12\/cigarettes-383327-1920.jpg\" \/>\n<meta name=\"twitter:creator\" content=\"@VosgesInfo88\" \/>\n<meta name=\"twitter:site\" content=\"@VosgesInfo88\" \/>\n<meta name=\"twitter:label1\" content=\"\u00c9crit par\" \/>\n\t<meta name=\"twitter:data1\" content=\"C.K.\" \/>\n\t<meta name=\"twitter:label2\" content=\"Dur\u00e9e de lecture estim\u00e9e\" \/>\n\t<meta name=\"twitter:data2\" content=\"2 minutes\" \/>\n<script type=\"application\/ld+json\" class=\"yoast-schema-graph\">{\"@context\":\"https:\/\/schema.org\",\"@graph\":[{\"@type\":\"Article\",\"@id\":\"https:\/\/vosgesinfo.fr\/epinalinfo\/2025\/08\/prix-du-tabac-les-nouveaux-tarifs-des-cigarettes-au-1er-septembre-2025\/#article\",\"isPartOf\":{\"@id\":\"https:\/\/vosgesinfo.fr\/epinalinfo\/2025\/08\/prix-du-tabac-les-nouveaux-tarifs-des-cigarettes-au-1er-septembre-2025\/\"},\"author\":{\"name\":\"C.K.\",\"@id\":\"https:\/\/vosgesinfo.fr\/epinalinfo\/#\/schema\/person\/6f9a650eeea99d969b6c4ab78fccbe81\"},\"headline\":\"Prix du tabac : Les nouveaux tarifs des cigarettes au 1er septembre 2025\",\"datePublished\":\"2025-08-18T11:50:07+00:00\",\"dateModified\":\"2025-08-18T11:46:23+00:00\",\"mainEntityOfPage\":{\"@id\":\"https:\/\/vosgesinfo.fr\/epinalinfo\/2025\/08\/prix-du-tabac-les-nouveaux-tarifs-des-cigarettes-au-1er-septembre-2025\/\"},\"wordCount\":360,\"commentCount\":5,\"publisher\":{\"@id\":\"https:\/\/vosgesinfo.fr\/epinalinfo\/#organization\"},\"image\":{\"@id\":\"https:\/\/vosgesinfo.fr\/epinalinfo\/2025\/08\/prix-du-tabac-les-nouveaux-tarifs-des-cigarettes-au-1er-septembre-2025\/#primaryimage\"},\"thumbnailUrl\":\"https:\/\/vosgesinfo.fr\/app\/uploads\/sites\/3\/2023\/12\/cigarettes-383327-1920.jpg\",\"articleSection\":[\"A la Une\",\"Vosges\"],\"inLanguage\":\"fr-FR\",\"potentialAction\":[{\"@type\":\"CommentAction\",\"name\":\"Comment\",\"target\":[\"https:\/\/vosgesinfo.fr\/epinalinfo\/2025\/08\/prix-du-tabac-les-nouveaux-tarifs-des-cigarettes-au-1er-septembre-2025\/#respond\"]}]},{\"@type\":\"WebPage\",\"@id\":\"https:\/\/vosgesinfo.fr\/epinalinfo\/2025\/08\/prix-du-tabac-les-nouveaux-tarifs-des-cigarettes-au-1er-septembre-2025\/\",\"url\":\"https:\/\/vosgesinfo.fr\/epinalinfo\/2025\/08\/prix-du-tabac-les-nouveaux-tarifs-des-cigarettes-au-1er-septembre-2025\/\",\"name\":\"Prix du tabac : Les nouveaux tarifs des cigarettes au 1er septembre 2025 - Epinal Info\",\"isPartOf\":{\"@id\":\"https:\/\/vosgesinfo.fr\/epinalinfo\/#website\"},\"primaryImageOfPage\":{\"@id\":\"https:\/\/vosgesinfo.fr\/epinalinfo\/2025\/08\/prix-du-tabac-les-nouveaux-tarifs-des-cigarettes-au-1er-septembre-2025\/#primaryimage\"},\"image\":{\"@id\":\"https:\/\/vosgesinfo.fr\/epinalinfo\/2025\/08\/prix-du-tabac-les-nouveaux-tarifs-des-cigarettes-au-1er-septembre-2025\/#primaryimage\"},\"thumbnailUrl\":\"https:\/\/vosgesinfo.fr\/app\/uploads\/sites\/3\/2023\/12\/cigarettes-383327-1920.jpg\",\"datePublished\":\"2025-08-18T11:50:07+00:00\",\"dateModified\":\"2025-08-18T11:46:23+00:00\",\"breadcrumb\":{\"@id\":\"https:\/\/vosgesinfo.fr\/epinalinfo\/2025\/08\/prix-du-tabac-les-nouveaux-tarifs-des-cigarettes-au-1er-septembre-2025\/#breadcrumb\"},\"inLanguage\":\"fr-FR\",\"potentialAction\":[{\"@type\":\"ReadAction\",\"target\":[\"https:\/\/vosgesinfo.fr\/epinalinfo\/2025\/08\/prix-du-tabac-les-nouveaux-tarifs-des-cigarettes-au-1er-septembre-2025\/\"]}]},{\"@type\":\"ImageObject\",\"inLanguage\":\"fr-FR\",\"@id\":\"https:\/\/vosgesinfo.fr\/epinalinfo\/2025\/08\/prix-du-tabac-les-nouveaux-tarifs-des-cigarettes-au-1er-septembre-2025\/#primaryimage\",\"url\":\"https:\/\/vosgesinfo.fr\/app\/uploads\/sites\/3\/2023\/12\/cigarettes-383327-1920.jpg\",\"contentUrl\":\"https:\/\/vosgesinfo.fr\/app\/uploads\/sites\/3\/2023\/12\/cigarettes-383327-1920.jpg\",\"width\":800,\"height\":592},{\"@type\":\"BreadcrumbList\",\"@id\":\"https:\/\/vosgesinfo.fr\/epinalinfo\/2025\/08\/prix-du-tabac-les-nouveaux-tarifs-des-cigarettes-au-1er-septembre-2025\/#breadcrumb\",\"itemListElement\":[{\"@type\":\"ListItem\",\"position\":1,\"name\":\"Home\",\"item\":\"https:\/\/vosgesinfo.fr\/epinalinfo\/\"},{\"@type\":\"ListItem\",\"position\":2,\"name\":\"Prix du tabac : Les nouveaux tarifs des cigarettes au 1er septembre 2025\"}]},{\"@type\":\"WebSite\",\"@id\":\"https:\/\/vosgesinfo.fr\/epinalinfo\/#website\",\"url\":\"https:\/\/vosgesinfo.fr\/epinalinfo\/\",\"name\":\"Epinal Info\",\"description\":\"Toute l&#039;actualit\u00e9 d&#039;\u00c9pinal\",\"publisher\":{\"@id\":\"https:\/\/vosgesinfo.fr\/epinalinfo\/#organization\"},\"alternateName\":\"Toute l'actualit\u00e9 d'\u00c9pinal\",\"potentialAction\":[{\"@type\":\"SearchAction\",\"target\":{\"@type\":\"EntryPoint\",\"urlTemplate\":\"https:\/\/vosgesinfo.fr\/epinalinfo\/?s={search_term_string}\"},\"query-input\":\"required name=search_term_string\"}],\"inLanguage\":\"fr-FR\"},{\"@type\":\"Organization\",\"@id\":\"https:\/\/vosgesinfo.fr\/epinalinfo\/#organization\",\"name\":\"Epinal Info\",\"url\":\"https:\/\/vosgesinfo.fr\/epinalinfo\/\",\"logo\":{\"@type\":\"ImageObject\",\"inLanguage\":\"fr-FR\",\"@id\":\"https:\/\/vosgesinfo.fr\/epinalinfo\/#\/schema\/logo\/image\/\",\"url\":\"https:\/\/vosgesinfo.fr\/app\/uploads\/sites\/3\/2023\/08\/logo-epinalinfos.svg\",\"contentUrl\":\"https:\/\/vosgesinfo.fr\/app\/uploads\/sites\/3\/2023\/08\/logo-epinalinfos.svg\",\"width\":1,\"height\":1,\"caption\":\"Epinal Info\"},\"image\":{\"@id\":\"https:\/\/vosgesinfo.fr\/epinalinfo\/#\/schema\/logo\/image\/\"},\"sameAs\":[\"https:\/\/www.facebook.com\/Epinalinfos\",\"https:\/\/x.com\/VosgesInfo88\",\"https:\/\/www.youtube.com\/@vosgesinfo\"]},{\"@type\":\"Person\",\"@id\":\"https:\/\/vosgesinfo.fr\/epinalinfo\/#\/schema\/person\/6f9a650eeea99d969b6c4ab78fccbe81\",\"name\":\"C.K.\",\"image\":{\"@type\":\"ImageObject\",\"inLanguage\":\"fr-FR\",\"@id\":\"https:\/\/vosgesinfo.fr\/epinalinfo\/#\/schema\/person\/image\/\",\"url\":\"https:\/\/secure.gravatar.com\/avatar\/48e3fc7f8421ba8942be6b74a2b7f014ca39bc00dece156b7a8e098ae7dc87bf?s=96&d=mm&r=g\",\"contentUrl\":\"https:\/\/secure.gravatar.com\/avatar\/48e3fc7f8421ba8942be6b74a2b7f014ca39bc00dece156b7a8e098ae7dc87bf?s=96&d=mm&r=g\",\"caption\":\"C.K.\"},\"url\":\"https:\/\/vosgesinfo.fr\/epinalinfo\/author\/celia-k-n\/\"}]}<\/script>\n<!-- \/ Yoast SEO plugin. -->","yoast_head_json":{"title":"Prix du tabac : Les nouveaux tarifs des cigarettes au 1er septembre 2025 - Epinal Info","robots":{"index":"index","follow":"follow","max-snippet":"max-snippet:-1","max-image-preview":"max-image-preview:large","max-video-preview":"max-video-preview:-1"},"canonical":"https:\/\/vosgesinfo.fr\/epinalinfo\/2025\/08\/prix-du-tabac-les-nouveaux-tarifs-des-cigarettes-au-1er-septembre-2025\/","twitter_card":"summary_large_image","twitter_title":"Prix du tabac : Les nouveaux tarifs des cigarettes au 1er septembre 2025 - Epinal Info","twitter_description":"Les douanes fran\u00e7aises ont publi\u00e9 la liste officielle des tarifs du tabac applicables d\u00e8s le 1er septembre 2025. Une annonce [&hellip;]","twitter_image":"https:\/\/vosgesinfo.fr\/app\/uploads\/sites\/3\/2023\/12\/cigarettes-383327-1920.jpg","twitter_creator":"@VosgesInfo88","twitter_site":"@VosgesInfo88","twitter_misc":{"\u00c9crit par":"C.K.","Dur\u00e9e de lecture estim\u00e9e":"2 minutes"},"schema":{"@context":"https:\/\/schema.org","@graph":[{"@type":"Article","@id":"https:\/\/vosgesinfo.fr\/epinalinfo\/2025\/08\/prix-du-tabac-les-nouveaux-tarifs-des-cigarettes-au-1er-septembre-2025\/#article","isPartOf":{"@id":"https:\/\/vosgesinfo.fr\/epinalinfo\/2025\/08\/prix-du-tabac-les-nouveaux-tarifs-des-cigarettes-au-1er-septembre-2025\/"},"author":{"name":"C.K.","@id":"https:\/\/vosgesinfo.fr\/epinalinfo\/#\/schema\/person\/6f9a650eeea99d969b6c4ab78fccbe81"},"headline":"Prix du tabac : Les nouveaux tarifs des cigarettes au 1er septembre 2025","datePublished":"2025-08-18T11:50:07+00:00","dateModified":"2025-08-18T11:46:23+00:00","mainEntityOfPage":{"@id":"https:\/\/vosgesinfo.fr\/epinalinfo\/2025\/08\/prix-du-tabac-les-nouveaux-tarifs-des-cigarettes-au-1er-septembre-2025\/"},"wordCount":360,"commentCount":5,"publisher":{"@id":"https:\/\/vosgesinfo.fr\/epinalinfo\/#organization"},"image":{"@id":"https:\/\/vosgesinfo.fr\/epinalinfo\/2025\/08\/prix-du-tabac-les-nouveaux-tarifs-des-cigarettes-au-1er-septembre-2025\/#primaryimage"},"thumbnailUrl":"https:\/\/vosgesinfo.fr\/app\/uploads\/sites\/3\/2023\/12\/cigarettes-383327-1920.jpg","articleSection":["A la Une","Vosges"],"inLanguage":"fr-FR","potentialAction":[{"@type":"CommentAction","name":"Comment","target":["https:\/\/vosgesinfo.fr\/epinalinfo\/2025\/08\/prix-du-tabac-les-nouveaux-tarifs-des-cigarettes-au-1er-septembre-2025\/#respond"]}]},{"@type":"WebPage","@id":"https:\/\/vosgesinfo.fr\/epinalinfo\/2025\/08\/prix-du-tabac-les-nouveaux-tarifs-des-cigarettes-au-1er-septembre-2025\/","url":"https:\/\/vosgesinfo.fr\/epinalinfo\/2025\/08\/prix-du-tabac-les-nouveaux-tarifs-des-cigarettes-au-1er-septembre-2025\/","name":"Prix du tabac : Les nouveaux tarifs des cigarettes au 1er septembre 2025 - Epinal Info","isPartOf":{"@id":"https:\/\/vosgesinfo.fr\/epinalinfo\/#website"},"primaryImageOfPage":{"@id":"https:\/\/vosgesinfo.fr\/epinalinfo\/2025\/08\/prix-du-tabac-les-nouveaux-tarifs-des-cigarettes-au-1er-septembre-2025\/#primaryimage"},"image":{"@id":"https:\/\/vosgesinfo.fr\/epinalinfo\/2025\/08\/prix-du-tabac-les-nouveaux-tarifs-des-cigarettes-au-1er-septembre-2025\/#primaryimage"},"thumbnailUrl":"https:\/\/vosgesinfo.fr\/app\/uploads\/sites\/3\/2023\/12\/cigarettes-383327-1920.jpg","datePublished":"2025-08-18T11:50:07+00:00","dateModified":"2025-08-18T11:46:23+00:00","breadcrumb":{"@id":"https:\/\/vosgesinfo.fr\/epinalinfo\/2025\/08\/prix-du-tabac-les-nouveaux-tarifs-des-cigarettes-au-1er-septembre-2025\/#breadcrumb"},"inLanguage":"fr-FR","potentialAction":[{"@type":"ReadAction","target":["https:\/\/vosgesinfo.fr\/epinalinfo\/2025\/08\/prix-du-tabac-les-nouveaux-tarifs-des-cigarettes-au-1er-septembre-2025\/"]}]},{"@type":"ImageObject","inLanguage":"fr-FR","@id":"https:\/\/vosgesinfo.fr\/epinalinfo\/2025\/08\/prix-du-tabac-les-nouveaux-tarifs-des-cigarettes-au-1er-septembre-2025\/#primaryimage","url":"https:\/\/vosgesinfo.fr\/app\/uploads\/sites\/3\/2023\/12\/cigarettes-383327-1920.jpg","contentUrl":"https:\/\/vosgesinfo.fr\/app\/uploads\/sites\/3\/2023\/12\/cigarettes-383327-1920.jpg","width":800,"height":592},{"@type":"BreadcrumbList","@id":"https:\/\/vosgesinfo.fr\/epinalinfo\/2025\/08\/prix-du-tabac-les-nouveaux-tarifs-des-cigarettes-au-1er-septembre-2025\/#breadcrumb","itemListElement":[{"@type":"ListItem","position":1,"name":"Home","item":"https:\/\/vosgesinfo.fr\/epinalinfo\/"},{"@type":"ListItem","position":2,"name":"Prix du tabac : Les nouveaux tarifs des cigarettes au 1er septembre 2025"}]},{"@type":"WebSite","@id":"https:\/\/vosgesinfo.fr\/epinalinfo\/#website","url":"https:\/\/vosgesinfo.fr\/epinalinfo\/","name":"Epinal Info","description":"Toute l&#039;actualit\u00e9 d&#039;\u00c9pinal","publisher":{"@id":"https:\/\/vosgesinfo.fr\/epinalinfo\/#organization"},"alternateName":"Toute l'actualit\u00e9 d'\u00c9pinal","potentialAction":[{"@type":"SearchAction","target":{"@type":"EntryPoint","urlTemplate":"https:\/\/vosgesinfo.fr\/epinalinfo\/?s={search_term_string}"},"query-input":"required name=search_term_string"}],"inLanguage":"fr-FR"},{"@type":"Organization","@id":"https:\/\/vosgesinfo.fr\/epinalinfo\/#organization","name":"Epinal Info","url":"https:\/\/vosgesinfo.fr\/epinalinfo\/","logo":{"@type":"ImageObject","inLanguage":"fr-FR","@id":"https:\/\/vosgesinfo.fr\/epinalinfo\/#\/schema\/logo\/image\/","url":"https:\/\/vosgesinfo.fr\/app\/uploads\/sites\/3\/2023\/08\/logo-epinalinfos.svg","contentUrl":"https:\/\/vosgesinfo.fr\/app\/uploads\/sites\/3\/2023\/08\/logo-epinalinfos.svg","width":1,"height":1,"caption":"Epinal Info"},"image":{"@id":"https:\/\/vosgesinfo.fr\/epinalinfo\/#\/schema\/logo\/image\/"},"sameAs":["https:\/\/www.facebook.com\/Epinalinfos","https:\/\/x.com\/VosgesInfo88","https:\/\/www.youtube.com\/@vosgesinfo"]},{"@type":"Person","@id":"https:\/\/vosgesinfo.fr\/epinalinfo\/#\/schema\/person\/6f9a650eeea99d969b6c4ab78fccbe81","name":"C.K.","image":{"@type":"ImageObject","inLanguage":"fr-FR","@id":"https:\/\/vosgesinfo.fr\/epinalinfo\/#\/schema\/person\/image\/","url":"https:\/\/secure.gravatar.com\/avatar\/48e3fc7f8421ba8942be6b74a2b7f014ca39bc00dece156b7a8e098ae7dc87bf?s=96&d=mm&r=g","contentUrl":"https:\/\/secure.gravatar.com\/avatar\/48e3fc7f8421ba8942be6b74a2b7f014ca39bc00dece156b7a8e098ae7dc87bf?s=96&d=mm&r=g","caption":"C.K."},"url":"https:\/\/vosgesinfo.fr\/epinalinfo\/author\/celia-k-n\/"}]}},"_links":{"self":[{"href":"https:\/\/vosgesinfo.fr\/epinalinfo\/wp-json\/wp\/v2\/posts\/134405","targetHints":{"allow":["GET"]}}],"collection":[{"href":"https:\/\/vosgesinfo.fr\/epinalinfo\/wp-json\/wp\/v2\/posts"}],"about":[{"href":"https:\/\/vosgesinfo.fr\/epinalinfo\/wp-json\/wp\/v2\/types\/post"}],"author":[{"embeddable":true,"href":"https:\/\/vosgesinfo.fr\/epinalinfo\/wp-json\/wp\/v2\/users\/52"}],"replies":[{"embeddable":true,"href":"https:\/\/vosgesinfo.fr\/epinalinfo\/wp-json\/wp\/v2\/comments?post=134405"}],"version-history":[{"count":1,"href":"https:\/\/vosgesinfo.fr\/epinalinfo\/wp-json\/wp\/v2\/posts\/134405\/revisions"}],"predecessor-version":[{"id":134406,"href":"https:\/\/vosgesinfo.fr\/epinalinfo\/wp-json\/wp\/v2\/posts\/134405\/revisions\/134406"}],"wp:featuredmedia":[{"embeddable":true,"href":"https:\/\/vosgesinfo.fr\/epinalinfo\/wp-json\/wp\/v2\/media\/3672"}],"wp:attachment":[{"href":"https:\/\/vosgesinfo.fr\/epinalinfo\/wp-json\/wp\/v2\/media?parent=134405"}],"wp:term":[{"taxonomy":"category","embeddable":true,"href":"https:\/\/vosgesinfo.fr\/epinalinfo\/wp-json\/wp\/v2\/categories?post=134405"},{"taxonomy":"post_tag","embeddable":true,"href":"https:\/\/vosgesinfo.fr\/epinalinfo\/wp-json\/wp\/v2\/tags?post=134405"}],"curies":[{"name":"wp","href":"https:\/\/api.w.org\/{rel}","templated":true}]}}