{"id":134415,"date":"2025-08-19T17:15:09","date_gmt":"2025-08-19T15:15:09","guid":{"rendered":"https:\/\/vosgesinfo.fr\/epinalinfo\/?p=134415"},"modified":"2025-08-19T17:11:26","modified_gmt":"2025-08-19T15:11:26","slug":"vacances-sans-avion-la-ferme-aventure-sous-les-projecteurs-de-tf1","status":"publish","type":"post","link":"https:\/\/vosgesinfo.fr\/epinalinfo\/2025\/08\/vacances-sans-avion-la-ferme-aventure-sous-les-projecteurs-de-tf1\/","title":{"rendered":"Vacances sans avion : La Ferme Aventure sous les projecteurs de TF1"},"content":{"rendered":"<div id=\"attachment_134416\" style=\"width: 980px\" class=\"wp-caption aligncenter\"><a href=\"https:\/\/vosgesinfo.fr\/app\/uploads\/sites\/3\/2025\/08\/la-ferme-aventure-tf1-2.jpg\"><img decoding=\"async\" aria-describedby=\"caption-attachment-134416\" class=\"size-full wp-image-134416\" src=\"https:\/\/vosgesinfo.fr\/app\/uploads\/sites\/3\/2025\/08\/la-ferme-aventure-tf1-2.jpg\" alt=\"\" width=\"970\" height=\"544\" srcset=\"https:\/\/vosgesinfo.fr\/app\/uploads\/sites\/3\/2025\/08\/la-ferme-aventure-tf1-2.jpg 970w, https:\/\/vosgesinfo.fr\/app\/uploads\/sites\/3\/2025\/08\/la-ferme-aventure-tf1-2-300x168.jpg 300w, https:\/\/vosgesinfo.fr\/app\/uploads\/sites\/3\/2025\/08\/la-ferme-aventure-tf1-2-768x431.jpg 768w\" sizes=\"(max-width: 970px) 100vw, 970px\" \/><\/a><p id=\"caption-attachment-134416\" class=\"wp-caption-text\">capture d&rsquo;\u00e9cran TF1<\/p><\/div>\n<h2 data-start=\"182\" data-end=\"517\"><strong>Pas besoin de parcourir des milliers de kilom\u00e8tres pour s\u2019\u00e9vader. Cette ann\u00e9e, le tourisme de proximit\u00e9 s\u00e9duit massivement les Fran\u00e7ais, et m\u00eame les cam\u00e9ras de TF1 s\u2019y int\u00e9ressent. Le JT a r\u00e9cemment fait escale \u00e0 La Ferme Aventure, \u00e0 La Chapelle-aux-Bois, un parc insolite qui incarne \u00e0 merveille cette nouvelle fa\u00e7on de voyager.<\/strong><\/h2>\n<h3 data-start=\"519\" data-end=\"553\">L\u2019aventure au coin de la rue<\/h3>\n<p data-start=\"554\" data-end=\"879\">\u00ab Nous accueillons de plus en plus de familles qui d\u00e9couvrent qu\u2019\u00e0 quelques kilom\u00e8tres de chez elles, elles peuvent vivre un vrai d\u00e9paysement \u00bb, confie Denis Duch\u00eane, fondateur du parc. Lodges perch\u00e9s, labyrinthes, parcours sensoriels\u2026 Ici, l\u2019exotisme ne se mesure pas en kilom\u00e8tres parcourus, mais en exp\u00e9riences in\u00e9dites.<\/p>\n<h3 data-start=\"881\" data-end=\"912\">Le boom du tourisme local<\/h3>\n<p data-start=\"913\" data-end=\"1294\">Le reportage rappelle une tendance de fond : <strong data-start=\"958\" data-end=\"1024\">70 % des Fran\u00e7ais passent leurs vacances d\u2019\u00e9t\u00e9 dans l\u2019Hexagone<\/strong>, et une partie d\u2019entre eux choisit carr\u00e9ment de rester \u00e0 proximit\u00e9 de leur domicile. Entre essence, p\u00e9ages et billets d\u2019avion, la facture grimpe vite. R\u00e9sultat : les escapades locales apparaissent comme une alternative \u00e0 la fois \u00e9conomique, \u00e9cologique et confortable.<\/p>\n<h3 data-start=\"1296\" data-end=\"1338\">Un souffle pour l\u2019\u00e9conomie r\u00e9gionale<\/h3>\n<p data-start=\"1339\" data-end=\"1722\">Dans le Grand Est, le tourisme repr\u00e9sente plus de <strong data-start=\"1389\" data-end=\"1407\">90 000 emplois<\/strong>. Autrement dit, quand une famille choisit de passer la journ\u00e9e \u00e0 La Ferme Aventure plut\u00f4t que de filer au bout du monde, elle participe aussi \u00e0 la vitalit\u00e9 \u00e9conomique du territoire.<\/p>\n<h3 data-start=\"1724\" data-end=\"1759\">Voyager loin sans partir loin<\/h3>\n<p data-start=\"1760\" data-end=\"1962\">Le reportage de TF1 met en lumi\u00e8re une \u00e9vidence : parfois, il suffit de pousser la porte pour se sentir en vacances. Et si le vrai luxe de demain, c\u2019\u00e9tait de voyager l\u00e9ger\u2026 et \u00e0 deux pas de chez soi ?<\/p>\n<p data-start=\"1760\" data-end=\"1962\">Retrouvez le reportage ici : <a href=\"https:\/\/www.tf1info.fr\/conso\/videos\/video-vacances-pas-besoin-d-aller-loin-pour-etre-heureux-95320-2388211.html?fbclid=IwY2xjawMRc1tleHRuA2FlbQIxMQABHlsHWmo8_sRX_Ym05NygthKrSwlCmbA_rEVtsQNp-8nPE4VD4cHNnoDeSFWP_aem_zrS4xwk5yu0JAKbjFNtSWA\">https:\/\/www.tf1info.fr\/conso\/videos\/video-vacances-pas-besoin-d-aller-loin-pour-etre-heureux-95320-2388211.html?fbclid=IwY2xjawMRc1tleHRuA2FlbQIxMQABHlsHWmo8_sRX_Ym05NygthKrSwlCmbA_rEVtsQNp-8nPE4VD4cHNnoDeSFWP_aem_zrS4xwk5yu0JAKbjFNtSWA<\/a><\/p>\n<p data-start=\"1760\" data-end=\"1962\"><a href=\"https:\/\/vosgesinfo.fr\/app\/uploads\/sites\/3\/2025\/08\/la-ferme-aventure-tf1.jpg\"><img decoding=\"async\" class=\"aligncenter size-full wp-image-134417\" src=\"https:\/\/vosgesinfo.fr\/app\/uploads\/sites\/3\/2025\/08\/la-ferme-aventure-tf1.jpg\" alt=\"\" width=\"969\" height=\"542\" srcset=\"https:\/\/vosgesinfo.fr\/app\/uploads\/sites\/3\/2025\/08\/la-ferme-aventure-tf1.jpg 969w, https:\/\/vosgesinfo.fr\/app\/uploads\/sites\/3\/2025\/08\/la-ferme-aventure-tf1-300x168.jpg 300w, https:\/\/vosgesinfo.fr\/app\/uploads\/sites\/3\/2025\/08\/la-ferme-aventure-tf1-768x430.jpg 768w\" sizes=\"(max-width: 969px) 100vw, 969px\" \/><\/a><\/p>\n","protected":false},"excerpt":{"rendered":"<p>Pas besoin de parcourir des milliers de kilom\u00e8tres pour s\u2019\u00e9vader. Cette ann\u00e9e, le tourisme de proximit\u00e9 s\u00e9duit massivement les Fran\u00e7ais, [&hellip;]<\/p>\n","protected":false},"author":52,"featured_media":134416,"comment_status":"open","ping_status":"open","sticky":false,"template":"","format":"standard","meta":{"footnotes":""},"categories":[22,24,5],"tags":[],"class_list":["post-134415","post","type-post","status-publish","format-standard","has-post-thumbnail","hentry","category-a-la-une","category-epinal","category-vosges"],"acf":[],"yoast_head":"<!-- This site is optimized with the Yoast SEO plugin v22.5 - https:\/\/yoast.com\/wordpress\/plugins\/seo\/ -->\n<title>Vacances sans avion : La Ferme Aventure sous les projecteurs de TF1 - Epinal Info<\/title>\n<meta name=\"robots\" content=\"index, follow, max-snippet:-1, max-image-preview:large, max-video-preview:-1\" \/>\n<link rel=\"canonical\" href=\"https:\/\/vosgesinfo.fr\/epinalinfo\/2025\/08\/vacances-sans-avion-la-ferme-aventure-sous-les-projecteurs-de-tf1\/\" \/>\n<meta name=\"twitter:card\" content=\"summary_large_image\" \/>\n<meta name=\"twitter:title\" content=\"Vacances sans avion : La Ferme Aventure sous les projecteurs de TF1 - Epinal Info\" \/>\n<meta name=\"twitter:description\" content=\"Pas besoin de parcourir des milliers de kilom\u00e8tres pour s\u2019\u00e9vader. Cette ann\u00e9e, le tourisme de proximit\u00e9 s\u00e9duit massivement les Fran\u00e7ais, [&hellip;]\" \/>\n<meta name=\"twitter:image\" content=\"https:\/\/vosgesinfo.fr\/app\/uploads\/sites\/3\/2025\/08\/la-ferme-aventure-tf1-2.jpg\" \/>\n<meta name=\"twitter:creator\" content=\"@VosgesInfo88\" \/>\n<meta name=\"twitter:site\" content=\"@VosgesInfo88\" \/>\n<meta name=\"twitter:label1\" content=\"\u00c9crit par\" \/>\n\t<meta name=\"twitter:data1\" content=\"C.K.\" \/>\n\t<meta name=\"twitter:label2\" content=\"Dur\u00e9e de lecture estim\u00e9e\" \/>\n\t<meta name=\"twitter:data2\" content=\"2 minutes\" \/>\n<script type=\"application\/ld+json\" class=\"yoast-schema-graph\">{\"@context\":\"https:\/\/schema.org\",\"@graph\":[{\"@type\":\"Article\",\"@id\":\"https:\/\/vosgesinfo.fr\/epinalinfo\/2025\/08\/vacances-sans-avion-la-ferme-aventure-sous-les-projecteurs-de-tf1\/#article\",\"isPartOf\":{\"@id\":\"https:\/\/vosgesinfo.fr\/epinalinfo\/2025\/08\/vacances-sans-avion-la-ferme-aventure-sous-les-projecteurs-de-tf1\/\"},\"author\":{\"name\":\"C.K.\",\"@id\":\"https:\/\/vosgesinfo.fr\/epinalinfo\/#\/schema\/person\/6f9a650eeea99d969b6c4ab78fccbe81\"},\"headline\":\"Vacances sans avion : La Ferme Aventure sous les projecteurs de TF1\",\"datePublished\":\"2025-08-19T15:15:09+00:00\",\"dateModified\":\"2025-08-19T15:11:26+00:00\",\"mainEntityOfPage\":{\"@id\":\"https:\/\/vosgesinfo.fr\/epinalinfo\/2025\/08\/vacances-sans-avion-la-ferme-aventure-sous-les-projecteurs-de-tf1\/\"},\"wordCount\":336,\"commentCount\":1,\"publisher\":{\"@id\":\"https:\/\/vosgesinfo.fr\/epinalinfo\/#organization\"},\"image\":{\"@id\":\"https:\/\/vosgesinfo.fr\/epinalinfo\/2025\/08\/vacances-sans-avion-la-ferme-aventure-sous-les-projecteurs-de-tf1\/#primaryimage\"},\"thumbnailUrl\":\"https:\/\/vosgesinfo.fr\/app\/uploads\/sites\/3\/2025\/08\/la-ferme-aventure-tf1-2.jpg\",\"articleSection\":[\"A la Une\",\"Epinal\",\"Vosges\"],\"inLanguage\":\"fr-FR\",\"potentialAction\":[{\"@type\":\"CommentAction\",\"name\":\"Comment\",\"target\":[\"https:\/\/vosgesinfo.fr\/epinalinfo\/2025\/08\/vacances-sans-avion-la-ferme-aventure-sous-les-projecteurs-de-tf1\/#respond\"]}]},{\"@type\":\"WebPage\",\"@id\":\"https:\/\/vosgesinfo.fr\/epinalinfo\/2025\/08\/vacances-sans-avion-la-ferme-aventure-sous-les-projecteurs-de-tf1\/\",\"url\":\"https:\/\/vosgesinfo.fr\/epinalinfo\/2025\/08\/vacances-sans-avion-la-ferme-aventure-sous-les-projecteurs-de-tf1\/\",\"name\":\"Vacances sans avion : La Ferme Aventure sous les projecteurs de TF1 - Epinal Info\",\"isPartOf\":{\"@id\":\"https:\/\/vosgesinfo.fr\/epinalinfo\/#website\"},\"primaryImageOfPage\":{\"@id\":\"https:\/\/vosgesinfo.fr\/epinalinfo\/2025\/08\/vacances-sans-avion-la-ferme-aventure-sous-les-projecteurs-de-tf1\/#primaryimage\"},\"image\":{\"@id\":\"https:\/\/vosgesinfo.fr\/epinalinfo\/2025\/08\/vacances-sans-avion-la-ferme-aventure-sous-les-projecteurs-de-tf1\/#primaryimage\"},\"thumbnailUrl\":\"https:\/\/vosgesinfo.fr\/app\/uploads\/sites\/3\/2025\/08\/la-ferme-aventure-tf1-2.jpg\",\"datePublished\":\"2025-08-19T15:15:09+00:00\",\"dateModified\":\"2025-08-19T15:11:26+00:00\",\"breadcrumb\":{\"@id\":\"https:\/\/vosgesinfo.fr\/epinalinfo\/2025\/08\/vacances-sans-avion-la-ferme-aventure-sous-les-projecteurs-de-tf1\/#breadcrumb\"},\"inLanguage\":\"fr-FR\",\"potentialAction\":[{\"@type\":\"ReadAction\",\"target\":[\"https:\/\/vosgesinfo.fr\/epinalinfo\/2025\/08\/vacances-sans-avion-la-ferme-aventure-sous-les-projecteurs-de-tf1\/\"]}]},{\"@type\":\"ImageObject\",\"inLanguage\":\"fr-FR\",\"@id\":\"https:\/\/vosgesinfo.fr\/epinalinfo\/2025\/08\/vacances-sans-avion-la-ferme-aventure-sous-les-projecteurs-de-tf1\/#primaryimage\",\"url\":\"https:\/\/vosgesinfo.fr\/app\/uploads\/sites\/3\/2025\/08\/la-ferme-aventure-tf1-2.jpg\",\"contentUrl\":\"https:\/\/vosgesinfo.fr\/app\/uploads\/sites\/3\/2025\/08\/la-ferme-aventure-tf1-2.jpg\",\"width\":970,\"height\":544,\"caption\":\"capture d'\u00e9cran TF1\"},{\"@type\":\"BreadcrumbList\",\"@id\":\"https:\/\/vosgesinfo.fr\/epinalinfo\/2025\/08\/vacances-sans-avion-la-ferme-aventure-sous-les-projecteurs-de-tf1\/#breadcrumb\",\"itemListElement\":[{\"@type\":\"ListItem\",\"position\":1,\"name\":\"Home\",\"item\":\"https:\/\/vosgesinfo.fr\/epinalinfo\/\"},{\"@type\":\"ListItem\",\"position\":2,\"name\":\"Vacances sans avion : La Ferme Aventure sous les projecteurs de TF1\"}]},{\"@type\":\"WebSite\",\"@id\":\"https:\/\/vosgesinfo.fr\/epinalinfo\/#website\",\"url\":\"https:\/\/vosgesinfo.fr\/epinalinfo\/\",\"name\":\"Epinal Info\",\"description\":\"Toute l&#039;actualit\u00e9 d&#039;\u00c9pinal\",\"publisher\":{\"@id\":\"https:\/\/vosgesinfo.fr\/epinalinfo\/#organization\"},\"alternateName\":\"Toute l'actualit\u00e9 d'\u00c9pinal\",\"potentialAction\":[{\"@type\":\"SearchAction\",\"target\":{\"@type\":\"EntryPoint\",\"urlTemplate\":\"https:\/\/vosgesinfo.fr\/epinalinfo\/?s={search_term_string}\"},\"query-input\":\"required name=search_term_string\"}],\"inLanguage\":\"fr-FR\"},{\"@type\":\"Organization\",\"@id\":\"https:\/\/vosgesinfo.fr\/epinalinfo\/#organization\",\"name\":\"Epinal Info\",\"url\":\"https:\/\/vosgesinfo.fr\/epinalinfo\/\",\"logo\":{\"@type\":\"ImageObject\",\"inLanguage\":\"fr-FR\",\"@id\":\"https:\/\/vosgesinfo.fr\/epinalinfo\/#\/schema\/logo\/image\/\",\"url\":\"https:\/\/vosgesinfo.fr\/app\/uploads\/sites\/3\/2023\/08\/logo-epinalinfos.svg\",\"contentUrl\":\"https:\/\/vosgesinfo.fr\/app\/uploads\/sites\/3\/2023\/08\/logo-epinalinfos.svg\",\"width\":1,\"height\":1,\"caption\":\"Epinal Info\"},\"image\":{\"@id\":\"https:\/\/vosgesinfo.fr\/epinalinfo\/#\/schema\/logo\/image\/\"},\"sameAs\":[\"https:\/\/www.facebook.com\/Epinalinfos\",\"https:\/\/x.com\/VosgesInfo88\",\"https:\/\/www.youtube.com\/@vosgesinfo\"]},{\"@type\":\"Person\",\"@id\":\"https:\/\/vosgesinfo.fr\/epinalinfo\/#\/schema\/person\/6f9a650eeea99d969b6c4ab78fccbe81\",\"name\":\"C.K.\",\"image\":{\"@type\":\"ImageObject\",\"inLanguage\":\"fr-FR\",\"@id\":\"https:\/\/vosgesinfo.fr\/epinalinfo\/#\/schema\/person\/image\/\",\"url\":\"https:\/\/secure.gravatar.com\/avatar\/48e3fc7f8421ba8942be6b74a2b7f014ca39bc00dece156b7a8e098ae7dc87bf?s=96&d=mm&r=g\",\"contentUrl\":\"https:\/\/secure.gravatar.com\/avatar\/48e3fc7f8421ba8942be6b74a2b7f014ca39bc00dece156b7a8e098ae7dc87bf?s=96&d=mm&r=g\",\"caption\":\"C.K.\"},\"url\":\"https:\/\/vosgesinfo.fr\/epinalinfo\/author\/celia-k-n\/\"}]}<\/script>\n<!-- \/ Yoast SEO plugin. -->","yoast_head_json":{"title":"Vacances sans avion : La Ferme Aventure sous les projecteurs de TF1 - Epinal Info","robots":{"index":"index","follow":"follow","max-snippet":"max-snippet:-1","max-image-preview":"max-image-preview:large","max-video-preview":"max-video-preview:-1"},"canonical":"https:\/\/vosgesinfo.fr\/epinalinfo\/2025\/08\/vacances-sans-avion-la-ferme-aventure-sous-les-projecteurs-de-tf1\/","twitter_card":"summary_large_image","twitter_title":"Vacances sans avion : La Ferme Aventure sous les projecteurs de TF1 - Epinal Info","twitter_description":"Pas besoin de parcourir des milliers de kilom\u00e8tres pour s\u2019\u00e9vader. Cette ann\u00e9e, le tourisme de proximit\u00e9 s\u00e9duit massivement les Fran\u00e7ais, [&hellip;]","twitter_image":"https:\/\/vosgesinfo.fr\/app\/uploads\/sites\/3\/2025\/08\/la-ferme-aventure-tf1-2.jpg","twitter_creator":"@VosgesInfo88","twitter_site":"@VosgesInfo88","twitter_misc":{"\u00c9crit par":"C.K.","Dur\u00e9e de lecture estim\u00e9e":"2 minutes"},"schema":{"@context":"https:\/\/schema.org","@graph":[{"@type":"Article","@id":"https:\/\/vosgesinfo.fr\/epinalinfo\/2025\/08\/vacances-sans-avion-la-ferme-aventure-sous-les-projecteurs-de-tf1\/#article","isPartOf":{"@id":"https:\/\/vosgesinfo.fr\/epinalinfo\/2025\/08\/vacances-sans-avion-la-ferme-aventure-sous-les-projecteurs-de-tf1\/"},"author":{"name":"C.K.","@id":"https:\/\/vosgesinfo.fr\/epinalinfo\/#\/schema\/person\/6f9a650eeea99d969b6c4ab78fccbe81"},"headline":"Vacances sans avion : La Ferme Aventure sous les projecteurs de TF1","datePublished":"2025-08-19T15:15:09+00:00","dateModified":"2025-08-19T15:11:26+00:00","mainEntityOfPage":{"@id":"https:\/\/vosgesinfo.fr\/epinalinfo\/2025\/08\/vacances-sans-avion-la-ferme-aventure-sous-les-projecteurs-de-tf1\/"},"wordCount":336,"commentCount":1,"publisher":{"@id":"https:\/\/vosgesinfo.fr\/epinalinfo\/#organization"},"image":{"@id":"https:\/\/vosgesinfo.fr\/epinalinfo\/2025\/08\/vacances-sans-avion-la-ferme-aventure-sous-les-projecteurs-de-tf1\/#primaryimage"},"thumbnailUrl":"https:\/\/vosgesinfo.fr\/app\/uploads\/sites\/3\/2025\/08\/la-ferme-aventure-tf1-2.jpg","articleSection":["A la Une","Epinal","Vosges"],"inLanguage":"fr-FR","potentialAction":[{"@type":"CommentAction","name":"Comment","target":["https:\/\/vosgesinfo.fr\/epinalinfo\/2025\/08\/vacances-sans-avion-la-ferme-aventure-sous-les-projecteurs-de-tf1\/#respond"]}]},{"@type":"WebPage","@id":"https:\/\/vosgesinfo.fr\/epinalinfo\/2025\/08\/vacances-sans-avion-la-ferme-aventure-sous-les-projecteurs-de-tf1\/","url":"https:\/\/vosgesinfo.fr\/epinalinfo\/2025\/08\/vacances-sans-avion-la-ferme-aventure-sous-les-projecteurs-de-tf1\/","name":"Vacances sans avion : La Ferme Aventure sous les projecteurs de TF1 - Epinal Info","isPartOf":{"@id":"https:\/\/vosgesinfo.fr\/epinalinfo\/#website"},"primaryImageOfPage":{"@id":"https:\/\/vosgesinfo.fr\/epinalinfo\/2025\/08\/vacances-sans-avion-la-ferme-aventure-sous-les-projecteurs-de-tf1\/#primaryimage"},"image":{"@id":"https:\/\/vosgesinfo.fr\/epinalinfo\/2025\/08\/vacances-sans-avion-la-ferme-aventure-sous-les-projecteurs-de-tf1\/#primaryimage"},"thumbnailUrl":"https:\/\/vosgesinfo.fr\/app\/uploads\/sites\/3\/2025\/08\/la-ferme-aventure-tf1-2.jpg","datePublished":"2025-08-19T15:15:09+00:00","dateModified":"2025-08-19T15:11:26+00:00","breadcrumb":{"@id":"https:\/\/vosgesinfo.fr\/epinalinfo\/2025\/08\/vacances-sans-avion-la-ferme-aventure-sous-les-projecteurs-de-tf1\/#breadcrumb"},"inLanguage":"fr-FR","potentialAction":[{"@type":"ReadAction","target":["https:\/\/vosgesinfo.fr\/epinalinfo\/2025\/08\/vacances-sans-avion-la-ferme-aventure-sous-les-projecteurs-de-tf1\/"]}]},{"@type":"ImageObject","inLanguage":"fr-FR","@id":"https:\/\/vosgesinfo.fr\/epinalinfo\/2025\/08\/vacances-sans-avion-la-ferme-aventure-sous-les-projecteurs-de-tf1\/#primaryimage","url":"https:\/\/vosgesinfo.fr\/app\/uploads\/sites\/3\/2025\/08\/la-ferme-aventure-tf1-2.jpg","contentUrl":"https:\/\/vosgesinfo.fr\/app\/uploads\/sites\/3\/2025\/08\/la-ferme-aventure-tf1-2.jpg","width":970,"height":544,"caption":"capture d'\u00e9cran TF1"},{"@type":"BreadcrumbList","@id":"https:\/\/vosgesinfo.fr\/epinalinfo\/2025\/08\/vacances-sans-avion-la-ferme-aventure-sous-les-projecteurs-de-tf1\/#breadcrumb","itemListElement":[{"@type":"ListItem","position":1,"name":"Home","item":"https:\/\/vosgesinfo.fr\/epinalinfo\/"},{"@type":"ListItem","position":2,"name":"Vacances sans avion : La Ferme Aventure sous les projecteurs de TF1"}]},{"@type":"WebSite","@id":"https:\/\/vosgesinfo.fr\/epinalinfo\/#website","url":"https:\/\/vosgesinfo.fr\/epinalinfo\/","name":"Epinal Info","description":"Toute l&#039;actualit\u00e9 d&#039;\u00c9pinal","publisher":{"@id":"https:\/\/vosgesinfo.fr\/epinalinfo\/#organization"},"alternateName":"Toute l'actualit\u00e9 d'\u00c9pinal","potentialAction":[{"@type":"SearchAction","target":{"@type":"EntryPoint","urlTemplate":"https:\/\/vosgesinfo.fr\/epinalinfo\/?s={search_term_string}"},"query-input":"required name=search_term_string"}],"inLanguage":"fr-FR"},{"@type":"Organization","@id":"https:\/\/vosgesinfo.fr\/epinalinfo\/#organization","name":"Epinal Info","url":"https:\/\/vosgesinfo.fr\/epinalinfo\/","logo":{"@type":"ImageObject","inLanguage":"fr-FR","@id":"https:\/\/vosgesinfo.fr\/epinalinfo\/#\/schema\/logo\/image\/","url":"https:\/\/vosgesinfo.fr\/app\/uploads\/sites\/3\/2023\/08\/logo-epinalinfos.svg","contentUrl":"https:\/\/vosgesinfo.fr\/app\/uploads\/sites\/3\/2023\/08\/logo-epinalinfos.svg","width":1,"height":1,"caption":"Epinal Info"},"image":{"@id":"https:\/\/vosgesinfo.fr\/epinalinfo\/#\/schema\/logo\/image\/"},"sameAs":["https:\/\/www.facebook.com\/Epinalinfos","https:\/\/x.com\/VosgesInfo88","https:\/\/www.youtube.com\/@vosgesinfo"]},{"@type":"Person","@id":"https:\/\/vosgesinfo.fr\/epinalinfo\/#\/schema\/person\/6f9a650eeea99d969b6c4ab78fccbe81","name":"C.K.","image":{"@type":"ImageObject","inLanguage":"fr-FR","@id":"https:\/\/vosgesinfo.fr\/epinalinfo\/#\/schema\/person\/image\/","url":"https:\/\/secure.gravatar.com\/avatar\/48e3fc7f8421ba8942be6b74a2b7f014ca39bc00dece156b7a8e098ae7dc87bf?s=96&d=mm&r=g","contentUrl":"https:\/\/secure.gravatar.com\/avatar\/48e3fc7f8421ba8942be6b74a2b7f014ca39bc00dece156b7a8e098ae7dc87bf?s=96&d=mm&r=g","caption":"C.K."},"url":"https:\/\/vosgesinfo.fr\/epinalinfo\/author\/celia-k-n\/"}]}},"_links":{"self":[{"href":"https:\/\/vosgesinfo.fr\/epinalinfo\/wp-json\/wp\/v2\/posts\/134415","targetHints":{"allow":["GET"]}}],"collection":[{"href":"https:\/\/vosgesinfo.fr\/epinalinfo\/wp-json\/wp\/v2\/posts"}],"about":[{"href":"https:\/\/vosgesinfo.fr\/epinalinfo\/wp-json\/wp\/v2\/types\/post"}],"author":[{"embeddable":true,"href":"https:\/\/vosgesinfo.fr\/epinalinfo\/wp-json\/wp\/v2\/users\/52"}],"replies":[{"embeddable":true,"href":"https:\/\/vosgesinfo.fr\/epinalinfo\/wp-json\/wp\/v2\/comments?post=134415"}],"version-history":[{"count":2,"href":"https:\/\/vosgesinfo.fr\/epinalinfo\/wp-json\/wp\/v2\/posts\/134415\/revisions"}],"predecessor-version":[{"id":134419,"href":"https:\/\/vosgesinfo.fr\/epinalinfo\/wp-json\/wp\/v2\/posts\/134415\/revisions\/134419"}],"wp:featuredmedia":[{"embeddable":true,"href":"https:\/\/vosgesinfo.fr\/epinalinfo\/wp-json\/wp\/v2\/media\/134416"}],"wp:attachment":[{"href":"https:\/\/vosgesinfo.fr\/epinalinfo\/wp-json\/wp\/v2\/media?parent=134415"}],"wp:term":[{"taxonomy":"category","embeddable":true,"href":"https:\/\/vosgesinfo.fr\/epinalinfo\/wp-json\/wp\/v2\/categories?post=134415"},{"taxonomy":"post_tag","embeddable":true,"href":"https:\/\/vosgesinfo.fr\/epinalinfo\/wp-json\/wp\/v2\/tags?post=134415"}],"curies":[{"name":"wp","href":"https:\/\/api.w.org\/{rel}","templated":true}]}}