{"id":134429,"date":"2025-08-20T10:10:13","date_gmt":"2025-08-20T08:10:13","guid":{"rendered":"https:\/\/vosgesinfo.fr\/epinalinfo\/?p=134429"},"modified":"2025-08-20T10:05:25","modified_gmt":"2025-08-20T08:05:25","slug":"epinal-bouge-lete-gustave-auguste-eleveur-de-cuivres","status":"publish","type":"post","link":"https:\/\/vosgesinfo.fr\/epinalinfo\/2025\/08\/epinal-bouge-lete-gustave-auguste-eleveur-de-cuivres\/","title":{"rendered":"Epinal Bouge l&rsquo;\u00e9t\u00e9 : Gustave Auguste, \u00e9leveur de cuivres"},"content":{"rendered":"<div class=\"x14z9mp xat24cr x1lziwak x1vvkbs xtlvy1s x126k92a\">\n<div dir=\"auto\"><a href=\"https:\/\/vosgesinfo.fr\/app\/uploads\/sites\/3\/2025\/08\/533758493-1226073112891761-4336900946087602365-n.jpg\"><img decoding=\"async\" class=\"aligncenter size-full wp-image-134430\" src=\"https:\/\/vosgesinfo.fr\/app\/uploads\/sites\/3\/2025\/08\/533758493-1226073112891761-4336900946087602365-n.jpg\" alt=\"\" width=\"960\" height=\"1200\" srcset=\"https:\/\/vosgesinfo.fr\/app\/uploads\/sites\/3\/2025\/08\/533758493-1226073112891761-4336900946087602365-n.jpg 960w, https:\/\/vosgesinfo.fr\/app\/uploads\/sites\/3\/2025\/08\/533758493-1226073112891761-4336900946087602365-n-240x300.jpg 240w, https:\/\/vosgesinfo.fr\/app\/uploads\/sites\/3\/2025\/08\/533758493-1226073112891761-4336900946087602365-n-819x1024.jpg 819w, https:\/\/vosgesinfo.fr\/app\/uploads\/sites\/3\/2025\/08\/533758493-1226073112891761-4336900946087602365-n-768x960.jpg 768w\" sizes=\"(max-width: 960px) 100vw, 960px\" \/><\/a>Rendez-vous ce mercredi apr\u00e8s-midi pour d\u00e9couvrir le dernier spectacle de l&rsquo;\u00e9t\u00e9 !<\/div>\n<\/div>\n<div class=\"x14z9mp xat24cr x1lziwak x1vvkbs xtlvy1s x126k92a\">\n<div dir=\"auto\">\u00a0Gustave Auguste, \u00e9leveur de cuivres<\/div>\n<div dir=\"auto\">\u00a0Un spectacle musical d&rsquo;Olivier Tuaillon propos\u00e9 par la compagnie Musique \u00e0 tue-t\u00eate.<\/div>\n<div dir=\"auto\">\u00a0Plongez dans un voyage musical dr\u00f4le et captivant o\u00f9 Gustave Auguste fait parler les cuivres, du cornet au tuba, entre jazz, classique, film et blues !<\/div>\n<\/div>\n<div class=\"x14z9mp xat24cr x1lziwak x1vvkbs xtlvy1s x126k92a\">\n<div dir=\"auto\">\u00a0En raison des conditions m\u00e9t\u00e9orologiques, le spectacle aura lieu \u00e0 l\u2019Auditorium de la Louvi\u00e8re<\/div>\n<div dir=\"auto\">\u00a0\u00c0 15h<\/div>\n<\/div>\n<div class=\"x14z9mp xat24cr x1lziwak x1vvkbs xtlvy1s x126k92a\">\n<div dir=\"auto\">\u00a0Spectacle gratuit, organis\u00e9 en partenariat avec <span class=\"html-span xdj266r x14z9mp xat24cr x1lziwak xexx8yu xyri2b x18d9i69 x1c1uobl x1hl2dhg x16tdsg8 x1vvkbs\"><a class=\"x1i10hfl xjbqb8w x1ejq31n x18oe1m7 x1sy0etr xstzfhl x972fbf x10w94by x1qhh985 x14e42zd x9f619 x1ypdohk xt0psk2 x3ct3a4 xdj266r x14z9mp xat24cr x1lziwak xexx8yu xyri2b x18d9i69 x1c1uobl x16tdsg8 x1hl2dhg xggy1nq x1a2a7pz xkrqix3 x1sur9pj x1fey0fg x1s688f\" tabindex=\"0\" role=\"link\" href=\"https:\/\/www.facebook.com\/profile.php?id=100079938756084&amp;__cft__[0]=AZWkcQ2wIQjtCTbv0btojitZ4-fFSuJMOnZp8T1U3X4GQh-ohCtp4QrpX1x_2mWJt9oQlEFGXSteAbxrEzRjuk1aP4vDgJAHMdLI1dAbiHto3pTE6bKdJWw3ql-7xbTwqGkVp3iOjwLH39x3GctS_IMau8JPsXrv45FTph5tkgNX3gc6WYPnMvHaCSwsfLvZTJKE-7jP10O3DnSWq7yctqqK&amp;__tn__=-]K-R\"><span class=\"xt0psk2\"><span class=\"xjp7ctv\">L&rsquo; \u00e9tincelle prod<\/span><\/span><\/a><\/span> !<\/div>\n<\/div>\n","protected":false},"excerpt":{"rendered":"<p>Rendez-vous ce mercredi apr\u00e8s-midi pour d\u00e9couvrir le dernier spectacle de l&rsquo;\u00e9t\u00e9 ! \u00a0Gustave Auguste, \u00e9leveur de cuivres \u00a0Un spectacle musical [&hellip;]<\/p>\n","protected":false},"author":52,"featured_media":134430,"comment_status":"open","ping_status":"open","sticky":false,"template":"","format":"standard","meta":{"footnotes":""},"categories":[22,24],"tags":[],"class_list":["post-134429","post","type-post","status-publish","format-standard","has-post-thumbnail","hentry","category-a-la-une","category-epinal"],"acf":[],"yoast_head":"<!-- This site is optimized with the Yoast SEO plugin v22.5 - https:\/\/yoast.com\/wordpress\/plugins\/seo\/ -->\n<title>Epinal Bouge l&#039;\u00e9t\u00e9 : Gustave Auguste, \u00e9leveur de cuivres - Epinal Info<\/title>\n<meta name=\"robots\" content=\"index, follow, max-snippet:-1, max-image-preview:large, max-video-preview:-1\" \/>\n<link rel=\"canonical\" href=\"https:\/\/vosgesinfo.fr\/epinalinfo\/2025\/08\/epinal-bouge-lete-gustave-auguste-eleveur-de-cuivres\/\" \/>\n<meta name=\"twitter:card\" content=\"summary_large_image\" \/>\n<meta name=\"twitter:title\" content=\"Epinal Bouge l&#039;\u00e9t\u00e9 : Gustave Auguste, \u00e9leveur de cuivres - Epinal Info\" \/>\n<meta name=\"twitter:description\" content=\"Rendez-vous ce mercredi apr\u00e8s-midi pour d\u00e9couvrir le dernier spectacle de l&rsquo;\u00e9t\u00e9 ! \u00a0Gustave Auguste, \u00e9leveur de cuivres \u00a0Un spectacle musical [&hellip;]\" \/>\n<meta name=\"twitter:image\" content=\"https:\/\/vosgesinfo.fr\/app\/uploads\/sites\/3\/2025\/08\/533758493-1226073112891761-4336900946087602365-n.jpg\" \/>\n<meta name=\"twitter:creator\" content=\"@VosgesInfo88\" \/>\n<meta name=\"twitter:site\" content=\"@VosgesInfo88\" \/>\n<meta name=\"twitter:label1\" content=\"\u00c9crit par\" \/>\n\t<meta name=\"twitter:data1\" content=\"C.K.\" \/>\n<script type=\"application\/ld+json\" class=\"yoast-schema-graph\">{\"@context\":\"https:\/\/schema.org\",\"@graph\":[{\"@type\":\"Article\",\"@id\":\"https:\/\/vosgesinfo.fr\/epinalinfo\/2025\/08\/epinal-bouge-lete-gustave-auguste-eleveur-de-cuivres\/#article\",\"isPartOf\":{\"@id\":\"https:\/\/vosgesinfo.fr\/epinalinfo\/2025\/08\/epinal-bouge-lete-gustave-auguste-eleveur-de-cuivres\/\"},\"author\":{\"name\":\"C.K.\",\"@id\":\"https:\/\/vosgesinfo.fr\/epinalinfo\/#\/schema\/person\/6f9a650eeea99d969b6c4ab78fccbe81\"},\"headline\":\"Epinal Bouge l&rsquo;\u00e9t\u00e9 : Gustave Auguste, \u00e9leveur de cuivres\",\"datePublished\":\"2025-08-20T08:10:13+00:00\",\"dateModified\":\"2025-08-20T08:05:25+00:00\",\"mainEntityOfPage\":{\"@id\":\"https:\/\/vosgesinfo.fr\/epinalinfo\/2025\/08\/epinal-bouge-lete-gustave-auguste-eleveur-de-cuivres\/\"},\"wordCount\":94,\"commentCount\":0,\"publisher\":{\"@id\":\"https:\/\/vosgesinfo.fr\/epinalinfo\/#organization\"},\"image\":{\"@id\":\"https:\/\/vosgesinfo.fr\/epinalinfo\/2025\/08\/epinal-bouge-lete-gustave-auguste-eleveur-de-cuivres\/#primaryimage\"},\"thumbnailUrl\":\"https:\/\/vosgesinfo.fr\/app\/uploads\/sites\/3\/2025\/08\/533758493-1226073112891761-4336900946087602365-n.jpg\",\"articleSection\":[\"A la Une\",\"Epinal\"],\"inLanguage\":\"fr-FR\",\"potentialAction\":[{\"@type\":\"CommentAction\",\"name\":\"Comment\",\"target\":[\"https:\/\/vosgesinfo.fr\/epinalinfo\/2025\/08\/epinal-bouge-lete-gustave-auguste-eleveur-de-cuivres\/#respond\"]}]},{\"@type\":\"WebPage\",\"@id\":\"https:\/\/vosgesinfo.fr\/epinalinfo\/2025\/08\/epinal-bouge-lete-gustave-auguste-eleveur-de-cuivres\/\",\"url\":\"https:\/\/vosgesinfo.fr\/epinalinfo\/2025\/08\/epinal-bouge-lete-gustave-auguste-eleveur-de-cuivres\/\",\"name\":\"Epinal Bouge l'\u00e9t\u00e9 : Gustave Auguste, \u00e9leveur de cuivres - Epinal Info\",\"isPartOf\":{\"@id\":\"https:\/\/vosgesinfo.fr\/epinalinfo\/#website\"},\"primaryImageOfPage\":{\"@id\":\"https:\/\/vosgesinfo.fr\/epinalinfo\/2025\/08\/epinal-bouge-lete-gustave-auguste-eleveur-de-cuivres\/#primaryimage\"},\"image\":{\"@id\":\"https:\/\/vosgesinfo.fr\/epinalinfo\/2025\/08\/epinal-bouge-lete-gustave-auguste-eleveur-de-cuivres\/#primaryimage\"},\"thumbnailUrl\":\"https:\/\/vosgesinfo.fr\/app\/uploads\/sites\/3\/2025\/08\/533758493-1226073112891761-4336900946087602365-n.jpg\",\"datePublished\":\"2025-08-20T08:10:13+00:00\",\"dateModified\":\"2025-08-20T08:05:25+00:00\",\"breadcrumb\":{\"@id\":\"https:\/\/vosgesinfo.fr\/epinalinfo\/2025\/08\/epinal-bouge-lete-gustave-auguste-eleveur-de-cuivres\/#breadcrumb\"},\"inLanguage\":\"fr-FR\",\"potentialAction\":[{\"@type\":\"ReadAction\",\"target\":[\"https:\/\/vosgesinfo.fr\/epinalinfo\/2025\/08\/epinal-bouge-lete-gustave-auguste-eleveur-de-cuivres\/\"]}]},{\"@type\":\"ImageObject\",\"inLanguage\":\"fr-FR\",\"@id\":\"https:\/\/vosgesinfo.fr\/epinalinfo\/2025\/08\/epinal-bouge-lete-gustave-auguste-eleveur-de-cuivres\/#primaryimage\",\"url\":\"https:\/\/vosgesinfo.fr\/app\/uploads\/sites\/3\/2025\/08\/533758493-1226073112891761-4336900946087602365-n.jpg\",\"contentUrl\":\"https:\/\/vosgesinfo.fr\/app\/uploads\/sites\/3\/2025\/08\/533758493-1226073112891761-4336900946087602365-n.jpg\",\"width\":960,\"height\":1200},{\"@type\":\"BreadcrumbList\",\"@id\":\"https:\/\/vosgesinfo.fr\/epinalinfo\/2025\/08\/epinal-bouge-lete-gustave-auguste-eleveur-de-cuivres\/#breadcrumb\",\"itemListElement\":[{\"@type\":\"ListItem\",\"position\":1,\"name\":\"Home\",\"item\":\"https:\/\/vosgesinfo.fr\/epinalinfo\/\"},{\"@type\":\"ListItem\",\"position\":2,\"name\":\"Epinal Bouge l&rsquo;\u00e9t\u00e9 : Gustave Auguste, \u00e9leveur de cuivres\"}]},{\"@type\":\"WebSite\",\"@id\":\"https:\/\/vosgesinfo.fr\/epinalinfo\/#website\",\"url\":\"https:\/\/vosgesinfo.fr\/epinalinfo\/\",\"name\":\"Epinal Info\",\"description\":\"Toute l&#039;actualit\u00e9 d&#039;\u00c9pinal\",\"publisher\":{\"@id\":\"https:\/\/vosgesinfo.fr\/epinalinfo\/#organization\"},\"alternateName\":\"Toute l'actualit\u00e9 d'\u00c9pinal\",\"potentialAction\":[{\"@type\":\"SearchAction\",\"target\":{\"@type\":\"EntryPoint\",\"urlTemplate\":\"https:\/\/vosgesinfo.fr\/epinalinfo\/?s={search_term_string}\"},\"query-input\":\"required name=search_term_string\"}],\"inLanguage\":\"fr-FR\"},{\"@type\":\"Organization\",\"@id\":\"https:\/\/vosgesinfo.fr\/epinalinfo\/#organization\",\"name\":\"Epinal Info\",\"url\":\"https:\/\/vosgesinfo.fr\/epinalinfo\/\",\"logo\":{\"@type\":\"ImageObject\",\"inLanguage\":\"fr-FR\",\"@id\":\"https:\/\/vosgesinfo.fr\/epinalinfo\/#\/schema\/logo\/image\/\",\"url\":\"https:\/\/vosgesinfo.fr\/app\/uploads\/sites\/3\/2023\/08\/logo-epinalinfos.svg\",\"contentUrl\":\"https:\/\/vosgesinfo.fr\/app\/uploads\/sites\/3\/2023\/08\/logo-epinalinfos.svg\",\"width\":1,\"height\":1,\"caption\":\"Epinal Info\"},\"image\":{\"@id\":\"https:\/\/vosgesinfo.fr\/epinalinfo\/#\/schema\/logo\/image\/\"},\"sameAs\":[\"https:\/\/www.facebook.com\/Epinalinfos\",\"https:\/\/x.com\/VosgesInfo88\",\"https:\/\/www.youtube.com\/@vosgesinfo\"]},{\"@type\":\"Person\",\"@id\":\"https:\/\/vosgesinfo.fr\/epinalinfo\/#\/schema\/person\/6f9a650eeea99d969b6c4ab78fccbe81\",\"name\":\"C.K.\",\"image\":{\"@type\":\"ImageObject\",\"inLanguage\":\"fr-FR\",\"@id\":\"https:\/\/vosgesinfo.fr\/epinalinfo\/#\/schema\/person\/image\/\",\"url\":\"https:\/\/secure.gravatar.com\/avatar\/48e3fc7f8421ba8942be6b74a2b7f014ca39bc00dece156b7a8e098ae7dc87bf?s=96&d=mm&r=g\",\"contentUrl\":\"https:\/\/secure.gravatar.com\/avatar\/48e3fc7f8421ba8942be6b74a2b7f014ca39bc00dece156b7a8e098ae7dc87bf?s=96&d=mm&r=g\",\"caption\":\"C.K.\"},\"url\":\"https:\/\/vosgesinfo.fr\/epinalinfo\/author\/celia-k-n\/\"}]}<\/script>\n<!-- \/ Yoast SEO plugin. -->","yoast_head_json":{"title":"Epinal Bouge l'\u00e9t\u00e9 : Gustave Auguste, \u00e9leveur de cuivres - Epinal Info","robots":{"index":"index","follow":"follow","max-snippet":"max-snippet:-1","max-image-preview":"max-image-preview:large","max-video-preview":"max-video-preview:-1"},"canonical":"https:\/\/vosgesinfo.fr\/epinalinfo\/2025\/08\/epinal-bouge-lete-gustave-auguste-eleveur-de-cuivres\/","twitter_card":"summary_large_image","twitter_title":"Epinal Bouge l'\u00e9t\u00e9 : Gustave Auguste, \u00e9leveur de cuivres - Epinal Info","twitter_description":"Rendez-vous ce mercredi apr\u00e8s-midi pour d\u00e9couvrir le dernier spectacle de l&rsquo;\u00e9t\u00e9 ! \u00a0Gustave Auguste, \u00e9leveur de cuivres \u00a0Un spectacle musical [&hellip;]","twitter_image":"https:\/\/vosgesinfo.fr\/app\/uploads\/sites\/3\/2025\/08\/533758493-1226073112891761-4336900946087602365-n.jpg","twitter_creator":"@VosgesInfo88","twitter_site":"@VosgesInfo88","twitter_misc":{"\u00c9crit par":"C.K."},"schema":{"@context":"https:\/\/schema.org","@graph":[{"@type":"Article","@id":"https:\/\/vosgesinfo.fr\/epinalinfo\/2025\/08\/epinal-bouge-lete-gustave-auguste-eleveur-de-cuivres\/#article","isPartOf":{"@id":"https:\/\/vosgesinfo.fr\/epinalinfo\/2025\/08\/epinal-bouge-lete-gustave-auguste-eleveur-de-cuivres\/"},"author":{"name":"C.K.","@id":"https:\/\/vosgesinfo.fr\/epinalinfo\/#\/schema\/person\/6f9a650eeea99d969b6c4ab78fccbe81"},"headline":"Epinal Bouge l&rsquo;\u00e9t\u00e9 : Gustave Auguste, \u00e9leveur de cuivres","datePublished":"2025-08-20T08:10:13+00:00","dateModified":"2025-08-20T08:05:25+00:00","mainEntityOfPage":{"@id":"https:\/\/vosgesinfo.fr\/epinalinfo\/2025\/08\/epinal-bouge-lete-gustave-auguste-eleveur-de-cuivres\/"},"wordCount":94,"commentCount":0,"publisher":{"@id":"https:\/\/vosgesinfo.fr\/epinalinfo\/#organization"},"image":{"@id":"https:\/\/vosgesinfo.fr\/epinalinfo\/2025\/08\/epinal-bouge-lete-gustave-auguste-eleveur-de-cuivres\/#primaryimage"},"thumbnailUrl":"https:\/\/vosgesinfo.fr\/app\/uploads\/sites\/3\/2025\/08\/533758493-1226073112891761-4336900946087602365-n.jpg","articleSection":["A la Une","Epinal"],"inLanguage":"fr-FR","potentialAction":[{"@type":"CommentAction","name":"Comment","target":["https:\/\/vosgesinfo.fr\/epinalinfo\/2025\/08\/epinal-bouge-lete-gustave-auguste-eleveur-de-cuivres\/#respond"]}]},{"@type":"WebPage","@id":"https:\/\/vosgesinfo.fr\/epinalinfo\/2025\/08\/epinal-bouge-lete-gustave-auguste-eleveur-de-cuivres\/","url":"https:\/\/vosgesinfo.fr\/epinalinfo\/2025\/08\/epinal-bouge-lete-gustave-auguste-eleveur-de-cuivres\/","name":"Epinal Bouge l'\u00e9t\u00e9 : Gustave Auguste, \u00e9leveur de cuivres - Epinal Info","isPartOf":{"@id":"https:\/\/vosgesinfo.fr\/epinalinfo\/#website"},"primaryImageOfPage":{"@id":"https:\/\/vosgesinfo.fr\/epinalinfo\/2025\/08\/epinal-bouge-lete-gustave-auguste-eleveur-de-cuivres\/#primaryimage"},"image":{"@id":"https:\/\/vosgesinfo.fr\/epinalinfo\/2025\/08\/epinal-bouge-lete-gustave-auguste-eleveur-de-cuivres\/#primaryimage"},"thumbnailUrl":"https:\/\/vosgesinfo.fr\/app\/uploads\/sites\/3\/2025\/08\/533758493-1226073112891761-4336900946087602365-n.jpg","datePublished":"2025-08-20T08:10:13+00:00","dateModified":"2025-08-20T08:05:25+00:00","breadcrumb":{"@id":"https:\/\/vosgesinfo.fr\/epinalinfo\/2025\/08\/epinal-bouge-lete-gustave-auguste-eleveur-de-cuivres\/#breadcrumb"},"inLanguage":"fr-FR","potentialAction":[{"@type":"ReadAction","target":["https:\/\/vosgesinfo.fr\/epinalinfo\/2025\/08\/epinal-bouge-lete-gustave-auguste-eleveur-de-cuivres\/"]}]},{"@type":"ImageObject","inLanguage":"fr-FR","@id":"https:\/\/vosgesinfo.fr\/epinalinfo\/2025\/08\/epinal-bouge-lete-gustave-auguste-eleveur-de-cuivres\/#primaryimage","url":"https:\/\/vosgesinfo.fr\/app\/uploads\/sites\/3\/2025\/08\/533758493-1226073112891761-4336900946087602365-n.jpg","contentUrl":"https:\/\/vosgesinfo.fr\/app\/uploads\/sites\/3\/2025\/08\/533758493-1226073112891761-4336900946087602365-n.jpg","width":960,"height":1200},{"@type":"BreadcrumbList","@id":"https:\/\/vosgesinfo.fr\/epinalinfo\/2025\/08\/epinal-bouge-lete-gustave-auguste-eleveur-de-cuivres\/#breadcrumb","itemListElement":[{"@type":"ListItem","position":1,"name":"Home","item":"https:\/\/vosgesinfo.fr\/epinalinfo\/"},{"@type":"ListItem","position":2,"name":"Epinal Bouge l&rsquo;\u00e9t\u00e9 : Gustave Auguste, \u00e9leveur de cuivres"}]},{"@type":"WebSite","@id":"https:\/\/vosgesinfo.fr\/epinalinfo\/#website","url":"https:\/\/vosgesinfo.fr\/epinalinfo\/","name":"Epinal Info","description":"Toute l&#039;actualit\u00e9 d&#039;\u00c9pinal","publisher":{"@id":"https:\/\/vosgesinfo.fr\/epinalinfo\/#organization"},"alternateName":"Toute l'actualit\u00e9 d'\u00c9pinal","potentialAction":[{"@type":"SearchAction","target":{"@type":"EntryPoint","urlTemplate":"https:\/\/vosgesinfo.fr\/epinalinfo\/?s={search_term_string}"},"query-input":"required name=search_term_string"}],"inLanguage":"fr-FR"},{"@type":"Organization","@id":"https:\/\/vosgesinfo.fr\/epinalinfo\/#organization","name":"Epinal Info","url":"https:\/\/vosgesinfo.fr\/epinalinfo\/","logo":{"@type":"ImageObject","inLanguage":"fr-FR","@id":"https:\/\/vosgesinfo.fr\/epinalinfo\/#\/schema\/logo\/image\/","url":"https:\/\/vosgesinfo.fr\/app\/uploads\/sites\/3\/2023\/08\/logo-epinalinfos.svg","contentUrl":"https:\/\/vosgesinfo.fr\/app\/uploads\/sites\/3\/2023\/08\/logo-epinalinfos.svg","width":1,"height":1,"caption":"Epinal Info"},"image":{"@id":"https:\/\/vosgesinfo.fr\/epinalinfo\/#\/schema\/logo\/image\/"},"sameAs":["https:\/\/www.facebook.com\/Epinalinfos","https:\/\/x.com\/VosgesInfo88","https:\/\/www.youtube.com\/@vosgesinfo"]},{"@type":"Person","@id":"https:\/\/vosgesinfo.fr\/epinalinfo\/#\/schema\/person\/6f9a650eeea99d969b6c4ab78fccbe81","name":"C.K.","image":{"@type":"ImageObject","inLanguage":"fr-FR","@id":"https:\/\/vosgesinfo.fr\/epinalinfo\/#\/schema\/person\/image\/","url":"https:\/\/secure.gravatar.com\/avatar\/48e3fc7f8421ba8942be6b74a2b7f014ca39bc00dece156b7a8e098ae7dc87bf?s=96&d=mm&r=g","contentUrl":"https:\/\/secure.gravatar.com\/avatar\/48e3fc7f8421ba8942be6b74a2b7f014ca39bc00dece156b7a8e098ae7dc87bf?s=96&d=mm&r=g","caption":"C.K."},"url":"https:\/\/vosgesinfo.fr\/epinalinfo\/author\/celia-k-n\/"}]}},"_links":{"self":[{"href":"https:\/\/vosgesinfo.fr\/epinalinfo\/wp-json\/wp\/v2\/posts\/134429","targetHints":{"allow":["GET"]}}],"collection":[{"href":"https:\/\/vosgesinfo.fr\/epinalinfo\/wp-json\/wp\/v2\/posts"}],"about":[{"href":"https:\/\/vosgesinfo.fr\/epinalinfo\/wp-json\/wp\/v2\/types\/post"}],"author":[{"embeddable":true,"href":"https:\/\/vosgesinfo.fr\/epinalinfo\/wp-json\/wp\/v2\/users\/52"}],"replies":[{"embeddable":true,"href":"https:\/\/vosgesinfo.fr\/epinalinfo\/wp-json\/wp\/v2\/comments?post=134429"}],"version-history":[{"count":1,"href":"https:\/\/vosgesinfo.fr\/epinalinfo\/wp-json\/wp\/v2\/posts\/134429\/revisions"}],"predecessor-version":[{"id":134431,"href":"https:\/\/vosgesinfo.fr\/epinalinfo\/wp-json\/wp\/v2\/posts\/134429\/revisions\/134431"}],"wp:featuredmedia":[{"embeddable":true,"href":"https:\/\/vosgesinfo.fr\/epinalinfo\/wp-json\/wp\/v2\/media\/134430"}],"wp:attachment":[{"href":"https:\/\/vosgesinfo.fr\/epinalinfo\/wp-json\/wp\/v2\/media?parent=134429"}],"wp:term":[{"taxonomy":"category","embeddable":true,"href":"https:\/\/vosgesinfo.fr\/epinalinfo\/wp-json\/wp\/v2\/categories?post=134429"},{"taxonomy":"post_tag","embeddable":true,"href":"https:\/\/vosgesinfo.fr\/epinalinfo\/wp-json\/wp\/v2\/tags?post=134429"}],"curies":[{"name":"wp","href":"https:\/\/api.w.org\/{rel}","templated":true}]}}