{"id":134679,"date":"2025-08-28T11:00:19","date_gmt":"2025-08-28T09:00:19","guid":{"rendered":"https:\/\/vosgesinfo.fr\/epinalinfo\/?p=134679"},"modified":"2025-08-28T10:58:59","modified_gmt":"2025-08-28T08:58:59","slug":"bruyeres-deux-nouvelles-classes-renovees-a-lecole-jules-ferry","status":"publish","type":"post","link":"https:\/\/vosgesinfo.fr\/epinalinfo\/2025\/08\/bruyeres-deux-nouvelles-classes-renovees-a-lecole-jules-ferry\/","title":{"rendered":"Bruy\u00e8res : deux nouvelles classes r\u00e9nov\u00e9es \u00e0 l\u2019\u00e9cole Jules Ferry"},"content":{"rendered":"<div id=\"attachment_134680\" style=\"width: 2570px\" class=\"wp-caption aligncenter\"><a href=\"https:\/\/vosgesinfo.fr\/app\/uploads\/sites\/3\/2025\/08\/1000022512-scaled.jpg\"><img decoding=\"async\" aria-describedby=\"caption-attachment-134680\" class=\"wp-image-134680 size-full\" src=\"https:\/\/vosgesinfo.fr\/app\/uploads\/sites\/3\/2025\/08\/1000022512-scaled.jpg\" alt=\"\" width=\"2560\" height=\"1920\" srcset=\"https:\/\/vosgesinfo.fr\/app\/uploads\/sites\/3\/2025\/08\/1000022512-scaled.jpg 2560w, https:\/\/vosgesinfo.fr\/app\/uploads\/sites\/3\/2025\/08\/1000022512-300x225.jpg 300w, https:\/\/vosgesinfo.fr\/app\/uploads\/sites\/3\/2025\/08\/1000022512-1024x768.jpg 1024w, https:\/\/vosgesinfo.fr\/app\/uploads\/sites\/3\/2025\/08\/1000022512-768x576.jpg 768w, https:\/\/vosgesinfo.fr\/app\/uploads\/sites\/3\/2025\/08\/1000022512-1536x1152.jpg 1536w, https:\/\/vosgesinfo.fr\/app\/uploads\/sites\/3\/2025\/08\/1000022512-2048x1536.jpg 2048w\" sizes=\"(max-width: 2560px) 100vw, 2560px\" \/><\/a><p id=\"caption-attachment-134680\" class=\"wp-caption-text\">photo Ville de Bruy\u00e8res<\/p><\/div>\n<h2 data-start=\"145\" data-end=\"543\"><strong>L\u2019\u00e9cole primaire Jules Ferry de Bruy\u00e8res poursuit sa transformation. Ce jeudi, T\u00e9lio Maubr\u00e9, adjoint au maire en charge de la Jeunesse, de la Culture, des Affaires scolaires, de la Petite enfance et des Seniors, s\u2019est rendu sur place aux c\u00f4t\u00e9s de cinq agents des services techniques pour participer au d\u00e9m\u00e9nagement de deux classes vers de nouvelles salles fra\u00eechement r\u00e9nov\u00e9es par la commune.<\/strong><\/h2>\n<h3 data-start=\"545\" data-end=\"579\">Des travaux d\u00e9j\u00e0 cons\u00e9quents<\/h3>\n<p data-start=\"580\" data-end=\"949\">Depuis plusieurs mois, la municipalit\u00e9 a engag\u00e9 un programme ambitieux de modernisation du b\u00e2timent, pour un montant global de <strong data-start=\"707\" data-end=\"722\">94 500 \u20ac HT<\/strong>. Gr\u00e2ce au soutien des subventions publiques \u2013 <strong data-start=\"769\" data-end=\"784\">75 600 \u20ac HT<\/strong>, financ\u00e9s \u00e0 parts \u00e9gales par la <strong data-start=\"817\" data-end=\"825\">DETR<\/strong> (Dotation d\u2019\u00e9quipement des territoires ruraux) et le <strong data-start=\"879\" data-end=\"894\">Fonds Verts<\/strong> \u2013, l\u2019\u00e9cole b\u00e9n\u00e9ficie d\u00e9j\u00e0 d\u2019am\u00e9liorations notables :<\/p>\n<ul data-start=\"951\" data-end=\"1088\">\n<li data-start=\"951\" data-end=\"998\">\n<p data-start=\"953\" data-end=\"998\">Remplacement des fen\u00eatres sur deux fa\u00e7ades,<\/p>\n<\/li>\n<li data-start=\"999\" data-end=\"1038\">\n<p data-start=\"1001\" data-end=\"1038\">Relamping LED int\u00e9gral du b\u00e2timent,<\/p>\n<\/li>\n<li data-start=\"1039\" data-end=\"1088\">\n<p data-start=\"1041\" data-end=\"1088\">R\u00e9novation compl\u00e8te de deux salles de classe.<\/p>\n<\/li>\n<\/ul>\n<p data-start=\"1090\" data-end=\"1249\">L\u2019\u00e9quivalent d\u2019un <strong data-start=\"1108\" data-end=\"1141\">temps plein d\u2019agent technique<\/strong> est mobilis\u00e9 tout au long de l\u2019ann\u00e9e (36,5 h\/semaine sur 12 mois) pour mener \u00e0 bien ces travaux en r\u00e9gie.<\/p>\n<h3 data-start=\"1251\" data-end=\"1288\">Une \u00e9cole modernis\u00e9e d\u2019ici 2026<\/h3>\n<p data-start=\"1289\" data-end=\"1498\">L\u2019objectif affich\u00e9 par la commune est clair : <strong data-start=\"1335\" data-end=\"1392\">rassembler l\u2019ensemble des classes primaires publiques<\/strong> \u2013 du CP au CM2, ainsi qu\u2019une classe ULIS \u2013 dans le b\u00e2timent Jules Ferry \u00e0 l\u2019horizon de la rentr\u00e9e 2026.<\/p>\n<p data-start=\"1500\" data-end=\"1704\">\u00ab Nous voulons offrir un cadre de qualit\u00e9 aux enfants comme aux enseignants, en modernisant l\u2019\u00e9cole et en regroupant tous les niveaux dans un lieu unique \u00bb, a soulign\u00e9 T\u00e9lio Maubr\u00e9 lors de cette visite.<\/p>\n<p data-start=\"1706\" data-end=\"1905\">\n<p data-start=\"1706\" data-end=\"1905\"><a href=\"https:\/\/vosgesinfo.fr\/app\/uploads\/sites\/3\/2025\/08\/1000022513-scaled.jpg\"><img decoding=\"async\" class=\"aligncenter size-full wp-image-134681\" src=\"https:\/\/vosgesinfo.fr\/app\/uploads\/sites\/3\/2025\/08\/1000022513-scaled.jpg\" alt=\"\" width=\"2560\" height=\"1920\" srcset=\"https:\/\/vosgesinfo.fr\/app\/uploads\/sites\/3\/2025\/08\/1000022513-scaled.jpg 2560w, https:\/\/vosgesinfo.fr\/app\/uploads\/sites\/3\/2025\/08\/1000022513-300x225.jpg 300w, https:\/\/vosgesinfo.fr\/app\/uploads\/sites\/3\/2025\/08\/1000022513-1024x768.jpg 1024w, https:\/\/vosgesinfo.fr\/app\/uploads\/sites\/3\/2025\/08\/1000022513-768x576.jpg 768w, https:\/\/vosgesinfo.fr\/app\/uploads\/sites\/3\/2025\/08\/1000022513-1536x1152.jpg 1536w, https:\/\/vosgesinfo.fr\/app\/uploads\/sites\/3\/2025\/08\/1000022513-2048x1536.jpg 2048w\" sizes=\"(max-width: 2560px) 100vw, 2560px\" \/><\/a><\/p>\n","protected":false},"excerpt":{"rendered":"<p>L\u2019\u00e9cole primaire Jules Ferry de Bruy\u00e8res poursuit sa transformation. Ce jeudi, T\u00e9lio Maubr\u00e9, adjoint au maire en charge de la [&hellip;]<\/p>\n","protected":false},"author":52,"featured_media":134680,"comment_status":"open","ping_status":"open","sticky":false,"template":"","format":"standard","meta":{"footnotes":""},"categories":[22,60,24],"tags":[],"class_list":["post-134679","post","type-post","status-publish","format-standard","has-post-thumbnail","hentry","category-a-la-une","category-bruyeres","category-epinal"],"acf":[],"yoast_head":"<!-- This site is optimized with the Yoast SEO plugin v22.5 - https:\/\/yoast.com\/wordpress\/plugins\/seo\/ -->\n<title>Bruy\u00e8res : deux nouvelles classes r\u00e9nov\u00e9es \u00e0 l\u2019\u00e9cole Jules Ferry - Epinal Info<\/title>\n<meta name=\"robots\" content=\"index, follow, max-snippet:-1, max-image-preview:large, max-video-preview:-1\" \/>\n<link rel=\"canonical\" href=\"https:\/\/vosgesinfo.fr\/epinalinfo\/2025\/08\/bruyeres-deux-nouvelles-classes-renovees-a-lecole-jules-ferry\/\" \/>\n<meta name=\"twitter:card\" content=\"summary_large_image\" \/>\n<meta name=\"twitter:title\" content=\"Bruy\u00e8res : deux nouvelles classes r\u00e9nov\u00e9es \u00e0 l\u2019\u00e9cole Jules Ferry - Epinal Info\" \/>\n<meta name=\"twitter:description\" content=\"L\u2019\u00e9cole primaire Jules Ferry de Bruy\u00e8res poursuit sa transformation. Ce jeudi, T\u00e9lio Maubr\u00e9, adjoint au maire en charge de la [&hellip;]\" \/>\n<meta name=\"twitter:image\" content=\"https:\/\/vosgesinfo.fr\/app\/uploads\/sites\/3\/2025\/08\/1000022512-scaled.jpg\" \/>\n<meta name=\"twitter:creator\" content=\"@VosgesInfo88\" \/>\n<meta name=\"twitter:site\" content=\"@VosgesInfo88\" \/>\n<meta name=\"twitter:label1\" content=\"\u00c9crit par\" \/>\n\t<meta name=\"twitter:data1\" content=\"C.K.\" \/>\n\t<meta name=\"twitter:label2\" content=\"Dur\u00e9e de lecture estim\u00e9e\" \/>\n\t<meta name=\"twitter:data2\" content=\"1 minute\" \/>\n<script type=\"application\/ld+json\" class=\"yoast-schema-graph\">{\"@context\":\"https:\/\/schema.org\",\"@graph\":[{\"@type\":\"Article\",\"@id\":\"https:\/\/vosgesinfo.fr\/epinalinfo\/2025\/08\/bruyeres-deux-nouvelles-classes-renovees-a-lecole-jules-ferry\/#article\",\"isPartOf\":{\"@id\":\"https:\/\/vosgesinfo.fr\/epinalinfo\/2025\/08\/bruyeres-deux-nouvelles-classes-renovees-a-lecole-jules-ferry\/\"},\"author\":{\"name\":\"C.K.\",\"@id\":\"https:\/\/vosgesinfo.fr\/epinalinfo\/#\/schema\/person\/6f9a650eeea99d969b6c4ab78fccbe81\"},\"headline\":\"Bruy\u00e8res : deux nouvelles classes r\u00e9nov\u00e9es \u00e0 l\u2019\u00e9cole Jules Ferry\",\"datePublished\":\"2025-08-28T09:00:19+00:00\",\"dateModified\":\"2025-08-28T08:58:59+00:00\",\"mainEntityOfPage\":{\"@id\":\"https:\/\/vosgesinfo.fr\/epinalinfo\/2025\/08\/bruyeres-deux-nouvelles-classes-renovees-a-lecole-jules-ferry\/\"},\"wordCount\":291,\"commentCount\":0,\"publisher\":{\"@id\":\"https:\/\/vosgesinfo.fr\/epinalinfo\/#organization\"},\"image\":{\"@id\":\"https:\/\/vosgesinfo.fr\/epinalinfo\/2025\/08\/bruyeres-deux-nouvelles-classes-renovees-a-lecole-jules-ferry\/#primaryimage\"},\"thumbnailUrl\":\"https:\/\/vosgesinfo.fr\/app\/uploads\/sites\/3\/2025\/08\/1000022512-scaled.jpg\",\"articleSection\":[\"A la Une\",\"Bruy\u00e8res\",\"Epinal\"],\"inLanguage\":\"fr-FR\",\"potentialAction\":[{\"@type\":\"CommentAction\",\"name\":\"Comment\",\"target\":[\"https:\/\/vosgesinfo.fr\/epinalinfo\/2025\/08\/bruyeres-deux-nouvelles-classes-renovees-a-lecole-jules-ferry\/#respond\"]}]},{\"@type\":\"WebPage\",\"@id\":\"https:\/\/vosgesinfo.fr\/epinalinfo\/2025\/08\/bruyeres-deux-nouvelles-classes-renovees-a-lecole-jules-ferry\/\",\"url\":\"https:\/\/vosgesinfo.fr\/epinalinfo\/2025\/08\/bruyeres-deux-nouvelles-classes-renovees-a-lecole-jules-ferry\/\",\"name\":\"Bruy\u00e8res : deux nouvelles classes r\u00e9nov\u00e9es \u00e0 l\u2019\u00e9cole Jules Ferry - Epinal Info\",\"isPartOf\":{\"@id\":\"https:\/\/vosgesinfo.fr\/epinalinfo\/#website\"},\"primaryImageOfPage\":{\"@id\":\"https:\/\/vosgesinfo.fr\/epinalinfo\/2025\/08\/bruyeres-deux-nouvelles-classes-renovees-a-lecole-jules-ferry\/#primaryimage\"},\"image\":{\"@id\":\"https:\/\/vosgesinfo.fr\/epinalinfo\/2025\/08\/bruyeres-deux-nouvelles-classes-renovees-a-lecole-jules-ferry\/#primaryimage\"},\"thumbnailUrl\":\"https:\/\/vosgesinfo.fr\/app\/uploads\/sites\/3\/2025\/08\/1000022512-scaled.jpg\",\"datePublished\":\"2025-08-28T09:00:19+00:00\",\"dateModified\":\"2025-08-28T08:58:59+00:00\",\"breadcrumb\":{\"@id\":\"https:\/\/vosgesinfo.fr\/epinalinfo\/2025\/08\/bruyeres-deux-nouvelles-classes-renovees-a-lecole-jules-ferry\/#breadcrumb\"},\"inLanguage\":\"fr-FR\",\"potentialAction\":[{\"@type\":\"ReadAction\",\"target\":[\"https:\/\/vosgesinfo.fr\/epinalinfo\/2025\/08\/bruyeres-deux-nouvelles-classes-renovees-a-lecole-jules-ferry\/\"]}]},{\"@type\":\"ImageObject\",\"inLanguage\":\"fr-FR\",\"@id\":\"https:\/\/vosgesinfo.fr\/epinalinfo\/2025\/08\/bruyeres-deux-nouvelles-classes-renovees-a-lecole-jules-ferry\/#primaryimage\",\"url\":\"https:\/\/vosgesinfo.fr\/app\/uploads\/sites\/3\/2025\/08\/1000022512-scaled.jpg\",\"contentUrl\":\"https:\/\/vosgesinfo.fr\/app\/uploads\/sites\/3\/2025\/08\/1000022512-scaled.jpg\",\"width\":2560,\"height\":1920},{\"@type\":\"BreadcrumbList\",\"@id\":\"https:\/\/vosgesinfo.fr\/epinalinfo\/2025\/08\/bruyeres-deux-nouvelles-classes-renovees-a-lecole-jules-ferry\/#breadcrumb\",\"itemListElement\":[{\"@type\":\"ListItem\",\"position\":1,\"name\":\"Home\",\"item\":\"https:\/\/vosgesinfo.fr\/epinalinfo\/\"},{\"@type\":\"ListItem\",\"position\":2,\"name\":\"Bruy\u00e8res : deux nouvelles classes r\u00e9nov\u00e9es \u00e0 l\u2019\u00e9cole Jules Ferry\"}]},{\"@type\":\"WebSite\",\"@id\":\"https:\/\/vosgesinfo.fr\/epinalinfo\/#website\",\"url\":\"https:\/\/vosgesinfo.fr\/epinalinfo\/\",\"name\":\"Epinal Info\",\"description\":\"Toute l&#039;actualit\u00e9 d&#039;\u00c9pinal\",\"publisher\":{\"@id\":\"https:\/\/vosgesinfo.fr\/epinalinfo\/#organization\"},\"alternateName\":\"Toute l'actualit\u00e9 d'\u00c9pinal\",\"potentialAction\":[{\"@type\":\"SearchAction\",\"target\":{\"@type\":\"EntryPoint\",\"urlTemplate\":\"https:\/\/vosgesinfo.fr\/epinalinfo\/?s={search_term_string}\"},\"query-input\":\"required name=search_term_string\"}],\"inLanguage\":\"fr-FR\"},{\"@type\":\"Organization\",\"@id\":\"https:\/\/vosgesinfo.fr\/epinalinfo\/#organization\",\"name\":\"Epinal Info\",\"url\":\"https:\/\/vosgesinfo.fr\/epinalinfo\/\",\"logo\":{\"@type\":\"ImageObject\",\"inLanguage\":\"fr-FR\",\"@id\":\"https:\/\/vosgesinfo.fr\/epinalinfo\/#\/schema\/logo\/image\/\",\"url\":\"https:\/\/vosgesinfo.fr\/app\/uploads\/sites\/3\/2023\/08\/logo-epinalinfos.svg\",\"contentUrl\":\"https:\/\/vosgesinfo.fr\/app\/uploads\/sites\/3\/2023\/08\/logo-epinalinfos.svg\",\"width\":1,\"height\":1,\"caption\":\"Epinal Info\"},\"image\":{\"@id\":\"https:\/\/vosgesinfo.fr\/epinalinfo\/#\/schema\/logo\/image\/\"},\"sameAs\":[\"https:\/\/www.facebook.com\/Epinalinfos\",\"https:\/\/x.com\/VosgesInfo88\",\"https:\/\/www.youtube.com\/@vosgesinfo\"]},{\"@type\":\"Person\",\"@id\":\"https:\/\/vosgesinfo.fr\/epinalinfo\/#\/schema\/person\/6f9a650eeea99d969b6c4ab78fccbe81\",\"name\":\"C.K.\",\"image\":{\"@type\":\"ImageObject\",\"inLanguage\":\"fr-FR\",\"@id\":\"https:\/\/vosgesinfo.fr\/epinalinfo\/#\/schema\/person\/image\/\",\"url\":\"https:\/\/secure.gravatar.com\/avatar\/48e3fc7f8421ba8942be6b74a2b7f014ca39bc00dece156b7a8e098ae7dc87bf?s=96&d=mm&r=g\",\"contentUrl\":\"https:\/\/secure.gravatar.com\/avatar\/48e3fc7f8421ba8942be6b74a2b7f014ca39bc00dece156b7a8e098ae7dc87bf?s=96&d=mm&r=g\",\"caption\":\"C.K.\"},\"url\":\"https:\/\/vosgesinfo.fr\/epinalinfo\/author\/celia-k-n\/\"}]}<\/script>\n<!-- \/ Yoast SEO plugin. -->","yoast_head_json":{"title":"Bruy\u00e8res : deux nouvelles classes r\u00e9nov\u00e9es \u00e0 l\u2019\u00e9cole Jules Ferry - Epinal Info","robots":{"index":"index","follow":"follow","max-snippet":"max-snippet:-1","max-image-preview":"max-image-preview:large","max-video-preview":"max-video-preview:-1"},"canonical":"https:\/\/vosgesinfo.fr\/epinalinfo\/2025\/08\/bruyeres-deux-nouvelles-classes-renovees-a-lecole-jules-ferry\/","twitter_card":"summary_large_image","twitter_title":"Bruy\u00e8res : deux nouvelles classes r\u00e9nov\u00e9es \u00e0 l\u2019\u00e9cole Jules Ferry - Epinal Info","twitter_description":"L\u2019\u00e9cole primaire Jules Ferry de Bruy\u00e8res poursuit sa transformation. Ce jeudi, T\u00e9lio Maubr\u00e9, adjoint au maire en charge de la [&hellip;]","twitter_image":"https:\/\/vosgesinfo.fr\/app\/uploads\/sites\/3\/2025\/08\/1000022512-scaled.jpg","twitter_creator":"@VosgesInfo88","twitter_site":"@VosgesInfo88","twitter_misc":{"\u00c9crit par":"C.K.","Dur\u00e9e de lecture estim\u00e9e":"1 minute"},"schema":{"@context":"https:\/\/schema.org","@graph":[{"@type":"Article","@id":"https:\/\/vosgesinfo.fr\/epinalinfo\/2025\/08\/bruyeres-deux-nouvelles-classes-renovees-a-lecole-jules-ferry\/#article","isPartOf":{"@id":"https:\/\/vosgesinfo.fr\/epinalinfo\/2025\/08\/bruyeres-deux-nouvelles-classes-renovees-a-lecole-jules-ferry\/"},"author":{"name":"C.K.","@id":"https:\/\/vosgesinfo.fr\/epinalinfo\/#\/schema\/person\/6f9a650eeea99d969b6c4ab78fccbe81"},"headline":"Bruy\u00e8res : deux nouvelles classes r\u00e9nov\u00e9es \u00e0 l\u2019\u00e9cole Jules Ferry","datePublished":"2025-08-28T09:00:19+00:00","dateModified":"2025-08-28T08:58:59+00:00","mainEntityOfPage":{"@id":"https:\/\/vosgesinfo.fr\/epinalinfo\/2025\/08\/bruyeres-deux-nouvelles-classes-renovees-a-lecole-jules-ferry\/"},"wordCount":291,"commentCount":0,"publisher":{"@id":"https:\/\/vosgesinfo.fr\/epinalinfo\/#organization"},"image":{"@id":"https:\/\/vosgesinfo.fr\/epinalinfo\/2025\/08\/bruyeres-deux-nouvelles-classes-renovees-a-lecole-jules-ferry\/#primaryimage"},"thumbnailUrl":"https:\/\/vosgesinfo.fr\/app\/uploads\/sites\/3\/2025\/08\/1000022512-scaled.jpg","articleSection":["A la Une","Bruy\u00e8res","Epinal"],"inLanguage":"fr-FR","potentialAction":[{"@type":"CommentAction","name":"Comment","target":["https:\/\/vosgesinfo.fr\/epinalinfo\/2025\/08\/bruyeres-deux-nouvelles-classes-renovees-a-lecole-jules-ferry\/#respond"]}]},{"@type":"WebPage","@id":"https:\/\/vosgesinfo.fr\/epinalinfo\/2025\/08\/bruyeres-deux-nouvelles-classes-renovees-a-lecole-jules-ferry\/","url":"https:\/\/vosgesinfo.fr\/epinalinfo\/2025\/08\/bruyeres-deux-nouvelles-classes-renovees-a-lecole-jules-ferry\/","name":"Bruy\u00e8res : deux nouvelles classes r\u00e9nov\u00e9es \u00e0 l\u2019\u00e9cole Jules Ferry - Epinal Info","isPartOf":{"@id":"https:\/\/vosgesinfo.fr\/epinalinfo\/#website"},"primaryImageOfPage":{"@id":"https:\/\/vosgesinfo.fr\/epinalinfo\/2025\/08\/bruyeres-deux-nouvelles-classes-renovees-a-lecole-jules-ferry\/#primaryimage"},"image":{"@id":"https:\/\/vosgesinfo.fr\/epinalinfo\/2025\/08\/bruyeres-deux-nouvelles-classes-renovees-a-lecole-jules-ferry\/#primaryimage"},"thumbnailUrl":"https:\/\/vosgesinfo.fr\/app\/uploads\/sites\/3\/2025\/08\/1000022512-scaled.jpg","datePublished":"2025-08-28T09:00:19+00:00","dateModified":"2025-08-28T08:58:59+00:00","breadcrumb":{"@id":"https:\/\/vosgesinfo.fr\/epinalinfo\/2025\/08\/bruyeres-deux-nouvelles-classes-renovees-a-lecole-jules-ferry\/#breadcrumb"},"inLanguage":"fr-FR","potentialAction":[{"@type":"ReadAction","target":["https:\/\/vosgesinfo.fr\/epinalinfo\/2025\/08\/bruyeres-deux-nouvelles-classes-renovees-a-lecole-jules-ferry\/"]}]},{"@type":"ImageObject","inLanguage":"fr-FR","@id":"https:\/\/vosgesinfo.fr\/epinalinfo\/2025\/08\/bruyeres-deux-nouvelles-classes-renovees-a-lecole-jules-ferry\/#primaryimage","url":"https:\/\/vosgesinfo.fr\/app\/uploads\/sites\/3\/2025\/08\/1000022512-scaled.jpg","contentUrl":"https:\/\/vosgesinfo.fr\/app\/uploads\/sites\/3\/2025\/08\/1000022512-scaled.jpg","width":2560,"height":1920},{"@type":"BreadcrumbList","@id":"https:\/\/vosgesinfo.fr\/epinalinfo\/2025\/08\/bruyeres-deux-nouvelles-classes-renovees-a-lecole-jules-ferry\/#breadcrumb","itemListElement":[{"@type":"ListItem","position":1,"name":"Home","item":"https:\/\/vosgesinfo.fr\/epinalinfo\/"},{"@type":"ListItem","position":2,"name":"Bruy\u00e8res : deux nouvelles classes r\u00e9nov\u00e9es \u00e0 l\u2019\u00e9cole Jules Ferry"}]},{"@type":"WebSite","@id":"https:\/\/vosgesinfo.fr\/epinalinfo\/#website","url":"https:\/\/vosgesinfo.fr\/epinalinfo\/","name":"Epinal Info","description":"Toute l&#039;actualit\u00e9 d&#039;\u00c9pinal","publisher":{"@id":"https:\/\/vosgesinfo.fr\/epinalinfo\/#organization"},"alternateName":"Toute l'actualit\u00e9 d'\u00c9pinal","potentialAction":[{"@type":"SearchAction","target":{"@type":"EntryPoint","urlTemplate":"https:\/\/vosgesinfo.fr\/epinalinfo\/?s={search_term_string}"},"query-input":"required name=search_term_string"}],"inLanguage":"fr-FR"},{"@type":"Organization","@id":"https:\/\/vosgesinfo.fr\/epinalinfo\/#organization","name":"Epinal Info","url":"https:\/\/vosgesinfo.fr\/epinalinfo\/","logo":{"@type":"ImageObject","inLanguage":"fr-FR","@id":"https:\/\/vosgesinfo.fr\/epinalinfo\/#\/schema\/logo\/image\/","url":"https:\/\/vosgesinfo.fr\/app\/uploads\/sites\/3\/2023\/08\/logo-epinalinfos.svg","contentUrl":"https:\/\/vosgesinfo.fr\/app\/uploads\/sites\/3\/2023\/08\/logo-epinalinfos.svg","width":1,"height":1,"caption":"Epinal Info"},"image":{"@id":"https:\/\/vosgesinfo.fr\/epinalinfo\/#\/schema\/logo\/image\/"},"sameAs":["https:\/\/www.facebook.com\/Epinalinfos","https:\/\/x.com\/VosgesInfo88","https:\/\/www.youtube.com\/@vosgesinfo"]},{"@type":"Person","@id":"https:\/\/vosgesinfo.fr\/epinalinfo\/#\/schema\/person\/6f9a650eeea99d969b6c4ab78fccbe81","name":"C.K.","image":{"@type":"ImageObject","inLanguage":"fr-FR","@id":"https:\/\/vosgesinfo.fr\/epinalinfo\/#\/schema\/person\/image\/","url":"https:\/\/secure.gravatar.com\/avatar\/48e3fc7f8421ba8942be6b74a2b7f014ca39bc00dece156b7a8e098ae7dc87bf?s=96&d=mm&r=g","contentUrl":"https:\/\/secure.gravatar.com\/avatar\/48e3fc7f8421ba8942be6b74a2b7f014ca39bc00dece156b7a8e098ae7dc87bf?s=96&d=mm&r=g","caption":"C.K."},"url":"https:\/\/vosgesinfo.fr\/epinalinfo\/author\/celia-k-n\/"}]}},"_links":{"self":[{"href":"https:\/\/vosgesinfo.fr\/epinalinfo\/wp-json\/wp\/v2\/posts\/134679","targetHints":{"allow":["GET"]}}],"collection":[{"href":"https:\/\/vosgesinfo.fr\/epinalinfo\/wp-json\/wp\/v2\/posts"}],"about":[{"href":"https:\/\/vosgesinfo.fr\/epinalinfo\/wp-json\/wp\/v2\/types\/post"}],"author":[{"embeddable":true,"href":"https:\/\/vosgesinfo.fr\/epinalinfo\/wp-json\/wp\/v2\/users\/52"}],"replies":[{"embeddable":true,"href":"https:\/\/vosgesinfo.fr\/epinalinfo\/wp-json\/wp\/v2\/comments?post=134679"}],"version-history":[{"count":1,"href":"https:\/\/vosgesinfo.fr\/epinalinfo\/wp-json\/wp\/v2\/posts\/134679\/revisions"}],"predecessor-version":[{"id":134682,"href":"https:\/\/vosgesinfo.fr\/epinalinfo\/wp-json\/wp\/v2\/posts\/134679\/revisions\/134682"}],"wp:featuredmedia":[{"embeddable":true,"href":"https:\/\/vosgesinfo.fr\/epinalinfo\/wp-json\/wp\/v2\/media\/134680"}],"wp:attachment":[{"href":"https:\/\/vosgesinfo.fr\/epinalinfo\/wp-json\/wp\/v2\/media?parent=134679"}],"wp:term":[{"taxonomy":"category","embeddable":true,"href":"https:\/\/vosgesinfo.fr\/epinalinfo\/wp-json\/wp\/v2\/categories?post=134679"},{"taxonomy":"post_tag","embeddable":true,"href":"https:\/\/vosgesinfo.fr\/epinalinfo\/wp-json\/wp\/v2\/tags?post=134679"}],"curies":[{"name":"wp","href":"https:\/\/api.w.org\/{rel}","templated":true}]}}