{"id":134686,"date":"2025-08-28T11:50:47","date_gmt":"2025-08-28T09:50:47","guid":{"rendered":"https:\/\/vosgesinfo.fr\/epinalinfo\/?p=134686"},"modified":"2025-08-28T11:44:57","modified_gmt":"2025-08-28T09:44:57","slug":"epinal-150-nouveaux-etudiants-font-leur-rentree-a-lenstib","status":"publish","type":"post","link":"https:\/\/vosgesinfo.fr\/epinalinfo\/2025\/08\/epinal-150-nouveaux-etudiants-font-leur-rentree-a-lenstib\/","title":{"rendered":"\u00c9pinal : 150 nouveaux \u00e9tudiants font leur rentr\u00e9e \u00e0 l\u2019Enstib"},"content":{"rendered":"<div id=\"attachment_134687\" style=\"width: 1450px\" class=\"wp-caption aligncenter\"><a href=\"https:\/\/vosgesinfo.fr\/app\/uploads\/sites\/3\/2025\/08\/539556775-18360135130152810-7628866181442210312-n.jpg\"><img decoding=\"async\" aria-describedby=\"caption-attachment-134687\" class=\"size-full wp-image-134687\" src=\"https:\/\/vosgesinfo.fr\/app\/uploads\/sites\/3\/2025\/08\/539556775-18360135130152810-7628866181442210312-n.jpg\" alt=\"\" width=\"1440\" height=\"1440\" srcset=\"https:\/\/vosgesinfo.fr\/app\/uploads\/sites\/3\/2025\/08\/539556775-18360135130152810-7628866181442210312-n.jpg 1440w, https:\/\/vosgesinfo.fr\/app\/uploads\/sites\/3\/2025\/08\/539556775-18360135130152810-7628866181442210312-n-300x300.jpg 300w, https:\/\/vosgesinfo.fr\/app\/uploads\/sites\/3\/2025\/08\/539556775-18360135130152810-7628866181442210312-n-1024x1024.jpg 1024w, https:\/\/vosgesinfo.fr\/app\/uploads\/sites\/3\/2025\/08\/539556775-18360135130152810-7628866181442210312-n-150x150.jpg 150w, https:\/\/vosgesinfo.fr\/app\/uploads\/sites\/3\/2025\/08\/539556775-18360135130152810-7628866181442210312-n-768x768.jpg 768w\" sizes=\"(max-width: 1440px) 100vw, 1440px\" \/><\/a><p id=\"caption-attachment-134687\" class=\"wp-caption-text\">photo ENSTIB d&rsquo;Epinal<\/p><\/div>\n<h2 data-start=\"150\" data-end=\"431\"><strong>L\u2019heure de la rentr\u00e9e a sonn\u00e9 ce mercredi pour les \u00e9tudiants de l\u2019\u00c9cole nationale sup\u00e9rieure des technologies et industries du bois (Enstib) \u00e0 \u00c9pinal. Pr\u00e8s de 150 jeunes ont pris place sur les bancs de l\u2019\u00e9tablissement, marquant le coup d\u2019envoi d\u2019une nouvelle ann\u00e9e universitaire.<\/strong><\/h2>\n<h4 data-start=\"433\" data-end=\"473\">Un effectif global en l\u00e9ger recul<\/h4>\n<p data-start=\"474\" data-end=\"811\">Au total, l\u2019Enstib accueillera cette ann\u00e9e environ 400 \u00e9tudiants. L\u2019effectif enregistre une l\u00e9g\u00e8re baisse par rapport aux ann\u00e9es pr\u00e9c\u00e9dentes, mais reste l\u2019un des p\u00f4les majeurs de l\u2019enseignement sup\u00e9rieur spinalien. \u00c0 titre de comparaison, les Vosges comptent pr\u00e8s de 4 000 \u00e9tudiants inscrits dans l\u2019ensemble des formations sup\u00e9rieures.<\/p>\n<h4 data-start=\"813\" data-end=\"842\">Les nouveaux arrivants<\/h4>\n<p data-start=\"843\" data-end=\"1113\">Parmi les \u00e9tudiants fra\u00eechement accueillis figurent 80 inscrits en licence professionnelle <em data-start=\"934\" data-end=\"951\">m\u00e9tiers du bois<\/em> et 68 \u00e9l\u00e8ves ing\u00e9nieurs de premi\u00e8re ann\u00e9e. Une rentr\u00e9e qui marque le d\u00e9but d\u2019un cursus exigeant et reconnu dans le domaine du bois et des mat\u00e9riaux biosourc\u00e9s.<\/p>\n<h4 data-start=\"1115\" data-end=\"1150\">Le campus bient\u00f4t au complet<\/h4>\n<p data-start=\"1151\" data-end=\"1392\">Les promotions sup\u00e9rieures, \u00e0 savoir les \u00e9tudiants en master ainsi que les \u00e9l\u00e8ves ing\u00e9nieurs de deuxi\u00e8me et troisi\u00e8me ann\u00e9e, rejoindront progressivement le campus bois dans les prochains jours, compl\u00e9tant ainsi la vie \u00e9tudiante de l\u2019\u00e9cole.<\/p>\n","protected":false},"excerpt":{"rendered":"<p>L\u2019heure de la rentr\u00e9e a sonn\u00e9 ce mercredi pour les \u00e9tudiants de l\u2019\u00c9cole nationale sup\u00e9rieure des technologies et industries du [&hellip;]<\/p>\n","protected":false},"author":52,"featured_media":134687,"comment_status":"open","ping_status":"open","sticky":false,"template":"","format":"standard","meta":{"footnotes":""},"categories":[22,15,24],"tags":[],"class_list":["post-134686","post","type-post","status-publish","format-standard","has-post-thumbnail","hentry","category-a-la-une","category-education","category-epinal"],"acf":[],"yoast_head":"<!-- This site is optimized with the Yoast SEO plugin v22.5 - https:\/\/yoast.com\/wordpress\/plugins\/seo\/ -->\n<title>\u00c9pinal : 150 nouveaux \u00e9tudiants font leur rentr\u00e9e \u00e0 l\u2019Enstib - Epinal Info<\/title>\n<meta name=\"robots\" content=\"index, follow, max-snippet:-1, max-image-preview:large, max-video-preview:-1\" \/>\n<link rel=\"canonical\" href=\"https:\/\/vosgesinfo.fr\/epinalinfo\/2025\/08\/epinal-150-nouveaux-etudiants-font-leur-rentree-a-lenstib\/\" \/>\n<meta name=\"twitter:card\" content=\"summary_large_image\" \/>\n<meta name=\"twitter:title\" content=\"\u00c9pinal : 150 nouveaux \u00e9tudiants font leur rentr\u00e9e \u00e0 l\u2019Enstib - Epinal Info\" \/>\n<meta name=\"twitter:description\" content=\"L\u2019heure de la rentr\u00e9e a sonn\u00e9 ce mercredi pour les \u00e9tudiants de l\u2019\u00c9cole nationale sup\u00e9rieure des technologies et industries du [&hellip;]\" \/>\n<meta name=\"twitter:image\" content=\"https:\/\/vosgesinfo.fr\/app\/uploads\/sites\/3\/2025\/08\/539556775-18360135130152810-7628866181442210312-n.jpg\" \/>\n<meta name=\"twitter:creator\" content=\"@VosgesInfo88\" \/>\n<meta name=\"twitter:site\" content=\"@VosgesInfo88\" \/>\n<meta name=\"twitter:label1\" content=\"\u00c9crit par\" \/>\n\t<meta name=\"twitter:data1\" content=\"C.K.\" \/>\n\t<meta name=\"twitter:label2\" content=\"Dur\u00e9e de lecture estim\u00e9e\" \/>\n\t<meta name=\"twitter:data2\" content=\"1 minute\" \/>\n<script type=\"application\/ld+json\" class=\"yoast-schema-graph\">{\"@context\":\"https:\/\/schema.org\",\"@graph\":[{\"@type\":\"Article\",\"@id\":\"https:\/\/vosgesinfo.fr\/epinalinfo\/2025\/08\/epinal-150-nouveaux-etudiants-font-leur-rentree-a-lenstib\/#article\",\"isPartOf\":{\"@id\":\"https:\/\/vosgesinfo.fr\/epinalinfo\/2025\/08\/epinal-150-nouveaux-etudiants-font-leur-rentree-a-lenstib\/\"},\"author\":{\"name\":\"C.K.\",\"@id\":\"https:\/\/vosgesinfo.fr\/epinalinfo\/#\/schema\/person\/6f9a650eeea99d969b6c4ab78fccbe81\"},\"headline\":\"\u00c9pinal : 150 nouveaux \u00e9tudiants font leur rentr\u00e9e \u00e0 l\u2019Enstib\",\"datePublished\":\"2025-08-28T09:50:47+00:00\",\"dateModified\":\"2025-08-28T09:44:57+00:00\",\"mainEntityOfPage\":{\"@id\":\"https:\/\/vosgesinfo.fr\/epinalinfo\/2025\/08\/epinal-150-nouveaux-etudiants-font-leur-rentree-a-lenstib\/\"},\"wordCount\":237,\"commentCount\":0,\"publisher\":{\"@id\":\"https:\/\/vosgesinfo.fr\/epinalinfo\/#organization\"},\"image\":{\"@id\":\"https:\/\/vosgesinfo.fr\/epinalinfo\/2025\/08\/epinal-150-nouveaux-etudiants-font-leur-rentree-a-lenstib\/#primaryimage\"},\"thumbnailUrl\":\"https:\/\/vosgesinfo.fr\/app\/uploads\/sites\/3\/2025\/08\/539556775-18360135130152810-7628866181442210312-n.jpg\",\"articleSection\":[\"A la Une\",\"\u00c9ducation\",\"Epinal\"],\"inLanguage\":\"fr-FR\",\"potentialAction\":[{\"@type\":\"CommentAction\",\"name\":\"Comment\",\"target\":[\"https:\/\/vosgesinfo.fr\/epinalinfo\/2025\/08\/epinal-150-nouveaux-etudiants-font-leur-rentree-a-lenstib\/#respond\"]}]},{\"@type\":\"WebPage\",\"@id\":\"https:\/\/vosgesinfo.fr\/epinalinfo\/2025\/08\/epinal-150-nouveaux-etudiants-font-leur-rentree-a-lenstib\/\",\"url\":\"https:\/\/vosgesinfo.fr\/epinalinfo\/2025\/08\/epinal-150-nouveaux-etudiants-font-leur-rentree-a-lenstib\/\",\"name\":\"\u00c9pinal : 150 nouveaux \u00e9tudiants font leur rentr\u00e9e \u00e0 l\u2019Enstib - Epinal Info\",\"isPartOf\":{\"@id\":\"https:\/\/vosgesinfo.fr\/epinalinfo\/#website\"},\"primaryImageOfPage\":{\"@id\":\"https:\/\/vosgesinfo.fr\/epinalinfo\/2025\/08\/epinal-150-nouveaux-etudiants-font-leur-rentree-a-lenstib\/#primaryimage\"},\"image\":{\"@id\":\"https:\/\/vosgesinfo.fr\/epinalinfo\/2025\/08\/epinal-150-nouveaux-etudiants-font-leur-rentree-a-lenstib\/#primaryimage\"},\"thumbnailUrl\":\"https:\/\/vosgesinfo.fr\/app\/uploads\/sites\/3\/2025\/08\/539556775-18360135130152810-7628866181442210312-n.jpg\",\"datePublished\":\"2025-08-28T09:50:47+00:00\",\"dateModified\":\"2025-08-28T09:44:57+00:00\",\"breadcrumb\":{\"@id\":\"https:\/\/vosgesinfo.fr\/epinalinfo\/2025\/08\/epinal-150-nouveaux-etudiants-font-leur-rentree-a-lenstib\/#breadcrumb\"},\"inLanguage\":\"fr-FR\",\"potentialAction\":[{\"@type\":\"ReadAction\",\"target\":[\"https:\/\/vosgesinfo.fr\/epinalinfo\/2025\/08\/epinal-150-nouveaux-etudiants-font-leur-rentree-a-lenstib\/\"]}]},{\"@type\":\"ImageObject\",\"inLanguage\":\"fr-FR\",\"@id\":\"https:\/\/vosgesinfo.fr\/epinalinfo\/2025\/08\/epinal-150-nouveaux-etudiants-font-leur-rentree-a-lenstib\/#primaryimage\",\"url\":\"https:\/\/vosgesinfo.fr\/app\/uploads\/sites\/3\/2025\/08\/539556775-18360135130152810-7628866181442210312-n.jpg\",\"contentUrl\":\"https:\/\/vosgesinfo.fr\/app\/uploads\/sites\/3\/2025\/08\/539556775-18360135130152810-7628866181442210312-n.jpg\",\"width\":1440,\"height\":1440,\"caption\":\"photo ENSTIB d'Epinal\"},{\"@type\":\"BreadcrumbList\",\"@id\":\"https:\/\/vosgesinfo.fr\/epinalinfo\/2025\/08\/epinal-150-nouveaux-etudiants-font-leur-rentree-a-lenstib\/#breadcrumb\",\"itemListElement\":[{\"@type\":\"ListItem\",\"position\":1,\"name\":\"Home\",\"item\":\"https:\/\/vosgesinfo.fr\/epinalinfo\/\"},{\"@type\":\"ListItem\",\"position\":2,\"name\":\"\u00c9pinal : 150 nouveaux \u00e9tudiants font leur rentr\u00e9e \u00e0 l\u2019Enstib\"}]},{\"@type\":\"WebSite\",\"@id\":\"https:\/\/vosgesinfo.fr\/epinalinfo\/#website\",\"url\":\"https:\/\/vosgesinfo.fr\/epinalinfo\/\",\"name\":\"Epinal Info\",\"description\":\"Toute l&#039;actualit\u00e9 d&#039;\u00c9pinal\",\"publisher\":{\"@id\":\"https:\/\/vosgesinfo.fr\/epinalinfo\/#organization\"},\"alternateName\":\"Toute l'actualit\u00e9 d'\u00c9pinal\",\"potentialAction\":[{\"@type\":\"SearchAction\",\"target\":{\"@type\":\"EntryPoint\",\"urlTemplate\":\"https:\/\/vosgesinfo.fr\/epinalinfo\/?s={search_term_string}\"},\"query-input\":\"required name=search_term_string\"}],\"inLanguage\":\"fr-FR\"},{\"@type\":\"Organization\",\"@id\":\"https:\/\/vosgesinfo.fr\/epinalinfo\/#organization\",\"name\":\"Epinal Info\",\"url\":\"https:\/\/vosgesinfo.fr\/epinalinfo\/\",\"logo\":{\"@type\":\"ImageObject\",\"inLanguage\":\"fr-FR\",\"@id\":\"https:\/\/vosgesinfo.fr\/epinalinfo\/#\/schema\/logo\/image\/\",\"url\":\"https:\/\/vosgesinfo.fr\/app\/uploads\/sites\/3\/2023\/08\/logo-epinalinfos.svg\",\"contentUrl\":\"https:\/\/vosgesinfo.fr\/app\/uploads\/sites\/3\/2023\/08\/logo-epinalinfos.svg\",\"width\":1,\"height\":1,\"caption\":\"Epinal Info\"},\"image\":{\"@id\":\"https:\/\/vosgesinfo.fr\/epinalinfo\/#\/schema\/logo\/image\/\"},\"sameAs\":[\"https:\/\/www.facebook.com\/Epinalinfos\",\"https:\/\/x.com\/VosgesInfo88\",\"https:\/\/www.youtube.com\/@vosgesinfo\"]},{\"@type\":\"Person\",\"@id\":\"https:\/\/vosgesinfo.fr\/epinalinfo\/#\/schema\/person\/6f9a650eeea99d969b6c4ab78fccbe81\",\"name\":\"C.K.\",\"image\":{\"@type\":\"ImageObject\",\"inLanguage\":\"fr-FR\",\"@id\":\"https:\/\/vosgesinfo.fr\/epinalinfo\/#\/schema\/person\/image\/\",\"url\":\"https:\/\/secure.gravatar.com\/avatar\/48e3fc7f8421ba8942be6b74a2b7f014ca39bc00dece156b7a8e098ae7dc87bf?s=96&d=mm&r=g\",\"contentUrl\":\"https:\/\/secure.gravatar.com\/avatar\/48e3fc7f8421ba8942be6b74a2b7f014ca39bc00dece156b7a8e098ae7dc87bf?s=96&d=mm&r=g\",\"caption\":\"C.K.\"},\"url\":\"https:\/\/vosgesinfo.fr\/epinalinfo\/author\/celia-k-n\/\"}]}<\/script>\n<!-- \/ Yoast SEO plugin. -->","yoast_head_json":{"title":"\u00c9pinal : 150 nouveaux \u00e9tudiants font leur rentr\u00e9e \u00e0 l\u2019Enstib - Epinal Info","robots":{"index":"index","follow":"follow","max-snippet":"max-snippet:-1","max-image-preview":"max-image-preview:large","max-video-preview":"max-video-preview:-1"},"canonical":"https:\/\/vosgesinfo.fr\/epinalinfo\/2025\/08\/epinal-150-nouveaux-etudiants-font-leur-rentree-a-lenstib\/","twitter_card":"summary_large_image","twitter_title":"\u00c9pinal : 150 nouveaux \u00e9tudiants font leur rentr\u00e9e \u00e0 l\u2019Enstib - Epinal Info","twitter_description":"L\u2019heure de la rentr\u00e9e a sonn\u00e9 ce mercredi pour les \u00e9tudiants de l\u2019\u00c9cole nationale sup\u00e9rieure des technologies et industries du [&hellip;]","twitter_image":"https:\/\/vosgesinfo.fr\/app\/uploads\/sites\/3\/2025\/08\/539556775-18360135130152810-7628866181442210312-n.jpg","twitter_creator":"@VosgesInfo88","twitter_site":"@VosgesInfo88","twitter_misc":{"\u00c9crit par":"C.K.","Dur\u00e9e de lecture estim\u00e9e":"1 minute"},"schema":{"@context":"https:\/\/schema.org","@graph":[{"@type":"Article","@id":"https:\/\/vosgesinfo.fr\/epinalinfo\/2025\/08\/epinal-150-nouveaux-etudiants-font-leur-rentree-a-lenstib\/#article","isPartOf":{"@id":"https:\/\/vosgesinfo.fr\/epinalinfo\/2025\/08\/epinal-150-nouveaux-etudiants-font-leur-rentree-a-lenstib\/"},"author":{"name":"C.K.","@id":"https:\/\/vosgesinfo.fr\/epinalinfo\/#\/schema\/person\/6f9a650eeea99d969b6c4ab78fccbe81"},"headline":"\u00c9pinal : 150 nouveaux \u00e9tudiants font leur rentr\u00e9e \u00e0 l\u2019Enstib","datePublished":"2025-08-28T09:50:47+00:00","dateModified":"2025-08-28T09:44:57+00:00","mainEntityOfPage":{"@id":"https:\/\/vosgesinfo.fr\/epinalinfo\/2025\/08\/epinal-150-nouveaux-etudiants-font-leur-rentree-a-lenstib\/"},"wordCount":237,"commentCount":0,"publisher":{"@id":"https:\/\/vosgesinfo.fr\/epinalinfo\/#organization"},"image":{"@id":"https:\/\/vosgesinfo.fr\/epinalinfo\/2025\/08\/epinal-150-nouveaux-etudiants-font-leur-rentree-a-lenstib\/#primaryimage"},"thumbnailUrl":"https:\/\/vosgesinfo.fr\/app\/uploads\/sites\/3\/2025\/08\/539556775-18360135130152810-7628866181442210312-n.jpg","articleSection":["A la Une","\u00c9ducation","Epinal"],"inLanguage":"fr-FR","potentialAction":[{"@type":"CommentAction","name":"Comment","target":["https:\/\/vosgesinfo.fr\/epinalinfo\/2025\/08\/epinal-150-nouveaux-etudiants-font-leur-rentree-a-lenstib\/#respond"]}]},{"@type":"WebPage","@id":"https:\/\/vosgesinfo.fr\/epinalinfo\/2025\/08\/epinal-150-nouveaux-etudiants-font-leur-rentree-a-lenstib\/","url":"https:\/\/vosgesinfo.fr\/epinalinfo\/2025\/08\/epinal-150-nouveaux-etudiants-font-leur-rentree-a-lenstib\/","name":"\u00c9pinal : 150 nouveaux \u00e9tudiants font leur rentr\u00e9e \u00e0 l\u2019Enstib - Epinal Info","isPartOf":{"@id":"https:\/\/vosgesinfo.fr\/epinalinfo\/#website"},"primaryImageOfPage":{"@id":"https:\/\/vosgesinfo.fr\/epinalinfo\/2025\/08\/epinal-150-nouveaux-etudiants-font-leur-rentree-a-lenstib\/#primaryimage"},"image":{"@id":"https:\/\/vosgesinfo.fr\/epinalinfo\/2025\/08\/epinal-150-nouveaux-etudiants-font-leur-rentree-a-lenstib\/#primaryimage"},"thumbnailUrl":"https:\/\/vosgesinfo.fr\/app\/uploads\/sites\/3\/2025\/08\/539556775-18360135130152810-7628866181442210312-n.jpg","datePublished":"2025-08-28T09:50:47+00:00","dateModified":"2025-08-28T09:44:57+00:00","breadcrumb":{"@id":"https:\/\/vosgesinfo.fr\/epinalinfo\/2025\/08\/epinal-150-nouveaux-etudiants-font-leur-rentree-a-lenstib\/#breadcrumb"},"inLanguage":"fr-FR","potentialAction":[{"@type":"ReadAction","target":["https:\/\/vosgesinfo.fr\/epinalinfo\/2025\/08\/epinal-150-nouveaux-etudiants-font-leur-rentree-a-lenstib\/"]}]},{"@type":"ImageObject","inLanguage":"fr-FR","@id":"https:\/\/vosgesinfo.fr\/epinalinfo\/2025\/08\/epinal-150-nouveaux-etudiants-font-leur-rentree-a-lenstib\/#primaryimage","url":"https:\/\/vosgesinfo.fr\/app\/uploads\/sites\/3\/2025\/08\/539556775-18360135130152810-7628866181442210312-n.jpg","contentUrl":"https:\/\/vosgesinfo.fr\/app\/uploads\/sites\/3\/2025\/08\/539556775-18360135130152810-7628866181442210312-n.jpg","width":1440,"height":1440,"caption":"photo ENSTIB d'Epinal"},{"@type":"BreadcrumbList","@id":"https:\/\/vosgesinfo.fr\/epinalinfo\/2025\/08\/epinal-150-nouveaux-etudiants-font-leur-rentree-a-lenstib\/#breadcrumb","itemListElement":[{"@type":"ListItem","position":1,"name":"Home","item":"https:\/\/vosgesinfo.fr\/epinalinfo\/"},{"@type":"ListItem","position":2,"name":"\u00c9pinal : 150 nouveaux \u00e9tudiants font leur rentr\u00e9e \u00e0 l\u2019Enstib"}]},{"@type":"WebSite","@id":"https:\/\/vosgesinfo.fr\/epinalinfo\/#website","url":"https:\/\/vosgesinfo.fr\/epinalinfo\/","name":"Epinal Info","description":"Toute l&#039;actualit\u00e9 d&#039;\u00c9pinal","publisher":{"@id":"https:\/\/vosgesinfo.fr\/epinalinfo\/#organization"},"alternateName":"Toute l'actualit\u00e9 d'\u00c9pinal","potentialAction":[{"@type":"SearchAction","target":{"@type":"EntryPoint","urlTemplate":"https:\/\/vosgesinfo.fr\/epinalinfo\/?s={search_term_string}"},"query-input":"required name=search_term_string"}],"inLanguage":"fr-FR"},{"@type":"Organization","@id":"https:\/\/vosgesinfo.fr\/epinalinfo\/#organization","name":"Epinal Info","url":"https:\/\/vosgesinfo.fr\/epinalinfo\/","logo":{"@type":"ImageObject","inLanguage":"fr-FR","@id":"https:\/\/vosgesinfo.fr\/epinalinfo\/#\/schema\/logo\/image\/","url":"https:\/\/vosgesinfo.fr\/app\/uploads\/sites\/3\/2023\/08\/logo-epinalinfos.svg","contentUrl":"https:\/\/vosgesinfo.fr\/app\/uploads\/sites\/3\/2023\/08\/logo-epinalinfos.svg","width":1,"height":1,"caption":"Epinal Info"},"image":{"@id":"https:\/\/vosgesinfo.fr\/epinalinfo\/#\/schema\/logo\/image\/"},"sameAs":["https:\/\/www.facebook.com\/Epinalinfos","https:\/\/x.com\/VosgesInfo88","https:\/\/www.youtube.com\/@vosgesinfo"]},{"@type":"Person","@id":"https:\/\/vosgesinfo.fr\/epinalinfo\/#\/schema\/person\/6f9a650eeea99d969b6c4ab78fccbe81","name":"C.K.","image":{"@type":"ImageObject","inLanguage":"fr-FR","@id":"https:\/\/vosgesinfo.fr\/epinalinfo\/#\/schema\/person\/image\/","url":"https:\/\/secure.gravatar.com\/avatar\/48e3fc7f8421ba8942be6b74a2b7f014ca39bc00dece156b7a8e098ae7dc87bf?s=96&d=mm&r=g","contentUrl":"https:\/\/secure.gravatar.com\/avatar\/48e3fc7f8421ba8942be6b74a2b7f014ca39bc00dece156b7a8e098ae7dc87bf?s=96&d=mm&r=g","caption":"C.K."},"url":"https:\/\/vosgesinfo.fr\/epinalinfo\/author\/celia-k-n\/"}]}},"_links":{"self":[{"href":"https:\/\/vosgesinfo.fr\/epinalinfo\/wp-json\/wp\/v2\/posts\/134686","targetHints":{"allow":["GET"]}}],"collection":[{"href":"https:\/\/vosgesinfo.fr\/epinalinfo\/wp-json\/wp\/v2\/posts"}],"about":[{"href":"https:\/\/vosgesinfo.fr\/epinalinfo\/wp-json\/wp\/v2\/types\/post"}],"author":[{"embeddable":true,"href":"https:\/\/vosgesinfo.fr\/epinalinfo\/wp-json\/wp\/v2\/users\/52"}],"replies":[{"embeddable":true,"href":"https:\/\/vosgesinfo.fr\/epinalinfo\/wp-json\/wp\/v2\/comments?post=134686"}],"version-history":[{"count":1,"href":"https:\/\/vosgesinfo.fr\/epinalinfo\/wp-json\/wp\/v2\/posts\/134686\/revisions"}],"predecessor-version":[{"id":134688,"href":"https:\/\/vosgesinfo.fr\/epinalinfo\/wp-json\/wp\/v2\/posts\/134686\/revisions\/134688"}],"wp:featuredmedia":[{"embeddable":true,"href":"https:\/\/vosgesinfo.fr\/epinalinfo\/wp-json\/wp\/v2\/media\/134687"}],"wp:attachment":[{"href":"https:\/\/vosgesinfo.fr\/epinalinfo\/wp-json\/wp\/v2\/media?parent=134686"}],"wp:term":[{"taxonomy":"category","embeddable":true,"href":"https:\/\/vosgesinfo.fr\/epinalinfo\/wp-json\/wp\/v2\/categories?post=134686"},{"taxonomy":"post_tag","embeddable":true,"href":"https:\/\/vosgesinfo.fr\/epinalinfo\/wp-json\/wp\/v2\/tags?post=134686"}],"curies":[{"name":"wp","href":"https:\/\/api.w.org\/{rel}","templated":true}]}}