{"id":134699,"date":"2025-08-28T14:45:51","date_gmt":"2025-08-28T12:45:51","guid":{"rendered":"https:\/\/vosgesinfo.fr\/epinalinfo\/?p=134699"},"modified":"2025-08-28T14:43:49","modified_gmt":"2025-08-28T12:43:49","slug":"liquidation-judiciaire-en-vue-pour-deux-societes-dambulances-vosgiennes","status":"publish","type":"post","link":"https:\/\/vosgesinfo.fr\/epinalinfo\/2025\/08\/liquidation-judiciaire-en-vue-pour-deux-societes-dambulances-vosgiennes\/","title":{"rendered":"Liquidation judiciaire en vue pour deux soci\u00e9t\u00e9s d\u2019ambulances vosgiennes"},"content":{"rendered":"<h2 data-start=\"157\" data-end=\"490\"><strong><a href=\"https:\/\/vosgesinfo.fr\/app\/uploads\/sites\/3\/2025\/08\/ambulances2.jpg\"><img decoding=\"async\" class=\"aligncenter size-full wp-image-134700\" src=\"https:\/\/vosgesinfo.fr\/app\/uploads\/sites\/3\/2025\/08\/ambulances2.jpg\" alt=\"\" width=\"2040\" height=\"1536\" srcset=\"https:\/\/vosgesinfo.fr\/app\/uploads\/sites\/3\/2025\/08\/ambulances2.jpg 2040w, https:\/\/vosgesinfo.fr\/app\/uploads\/sites\/3\/2025\/08\/ambulances2-300x226.jpg 300w, https:\/\/vosgesinfo.fr\/app\/uploads\/sites\/3\/2025\/08\/ambulances2-1024x771.jpg 1024w, https:\/\/vosgesinfo.fr\/app\/uploads\/sites\/3\/2025\/08\/ambulances2-768x578.jpg 768w, https:\/\/vosgesinfo.fr\/app\/uploads\/sites\/3\/2025\/08\/ambulances2-1536x1157.jpg 1536w\" sizes=\"(max-width: 2040px) 100vw, 2040px\" \/><\/a>Les salari\u00e9s des ambulances ABC \u00e0 Bruy\u00e8res et d\u2019ABW \u00e0 Lerrain traversent une p\u00e9riode d\u2019incertitude et d\u2019angoisse. Ils viennent d\u2019apprendre que leur licenciement collectif se profile, la liquidation judiciaire de leurs entreprises devant \u00eatre demand\u00e9e le 2 septembre prochain devant le tribunal de commerce de Nancy. <\/strong>Au total, <strong data-start=\"502\" data-end=\"517\">25 salari\u00e9s<\/strong> devraient perdre leur emploi.<\/h2>\n<h3 data-start=\"551\" data-end=\"582\">R\u00e9union \u00e0 Thaon-l\u00e8s-Vosges<\/h3>\n<p data-start=\"583\" data-end=\"884\">R\u00e9unis ce jeudi apr\u00e8s-midi devant le si\u00e8ge de SOS Thaon, \u00e0 Thaon-l\u00e8s-Vosges, les salari\u00e9s ont particip\u00e9 \u00e0 une r\u00e9union extraordinaire en pr\u00e9paration de l\u2019audience. \u00ab Nous voulons \u00eatre pr\u00eats pour le 2 septembre et d\u00e9fendre nos coll\u00e8gues \u00bb, explique Christelle L\u00e9v\u00eaque, d\u00e9l\u00e9gu\u00e9e syndicale CFDT.<\/p>\n<h3 data-start=\"886\" data-end=\"930\">Deux soci\u00e9t\u00e9s concern\u00e9es pour l\u2019instant<\/h3>\n<p data-start=\"931\" data-end=\"1176\">La d\u00e9cision concerne uniquement les entit\u00e9s ABC Bruy\u00e8res et ABW Lerrain. Les autres soci\u00e9t\u00e9s du groupe M\u00e9di 3 F, \u00e0 savoir SOS Thaon, RVS \u00e0 Remiremont et Ambulances de la V\u00f4ge \u00e0 Xertigny, ne sont pas touch\u00e9es \u00e0 ce stade.<\/p>\n<p data-start=\"1178\" data-end=\"1447\">Le groupe M\u00e9di 3 F, dont le si\u00e8ge est bas\u00e9 \u00e0 Thaon-les-Vosges, regroupe plusieurs entreprises de transport sanitaire. ABC et ABW avaient d\u00e9j\u00e0 \u00e9t\u00e9 plac\u00e9es en redressement judiciaire courant 2024, sans parvenir \u00e0 redresser durablement leur situation financi\u00e8re.<\/p>\n<h3 data-start=\"1449\" data-end=\"1474\">L\u2019inqui\u00e9tude grandit<\/h3>\n<p data-start=\"1475\" data-end=\"1777\">Pour les salari\u00e9s, la perspective d\u2019une liquidation repr\u00e9sente un v\u00e9ritable choc. Beaucoup redoutent de ne pas retrouver de poste dans un secteur d\u00e9j\u00e0 fragilis\u00e9. Les syndicats se mobilisent pour accompagner les \u00e9quipes et tenter de faire entendre leur voix lors de l\u2019audience du tribunal de commerce.<\/p>\n<p data-start=\"1475\" data-end=\"1777\"><a href=\"https:\/\/vosgesinfo.fr\/app\/uploads\/sites\/3\/2025\/08\/ambulances.jpg\"><img decoding=\"async\" class=\"aligncenter size-full wp-image-134701\" src=\"https:\/\/vosgesinfo.fr\/app\/uploads\/sites\/3\/2025\/08\/ambulances.jpg\" alt=\"\" width=\"2040\" height=\"1536\" srcset=\"https:\/\/vosgesinfo.fr\/app\/uploads\/sites\/3\/2025\/08\/ambulances.jpg 2040w, https:\/\/vosgesinfo.fr\/app\/uploads\/sites\/3\/2025\/08\/ambulances-300x226.jpg 300w, https:\/\/vosgesinfo.fr\/app\/uploads\/sites\/3\/2025\/08\/ambulances-1024x771.jpg 1024w, https:\/\/vosgesinfo.fr\/app\/uploads\/sites\/3\/2025\/08\/ambulances-768x578.jpg 768w, https:\/\/vosgesinfo.fr\/app\/uploads\/sites\/3\/2025\/08\/ambulances-1536x1157.jpg 1536w\" sizes=\"(max-width: 2040px) 100vw, 2040px\" \/><\/a><\/p>\n","protected":false},"excerpt":{"rendered":"<p>Les salari\u00e9s des ambulances ABC \u00e0 Bruy\u00e8res et d\u2019ABW \u00e0 Lerrain traversent une p\u00e9riode d\u2019incertitude et d\u2019angoisse. Ils viennent d\u2019apprendre [&hellip;]<\/p>\n","protected":false},"author":52,"featured_media":134700,"comment_status":"open","ping_status":"open","sticky":false,"template":"","format":"standard","meta":{"footnotes":""},"categories":[22,60,24,5],"tags":[],"class_list":["post-134699","post","type-post","status-publish","format-standard","has-post-thumbnail","hentry","category-a-la-une","category-bruyeres","category-epinal","category-vosges"],"acf":[],"yoast_head":"<!-- This site is optimized with the Yoast SEO plugin v22.5 - https:\/\/yoast.com\/wordpress\/plugins\/seo\/ -->\n<title>Liquidation judiciaire en vue pour deux soci\u00e9t\u00e9s d\u2019ambulances vosgiennes - Epinal Info<\/title>\n<meta name=\"robots\" content=\"index, follow, max-snippet:-1, max-image-preview:large, max-video-preview:-1\" \/>\n<link rel=\"canonical\" href=\"https:\/\/vosgesinfo.fr\/epinalinfo\/2025\/08\/liquidation-judiciaire-en-vue-pour-deux-societes-dambulances-vosgiennes\/\" \/>\n<meta name=\"twitter:card\" content=\"summary_large_image\" \/>\n<meta name=\"twitter:title\" content=\"Liquidation judiciaire en vue pour deux soci\u00e9t\u00e9s d\u2019ambulances vosgiennes - Epinal Info\" \/>\n<meta name=\"twitter:description\" content=\"Les salari\u00e9s des ambulances ABC \u00e0 Bruy\u00e8res et d\u2019ABW \u00e0 Lerrain traversent une p\u00e9riode d\u2019incertitude et d\u2019angoisse. Ils viennent d\u2019apprendre [&hellip;]\" \/>\n<meta name=\"twitter:image\" content=\"https:\/\/vosgesinfo.fr\/app\/uploads\/sites\/3\/2025\/08\/ambulances2.jpg\" \/>\n<meta name=\"twitter:creator\" content=\"@VosgesInfo88\" \/>\n<meta name=\"twitter:site\" content=\"@VosgesInfo88\" \/>\n<meta name=\"twitter:label1\" content=\"\u00c9crit par\" \/>\n\t<meta name=\"twitter:data1\" content=\"C.K.\" \/>\n\t<meta name=\"twitter:label2\" content=\"Dur\u00e9e de lecture estim\u00e9e\" \/>\n\t<meta name=\"twitter:data2\" content=\"1 minute\" \/>\n<script type=\"application\/ld+json\" class=\"yoast-schema-graph\">{\"@context\":\"https:\/\/schema.org\",\"@graph\":[{\"@type\":\"Article\",\"@id\":\"https:\/\/vosgesinfo.fr\/epinalinfo\/2025\/08\/liquidation-judiciaire-en-vue-pour-deux-societes-dambulances-vosgiennes\/#article\",\"isPartOf\":{\"@id\":\"https:\/\/vosgesinfo.fr\/epinalinfo\/2025\/08\/liquidation-judiciaire-en-vue-pour-deux-societes-dambulances-vosgiennes\/\"},\"author\":{\"name\":\"C.K.\",\"@id\":\"https:\/\/vosgesinfo.fr\/epinalinfo\/#\/schema\/person\/6f9a650eeea99d969b6c4ab78fccbe81\"},\"headline\":\"Liquidation judiciaire en vue pour deux soci\u00e9t\u00e9s d\u2019ambulances vosgiennes\",\"datePublished\":\"2025-08-28T12:45:51+00:00\",\"dateModified\":\"2025-08-28T12:43:49+00:00\",\"mainEntityOfPage\":{\"@id\":\"https:\/\/vosgesinfo.fr\/epinalinfo\/2025\/08\/liquidation-judiciaire-en-vue-pour-deux-societes-dambulances-vosgiennes\/\"},\"wordCount\":277,\"commentCount\":1,\"publisher\":{\"@id\":\"https:\/\/vosgesinfo.fr\/epinalinfo\/#organization\"},\"image\":{\"@id\":\"https:\/\/vosgesinfo.fr\/epinalinfo\/2025\/08\/liquidation-judiciaire-en-vue-pour-deux-societes-dambulances-vosgiennes\/#primaryimage\"},\"thumbnailUrl\":\"https:\/\/vosgesinfo.fr\/app\/uploads\/sites\/3\/2025\/08\/ambulances2.jpg\",\"articleSection\":[\"A la Une\",\"Bruy\u00e8res\",\"Epinal\",\"Vosges\"],\"inLanguage\":\"fr-FR\",\"potentialAction\":[{\"@type\":\"CommentAction\",\"name\":\"Comment\",\"target\":[\"https:\/\/vosgesinfo.fr\/epinalinfo\/2025\/08\/liquidation-judiciaire-en-vue-pour-deux-societes-dambulances-vosgiennes\/#respond\"]}]},{\"@type\":\"WebPage\",\"@id\":\"https:\/\/vosgesinfo.fr\/epinalinfo\/2025\/08\/liquidation-judiciaire-en-vue-pour-deux-societes-dambulances-vosgiennes\/\",\"url\":\"https:\/\/vosgesinfo.fr\/epinalinfo\/2025\/08\/liquidation-judiciaire-en-vue-pour-deux-societes-dambulances-vosgiennes\/\",\"name\":\"Liquidation judiciaire en vue pour deux soci\u00e9t\u00e9s d\u2019ambulances vosgiennes - Epinal Info\",\"isPartOf\":{\"@id\":\"https:\/\/vosgesinfo.fr\/epinalinfo\/#website\"},\"primaryImageOfPage\":{\"@id\":\"https:\/\/vosgesinfo.fr\/epinalinfo\/2025\/08\/liquidation-judiciaire-en-vue-pour-deux-societes-dambulances-vosgiennes\/#primaryimage\"},\"image\":{\"@id\":\"https:\/\/vosgesinfo.fr\/epinalinfo\/2025\/08\/liquidation-judiciaire-en-vue-pour-deux-societes-dambulances-vosgiennes\/#primaryimage\"},\"thumbnailUrl\":\"https:\/\/vosgesinfo.fr\/app\/uploads\/sites\/3\/2025\/08\/ambulances2.jpg\",\"datePublished\":\"2025-08-28T12:45:51+00:00\",\"dateModified\":\"2025-08-28T12:43:49+00:00\",\"breadcrumb\":{\"@id\":\"https:\/\/vosgesinfo.fr\/epinalinfo\/2025\/08\/liquidation-judiciaire-en-vue-pour-deux-societes-dambulances-vosgiennes\/#breadcrumb\"},\"inLanguage\":\"fr-FR\",\"potentialAction\":[{\"@type\":\"ReadAction\",\"target\":[\"https:\/\/vosgesinfo.fr\/epinalinfo\/2025\/08\/liquidation-judiciaire-en-vue-pour-deux-societes-dambulances-vosgiennes\/\"]}]},{\"@type\":\"ImageObject\",\"inLanguage\":\"fr-FR\",\"@id\":\"https:\/\/vosgesinfo.fr\/epinalinfo\/2025\/08\/liquidation-judiciaire-en-vue-pour-deux-societes-dambulances-vosgiennes\/#primaryimage\",\"url\":\"https:\/\/vosgesinfo.fr\/app\/uploads\/sites\/3\/2025\/08\/ambulances2.jpg\",\"contentUrl\":\"https:\/\/vosgesinfo.fr\/app\/uploads\/sites\/3\/2025\/08\/ambulances2.jpg\",\"width\":2040,\"height\":1536},{\"@type\":\"BreadcrumbList\",\"@id\":\"https:\/\/vosgesinfo.fr\/epinalinfo\/2025\/08\/liquidation-judiciaire-en-vue-pour-deux-societes-dambulances-vosgiennes\/#breadcrumb\",\"itemListElement\":[{\"@type\":\"ListItem\",\"position\":1,\"name\":\"Home\",\"item\":\"https:\/\/vosgesinfo.fr\/epinalinfo\/\"},{\"@type\":\"ListItem\",\"position\":2,\"name\":\"Liquidation judiciaire en vue pour deux soci\u00e9t\u00e9s d\u2019ambulances vosgiennes\"}]},{\"@type\":\"WebSite\",\"@id\":\"https:\/\/vosgesinfo.fr\/epinalinfo\/#website\",\"url\":\"https:\/\/vosgesinfo.fr\/epinalinfo\/\",\"name\":\"Epinal Info\",\"description\":\"Toute l&#039;actualit\u00e9 d&#039;\u00c9pinal\",\"publisher\":{\"@id\":\"https:\/\/vosgesinfo.fr\/epinalinfo\/#organization\"},\"alternateName\":\"Toute l'actualit\u00e9 d'\u00c9pinal\",\"potentialAction\":[{\"@type\":\"SearchAction\",\"target\":{\"@type\":\"EntryPoint\",\"urlTemplate\":\"https:\/\/vosgesinfo.fr\/epinalinfo\/?s={search_term_string}\"},\"query-input\":\"required name=search_term_string\"}],\"inLanguage\":\"fr-FR\"},{\"@type\":\"Organization\",\"@id\":\"https:\/\/vosgesinfo.fr\/epinalinfo\/#organization\",\"name\":\"Epinal Info\",\"url\":\"https:\/\/vosgesinfo.fr\/epinalinfo\/\",\"logo\":{\"@type\":\"ImageObject\",\"inLanguage\":\"fr-FR\",\"@id\":\"https:\/\/vosgesinfo.fr\/epinalinfo\/#\/schema\/logo\/image\/\",\"url\":\"https:\/\/vosgesinfo.fr\/app\/uploads\/sites\/3\/2023\/08\/logo-epinalinfos.svg\",\"contentUrl\":\"https:\/\/vosgesinfo.fr\/app\/uploads\/sites\/3\/2023\/08\/logo-epinalinfos.svg\",\"width\":1,\"height\":1,\"caption\":\"Epinal Info\"},\"image\":{\"@id\":\"https:\/\/vosgesinfo.fr\/epinalinfo\/#\/schema\/logo\/image\/\"},\"sameAs\":[\"https:\/\/www.facebook.com\/Epinalinfos\",\"https:\/\/x.com\/VosgesInfo88\",\"https:\/\/www.youtube.com\/@vosgesinfo\"]},{\"@type\":\"Person\",\"@id\":\"https:\/\/vosgesinfo.fr\/epinalinfo\/#\/schema\/person\/6f9a650eeea99d969b6c4ab78fccbe81\",\"name\":\"C.K.\",\"image\":{\"@type\":\"ImageObject\",\"inLanguage\":\"fr-FR\",\"@id\":\"https:\/\/vosgesinfo.fr\/epinalinfo\/#\/schema\/person\/image\/\",\"url\":\"https:\/\/secure.gravatar.com\/avatar\/48e3fc7f8421ba8942be6b74a2b7f014ca39bc00dece156b7a8e098ae7dc87bf?s=96&d=mm&r=g\",\"contentUrl\":\"https:\/\/secure.gravatar.com\/avatar\/48e3fc7f8421ba8942be6b74a2b7f014ca39bc00dece156b7a8e098ae7dc87bf?s=96&d=mm&r=g\",\"caption\":\"C.K.\"},\"url\":\"https:\/\/vosgesinfo.fr\/epinalinfo\/author\/celia-k-n\/\"}]}<\/script>\n<!-- \/ Yoast SEO plugin. -->","yoast_head_json":{"title":"Liquidation judiciaire en vue pour deux soci\u00e9t\u00e9s d\u2019ambulances vosgiennes - Epinal Info","robots":{"index":"index","follow":"follow","max-snippet":"max-snippet:-1","max-image-preview":"max-image-preview:large","max-video-preview":"max-video-preview:-1"},"canonical":"https:\/\/vosgesinfo.fr\/epinalinfo\/2025\/08\/liquidation-judiciaire-en-vue-pour-deux-societes-dambulances-vosgiennes\/","twitter_card":"summary_large_image","twitter_title":"Liquidation judiciaire en vue pour deux soci\u00e9t\u00e9s d\u2019ambulances vosgiennes - Epinal Info","twitter_description":"Les salari\u00e9s des ambulances ABC \u00e0 Bruy\u00e8res et d\u2019ABW \u00e0 Lerrain traversent une p\u00e9riode d\u2019incertitude et d\u2019angoisse. Ils viennent d\u2019apprendre [&hellip;]","twitter_image":"https:\/\/vosgesinfo.fr\/app\/uploads\/sites\/3\/2025\/08\/ambulances2.jpg","twitter_creator":"@VosgesInfo88","twitter_site":"@VosgesInfo88","twitter_misc":{"\u00c9crit par":"C.K.","Dur\u00e9e de lecture estim\u00e9e":"1 minute"},"schema":{"@context":"https:\/\/schema.org","@graph":[{"@type":"Article","@id":"https:\/\/vosgesinfo.fr\/epinalinfo\/2025\/08\/liquidation-judiciaire-en-vue-pour-deux-societes-dambulances-vosgiennes\/#article","isPartOf":{"@id":"https:\/\/vosgesinfo.fr\/epinalinfo\/2025\/08\/liquidation-judiciaire-en-vue-pour-deux-societes-dambulances-vosgiennes\/"},"author":{"name":"C.K.","@id":"https:\/\/vosgesinfo.fr\/epinalinfo\/#\/schema\/person\/6f9a650eeea99d969b6c4ab78fccbe81"},"headline":"Liquidation judiciaire en vue pour deux soci\u00e9t\u00e9s d\u2019ambulances vosgiennes","datePublished":"2025-08-28T12:45:51+00:00","dateModified":"2025-08-28T12:43:49+00:00","mainEntityOfPage":{"@id":"https:\/\/vosgesinfo.fr\/epinalinfo\/2025\/08\/liquidation-judiciaire-en-vue-pour-deux-societes-dambulances-vosgiennes\/"},"wordCount":277,"commentCount":1,"publisher":{"@id":"https:\/\/vosgesinfo.fr\/epinalinfo\/#organization"},"image":{"@id":"https:\/\/vosgesinfo.fr\/epinalinfo\/2025\/08\/liquidation-judiciaire-en-vue-pour-deux-societes-dambulances-vosgiennes\/#primaryimage"},"thumbnailUrl":"https:\/\/vosgesinfo.fr\/app\/uploads\/sites\/3\/2025\/08\/ambulances2.jpg","articleSection":["A la Une","Bruy\u00e8res","Epinal","Vosges"],"inLanguage":"fr-FR","potentialAction":[{"@type":"CommentAction","name":"Comment","target":["https:\/\/vosgesinfo.fr\/epinalinfo\/2025\/08\/liquidation-judiciaire-en-vue-pour-deux-societes-dambulances-vosgiennes\/#respond"]}]},{"@type":"WebPage","@id":"https:\/\/vosgesinfo.fr\/epinalinfo\/2025\/08\/liquidation-judiciaire-en-vue-pour-deux-societes-dambulances-vosgiennes\/","url":"https:\/\/vosgesinfo.fr\/epinalinfo\/2025\/08\/liquidation-judiciaire-en-vue-pour-deux-societes-dambulances-vosgiennes\/","name":"Liquidation judiciaire en vue pour deux soci\u00e9t\u00e9s d\u2019ambulances vosgiennes - Epinal Info","isPartOf":{"@id":"https:\/\/vosgesinfo.fr\/epinalinfo\/#website"},"primaryImageOfPage":{"@id":"https:\/\/vosgesinfo.fr\/epinalinfo\/2025\/08\/liquidation-judiciaire-en-vue-pour-deux-societes-dambulances-vosgiennes\/#primaryimage"},"image":{"@id":"https:\/\/vosgesinfo.fr\/epinalinfo\/2025\/08\/liquidation-judiciaire-en-vue-pour-deux-societes-dambulances-vosgiennes\/#primaryimage"},"thumbnailUrl":"https:\/\/vosgesinfo.fr\/app\/uploads\/sites\/3\/2025\/08\/ambulances2.jpg","datePublished":"2025-08-28T12:45:51+00:00","dateModified":"2025-08-28T12:43:49+00:00","breadcrumb":{"@id":"https:\/\/vosgesinfo.fr\/epinalinfo\/2025\/08\/liquidation-judiciaire-en-vue-pour-deux-societes-dambulances-vosgiennes\/#breadcrumb"},"inLanguage":"fr-FR","potentialAction":[{"@type":"ReadAction","target":["https:\/\/vosgesinfo.fr\/epinalinfo\/2025\/08\/liquidation-judiciaire-en-vue-pour-deux-societes-dambulances-vosgiennes\/"]}]},{"@type":"ImageObject","inLanguage":"fr-FR","@id":"https:\/\/vosgesinfo.fr\/epinalinfo\/2025\/08\/liquidation-judiciaire-en-vue-pour-deux-societes-dambulances-vosgiennes\/#primaryimage","url":"https:\/\/vosgesinfo.fr\/app\/uploads\/sites\/3\/2025\/08\/ambulances2.jpg","contentUrl":"https:\/\/vosgesinfo.fr\/app\/uploads\/sites\/3\/2025\/08\/ambulances2.jpg","width":2040,"height":1536},{"@type":"BreadcrumbList","@id":"https:\/\/vosgesinfo.fr\/epinalinfo\/2025\/08\/liquidation-judiciaire-en-vue-pour-deux-societes-dambulances-vosgiennes\/#breadcrumb","itemListElement":[{"@type":"ListItem","position":1,"name":"Home","item":"https:\/\/vosgesinfo.fr\/epinalinfo\/"},{"@type":"ListItem","position":2,"name":"Liquidation judiciaire en vue pour deux soci\u00e9t\u00e9s d\u2019ambulances vosgiennes"}]},{"@type":"WebSite","@id":"https:\/\/vosgesinfo.fr\/epinalinfo\/#website","url":"https:\/\/vosgesinfo.fr\/epinalinfo\/","name":"Epinal Info","description":"Toute l&#039;actualit\u00e9 d&#039;\u00c9pinal","publisher":{"@id":"https:\/\/vosgesinfo.fr\/epinalinfo\/#organization"},"alternateName":"Toute l'actualit\u00e9 d'\u00c9pinal","potentialAction":[{"@type":"SearchAction","target":{"@type":"EntryPoint","urlTemplate":"https:\/\/vosgesinfo.fr\/epinalinfo\/?s={search_term_string}"},"query-input":"required name=search_term_string"}],"inLanguage":"fr-FR"},{"@type":"Organization","@id":"https:\/\/vosgesinfo.fr\/epinalinfo\/#organization","name":"Epinal Info","url":"https:\/\/vosgesinfo.fr\/epinalinfo\/","logo":{"@type":"ImageObject","inLanguage":"fr-FR","@id":"https:\/\/vosgesinfo.fr\/epinalinfo\/#\/schema\/logo\/image\/","url":"https:\/\/vosgesinfo.fr\/app\/uploads\/sites\/3\/2023\/08\/logo-epinalinfos.svg","contentUrl":"https:\/\/vosgesinfo.fr\/app\/uploads\/sites\/3\/2023\/08\/logo-epinalinfos.svg","width":1,"height":1,"caption":"Epinal Info"},"image":{"@id":"https:\/\/vosgesinfo.fr\/epinalinfo\/#\/schema\/logo\/image\/"},"sameAs":["https:\/\/www.facebook.com\/Epinalinfos","https:\/\/x.com\/VosgesInfo88","https:\/\/www.youtube.com\/@vosgesinfo"]},{"@type":"Person","@id":"https:\/\/vosgesinfo.fr\/epinalinfo\/#\/schema\/person\/6f9a650eeea99d969b6c4ab78fccbe81","name":"C.K.","image":{"@type":"ImageObject","inLanguage":"fr-FR","@id":"https:\/\/vosgesinfo.fr\/epinalinfo\/#\/schema\/person\/image\/","url":"https:\/\/secure.gravatar.com\/avatar\/48e3fc7f8421ba8942be6b74a2b7f014ca39bc00dece156b7a8e098ae7dc87bf?s=96&d=mm&r=g","contentUrl":"https:\/\/secure.gravatar.com\/avatar\/48e3fc7f8421ba8942be6b74a2b7f014ca39bc00dece156b7a8e098ae7dc87bf?s=96&d=mm&r=g","caption":"C.K."},"url":"https:\/\/vosgesinfo.fr\/epinalinfo\/author\/celia-k-n\/"}]}},"_links":{"self":[{"href":"https:\/\/vosgesinfo.fr\/epinalinfo\/wp-json\/wp\/v2\/posts\/134699","targetHints":{"allow":["GET"]}}],"collection":[{"href":"https:\/\/vosgesinfo.fr\/epinalinfo\/wp-json\/wp\/v2\/posts"}],"about":[{"href":"https:\/\/vosgesinfo.fr\/epinalinfo\/wp-json\/wp\/v2\/types\/post"}],"author":[{"embeddable":true,"href":"https:\/\/vosgesinfo.fr\/epinalinfo\/wp-json\/wp\/v2\/users\/52"}],"replies":[{"embeddable":true,"href":"https:\/\/vosgesinfo.fr\/epinalinfo\/wp-json\/wp\/v2\/comments?post=134699"}],"version-history":[{"count":1,"href":"https:\/\/vosgesinfo.fr\/epinalinfo\/wp-json\/wp\/v2\/posts\/134699\/revisions"}],"predecessor-version":[{"id":134702,"href":"https:\/\/vosgesinfo.fr\/epinalinfo\/wp-json\/wp\/v2\/posts\/134699\/revisions\/134702"}],"wp:featuredmedia":[{"embeddable":true,"href":"https:\/\/vosgesinfo.fr\/epinalinfo\/wp-json\/wp\/v2\/media\/134700"}],"wp:attachment":[{"href":"https:\/\/vosgesinfo.fr\/epinalinfo\/wp-json\/wp\/v2\/media?parent=134699"}],"wp:term":[{"taxonomy":"category","embeddable":true,"href":"https:\/\/vosgesinfo.fr\/epinalinfo\/wp-json\/wp\/v2\/categories?post=134699"},{"taxonomy":"post_tag","embeddable":true,"href":"https:\/\/vosgesinfo.fr\/epinalinfo\/wp-json\/wp\/v2\/tags?post=134699"}],"curies":[{"name":"wp","href":"https:\/\/api.w.org\/{rel}","templated":true}]}}