{"id":134703,"date":"2025-08-28T14:55:22","date_gmt":"2025-08-28T12:55:22","guid":{"rendered":"https:\/\/vosgesinfo.fr\/epinalinfo\/?p=134703"},"modified":"2025-08-28T14:50:30","modified_gmt":"2025-08-28T12:50:30","slug":"taxe-fonciere-2025-une-hausse-marquee-dans-lagglomeration-depinal","status":"publish","type":"post","link":"https:\/\/vosgesinfo.fr\/epinalinfo\/2025\/08\/taxe-fonciere-2025-une-hausse-marquee-dans-lagglomeration-depinal\/","title":{"rendered":"Taxe fonci\u00e8re 2025 : une hausse marqu\u00e9e dans l\u2019agglom\u00e9ration d\u2019\u00c9pinal"},"content":{"rendered":"<h2><strong><a href=\"https:\/\/vosgesinfo.fr\/app\/uploads\/sites\/3\/2025\/08\/ai-generated-9231987-960-720.jpg\"><img decoding=\"async\" class=\"aligncenter size-full wp-image-134704\" src=\"https:\/\/vosgesinfo.fr\/app\/uploads\/sites\/3\/2025\/08\/ai-generated-9231987-960-720.jpg\" alt=\"\" width=\"960\" height=\"640\" srcset=\"https:\/\/vosgesinfo.fr\/app\/uploads\/sites\/3\/2025\/08\/ai-generated-9231987-960-720.jpg 960w, https:\/\/vosgesinfo.fr\/app\/uploads\/sites\/3\/2025\/08\/ai-generated-9231987-960-720-300x200.jpg 300w, https:\/\/vosgesinfo.fr\/app\/uploads\/sites\/3\/2025\/08\/ai-generated-9231987-960-720-768x512.jpg 768w\" sizes=\"(max-width: 960px) 100vw, 960px\" \/><\/a>Depuis ce lundi, les contribuables peuvent consulter le montant de leur taxe fonci\u00e8re 2025 sur leur espace personnel du site <a class=\"decorated-link cursor-pointer\" target=\"_new\" rel=\"noopener\" data-start=\"257\" data-end=\"301\">impots.gouv.fr <\/a>Comme chaque ann\u00e9e, cet imp\u00f4t local a \u00e9t\u00e9 r\u00e9\u00e9valu\u00e9 en fonction de l\u2019inflation. R\u00e9sultat : une augmentation minimale de 1,7 % pour l\u2019ensemble des Fran\u00e7ais. Mais au-del\u00e0 de cette hausse nationale, des disparit\u00e9s apparaissent selon les territoires, li\u00e9es aux d\u00e9cisions des communes, intercommunalit\u00e9s ou encore \u00e0 l\u2019\u00e9volution de la taxe d\u2019enl\u00e8vement des ordures m\u00e9nag\u00e8res.<\/strong><\/h2>\n<h3 data-start=\"686\" data-end=\"743\">Une forte progression du taux intercommunal \u00e0 \u00c9pinal<\/h3>\n<p data-start=\"744\" data-end=\"946\">En 2025, la Communaut\u00e9 d\u2019agglom\u00e9ration d\u2019\u00c9pinal enregistre une augmentation notable de son taux intercommunal, qui passe de 3,76 % en 2024 \u00e0 6,00 % en 2025, soit une hausse de 59,57 %.<\/p>\n<p data-start=\"948\" data-end=\"1130\">La plupart des autres taux, communaux ou d\u00e9partementaux, demeurent stables par rapport aux ann\u00e9es pr\u00e9c\u00e9dentes, ce qui concentre l\u2019essentiel de la hausse sur ce volet intercommunal.<\/p>\n<h3 data-start=\"1132\" data-end=\"1169\">Concr\u00e8tement, combien \u00e7a co\u00fbte ?<\/h3>\n<p data-start=\"1170\" data-end=\"1346\">Pour un propri\u00e9taire spinalien dont la taxe fonci\u00e8re s\u2019\u00e9levait \u00e0 1 900 \u20ac en 2024, la facture grimpe d\u2019environ 5,3 % en 2025, atteignant d\u00e9sormais pr\u00e8s de 2 000 \u20ac.<\/p>\n<p data-start=\"1348\" data-end=\"1466\">Une progression qui pourrait peser sur le budget des m\u00e9nages d\u00e9j\u00e0 confront\u00e9s \u00e0 la hausse g\u00e9n\u00e9rale du co\u00fbt de la vie.<\/p>\n","protected":false},"excerpt":{"rendered":"<p>Depuis ce lundi, les contribuables peuvent consulter le montant de leur taxe fonci\u00e8re 2025 sur leur espace personnel du site [&hellip;]<\/p>\n","protected":false},"author":52,"featured_media":134704,"comment_status":"open","ping_status":"open","sticky":false,"template":"","format":"standard","meta":{"footnotes":""},"categories":[22,24],"tags":[],"class_list":["post-134703","post","type-post","status-publish","format-standard","has-post-thumbnail","hentry","category-a-la-une","category-epinal"],"acf":[],"yoast_head":"<!-- This site is optimized with the Yoast SEO plugin v22.5 - https:\/\/yoast.com\/wordpress\/plugins\/seo\/ -->\n<title>Taxe fonci\u00e8re 2025 : une hausse marqu\u00e9e dans l\u2019agglom\u00e9ration d\u2019\u00c9pinal - Epinal Info<\/title>\n<meta name=\"robots\" content=\"index, follow, max-snippet:-1, max-image-preview:large, max-video-preview:-1\" \/>\n<link rel=\"canonical\" href=\"https:\/\/vosgesinfo.fr\/epinalinfo\/2025\/08\/taxe-fonciere-2025-une-hausse-marquee-dans-lagglomeration-depinal\/\" \/>\n<meta name=\"twitter:card\" content=\"summary_large_image\" \/>\n<meta name=\"twitter:title\" content=\"Taxe fonci\u00e8re 2025 : une hausse marqu\u00e9e dans l\u2019agglom\u00e9ration d\u2019\u00c9pinal - Epinal Info\" \/>\n<meta name=\"twitter:description\" content=\"Depuis ce lundi, les contribuables peuvent consulter le montant de leur taxe fonci\u00e8re 2025 sur leur espace personnel du site [&hellip;]\" \/>\n<meta name=\"twitter:image\" content=\"https:\/\/vosgesinfo.fr\/app\/uploads\/sites\/3\/2025\/08\/ai-generated-9231987-960-720.jpg\" \/>\n<meta name=\"twitter:creator\" content=\"@VosgesInfo88\" \/>\n<meta name=\"twitter:site\" content=\"@VosgesInfo88\" \/>\n<meta name=\"twitter:label1\" content=\"\u00c9crit par\" \/>\n\t<meta name=\"twitter:data1\" content=\"C.K.\" \/>\n\t<meta name=\"twitter:label2\" content=\"Dur\u00e9e de lecture estim\u00e9e\" \/>\n\t<meta name=\"twitter:data2\" content=\"1 minute\" \/>\n<script type=\"application\/ld+json\" class=\"yoast-schema-graph\">{\"@context\":\"https:\/\/schema.org\",\"@graph\":[{\"@type\":\"Article\",\"@id\":\"https:\/\/vosgesinfo.fr\/epinalinfo\/2025\/08\/taxe-fonciere-2025-une-hausse-marquee-dans-lagglomeration-depinal\/#article\",\"isPartOf\":{\"@id\":\"https:\/\/vosgesinfo.fr\/epinalinfo\/2025\/08\/taxe-fonciere-2025-une-hausse-marquee-dans-lagglomeration-depinal\/\"},\"author\":{\"name\":\"C.K.\",\"@id\":\"https:\/\/vosgesinfo.fr\/epinalinfo\/#\/schema\/person\/6f9a650eeea99d969b6c4ab78fccbe81\"},\"headline\":\"Taxe fonci\u00e8re 2025 : une hausse marqu\u00e9e dans l\u2019agglom\u00e9ration d\u2019\u00c9pinal\",\"datePublished\":\"2025-08-28T12:55:22+00:00\",\"dateModified\":\"2025-08-28T12:50:30+00:00\",\"mainEntityOfPage\":{\"@id\":\"https:\/\/vosgesinfo.fr\/epinalinfo\/2025\/08\/taxe-fonciere-2025-une-hausse-marquee-dans-lagglomeration-depinal\/\"},\"wordCount\":222,\"commentCount\":4,\"publisher\":{\"@id\":\"https:\/\/vosgesinfo.fr\/epinalinfo\/#organization\"},\"image\":{\"@id\":\"https:\/\/vosgesinfo.fr\/epinalinfo\/2025\/08\/taxe-fonciere-2025-une-hausse-marquee-dans-lagglomeration-depinal\/#primaryimage\"},\"thumbnailUrl\":\"https:\/\/vosgesinfo.fr\/app\/uploads\/sites\/3\/2025\/08\/ai-generated-9231987-960-720.jpg\",\"articleSection\":[\"A la Une\",\"Epinal\"],\"inLanguage\":\"fr-FR\",\"potentialAction\":[{\"@type\":\"CommentAction\",\"name\":\"Comment\",\"target\":[\"https:\/\/vosgesinfo.fr\/epinalinfo\/2025\/08\/taxe-fonciere-2025-une-hausse-marquee-dans-lagglomeration-depinal\/#respond\"]}]},{\"@type\":\"WebPage\",\"@id\":\"https:\/\/vosgesinfo.fr\/epinalinfo\/2025\/08\/taxe-fonciere-2025-une-hausse-marquee-dans-lagglomeration-depinal\/\",\"url\":\"https:\/\/vosgesinfo.fr\/epinalinfo\/2025\/08\/taxe-fonciere-2025-une-hausse-marquee-dans-lagglomeration-depinal\/\",\"name\":\"Taxe fonci\u00e8re 2025 : une hausse marqu\u00e9e dans l\u2019agglom\u00e9ration d\u2019\u00c9pinal - Epinal Info\",\"isPartOf\":{\"@id\":\"https:\/\/vosgesinfo.fr\/epinalinfo\/#website\"},\"primaryImageOfPage\":{\"@id\":\"https:\/\/vosgesinfo.fr\/epinalinfo\/2025\/08\/taxe-fonciere-2025-une-hausse-marquee-dans-lagglomeration-depinal\/#primaryimage\"},\"image\":{\"@id\":\"https:\/\/vosgesinfo.fr\/epinalinfo\/2025\/08\/taxe-fonciere-2025-une-hausse-marquee-dans-lagglomeration-depinal\/#primaryimage\"},\"thumbnailUrl\":\"https:\/\/vosgesinfo.fr\/app\/uploads\/sites\/3\/2025\/08\/ai-generated-9231987-960-720.jpg\",\"datePublished\":\"2025-08-28T12:55:22+00:00\",\"dateModified\":\"2025-08-28T12:50:30+00:00\",\"breadcrumb\":{\"@id\":\"https:\/\/vosgesinfo.fr\/epinalinfo\/2025\/08\/taxe-fonciere-2025-une-hausse-marquee-dans-lagglomeration-depinal\/#breadcrumb\"},\"inLanguage\":\"fr-FR\",\"potentialAction\":[{\"@type\":\"ReadAction\",\"target\":[\"https:\/\/vosgesinfo.fr\/epinalinfo\/2025\/08\/taxe-fonciere-2025-une-hausse-marquee-dans-lagglomeration-depinal\/\"]}]},{\"@type\":\"ImageObject\",\"inLanguage\":\"fr-FR\",\"@id\":\"https:\/\/vosgesinfo.fr\/epinalinfo\/2025\/08\/taxe-fonciere-2025-une-hausse-marquee-dans-lagglomeration-depinal\/#primaryimage\",\"url\":\"https:\/\/vosgesinfo.fr\/app\/uploads\/sites\/3\/2025\/08\/ai-generated-9231987-960-720.jpg\",\"contentUrl\":\"https:\/\/vosgesinfo.fr\/app\/uploads\/sites\/3\/2025\/08\/ai-generated-9231987-960-720.jpg\",\"width\":960,\"height\":640},{\"@type\":\"BreadcrumbList\",\"@id\":\"https:\/\/vosgesinfo.fr\/epinalinfo\/2025\/08\/taxe-fonciere-2025-une-hausse-marquee-dans-lagglomeration-depinal\/#breadcrumb\",\"itemListElement\":[{\"@type\":\"ListItem\",\"position\":1,\"name\":\"Home\",\"item\":\"https:\/\/vosgesinfo.fr\/epinalinfo\/\"},{\"@type\":\"ListItem\",\"position\":2,\"name\":\"Taxe fonci\u00e8re 2025 : une hausse marqu\u00e9e dans l\u2019agglom\u00e9ration d\u2019\u00c9pinal\"}]},{\"@type\":\"WebSite\",\"@id\":\"https:\/\/vosgesinfo.fr\/epinalinfo\/#website\",\"url\":\"https:\/\/vosgesinfo.fr\/epinalinfo\/\",\"name\":\"Epinal Info\",\"description\":\"Toute l&#039;actualit\u00e9 d&#039;\u00c9pinal\",\"publisher\":{\"@id\":\"https:\/\/vosgesinfo.fr\/epinalinfo\/#organization\"},\"alternateName\":\"Toute l'actualit\u00e9 d'\u00c9pinal\",\"potentialAction\":[{\"@type\":\"SearchAction\",\"target\":{\"@type\":\"EntryPoint\",\"urlTemplate\":\"https:\/\/vosgesinfo.fr\/epinalinfo\/?s={search_term_string}\"},\"query-input\":\"required name=search_term_string\"}],\"inLanguage\":\"fr-FR\"},{\"@type\":\"Organization\",\"@id\":\"https:\/\/vosgesinfo.fr\/epinalinfo\/#organization\",\"name\":\"Epinal Info\",\"url\":\"https:\/\/vosgesinfo.fr\/epinalinfo\/\",\"logo\":{\"@type\":\"ImageObject\",\"inLanguage\":\"fr-FR\",\"@id\":\"https:\/\/vosgesinfo.fr\/epinalinfo\/#\/schema\/logo\/image\/\",\"url\":\"https:\/\/vosgesinfo.fr\/app\/uploads\/sites\/3\/2023\/08\/logo-epinalinfos.svg\",\"contentUrl\":\"https:\/\/vosgesinfo.fr\/app\/uploads\/sites\/3\/2023\/08\/logo-epinalinfos.svg\",\"width\":1,\"height\":1,\"caption\":\"Epinal Info\"},\"image\":{\"@id\":\"https:\/\/vosgesinfo.fr\/epinalinfo\/#\/schema\/logo\/image\/\"},\"sameAs\":[\"https:\/\/www.facebook.com\/Epinalinfos\",\"https:\/\/x.com\/VosgesInfo88\",\"https:\/\/www.youtube.com\/@vosgesinfo\"]},{\"@type\":\"Person\",\"@id\":\"https:\/\/vosgesinfo.fr\/epinalinfo\/#\/schema\/person\/6f9a650eeea99d969b6c4ab78fccbe81\",\"name\":\"C.K.\",\"image\":{\"@type\":\"ImageObject\",\"inLanguage\":\"fr-FR\",\"@id\":\"https:\/\/vosgesinfo.fr\/epinalinfo\/#\/schema\/person\/image\/\",\"url\":\"https:\/\/secure.gravatar.com\/avatar\/48e3fc7f8421ba8942be6b74a2b7f014ca39bc00dece156b7a8e098ae7dc87bf?s=96&d=mm&r=g\",\"contentUrl\":\"https:\/\/secure.gravatar.com\/avatar\/48e3fc7f8421ba8942be6b74a2b7f014ca39bc00dece156b7a8e098ae7dc87bf?s=96&d=mm&r=g\",\"caption\":\"C.K.\"},\"url\":\"https:\/\/vosgesinfo.fr\/epinalinfo\/author\/celia-k-n\/\"}]}<\/script>\n<!-- \/ Yoast SEO plugin. -->","yoast_head_json":{"title":"Taxe fonci\u00e8re 2025 : une hausse marqu\u00e9e dans l\u2019agglom\u00e9ration d\u2019\u00c9pinal - Epinal Info","robots":{"index":"index","follow":"follow","max-snippet":"max-snippet:-1","max-image-preview":"max-image-preview:large","max-video-preview":"max-video-preview:-1"},"canonical":"https:\/\/vosgesinfo.fr\/epinalinfo\/2025\/08\/taxe-fonciere-2025-une-hausse-marquee-dans-lagglomeration-depinal\/","twitter_card":"summary_large_image","twitter_title":"Taxe fonci\u00e8re 2025 : une hausse marqu\u00e9e dans l\u2019agglom\u00e9ration d\u2019\u00c9pinal - Epinal Info","twitter_description":"Depuis ce lundi, les contribuables peuvent consulter le montant de leur taxe fonci\u00e8re 2025 sur leur espace personnel du site [&hellip;]","twitter_image":"https:\/\/vosgesinfo.fr\/app\/uploads\/sites\/3\/2025\/08\/ai-generated-9231987-960-720.jpg","twitter_creator":"@VosgesInfo88","twitter_site":"@VosgesInfo88","twitter_misc":{"\u00c9crit par":"C.K.","Dur\u00e9e de lecture estim\u00e9e":"1 minute"},"schema":{"@context":"https:\/\/schema.org","@graph":[{"@type":"Article","@id":"https:\/\/vosgesinfo.fr\/epinalinfo\/2025\/08\/taxe-fonciere-2025-une-hausse-marquee-dans-lagglomeration-depinal\/#article","isPartOf":{"@id":"https:\/\/vosgesinfo.fr\/epinalinfo\/2025\/08\/taxe-fonciere-2025-une-hausse-marquee-dans-lagglomeration-depinal\/"},"author":{"name":"C.K.","@id":"https:\/\/vosgesinfo.fr\/epinalinfo\/#\/schema\/person\/6f9a650eeea99d969b6c4ab78fccbe81"},"headline":"Taxe fonci\u00e8re 2025 : une hausse marqu\u00e9e dans l\u2019agglom\u00e9ration d\u2019\u00c9pinal","datePublished":"2025-08-28T12:55:22+00:00","dateModified":"2025-08-28T12:50:30+00:00","mainEntityOfPage":{"@id":"https:\/\/vosgesinfo.fr\/epinalinfo\/2025\/08\/taxe-fonciere-2025-une-hausse-marquee-dans-lagglomeration-depinal\/"},"wordCount":222,"commentCount":4,"publisher":{"@id":"https:\/\/vosgesinfo.fr\/epinalinfo\/#organization"},"image":{"@id":"https:\/\/vosgesinfo.fr\/epinalinfo\/2025\/08\/taxe-fonciere-2025-une-hausse-marquee-dans-lagglomeration-depinal\/#primaryimage"},"thumbnailUrl":"https:\/\/vosgesinfo.fr\/app\/uploads\/sites\/3\/2025\/08\/ai-generated-9231987-960-720.jpg","articleSection":["A la Une","Epinal"],"inLanguage":"fr-FR","potentialAction":[{"@type":"CommentAction","name":"Comment","target":["https:\/\/vosgesinfo.fr\/epinalinfo\/2025\/08\/taxe-fonciere-2025-une-hausse-marquee-dans-lagglomeration-depinal\/#respond"]}]},{"@type":"WebPage","@id":"https:\/\/vosgesinfo.fr\/epinalinfo\/2025\/08\/taxe-fonciere-2025-une-hausse-marquee-dans-lagglomeration-depinal\/","url":"https:\/\/vosgesinfo.fr\/epinalinfo\/2025\/08\/taxe-fonciere-2025-une-hausse-marquee-dans-lagglomeration-depinal\/","name":"Taxe fonci\u00e8re 2025 : une hausse marqu\u00e9e dans l\u2019agglom\u00e9ration d\u2019\u00c9pinal - Epinal Info","isPartOf":{"@id":"https:\/\/vosgesinfo.fr\/epinalinfo\/#website"},"primaryImageOfPage":{"@id":"https:\/\/vosgesinfo.fr\/epinalinfo\/2025\/08\/taxe-fonciere-2025-une-hausse-marquee-dans-lagglomeration-depinal\/#primaryimage"},"image":{"@id":"https:\/\/vosgesinfo.fr\/epinalinfo\/2025\/08\/taxe-fonciere-2025-une-hausse-marquee-dans-lagglomeration-depinal\/#primaryimage"},"thumbnailUrl":"https:\/\/vosgesinfo.fr\/app\/uploads\/sites\/3\/2025\/08\/ai-generated-9231987-960-720.jpg","datePublished":"2025-08-28T12:55:22+00:00","dateModified":"2025-08-28T12:50:30+00:00","breadcrumb":{"@id":"https:\/\/vosgesinfo.fr\/epinalinfo\/2025\/08\/taxe-fonciere-2025-une-hausse-marquee-dans-lagglomeration-depinal\/#breadcrumb"},"inLanguage":"fr-FR","potentialAction":[{"@type":"ReadAction","target":["https:\/\/vosgesinfo.fr\/epinalinfo\/2025\/08\/taxe-fonciere-2025-une-hausse-marquee-dans-lagglomeration-depinal\/"]}]},{"@type":"ImageObject","inLanguage":"fr-FR","@id":"https:\/\/vosgesinfo.fr\/epinalinfo\/2025\/08\/taxe-fonciere-2025-une-hausse-marquee-dans-lagglomeration-depinal\/#primaryimage","url":"https:\/\/vosgesinfo.fr\/app\/uploads\/sites\/3\/2025\/08\/ai-generated-9231987-960-720.jpg","contentUrl":"https:\/\/vosgesinfo.fr\/app\/uploads\/sites\/3\/2025\/08\/ai-generated-9231987-960-720.jpg","width":960,"height":640},{"@type":"BreadcrumbList","@id":"https:\/\/vosgesinfo.fr\/epinalinfo\/2025\/08\/taxe-fonciere-2025-une-hausse-marquee-dans-lagglomeration-depinal\/#breadcrumb","itemListElement":[{"@type":"ListItem","position":1,"name":"Home","item":"https:\/\/vosgesinfo.fr\/epinalinfo\/"},{"@type":"ListItem","position":2,"name":"Taxe fonci\u00e8re 2025 : une hausse marqu\u00e9e dans l\u2019agglom\u00e9ration d\u2019\u00c9pinal"}]},{"@type":"WebSite","@id":"https:\/\/vosgesinfo.fr\/epinalinfo\/#website","url":"https:\/\/vosgesinfo.fr\/epinalinfo\/","name":"Epinal Info","description":"Toute l&#039;actualit\u00e9 d&#039;\u00c9pinal","publisher":{"@id":"https:\/\/vosgesinfo.fr\/epinalinfo\/#organization"},"alternateName":"Toute l'actualit\u00e9 d'\u00c9pinal","potentialAction":[{"@type":"SearchAction","target":{"@type":"EntryPoint","urlTemplate":"https:\/\/vosgesinfo.fr\/epinalinfo\/?s={search_term_string}"},"query-input":"required name=search_term_string"}],"inLanguage":"fr-FR"},{"@type":"Organization","@id":"https:\/\/vosgesinfo.fr\/epinalinfo\/#organization","name":"Epinal Info","url":"https:\/\/vosgesinfo.fr\/epinalinfo\/","logo":{"@type":"ImageObject","inLanguage":"fr-FR","@id":"https:\/\/vosgesinfo.fr\/epinalinfo\/#\/schema\/logo\/image\/","url":"https:\/\/vosgesinfo.fr\/app\/uploads\/sites\/3\/2023\/08\/logo-epinalinfos.svg","contentUrl":"https:\/\/vosgesinfo.fr\/app\/uploads\/sites\/3\/2023\/08\/logo-epinalinfos.svg","width":1,"height":1,"caption":"Epinal Info"},"image":{"@id":"https:\/\/vosgesinfo.fr\/epinalinfo\/#\/schema\/logo\/image\/"},"sameAs":["https:\/\/www.facebook.com\/Epinalinfos","https:\/\/x.com\/VosgesInfo88","https:\/\/www.youtube.com\/@vosgesinfo"]},{"@type":"Person","@id":"https:\/\/vosgesinfo.fr\/epinalinfo\/#\/schema\/person\/6f9a650eeea99d969b6c4ab78fccbe81","name":"C.K.","image":{"@type":"ImageObject","inLanguage":"fr-FR","@id":"https:\/\/vosgesinfo.fr\/epinalinfo\/#\/schema\/person\/image\/","url":"https:\/\/secure.gravatar.com\/avatar\/48e3fc7f8421ba8942be6b74a2b7f014ca39bc00dece156b7a8e098ae7dc87bf?s=96&d=mm&r=g","contentUrl":"https:\/\/secure.gravatar.com\/avatar\/48e3fc7f8421ba8942be6b74a2b7f014ca39bc00dece156b7a8e098ae7dc87bf?s=96&d=mm&r=g","caption":"C.K."},"url":"https:\/\/vosgesinfo.fr\/epinalinfo\/author\/celia-k-n\/"}]}},"_links":{"self":[{"href":"https:\/\/vosgesinfo.fr\/epinalinfo\/wp-json\/wp\/v2\/posts\/134703","targetHints":{"allow":["GET"]}}],"collection":[{"href":"https:\/\/vosgesinfo.fr\/epinalinfo\/wp-json\/wp\/v2\/posts"}],"about":[{"href":"https:\/\/vosgesinfo.fr\/epinalinfo\/wp-json\/wp\/v2\/types\/post"}],"author":[{"embeddable":true,"href":"https:\/\/vosgesinfo.fr\/epinalinfo\/wp-json\/wp\/v2\/users\/52"}],"replies":[{"embeddable":true,"href":"https:\/\/vosgesinfo.fr\/epinalinfo\/wp-json\/wp\/v2\/comments?post=134703"}],"version-history":[{"count":1,"href":"https:\/\/vosgesinfo.fr\/epinalinfo\/wp-json\/wp\/v2\/posts\/134703\/revisions"}],"predecessor-version":[{"id":134705,"href":"https:\/\/vosgesinfo.fr\/epinalinfo\/wp-json\/wp\/v2\/posts\/134703\/revisions\/134705"}],"wp:featuredmedia":[{"embeddable":true,"href":"https:\/\/vosgesinfo.fr\/epinalinfo\/wp-json\/wp\/v2\/media\/134704"}],"wp:attachment":[{"href":"https:\/\/vosgesinfo.fr\/epinalinfo\/wp-json\/wp\/v2\/media?parent=134703"}],"wp:term":[{"taxonomy":"category","embeddable":true,"href":"https:\/\/vosgesinfo.fr\/epinalinfo\/wp-json\/wp\/v2\/categories?post=134703"},{"taxonomy":"post_tag","embeddable":true,"href":"https:\/\/vosgesinfo.fr\/epinalinfo\/wp-json\/wp\/v2\/tags?post=134703"}],"curies":[{"name":"wp","href":"https:\/\/api.w.org\/{rel}","templated":true}]}}