{"id":134706,"date":"2025-08-29T07:02:17","date_gmt":"2025-08-29T05:02:17","guid":{"rendered":"https:\/\/vosgesinfo.fr\/epinalinfo\/?p=134706"},"modified":"2025-08-28T15:03:01","modified_gmt":"2025-08-28T13:03:01","slug":"une-chouette-nee-au-zoo-damneville-retrouve-la-vie-sauvage-en-baviere","status":"publish","type":"post","link":"https:\/\/vosgesinfo.fr\/epinalinfo\/2025\/08\/une-chouette-nee-au-zoo-damneville-retrouve-la-vie-sauvage-en-baviere\/","title":{"rendered":"Une chouette n\u00e9e au Zoo d\u2019Amn\u00e9ville retrouve la vie sauvage en Bavi\u00e8re"},"content":{"rendered":"<div id=\"attachment_134711\" style=\"width: 1930px\" class=\"wp-caption aligncenter\"><a href=\"https:\/\/vosgesinfo.fr\/app\/uploads\/sites\/3\/2025\/08\/thumbnail-att27842.jpg\"><img decoding=\"async\" aria-describedby=\"caption-attachment-134711\" class=\"size-full wp-image-134711\" src=\"https:\/\/vosgesinfo.fr\/app\/uploads\/sites\/3\/2025\/08\/thumbnail-att27842.jpg\" alt=\"\" width=\"1920\" height=\"1280\" srcset=\"https:\/\/vosgesinfo.fr\/app\/uploads\/sites\/3\/2025\/08\/thumbnail-att27842.jpg 1920w, https:\/\/vosgesinfo.fr\/app\/uploads\/sites\/3\/2025\/08\/thumbnail-att27842-300x200.jpg 300w, https:\/\/vosgesinfo.fr\/app\/uploads\/sites\/3\/2025\/08\/thumbnail-att27842-1024x683.jpg 1024w, https:\/\/vosgesinfo.fr\/app\/uploads\/sites\/3\/2025\/08\/thumbnail-att27842-768x512.jpg 768w, https:\/\/vosgesinfo.fr\/app\/uploads\/sites\/3\/2025\/08\/thumbnail-att27842-1536x1024.jpg 1536w\" sizes=\"(max-width: 1920px) 100vw, 1920px\" \/><\/a><p id=\"caption-attachment-134711\" class=\"wp-caption-text\">photo Zoo d&rsquo;Amn\u00e9ville\u00a0<\/p><\/div>\n<h2 data-start=\"129\" data-end=\"411\"><strong>Ce samedi, les \u00e9quipes du Zoo d\u2019Amn\u00e9ville ont assist\u00e9 \u00e0 un moment symbolique : la r\u00e9introduction de 21 chouettes de l\u2019Oural dans les for\u00eats de Bavi\u00e8re, en Allemagne. Parmi elles, figurait une jeune chouette n\u00e9e au zoo mosellan, d\u00e9sormais libre de rejoindre la vie sauvage.<\/strong><\/h2>\n<h3 data-start=\"413\" data-end=\"457\">Un projet international de conservation<\/h3>\n<p data-start=\"458\" data-end=\"868\">Le 30 juillet dernier, six parcs zoologiques fran\u00e7ais, dont Amn\u00e9ville, avaient confi\u00e9 14 jeunes chouettes n\u00e9es en captivit\u00e9 au VLAB (Verein f\u00fcr Landschaftspflege und Artenschutz in Bayern), une association allemande d\u00e9di\u00e9e \u00e0 la protection de la nature. Apr\u00e8s trois semaines d\u2019acclimatation dans des voli\u00e8res install\u00e9es au c\u0153ur de la for\u00eat bavaroise, les rapaces ont pu prendre leur premier envol.<\/p>\n<p data-start=\"870\" data-end=\"1083\">\u00ab Observer ces chouettes quitter la voli\u00e8re et s\u2019aventurer dans leur nouvel habitat a \u00e9t\u00e9 un moment fort \u00bb, t\u00e9moignent les \u00e9quipes du Zoo d\u2019Amn\u00e9ville, pr\u00e9sentes en tant qu\u2019observateurs discrets lors du rel\u00e2cher.<\/p>\n<h3 data-start=\"1085\" data-end=\"1122\">Restaurer une population sauvage<\/h3>\n<p data-start=\"1123\" data-end=\"1392\">Depuis le lancement du programme, 132 chouettes de l\u2019Oural ont d\u00e9j\u00e0 \u00e9t\u00e9 r\u00e9introduites en Bavi\u00e8re. L\u2019objectif \u00e0 long terme est de reconstituer une population stable et connect\u00e9e, \u00e9vitant ainsi les risques d\u2019isolement g\u00e9n\u00e9tique qui menacent l\u2019esp\u00e8ce localement.<\/p>\n<h3 data-start=\"1394\" data-end=\"1430\">L\u2019engagement du Zoo d\u2019Amn\u00e9ville<\/h3>\n<p data-start=\"1431\" data-end=\"1509\">Le Zoo d\u2019Amn\u00e9ville joue un r\u00f4le actif dans cette initiative internationale :<\/p>\n<ul data-start=\"1510\" data-end=\"2086\">\n<li data-start=\"1510\" data-end=\"1599\">\n<p data-start=\"1512\" data-end=\"1599\">\u00c9levage et transfert de jeunes oiseaux destin\u00e9s aux programmes de r\u00e9introduction.<\/p>\n<\/li>\n<li data-start=\"1600\" data-end=\"1764\">\n<p data-start=\"1602\" data-end=\"1764\">Participation au comit\u00e9 de l\u2019esp\u00e8ce dans le cadre du r\u00e9seau europ\u00e9en EAZA Ex Situ Programme (EEP), charg\u00e9 de la reproduction et de la gestion g\u00e9n\u00e9tique.<\/p>\n<\/li>\n<li data-start=\"1765\" data-end=\"1938\">\n<p data-start=\"1767\" data-end=\"1938\">Contribution 2025 : transfert de 22 jeunes chouettes vers la Bavi\u00e8re (dont 14 issues de parcs fran\u00e7ais) et de 18 vers l\u2019Autriche pour un programme similaire.<\/p>\n<\/li>\n<li data-start=\"1939\" data-end=\"2086\">\n<p data-start=\"1941\" data-end=\"2086\">Sensibilisation du public, gr\u00e2ce \u00e0 la pr\u00e9sentation de trois couples de chouettes de l\u2019Oural au zoo et \u00e0 des activit\u00e9s p\u00e9dagogiques d\u00e9di\u00e9es.<\/p>\n<\/li>\n<\/ul>\n<h3 data-start=\"2088\" data-end=\"2126\">Une r\u00e9ussite pour la biodiversit\u00e9<\/h3>\n<p data-start=\"2127\" data-end=\"2419\">La r\u00e9introduction de ces chouettes illustre l\u2019importance des coop\u00e9rations transfrontali\u00e8res entre parcs zoologiques et associations de conservation. Elle d\u00e9montre \u00e9galement le r\u00f4le cl\u00e9 des zoos modernes dans la pr\u00e9servation de la biodiversit\u00e9 mondiale, bien au-del\u00e0 de leurs fronti\u00e8res.<\/p>\n","protected":false},"excerpt":{"rendered":"<p>Ce samedi, les \u00e9quipes du Zoo d\u2019Amn\u00e9ville ont assist\u00e9 \u00e0 un moment symbolique : la r\u00e9introduction de 21 chouettes de [&hellip;]<\/p>\n","protected":false},"author":52,"featured_media":134711,"comment_status":"open","ping_status":"open","sticky":false,"template":"","format":"standard","meta":{"footnotes":""},"categories":[22,24,5],"tags":[],"class_list":["post-134706","post","type-post","status-publish","format-standard","has-post-thumbnail","hentry","category-a-la-une","category-epinal","category-vosges"],"acf":[],"yoast_head":"<!-- This site is optimized with the Yoast SEO plugin v22.5 - https:\/\/yoast.com\/wordpress\/plugins\/seo\/ -->\n<title>Une chouette n\u00e9e au Zoo d\u2019Amn\u00e9ville retrouve la vie sauvage en Bavi\u00e8re - Epinal Info<\/title>\n<meta name=\"robots\" content=\"index, follow, max-snippet:-1, max-image-preview:large, max-video-preview:-1\" \/>\n<link rel=\"canonical\" href=\"https:\/\/vosgesinfo.fr\/epinalinfo\/2025\/08\/une-chouette-nee-au-zoo-damneville-retrouve-la-vie-sauvage-en-baviere\/\" \/>\n<meta name=\"twitter:card\" content=\"summary_large_image\" \/>\n<meta name=\"twitter:title\" content=\"Une chouette n\u00e9e au Zoo d\u2019Amn\u00e9ville retrouve la vie sauvage en Bavi\u00e8re - Epinal Info\" \/>\n<meta name=\"twitter:description\" content=\"Ce samedi, les \u00e9quipes du Zoo d\u2019Amn\u00e9ville ont assist\u00e9 \u00e0 un moment symbolique : la r\u00e9introduction de 21 chouettes de [&hellip;]\" \/>\n<meta name=\"twitter:image\" content=\"https:\/\/vosgesinfo.fr\/app\/uploads\/sites\/3\/2025\/08\/thumbnail-att27842.jpg\" \/>\n<meta name=\"twitter:creator\" content=\"@VosgesInfo88\" \/>\n<meta name=\"twitter:site\" content=\"@VosgesInfo88\" \/>\n<meta name=\"twitter:label1\" content=\"\u00c9crit par\" \/>\n\t<meta name=\"twitter:data1\" content=\"C.K.\" \/>\n\t<meta name=\"twitter:label2\" content=\"Dur\u00e9e de lecture estim\u00e9e\" \/>\n\t<meta name=\"twitter:data2\" content=\"2 minutes\" \/>\n<script type=\"application\/ld+json\" class=\"yoast-schema-graph\">{\"@context\":\"https:\/\/schema.org\",\"@graph\":[{\"@type\":\"Article\",\"@id\":\"https:\/\/vosgesinfo.fr\/epinalinfo\/2025\/08\/une-chouette-nee-au-zoo-damneville-retrouve-la-vie-sauvage-en-baviere\/#article\",\"isPartOf\":{\"@id\":\"https:\/\/vosgesinfo.fr\/epinalinfo\/2025\/08\/une-chouette-nee-au-zoo-damneville-retrouve-la-vie-sauvage-en-baviere\/\"},\"author\":{\"name\":\"C.K.\",\"@id\":\"https:\/\/vosgesinfo.fr\/epinalinfo\/#\/schema\/person\/6f9a650eeea99d969b6c4ab78fccbe81\"},\"headline\":\"Une chouette n\u00e9e au Zoo d\u2019Amn\u00e9ville retrouve la vie sauvage en Bavi\u00e8re\",\"datePublished\":\"2025-08-29T05:02:17+00:00\",\"dateModified\":\"2025-08-28T13:03:01+00:00\",\"mainEntityOfPage\":{\"@id\":\"https:\/\/vosgesinfo.fr\/epinalinfo\/2025\/08\/une-chouette-nee-au-zoo-damneville-retrouve-la-vie-sauvage-en-baviere\/\"},\"wordCount\":408,\"commentCount\":0,\"publisher\":{\"@id\":\"https:\/\/vosgesinfo.fr\/epinalinfo\/#organization\"},\"image\":{\"@id\":\"https:\/\/vosgesinfo.fr\/epinalinfo\/2025\/08\/une-chouette-nee-au-zoo-damneville-retrouve-la-vie-sauvage-en-baviere\/#primaryimage\"},\"thumbnailUrl\":\"https:\/\/vosgesinfo.fr\/app\/uploads\/sites\/3\/2025\/08\/thumbnail-att27842.jpg\",\"articleSection\":[\"A la Une\",\"Epinal\",\"Vosges\"],\"inLanguage\":\"fr-FR\",\"potentialAction\":[{\"@type\":\"CommentAction\",\"name\":\"Comment\",\"target\":[\"https:\/\/vosgesinfo.fr\/epinalinfo\/2025\/08\/une-chouette-nee-au-zoo-damneville-retrouve-la-vie-sauvage-en-baviere\/#respond\"]}]},{\"@type\":\"WebPage\",\"@id\":\"https:\/\/vosgesinfo.fr\/epinalinfo\/2025\/08\/une-chouette-nee-au-zoo-damneville-retrouve-la-vie-sauvage-en-baviere\/\",\"url\":\"https:\/\/vosgesinfo.fr\/epinalinfo\/2025\/08\/une-chouette-nee-au-zoo-damneville-retrouve-la-vie-sauvage-en-baviere\/\",\"name\":\"Une chouette n\u00e9e au Zoo d\u2019Amn\u00e9ville retrouve la vie sauvage en Bavi\u00e8re - Epinal Info\",\"isPartOf\":{\"@id\":\"https:\/\/vosgesinfo.fr\/epinalinfo\/#website\"},\"primaryImageOfPage\":{\"@id\":\"https:\/\/vosgesinfo.fr\/epinalinfo\/2025\/08\/une-chouette-nee-au-zoo-damneville-retrouve-la-vie-sauvage-en-baviere\/#primaryimage\"},\"image\":{\"@id\":\"https:\/\/vosgesinfo.fr\/epinalinfo\/2025\/08\/une-chouette-nee-au-zoo-damneville-retrouve-la-vie-sauvage-en-baviere\/#primaryimage\"},\"thumbnailUrl\":\"https:\/\/vosgesinfo.fr\/app\/uploads\/sites\/3\/2025\/08\/thumbnail-att27842.jpg\",\"datePublished\":\"2025-08-29T05:02:17+00:00\",\"dateModified\":\"2025-08-28T13:03:01+00:00\",\"breadcrumb\":{\"@id\":\"https:\/\/vosgesinfo.fr\/epinalinfo\/2025\/08\/une-chouette-nee-au-zoo-damneville-retrouve-la-vie-sauvage-en-baviere\/#breadcrumb\"},\"inLanguage\":\"fr-FR\",\"potentialAction\":[{\"@type\":\"ReadAction\",\"target\":[\"https:\/\/vosgesinfo.fr\/epinalinfo\/2025\/08\/une-chouette-nee-au-zoo-damneville-retrouve-la-vie-sauvage-en-baviere\/\"]}]},{\"@type\":\"ImageObject\",\"inLanguage\":\"fr-FR\",\"@id\":\"https:\/\/vosgesinfo.fr\/epinalinfo\/2025\/08\/une-chouette-nee-au-zoo-damneville-retrouve-la-vie-sauvage-en-baviere\/#primaryimage\",\"url\":\"https:\/\/vosgesinfo.fr\/app\/uploads\/sites\/3\/2025\/08\/thumbnail-att27842.jpg\",\"contentUrl\":\"https:\/\/vosgesinfo.fr\/app\/uploads\/sites\/3\/2025\/08\/thumbnail-att27842.jpg\",\"width\":1920,\"height\":1280,\"caption\":\"photo\"},{\"@type\":\"BreadcrumbList\",\"@id\":\"https:\/\/vosgesinfo.fr\/epinalinfo\/2025\/08\/une-chouette-nee-au-zoo-damneville-retrouve-la-vie-sauvage-en-baviere\/#breadcrumb\",\"itemListElement\":[{\"@type\":\"ListItem\",\"position\":1,\"name\":\"Home\",\"item\":\"https:\/\/vosgesinfo.fr\/epinalinfo\/\"},{\"@type\":\"ListItem\",\"position\":2,\"name\":\"Une chouette n\u00e9e au Zoo d\u2019Amn\u00e9ville retrouve la vie sauvage en Bavi\u00e8re\"}]},{\"@type\":\"WebSite\",\"@id\":\"https:\/\/vosgesinfo.fr\/epinalinfo\/#website\",\"url\":\"https:\/\/vosgesinfo.fr\/epinalinfo\/\",\"name\":\"Epinal Info\",\"description\":\"Toute l&#039;actualit\u00e9 d&#039;\u00c9pinal\",\"publisher\":{\"@id\":\"https:\/\/vosgesinfo.fr\/epinalinfo\/#organization\"},\"alternateName\":\"Toute l'actualit\u00e9 d'\u00c9pinal\",\"potentialAction\":[{\"@type\":\"SearchAction\",\"target\":{\"@type\":\"EntryPoint\",\"urlTemplate\":\"https:\/\/vosgesinfo.fr\/epinalinfo\/?s={search_term_string}\"},\"query-input\":\"required name=search_term_string\"}],\"inLanguage\":\"fr-FR\"},{\"@type\":\"Organization\",\"@id\":\"https:\/\/vosgesinfo.fr\/epinalinfo\/#organization\",\"name\":\"Epinal Info\",\"url\":\"https:\/\/vosgesinfo.fr\/epinalinfo\/\",\"logo\":{\"@type\":\"ImageObject\",\"inLanguage\":\"fr-FR\",\"@id\":\"https:\/\/vosgesinfo.fr\/epinalinfo\/#\/schema\/logo\/image\/\",\"url\":\"https:\/\/vosgesinfo.fr\/app\/uploads\/sites\/3\/2023\/08\/logo-epinalinfos.svg\",\"contentUrl\":\"https:\/\/vosgesinfo.fr\/app\/uploads\/sites\/3\/2023\/08\/logo-epinalinfos.svg\",\"width\":1,\"height\":1,\"caption\":\"Epinal Info\"},\"image\":{\"@id\":\"https:\/\/vosgesinfo.fr\/epinalinfo\/#\/schema\/logo\/image\/\"},\"sameAs\":[\"https:\/\/www.facebook.com\/Epinalinfos\",\"https:\/\/x.com\/VosgesInfo88\",\"https:\/\/www.youtube.com\/@vosgesinfo\"]},{\"@type\":\"Person\",\"@id\":\"https:\/\/vosgesinfo.fr\/epinalinfo\/#\/schema\/person\/6f9a650eeea99d969b6c4ab78fccbe81\",\"name\":\"C.K.\",\"image\":{\"@type\":\"ImageObject\",\"inLanguage\":\"fr-FR\",\"@id\":\"https:\/\/vosgesinfo.fr\/epinalinfo\/#\/schema\/person\/image\/\",\"url\":\"https:\/\/secure.gravatar.com\/avatar\/48e3fc7f8421ba8942be6b74a2b7f014ca39bc00dece156b7a8e098ae7dc87bf?s=96&d=mm&r=g\",\"contentUrl\":\"https:\/\/secure.gravatar.com\/avatar\/48e3fc7f8421ba8942be6b74a2b7f014ca39bc00dece156b7a8e098ae7dc87bf?s=96&d=mm&r=g\",\"caption\":\"C.K.\"},\"url\":\"https:\/\/vosgesinfo.fr\/epinalinfo\/author\/celia-k-n\/\"}]}<\/script>\n<!-- \/ Yoast SEO plugin. -->","yoast_head_json":{"title":"Une chouette n\u00e9e au Zoo d\u2019Amn\u00e9ville retrouve la vie sauvage en Bavi\u00e8re - Epinal Info","robots":{"index":"index","follow":"follow","max-snippet":"max-snippet:-1","max-image-preview":"max-image-preview:large","max-video-preview":"max-video-preview:-1"},"canonical":"https:\/\/vosgesinfo.fr\/epinalinfo\/2025\/08\/une-chouette-nee-au-zoo-damneville-retrouve-la-vie-sauvage-en-baviere\/","twitter_card":"summary_large_image","twitter_title":"Une chouette n\u00e9e au Zoo d\u2019Amn\u00e9ville retrouve la vie sauvage en Bavi\u00e8re - Epinal Info","twitter_description":"Ce samedi, les \u00e9quipes du Zoo d\u2019Amn\u00e9ville ont assist\u00e9 \u00e0 un moment symbolique : la r\u00e9introduction de 21 chouettes de [&hellip;]","twitter_image":"https:\/\/vosgesinfo.fr\/app\/uploads\/sites\/3\/2025\/08\/thumbnail-att27842.jpg","twitter_creator":"@VosgesInfo88","twitter_site":"@VosgesInfo88","twitter_misc":{"\u00c9crit par":"C.K.","Dur\u00e9e de lecture estim\u00e9e":"2 minutes"},"schema":{"@context":"https:\/\/schema.org","@graph":[{"@type":"Article","@id":"https:\/\/vosgesinfo.fr\/epinalinfo\/2025\/08\/une-chouette-nee-au-zoo-damneville-retrouve-la-vie-sauvage-en-baviere\/#article","isPartOf":{"@id":"https:\/\/vosgesinfo.fr\/epinalinfo\/2025\/08\/une-chouette-nee-au-zoo-damneville-retrouve-la-vie-sauvage-en-baviere\/"},"author":{"name":"C.K.","@id":"https:\/\/vosgesinfo.fr\/epinalinfo\/#\/schema\/person\/6f9a650eeea99d969b6c4ab78fccbe81"},"headline":"Une chouette n\u00e9e au Zoo d\u2019Amn\u00e9ville retrouve la vie sauvage en Bavi\u00e8re","datePublished":"2025-08-29T05:02:17+00:00","dateModified":"2025-08-28T13:03:01+00:00","mainEntityOfPage":{"@id":"https:\/\/vosgesinfo.fr\/epinalinfo\/2025\/08\/une-chouette-nee-au-zoo-damneville-retrouve-la-vie-sauvage-en-baviere\/"},"wordCount":408,"commentCount":0,"publisher":{"@id":"https:\/\/vosgesinfo.fr\/epinalinfo\/#organization"},"image":{"@id":"https:\/\/vosgesinfo.fr\/epinalinfo\/2025\/08\/une-chouette-nee-au-zoo-damneville-retrouve-la-vie-sauvage-en-baviere\/#primaryimage"},"thumbnailUrl":"https:\/\/vosgesinfo.fr\/app\/uploads\/sites\/3\/2025\/08\/thumbnail-att27842.jpg","articleSection":["A la Une","Epinal","Vosges"],"inLanguage":"fr-FR","potentialAction":[{"@type":"CommentAction","name":"Comment","target":["https:\/\/vosgesinfo.fr\/epinalinfo\/2025\/08\/une-chouette-nee-au-zoo-damneville-retrouve-la-vie-sauvage-en-baviere\/#respond"]}]},{"@type":"WebPage","@id":"https:\/\/vosgesinfo.fr\/epinalinfo\/2025\/08\/une-chouette-nee-au-zoo-damneville-retrouve-la-vie-sauvage-en-baviere\/","url":"https:\/\/vosgesinfo.fr\/epinalinfo\/2025\/08\/une-chouette-nee-au-zoo-damneville-retrouve-la-vie-sauvage-en-baviere\/","name":"Une chouette n\u00e9e au Zoo d\u2019Amn\u00e9ville retrouve la vie sauvage en Bavi\u00e8re - Epinal Info","isPartOf":{"@id":"https:\/\/vosgesinfo.fr\/epinalinfo\/#website"},"primaryImageOfPage":{"@id":"https:\/\/vosgesinfo.fr\/epinalinfo\/2025\/08\/une-chouette-nee-au-zoo-damneville-retrouve-la-vie-sauvage-en-baviere\/#primaryimage"},"image":{"@id":"https:\/\/vosgesinfo.fr\/epinalinfo\/2025\/08\/une-chouette-nee-au-zoo-damneville-retrouve-la-vie-sauvage-en-baviere\/#primaryimage"},"thumbnailUrl":"https:\/\/vosgesinfo.fr\/app\/uploads\/sites\/3\/2025\/08\/thumbnail-att27842.jpg","datePublished":"2025-08-29T05:02:17+00:00","dateModified":"2025-08-28T13:03:01+00:00","breadcrumb":{"@id":"https:\/\/vosgesinfo.fr\/epinalinfo\/2025\/08\/une-chouette-nee-au-zoo-damneville-retrouve-la-vie-sauvage-en-baviere\/#breadcrumb"},"inLanguage":"fr-FR","potentialAction":[{"@type":"ReadAction","target":["https:\/\/vosgesinfo.fr\/epinalinfo\/2025\/08\/une-chouette-nee-au-zoo-damneville-retrouve-la-vie-sauvage-en-baviere\/"]}]},{"@type":"ImageObject","inLanguage":"fr-FR","@id":"https:\/\/vosgesinfo.fr\/epinalinfo\/2025\/08\/une-chouette-nee-au-zoo-damneville-retrouve-la-vie-sauvage-en-baviere\/#primaryimage","url":"https:\/\/vosgesinfo.fr\/app\/uploads\/sites\/3\/2025\/08\/thumbnail-att27842.jpg","contentUrl":"https:\/\/vosgesinfo.fr\/app\/uploads\/sites\/3\/2025\/08\/thumbnail-att27842.jpg","width":1920,"height":1280,"caption":"photo"},{"@type":"BreadcrumbList","@id":"https:\/\/vosgesinfo.fr\/epinalinfo\/2025\/08\/une-chouette-nee-au-zoo-damneville-retrouve-la-vie-sauvage-en-baviere\/#breadcrumb","itemListElement":[{"@type":"ListItem","position":1,"name":"Home","item":"https:\/\/vosgesinfo.fr\/epinalinfo\/"},{"@type":"ListItem","position":2,"name":"Une chouette n\u00e9e au Zoo d\u2019Amn\u00e9ville retrouve la vie sauvage en Bavi\u00e8re"}]},{"@type":"WebSite","@id":"https:\/\/vosgesinfo.fr\/epinalinfo\/#website","url":"https:\/\/vosgesinfo.fr\/epinalinfo\/","name":"Epinal Info","description":"Toute l&#039;actualit\u00e9 d&#039;\u00c9pinal","publisher":{"@id":"https:\/\/vosgesinfo.fr\/epinalinfo\/#organization"},"alternateName":"Toute l'actualit\u00e9 d'\u00c9pinal","potentialAction":[{"@type":"SearchAction","target":{"@type":"EntryPoint","urlTemplate":"https:\/\/vosgesinfo.fr\/epinalinfo\/?s={search_term_string}"},"query-input":"required name=search_term_string"}],"inLanguage":"fr-FR"},{"@type":"Organization","@id":"https:\/\/vosgesinfo.fr\/epinalinfo\/#organization","name":"Epinal Info","url":"https:\/\/vosgesinfo.fr\/epinalinfo\/","logo":{"@type":"ImageObject","inLanguage":"fr-FR","@id":"https:\/\/vosgesinfo.fr\/epinalinfo\/#\/schema\/logo\/image\/","url":"https:\/\/vosgesinfo.fr\/app\/uploads\/sites\/3\/2023\/08\/logo-epinalinfos.svg","contentUrl":"https:\/\/vosgesinfo.fr\/app\/uploads\/sites\/3\/2023\/08\/logo-epinalinfos.svg","width":1,"height":1,"caption":"Epinal Info"},"image":{"@id":"https:\/\/vosgesinfo.fr\/epinalinfo\/#\/schema\/logo\/image\/"},"sameAs":["https:\/\/www.facebook.com\/Epinalinfos","https:\/\/x.com\/VosgesInfo88","https:\/\/www.youtube.com\/@vosgesinfo"]},{"@type":"Person","@id":"https:\/\/vosgesinfo.fr\/epinalinfo\/#\/schema\/person\/6f9a650eeea99d969b6c4ab78fccbe81","name":"C.K.","image":{"@type":"ImageObject","inLanguage":"fr-FR","@id":"https:\/\/vosgesinfo.fr\/epinalinfo\/#\/schema\/person\/image\/","url":"https:\/\/secure.gravatar.com\/avatar\/48e3fc7f8421ba8942be6b74a2b7f014ca39bc00dece156b7a8e098ae7dc87bf?s=96&d=mm&r=g","contentUrl":"https:\/\/secure.gravatar.com\/avatar\/48e3fc7f8421ba8942be6b74a2b7f014ca39bc00dece156b7a8e098ae7dc87bf?s=96&d=mm&r=g","caption":"C.K."},"url":"https:\/\/vosgesinfo.fr\/epinalinfo\/author\/celia-k-n\/"}]}},"_links":{"self":[{"href":"https:\/\/vosgesinfo.fr\/epinalinfo\/wp-json\/wp\/v2\/posts\/134706","targetHints":{"allow":["GET"]}}],"collection":[{"href":"https:\/\/vosgesinfo.fr\/epinalinfo\/wp-json\/wp\/v2\/posts"}],"about":[{"href":"https:\/\/vosgesinfo.fr\/epinalinfo\/wp-json\/wp\/v2\/types\/post"}],"author":[{"embeddable":true,"href":"https:\/\/vosgesinfo.fr\/epinalinfo\/wp-json\/wp\/v2\/users\/52"}],"replies":[{"embeddable":true,"href":"https:\/\/vosgesinfo.fr\/epinalinfo\/wp-json\/wp\/v2\/comments?post=134706"}],"version-history":[{"count":2,"href":"https:\/\/vosgesinfo.fr\/epinalinfo\/wp-json\/wp\/v2\/posts\/134706\/revisions"}],"predecessor-version":[{"id":134712,"href":"https:\/\/vosgesinfo.fr\/epinalinfo\/wp-json\/wp\/v2\/posts\/134706\/revisions\/134712"}],"wp:featuredmedia":[{"embeddable":true,"href":"https:\/\/vosgesinfo.fr\/epinalinfo\/wp-json\/wp\/v2\/media\/134711"}],"wp:attachment":[{"href":"https:\/\/vosgesinfo.fr\/epinalinfo\/wp-json\/wp\/v2\/media?parent=134706"}],"wp:term":[{"taxonomy":"category","embeddable":true,"href":"https:\/\/vosgesinfo.fr\/epinalinfo\/wp-json\/wp\/v2\/categories?post=134706"},{"taxonomy":"post_tag","embeddable":true,"href":"https:\/\/vosgesinfo.fr\/epinalinfo\/wp-json\/wp\/v2\/tags?post=134706"}],"curies":[{"name":"wp","href":"https:\/\/api.w.org\/{rel}","templated":true}]}}