{"id":134708,"date":"2025-08-28T15:10:49","date_gmt":"2025-08-28T13:10:49","guid":{"rendered":"https:\/\/vosgesinfo.fr\/epinalinfo\/?p=134708"},"modified":"2025-08-28T15:00:51","modified_gmt":"2025-08-28T13:00:51","slug":"les-salaries-dasteelflash-a-cleurie-en-greve","status":"publish","type":"post","link":"https:\/\/vosgesinfo.fr\/epinalinfo\/2025\/08\/les-salaries-dasteelflash-a-cleurie-en-greve\/","title":{"rendered":"Les salari\u00e9s d\u2019Asteelflash \u00e0 Cleurie en gr\u00e8ve"},"content":{"rendered":"<div id=\"attachment_134709\" style=\"width: 2058px\" class=\"wp-caption aligncenter\"><a href=\"https:\/\/vosgesinfo.fr\/app\/uploads\/sites\/3\/2025\/08\/539482937-1309314227359184-8747967780205310531-n.jpg\"><img decoding=\"async\" aria-describedby=\"caption-attachment-134709\" class=\"size-full wp-image-134709\" src=\"https:\/\/vosgesinfo.fr\/app\/uploads\/sites\/3\/2025\/08\/539482937-1309314227359184-8747967780205310531-n.jpg\" alt=\"\" width=\"2048\" height=\"1537\" srcset=\"https:\/\/vosgesinfo.fr\/app\/uploads\/sites\/3\/2025\/08\/539482937-1309314227359184-8747967780205310531-n.jpg 2048w, https:\/\/vosgesinfo.fr\/app\/uploads\/sites\/3\/2025\/08\/539482937-1309314227359184-8747967780205310531-n-300x225.jpg 300w, https:\/\/vosgesinfo.fr\/app\/uploads\/sites\/3\/2025\/08\/539482937-1309314227359184-8747967780205310531-n-1024x769.jpg 1024w, https:\/\/vosgesinfo.fr\/app\/uploads\/sites\/3\/2025\/08\/539482937-1309314227359184-8747967780205310531-n-768x576.jpg 768w, https:\/\/vosgesinfo.fr\/app\/uploads\/sites\/3\/2025\/08\/539482937-1309314227359184-8747967780205310531-n-1536x1153.jpg 1536w\" sizes=\"(max-width: 2048px) 100vw, 2048px\" \/><\/a><p id=\"caption-attachment-134709\" class=\"wp-caption-text\">photo CFDT<\/p><\/div>\n<h2 data-start=\"149\" data-end=\"401\"><strong>Depuis l\u2019annonce en juin dernier de la fermeture du site vosgien d\u2019Asteelflash \u00e0 Cleurie d\u2019ici f\u00e9vrier 2026, l\u2019inqui\u00e9tude ne cesse de grandir parmi les salari\u00e9s. Mardi dernier, d\u00e8s 8 h, l\u2019intersyndicale a lanc\u00e9 un mouvement de gr\u00e8ve reconductible.<\/strong><\/h2>\n<h3 data-start=\"403\" data-end=\"450\">Une action pour peser sur les n\u00e9gociations<\/h3>\n<p data-start=\"451\" data-end=\"761\">Si des discussions ont bien \u00e9t\u00e9 engag\u00e9es entre la direction et les syndicats concernant le plan de sauvegarde de l\u2019emploi (PSE), aucun accord n\u2019a pour l\u2019instant \u00e9t\u00e9 trouv\u00e9. Les repr\u00e9sentants du personnel d\u00e9noncent un manque de garanties et une incertitude trop lourde pour les employ\u00e9s et leurs familles.<\/p>\n<p data-start=\"763\" data-end=\"967\">Les salari\u00e9s ont donc d\u00e9cid\u00e9 de maintenir la pression en cessant le travail jusqu\u2019au 2 septembre, date fix\u00e9e pour la reprise des n\u00e9gociations entre la direction du groupe et les partenaires sociaux.<\/p>\n<h3 data-start=\"969\" data-end=\"1000\">Deux repreneurs potentiels<\/h3>\n<p data-start=\"1001\" data-end=\"1275\">Malgr\u00e9 ce climat tendu, une lueur d\u2019espoir subsiste. Deux repreneurs se seraient d\u2019ores et d\u00e9j\u00e0 manifest\u00e9s pour s\u2019int\u00e9resser au site de Cleurie. Les syndicats esp\u00e8rent que ces pistes pourront se concr\u00e9tiser et permettre de pr\u00e9server au moins une partie des emplois locaux.<\/p>\n<h3 data-start=\"1277\" data-end=\"1308\">Un avenir encore incertain<\/h3>\n<p data-start=\"1309\" data-end=\"1589\">D\u2019ici f\u00e9vrier 2026, c\u2019est l\u2019ensemble de l\u2019activit\u00e9 du site qui est menac\u00e9e. Pour les salari\u00e9s, cette gr\u00e8ve est donc avant tout une mani\u00e8re de rappeler leur volont\u00e9 de conserver une activit\u00e9 industrielle dans les Vosges, et de ne pas voir dispara\u00eetre un savoir-faire reconnu.<\/p>\n","protected":false},"excerpt":{"rendered":"<p>Depuis l\u2019annonce en juin dernier de la fermeture du site vosgien d\u2019Asteelflash \u00e0 Cleurie d\u2019ici f\u00e9vrier 2026, l\u2019inqui\u00e9tude ne cesse [&hellip;]<\/p>\n","protected":false},"author":52,"featured_media":134709,"comment_status":"open","ping_status":"open","sticky":false,"template":"","format":"standard","meta":{"footnotes":""},"categories":[22,24,5],"tags":[],"class_list":["post-134708","post","type-post","status-publish","format-standard","has-post-thumbnail","hentry","category-a-la-une","category-epinal","category-vosges"],"acf":[],"yoast_head":"<!-- This site is optimized with the Yoast SEO plugin v22.5 - https:\/\/yoast.com\/wordpress\/plugins\/seo\/ -->\n<title>Les salari\u00e9s d\u2019Asteelflash \u00e0 Cleurie en gr\u00e8ve - Epinal Info<\/title>\n<meta name=\"robots\" content=\"index, follow, max-snippet:-1, max-image-preview:large, max-video-preview:-1\" \/>\n<link rel=\"canonical\" href=\"https:\/\/vosgesinfo.fr\/epinalinfo\/2025\/08\/les-salaries-dasteelflash-a-cleurie-en-greve\/\" \/>\n<meta name=\"twitter:card\" content=\"summary_large_image\" \/>\n<meta name=\"twitter:title\" content=\"Les salari\u00e9s d\u2019Asteelflash \u00e0 Cleurie en gr\u00e8ve - Epinal Info\" \/>\n<meta name=\"twitter:description\" content=\"Depuis l\u2019annonce en juin dernier de la fermeture du site vosgien d\u2019Asteelflash \u00e0 Cleurie d\u2019ici f\u00e9vrier 2026, l\u2019inqui\u00e9tude ne cesse [&hellip;]\" \/>\n<meta name=\"twitter:image\" content=\"https:\/\/vosgesinfo.fr\/app\/uploads\/sites\/3\/2025\/08\/539482937-1309314227359184-8747967780205310531-n.jpg\" \/>\n<meta name=\"twitter:creator\" content=\"@VosgesInfo88\" \/>\n<meta name=\"twitter:site\" content=\"@VosgesInfo88\" \/>\n<meta name=\"twitter:label1\" content=\"\u00c9crit par\" \/>\n\t<meta name=\"twitter:data1\" content=\"C.K.\" \/>\n\t<meta name=\"twitter:label2\" content=\"Dur\u00e9e de lecture estim\u00e9e\" \/>\n\t<meta name=\"twitter:data2\" content=\"2 minutes\" \/>\n<script type=\"application\/ld+json\" class=\"yoast-schema-graph\">{\"@context\":\"https:\/\/schema.org\",\"@graph\":[{\"@type\":\"Article\",\"@id\":\"https:\/\/vosgesinfo.fr\/epinalinfo\/2025\/08\/les-salaries-dasteelflash-a-cleurie-en-greve\/#article\",\"isPartOf\":{\"@id\":\"https:\/\/vosgesinfo.fr\/epinalinfo\/2025\/08\/les-salaries-dasteelflash-a-cleurie-en-greve\/\"},\"author\":{\"name\":\"C.K.\",\"@id\":\"https:\/\/vosgesinfo.fr\/epinalinfo\/#\/schema\/person\/6f9a650eeea99d969b6c4ab78fccbe81\"},\"headline\":\"Les salari\u00e9s d\u2019Asteelflash \u00e0 Cleurie en gr\u00e8ve\",\"datePublished\":\"2025-08-28T13:10:49+00:00\",\"dateModified\":\"2025-08-28T13:00:51+00:00\",\"mainEntityOfPage\":{\"@id\":\"https:\/\/vosgesinfo.fr\/epinalinfo\/2025\/08\/les-salaries-dasteelflash-a-cleurie-en-greve\/\"},\"wordCount\":273,\"commentCount\":0,\"publisher\":{\"@id\":\"https:\/\/vosgesinfo.fr\/epinalinfo\/#organization\"},\"image\":{\"@id\":\"https:\/\/vosgesinfo.fr\/epinalinfo\/2025\/08\/les-salaries-dasteelflash-a-cleurie-en-greve\/#primaryimage\"},\"thumbnailUrl\":\"https:\/\/vosgesinfo.fr\/app\/uploads\/sites\/3\/2025\/08\/539482937-1309314227359184-8747967780205310531-n.jpg\",\"articleSection\":[\"A la Une\",\"Epinal\",\"Vosges\"],\"inLanguage\":\"fr-FR\",\"potentialAction\":[{\"@type\":\"CommentAction\",\"name\":\"Comment\",\"target\":[\"https:\/\/vosgesinfo.fr\/epinalinfo\/2025\/08\/les-salaries-dasteelflash-a-cleurie-en-greve\/#respond\"]}]},{\"@type\":\"WebPage\",\"@id\":\"https:\/\/vosgesinfo.fr\/epinalinfo\/2025\/08\/les-salaries-dasteelflash-a-cleurie-en-greve\/\",\"url\":\"https:\/\/vosgesinfo.fr\/epinalinfo\/2025\/08\/les-salaries-dasteelflash-a-cleurie-en-greve\/\",\"name\":\"Les salari\u00e9s d\u2019Asteelflash \u00e0 Cleurie en gr\u00e8ve - Epinal Info\",\"isPartOf\":{\"@id\":\"https:\/\/vosgesinfo.fr\/epinalinfo\/#website\"},\"primaryImageOfPage\":{\"@id\":\"https:\/\/vosgesinfo.fr\/epinalinfo\/2025\/08\/les-salaries-dasteelflash-a-cleurie-en-greve\/#primaryimage\"},\"image\":{\"@id\":\"https:\/\/vosgesinfo.fr\/epinalinfo\/2025\/08\/les-salaries-dasteelflash-a-cleurie-en-greve\/#primaryimage\"},\"thumbnailUrl\":\"https:\/\/vosgesinfo.fr\/app\/uploads\/sites\/3\/2025\/08\/539482937-1309314227359184-8747967780205310531-n.jpg\",\"datePublished\":\"2025-08-28T13:10:49+00:00\",\"dateModified\":\"2025-08-28T13:00:51+00:00\",\"breadcrumb\":{\"@id\":\"https:\/\/vosgesinfo.fr\/epinalinfo\/2025\/08\/les-salaries-dasteelflash-a-cleurie-en-greve\/#breadcrumb\"},\"inLanguage\":\"fr-FR\",\"potentialAction\":[{\"@type\":\"ReadAction\",\"target\":[\"https:\/\/vosgesinfo.fr\/epinalinfo\/2025\/08\/les-salaries-dasteelflash-a-cleurie-en-greve\/\"]}]},{\"@type\":\"ImageObject\",\"inLanguage\":\"fr-FR\",\"@id\":\"https:\/\/vosgesinfo.fr\/epinalinfo\/2025\/08\/les-salaries-dasteelflash-a-cleurie-en-greve\/#primaryimage\",\"url\":\"https:\/\/vosgesinfo.fr\/app\/uploads\/sites\/3\/2025\/08\/539482937-1309314227359184-8747967780205310531-n.jpg\",\"contentUrl\":\"https:\/\/vosgesinfo.fr\/app\/uploads\/sites\/3\/2025\/08\/539482937-1309314227359184-8747967780205310531-n.jpg\",\"width\":2048,\"height\":1537,\"caption\":\"photo CFDT\"},{\"@type\":\"BreadcrumbList\",\"@id\":\"https:\/\/vosgesinfo.fr\/epinalinfo\/2025\/08\/les-salaries-dasteelflash-a-cleurie-en-greve\/#breadcrumb\",\"itemListElement\":[{\"@type\":\"ListItem\",\"position\":1,\"name\":\"Home\",\"item\":\"https:\/\/vosgesinfo.fr\/epinalinfo\/\"},{\"@type\":\"ListItem\",\"position\":2,\"name\":\"Les salari\u00e9s d\u2019Asteelflash \u00e0 Cleurie en gr\u00e8ve\"}]},{\"@type\":\"WebSite\",\"@id\":\"https:\/\/vosgesinfo.fr\/epinalinfo\/#website\",\"url\":\"https:\/\/vosgesinfo.fr\/epinalinfo\/\",\"name\":\"Epinal Info\",\"description\":\"Toute l&#039;actualit\u00e9 d&#039;\u00c9pinal\",\"publisher\":{\"@id\":\"https:\/\/vosgesinfo.fr\/epinalinfo\/#organization\"},\"alternateName\":\"Toute l'actualit\u00e9 d'\u00c9pinal\",\"potentialAction\":[{\"@type\":\"SearchAction\",\"target\":{\"@type\":\"EntryPoint\",\"urlTemplate\":\"https:\/\/vosgesinfo.fr\/epinalinfo\/?s={search_term_string}\"},\"query-input\":\"required name=search_term_string\"}],\"inLanguage\":\"fr-FR\"},{\"@type\":\"Organization\",\"@id\":\"https:\/\/vosgesinfo.fr\/epinalinfo\/#organization\",\"name\":\"Epinal Info\",\"url\":\"https:\/\/vosgesinfo.fr\/epinalinfo\/\",\"logo\":{\"@type\":\"ImageObject\",\"inLanguage\":\"fr-FR\",\"@id\":\"https:\/\/vosgesinfo.fr\/epinalinfo\/#\/schema\/logo\/image\/\",\"url\":\"https:\/\/vosgesinfo.fr\/app\/uploads\/sites\/3\/2023\/08\/logo-epinalinfos.svg\",\"contentUrl\":\"https:\/\/vosgesinfo.fr\/app\/uploads\/sites\/3\/2023\/08\/logo-epinalinfos.svg\",\"width\":1,\"height\":1,\"caption\":\"Epinal Info\"},\"image\":{\"@id\":\"https:\/\/vosgesinfo.fr\/epinalinfo\/#\/schema\/logo\/image\/\"},\"sameAs\":[\"https:\/\/www.facebook.com\/Epinalinfos\",\"https:\/\/x.com\/VosgesInfo88\",\"https:\/\/www.youtube.com\/@vosgesinfo\"]},{\"@type\":\"Person\",\"@id\":\"https:\/\/vosgesinfo.fr\/epinalinfo\/#\/schema\/person\/6f9a650eeea99d969b6c4ab78fccbe81\",\"name\":\"C.K.\",\"image\":{\"@type\":\"ImageObject\",\"inLanguage\":\"fr-FR\",\"@id\":\"https:\/\/vosgesinfo.fr\/epinalinfo\/#\/schema\/person\/image\/\",\"url\":\"https:\/\/secure.gravatar.com\/avatar\/48e3fc7f8421ba8942be6b74a2b7f014ca39bc00dece156b7a8e098ae7dc87bf?s=96&d=mm&r=g\",\"contentUrl\":\"https:\/\/secure.gravatar.com\/avatar\/48e3fc7f8421ba8942be6b74a2b7f014ca39bc00dece156b7a8e098ae7dc87bf?s=96&d=mm&r=g\",\"caption\":\"C.K.\"},\"url\":\"https:\/\/vosgesinfo.fr\/epinalinfo\/author\/celia-k-n\/\"}]}<\/script>\n<!-- \/ Yoast SEO plugin. -->","yoast_head_json":{"title":"Les salari\u00e9s d\u2019Asteelflash \u00e0 Cleurie en gr\u00e8ve - Epinal Info","robots":{"index":"index","follow":"follow","max-snippet":"max-snippet:-1","max-image-preview":"max-image-preview:large","max-video-preview":"max-video-preview:-1"},"canonical":"https:\/\/vosgesinfo.fr\/epinalinfo\/2025\/08\/les-salaries-dasteelflash-a-cleurie-en-greve\/","twitter_card":"summary_large_image","twitter_title":"Les salari\u00e9s d\u2019Asteelflash \u00e0 Cleurie en gr\u00e8ve - Epinal Info","twitter_description":"Depuis l\u2019annonce en juin dernier de la fermeture du site vosgien d\u2019Asteelflash \u00e0 Cleurie d\u2019ici f\u00e9vrier 2026, l\u2019inqui\u00e9tude ne cesse [&hellip;]","twitter_image":"https:\/\/vosgesinfo.fr\/app\/uploads\/sites\/3\/2025\/08\/539482937-1309314227359184-8747967780205310531-n.jpg","twitter_creator":"@VosgesInfo88","twitter_site":"@VosgesInfo88","twitter_misc":{"\u00c9crit par":"C.K.","Dur\u00e9e de lecture estim\u00e9e":"2 minutes"},"schema":{"@context":"https:\/\/schema.org","@graph":[{"@type":"Article","@id":"https:\/\/vosgesinfo.fr\/epinalinfo\/2025\/08\/les-salaries-dasteelflash-a-cleurie-en-greve\/#article","isPartOf":{"@id":"https:\/\/vosgesinfo.fr\/epinalinfo\/2025\/08\/les-salaries-dasteelflash-a-cleurie-en-greve\/"},"author":{"name":"C.K.","@id":"https:\/\/vosgesinfo.fr\/epinalinfo\/#\/schema\/person\/6f9a650eeea99d969b6c4ab78fccbe81"},"headline":"Les salari\u00e9s d\u2019Asteelflash \u00e0 Cleurie en gr\u00e8ve","datePublished":"2025-08-28T13:10:49+00:00","dateModified":"2025-08-28T13:00:51+00:00","mainEntityOfPage":{"@id":"https:\/\/vosgesinfo.fr\/epinalinfo\/2025\/08\/les-salaries-dasteelflash-a-cleurie-en-greve\/"},"wordCount":273,"commentCount":0,"publisher":{"@id":"https:\/\/vosgesinfo.fr\/epinalinfo\/#organization"},"image":{"@id":"https:\/\/vosgesinfo.fr\/epinalinfo\/2025\/08\/les-salaries-dasteelflash-a-cleurie-en-greve\/#primaryimage"},"thumbnailUrl":"https:\/\/vosgesinfo.fr\/app\/uploads\/sites\/3\/2025\/08\/539482937-1309314227359184-8747967780205310531-n.jpg","articleSection":["A la Une","Epinal","Vosges"],"inLanguage":"fr-FR","potentialAction":[{"@type":"CommentAction","name":"Comment","target":["https:\/\/vosgesinfo.fr\/epinalinfo\/2025\/08\/les-salaries-dasteelflash-a-cleurie-en-greve\/#respond"]}]},{"@type":"WebPage","@id":"https:\/\/vosgesinfo.fr\/epinalinfo\/2025\/08\/les-salaries-dasteelflash-a-cleurie-en-greve\/","url":"https:\/\/vosgesinfo.fr\/epinalinfo\/2025\/08\/les-salaries-dasteelflash-a-cleurie-en-greve\/","name":"Les salari\u00e9s d\u2019Asteelflash \u00e0 Cleurie en gr\u00e8ve - Epinal Info","isPartOf":{"@id":"https:\/\/vosgesinfo.fr\/epinalinfo\/#website"},"primaryImageOfPage":{"@id":"https:\/\/vosgesinfo.fr\/epinalinfo\/2025\/08\/les-salaries-dasteelflash-a-cleurie-en-greve\/#primaryimage"},"image":{"@id":"https:\/\/vosgesinfo.fr\/epinalinfo\/2025\/08\/les-salaries-dasteelflash-a-cleurie-en-greve\/#primaryimage"},"thumbnailUrl":"https:\/\/vosgesinfo.fr\/app\/uploads\/sites\/3\/2025\/08\/539482937-1309314227359184-8747967780205310531-n.jpg","datePublished":"2025-08-28T13:10:49+00:00","dateModified":"2025-08-28T13:00:51+00:00","breadcrumb":{"@id":"https:\/\/vosgesinfo.fr\/epinalinfo\/2025\/08\/les-salaries-dasteelflash-a-cleurie-en-greve\/#breadcrumb"},"inLanguage":"fr-FR","potentialAction":[{"@type":"ReadAction","target":["https:\/\/vosgesinfo.fr\/epinalinfo\/2025\/08\/les-salaries-dasteelflash-a-cleurie-en-greve\/"]}]},{"@type":"ImageObject","inLanguage":"fr-FR","@id":"https:\/\/vosgesinfo.fr\/epinalinfo\/2025\/08\/les-salaries-dasteelflash-a-cleurie-en-greve\/#primaryimage","url":"https:\/\/vosgesinfo.fr\/app\/uploads\/sites\/3\/2025\/08\/539482937-1309314227359184-8747967780205310531-n.jpg","contentUrl":"https:\/\/vosgesinfo.fr\/app\/uploads\/sites\/3\/2025\/08\/539482937-1309314227359184-8747967780205310531-n.jpg","width":2048,"height":1537,"caption":"photo CFDT"},{"@type":"BreadcrumbList","@id":"https:\/\/vosgesinfo.fr\/epinalinfo\/2025\/08\/les-salaries-dasteelflash-a-cleurie-en-greve\/#breadcrumb","itemListElement":[{"@type":"ListItem","position":1,"name":"Home","item":"https:\/\/vosgesinfo.fr\/epinalinfo\/"},{"@type":"ListItem","position":2,"name":"Les salari\u00e9s d\u2019Asteelflash \u00e0 Cleurie en gr\u00e8ve"}]},{"@type":"WebSite","@id":"https:\/\/vosgesinfo.fr\/epinalinfo\/#website","url":"https:\/\/vosgesinfo.fr\/epinalinfo\/","name":"Epinal Info","description":"Toute l&#039;actualit\u00e9 d&#039;\u00c9pinal","publisher":{"@id":"https:\/\/vosgesinfo.fr\/epinalinfo\/#organization"},"alternateName":"Toute l'actualit\u00e9 d'\u00c9pinal","potentialAction":[{"@type":"SearchAction","target":{"@type":"EntryPoint","urlTemplate":"https:\/\/vosgesinfo.fr\/epinalinfo\/?s={search_term_string}"},"query-input":"required name=search_term_string"}],"inLanguage":"fr-FR"},{"@type":"Organization","@id":"https:\/\/vosgesinfo.fr\/epinalinfo\/#organization","name":"Epinal Info","url":"https:\/\/vosgesinfo.fr\/epinalinfo\/","logo":{"@type":"ImageObject","inLanguage":"fr-FR","@id":"https:\/\/vosgesinfo.fr\/epinalinfo\/#\/schema\/logo\/image\/","url":"https:\/\/vosgesinfo.fr\/app\/uploads\/sites\/3\/2023\/08\/logo-epinalinfos.svg","contentUrl":"https:\/\/vosgesinfo.fr\/app\/uploads\/sites\/3\/2023\/08\/logo-epinalinfos.svg","width":1,"height":1,"caption":"Epinal Info"},"image":{"@id":"https:\/\/vosgesinfo.fr\/epinalinfo\/#\/schema\/logo\/image\/"},"sameAs":["https:\/\/www.facebook.com\/Epinalinfos","https:\/\/x.com\/VosgesInfo88","https:\/\/www.youtube.com\/@vosgesinfo"]},{"@type":"Person","@id":"https:\/\/vosgesinfo.fr\/epinalinfo\/#\/schema\/person\/6f9a650eeea99d969b6c4ab78fccbe81","name":"C.K.","image":{"@type":"ImageObject","inLanguage":"fr-FR","@id":"https:\/\/vosgesinfo.fr\/epinalinfo\/#\/schema\/person\/image\/","url":"https:\/\/secure.gravatar.com\/avatar\/48e3fc7f8421ba8942be6b74a2b7f014ca39bc00dece156b7a8e098ae7dc87bf?s=96&d=mm&r=g","contentUrl":"https:\/\/secure.gravatar.com\/avatar\/48e3fc7f8421ba8942be6b74a2b7f014ca39bc00dece156b7a8e098ae7dc87bf?s=96&d=mm&r=g","caption":"C.K."},"url":"https:\/\/vosgesinfo.fr\/epinalinfo\/author\/celia-k-n\/"}]}},"_links":{"self":[{"href":"https:\/\/vosgesinfo.fr\/epinalinfo\/wp-json\/wp\/v2\/posts\/134708","targetHints":{"allow":["GET"]}}],"collection":[{"href":"https:\/\/vosgesinfo.fr\/epinalinfo\/wp-json\/wp\/v2\/posts"}],"about":[{"href":"https:\/\/vosgesinfo.fr\/epinalinfo\/wp-json\/wp\/v2\/types\/post"}],"author":[{"embeddable":true,"href":"https:\/\/vosgesinfo.fr\/epinalinfo\/wp-json\/wp\/v2\/users\/52"}],"replies":[{"embeddable":true,"href":"https:\/\/vosgesinfo.fr\/epinalinfo\/wp-json\/wp\/v2\/comments?post=134708"}],"version-history":[{"count":1,"href":"https:\/\/vosgesinfo.fr\/epinalinfo\/wp-json\/wp\/v2\/posts\/134708\/revisions"}],"predecessor-version":[{"id":134710,"href":"https:\/\/vosgesinfo.fr\/epinalinfo\/wp-json\/wp\/v2\/posts\/134708\/revisions\/134710"}],"wp:featuredmedia":[{"embeddable":true,"href":"https:\/\/vosgesinfo.fr\/epinalinfo\/wp-json\/wp\/v2\/media\/134709"}],"wp:attachment":[{"href":"https:\/\/vosgesinfo.fr\/epinalinfo\/wp-json\/wp\/v2\/media?parent=134708"}],"wp:term":[{"taxonomy":"category","embeddable":true,"href":"https:\/\/vosgesinfo.fr\/epinalinfo\/wp-json\/wp\/v2\/categories?post=134708"},{"taxonomy":"post_tag","embeddable":true,"href":"https:\/\/vosgesinfo.fr\/epinalinfo\/wp-json\/wp\/v2\/tags?post=134708"}],"curies":[{"name":"wp","href":"https:\/\/api.w.org\/{rel}","templated":true}]}}