{"id":134715,"date":"2025-08-28T15:20:23","date_gmt":"2025-08-28T13:20:23","guid":{"rendered":"https:\/\/vosgesinfo.fr\/epinalinfo\/?p=134715"},"modified":"2025-08-28T17:47:44","modified_gmt":"2025-08-28T15:47:44","slug":"ligne-nancy-vittel-contrexeville-le-compte-a-rebours-est-lance-pour-la-reouverture","status":"publish","type":"post","link":"https:\/\/vosgesinfo.fr\/epinalinfo\/2025\/08\/ligne-nancy-vittel-contrexeville-le-compte-a-rebours-est-lance-pour-la-reouverture\/","title":{"rendered":"Ligne Nancy\u2013Vittel\u2013Contrex\u00e9ville : le compte \u00e0 rebours est lanc\u00e9 pour la r\u00e9ouverture"},"content":{"rendered":"<div id=\"attachment_134716\" style=\"width: 1206px\" class=\"wp-caption aligncenter\"><a href=\"https:\/\/vosgesinfo.fr\/app\/uploads\/sites\/3\/2025\/08\/gare-sncf-contrexeville.jpg\"><img decoding=\"async\" aria-describedby=\"caption-attachment-134716\" class=\"size-full wp-image-134716\" src=\"https:\/\/vosgesinfo.fr\/app\/uploads\/sites\/3\/2025\/08\/gare-sncf-contrexeville.jpg\" alt=\"\" width=\"1196\" height=\"819\" srcset=\"https:\/\/vosgesinfo.fr\/app\/uploads\/sites\/3\/2025\/08\/gare-sncf-contrexeville.jpg 1196w, https:\/\/vosgesinfo.fr\/app\/uploads\/sites\/3\/2025\/08\/gare-sncf-contrexeville-300x205.jpg 300w, https:\/\/vosgesinfo.fr\/app\/uploads\/sites\/3\/2025\/08\/gare-sncf-contrexeville-1024x701.jpg 1024w, https:\/\/vosgesinfo.fr\/app\/uploads\/sites\/3\/2025\/08\/gare-sncf-contrexeville-768x526.jpg 768w\" sizes=\"(max-width: 1196px) 100vw, 1196px\" \/><\/a><p id=\"caption-attachment-134716\" class=\"wp-caption-text\">photo Google maps<\/p><\/div>\n<h2 data-start=\"157\" data-end=\"477\"><strong>J-853. C\u2019est la date symbolique annonc\u00e9e avant la remise en service de la ligne ferroviaire Nancy\u2013Contrex\u00e9ville, via Mirecourt et Vittel. Ferm\u00e9e depuis 2016, cette liaison essentielle pour le sud-ouest lorrain accueillera de nouveau ses premiers voyageurs le 12 d\u00e9cembre 2027, soit dix ans apr\u00e8s son arr\u00eat.<\/strong><\/h2>\n<h3 data-start=\"479\" data-end=\"526\">Un chantier d\u2019ampleur \u00e0 partir de fin 2025<\/h3>\n<p data-start=\"527\" data-end=\"833\">Les premiers coups de pioche devraient \u00eatre donn\u00e9s d\u2019ici \u00e0 la fin de l\u2019ann\u00e9e. Le chantier, confi\u00e9 \u00e0 la soci\u00e9t\u00e9 concessionnaire Nova 14 (NGE, Transdev et la Banque des territoires), s\u2019annonce d\u2019une ampleur consid\u00e9rable : 75 km de voies devront \u00eatre r\u00e9g\u00e9n\u00e9r\u00e9s, desservant 12 gares au total.<\/p>\n<p data-start=\"835\" data-end=\"1024\">Les travaux devraient durer environ deux ans et demi. Parall\u00e8lement, un centre de maintenance sera construit \u00e0 Mirecourt, avec 65 postes \u00e0 pourvoir et des formations \u00e0 la cl\u00e9.<\/p>\n<h3 data-start=\"1026\" data-end=\"1075\">300 emplois \u00e0 la cl\u00e9, dont 10 % en insertion<\/h3>\n<p data-start=\"1076\" data-end=\"1262\">Le projet g\u00e9n\u00e8re une dynamique d\u2019emploi significative : <strong data-start=\"1132\" data-end=\"1152\">300 recrutements<\/strong> sont pr\u00e9vus dans les Vosges et en Meurthe-et-Moselle, dont <strong data-start=\"1212\" data-end=\"1259\">10 % r\u00e9serv\u00e9s \u00e0 l\u2019insertion professionnelle<\/strong>.<\/p>\n<h3 data-start=\"1435\" data-end=\"1481\">Une ligne au c\u0153ur des enjeux territoriaux<\/h3>\n<p data-start=\"1482\" data-end=\"1647\">Propri\u00e9taire du tron\u00e7on <strong data-start=\"1506\" data-end=\"1532\">Xeuilley\u2013Contrex\u00e9ville<\/strong>, la <strong data-start=\"1537\" data-end=\"1557\">R\u00e9gion Grand Est<\/strong> a rappel\u00e9 l\u2019importance de cette ligne pour la mobilit\u00e9 et l\u2019attractivit\u00e9 du territoire.<\/p>\n<p data-start=\"1649\" data-end=\"1913\">Ferm\u00e9e en 2016 \u00e0 cause de la <strong data-start=\"1678\" data-end=\"1705\">baisse de fr\u00e9quentation<\/strong> et des <strong data-start=\"1713\" data-end=\"1749\">co\u00fbts d\u2019exploitation trop \u00e9lev\u00e9s<\/strong>, elle avait \u00e9t\u00e9 jug\u00e9e non rentable. Mais sa r\u00e9ouverture figure d\u00e9sormais parmi les mesures phares du <strong data-start=\"1851\" data-end=\"1874\">pacte des ruralit\u00e9s<\/strong>, adopt\u00e9 le 5 avril dernier \u00e0 Verdun.<\/p>\n<p data-start=\"1915\" data-end=\"2120\">\u00ab Cette ligne va reconnecter les zones rurales aux grands centres urbains et stimuler le d\u00e9veloppement \u00e9conomique et social du territoire \u00bb, a soulign\u00e9 <strong data-start=\"2067\" data-end=\"2083\">Franck Leroy<\/strong>, pr\u00e9sident de la R\u00e9gion Grand Est.<\/p>\n<h3 data-start=\"2122\" data-end=\"2151\">Une renaissance attendue<\/h3>\n<p data-start=\"2152\" data-end=\"2364\">Pour les habitants du sud-ouest lorrain, cette r\u00e9ouverture repr\u00e9sente bien plus qu\u2019un simple retour du train : elle incarne une <strong data-start=\"2280\" data-end=\"2331\">renaissance du service ferroviaire de proximit\u00e9<\/strong>, attendue depuis une d\u00e9cennie.<\/p>\n<p data-start=\"2366\" data-end=\"2450\">Le rendez-vous est pris : <strong data-start=\"2392\" data-end=\"2409\">d\u00e9cembre 2027<\/strong>, pour un nouveau d\u00e9part sur les rails.<\/p>\n\n\t\t<style type=\"text\/css\">\n\t\t\t#gallery-1 {\n\t\t\t\tmargin: auto;\n\t\t\t}\n\t\t\t#gallery-1 .gallery-item {\n\t\t\t\tfloat: left;\n\t\t\t\tmargin-top: 10px;\n\t\t\t\ttext-align: center;\n\t\t\t\twidth: 33%;\n\t\t\t}\n\t\t\t#gallery-1 img {\n\t\t\t\tborder: 2px solid #cfcfcf;\n\t\t\t}\n\t\t\t#gallery-1 .gallery-caption {\n\t\t\t\tmargin-left: 0;\n\t\t\t}\n\t\t\t\/* see gallery_shortcode() in wp-includes\/media.php *\/\n\t\t<\/style>\n\t\t<div id='gallery-1' class='gallery galleryid-134715 gallery-columns-3 gallery-size-large'><dl class='gallery-item'>\n\t\t\t<dt class='gallery-icon landscape'>\n\t\t\t\t<a href='https:\/\/vosgesinfo.fr\/app\/uploads\/sites\/3\/2025\/08\/thumbnail-img-3105.jpg'><img decoding=\"async\" width=\"1024\" height=\"768\" src=\"https:\/\/vosgesinfo.fr\/app\/uploads\/sites\/3\/2025\/08\/thumbnail-img-3105-1024x768.jpg\" class=\"attachment-large size-large\" alt=\"\" srcset=\"https:\/\/vosgesinfo.fr\/app\/uploads\/sites\/3\/2025\/08\/thumbnail-img-3105-1024x768.jpg 1024w, https:\/\/vosgesinfo.fr\/app\/uploads\/sites\/3\/2025\/08\/thumbnail-img-3105-300x225.jpg 300w, https:\/\/vosgesinfo.fr\/app\/uploads\/sites\/3\/2025\/08\/thumbnail-img-3105-768x576.jpg 768w, https:\/\/vosgesinfo.fr\/app\/uploads\/sites\/3\/2025\/08\/thumbnail-img-3105-1536x1152.jpg 1536w, https:\/\/vosgesinfo.fr\/app\/uploads\/sites\/3\/2025\/08\/thumbnail-img-3105.jpg 1920w\" sizes=\"(max-width: 1024px) 100vw, 1024px\" \/><\/a>\n\t\t\t<\/dt><\/dl><dl class='gallery-item'>\n\t\t\t<dt class='gallery-icon landscape'>\n\t\t\t\t<a href='https:\/\/vosgesinfo.fr\/app\/uploads\/sites\/3\/2025\/08\/img-3124.jpg'><img decoding=\"async\" width=\"1024\" height=\"683\" src=\"https:\/\/vosgesinfo.fr\/app\/uploads\/sites\/3\/2025\/08\/img-3124-1024x683.jpg\" class=\"attachment-large size-large\" alt=\"\" srcset=\"https:\/\/vosgesinfo.fr\/app\/uploads\/sites\/3\/2025\/08\/img-3124-1024x683.jpg 1024w, https:\/\/vosgesinfo.fr\/app\/uploads\/sites\/3\/2025\/08\/img-3124-300x200.jpg 300w, https:\/\/vosgesinfo.fr\/app\/uploads\/sites\/3\/2025\/08\/img-3124-768x512.jpg 768w, https:\/\/vosgesinfo.fr\/app\/uploads\/sites\/3\/2025\/08\/img-3124-1536x1024.jpg 1536w, https:\/\/vosgesinfo.fr\/app\/uploads\/sites\/3\/2025\/08\/img-3124.jpg 1599w\" sizes=\"(max-width: 1024px) 100vw, 1024px\" \/><\/a>\n\t\t\t<\/dt><\/dl><dl class='gallery-item'>\n\t\t\t<dt class='gallery-icon landscape'>\n\t\t\t\t<a href='https:\/\/vosgesinfo.fr\/app\/uploads\/sites\/3\/2025\/08\/img-3130.jpg'><img decoding=\"async\" width=\"1024\" height=\"683\" src=\"https:\/\/vosgesinfo.fr\/app\/uploads\/sites\/3\/2025\/08\/img-3130-1024x683.jpg\" class=\"attachment-large size-large\" alt=\"\" srcset=\"https:\/\/vosgesinfo.fr\/app\/uploads\/sites\/3\/2025\/08\/img-3130-1024x683.jpg 1024w, https:\/\/vosgesinfo.fr\/app\/uploads\/sites\/3\/2025\/08\/img-3130-300x200.jpg 300w, https:\/\/vosgesinfo.fr\/app\/uploads\/sites\/3\/2025\/08\/img-3130-768x512.jpg 768w, https:\/\/vosgesinfo.fr\/app\/uploads\/sites\/3\/2025\/08\/img-3130-1536x1024.jpg 1536w, https:\/\/vosgesinfo.fr\/app\/uploads\/sites\/3\/2025\/08\/img-3130.jpg 1599w\" sizes=\"(max-width: 1024px) 100vw, 1024px\" \/><\/a>\n\t\t\t<\/dt><\/dl><br style=\"clear: both\" \/>\n\t\t<\/div>\n\n","protected":false},"excerpt":{"rendered":"<p>J-853. C\u2019est la date symbolique annonc\u00e9e avant la remise en service de la ligne ferroviaire Nancy\u2013Contrex\u00e9ville, via Mirecourt et Vittel. [&hellip;]<\/p>\n","protected":false},"author":52,"featured_media":134716,"comment_status":"open","ping_status":"open","sticky":false,"template":"","format":"standard","meta":{"footnotes":""},"categories":[22,24,6057,5],"tags":[],"class_list":["post-134715","post","type-post","status-publish","format-standard","has-post-thumbnail","hentry","category-a-la-une","category-epinal","category-la-plaine-des-vosges","category-vosges"],"acf":[],"yoast_head":"<!-- This site is optimized with the Yoast SEO plugin v22.5 - https:\/\/yoast.com\/wordpress\/plugins\/seo\/ -->\n<title>Ligne Nancy\u2013Vittel\u2013Contrex\u00e9ville : le compte \u00e0 rebours est lanc\u00e9 pour la r\u00e9ouverture - Epinal Info<\/title>\n<meta name=\"robots\" content=\"index, follow, max-snippet:-1, max-image-preview:large, max-video-preview:-1\" \/>\n<link rel=\"canonical\" href=\"https:\/\/vosgesinfo.fr\/epinalinfo\/2025\/08\/ligne-nancy-vittel-contrexeville-le-compte-a-rebours-est-lance-pour-la-reouverture\/\" \/>\n<meta name=\"twitter:card\" content=\"summary_large_image\" \/>\n<meta name=\"twitter:title\" content=\"Ligne Nancy\u2013Vittel\u2013Contrex\u00e9ville : le compte \u00e0 rebours est lanc\u00e9 pour la r\u00e9ouverture - Epinal Info\" \/>\n<meta name=\"twitter:description\" content=\"J-853. C\u2019est la date symbolique annonc\u00e9e avant la remise en service de la ligne ferroviaire Nancy\u2013Contrex\u00e9ville, via Mirecourt et Vittel. [&hellip;]\" \/>\n<meta name=\"twitter:image\" content=\"https:\/\/vosgesinfo.fr\/app\/uploads\/sites\/3\/2025\/08\/gare-sncf-contrexeville.jpg\" \/>\n<meta name=\"twitter:creator\" content=\"@VosgesInfo88\" \/>\n<meta name=\"twitter:site\" content=\"@VosgesInfo88\" \/>\n<meta name=\"twitter:label1\" content=\"\u00c9crit par\" \/>\n\t<meta name=\"twitter:data1\" content=\"C.K.\" \/>\n\t<meta name=\"twitter:label2\" content=\"Dur\u00e9e de lecture estim\u00e9e\" \/>\n\t<meta name=\"twitter:data2\" content=\"3 minutes\" \/>\n<script type=\"application\/ld+json\" class=\"yoast-schema-graph\">{\"@context\":\"https:\/\/schema.org\",\"@graph\":[{\"@type\":\"Article\",\"@id\":\"https:\/\/vosgesinfo.fr\/epinalinfo\/2025\/08\/ligne-nancy-vittel-contrexeville-le-compte-a-rebours-est-lance-pour-la-reouverture\/#article\",\"isPartOf\":{\"@id\":\"https:\/\/vosgesinfo.fr\/epinalinfo\/2025\/08\/ligne-nancy-vittel-contrexeville-le-compte-a-rebours-est-lance-pour-la-reouverture\/\"},\"author\":{\"name\":\"C.K.\",\"@id\":\"https:\/\/vosgesinfo.fr\/epinalinfo\/#\/schema\/person\/6f9a650eeea99d969b6c4ab78fccbe81\"},\"headline\":\"Ligne Nancy\u2013Vittel\u2013Contrex\u00e9ville : le compte \u00e0 rebours est lanc\u00e9 pour la r\u00e9ouverture\",\"datePublished\":\"2025-08-28T13:20:23+00:00\",\"dateModified\":\"2025-08-28T15:47:44+00:00\",\"mainEntityOfPage\":{\"@id\":\"https:\/\/vosgesinfo.fr\/epinalinfo\/2025\/08\/ligne-nancy-vittel-contrexeville-le-compte-a-rebours-est-lance-pour-la-reouverture\/\"},\"wordCount\":366,\"commentCount\":0,\"publisher\":{\"@id\":\"https:\/\/vosgesinfo.fr\/epinalinfo\/#organization\"},\"image\":{\"@id\":\"https:\/\/vosgesinfo.fr\/epinalinfo\/2025\/08\/ligne-nancy-vittel-contrexeville-le-compte-a-rebours-est-lance-pour-la-reouverture\/#primaryimage\"},\"thumbnailUrl\":\"https:\/\/vosgesinfo.fr\/app\/uploads\/sites\/3\/2025\/08\/gare-sncf-contrexeville.jpg\",\"articleSection\":[\"A la Une\",\"Epinal\",\"La plaine des vosges\",\"Vosges\"],\"inLanguage\":\"fr-FR\",\"potentialAction\":[{\"@type\":\"CommentAction\",\"name\":\"Comment\",\"target\":[\"https:\/\/vosgesinfo.fr\/epinalinfo\/2025\/08\/ligne-nancy-vittel-contrexeville-le-compte-a-rebours-est-lance-pour-la-reouverture\/#respond\"]}]},{\"@type\":\"WebPage\",\"@id\":\"https:\/\/vosgesinfo.fr\/epinalinfo\/2025\/08\/ligne-nancy-vittel-contrexeville-le-compte-a-rebours-est-lance-pour-la-reouverture\/\",\"url\":\"https:\/\/vosgesinfo.fr\/epinalinfo\/2025\/08\/ligne-nancy-vittel-contrexeville-le-compte-a-rebours-est-lance-pour-la-reouverture\/\",\"name\":\"Ligne Nancy\u2013Vittel\u2013Contrex\u00e9ville : le compte \u00e0 rebours est lanc\u00e9 pour la r\u00e9ouverture - Epinal Info\",\"isPartOf\":{\"@id\":\"https:\/\/vosgesinfo.fr\/epinalinfo\/#website\"},\"primaryImageOfPage\":{\"@id\":\"https:\/\/vosgesinfo.fr\/epinalinfo\/2025\/08\/ligne-nancy-vittel-contrexeville-le-compte-a-rebours-est-lance-pour-la-reouverture\/#primaryimage\"},\"image\":{\"@id\":\"https:\/\/vosgesinfo.fr\/epinalinfo\/2025\/08\/ligne-nancy-vittel-contrexeville-le-compte-a-rebours-est-lance-pour-la-reouverture\/#primaryimage\"},\"thumbnailUrl\":\"https:\/\/vosgesinfo.fr\/app\/uploads\/sites\/3\/2025\/08\/gare-sncf-contrexeville.jpg\",\"datePublished\":\"2025-08-28T13:20:23+00:00\",\"dateModified\":\"2025-08-28T15:47:44+00:00\",\"breadcrumb\":{\"@id\":\"https:\/\/vosgesinfo.fr\/epinalinfo\/2025\/08\/ligne-nancy-vittel-contrexeville-le-compte-a-rebours-est-lance-pour-la-reouverture\/#breadcrumb\"},\"inLanguage\":\"fr-FR\",\"potentialAction\":[{\"@type\":\"ReadAction\",\"target\":[\"https:\/\/vosgesinfo.fr\/epinalinfo\/2025\/08\/ligne-nancy-vittel-contrexeville-le-compte-a-rebours-est-lance-pour-la-reouverture\/\"]}]},{\"@type\":\"ImageObject\",\"inLanguage\":\"fr-FR\",\"@id\":\"https:\/\/vosgesinfo.fr\/epinalinfo\/2025\/08\/ligne-nancy-vittel-contrexeville-le-compte-a-rebours-est-lance-pour-la-reouverture\/#primaryimage\",\"url\":\"https:\/\/vosgesinfo.fr\/app\/uploads\/sites\/3\/2025\/08\/gare-sncf-contrexeville.jpg\",\"contentUrl\":\"https:\/\/vosgesinfo.fr\/app\/uploads\/sites\/3\/2025\/08\/gare-sncf-contrexeville.jpg\",\"width\":1196,\"height\":819,\"caption\":\"photo Google maps\"},{\"@type\":\"BreadcrumbList\",\"@id\":\"https:\/\/vosgesinfo.fr\/epinalinfo\/2025\/08\/ligne-nancy-vittel-contrexeville-le-compte-a-rebours-est-lance-pour-la-reouverture\/#breadcrumb\",\"itemListElement\":[{\"@type\":\"ListItem\",\"position\":1,\"name\":\"Home\",\"item\":\"https:\/\/vosgesinfo.fr\/epinalinfo\/\"},{\"@type\":\"ListItem\",\"position\":2,\"name\":\"Ligne Nancy\u2013Vittel\u2013Contrex\u00e9ville : le compte \u00e0 rebours est lanc\u00e9 pour la r\u00e9ouverture\"}]},{\"@type\":\"WebSite\",\"@id\":\"https:\/\/vosgesinfo.fr\/epinalinfo\/#website\",\"url\":\"https:\/\/vosgesinfo.fr\/epinalinfo\/\",\"name\":\"Epinal Info\",\"description\":\"Toute l&#039;actualit\u00e9 d&#039;\u00c9pinal\",\"publisher\":{\"@id\":\"https:\/\/vosgesinfo.fr\/epinalinfo\/#organization\"},\"alternateName\":\"Toute l'actualit\u00e9 d'\u00c9pinal\",\"potentialAction\":[{\"@type\":\"SearchAction\",\"target\":{\"@type\":\"EntryPoint\",\"urlTemplate\":\"https:\/\/vosgesinfo.fr\/epinalinfo\/?s={search_term_string}\"},\"query-input\":\"required name=search_term_string\"}],\"inLanguage\":\"fr-FR\"},{\"@type\":\"Organization\",\"@id\":\"https:\/\/vosgesinfo.fr\/epinalinfo\/#organization\",\"name\":\"Epinal Info\",\"url\":\"https:\/\/vosgesinfo.fr\/epinalinfo\/\",\"logo\":{\"@type\":\"ImageObject\",\"inLanguage\":\"fr-FR\",\"@id\":\"https:\/\/vosgesinfo.fr\/epinalinfo\/#\/schema\/logo\/image\/\",\"url\":\"https:\/\/vosgesinfo.fr\/app\/uploads\/sites\/3\/2023\/08\/logo-epinalinfos.svg\",\"contentUrl\":\"https:\/\/vosgesinfo.fr\/app\/uploads\/sites\/3\/2023\/08\/logo-epinalinfos.svg\",\"width\":1,\"height\":1,\"caption\":\"Epinal Info\"},\"image\":{\"@id\":\"https:\/\/vosgesinfo.fr\/epinalinfo\/#\/schema\/logo\/image\/\"},\"sameAs\":[\"https:\/\/www.facebook.com\/Epinalinfos\",\"https:\/\/x.com\/VosgesInfo88\",\"https:\/\/www.youtube.com\/@vosgesinfo\"]},{\"@type\":\"Person\",\"@id\":\"https:\/\/vosgesinfo.fr\/epinalinfo\/#\/schema\/person\/6f9a650eeea99d969b6c4ab78fccbe81\",\"name\":\"C.K.\",\"image\":{\"@type\":\"ImageObject\",\"inLanguage\":\"fr-FR\",\"@id\":\"https:\/\/vosgesinfo.fr\/epinalinfo\/#\/schema\/person\/image\/\",\"url\":\"https:\/\/secure.gravatar.com\/avatar\/48e3fc7f8421ba8942be6b74a2b7f014ca39bc00dece156b7a8e098ae7dc87bf?s=96&d=mm&r=g\",\"contentUrl\":\"https:\/\/secure.gravatar.com\/avatar\/48e3fc7f8421ba8942be6b74a2b7f014ca39bc00dece156b7a8e098ae7dc87bf?s=96&d=mm&r=g\",\"caption\":\"C.K.\"},\"url\":\"https:\/\/vosgesinfo.fr\/epinalinfo\/author\/celia-k-n\/\"}]}<\/script>\n<!-- \/ Yoast SEO plugin. -->","yoast_head_json":{"title":"Ligne Nancy\u2013Vittel\u2013Contrex\u00e9ville : le compte \u00e0 rebours est lanc\u00e9 pour la r\u00e9ouverture - Epinal Info","robots":{"index":"index","follow":"follow","max-snippet":"max-snippet:-1","max-image-preview":"max-image-preview:large","max-video-preview":"max-video-preview:-1"},"canonical":"https:\/\/vosgesinfo.fr\/epinalinfo\/2025\/08\/ligne-nancy-vittel-contrexeville-le-compte-a-rebours-est-lance-pour-la-reouverture\/","twitter_card":"summary_large_image","twitter_title":"Ligne Nancy\u2013Vittel\u2013Contrex\u00e9ville : le compte \u00e0 rebours est lanc\u00e9 pour la r\u00e9ouverture - Epinal Info","twitter_description":"J-853. C\u2019est la date symbolique annonc\u00e9e avant la remise en service de la ligne ferroviaire Nancy\u2013Contrex\u00e9ville, via Mirecourt et Vittel. [&hellip;]","twitter_image":"https:\/\/vosgesinfo.fr\/app\/uploads\/sites\/3\/2025\/08\/gare-sncf-contrexeville.jpg","twitter_creator":"@VosgesInfo88","twitter_site":"@VosgesInfo88","twitter_misc":{"\u00c9crit par":"C.K.","Dur\u00e9e de lecture estim\u00e9e":"3 minutes"},"schema":{"@context":"https:\/\/schema.org","@graph":[{"@type":"Article","@id":"https:\/\/vosgesinfo.fr\/epinalinfo\/2025\/08\/ligne-nancy-vittel-contrexeville-le-compte-a-rebours-est-lance-pour-la-reouverture\/#article","isPartOf":{"@id":"https:\/\/vosgesinfo.fr\/epinalinfo\/2025\/08\/ligne-nancy-vittel-contrexeville-le-compte-a-rebours-est-lance-pour-la-reouverture\/"},"author":{"name":"C.K.","@id":"https:\/\/vosgesinfo.fr\/epinalinfo\/#\/schema\/person\/6f9a650eeea99d969b6c4ab78fccbe81"},"headline":"Ligne Nancy\u2013Vittel\u2013Contrex\u00e9ville : le compte \u00e0 rebours est lanc\u00e9 pour la r\u00e9ouverture","datePublished":"2025-08-28T13:20:23+00:00","dateModified":"2025-08-28T15:47:44+00:00","mainEntityOfPage":{"@id":"https:\/\/vosgesinfo.fr\/epinalinfo\/2025\/08\/ligne-nancy-vittel-contrexeville-le-compte-a-rebours-est-lance-pour-la-reouverture\/"},"wordCount":366,"commentCount":0,"publisher":{"@id":"https:\/\/vosgesinfo.fr\/epinalinfo\/#organization"},"image":{"@id":"https:\/\/vosgesinfo.fr\/epinalinfo\/2025\/08\/ligne-nancy-vittel-contrexeville-le-compte-a-rebours-est-lance-pour-la-reouverture\/#primaryimage"},"thumbnailUrl":"https:\/\/vosgesinfo.fr\/app\/uploads\/sites\/3\/2025\/08\/gare-sncf-contrexeville.jpg","articleSection":["A la Une","Epinal","La plaine des vosges","Vosges"],"inLanguage":"fr-FR","potentialAction":[{"@type":"CommentAction","name":"Comment","target":["https:\/\/vosgesinfo.fr\/epinalinfo\/2025\/08\/ligne-nancy-vittel-contrexeville-le-compte-a-rebours-est-lance-pour-la-reouverture\/#respond"]}]},{"@type":"WebPage","@id":"https:\/\/vosgesinfo.fr\/epinalinfo\/2025\/08\/ligne-nancy-vittel-contrexeville-le-compte-a-rebours-est-lance-pour-la-reouverture\/","url":"https:\/\/vosgesinfo.fr\/epinalinfo\/2025\/08\/ligne-nancy-vittel-contrexeville-le-compte-a-rebours-est-lance-pour-la-reouverture\/","name":"Ligne Nancy\u2013Vittel\u2013Contrex\u00e9ville : le compte \u00e0 rebours est lanc\u00e9 pour la r\u00e9ouverture - Epinal Info","isPartOf":{"@id":"https:\/\/vosgesinfo.fr\/epinalinfo\/#website"},"primaryImageOfPage":{"@id":"https:\/\/vosgesinfo.fr\/epinalinfo\/2025\/08\/ligne-nancy-vittel-contrexeville-le-compte-a-rebours-est-lance-pour-la-reouverture\/#primaryimage"},"image":{"@id":"https:\/\/vosgesinfo.fr\/epinalinfo\/2025\/08\/ligne-nancy-vittel-contrexeville-le-compte-a-rebours-est-lance-pour-la-reouverture\/#primaryimage"},"thumbnailUrl":"https:\/\/vosgesinfo.fr\/app\/uploads\/sites\/3\/2025\/08\/gare-sncf-contrexeville.jpg","datePublished":"2025-08-28T13:20:23+00:00","dateModified":"2025-08-28T15:47:44+00:00","breadcrumb":{"@id":"https:\/\/vosgesinfo.fr\/epinalinfo\/2025\/08\/ligne-nancy-vittel-contrexeville-le-compte-a-rebours-est-lance-pour-la-reouverture\/#breadcrumb"},"inLanguage":"fr-FR","potentialAction":[{"@type":"ReadAction","target":["https:\/\/vosgesinfo.fr\/epinalinfo\/2025\/08\/ligne-nancy-vittel-contrexeville-le-compte-a-rebours-est-lance-pour-la-reouverture\/"]}]},{"@type":"ImageObject","inLanguage":"fr-FR","@id":"https:\/\/vosgesinfo.fr\/epinalinfo\/2025\/08\/ligne-nancy-vittel-contrexeville-le-compte-a-rebours-est-lance-pour-la-reouverture\/#primaryimage","url":"https:\/\/vosgesinfo.fr\/app\/uploads\/sites\/3\/2025\/08\/gare-sncf-contrexeville.jpg","contentUrl":"https:\/\/vosgesinfo.fr\/app\/uploads\/sites\/3\/2025\/08\/gare-sncf-contrexeville.jpg","width":1196,"height":819,"caption":"photo Google maps"},{"@type":"BreadcrumbList","@id":"https:\/\/vosgesinfo.fr\/epinalinfo\/2025\/08\/ligne-nancy-vittel-contrexeville-le-compte-a-rebours-est-lance-pour-la-reouverture\/#breadcrumb","itemListElement":[{"@type":"ListItem","position":1,"name":"Home","item":"https:\/\/vosgesinfo.fr\/epinalinfo\/"},{"@type":"ListItem","position":2,"name":"Ligne Nancy\u2013Vittel\u2013Contrex\u00e9ville : le compte \u00e0 rebours est lanc\u00e9 pour la r\u00e9ouverture"}]},{"@type":"WebSite","@id":"https:\/\/vosgesinfo.fr\/epinalinfo\/#website","url":"https:\/\/vosgesinfo.fr\/epinalinfo\/","name":"Epinal Info","description":"Toute l&#039;actualit\u00e9 d&#039;\u00c9pinal","publisher":{"@id":"https:\/\/vosgesinfo.fr\/epinalinfo\/#organization"},"alternateName":"Toute l'actualit\u00e9 d'\u00c9pinal","potentialAction":[{"@type":"SearchAction","target":{"@type":"EntryPoint","urlTemplate":"https:\/\/vosgesinfo.fr\/epinalinfo\/?s={search_term_string}"},"query-input":"required name=search_term_string"}],"inLanguage":"fr-FR"},{"@type":"Organization","@id":"https:\/\/vosgesinfo.fr\/epinalinfo\/#organization","name":"Epinal Info","url":"https:\/\/vosgesinfo.fr\/epinalinfo\/","logo":{"@type":"ImageObject","inLanguage":"fr-FR","@id":"https:\/\/vosgesinfo.fr\/epinalinfo\/#\/schema\/logo\/image\/","url":"https:\/\/vosgesinfo.fr\/app\/uploads\/sites\/3\/2023\/08\/logo-epinalinfos.svg","contentUrl":"https:\/\/vosgesinfo.fr\/app\/uploads\/sites\/3\/2023\/08\/logo-epinalinfos.svg","width":1,"height":1,"caption":"Epinal Info"},"image":{"@id":"https:\/\/vosgesinfo.fr\/epinalinfo\/#\/schema\/logo\/image\/"},"sameAs":["https:\/\/www.facebook.com\/Epinalinfos","https:\/\/x.com\/VosgesInfo88","https:\/\/www.youtube.com\/@vosgesinfo"]},{"@type":"Person","@id":"https:\/\/vosgesinfo.fr\/epinalinfo\/#\/schema\/person\/6f9a650eeea99d969b6c4ab78fccbe81","name":"C.K.","image":{"@type":"ImageObject","inLanguage":"fr-FR","@id":"https:\/\/vosgesinfo.fr\/epinalinfo\/#\/schema\/person\/image\/","url":"https:\/\/secure.gravatar.com\/avatar\/48e3fc7f8421ba8942be6b74a2b7f014ca39bc00dece156b7a8e098ae7dc87bf?s=96&d=mm&r=g","contentUrl":"https:\/\/secure.gravatar.com\/avatar\/48e3fc7f8421ba8942be6b74a2b7f014ca39bc00dece156b7a8e098ae7dc87bf?s=96&d=mm&r=g","caption":"C.K."},"url":"https:\/\/vosgesinfo.fr\/epinalinfo\/author\/celia-k-n\/"}]}},"_links":{"self":[{"href":"https:\/\/vosgesinfo.fr\/epinalinfo\/wp-json\/wp\/v2\/posts\/134715","targetHints":{"allow":["GET"]}}],"collection":[{"href":"https:\/\/vosgesinfo.fr\/epinalinfo\/wp-json\/wp\/v2\/posts"}],"about":[{"href":"https:\/\/vosgesinfo.fr\/epinalinfo\/wp-json\/wp\/v2\/types\/post"}],"author":[{"embeddable":true,"href":"https:\/\/vosgesinfo.fr\/epinalinfo\/wp-json\/wp\/v2\/users\/52"}],"replies":[{"embeddable":true,"href":"https:\/\/vosgesinfo.fr\/epinalinfo\/wp-json\/wp\/v2\/comments?post=134715"}],"version-history":[{"count":3,"href":"https:\/\/vosgesinfo.fr\/epinalinfo\/wp-json\/wp\/v2\/posts\/134715\/revisions"}],"predecessor-version":[{"id":134725,"href":"https:\/\/vosgesinfo.fr\/epinalinfo\/wp-json\/wp\/v2\/posts\/134715\/revisions\/134725"}],"wp:featuredmedia":[{"embeddable":true,"href":"https:\/\/vosgesinfo.fr\/epinalinfo\/wp-json\/wp\/v2\/media\/134716"}],"wp:attachment":[{"href":"https:\/\/vosgesinfo.fr\/epinalinfo\/wp-json\/wp\/v2\/media?parent=134715"}],"wp:term":[{"taxonomy":"category","embeddable":true,"href":"https:\/\/vosgesinfo.fr\/epinalinfo\/wp-json\/wp\/v2\/categories?post=134715"},{"taxonomy":"post_tag","embeddable":true,"href":"https:\/\/vosgesinfo.fr\/epinalinfo\/wp-json\/wp\/v2\/tags?post=134715"}],"curies":[{"name":"wp","href":"https:\/\/api.w.org\/{rel}","templated":true}]}}