{"id":134765,"date":"2025-08-30T11:10:41","date_gmt":"2025-08-30T09:10:41","guid":{"rendered":"https:\/\/vosgesinfo.fr\/epinalinfo\/?p=134765"},"modified":"2025-08-30T11:05:00","modified_gmt":"2025-08-30T09:05:00","slug":"la-rentree-se-prepare-a-bruyeres","status":"publish","type":"post","link":"https:\/\/vosgesinfo.fr\/epinalinfo\/2025\/08\/la-rentree-se-prepare-a-bruyeres\/","title":{"rendered":"La rentr\u00e9e se pr\u00e9pare \u00e0 Bruy\u00e8res"},"content":{"rendered":"<div id=\"attachment_134766\" style=\"width: 1610px\" class=\"wp-caption aligncenter\"><a href=\"https:\/\/vosgesinfo.fr\/app\/uploads\/sites\/3\/2025\/08\/541356181-1198145685676686-867789217187928787-n.jpg\"><img decoding=\"async\" aria-describedby=\"caption-attachment-134766\" class=\"size-full wp-image-134766\" src=\"https:\/\/vosgesinfo.fr\/app\/uploads\/sites\/3\/2025\/08\/541356181-1198145685676686-867789217187928787-n.jpg\" alt=\"\" width=\"1600\" height=\"1200\" srcset=\"https:\/\/vosgesinfo.fr\/app\/uploads\/sites\/3\/2025\/08\/541356181-1198145685676686-867789217187928787-n.jpg 1600w, https:\/\/vosgesinfo.fr\/app\/uploads\/sites\/3\/2025\/08\/541356181-1198145685676686-867789217187928787-n-300x225.jpg 300w, https:\/\/vosgesinfo.fr\/app\/uploads\/sites\/3\/2025\/08\/541356181-1198145685676686-867789217187928787-n-1024x768.jpg 1024w, https:\/\/vosgesinfo.fr\/app\/uploads\/sites\/3\/2025\/08\/541356181-1198145685676686-867789217187928787-n-768x576.jpg 768w, https:\/\/vosgesinfo.fr\/app\/uploads\/sites\/3\/2025\/08\/541356181-1198145685676686-867789217187928787-n-1536x1152.jpg 1536w\" sizes=\"(max-width: 1600px) 100vw, 1600px\" \/><\/a><p id=\"caption-attachment-134766\" class=\"wp-caption-text\">photo Ville de Bruy\u00e8res<\/p><\/div>\n<h2 data-start=\"111\" data-end=\"474\"><strong>La p\u00e9riode estivale touche \u00e0 sa fin et, peu \u00e0 peu, les services reprennent leur rythme habituel. Comme ils l\u2019avaient fait \u00e0 la r\u00e9ouverture de la cr\u00e8che, les \u00e9lus de Bruy\u00e8res ont rencontr\u00e9 lundi le personnel du p\u00f4le jeunesse, avant que celui-ci ne s\u2019affaire \u00e0 pr\u00e9parer l\u2019accueil des enfants d\u00e8s le 1er septembre, tant \u00e0 la cantine qu\u2019aux activit\u00e9s p\u00e9riscolaires.<\/strong><\/h2>\n<p data-start=\"476\" data-end=\"1106\">Ce vendredi, alors que les \u00e9l\u00e8ves profitaient encore de leurs derniers jours de vacances, les \u00e9coles de la commune \u00e9taient en pleine effervescence. Les agents des services techniques finalisaient leurs interventions, tandis que les enseignants et ATSEM s\u2019occupaient de l\u2019agencement des classes et de la mise en place du mat\u00e9riel p\u00e9dagogique. Pour s\u2019assurer que tout soit pr\u00eat pour la rentr\u00e9e, le maire, Ludovic Durain, accompagn\u00e9 de T\u00e9lio Maubr\u00e9, adjoint en charge de la jeunesse, et de Michel Liaudet, conseiller d\u00e9l\u00e9gu\u00e9 \u00e0 la vie scolaire, s\u2019est rendu dans les \u00e9coles Jules Ferry et Jean Rostand maternelle.<\/p>\n<p data-start=\"1108\" data-end=\"1528\">Mais tous les enfants n\u2019ont pas attendu lundi pour reprendre le chemin de l\u2019\u00e9cole. Les nouveaux \u00e9l\u00e8ves de 6e de l\u2019Institution Jeanne d\u2019Arc de Bruy\u00e8res ont d\u00e9j\u00e0 fait leur rentr\u00e9e ce vendredi. Ils ont b\u00e9n\u00e9fici\u00e9 d\u2019une journ\u00e9e d\u2019immersion et de visite de leur futur coll\u00e8ge. Leur directeur, M. Grandjean, s\u2019est dit confiant et pr\u00eat \u00e0 accueillir d\u00e8s lundi l\u2019ensemble des coll\u00e9giens pour une nouvelle ann\u00e9e scolaire.<\/p>\n<p data-start=\"1530\" data-end=\"1638\">Rendez-vous donc lundi matin pour une rentr\u00e9e plac\u00e9e sous le signe de la s\u00e9r\u00e9nit\u00e9 et de la pr\u00e9paration.<\/p>\n","protected":false},"excerpt":{"rendered":"<p>La p\u00e9riode estivale touche \u00e0 sa fin et, peu \u00e0 peu, les services reprennent leur rythme habituel. Comme ils l\u2019avaient [&hellip;]<\/p>\n","protected":false},"author":52,"featured_media":134766,"comment_status":"open","ping_status":"open","sticky":false,"template":"","format":"standard","meta":{"footnotes":""},"categories":[22,60,15,24],"tags":[],"class_list":["post-134765","post","type-post","status-publish","format-standard","has-post-thumbnail","hentry","category-a-la-une","category-bruyeres","category-education","category-epinal"],"acf":[],"yoast_head":"<!-- This site is optimized with the Yoast SEO plugin v22.5 - https:\/\/yoast.com\/wordpress\/plugins\/seo\/ -->\n<title>La rentr\u00e9e se pr\u00e9pare \u00e0 Bruy\u00e8res - Epinal Info<\/title>\n<meta name=\"robots\" content=\"index, follow, max-snippet:-1, max-image-preview:large, max-video-preview:-1\" \/>\n<link rel=\"canonical\" href=\"https:\/\/vosgesinfo.fr\/epinalinfo\/2025\/08\/la-rentree-se-prepare-a-bruyeres\/\" \/>\n<meta name=\"twitter:card\" content=\"summary_large_image\" \/>\n<meta name=\"twitter:title\" content=\"La rentr\u00e9e se pr\u00e9pare \u00e0 Bruy\u00e8res - Epinal Info\" \/>\n<meta name=\"twitter:description\" content=\"La p\u00e9riode estivale touche \u00e0 sa fin et, peu \u00e0 peu, les services reprennent leur rythme habituel. Comme ils l\u2019avaient [&hellip;]\" \/>\n<meta name=\"twitter:image\" content=\"https:\/\/vosgesinfo.fr\/app\/uploads\/sites\/3\/2025\/08\/541356181-1198145685676686-867789217187928787-n.jpg\" \/>\n<meta name=\"twitter:creator\" content=\"@VosgesInfo88\" \/>\n<meta name=\"twitter:site\" content=\"@VosgesInfo88\" \/>\n<meta name=\"twitter:label1\" content=\"\u00c9crit par\" \/>\n\t<meta name=\"twitter:data1\" content=\"C.K.\" \/>\n\t<meta name=\"twitter:label2\" content=\"Dur\u00e9e de lecture estim\u00e9e\" \/>\n\t<meta name=\"twitter:data2\" content=\"1 minute\" \/>\n<script type=\"application\/ld+json\" class=\"yoast-schema-graph\">{\"@context\":\"https:\/\/schema.org\",\"@graph\":[{\"@type\":\"Article\",\"@id\":\"https:\/\/vosgesinfo.fr\/epinalinfo\/2025\/08\/la-rentree-se-prepare-a-bruyeres\/#article\",\"isPartOf\":{\"@id\":\"https:\/\/vosgesinfo.fr\/epinalinfo\/2025\/08\/la-rentree-se-prepare-a-bruyeres\/\"},\"author\":{\"name\":\"C.K.\",\"@id\":\"https:\/\/vosgesinfo.fr\/epinalinfo\/#\/schema\/person\/6f9a650eeea99d969b6c4ab78fccbe81\"},\"headline\":\"La rentr\u00e9e se pr\u00e9pare \u00e0 Bruy\u00e8res\",\"datePublished\":\"2025-08-30T09:10:41+00:00\",\"dateModified\":\"2025-08-30T09:05:00+00:00\",\"mainEntityOfPage\":{\"@id\":\"https:\/\/vosgesinfo.fr\/epinalinfo\/2025\/08\/la-rentree-se-prepare-a-bruyeres\/\"},\"wordCount\":302,\"commentCount\":0,\"publisher\":{\"@id\":\"https:\/\/vosgesinfo.fr\/epinalinfo\/#organization\"},\"image\":{\"@id\":\"https:\/\/vosgesinfo.fr\/epinalinfo\/2025\/08\/la-rentree-se-prepare-a-bruyeres\/#primaryimage\"},\"thumbnailUrl\":\"https:\/\/vosgesinfo.fr\/app\/uploads\/sites\/3\/2025\/08\/541356181-1198145685676686-867789217187928787-n.jpg\",\"articleSection\":[\"A la Une\",\"Bruy\u00e8res\",\"\u00c9ducation\",\"Epinal\"],\"inLanguage\":\"fr-FR\",\"potentialAction\":[{\"@type\":\"CommentAction\",\"name\":\"Comment\",\"target\":[\"https:\/\/vosgesinfo.fr\/epinalinfo\/2025\/08\/la-rentree-se-prepare-a-bruyeres\/#respond\"]}]},{\"@type\":\"WebPage\",\"@id\":\"https:\/\/vosgesinfo.fr\/epinalinfo\/2025\/08\/la-rentree-se-prepare-a-bruyeres\/\",\"url\":\"https:\/\/vosgesinfo.fr\/epinalinfo\/2025\/08\/la-rentree-se-prepare-a-bruyeres\/\",\"name\":\"La rentr\u00e9e se pr\u00e9pare \u00e0 Bruy\u00e8res - Epinal Info\",\"isPartOf\":{\"@id\":\"https:\/\/vosgesinfo.fr\/epinalinfo\/#website\"},\"primaryImageOfPage\":{\"@id\":\"https:\/\/vosgesinfo.fr\/epinalinfo\/2025\/08\/la-rentree-se-prepare-a-bruyeres\/#primaryimage\"},\"image\":{\"@id\":\"https:\/\/vosgesinfo.fr\/epinalinfo\/2025\/08\/la-rentree-se-prepare-a-bruyeres\/#primaryimage\"},\"thumbnailUrl\":\"https:\/\/vosgesinfo.fr\/app\/uploads\/sites\/3\/2025\/08\/541356181-1198145685676686-867789217187928787-n.jpg\",\"datePublished\":\"2025-08-30T09:10:41+00:00\",\"dateModified\":\"2025-08-30T09:05:00+00:00\",\"breadcrumb\":{\"@id\":\"https:\/\/vosgesinfo.fr\/epinalinfo\/2025\/08\/la-rentree-se-prepare-a-bruyeres\/#breadcrumb\"},\"inLanguage\":\"fr-FR\",\"potentialAction\":[{\"@type\":\"ReadAction\",\"target\":[\"https:\/\/vosgesinfo.fr\/epinalinfo\/2025\/08\/la-rentree-se-prepare-a-bruyeres\/\"]}]},{\"@type\":\"ImageObject\",\"inLanguage\":\"fr-FR\",\"@id\":\"https:\/\/vosgesinfo.fr\/epinalinfo\/2025\/08\/la-rentree-se-prepare-a-bruyeres\/#primaryimage\",\"url\":\"https:\/\/vosgesinfo.fr\/app\/uploads\/sites\/3\/2025\/08\/541356181-1198145685676686-867789217187928787-n.jpg\",\"contentUrl\":\"https:\/\/vosgesinfo.fr\/app\/uploads\/sites\/3\/2025\/08\/541356181-1198145685676686-867789217187928787-n.jpg\",\"width\":1600,\"height\":1200,\"caption\":\"photo Ville de Bruy\u00e8res\"},{\"@type\":\"BreadcrumbList\",\"@id\":\"https:\/\/vosgesinfo.fr\/epinalinfo\/2025\/08\/la-rentree-se-prepare-a-bruyeres\/#breadcrumb\",\"itemListElement\":[{\"@type\":\"ListItem\",\"position\":1,\"name\":\"Home\",\"item\":\"https:\/\/vosgesinfo.fr\/epinalinfo\/\"},{\"@type\":\"ListItem\",\"position\":2,\"name\":\"La rentr\u00e9e se pr\u00e9pare \u00e0 Bruy\u00e8res\"}]},{\"@type\":\"WebSite\",\"@id\":\"https:\/\/vosgesinfo.fr\/epinalinfo\/#website\",\"url\":\"https:\/\/vosgesinfo.fr\/epinalinfo\/\",\"name\":\"Epinal Info\",\"description\":\"Toute l&#039;actualit\u00e9 d&#039;\u00c9pinal\",\"publisher\":{\"@id\":\"https:\/\/vosgesinfo.fr\/epinalinfo\/#organization\"},\"alternateName\":\"Toute l'actualit\u00e9 d'\u00c9pinal\",\"potentialAction\":[{\"@type\":\"SearchAction\",\"target\":{\"@type\":\"EntryPoint\",\"urlTemplate\":\"https:\/\/vosgesinfo.fr\/epinalinfo\/?s={search_term_string}\"},\"query-input\":\"required name=search_term_string\"}],\"inLanguage\":\"fr-FR\"},{\"@type\":\"Organization\",\"@id\":\"https:\/\/vosgesinfo.fr\/epinalinfo\/#organization\",\"name\":\"Epinal Info\",\"url\":\"https:\/\/vosgesinfo.fr\/epinalinfo\/\",\"logo\":{\"@type\":\"ImageObject\",\"inLanguage\":\"fr-FR\",\"@id\":\"https:\/\/vosgesinfo.fr\/epinalinfo\/#\/schema\/logo\/image\/\",\"url\":\"https:\/\/vosgesinfo.fr\/app\/uploads\/sites\/3\/2023\/08\/logo-epinalinfos.svg\",\"contentUrl\":\"https:\/\/vosgesinfo.fr\/app\/uploads\/sites\/3\/2023\/08\/logo-epinalinfos.svg\",\"width\":1,\"height\":1,\"caption\":\"Epinal Info\"},\"image\":{\"@id\":\"https:\/\/vosgesinfo.fr\/epinalinfo\/#\/schema\/logo\/image\/\"},\"sameAs\":[\"https:\/\/www.facebook.com\/Epinalinfos\",\"https:\/\/x.com\/VosgesInfo88\",\"https:\/\/www.youtube.com\/@vosgesinfo\"]},{\"@type\":\"Person\",\"@id\":\"https:\/\/vosgesinfo.fr\/epinalinfo\/#\/schema\/person\/6f9a650eeea99d969b6c4ab78fccbe81\",\"name\":\"C.K.\",\"image\":{\"@type\":\"ImageObject\",\"inLanguage\":\"fr-FR\",\"@id\":\"https:\/\/vosgesinfo.fr\/epinalinfo\/#\/schema\/person\/image\/\",\"url\":\"https:\/\/secure.gravatar.com\/avatar\/48e3fc7f8421ba8942be6b74a2b7f014ca39bc00dece156b7a8e098ae7dc87bf?s=96&d=mm&r=g\",\"contentUrl\":\"https:\/\/secure.gravatar.com\/avatar\/48e3fc7f8421ba8942be6b74a2b7f014ca39bc00dece156b7a8e098ae7dc87bf?s=96&d=mm&r=g\",\"caption\":\"C.K.\"},\"url\":\"https:\/\/vosgesinfo.fr\/epinalinfo\/author\/celia-k-n\/\"}]}<\/script>\n<!-- \/ Yoast SEO plugin. -->","yoast_head_json":{"title":"La rentr\u00e9e se pr\u00e9pare \u00e0 Bruy\u00e8res - Epinal Info","robots":{"index":"index","follow":"follow","max-snippet":"max-snippet:-1","max-image-preview":"max-image-preview:large","max-video-preview":"max-video-preview:-1"},"canonical":"https:\/\/vosgesinfo.fr\/epinalinfo\/2025\/08\/la-rentree-se-prepare-a-bruyeres\/","twitter_card":"summary_large_image","twitter_title":"La rentr\u00e9e se pr\u00e9pare \u00e0 Bruy\u00e8res - Epinal Info","twitter_description":"La p\u00e9riode estivale touche \u00e0 sa fin et, peu \u00e0 peu, les services reprennent leur rythme habituel. Comme ils l\u2019avaient [&hellip;]","twitter_image":"https:\/\/vosgesinfo.fr\/app\/uploads\/sites\/3\/2025\/08\/541356181-1198145685676686-867789217187928787-n.jpg","twitter_creator":"@VosgesInfo88","twitter_site":"@VosgesInfo88","twitter_misc":{"\u00c9crit par":"C.K.","Dur\u00e9e de lecture estim\u00e9e":"1 minute"},"schema":{"@context":"https:\/\/schema.org","@graph":[{"@type":"Article","@id":"https:\/\/vosgesinfo.fr\/epinalinfo\/2025\/08\/la-rentree-se-prepare-a-bruyeres\/#article","isPartOf":{"@id":"https:\/\/vosgesinfo.fr\/epinalinfo\/2025\/08\/la-rentree-se-prepare-a-bruyeres\/"},"author":{"name":"C.K.","@id":"https:\/\/vosgesinfo.fr\/epinalinfo\/#\/schema\/person\/6f9a650eeea99d969b6c4ab78fccbe81"},"headline":"La rentr\u00e9e se pr\u00e9pare \u00e0 Bruy\u00e8res","datePublished":"2025-08-30T09:10:41+00:00","dateModified":"2025-08-30T09:05:00+00:00","mainEntityOfPage":{"@id":"https:\/\/vosgesinfo.fr\/epinalinfo\/2025\/08\/la-rentree-se-prepare-a-bruyeres\/"},"wordCount":302,"commentCount":0,"publisher":{"@id":"https:\/\/vosgesinfo.fr\/epinalinfo\/#organization"},"image":{"@id":"https:\/\/vosgesinfo.fr\/epinalinfo\/2025\/08\/la-rentree-se-prepare-a-bruyeres\/#primaryimage"},"thumbnailUrl":"https:\/\/vosgesinfo.fr\/app\/uploads\/sites\/3\/2025\/08\/541356181-1198145685676686-867789217187928787-n.jpg","articleSection":["A la Une","Bruy\u00e8res","\u00c9ducation","Epinal"],"inLanguage":"fr-FR","potentialAction":[{"@type":"CommentAction","name":"Comment","target":["https:\/\/vosgesinfo.fr\/epinalinfo\/2025\/08\/la-rentree-se-prepare-a-bruyeres\/#respond"]}]},{"@type":"WebPage","@id":"https:\/\/vosgesinfo.fr\/epinalinfo\/2025\/08\/la-rentree-se-prepare-a-bruyeres\/","url":"https:\/\/vosgesinfo.fr\/epinalinfo\/2025\/08\/la-rentree-se-prepare-a-bruyeres\/","name":"La rentr\u00e9e se pr\u00e9pare \u00e0 Bruy\u00e8res - Epinal Info","isPartOf":{"@id":"https:\/\/vosgesinfo.fr\/epinalinfo\/#website"},"primaryImageOfPage":{"@id":"https:\/\/vosgesinfo.fr\/epinalinfo\/2025\/08\/la-rentree-se-prepare-a-bruyeres\/#primaryimage"},"image":{"@id":"https:\/\/vosgesinfo.fr\/epinalinfo\/2025\/08\/la-rentree-se-prepare-a-bruyeres\/#primaryimage"},"thumbnailUrl":"https:\/\/vosgesinfo.fr\/app\/uploads\/sites\/3\/2025\/08\/541356181-1198145685676686-867789217187928787-n.jpg","datePublished":"2025-08-30T09:10:41+00:00","dateModified":"2025-08-30T09:05:00+00:00","breadcrumb":{"@id":"https:\/\/vosgesinfo.fr\/epinalinfo\/2025\/08\/la-rentree-se-prepare-a-bruyeres\/#breadcrumb"},"inLanguage":"fr-FR","potentialAction":[{"@type":"ReadAction","target":["https:\/\/vosgesinfo.fr\/epinalinfo\/2025\/08\/la-rentree-se-prepare-a-bruyeres\/"]}]},{"@type":"ImageObject","inLanguage":"fr-FR","@id":"https:\/\/vosgesinfo.fr\/epinalinfo\/2025\/08\/la-rentree-se-prepare-a-bruyeres\/#primaryimage","url":"https:\/\/vosgesinfo.fr\/app\/uploads\/sites\/3\/2025\/08\/541356181-1198145685676686-867789217187928787-n.jpg","contentUrl":"https:\/\/vosgesinfo.fr\/app\/uploads\/sites\/3\/2025\/08\/541356181-1198145685676686-867789217187928787-n.jpg","width":1600,"height":1200,"caption":"photo Ville de Bruy\u00e8res"},{"@type":"BreadcrumbList","@id":"https:\/\/vosgesinfo.fr\/epinalinfo\/2025\/08\/la-rentree-se-prepare-a-bruyeres\/#breadcrumb","itemListElement":[{"@type":"ListItem","position":1,"name":"Home","item":"https:\/\/vosgesinfo.fr\/epinalinfo\/"},{"@type":"ListItem","position":2,"name":"La rentr\u00e9e se pr\u00e9pare \u00e0 Bruy\u00e8res"}]},{"@type":"WebSite","@id":"https:\/\/vosgesinfo.fr\/epinalinfo\/#website","url":"https:\/\/vosgesinfo.fr\/epinalinfo\/","name":"Epinal Info","description":"Toute l&#039;actualit\u00e9 d&#039;\u00c9pinal","publisher":{"@id":"https:\/\/vosgesinfo.fr\/epinalinfo\/#organization"},"alternateName":"Toute l'actualit\u00e9 d'\u00c9pinal","potentialAction":[{"@type":"SearchAction","target":{"@type":"EntryPoint","urlTemplate":"https:\/\/vosgesinfo.fr\/epinalinfo\/?s={search_term_string}"},"query-input":"required name=search_term_string"}],"inLanguage":"fr-FR"},{"@type":"Organization","@id":"https:\/\/vosgesinfo.fr\/epinalinfo\/#organization","name":"Epinal Info","url":"https:\/\/vosgesinfo.fr\/epinalinfo\/","logo":{"@type":"ImageObject","inLanguage":"fr-FR","@id":"https:\/\/vosgesinfo.fr\/epinalinfo\/#\/schema\/logo\/image\/","url":"https:\/\/vosgesinfo.fr\/app\/uploads\/sites\/3\/2023\/08\/logo-epinalinfos.svg","contentUrl":"https:\/\/vosgesinfo.fr\/app\/uploads\/sites\/3\/2023\/08\/logo-epinalinfos.svg","width":1,"height":1,"caption":"Epinal Info"},"image":{"@id":"https:\/\/vosgesinfo.fr\/epinalinfo\/#\/schema\/logo\/image\/"},"sameAs":["https:\/\/www.facebook.com\/Epinalinfos","https:\/\/x.com\/VosgesInfo88","https:\/\/www.youtube.com\/@vosgesinfo"]},{"@type":"Person","@id":"https:\/\/vosgesinfo.fr\/epinalinfo\/#\/schema\/person\/6f9a650eeea99d969b6c4ab78fccbe81","name":"C.K.","image":{"@type":"ImageObject","inLanguage":"fr-FR","@id":"https:\/\/vosgesinfo.fr\/epinalinfo\/#\/schema\/person\/image\/","url":"https:\/\/secure.gravatar.com\/avatar\/48e3fc7f8421ba8942be6b74a2b7f014ca39bc00dece156b7a8e098ae7dc87bf?s=96&d=mm&r=g","contentUrl":"https:\/\/secure.gravatar.com\/avatar\/48e3fc7f8421ba8942be6b74a2b7f014ca39bc00dece156b7a8e098ae7dc87bf?s=96&d=mm&r=g","caption":"C.K."},"url":"https:\/\/vosgesinfo.fr\/epinalinfo\/author\/celia-k-n\/"}]}},"_links":{"self":[{"href":"https:\/\/vosgesinfo.fr\/epinalinfo\/wp-json\/wp\/v2\/posts\/134765","targetHints":{"allow":["GET"]}}],"collection":[{"href":"https:\/\/vosgesinfo.fr\/epinalinfo\/wp-json\/wp\/v2\/posts"}],"about":[{"href":"https:\/\/vosgesinfo.fr\/epinalinfo\/wp-json\/wp\/v2\/types\/post"}],"author":[{"embeddable":true,"href":"https:\/\/vosgesinfo.fr\/epinalinfo\/wp-json\/wp\/v2\/users\/52"}],"replies":[{"embeddable":true,"href":"https:\/\/vosgesinfo.fr\/epinalinfo\/wp-json\/wp\/v2\/comments?post=134765"}],"version-history":[{"count":1,"href":"https:\/\/vosgesinfo.fr\/epinalinfo\/wp-json\/wp\/v2\/posts\/134765\/revisions"}],"predecessor-version":[{"id":134767,"href":"https:\/\/vosgesinfo.fr\/epinalinfo\/wp-json\/wp\/v2\/posts\/134765\/revisions\/134767"}],"wp:featuredmedia":[{"embeddable":true,"href":"https:\/\/vosgesinfo.fr\/epinalinfo\/wp-json\/wp\/v2\/media\/134766"}],"wp:attachment":[{"href":"https:\/\/vosgesinfo.fr\/epinalinfo\/wp-json\/wp\/v2\/media?parent=134765"}],"wp:term":[{"taxonomy":"category","embeddable":true,"href":"https:\/\/vosgesinfo.fr\/epinalinfo\/wp-json\/wp\/v2\/categories?post=134765"},{"taxonomy":"post_tag","embeddable":true,"href":"https:\/\/vosgesinfo.fr\/epinalinfo\/wp-json\/wp\/v2\/tags?post=134765"}],"curies":[{"name":"wp","href":"https:\/\/api.w.org\/{rel}","templated":true}]}}