{"id":134783,"date":"2025-09-01T12:05:14","date_gmt":"2025-09-01T10:05:14","guid":{"rendered":"https:\/\/vosgesinfo.fr\/epinalinfo\/?p=134783"},"modified":"2025-09-01T12:08:23","modified_gmt":"2025-09-01T10:08:23","slug":"un-feu-dartifice-grandiose-a-illumine-le-lac-de-bouzey","status":"publish","type":"post","link":"https:\/\/vosgesinfo.fr\/epinalinfo\/2025\/09\/un-feu-dartifice-grandiose-a-illumine-le-lac-de-bouzey\/","title":{"rendered":"Un feu d\u2019artifice grandiose a illumin\u00e9 le lac de Bouzey"},"content":{"rendered":"<div id=\"attachment_134786\" style=\"width: 1205px\" class=\"wp-caption aligncenter\"><a href=\"https:\/\/vosgesinfo.fr\/app\/uploads\/sites\/3\/2025\/09\/feu-artifice-bouzey.jpg\"><img decoding=\"async\" aria-describedby=\"caption-attachment-134786\" class=\"size-full wp-image-134786\" src=\"https:\/\/vosgesinfo.fr\/app\/uploads\/sites\/3\/2025\/09\/feu-artifice-bouzey.jpg\" alt=\"\" width=\"1195\" height=\"938\" srcset=\"https:\/\/vosgesinfo.fr\/app\/uploads\/sites\/3\/2025\/09\/feu-artifice-bouzey.jpg 1195w, https:\/\/vosgesinfo.fr\/app\/uploads\/sites\/3\/2025\/09\/feu-artifice-bouzey-300x235.jpg 300w, https:\/\/vosgesinfo.fr\/app\/uploads\/sites\/3\/2025\/09\/feu-artifice-bouzey-1024x804.jpg 1024w, https:\/\/vosgesinfo.fr\/app\/uploads\/sites\/3\/2025\/09\/feu-artifice-bouzey-768x603.jpg 768w\" sizes=\"(max-width: 1195px) 100vw, 1195px\" \/><\/a><p id=\"caption-attachment-134786\" class=\"wp-caption-text\">photo St\u00e9phane Calmels<\/p><\/div>\n<h2 data-start=\"122\" data-end=\"422\"><strong>Samedi soir, les berges du lac de Bouzey ont \u00e9t\u00e9 le th\u00e9\u00e2tre d\u2019un rendez-vous attendu par des milliers de spectateurs. Venus en famille ou entre amis, les habitants de tout le bassin spinalien se sont rassembl\u00e9s pour assister au traditionnel feu d\u2019artifice qui marque la fin de la saison estivale.<\/strong><\/h2>\n<p data-start=\"171\" data-end=\"419\">Le lac de Bouzey a une nouvelle fois servi d\u2019\u00e9crin \u00e0 un spectacle pyrotechnique de grande ampleur. Ce dimanche soir, plusieurs milliers de personnes ont pris place sur les berges pour assister au feu d\u2019artifice qui vient clore la saison estivale.<\/p>\n<p data-start=\"421\" data-end=\"715\">Pendant <strong data-start=\"429\" data-end=\"449\">dix-neuf minutes<\/strong>, un ballet de lumi\u00e8res et de couleurs a embras\u00e9 le ciel, parfaitement synchronis\u00e9 avec une bande musicale envo\u00fbtante. Le show a \u00e9t\u00e9 con\u00e7u et r\u00e9alis\u00e9 par les \u00e9quipes d\u2019<strong data-start=\"617\" data-end=\"654\">Artifices spectacles &amp; compagnies<\/strong> et de <strong data-start=\"661\" data-end=\"673\">D\u00e9cibels<\/strong>, salu\u00e9es par de longs applaudissements.<\/p>\n<p data-start=\"717\" data-end=\"978\">Cette soir\u00e9e festive s\u2019inscrit d\u00e9sormais comme une <strong data-start=\"768\" data-end=\"793\">tradition bien ancr\u00e9e<\/strong> : pour la douzi\u00e8me ann\u00e9e cons\u00e9cutive, la communaut\u00e9 d\u2019agglom\u00e9ration a tenu \u00e0 offrir ce rendez-vous incontournable aux habitants du bassin spinalien et aux vacanciers encore pr\u00e9sents.<\/p>\n<p data-start=\"980\" data-end=\"1112\">Entre convivialit\u00e9, \u00e9motions et \u00e9merveillement, le feu d\u2019artifice de Bouzey confirme son statut d\u2019\u00e9v\u00e9nement phare de la fin d\u2019\u00e9t\u00e9.<\/p>\n\n\t\t<style type=\"text\/css\">\n\t\t\t#gallery-1 {\n\t\t\t\tmargin: auto;\n\t\t\t}\n\t\t\t#gallery-1 .gallery-item {\n\t\t\t\tfloat: left;\n\t\t\t\tmargin-top: 10px;\n\t\t\t\ttext-align: center;\n\t\t\t\twidth: 33%;\n\t\t\t}\n\t\t\t#gallery-1 img {\n\t\t\t\tborder: 2px solid #cfcfcf;\n\t\t\t}\n\t\t\t#gallery-1 .gallery-caption {\n\t\t\t\tmargin-left: 0;\n\t\t\t}\n\t\t\t\/* see gallery_shortcode() in wp-includes\/media.php *\/\n\t\t<\/style>\n\t\t<div id='gallery-1' class='gallery galleryid-134783 gallery-columns-3 gallery-size-large'><dl class='gallery-item'>\n\t\t\t<dt class='gallery-icon landscape'>\n\t\t\t\t<a href='https:\/\/vosgesinfo.fr\/app\/uploads\/sites\/3\/2025\/09\/feux-dartifices-bouzey-30.08.2025-photo-4-stephane-calmels-copie.jpg'><img decoding=\"async\" width=\"1024\" height=\"535\" src=\"https:\/\/vosgesinfo.fr\/app\/uploads\/sites\/3\/2025\/09\/feux-dartifices-bouzey-30.08.2025-photo-4-stephane-calmels-copie-1024x535.jpg\" class=\"attachment-large size-large\" alt=\"\" aria-describedby=\"gallery-1-134787\" srcset=\"https:\/\/vosgesinfo.fr\/app\/uploads\/sites\/3\/2025\/09\/feux-dartifices-bouzey-30.08.2025-photo-4-stephane-calmels-copie-1024x535.jpg 1024w, https:\/\/vosgesinfo.fr\/app\/uploads\/sites\/3\/2025\/09\/feux-dartifices-bouzey-30.08.2025-photo-4-stephane-calmels-copie-300x157.jpg 300w, https:\/\/vosgesinfo.fr\/app\/uploads\/sites\/3\/2025\/09\/feux-dartifices-bouzey-30.08.2025-photo-4-stephane-calmels-copie-768x401.jpg 768w, https:\/\/vosgesinfo.fr\/app\/uploads\/sites\/3\/2025\/09\/feux-dartifices-bouzey-30.08.2025-photo-4-stephane-calmels-copie-1536x802.jpg 1536w, https:\/\/vosgesinfo.fr\/app\/uploads\/sites\/3\/2025\/09\/feux-dartifices-bouzey-30.08.2025-photo-4-stephane-calmels-copie-2048x1070.jpg 2048w\" sizes=\"(max-width: 1024px) 100vw, 1024px\" \/><\/a>\n\t\t\t<\/dt>\n\t\t\t\t<dd class='wp-caption-text gallery-caption' id='gallery-1-134787'>\n\t\t\t\tphoto St\u00e9phane Calmels\n\t\t\t\t<\/dd><\/dl><dl class='gallery-item'>\n\t\t\t<dt class='gallery-icon landscape'>\n\t\t\t\t<a href='https:\/\/vosgesinfo.fr\/app\/uploads\/sites\/3\/2025\/09\/thumbnail-feux-dartifices-bousey-30.08.2025-photo-8-stephane-calmels.jpg'><img decoding=\"async\" width=\"1024\" height=\"535\" src=\"https:\/\/vosgesinfo.fr\/app\/uploads\/sites\/3\/2025\/09\/thumbnail-feux-dartifices-bousey-30.08.2025-photo-8-stephane-calmels-1024x535.jpg\" class=\"attachment-large size-large\" alt=\"\" aria-describedby=\"gallery-1-134788\" srcset=\"https:\/\/vosgesinfo.fr\/app\/uploads\/sites\/3\/2025\/09\/thumbnail-feux-dartifices-bousey-30.08.2025-photo-8-stephane-calmels-1024x535.jpg 1024w, https:\/\/vosgesinfo.fr\/app\/uploads\/sites\/3\/2025\/09\/thumbnail-feux-dartifices-bousey-30.08.2025-photo-8-stephane-calmels-300x157.jpg 300w, https:\/\/vosgesinfo.fr\/app\/uploads\/sites\/3\/2025\/09\/thumbnail-feux-dartifices-bousey-30.08.2025-photo-8-stephane-calmels-768x401.jpg 768w, https:\/\/vosgesinfo.fr\/app\/uploads\/sites\/3\/2025\/09\/thumbnail-feux-dartifices-bousey-30.08.2025-photo-8-stephane-calmels.jpg 1042w\" sizes=\"(max-width: 1024px) 100vw, 1024px\" \/><\/a>\n\t\t\t<\/dt>\n\t\t\t\t<dd class='wp-caption-text gallery-caption' id='gallery-1-134788'>\n\t\t\t\tphoto St\u00e9phane Calmels\n\t\t\t\t<\/dd><\/dl><dl class='gallery-item'>\n\t\t\t<dt class='gallery-icon landscape'>\n\t\t\t\t<a href='https:\/\/vosgesinfo.fr\/app\/uploads\/sites\/3\/2025\/09\/thumbnail-feux-dartifices-bouzey-30.08.2025-photo-1-stephane-calmels.jpg'><img decoding=\"async\" width=\"695\" height=\"363\" src=\"https:\/\/vosgesinfo.fr\/app\/uploads\/sites\/3\/2025\/09\/thumbnail-feux-dartifices-bouzey-30.08.2025-photo-1-stephane-calmels.jpg\" class=\"attachment-large size-large\" alt=\"\" aria-describedby=\"gallery-1-134789\" srcset=\"https:\/\/vosgesinfo.fr\/app\/uploads\/sites\/3\/2025\/09\/thumbnail-feux-dartifices-bouzey-30.08.2025-photo-1-stephane-calmels.jpg 695w, https:\/\/vosgesinfo.fr\/app\/uploads\/sites\/3\/2025\/09\/thumbnail-feux-dartifices-bouzey-30.08.2025-photo-1-stephane-calmels-300x157.jpg 300w\" sizes=\"(max-width: 695px) 100vw, 695px\" \/><\/a>\n\t\t\t<\/dt>\n\t\t\t\t<dd class='wp-caption-text gallery-caption' id='gallery-1-134789'>\n\t\t\t\tphoto St\u00e9phane Calmels\n\t\t\t\t<\/dd><\/dl><br style=\"clear: both\" \/><dl class='gallery-item'>\n\t\t\t<dt class='gallery-icon landscape'>\n\t\t\t\t<a href='https:\/\/vosgesinfo.fr\/app\/uploads\/sites\/3\/2025\/09\/thumbnail-feux-dartifices-bouzey-30.08.2025-photo-2-stephane-calmels.jpg'><img decoding=\"async\" width=\"1024\" height=\"534\" src=\"https:\/\/vosgesinfo.fr\/app\/uploads\/sites\/3\/2025\/09\/thumbnail-feux-dartifices-bouzey-30.08.2025-photo-2-stephane-calmels-1024x534.jpg\" class=\"attachment-large size-large\" alt=\"\" aria-describedby=\"gallery-1-134790\" srcset=\"https:\/\/vosgesinfo.fr\/app\/uploads\/sites\/3\/2025\/09\/thumbnail-feux-dartifices-bouzey-30.08.2025-photo-2-stephane-calmels-1024x534.jpg 1024w, https:\/\/vosgesinfo.fr\/app\/uploads\/sites\/3\/2025\/09\/thumbnail-feux-dartifices-bouzey-30.08.2025-photo-2-stephane-calmels-300x156.jpg 300w, https:\/\/vosgesinfo.fr\/app\/uploads\/sites\/3\/2025\/09\/thumbnail-feux-dartifices-bouzey-30.08.2025-photo-2-stephane-calmels-768x400.jpg 768w, https:\/\/vosgesinfo.fr\/app\/uploads\/sites\/3\/2025\/09\/thumbnail-feux-dartifices-bouzey-30.08.2025-photo-2-stephane-calmels.jpg 1044w\" sizes=\"(max-width: 1024px) 100vw, 1024px\" \/><\/a>\n\t\t\t<\/dt>\n\t\t\t\t<dd class='wp-caption-text gallery-caption' id='gallery-1-134790'>\n\t\t\t\tphoto St\u00e9phane Calmels\n\t\t\t\t<\/dd><\/dl><dl class='gallery-item'>\n\t\t\t<dt class='gallery-icon landscape'>\n\t\t\t\t<a href='https:\/\/vosgesinfo.fr\/app\/uploads\/sites\/3\/2025\/09\/thumbnail-feux-dartifices-bouzey-30.08.2025-photo-5-stephane-calmels-copie.jpg'><img decoding=\"async\" width=\"1024\" height=\"534\" src=\"https:\/\/vosgesinfo.fr\/app\/uploads\/sites\/3\/2025\/09\/thumbnail-feux-dartifices-bouzey-30.08.2025-photo-5-stephane-calmels-copie-1024x534.jpg\" class=\"attachment-large size-large\" alt=\"\" aria-describedby=\"gallery-1-134791\" srcset=\"https:\/\/vosgesinfo.fr\/app\/uploads\/sites\/3\/2025\/09\/thumbnail-feux-dartifices-bouzey-30.08.2025-photo-5-stephane-calmels-copie-1024x534.jpg 1024w, https:\/\/vosgesinfo.fr\/app\/uploads\/sites\/3\/2025\/09\/thumbnail-feux-dartifices-bouzey-30.08.2025-photo-5-stephane-calmels-copie-300x157.jpg 300w, https:\/\/vosgesinfo.fr\/app\/uploads\/sites\/3\/2025\/09\/thumbnail-feux-dartifices-bouzey-30.08.2025-photo-5-stephane-calmels-copie-768x401.jpg 768w, https:\/\/vosgesinfo.fr\/app\/uploads\/sites\/3\/2025\/09\/thumbnail-feux-dartifices-bouzey-30.08.2025-photo-5-stephane-calmels-copie-1536x802.jpg 1536w, https:\/\/vosgesinfo.fr\/app\/uploads\/sites\/3\/2025\/09\/thumbnail-feux-dartifices-bouzey-30.08.2025-photo-5-stephane-calmels-copie.jpg 1920w\" sizes=\"(max-width: 1024px) 100vw, 1024px\" \/><\/a>\n\t\t\t<\/dt>\n\t\t\t\t<dd class='wp-caption-text gallery-caption' id='gallery-1-134791'>\n\t\t\t\tphoto St\u00e9phane Calmels\n\t\t\t\t<\/dd><\/dl><dl class='gallery-item'>\n\t\t\t<dt class='gallery-icon landscape'>\n\t\t\t\t<a href='https:\/\/vosgesinfo.fr\/app\/uploads\/sites\/3\/2025\/09\/thumbnail-feux-dartifices-bouzey-30.08.2025-photo-6-stephane-calmels-copie.jpg'><img decoding=\"async\" width=\"1024\" height=\"535\" src=\"https:\/\/vosgesinfo.fr\/app\/uploads\/sites\/3\/2025\/09\/thumbnail-feux-dartifices-bouzey-30.08.2025-photo-6-stephane-calmels-copie-1024x535.jpg\" class=\"attachment-large size-large\" alt=\"\" aria-describedby=\"gallery-1-134792\" srcset=\"https:\/\/vosgesinfo.fr\/app\/uploads\/sites\/3\/2025\/09\/thumbnail-feux-dartifices-bouzey-30.08.2025-photo-6-stephane-calmels-copie-1024x535.jpg 1024w, https:\/\/vosgesinfo.fr\/app\/uploads\/sites\/3\/2025\/09\/thumbnail-feux-dartifices-bouzey-30.08.2025-photo-6-stephane-calmels-copie-300x157.jpg 300w, https:\/\/vosgesinfo.fr\/app\/uploads\/sites\/3\/2025\/09\/thumbnail-feux-dartifices-bouzey-30.08.2025-photo-6-stephane-calmels-copie-768x401.jpg 768w, https:\/\/vosgesinfo.fr\/app\/uploads\/sites\/3\/2025\/09\/thumbnail-feux-dartifices-bouzey-30.08.2025-photo-6-stephane-calmels-copie.jpg 1042w\" sizes=\"(max-width: 1024px) 100vw, 1024px\" \/><\/a>\n\t\t\t<\/dt>\n\t\t\t\t<dd class='wp-caption-text gallery-caption' id='gallery-1-134792'>\n\t\t\t\tphoto St\u00e9phane Calmels\n\t\t\t\t<\/dd><\/dl><br style=\"clear: both\" \/><dl class='gallery-item'>\n\t\t\t<dt class='gallery-icon landscape'>\n\t\t\t\t<a href='https:\/\/vosgesinfo.fr\/app\/uploads\/sites\/3\/2025\/09\/thumbnail-feux-dartifices-bouzey-30.08.2025-photo-7-stephane-calmels.jpg'><img decoding=\"async\" width=\"1024\" height=\"534\" src=\"https:\/\/vosgesinfo.fr\/app\/uploads\/sites\/3\/2025\/09\/thumbnail-feux-dartifices-bouzey-30.08.2025-photo-7-stephane-calmels-1024x534.jpg\" class=\"attachment-large size-large\" alt=\"\" aria-describedby=\"gallery-1-134793\" srcset=\"https:\/\/vosgesinfo.fr\/app\/uploads\/sites\/3\/2025\/09\/thumbnail-feux-dartifices-bouzey-30.08.2025-photo-7-stephane-calmels-1024x534.jpg 1024w, https:\/\/vosgesinfo.fr\/app\/uploads\/sites\/3\/2025\/09\/thumbnail-feux-dartifices-bouzey-30.08.2025-photo-7-stephane-calmels-300x157.jpg 300w, https:\/\/vosgesinfo.fr\/app\/uploads\/sites\/3\/2025\/09\/thumbnail-feux-dartifices-bouzey-30.08.2025-photo-7-stephane-calmels-768x401.jpg 768w, https:\/\/vosgesinfo.fr\/app\/uploads\/sites\/3\/2025\/09\/thumbnail-feux-dartifices-bouzey-30.08.2025-photo-7-stephane-calmels-1536x802.jpg 1536w, https:\/\/vosgesinfo.fr\/app\/uploads\/sites\/3\/2025\/09\/thumbnail-feux-dartifices-bouzey-30.08.2025-photo-7-stephane-calmels.jpg 1920w\" sizes=\"(max-width: 1024px) 100vw, 1024px\" \/><\/a>\n\t\t\t<\/dt>\n\t\t\t\t<dd class='wp-caption-text gallery-caption' id='gallery-1-134793'>\n\t\t\t\tphoto St\u00e9phane Calmels\n\t\t\t\t<\/dd><\/dl>\n\t\t\t<br style='clear: both' \/>\n\t\t<\/div>\n\n","protected":false},"excerpt":{"rendered":"<p>Samedi soir, les berges du lac de Bouzey ont \u00e9t\u00e9 le th\u00e9\u00e2tre d\u2019un rendez-vous attendu par des milliers de spectateurs. [&hellip;]<\/p>\n","protected":false},"author":52,"featured_media":134786,"comment_status":"open","ping_status":"open","sticky":false,"template":"","format":"standard","meta":{"footnotes":""},"categories":[22,24],"tags":[],"class_list":["post-134783","post","type-post","status-publish","format-standard","has-post-thumbnail","hentry","category-a-la-une","category-epinal"],"acf":[],"yoast_head":"<!-- This site is optimized with the Yoast SEO plugin v22.5 - https:\/\/yoast.com\/wordpress\/plugins\/seo\/ -->\n<title>Un feu d\u2019artifice grandiose a illumin\u00e9 le lac de Bouzey - Epinal Info<\/title>\n<meta name=\"robots\" content=\"index, follow, max-snippet:-1, max-image-preview:large, max-video-preview:-1\" \/>\n<link rel=\"canonical\" href=\"https:\/\/vosgesinfo.fr\/epinalinfo\/2025\/09\/un-feu-dartifice-grandiose-a-illumine-le-lac-de-bouzey\/\" \/>\n<meta name=\"twitter:card\" content=\"summary_large_image\" \/>\n<meta name=\"twitter:title\" content=\"Un feu d\u2019artifice grandiose a illumin\u00e9 le lac de Bouzey - Epinal Info\" \/>\n<meta name=\"twitter:description\" content=\"Samedi soir, les berges du lac de Bouzey ont \u00e9t\u00e9 le th\u00e9\u00e2tre d\u2019un rendez-vous attendu par des milliers de spectateurs. [&hellip;]\" \/>\n<meta name=\"twitter:image\" content=\"https:\/\/vosgesinfo.fr\/app\/uploads\/sites\/3\/2025\/09\/feu-artifice-bouzey.jpg\" \/>\n<meta name=\"twitter:creator\" content=\"@VosgesInfo88\" \/>\n<meta name=\"twitter:site\" content=\"@VosgesInfo88\" \/>\n<meta name=\"twitter:label1\" content=\"\u00c9crit par\" \/>\n\t<meta name=\"twitter:data1\" content=\"C.K.\" \/>\n\t<meta name=\"twitter:label2\" content=\"Dur\u00e9e de lecture estim\u00e9e\" \/>\n\t<meta name=\"twitter:data2\" content=\"2 minutes\" \/>\n<script type=\"application\/ld+json\" class=\"yoast-schema-graph\">{\"@context\":\"https:\/\/schema.org\",\"@graph\":[{\"@type\":\"Article\",\"@id\":\"https:\/\/vosgesinfo.fr\/epinalinfo\/2025\/09\/un-feu-dartifice-grandiose-a-illumine-le-lac-de-bouzey\/#article\",\"isPartOf\":{\"@id\":\"https:\/\/vosgesinfo.fr\/epinalinfo\/2025\/09\/un-feu-dartifice-grandiose-a-illumine-le-lac-de-bouzey\/\"},\"author\":{\"name\":\"C.K.\",\"@id\":\"https:\/\/vosgesinfo.fr\/epinalinfo\/#\/schema\/person\/6f9a650eeea99d969b6c4ab78fccbe81\"},\"headline\":\"Un feu d\u2019artifice grandiose a illumin\u00e9 le lac de Bouzey\",\"datePublished\":\"2025-09-01T10:05:14+00:00\",\"dateModified\":\"2025-09-01T10:08:23+00:00\",\"mainEntityOfPage\":{\"@id\":\"https:\/\/vosgesinfo.fr\/epinalinfo\/2025\/09\/un-feu-dartifice-grandiose-a-illumine-le-lac-de-bouzey\/\"},\"wordCount\":241,\"commentCount\":0,\"publisher\":{\"@id\":\"https:\/\/vosgesinfo.fr\/epinalinfo\/#organization\"},\"image\":{\"@id\":\"https:\/\/vosgesinfo.fr\/epinalinfo\/2025\/09\/un-feu-dartifice-grandiose-a-illumine-le-lac-de-bouzey\/#primaryimage\"},\"thumbnailUrl\":\"https:\/\/vosgesinfo.fr\/app\/uploads\/sites\/3\/2025\/09\/feu-artifice-bouzey.jpg\",\"articleSection\":[\"A la Une\",\"Epinal\"],\"inLanguage\":\"fr-FR\",\"potentialAction\":[{\"@type\":\"CommentAction\",\"name\":\"Comment\",\"target\":[\"https:\/\/vosgesinfo.fr\/epinalinfo\/2025\/09\/un-feu-dartifice-grandiose-a-illumine-le-lac-de-bouzey\/#respond\"]}]},{\"@type\":\"WebPage\",\"@id\":\"https:\/\/vosgesinfo.fr\/epinalinfo\/2025\/09\/un-feu-dartifice-grandiose-a-illumine-le-lac-de-bouzey\/\",\"url\":\"https:\/\/vosgesinfo.fr\/epinalinfo\/2025\/09\/un-feu-dartifice-grandiose-a-illumine-le-lac-de-bouzey\/\",\"name\":\"Un feu d\u2019artifice grandiose a illumin\u00e9 le lac de Bouzey - Epinal Info\",\"isPartOf\":{\"@id\":\"https:\/\/vosgesinfo.fr\/epinalinfo\/#website\"},\"primaryImageOfPage\":{\"@id\":\"https:\/\/vosgesinfo.fr\/epinalinfo\/2025\/09\/un-feu-dartifice-grandiose-a-illumine-le-lac-de-bouzey\/#primaryimage\"},\"image\":{\"@id\":\"https:\/\/vosgesinfo.fr\/epinalinfo\/2025\/09\/un-feu-dartifice-grandiose-a-illumine-le-lac-de-bouzey\/#primaryimage\"},\"thumbnailUrl\":\"https:\/\/vosgesinfo.fr\/app\/uploads\/sites\/3\/2025\/09\/feu-artifice-bouzey.jpg\",\"datePublished\":\"2025-09-01T10:05:14+00:00\",\"dateModified\":\"2025-09-01T10:08:23+00:00\",\"breadcrumb\":{\"@id\":\"https:\/\/vosgesinfo.fr\/epinalinfo\/2025\/09\/un-feu-dartifice-grandiose-a-illumine-le-lac-de-bouzey\/#breadcrumb\"},\"inLanguage\":\"fr-FR\",\"potentialAction\":[{\"@type\":\"ReadAction\",\"target\":[\"https:\/\/vosgesinfo.fr\/epinalinfo\/2025\/09\/un-feu-dartifice-grandiose-a-illumine-le-lac-de-bouzey\/\"]}]},{\"@type\":\"ImageObject\",\"inLanguage\":\"fr-FR\",\"@id\":\"https:\/\/vosgesinfo.fr\/epinalinfo\/2025\/09\/un-feu-dartifice-grandiose-a-illumine-le-lac-de-bouzey\/#primaryimage\",\"url\":\"https:\/\/vosgesinfo.fr\/app\/uploads\/sites\/3\/2025\/09\/feu-artifice-bouzey.jpg\",\"contentUrl\":\"https:\/\/vosgesinfo.fr\/app\/uploads\/sites\/3\/2025\/09\/feu-artifice-bouzey.jpg\",\"width\":1195,\"height\":938,\"caption\":\"photo St\u00e9phane Calmels\"},{\"@type\":\"BreadcrumbList\",\"@id\":\"https:\/\/vosgesinfo.fr\/epinalinfo\/2025\/09\/un-feu-dartifice-grandiose-a-illumine-le-lac-de-bouzey\/#breadcrumb\",\"itemListElement\":[{\"@type\":\"ListItem\",\"position\":1,\"name\":\"Home\",\"item\":\"https:\/\/vosgesinfo.fr\/epinalinfo\/\"},{\"@type\":\"ListItem\",\"position\":2,\"name\":\"Un feu d\u2019artifice grandiose a illumin\u00e9 le lac de Bouzey\"}]},{\"@type\":\"WebSite\",\"@id\":\"https:\/\/vosgesinfo.fr\/epinalinfo\/#website\",\"url\":\"https:\/\/vosgesinfo.fr\/epinalinfo\/\",\"name\":\"Epinal Info\",\"description\":\"Toute l&#039;actualit\u00e9 d&#039;\u00c9pinal\",\"publisher\":{\"@id\":\"https:\/\/vosgesinfo.fr\/epinalinfo\/#organization\"},\"alternateName\":\"Toute l'actualit\u00e9 d'\u00c9pinal\",\"potentialAction\":[{\"@type\":\"SearchAction\",\"target\":{\"@type\":\"EntryPoint\",\"urlTemplate\":\"https:\/\/vosgesinfo.fr\/epinalinfo\/?s={search_term_string}\"},\"query-input\":\"required name=search_term_string\"}],\"inLanguage\":\"fr-FR\"},{\"@type\":\"Organization\",\"@id\":\"https:\/\/vosgesinfo.fr\/epinalinfo\/#organization\",\"name\":\"Epinal Info\",\"url\":\"https:\/\/vosgesinfo.fr\/epinalinfo\/\",\"logo\":{\"@type\":\"ImageObject\",\"inLanguage\":\"fr-FR\",\"@id\":\"https:\/\/vosgesinfo.fr\/epinalinfo\/#\/schema\/logo\/image\/\",\"url\":\"https:\/\/vosgesinfo.fr\/app\/uploads\/sites\/3\/2023\/08\/logo-epinalinfos.svg\",\"contentUrl\":\"https:\/\/vosgesinfo.fr\/app\/uploads\/sites\/3\/2023\/08\/logo-epinalinfos.svg\",\"width\":1,\"height\":1,\"caption\":\"Epinal Info\"},\"image\":{\"@id\":\"https:\/\/vosgesinfo.fr\/epinalinfo\/#\/schema\/logo\/image\/\"},\"sameAs\":[\"https:\/\/www.facebook.com\/Epinalinfos\",\"https:\/\/x.com\/VosgesInfo88\",\"https:\/\/www.youtube.com\/@vosgesinfo\"]},{\"@type\":\"Person\",\"@id\":\"https:\/\/vosgesinfo.fr\/epinalinfo\/#\/schema\/person\/6f9a650eeea99d969b6c4ab78fccbe81\",\"name\":\"C.K.\",\"image\":{\"@type\":\"ImageObject\",\"inLanguage\":\"fr-FR\",\"@id\":\"https:\/\/vosgesinfo.fr\/epinalinfo\/#\/schema\/person\/image\/\",\"url\":\"https:\/\/secure.gravatar.com\/avatar\/48e3fc7f8421ba8942be6b74a2b7f014ca39bc00dece156b7a8e098ae7dc87bf?s=96&d=mm&r=g\",\"contentUrl\":\"https:\/\/secure.gravatar.com\/avatar\/48e3fc7f8421ba8942be6b74a2b7f014ca39bc00dece156b7a8e098ae7dc87bf?s=96&d=mm&r=g\",\"caption\":\"C.K.\"},\"url\":\"https:\/\/vosgesinfo.fr\/epinalinfo\/author\/celia-k-n\/\"}]}<\/script>\n<!-- \/ Yoast SEO plugin. -->","yoast_head_json":{"title":"Un feu d\u2019artifice grandiose a illumin\u00e9 le lac de Bouzey - Epinal Info","robots":{"index":"index","follow":"follow","max-snippet":"max-snippet:-1","max-image-preview":"max-image-preview:large","max-video-preview":"max-video-preview:-1"},"canonical":"https:\/\/vosgesinfo.fr\/epinalinfo\/2025\/09\/un-feu-dartifice-grandiose-a-illumine-le-lac-de-bouzey\/","twitter_card":"summary_large_image","twitter_title":"Un feu d\u2019artifice grandiose a illumin\u00e9 le lac de Bouzey - Epinal Info","twitter_description":"Samedi soir, les berges du lac de Bouzey ont \u00e9t\u00e9 le th\u00e9\u00e2tre d\u2019un rendez-vous attendu par des milliers de spectateurs. [&hellip;]","twitter_image":"https:\/\/vosgesinfo.fr\/app\/uploads\/sites\/3\/2025\/09\/feu-artifice-bouzey.jpg","twitter_creator":"@VosgesInfo88","twitter_site":"@VosgesInfo88","twitter_misc":{"\u00c9crit par":"C.K.","Dur\u00e9e de lecture estim\u00e9e":"2 minutes"},"schema":{"@context":"https:\/\/schema.org","@graph":[{"@type":"Article","@id":"https:\/\/vosgesinfo.fr\/epinalinfo\/2025\/09\/un-feu-dartifice-grandiose-a-illumine-le-lac-de-bouzey\/#article","isPartOf":{"@id":"https:\/\/vosgesinfo.fr\/epinalinfo\/2025\/09\/un-feu-dartifice-grandiose-a-illumine-le-lac-de-bouzey\/"},"author":{"name":"C.K.","@id":"https:\/\/vosgesinfo.fr\/epinalinfo\/#\/schema\/person\/6f9a650eeea99d969b6c4ab78fccbe81"},"headline":"Un feu d\u2019artifice grandiose a illumin\u00e9 le lac de Bouzey","datePublished":"2025-09-01T10:05:14+00:00","dateModified":"2025-09-01T10:08:23+00:00","mainEntityOfPage":{"@id":"https:\/\/vosgesinfo.fr\/epinalinfo\/2025\/09\/un-feu-dartifice-grandiose-a-illumine-le-lac-de-bouzey\/"},"wordCount":241,"commentCount":0,"publisher":{"@id":"https:\/\/vosgesinfo.fr\/epinalinfo\/#organization"},"image":{"@id":"https:\/\/vosgesinfo.fr\/epinalinfo\/2025\/09\/un-feu-dartifice-grandiose-a-illumine-le-lac-de-bouzey\/#primaryimage"},"thumbnailUrl":"https:\/\/vosgesinfo.fr\/app\/uploads\/sites\/3\/2025\/09\/feu-artifice-bouzey.jpg","articleSection":["A la Une","Epinal"],"inLanguage":"fr-FR","potentialAction":[{"@type":"CommentAction","name":"Comment","target":["https:\/\/vosgesinfo.fr\/epinalinfo\/2025\/09\/un-feu-dartifice-grandiose-a-illumine-le-lac-de-bouzey\/#respond"]}]},{"@type":"WebPage","@id":"https:\/\/vosgesinfo.fr\/epinalinfo\/2025\/09\/un-feu-dartifice-grandiose-a-illumine-le-lac-de-bouzey\/","url":"https:\/\/vosgesinfo.fr\/epinalinfo\/2025\/09\/un-feu-dartifice-grandiose-a-illumine-le-lac-de-bouzey\/","name":"Un feu d\u2019artifice grandiose a illumin\u00e9 le lac de Bouzey - Epinal Info","isPartOf":{"@id":"https:\/\/vosgesinfo.fr\/epinalinfo\/#website"},"primaryImageOfPage":{"@id":"https:\/\/vosgesinfo.fr\/epinalinfo\/2025\/09\/un-feu-dartifice-grandiose-a-illumine-le-lac-de-bouzey\/#primaryimage"},"image":{"@id":"https:\/\/vosgesinfo.fr\/epinalinfo\/2025\/09\/un-feu-dartifice-grandiose-a-illumine-le-lac-de-bouzey\/#primaryimage"},"thumbnailUrl":"https:\/\/vosgesinfo.fr\/app\/uploads\/sites\/3\/2025\/09\/feu-artifice-bouzey.jpg","datePublished":"2025-09-01T10:05:14+00:00","dateModified":"2025-09-01T10:08:23+00:00","breadcrumb":{"@id":"https:\/\/vosgesinfo.fr\/epinalinfo\/2025\/09\/un-feu-dartifice-grandiose-a-illumine-le-lac-de-bouzey\/#breadcrumb"},"inLanguage":"fr-FR","potentialAction":[{"@type":"ReadAction","target":["https:\/\/vosgesinfo.fr\/epinalinfo\/2025\/09\/un-feu-dartifice-grandiose-a-illumine-le-lac-de-bouzey\/"]}]},{"@type":"ImageObject","inLanguage":"fr-FR","@id":"https:\/\/vosgesinfo.fr\/epinalinfo\/2025\/09\/un-feu-dartifice-grandiose-a-illumine-le-lac-de-bouzey\/#primaryimage","url":"https:\/\/vosgesinfo.fr\/app\/uploads\/sites\/3\/2025\/09\/feu-artifice-bouzey.jpg","contentUrl":"https:\/\/vosgesinfo.fr\/app\/uploads\/sites\/3\/2025\/09\/feu-artifice-bouzey.jpg","width":1195,"height":938,"caption":"photo St\u00e9phane Calmels"},{"@type":"BreadcrumbList","@id":"https:\/\/vosgesinfo.fr\/epinalinfo\/2025\/09\/un-feu-dartifice-grandiose-a-illumine-le-lac-de-bouzey\/#breadcrumb","itemListElement":[{"@type":"ListItem","position":1,"name":"Home","item":"https:\/\/vosgesinfo.fr\/epinalinfo\/"},{"@type":"ListItem","position":2,"name":"Un feu d\u2019artifice grandiose a illumin\u00e9 le lac de Bouzey"}]},{"@type":"WebSite","@id":"https:\/\/vosgesinfo.fr\/epinalinfo\/#website","url":"https:\/\/vosgesinfo.fr\/epinalinfo\/","name":"Epinal Info","description":"Toute l&#039;actualit\u00e9 d&#039;\u00c9pinal","publisher":{"@id":"https:\/\/vosgesinfo.fr\/epinalinfo\/#organization"},"alternateName":"Toute l'actualit\u00e9 d'\u00c9pinal","potentialAction":[{"@type":"SearchAction","target":{"@type":"EntryPoint","urlTemplate":"https:\/\/vosgesinfo.fr\/epinalinfo\/?s={search_term_string}"},"query-input":"required name=search_term_string"}],"inLanguage":"fr-FR"},{"@type":"Organization","@id":"https:\/\/vosgesinfo.fr\/epinalinfo\/#organization","name":"Epinal Info","url":"https:\/\/vosgesinfo.fr\/epinalinfo\/","logo":{"@type":"ImageObject","inLanguage":"fr-FR","@id":"https:\/\/vosgesinfo.fr\/epinalinfo\/#\/schema\/logo\/image\/","url":"https:\/\/vosgesinfo.fr\/app\/uploads\/sites\/3\/2023\/08\/logo-epinalinfos.svg","contentUrl":"https:\/\/vosgesinfo.fr\/app\/uploads\/sites\/3\/2023\/08\/logo-epinalinfos.svg","width":1,"height":1,"caption":"Epinal Info"},"image":{"@id":"https:\/\/vosgesinfo.fr\/epinalinfo\/#\/schema\/logo\/image\/"},"sameAs":["https:\/\/www.facebook.com\/Epinalinfos","https:\/\/x.com\/VosgesInfo88","https:\/\/www.youtube.com\/@vosgesinfo"]},{"@type":"Person","@id":"https:\/\/vosgesinfo.fr\/epinalinfo\/#\/schema\/person\/6f9a650eeea99d969b6c4ab78fccbe81","name":"C.K.","image":{"@type":"ImageObject","inLanguage":"fr-FR","@id":"https:\/\/vosgesinfo.fr\/epinalinfo\/#\/schema\/person\/image\/","url":"https:\/\/secure.gravatar.com\/avatar\/48e3fc7f8421ba8942be6b74a2b7f014ca39bc00dece156b7a8e098ae7dc87bf?s=96&d=mm&r=g","contentUrl":"https:\/\/secure.gravatar.com\/avatar\/48e3fc7f8421ba8942be6b74a2b7f014ca39bc00dece156b7a8e098ae7dc87bf?s=96&d=mm&r=g","caption":"C.K."},"url":"https:\/\/vosgesinfo.fr\/epinalinfo\/author\/celia-k-n\/"}]}},"_links":{"self":[{"href":"https:\/\/vosgesinfo.fr\/epinalinfo\/wp-json\/wp\/v2\/posts\/134783","targetHints":{"allow":["GET"]}}],"collection":[{"href":"https:\/\/vosgesinfo.fr\/epinalinfo\/wp-json\/wp\/v2\/posts"}],"about":[{"href":"https:\/\/vosgesinfo.fr\/epinalinfo\/wp-json\/wp\/v2\/types\/post"}],"author":[{"embeddable":true,"href":"https:\/\/vosgesinfo.fr\/epinalinfo\/wp-json\/wp\/v2\/users\/52"}],"replies":[{"embeddable":true,"href":"https:\/\/vosgesinfo.fr\/epinalinfo\/wp-json\/wp\/v2\/comments?post=134783"}],"version-history":[{"count":1,"href":"https:\/\/vosgesinfo.fr\/epinalinfo\/wp-json\/wp\/v2\/posts\/134783\/revisions"}],"predecessor-version":[{"id":134794,"href":"https:\/\/vosgesinfo.fr\/epinalinfo\/wp-json\/wp\/v2\/posts\/134783\/revisions\/134794"}],"wp:featuredmedia":[{"embeddable":true,"href":"https:\/\/vosgesinfo.fr\/epinalinfo\/wp-json\/wp\/v2\/media\/134786"}],"wp:attachment":[{"href":"https:\/\/vosgesinfo.fr\/epinalinfo\/wp-json\/wp\/v2\/media?parent=134783"}],"wp:term":[{"taxonomy":"category","embeddable":true,"href":"https:\/\/vosgesinfo.fr\/epinalinfo\/wp-json\/wp\/v2\/categories?post=134783"},{"taxonomy":"post_tag","embeddable":true,"href":"https:\/\/vosgesinfo.fr\/epinalinfo\/wp-json\/wp\/v2\/tags?post=134783"}],"curies":[{"name":"wp","href":"https:\/\/api.w.org\/{rel}","templated":true}]}}