{"id":134784,"date":"2025-09-01T10:50:40","date_gmt":"2025-09-01T08:50:40","guid":{"rendered":"https:\/\/vosgesinfo.fr\/epinalinfo\/?p=134784"},"modified":"2025-09-01T10:50:40","modified_gmt":"2025-09-01T08:50:40","slug":"5eme-vide-garage-10eme-rassemblement-auto-moto-8eme-balade-automobile-1ere-balade-en-mobylette","status":"publish","type":"post","link":"https:\/\/vosgesinfo.fr\/epinalinfo\/2025\/09\/5eme-vide-garage-10eme-rassemblement-auto-moto-8eme-balade-automobile-1ere-balade-en-mobylette\/","title":{"rendered":"5\u00e8me vide garage \/ 10\u00e8me Rassemblement Auto Moto 8\u00e8me Balade Automobile \/ 1\u00e8re Balade en mobylette"},"content":{"rendered":"<p style=\"text-align: center;\"><strong>Communiqu\u00e9<\/strong><\/p>\n<p>&nbsp;<\/p>\n<p style=\"text-align: center;\"><span style=\"font-size: 14pt;\"><strong>15\u00e8me vide garage : d\u00e9ballage de 8h \u00e0 18h<\/strong><\/span><\/p>\n<p>88340 Le Girmont Val d\u2019Ajol<br data-start=\"230\" data-end=\"233\" \/>(15 min de Remiremont \u2013 30 min d\u2019Epinal \u2013 20 min de Luxeuil \u2013 45 min de Vesoul \u2013 1h de Belfort, Besan\u00e7on et Nancy)<br data-start=\"347\" data-end=\"350\" \/>Centre du village autour du pr\u00e9au<\/p>\n<p><a href=\"https:\/\/vosgesinfo.fr\/app\/uploads\/sites\/5\/2025\/09\/vide-garage-rassemblement-auto-girmont.jpg\"><img decoding=\"async\" class=\"alignright size-medium wp-image-84685\" src=\"https:\/\/vosgesinfo.fr\/app\/uploads\/sites\/5\/2025\/09\/vide-garage-rassemblement-auto-girmont-213x300.jpg\" alt=\"\" width=\"213\" height=\"300\" \/><\/a>Concept du vide grenier consacr\u00e9 au domaine m\u00e9canique<br data-start=\"491\" data-end=\"494\" \/>Auto, Moto, Cycle, Kart, Quad\u2026<br data-start=\"524\" data-end=\"527\" \/>Tourisme, Comp\u00e9tition, Historique, Tuning<\/p>\n<p><strong data-start=\"572\" data-end=\"642\">D\u00e9ballage de tout objet touchant de pr\u00e8s ou de loin \u00e0 ce domaine :<\/strong><br data-start=\"642\" data-end=\"645\" \/>Quelques exemples (liste non exhaustive) :<\/p>\n<p data-start=\"692\" data-end=\"707\">Pneu et jante<\/p>\n<p data-start=\"710\" data-end=\"753\">Pi\u00e8ces d\u00e9tach\u00e9es m\u00e9canique ou carrosserie<\/p>\n<p data-start=\"756\" data-end=\"817\">Accessoires et \u00c9quipement : Housses, Auto Radio, GPS, sono\u2026<\/p>\n<p data-start=\"820\" data-end=\"873\">Textiles : Ligne de v\u00eatements, V\u00eatements ignifug\u00e9s\u2026<\/p>\n<p data-start=\"876\" data-end=\"931\">Objet de collection : Miniature, Plaque publicitaire\u2026<\/p>\n<p data-start=\"934\" data-end=\"977\">Outillage : Cric, Chandelles, Visseuse&#8230;<\/p>\n<p><strong data-start=\"979\" data-end=\"1028\">Tarif : 2\u20ac le m\u00e8tre lin\u00e9aire sans restriction<\/strong><\/p>\n<p>10\u00e8me Rassemblement Auto\/Moto : exposition libre \u00e0 partir de 9h00<\/p>\n<p data-start=\"1107\" data-end=\"1172\">Exposition de v\u00e9hicules historiques, de collection, de prestige<\/p>\n<p data-start=\"1175\" data-end=\"1253\">Exposition de v\u00e9hicules sportifs et de comp\u00e9tition, de tuning ou d\u2019exception<\/p>\n<hr data-start=\"1255\" data-end=\"1258\" \/>\n<p><a href=\"https:\/\/vosgesinfo.fr\/app\/uploads\/sites\/5\/2025\/09\/affiche-2025-modifier-pour-mob.jpg\"><img decoding=\"async\" class=\"alignright size-medium wp-image-84684\" src=\"https:\/\/vosgesinfo.fr\/app\/uploads\/sites\/5\/2025\/09\/affiche-2025-modifier-pour-mob-212x300.jpg\" alt=\"\" width=\"212\" height=\"300\" \/><\/a>8\u00e8me Balade automobile : d\u00e9part \u00e0 partir de 9h30<\/p>\n<p data-start=\"1315\" data-end=\"1399\">Parcours non chronom\u00e9tr\u00e9 d\u2019environ 80 km dans les Vosges sa\u00f4noises et m\u00e9ridionales<\/p>\n<p data-start=\"1402\" data-end=\"1441\">Navigation par road book fl\u00e9ch\u00e9-m\u00e9tr\u00e9<\/p>\n<p data-start=\"1444\" data-end=\"1543\"><strong data-start=\"1444\" data-end=\"1479\">50\u20ac par \u00e9quipage de 2 personnes<\/strong> (comprend le repas de midi, le roadbook et 1 plaque souvenir)<\/p>\n<p data-start=\"1546\" data-end=\"1588\">R\u00e9servation obligatoire, places limit\u00e9es<\/p>\n<hr data-start=\"1590\" data-end=\"1593\" \/>\n<p>1\u00e8re Balade en mobylette<\/p>\n<p data-start=\"1626\" data-end=\"1710\">Parcours non chronom\u00e9tr\u00e9 d\u2019environ 80 km dans les Vosges sa\u00f4noises et m\u00e9ridionales<\/p>\n<p data-start=\"1713\" data-end=\"1744\">Navigation dite \u00ab en tiroir \u00bb<\/p>\n<p data-start=\"1747\" data-end=\"1797\">Limit\u00e9 \u00e0 40 mobylettes (inscription obligatoire)<\/p>\n<p data-start=\"1800\" data-end=\"1900\"><strong data-start=\"1800\" data-end=\"1820\">28\u20ac par personne<\/strong> (comprend la collation du matin, le repas de midi et un autocollant souvenir)<\/p>\n<p data-start=\"1903\" data-end=\"1937\">Sur r\u00e9servation, places limit\u00e9es<\/p>\n<hr data-start=\"1939\" data-end=\"1942\" \/>\n<p><a href=\"https:\/\/vosgesinfo.fr\/app\/uploads\/sites\/5\/2025\/09\/flyer-2025-verso1.jpg\"><img decoding=\"async\" class=\"alignright size-medium wp-image-84683\" src=\"https:\/\/vosgesinfo.fr\/app\/uploads\/sites\/5\/2025\/09\/flyer-2025-verso1-213x300.jpg\" alt=\"\" width=\"213\" height=\"300\" \/><\/a>Animation<\/p>\n<p data-start=\"1960\" data-end=\"1997\">Pr\u00e9sence d&rsquo;exposants professionnels<\/p>\n<p>Restauration<\/p>\n<p data-start=\"2018\" data-end=\"2066\">Petite restauration sur place toute la journ\u00e9e<\/p>\n<p data-start=\"2069\" data-end=\"2089\">Repas (Menu \u00e0 12\u20ac)<\/p>\n<p>Visiteurs<\/p>\n<p data-start=\"2107\" data-end=\"2128\"><strong data-start=\"2107\" data-end=\"2126\">Entr\u00e9e Gratuite<\/strong><\/p>\n<hr data-start=\"2130\" data-end=\"2133\" \/>\n<p><strong data-start=\"2135\" data-end=\"2181\">Contact (renseignements et r\u00e9servations) :<\/strong><br data-start=\"2181\" data-end=\"2184\" \/>Gr\u00e9gory Daval<br data-start=\"2197\" data-end=\"2200\" \/>\ud83d\udcde 06 60 05 22 50<br data-start=\"2217\" data-end=\"2220\" \/>\u2709\ufe0f <a class=\"decorated-link cursor-pointer\" rel=\"noopener\" data-start=\"2223\" data-end=\"2249\">faingspautosport@gmail.com<\/a><\/p>\n","protected":false},"excerpt":{"rendered":"<p>Communiqu\u00e9 &nbsp; 15\u00e8me vide garage : d\u00e9ballage de 8h \u00e0 18h 88340 Le Girmont Val d\u2019Ajol(15 min de Remiremont \u2013 [&hellip;]<\/p>\n","protected":false},"author":391,"featured_media":134785,"comment_status":"open","ping_status":"open","sticky":false,"template":"","format":"standard","meta":{"footnotes":""},"categories":[22,24,6055],"tags":[16973],"class_list":["post-134784","post","type-post","status-publish","format-standard","has-post-thumbnail","hentry","category-a-la-une","category-epinal","category-remiremont","tag-escapade-girmontoise"],"acf":[],"yoast_head":"<!-- This site is optimized with the Yoast SEO plugin v22.5 - https:\/\/yoast.com\/wordpress\/plugins\/seo\/ -->\n<title>5\u00e8me vide garage \/ 10\u00e8me Rassemblement Auto Moto 8\u00e8me Balade Automobile \/ 1\u00e8re Balade en mobylette - Epinal Info<\/title>\n<meta name=\"robots\" content=\"index, follow, max-snippet:-1, max-image-preview:large, max-video-preview:-1\" \/>\n<link rel=\"canonical\" href=\"https:\/\/vosgesinfo.fr\/epinalinfo\/2025\/09\/5eme-vide-garage-10eme-rassemblement-auto-moto-8eme-balade-automobile-1ere-balade-en-mobylette\/\" \/>\n<meta name=\"twitter:card\" content=\"summary_large_image\" \/>\n<meta name=\"twitter:title\" content=\"5\u00e8me vide garage \/ 10\u00e8me Rassemblement Auto Moto 8\u00e8me Balade Automobile \/ 1\u00e8re Balade en mobylette - Epinal Info\" \/>\n<meta name=\"twitter:description\" content=\"Communiqu\u00e9 &nbsp; 15\u00e8me vide garage : d\u00e9ballage de 8h \u00e0 18h 88340 Le Girmont Val d\u2019Ajol(15 min de Remiremont \u2013 [&hellip;]\" \/>\n<meta name=\"twitter:image\" content=\"https:\/\/vosgesinfo.fr\/app\/uploads\/sites\/3\/2025\/09\/vide-garage-rassemblement-auto-girmont.jpg\" \/>\n<meta name=\"twitter:creator\" content=\"@VosgesInfo88\" \/>\n<meta name=\"twitter:site\" content=\"@VosgesInfo88\" \/>\n<meta name=\"twitter:label1\" content=\"\u00c9crit par\" \/>\n\t<meta name=\"twitter:data1\" content=\"La redaction\" \/>\n\t<meta name=\"twitter:label2\" content=\"Dur\u00e9e de lecture estim\u00e9e\" \/>\n\t<meta name=\"twitter:data2\" content=\"1 minute\" \/>\n<script type=\"application\/ld+json\" class=\"yoast-schema-graph\">{\"@context\":\"https:\/\/schema.org\",\"@graph\":[{\"@type\":\"Article\",\"@id\":\"https:\/\/vosgesinfo.fr\/epinalinfo\/2025\/09\/5eme-vide-garage-10eme-rassemblement-auto-moto-8eme-balade-automobile-1ere-balade-en-mobylette\/#article\",\"isPartOf\":{\"@id\":\"https:\/\/vosgesinfo.fr\/epinalinfo\/2025\/09\/5eme-vide-garage-10eme-rassemblement-auto-moto-8eme-balade-automobile-1ere-balade-en-mobylette\/\"},\"author\":{\"name\":\"La redaction\",\"@id\":\"https:\/\/vosgesinfo.fr\/epinalinfo\/#\/schema\/person\/27a3695b06db98895b354c0765cdfc31\"},\"headline\":\"5\u00e8me vide garage \/ 10\u00e8me Rassemblement Auto Moto 8\u00e8me Balade Automobile \/ 1\u00e8re Balade en mobylette\",\"datePublished\":\"2025-09-01T08:50:40+00:00\",\"dateModified\":\"2025-09-01T08:50:40+00:00\",\"mainEntityOfPage\":{\"@id\":\"https:\/\/vosgesinfo.fr\/epinalinfo\/2025\/09\/5eme-vide-garage-10eme-rassemblement-auto-moto-8eme-balade-automobile-1ere-balade-en-mobylette\/\"},\"wordCount\":302,\"commentCount\":0,\"publisher\":{\"@id\":\"https:\/\/vosgesinfo.fr\/epinalinfo\/#organization\"},\"image\":{\"@id\":\"https:\/\/vosgesinfo.fr\/epinalinfo\/2025\/09\/5eme-vide-garage-10eme-rassemblement-auto-moto-8eme-balade-automobile-1ere-balade-en-mobylette\/#primaryimage\"},\"thumbnailUrl\":\"https:\/\/vosgesinfo.fr\/app\/uploads\/sites\/3\/2025\/09\/vide-garage-rassemblement-auto-girmont.jpg\",\"keywords\":[\"escapade girmontoise\"],\"articleSection\":[\"A la Une\",\"Epinal\",\"Remiremont\"],\"inLanguage\":\"fr-FR\",\"potentialAction\":[{\"@type\":\"CommentAction\",\"name\":\"Comment\",\"target\":[\"https:\/\/vosgesinfo.fr\/epinalinfo\/2025\/09\/5eme-vide-garage-10eme-rassemblement-auto-moto-8eme-balade-automobile-1ere-balade-en-mobylette\/#respond\"]}]},{\"@type\":\"WebPage\",\"@id\":\"https:\/\/vosgesinfo.fr\/epinalinfo\/2025\/09\/5eme-vide-garage-10eme-rassemblement-auto-moto-8eme-balade-automobile-1ere-balade-en-mobylette\/\",\"url\":\"https:\/\/vosgesinfo.fr\/epinalinfo\/2025\/09\/5eme-vide-garage-10eme-rassemblement-auto-moto-8eme-balade-automobile-1ere-balade-en-mobylette\/\",\"name\":\"5\u00e8me vide garage \/ 10\u00e8me Rassemblement Auto Moto 8\u00e8me Balade Automobile \/ 1\u00e8re Balade en mobylette - Epinal Info\",\"isPartOf\":{\"@id\":\"https:\/\/vosgesinfo.fr\/epinalinfo\/#website\"},\"primaryImageOfPage\":{\"@id\":\"https:\/\/vosgesinfo.fr\/epinalinfo\/2025\/09\/5eme-vide-garage-10eme-rassemblement-auto-moto-8eme-balade-automobile-1ere-balade-en-mobylette\/#primaryimage\"},\"image\":{\"@id\":\"https:\/\/vosgesinfo.fr\/epinalinfo\/2025\/09\/5eme-vide-garage-10eme-rassemblement-auto-moto-8eme-balade-automobile-1ere-balade-en-mobylette\/#primaryimage\"},\"thumbnailUrl\":\"https:\/\/vosgesinfo.fr\/app\/uploads\/sites\/3\/2025\/09\/vide-garage-rassemblement-auto-girmont.jpg\",\"datePublished\":\"2025-09-01T08:50:40+00:00\",\"dateModified\":\"2025-09-01T08:50:40+00:00\",\"breadcrumb\":{\"@id\":\"https:\/\/vosgesinfo.fr\/epinalinfo\/2025\/09\/5eme-vide-garage-10eme-rassemblement-auto-moto-8eme-balade-automobile-1ere-balade-en-mobylette\/#breadcrumb\"},\"inLanguage\":\"fr-FR\",\"potentialAction\":[{\"@type\":\"ReadAction\",\"target\":[\"https:\/\/vosgesinfo.fr\/epinalinfo\/2025\/09\/5eme-vide-garage-10eme-rassemblement-auto-moto-8eme-balade-automobile-1ere-balade-en-mobylette\/\"]}]},{\"@type\":\"ImageObject\",\"inLanguage\":\"fr-FR\",\"@id\":\"https:\/\/vosgesinfo.fr\/epinalinfo\/2025\/09\/5eme-vide-garage-10eme-rassemblement-auto-moto-8eme-balade-automobile-1ere-balade-en-mobylette\/#primaryimage\",\"url\":\"https:\/\/vosgesinfo.fr\/app\/uploads\/sites\/3\/2025\/09\/vide-garage-rassemblement-auto-girmont.jpg\",\"contentUrl\":\"https:\/\/vosgesinfo.fr\/app\/uploads\/sites\/3\/2025\/09\/vide-garage-rassemblement-auto-girmont.jpg\",\"width\":1241,\"height\":1749},{\"@type\":\"BreadcrumbList\",\"@id\":\"https:\/\/vosgesinfo.fr\/epinalinfo\/2025\/09\/5eme-vide-garage-10eme-rassemblement-auto-moto-8eme-balade-automobile-1ere-balade-en-mobylette\/#breadcrumb\",\"itemListElement\":[{\"@type\":\"ListItem\",\"position\":1,\"name\":\"Home\",\"item\":\"https:\/\/vosgesinfo.fr\/epinalinfo\/\"},{\"@type\":\"ListItem\",\"position\":2,\"name\":\"5\u00e8me vide garage \/ 10\u00e8me Rassemblement Auto Moto 8\u00e8me Balade Automobile \/ 1\u00e8re Balade en mobylette\"}]},{\"@type\":\"WebSite\",\"@id\":\"https:\/\/vosgesinfo.fr\/epinalinfo\/#website\",\"url\":\"https:\/\/vosgesinfo.fr\/epinalinfo\/\",\"name\":\"Epinal Info\",\"description\":\"Toute l&#039;actualit\u00e9 d&#039;\u00c9pinal\",\"publisher\":{\"@id\":\"https:\/\/vosgesinfo.fr\/epinalinfo\/#organization\"},\"alternateName\":\"Toute l'actualit\u00e9 d'\u00c9pinal\",\"potentialAction\":[{\"@type\":\"SearchAction\",\"target\":{\"@type\":\"EntryPoint\",\"urlTemplate\":\"https:\/\/vosgesinfo.fr\/epinalinfo\/?s={search_term_string}\"},\"query-input\":\"required name=search_term_string\"}],\"inLanguage\":\"fr-FR\"},{\"@type\":\"Organization\",\"@id\":\"https:\/\/vosgesinfo.fr\/epinalinfo\/#organization\",\"name\":\"Epinal Info\",\"url\":\"https:\/\/vosgesinfo.fr\/epinalinfo\/\",\"logo\":{\"@type\":\"ImageObject\",\"inLanguage\":\"fr-FR\",\"@id\":\"https:\/\/vosgesinfo.fr\/epinalinfo\/#\/schema\/logo\/image\/\",\"url\":\"https:\/\/vosgesinfo.fr\/app\/uploads\/sites\/3\/2023\/08\/logo-epinalinfos.svg\",\"contentUrl\":\"https:\/\/vosgesinfo.fr\/app\/uploads\/sites\/3\/2023\/08\/logo-epinalinfos.svg\",\"width\":1,\"height\":1,\"caption\":\"Epinal Info\"},\"image\":{\"@id\":\"https:\/\/vosgesinfo.fr\/epinalinfo\/#\/schema\/logo\/image\/\"},\"sameAs\":[\"https:\/\/www.facebook.com\/Epinalinfos\",\"https:\/\/x.com\/VosgesInfo88\",\"https:\/\/www.youtube.com\/@vosgesinfo\"]},{\"@type\":\"Person\",\"@id\":\"https:\/\/vosgesinfo.fr\/epinalinfo\/#\/schema\/person\/27a3695b06db98895b354c0765cdfc31\",\"name\":\"La redaction\",\"image\":{\"@type\":\"ImageObject\",\"inLanguage\":\"fr-FR\",\"@id\":\"https:\/\/vosgesinfo.fr\/epinalinfo\/#\/schema\/person\/image\/\",\"url\":\"https:\/\/secure.gravatar.com\/avatar\/64c76a78e501cedee55736f43f332df901e1896ae9cd8fad269ae2236dd0e8b6?s=96&d=mm&r=g\",\"contentUrl\":\"https:\/\/secure.gravatar.com\/avatar\/64c76a78e501cedee55736f43f332df901e1896ae9cd8fad269ae2236dd0e8b6?s=96&d=mm&r=g\",\"caption\":\"La redaction\"},\"url\":\"https:\/\/vosgesinfo.fr\/epinalinfo\/author\/la-redaction\/\"}]}<\/script>\n<!-- \/ Yoast SEO plugin. -->","yoast_head_json":{"title":"5\u00e8me vide garage \/ 10\u00e8me Rassemblement Auto Moto 8\u00e8me Balade Automobile \/ 1\u00e8re Balade en mobylette - Epinal Info","robots":{"index":"index","follow":"follow","max-snippet":"max-snippet:-1","max-image-preview":"max-image-preview:large","max-video-preview":"max-video-preview:-1"},"canonical":"https:\/\/vosgesinfo.fr\/epinalinfo\/2025\/09\/5eme-vide-garage-10eme-rassemblement-auto-moto-8eme-balade-automobile-1ere-balade-en-mobylette\/","twitter_card":"summary_large_image","twitter_title":"5\u00e8me vide garage \/ 10\u00e8me Rassemblement Auto Moto 8\u00e8me Balade Automobile \/ 1\u00e8re Balade en mobylette - Epinal Info","twitter_description":"Communiqu\u00e9 &nbsp; 15\u00e8me vide garage : d\u00e9ballage de 8h \u00e0 18h 88340 Le Girmont Val d\u2019Ajol(15 min de Remiremont \u2013 [&hellip;]","twitter_image":"https:\/\/vosgesinfo.fr\/app\/uploads\/sites\/3\/2025\/09\/vide-garage-rassemblement-auto-girmont.jpg","twitter_creator":"@VosgesInfo88","twitter_site":"@VosgesInfo88","twitter_misc":{"\u00c9crit par":"La redaction","Dur\u00e9e de lecture estim\u00e9e":"1 minute"},"schema":{"@context":"https:\/\/schema.org","@graph":[{"@type":"Article","@id":"https:\/\/vosgesinfo.fr\/epinalinfo\/2025\/09\/5eme-vide-garage-10eme-rassemblement-auto-moto-8eme-balade-automobile-1ere-balade-en-mobylette\/#article","isPartOf":{"@id":"https:\/\/vosgesinfo.fr\/epinalinfo\/2025\/09\/5eme-vide-garage-10eme-rassemblement-auto-moto-8eme-balade-automobile-1ere-balade-en-mobylette\/"},"author":{"name":"La redaction","@id":"https:\/\/vosgesinfo.fr\/epinalinfo\/#\/schema\/person\/27a3695b06db98895b354c0765cdfc31"},"headline":"5\u00e8me vide garage \/ 10\u00e8me Rassemblement Auto Moto 8\u00e8me Balade Automobile \/ 1\u00e8re Balade en mobylette","datePublished":"2025-09-01T08:50:40+00:00","dateModified":"2025-09-01T08:50:40+00:00","mainEntityOfPage":{"@id":"https:\/\/vosgesinfo.fr\/epinalinfo\/2025\/09\/5eme-vide-garage-10eme-rassemblement-auto-moto-8eme-balade-automobile-1ere-balade-en-mobylette\/"},"wordCount":302,"commentCount":0,"publisher":{"@id":"https:\/\/vosgesinfo.fr\/epinalinfo\/#organization"},"image":{"@id":"https:\/\/vosgesinfo.fr\/epinalinfo\/2025\/09\/5eme-vide-garage-10eme-rassemblement-auto-moto-8eme-balade-automobile-1ere-balade-en-mobylette\/#primaryimage"},"thumbnailUrl":"https:\/\/vosgesinfo.fr\/app\/uploads\/sites\/3\/2025\/09\/vide-garage-rassemblement-auto-girmont.jpg","keywords":["escapade girmontoise"],"articleSection":["A la Une","Epinal","Remiremont"],"inLanguage":"fr-FR","potentialAction":[{"@type":"CommentAction","name":"Comment","target":["https:\/\/vosgesinfo.fr\/epinalinfo\/2025\/09\/5eme-vide-garage-10eme-rassemblement-auto-moto-8eme-balade-automobile-1ere-balade-en-mobylette\/#respond"]}]},{"@type":"WebPage","@id":"https:\/\/vosgesinfo.fr\/epinalinfo\/2025\/09\/5eme-vide-garage-10eme-rassemblement-auto-moto-8eme-balade-automobile-1ere-balade-en-mobylette\/","url":"https:\/\/vosgesinfo.fr\/epinalinfo\/2025\/09\/5eme-vide-garage-10eme-rassemblement-auto-moto-8eme-balade-automobile-1ere-balade-en-mobylette\/","name":"5\u00e8me vide garage \/ 10\u00e8me Rassemblement Auto Moto 8\u00e8me Balade Automobile \/ 1\u00e8re Balade en mobylette - Epinal Info","isPartOf":{"@id":"https:\/\/vosgesinfo.fr\/epinalinfo\/#website"},"primaryImageOfPage":{"@id":"https:\/\/vosgesinfo.fr\/epinalinfo\/2025\/09\/5eme-vide-garage-10eme-rassemblement-auto-moto-8eme-balade-automobile-1ere-balade-en-mobylette\/#primaryimage"},"image":{"@id":"https:\/\/vosgesinfo.fr\/epinalinfo\/2025\/09\/5eme-vide-garage-10eme-rassemblement-auto-moto-8eme-balade-automobile-1ere-balade-en-mobylette\/#primaryimage"},"thumbnailUrl":"https:\/\/vosgesinfo.fr\/app\/uploads\/sites\/3\/2025\/09\/vide-garage-rassemblement-auto-girmont.jpg","datePublished":"2025-09-01T08:50:40+00:00","dateModified":"2025-09-01T08:50:40+00:00","breadcrumb":{"@id":"https:\/\/vosgesinfo.fr\/epinalinfo\/2025\/09\/5eme-vide-garage-10eme-rassemblement-auto-moto-8eme-balade-automobile-1ere-balade-en-mobylette\/#breadcrumb"},"inLanguage":"fr-FR","potentialAction":[{"@type":"ReadAction","target":["https:\/\/vosgesinfo.fr\/epinalinfo\/2025\/09\/5eme-vide-garage-10eme-rassemblement-auto-moto-8eme-balade-automobile-1ere-balade-en-mobylette\/"]}]},{"@type":"ImageObject","inLanguage":"fr-FR","@id":"https:\/\/vosgesinfo.fr\/epinalinfo\/2025\/09\/5eme-vide-garage-10eme-rassemblement-auto-moto-8eme-balade-automobile-1ere-balade-en-mobylette\/#primaryimage","url":"https:\/\/vosgesinfo.fr\/app\/uploads\/sites\/3\/2025\/09\/vide-garage-rassemblement-auto-girmont.jpg","contentUrl":"https:\/\/vosgesinfo.fr\/app\/uploads\/sites\/3\/2025\/09\/vide-garage-rassemblement-auto-girmont.jpg","width":1241,"height":1749},{"@type":"BreadcrumbList","@id":"https:\/\/vosgesinfo.fr\/epinalinfo\/2025\/09\/5eme-vide-garage-10eme-rassemblement-auto-moto-8eme-balade-automobile-1ere-balade-en-mobylette\/#breadcrumb","itemListElement":[{"@type":"ListItem","position":1,"name":"Home","item":"https:\/\/vosgesinfo.fr\/epinalinfo\/"},{"@type":"ListItem","position":2,"name":"5\u00e8me vide garage \/ 10\u00e8me Rassemblement Auto Moto 8\u00e8me Balade Automobile \/ 1\u00e8re Balade en mobylette"}]},{"@type":"WebSite","@id":"https:\/\/vosgesinfo.fr\/epinalinfo\/#website","url":"https:\/\/vosgesinfo.fr\/epinalinfo\/","name":"Epinal Info","description":"Toute l&#039;actualit\u00e9 d&#039;\u00c9pinal","publisher":{"@id":"https:\/\/vosgesinfo.fr\/epinalinfo\/#organization"},"alternateName":"Toute l'actualit\u00e9 d'\u00c9pinal","potentialAction":[{"@type":"SearchAction","target":{"@type":"EntryPoint","urlTemplate":"https:\/\/vosgesinfo.fr\/epinalinfo\/?s={search_term_string}"},"query-input":"required name=search_term_string"}],"inLanguage":"fr-FR"},{"@type":"Organization","@id":"https:\/\/vosgesinfo.fr\/epinalinfo\/#organization","name":"Epinal Info","url":"https:\/\/vosgesinfo.fr\/epinalinfo\/","logo":{"@type":"ImageObject","inLanguage":"fr-FR","@id":"https:\/\/vosgesinfo.fr\/epinalinfo\/#\/schema\/logo\/image\/","url":"https:\/\/vosgesinfo.fr\/app\/uploads\/sites\/3\/2023\/08\/logo-epinalinfos.svg","contentUrl":"https:\/\/vosgesinfo.fr\/app\/uploads\/sites\/3\/2023\/08\/logo-epinalinfos.svg","width":1,"height":1,"caption":"Epinal Info"},"image":{"@id":"https:\/\/vosgesinfo.fr\/epinalinfo\/#\/schema\/logo\/image\/"},"sameAs":["https:\/\/www.facebook.com\/Epinalinfos","https:\/\/x.com\/VosgesInfo88","https:\/\/www.youtube.com\/@vosgesinfo"]},{"@type":"Person","@id":"https:\/\/vosgesinfo.fr\/epinalinfo\/#\/schema\/person\/27a3695b06db98895b354c0765cdfc31","name":"La redaction","image":{"@type":"ImageObject","inLanguage":"fr-FR","@id":"https:\/\/vosgesinfo.fr\/epinalinfo\/#\/schema\/person\/image\/","url":"https:\/\/secure.gravatar.com\/avatar\/64c76a78e501cedee55736f43f332df901e1896ae9cd8fad269ae2236dd0e8b6?s=96&d=mm&r=g","contentUrl":"https:\/\/secure.gravatar.com\/avatar\/64c76a78e501cedee55736f43f332df901e1896ae9cd8fad269ae2236dd0e8b6?s=96&d=mm&r=g","caption":"La redaction"},"url":"https:\/\/vosgesinfo.fr\/epinalinfo\/author\/la-redaction\/"}]}},"_links":{"self":[{"href":"https:\/\/vosgesinfo.fr\/epinalinfo\/wp-json\/wp\/v2\/posts\/134784","targetHints":{"allow":["GET"]}}],"collection":[{"href":"https:\/\/vosgesinfo.fr\/epinalinfo\/wp-json\/wp\/v2\/posts"}],"about":[{"href":"https:\/\/vosgesinfo.fr\/epinalinfo\/wp-json\/wp\/v2\/types\/post"}],"author":[{"embeddable":true,"href":"https:\/\/vosgesinfo.fr\/epinalinfo\/wp-json\/wp\/v2\/users\/391"}],"replies":[{"embeddable":true,"href":"https:\/\/vosgesinfo.fr\/epinalinfo\/wp-json\/wp\/v2\/comments?post=134784"}],"version-history":[{"count":0,"href":"https:\/\/vosgesinfo.fr\/epinalinfo\/wp-json\/wp\/v2\/posts\/134784\/revisions"}],"wp:featuredmedia":[{"embeddable":true,"href":"https:\/\/vosgesinfo.fr\/epinalinfo\/wp-json\/wp\/v2\/media\/134785"}],"wp:attachment":[{"href":"https:\/\/vosgesinfo.fr\/epinalinfo\/wp-json\/wp\/v2\/media?parent=134784"}],"wp:term":[{"taxonomy":"category","embeddable":true,"href":"https:\/\/vosgesinfo.fr\/epinalinfo\/wp-json\/wp\/v2\/categories?post=134784"},{"taxonomy":"post_tag","embeddable":true,"href":"https:\/\/vosgesinfo.fr\/epinalinfo\/wp-json\/wp\/v2\/tags?post=134784"}],"curies":[{"name":"wp","href":"https:\/\/api.w.org\/{rel}","templated":true}]}}