{"id":134795,"date":"2025-09-02T08:30:31","date_gmt":"2025-09-02T06:30:31","guid":{"rendered":"https:\/\/vosgesinfo.fr\/epinalinfo\/?p=134795"},"modified":"2025-09-02T08:25:18","modified_gmt":"2025-09-02T06:25:18","slug":"epinal-2-238-eleves-font-leur-rentree","status":"publish","type":"post","link":"https:\/\/vosgesinfo.fr\/epinalinfo\/2025\/09\/epinal-2-238-eleves-font-leur-rentree\/","title":{"rendered":"\u00c9pinal : 2 238 \u00e9l\u00e8ves font leur rentr\u00e9e"},"content":{"rendered":"<div id=\"attachment_134853\" style=\"width: 944px\" class=\"wp-caption aligncenter\"><a href=\"https:\/\/vosgesinfo.fr\/app\/uploads\/sites\/3\/2025\/09\/rentree-scolaire-.jpg\"><img decoding=\"async\" aria-describedby=\"caption-attachment-134853\" class=\"size-full wp-image-134853\" src=\"https:\/\/vosgesinfo.fr\/app\/uploads\/sites\/3\/2025\/09\/rentree-scolaire-.jpg\" alt=\"\" width=\"934\" height=\"532\" srcset=\"https:\/\/vosgesinfo.fr\/app\/uploads\/sites\/3\/2025\/09\/rentree-scolaire-.jpg 934w, https:\/\/vosgesinfo.fr\/app\/uploads\/sites\/3\/2025\/09\/rentree-scolaire--300x171.jpg 300w, https:\/\/vosgesinfo.fr\/app\/uploads\/sites\/3\/2025\/09\/rentree-scolaire--768x437.jpg 768w\" sizes=\"(max-width: 934px) 100vw, 934px\" \/><\/a><p id=\"caption-attachment-134853\" class=\"wp-caption-text\">rentr\u00e9e scolaire \u00e0 Gaston Rimay Photo St\u00e9phane Calmels<\/p><\/div>\n<h2 data-start=\"129\" data-end=\"345\"><strong>Ce lundi matin, l\u2019heure de la rentr\u00e9e a sonn\u00e9 pour les \u00e9coliers spinaliens. Au total, 2 238 enfants ont retrouv\u00e9 le chemin des \u00e9tablissements de la ville, dont 781 en maternelle et 1 457 en \u00e9l\u00e9mentaire.<\/strong><\/h2>\n<p data-start=\"347\" data-end=\"622\">R\u00e9partis dans <strong data-start=\"361\" data-end=\"399\">124 classes sur 23 sites scolaires<\/strong>, les \u00e9l\u00e8ves ont pris place dans leurs salles, retrouvant leurs camarades ou d\u00e9couvrant de nouveaux visages, ainsi que leurs enseignants. L\u2019ann\u00e9e s\u2019annonce sous le signe du changement et de l\u2019am\u00e9lioration du cadre de vie.<\/p>\n<p data-start=\"624\" data-end=\"1043\">La municipalit\u00e9 a engag\u00e9 plusieurs chantiers afin d\u2019accompagner au mieux cette rentr\u00e9e. Parmi les priorit\u00e9s figurent la <strong data-start=\"744\" data-end=\"798\">v\u00e9g\u00e9talisation progressive des cours de r\u00e9cr\u00e9ation<\/strong>, pour offrir aux enfants des espaces plus agr\u00e9ables et durables, ainsi que la <strong data-start=\"877\" data-end=\"917\">modernisation des cuisines scolaires<\/strong>. Objectif : produire localement <strong data-start=\"950\" data-end=\"979\">450 repas suppl\u00e9mentaires<\/strong> et renforcer la qualit\u00e9 de la restauration servie aux \u00e9l\u00e8ves.<\/p>\n\n\t\t<style type=\"text\/css\">\n\t\t\t#gallery-1 {\n\t\t\t\tmargin: auto;\n\t\t\t}\n\t\t\t#gallery-1 .gallery-item {\n\t\t\t\tfloat: left;\n\t\t\t\tmargin-top: 10px;\n\t\t\t\ttext-align: center;\n\t\t\t\twidth: 33%;\n\t\t\t}\n\t\t\t#gallery-1 img {\n\t\t\t\tborder: 2px solid #cfcfcf;\n\t\t\t}\n\t\t\t#gallery-1 .gallery-caption {\n\t\t\t\tmargin-left: 0;\n\t\t\t}\n\t\t\t\/* see gallery_shortcode() in wp-includes\/media.php *\/\n\t\t<\/style>\n\t\t<div id='gallery-1' class='gallery galleryid-134795 gallery-columns-3 gallery-size-large'><dl class='gallery-item'>\n\t\t\t<dt class='gallery-icon landscape'>\n\t\t\t\t<a href='https:\/\/vosgesinfo.fr\/app\/uploads\/sites\/3\/2025\/09\/thumbnail-rentree-scolaire-8-maternelle-rossignol-2025-photo-stephane-calmels-copie.jpg'><img decoding=\"async\" width=\"1024\" height=\"535\" src=\"https:\/\/vosgesinfo.fr\/app\/uploads\/sites\/3\/2025\/09\/thumbnail-rentree-scolaire-8-maternelle-rossignol-2025-photo-stephane-calmels-copie-1024x535.jpg\" class=\"attachment-large size-large\" alt=\"\" aria-describedby=\"gallery-1-134854\" srcset=\"https:\/\/vosgesinfo.fr\/app\/uploads\/sites\/3\/2025\/09\/thumbnail-rentree-scolaire-8-maternelle-rossignol-2025-photo-stephane-calmels-copie-1024x535.jpg 1024w, https:\/\/vosgesinfo.fr\/app\/uploads\/sites\/3\/2025\/09\/thumbnail-rentree-scolaire-8-maternelle-rossignol-2025-photo-stephane-calmels-copie-300x157.jpg 300w, https:\/\/vosgesinfo.fr\/app\/uploads\/sites\/3\/2025\/09\/thumbnail-rentree-scolaire-8-maternelle-rossignol-2025-photo-stephane-calmels-copie-768x401.jpg 768w, https:\/\/vosgesinfo.fr\/app\/uploads\/sites\/3\/2025\/09\/thumbnail-rentree-scolaire-8-maternelle-rossignol-2025-photo-stephane-calmels-copie.jpg 1042w\" sizes=\"(max-width: 1024px) 100vw, 1024px\" \/><\/a>\n\t\t\t<\/dt>\n\t\t\t\t<dd class='wp-caption-text gallery-caption' id='gallery-1-134854'>\n\t\t\t\tPhoto St\u00e9phane Calmels\n\t\t\t\t<\/dd><\/dl><dl class='gallery-item'>\n\t\t\t<dt class='gallery-icon landscape'>\n\t\t\t\t<a href='https:\/\/vosgesinfo.fr\/app\/uploads\/sites\/3\/2025\/09\/thumbnail-rentree-scolaire-1-pierre-lamboley-directeur-gaston-rimey-2025-photo-stephane-calmels.jpg'><img decoding=\"async\" width=\"1024\" height=\"535\" src=\"https:\/\/vosgesinfo.fr\/app\/uploads\/sites\/3\/2025\/09\/thumbnail-rentree-scolaire-1-pierre-lamboley-directeur-gaston-rimey-2025-photo-stephane-calmels-1024x535.jpg\" class=\"attachment-large size-large\" alt=\"\" aria-describedby=\"gallery-1-134855\" srcset=\"https:\/\/vosgesinfo.fr\/app\/uploads\/sites\/3\/2025\/09\/thumbnail-rentree-scolaire-1-pierre-lamboley-directeur-gaston-rimey-2025-photo-stephane-calmels-1024x535.jpg 1024w, https:\/\/vosgesinfo.fr\/app\/uploads\/sites\/3\/2025\/09\/thumbnail-rentree-scolaire-1-pierre-lamboley-directeur-gaston-rimey-2025-photo-stephane-calmels-300x157.jpg 300w, https:\/\/vosgesinfo.fr\/app\/uploads\/sites\/3\/2025\/09\/thumbnail-rentree-scolaire-1-pierre-lamboley-directeur-gaston-rimey-2025-photo-stephane-calmels-768x401.jpg 768w, https:\/\/vosgesinfo.fr\/app\/uploads\/sites\/3\/2025\/09\/thumbnail-rentree-scolaire-1-pierre-lamboley-directeur-gaston-rimey-2025-photo-stephane-calmels.jpg 1042w\" sizes=\"(max-width: 1024px) 100vw, 1024px\" \/><\/a>\n\t\t\t<\/dt>\n\t\t\t\t<dd class='wp-caption-text gallery-caption' id='gallery-1-134855'>\n\t\t\t\tPhoto St\u00e9phane Calmels\n\t\t\t\t<\/dd><\/dl><dl class='gallery-item'>\n\t\t\t<dt class='gallery-icon landscape'>\n\t\t\t\t<a href='https:\/\/vosgesinfo.fr\/app\/uploads\/sites\/3\/2025\/09\/thumbnail-rentree-scolaire-2-gaston-rimey-2025-photo-stephane-calmels.jpg'><img decoding=\"async\" width=\"1024\" height=\"535\" src=\"https:\/\/vosgesinfo.fr\/app\/uploads\/sites\/3\/2025\/09\/thumbnail-rentree-scolaire-2-gaston-rimey-2025-photo-stephane-calmels-1024x535.jpg\" class=\"attachment-large size-large\" alt=\"\" aria-describedby=\"gallery-1-134856\" srcset=\"https:\/\/vosgesinfo.fr\/app\/uploads\/sites\/3\/2025\/09\/thumbnail-rentree-scolaire-2-gaston-rimey-2025-photo-stephane-calmels-1024x535.jpg 1024w, https:\/\/vosgesinfo.fr\/app\/uploads\/sites\/3\/2025\/09\/thumbnail-rentree-scolaire-2-gaston-rimey-2025-photo-stephane-calmels-300x157.jpg 300w, https:\/\/vosgesinfo.fr\/app\/uploads\/sites\/3\/2025\/09\/thumbnail-rentree-scolaire-2-gaston-rimey-2025-photo-stephane-calmels-768x401.jpg 768w, https:\/\/vosgesinfo.fr\/app\/uploads\/sites\/3\/2025\/09\/thumbnail-rentree-scolaire-2-gaston-rimey-2025-photo-stephane-calmels.jpg 1042w\" sizes=\"(max-width: 1024px) 100vw, 1024px\" \/><\/a>\n\t\t\t<\/dt>\n\t\t\t\t<dd class='wp-caption-text gallery-caption' id='gallery-1-134856'>\n\t\t\t\tPhoto St\u00e9phane Calmels\n\t\t\t\t<\/dd><\/dl><br style=\"clear: both\" \/><dl class='gallery-item'>\n\t\t\t<dt class='gallery-icon landscape'>\n\t\t\t\t<a href='https:\/\/vosgesinfo.fr\/app\/uploads\/sites\/3\/2025\/09\/thumbnail-rentree-scolaire-3-mathieu-petit-directeur-gaston-rimey-2025-photo-stephane-calmels.jpg'><img decoding=\"async\" width=\"1024\" height=\"535\" src=\"https:\/\/vosgesinfo.fr\/app\/uploads\/sites\/3\/2025\/09\/thumbnail-rentree-scolaire-3-mathieu-petit-directeur-gaston-rimey-2025-photo-stephane-calmels-1024x535.jpg\" class=\"attachment-large size-large\" alt=\"\" aria-describedby=\"gallery-1-134857\" srcset=\"https:\/\/vosgesinfo.fr\/app\/uploads\/sites\/3\/2025\/09\/thumbnail-rentree-scolaire-3-mathieu-petit-directeur-gaston-rimey-2025-photo-stephane-calmels-1024x535.jpg 1024w, https:\/\/vosgesinfo.fr\/app\/uploads\/sites\/3\/2025\/09\/thumbnail-rentree-scolaire-3-mathieu-petit-directeur-gaston-rimey-2025-photo-stephane-calmels-300x157.jpg 300w, https:\/\/vosgesinfo.fr\/app\/uploads\/sites\/3\/2025\/09\/thumbnail-rentree-scolaire-3-mathieu-petit-directeur-gaston-rimey-2025-photo-stephane-calmels-768x401.jpg 768w, https:\/\/vosgesinfo.fr\/app\/uploads\/sites\/3\/2025\/09\/thumbnail-rentree-scolaire-3-mathieu-petit-directeur-gaston-rimey-2025-photo-stephane-calmels.jpg 1042w\" sizes=\"(max-width: 1024px) 100vw, 1024px\" \/><\/a>\n\t\t\t<\/dt>\n\t\t\t\t<dd class='wp-caption-text gallery-caption' id='gallery-1-134857'>\n\t\t\t\tPhoto St\u00e9phane Calmels\n\t\t\t\t<\/dd><\/dl><dl class='gallery-item'>\n\t\t\t<dt class='gallery-icon landscape'>\n\t\t\t\t<a href='https:\/\/vosgesinfo.fr\/app\/uploads\/sites\/3\/2025\/09\/thumbnail-rentree-scolaire-4-gaston-rimey-2025-photo-stephane-calmels.jpg'><img decoding=\"async\" width=\"1024\" height=\"535\" src=\"https:\/\/vosgesinfo.fr\/app\/uploads\/sites\/3\/2025\/09\/thumbnail-rentree-scolaire-4-gaston-rimey-2025-photo-stephane-calmels-1024x535.jpg\" class=\"attachment-large size-large\" alt=\"\" aria-describedby=\"gallery-1-134858\" srcset=\"https:\/\/vosgesinfo.fr\/app\/uploads\/sites\/3\/2025\/09\/thumbnail-rentree-scolaire-4-gaston-rimey-2025-photo-stephane-calmels-1024x535.jpg 1024w, https:\/\/vosgesinfo.fr\/app\/uploads\/sites\/3\/2025\/09\/thumbnail-rentree-scolaire-4-gaston-rimey-2025-photo-stephane-calmels-300x157.jpg 300w, https:\/\/vosgesinfo.fr\/app\/uploads\/sites\/3\/2025\/09\/thumbnail-rentree-scolaire-4-gaston-rimey-2025-photo-stephane-calmels-768x401.jpg 768w, https:\/\/vosgesinfo.fr\/app\/uploads\/sites\/3\/2025\/09\/thumbnail-rentree-scolaire-4-gaston-rimey-2025-photo-stephane-calmels.jpg 1042w\" sizes=\"(max-width: 1024px) 100vw, 1024px\" \/><\/a>\n\t\t\t<\/dt>\n\t\t\t\t<dd class='wp-caption-text gallery-caption' id='gallery-1-134858'>\n\t\t\t\tPhoto St\u00e9phane Calmels\n\t\t\t\t<\/dd><\/dl><dl class='gallery-item'>\n\t\t\t<dt class='gallery-icon landscape'>\n\t\t\t\t<a href='https:\/\/vosgesinfo.fr\/app\/uploads\/sites\/3\/2025\/09\/thumbnail-rentree-scolaire-6-pierre-lamboley-directeur-primaire-jean-mace-2025-photo-stephane-calmels.jpg'><img decoding=\"async\" width=\"1024\" height=\"535\" src=\"https:\/\/vosgesinfo.fr\/app\/uploads\/sites\/3\/2025\/09\/thumbnail-rentree-scolaire-6-pierre-lamboley-directeur-primaire-jean-mace-2025-photo-stephane-calmels-1024x535.jpg\" class=\"attachment-large size-large\" alt=\"\" aria-describedby=\"gallery-1-134859\" srcset=\"https:\/\/vosgesinfo.fr\/app\/uploads\/sites\/3\/2025\/09\/thumbnail-rentree-scolaire-6-pierre-lamboley-directeur-primaire-jean-mace-2025-photo-stephane-calmels-1024x535.jpg 1024w, https:\/\/vosgesinfo.fr\/app\/uploads\/sites\/3\/2025\/09\/thumbnail-rentree-scolaire-6-pierre-lamboley-directeur-primaire-jean-mace-2025-photo-stephane-calmels-300x157.jpg 300w, https:\/\/vosgesinfo.fr\/app\/uploads\/sites\/3\/2025\/09\/thumbnail-rentree-scolaire-6-pierre-lamboley-directeur-primaire-jean-mace-2025-photo-stephane-calmels-768x401.jpg 768w, https:\/\/vosgesinfo.fr\/app\/uploads\/sites\/3\/2025\/09\/thumbnail-rentree-scolaire-6-pierre-lamboley-directeur-primaire-jean-mace-2025-photo-stephane-calmels.jpg 1042w\" sizes=\"(max-width: 1024px) 100vw, 1024px\" \/><\/a>\n\t\t\t<\/dt>\n\t\t\t\t<dd class='wp-caption-text gallery-caption' id='gallery-1-134859'>\n\t\t\t\tPhoto St\u00e9phane Calmels\n\t\t\t\t<\/dd><\/dl><br style=\"clear: both\" \/><dl class='gallery-item'>\n\t\t\t<dt class='gallery-icon landscape'>\n\t\t\t\t<a href='https:\/\/vosgesinfo.fr\/app\/uploads\/sites\/3\/2025\/09\/thumbnail-rentree-scolaire-7-gaston-rimey-2025-photo-stephane-calmels.jpg'><img decoding=\"async\" width=\"1024\" height=\"535\" src=\"https:\/\/vosgesinfo.fr\/app\/uploads\/sites\/3\/2025\/09\/thumbnail-rentree-scolaire-7-gaston-rimey-2025-photo-stephane-calmels-1024x535.jpg\" class=\"attachment-large size-large\" alt=\"\" aria-describedby=\"gallery-1-134860\" srcset=\"https:\/\/vosgesinfo.fr\/app\/uploads\/sites\/3\/2025\/09\/thumbnail-rentree-scolaire-7-gaston-rimey-2025-photo-stephane-calmels-1024x535.jpg 1024w, https:\/\/vosgesinfo.fr\/app\/uploads\/sites\/3\/2025\/09\/thumbnail-rentree-scolaire-7-gaston-rimey-2025-photo-stephane-calmels-300x157.jpg 300w, https:\/\/vosgesinfo.fr\/app\/uploads\/sites\/3\/2025\/09\/thumbnail-rentree-scolaire-7-gaston-rimey-2025-photo-stephane-calmels-768x401.jpg 768w, https:\/\/vosgesinfo.fr\/app\/uploads\/sites\/3\/2025\/09\/thumbnail-rentree-scolaire-7-gaston-rimey-2025-photo-stephane-calmels.jpg 1042w\" sizes=\"(max-width: 1024px) 100vw, 1024px\" \/><\/a>\n\t\t\t<\/dt>\n\t\t\t\t<dd class='wp-caption-text gallery-caption' id='gallery-1-134860'>\n\t\t\t\tPhoto St\u00e9phane Calmels\n\t\t\t\t<\/dd><\/dl>\n\t\t\t<br style='clear: both' \/>\n\t\t<\/div>\n\n","protected":false},"excerpt":{"rendered":"<p>Ce lundi matin, l\u2019heure de la rentr\u00e9e a sonn\u00e9 pour les \u00e9coliers spinaliens. Au total, 2 238 enfants ont retrouv\u00e9 [&hellip;]<\/p>\n","protected":false},"author":52,"featured_media":134853,"comment_status":"open","ping_status":"open","sticky":false,"template":"","format":"standard","meta":{"footnotes":""},"categories":[22,15,24],"tags":[],"class_list":["post-134795","post","type-post","status-publish","format-standard","has-post-thumbnail","hentry","category-a-la-une","category-education","category-epinal"],"acf":[],"yoast_head":"<!-- This site is optimized with the Yoast SEO plugin v22.5 - https:\/\/yoast.com\/wordpress\/plugins\/seo\/ -->\n<title>\u00c9pinal : 2 238 \u00e9l\u00e8ves font leur rentr\u00e9e - Epinal Info<\/title>\n<meta name=\"robots\" content=\"index, follow, max-snippet:-1, max-image-preview:large, max-video-preview:-1\" \/>\n<link rel=\"canonical\" href=\"https:\/\/vosgesinfo.fr\/epinalinfo\/2025\/09\/epinal-2-238-eleves-font-leur-rentree\/\" \/>\n<meta name=\"twitter:card\" content=\"summary_large_image\" \/>\n<meta name=\"twitter:title\" content=\"\u00c9pinal : 2 238 \u00e9l\u00e8ves font leur rentr\u00e9e - Epinal Info\" \/>\n<meta name=\"twitter:description\" content=\"Ce lundi matin, l\u2019heure de la rentr\u00e9e a sonn\u00e9 pour les \u00e9coliers spinaliens. Au total, 2 238 enfants ont retrouv\u00e9 [&hellip;]\" \/>\n<meta name=\"twitter:image\" content=\"https:\/\/vosgesinfo.fr\/app\/uploads\/sites\/3\/2025\/09\/rentree-scolaire-.jpg\" \/>\n<meta name=\"twitter:creator\" content=\"@VosgesInfo88\" \/>\n<meta name=\"twitter:site\" content=\"@VosgesInfo88\" \/>\n<meta name=\"twitter:label1\" content=\"\u00c9crit par\" \/>\n\t<meta name=\"twitter:data1\" content=\"C.K.\" \/>\n\t<meta name=\"twitter:label2\" content=\"Dur\u00e9e de lecture estim\u00e9e\" \/>\n\t<meta name=\"twitter:data2\" content=\"1 minute\" \/>\n<script type=\"application\/ld+json\" class=\"yoast-schema-graph\">{\"@context\":\"https:\/\/schema.org\",\"@graph\":[{\"@type\":\"Article\",\"@id\":\"https:\/\/vosgesinfo.fr\/epinalinfo\/2025\/09\/epinal-2-238-eleves-font-leur-rentree\/#article\",\"isPartOf\":{\"@id\":\"https:\/\/vosgesinfo.fr\/epinalinfo\/2025\/09\/epinal-2-238-eleves-font-leur-rentree\/\"},\"author\":{\"name\":\"C.K.\",\"@id\":\"https:\/\/vosgesinfo.fr\/epinalinfo\/#\/schema\/person\/6f9a650eeea99d969b6c4ab78fccbe81\"},\"headline\":\"\u00c9pinal : 2 238 \u00e9l\u00e8ves font leur rentr\u00e9e\",\"datePublished\":\"2025-09-02T06:30:31+00:00\",\"dateModified\":\"2025-09-02T06:25:18+00:00\",\"mainEntityOfPage\":{\"@id\":\"https:\/\/vosgesinfo.fr\/epinalinfo\/2025\/09\/epinal-2-238-eleves-font-leur-rentree\/\"},\"wordCount\":176,\"commentCount\":0,\"publisher\":{\"@id\":\"https:\/\/vosgesinfo.fr\/epinalinfo\/#organization\"},\"image\":{\"@id\":\"https:\/\/vosgesinfo.fr\/epinalinfo\/2025\/09\/epinal-2-238-eleves-font-leur-rentree\/#primaryimage\"},\"thumbnailUrl\":\"https:\/\/vosgesinfo.fr\/app\/uploads\/sites\/3\/2025\/09\/rentree-scolaire-.jpg\",\"articleSection\":[\"A la Une\",\"\u00c9ducation\",\"Epinal\"],\"inLanguage\":\"fr-FR\",\"potentialAction\":[{\"@type\":\"CommentAction\",\"name\":\"Comment\",\"target\":[\"https:\/\/vosgesinfo.fr\/epinalinfo\/2025\/09\/epinal-2-238-eleves-font-leur-rentree\/#respond\"]}]},{\"@type\":\"WebPage\",\"@id\":\"https:\/\/vosgesinfo.fr\/epinalinfo\/2025\/09\/epinal-2-238-eleves-font-leur-rentree\/\",\"url\":\"https:\/\/vosgesinfo.fr\/epinalinfo\/2025\/09\/epinal-2-238-eleves-font-leur-rentree\/\",\"name\":\"\u00c9pinal : 2 238 \u00e9l\u00e8ves font leur rentr\u00e9e - Epinal Info\",\"isPartOf\":{\"@id\":\"https:\/\/vosgesinfo.fr\/epinalinfo\/#website\"},\"primaryImageOfPage\":{\"@id\":\"https:\/\/vosgesinfo.fr\/epinalinfo\/2025\/09\/epinal-2-238-eleves-font-leur-rentree\/#primaryimage\"},\"image\":{\"@id\":\"https:\/\/vosgesinfo.fr\/epinalinfo\/2025\/09\/epinal-2-238-eleves-font-leur-rentree\/#primaryimage\"},\"thumbnailUrl\":\"https:\/\/vosgesinfo.fr\/app\/uploads\/sites\/3\/2025\/09\/rentree-scolaire-.jpg\",\"datePublished\":\"2025-09-02T06:30:31+00:00\",\"dateModified\":\"2025-09-02T06:25:18+00:00\",\"breadcrumb\":{\"@id\":\"https:\/\/vosgesinfo.fr\/epinalinfo\/2025\/09\/epinal-2-238-eleves-font-leur-rentree\/#breadcrumb\"},\"inLanguage\":\"fr-FR\",\"potentialAction\":[{\"@type\":\"ReadAction\",\"target\":[\"https:\/\/vosgesinfo.fr\/epinalinfo\/2025\/09\/epinal-2-238-eleves-font-leur-rentree\/\"]}]},{\"@type\":\"ImageObject\",\"inLanguage\":\"fr-FR\",\"@id\":\"https:\/\/vosgesinfo.fr\/epinalinfo\/2025\/09\/epinal-2-238-eleves-font-leur-rentree\/#primaryimage\",\"url\":\"https:\/\/vosgesinfo.fr\/app\/uploads\/sites\/3\/2025\/09\/rentree-scolaire-.jpg\",\"contentUrl\":\"https:\/\/vosgesinfo.fr\/app\/uploads\/sites\/3\/2025\/09\/rentree-scolaire-.jpg\",\"width\":934,\"height\":532,\"caption\":\"rentr\u00e9e scolaire \u00e0 Gaston Rimay Photo St\u00e9phane Calmels\"},{\"@type\":\"BreadcrumbList\",\"@id\":\"https:\/\/vosgesinfo.fr\/epinalinfo\/2025\/09\/epinal-2-238-eleves-font-leur-rentree\/#breadcrumb\",\"itemListElement\":[{\"@type\":\"ListItem\",\"position\":1,\"name\":\"Home\",\"item\":\"https:\/\/vosgesinfo.fr\/epinalinfo\/\"},{\"@type\":\"ListItem\",\"position\":2,\"name\":\"\u00c9pinal : 2 238 \u00e9l\u00e8ves font leur rentr\u00e9e\"}]},{\"@type\":\"WebSite\",\"@id\":\"https:\/\/vosgesinfo.fr\/epinalinfo\/#website\",\"url\":\"https:\/\/vosgesinfo.fr\/epinalinfo\/\",\"name\":\"Epinal Info\",\"description\":\"Toute l&#039;actualit\u00e9 d&#039;\u00c9pinal\",\"publisher\":{\"@id\":\"https:\/\/vosgesinfo.fr\/epinalinfo\/#organization\"},\"alternateName\":\"Toute l'actualit\u00e9 d'\u00c9pinal\",\"potentialAction\":[{\"@type\":\"SearchAction\",\"target\":{\"@type\":\"EntryPoint\",\"urlTemplate\":\"https:\/\/vosgesinfo.fr\/epinalinfo\/?s={search_term_string}\"},\"query-input\":\"required name=search_term_string\"}],\"inLanguage\":\"fr-FR\"},{\"@type\":\"Organization\",\"@id\":\"https:\/\/vosgesinfo.fr\/epinalinfo\/#organization\",\"name\":\"Epinal Info\",\"url\":\"https:\/\/vosgesinfo.fr\/epinalinfo\/\",\"logo\":{\"@type\":\"ImageObject\",\"inLanguage\":\"fr-FR\",\"@id\":\"https:\/\/vosgesinfo.fr\/epinalinfo\/#\/schema\/logo\/image\/\",\"url\":\"https:\/\/vosgesinfo.fr\/app\/uploads\/sites\/3\/2023\/08\/logo-epinalinfos.svg\",\"contentUrl\":\"https:\/\/vosgesinfo.fr\/app\/uploads\/sites\/3\/2023\/08\/logo-epinalinfos.svg\",\"width\":1,\"height\":1,\"caption\":\"Epinal Info\"},\"image\":{\"@id\":\"https:\/\/vosgesinfo.fr\/epinalinfo\/#\/schema\/logo\/image\/\"},\"sameAs\":[\"https:\/\/www.facebook.com\/Epinalinfos\",\"https:\/\/x.com\/VosgesInfo88\",\"https:\/\/www.youtube.com\/@vosgesinfo\"]},{\"@type\":\"Person\",\"@id\":\"https:\/\/vosgesinfo.fr\/epinalinfo\/#\/schema\/person\/6f9a650eeea99d969b6c4ab78fccbe81\",\"name\":\"C.K.\",\"image\":{\"@type\":\"ImageObject\",\"inLanguage\":\"fr-FR\",\"@id\":\"https:\/\/vosgesinfo.fr\/epinalinfo\/#\/schema\/person\/image\/\",\"url\":\"https:\/\/secure.gravatar.com\/avatar\/48e3fc7f8421ba8942be6b74a2b7f014ca39bc00dece156b7a8e098ae7dc87bf?s=96&d=mm&r=g\",\"contentUrl\":\"https:\/\/secure.gravatar.com\/avatar\/48e3fc7f8421ba8942be6b74a2b7f014ca39bc00dece156b7a8e098ae7dc87bf?s=96&d=mm&r=g\",\"caption\":\"C.K.\"},\"url\":\"https:\/\/vosgesinfo.fr\/epinalinfo\/author\/celia-k-n\/\"}]}<\/script>\n<!-- \/ Yoast SEO plugin. -->","yoast_head_json":{"title":"\u00c9pinal : 2 238 \u00e9l\u00e8ves font leur rentr\u00e9e - Epinal Info","robots":{"index":"index","follow":"follow","max-snippet":"max-snippet:-1","max-image-preview":"max-image-preview:large","max-video-preview":"max-video-preview:-1"},"canonical":"https:\/\/vosgesinfo.fr\/epinalinfo\/2025\/09\/epinal-2-238-eleves-font-leur-rentree\/","twitter_card":"summary_large_image","twitter_title":"\u00c9pinal : 2 238 \u00e9l\u00e8ves font leur rentr\u00e9e - Epinal Info","twitter_description":"Ce lundi matin, l\u2019heure de la rentr\u00e9e a sonn\u00e9 pour les \u00e9coliers spinaliens. Au total, 2 238 enfants ont retrouv\u00e9 [&hellip;]","twitter_image":"https:\/\/vosgesinfo.fr\/app\/uploads\/sites\/3\/2025\/09\/rentree-scolaire-.jpg","twitter_creator":"@VosgesInfo88","twitter_site":"@VosgesInfo88","twitter_misc":{"\u00c9crit par":"C.K.","Dur\u00e9e de lecture estim\u00e9e":"1 minute"},"schema":{"@context":"https:\/\/schema.org","@graph":[{"@type":"Article","@id":"https:\/\/vosgesinfo.fr\/epinalinfo\/2025\/09\/epinal-2-238-eleves-font-leur-rentree\/#article","isPartOf":{"@id":"https:\/\/vosgesinfo.fr\/epinalinfo\/2025\/09\/epinal-2-238-eleves-font-leur-rentree\/"},"author":{"name":"C.K.","@id":"https:\/\/vosgesinfo.fr\/epinalinfo\/#\/schema\/person\/6f9a650eeea99d969b6c4ab78fccbe81"},"headline":"\u00c9pinal : 2 238 \u00e9l\u00e8ves font leur rentr\u00e9e","datePublished":"2025-09-02T06:30:31+00:00","dateModified":"2025-09-02T06:25:18+00:00","mainEntityOfPage":{"@id":"https:\/\/vosgesinfo.fr\/epinalinfo\/2025\/09\/epinal-2-238-eleves-font-leur-rentree\/"},"wordCount":176,"commentCount":0,"publisher":{"@id":"https:\/\/vosgesinfo.fr\/epinalinfo\/#organization"},"image":{"@id":"https:\/\/vosgesinfo.fr\/epinalinfo\/2025\/09\/epinal-2-238-eleves-font-leur-rentree\/#primaryimage"},"thumbnailUrl":"https:\/\/vosgesinfo.fr\/app\/uploads\/sites\/3\/2025\/09\/rentree-scolaire-.jpg","articleSection":["A la Une","\u00c9ducation","Epinal"],"inLanguage":"fr-FR","potentialAction":[{"@type":"CommentAction","name":"Comment","target":["https:\/\/vosgesinfo.fr\/epinalinfo\/2025\/09\/epinal-2-238-eleves-font-leur-rentree\/#respond"]}]},{"@type":"WebPage","@id":"https:\/\/vosgesinfo.fr\/epinalinfo\/2025\/09\/epinal-2-238-eleves-font-leur-rentree\/","url":"https:\/\/vosgesinfo.fr\/epinalinfo\/2025\/09\/epinal-2-238-eleves-font-leur-rentree\/","name":"\u00c9pinal : 2 238 \u00e9l\u00e8ves font leur rentr\u00e9e - Epinal Info","isPartOf":{"@id":"https:\/\/vosgesinfo.fr\/epinalinfo\/#website"},"primaryImageOfPage":{"@id":"https:\/\/vosgesinfo.fr\/epinalinfo\/2025\/09\/epinal-2-238-eleves-font-leur-rentree\/#primaryimage"},"image":{"@id":"https:\/\/vosgesinfo.fr\/epinalinfo\/2025\/09\/epinal-2-238-eleves-font-leur-rentree\/#primaryimage"},"thumbnailUrl":"https:\/\/vosgesinfo.fr\/app\/uploads\/sites\/3\/2025\/09\/rentree-scolaire-.jpg","datePublished":"2025-09-02T06:30:31+00:00","dateModified":"2025-09-02T06:25:18+00:00","breadcrumb":{"@id":"https:\/\/vosgesinfo.fr\/epinalinfo\/2025\/09\/epinal-2-238-eleves-font-leur-rentree\/#breadcrumb"},"inLanguage":"fr-FR","potentialAction":[{"@type":"ReadAction","target":["https:\/\/vosgesinfo.fr\/epinalinfo\/2025\/09\/epinal-2-238-eleves-font-leur-rentree\/"]}]},{"@type":"ImageObject","inLanguage":"fr-FR","@id":"https:\/\/vosgesinfo.fr\/epinalinfo\/2025\/09\/epinal-2-238-eleves-font-leur-rentree\/#primaryimage","url":"https:\/\/vosgesinfo.fr\/app\/uploads\/sites\/3\/2025\/09\/rentree-scolaire-.jpg","contentUrl":"https:\/\/vosgesinfo.fr\/app\/uploads\/sites\/3\/2025\/09\/rentree-scolaire-.jpg","width":934,"height":532,"caption":"rentr\u00e9e scolaire \u00e0 Gaston Rimay Photo St\u00e9phane Calmels"},{"@type":"BreadcrumbList","@id":"https:\/\/vosgesinfo.fr\/epinalinfo\/2025\/09\/epinal-2-238-eleves-font-leur-rentree\/#breadcrumb","itemListElement":[{"@type":"ListItem","position":1,"name":"Home","item":"https:\/\/vosgesinfo.fr\/epinalinfo\/"},{"@type":"ListItem","position":2,"name":"\u00c9pinal : 2 238 \u00e9l\u00e8ves font leur rentr\u00e9e"}]},{"@type":"WebSite","@id":"https:\/\/vosgesinfo.fr\/epinalinfo\/#website","url":"https:\/\/vosgesinfo.fr\/epinalinfo\/","name":"Epinal Info","description":"Toute l&#039;actualit\u00e9 d&#039;\u00c9pinal","publisher":{"@id":"https:\/\/vosgesinfo.fr\/epinalinfo\/#organization"},"alternateName":"Toute l'actualit\u00e9 d'\u00c9pinal","potentialAction":[{"@type":"SearchAction","target":{"@type":"EntryPoint","urlTemplate":"https:\/\/vosgesinfo.fr\/epinalinfo\/?s={search_term_string}"},"query-input":"required name=search_term_string"}],"inLanguage":"fr-FR"},{"@type":"Organization","@id":"https:\/\/vosgesinfo.fr\/epinalinfo\/#organization","name":"Epinal Info","url":"https:\/\/vosgesinfo.fr\/epinalinfo\/","logo":{"@type":"ImageObject","inLanguage":"fr-FR","@id":"https:\/\/vosgesinfo.fr\/epinalinfo\/#\/schema\/logo\/image\/","url":"https:\/\/vosgesinfo.fr\/app\/uploads\/sites\/3\/2023\/08\/logo-epinalinfos.svg","contentUrl":"https:\/\/vosgesinfo.fr\/app\/uploads\/sites\/3\/2023\/08\/logo-epinalinfos.svg","width":1,"height":1,"caption":"Epinal Info"},"image":{"@id":"https:\/\/vosgesinfo.fr\/epinalinfo\/#\/schema\/logo\/image\/"},"sameAs":["https:\/\/www.facebook.com\/Epinalinfos","https:\/\/x.com\/VosgesInfo88","https:\/\/www.youtube.com\/@vosgesinfo"]},{"@type":"Person","@id":"https:\/\/vosgesinfo.fr\/epinalinfo\/#\/schema\/person\/6f9a650eeea99d969b6c4ab78fccbe81","name":"C.K.","image":{"@type":"ImageObject","inLanguage":"fr-FR","@id":"https:\/\/vosgesinfo.fr\/epinalinfo\/#\/schema\/person\/image\/","url":"https:\/\/secure.gravatar.com\/avatar\/48e3fc7f8421ba8942be6b74a2b7f014ca39bc00dece156b7a8e098ae7dc87bf?s=96&d=mm&r=g","contentUrl":"https:\/\/secure.gravatar.com\/avatar\/48e3fc7f8421ba8942be6b74a2b7f014ca39bc00dece156b7a8e098ae7dc87bf?s=96&d=mm&r=g","caption":"C.K."},"url":"https:\/\/vosgesinfo.fr\/epinalinfo\/author\/celia-k-n\/"}]}},"_links":{"self":[{"href":"https:\/\/vosgesinfo.fr\/epinalinfo\/wp-json\/wp\/v2\/posts\/134795","targetHints":{"allow":["GET"]}}],"collection":[{"href":"https:\/\/vosgesinfo.fr\/epinalinfo\/wp-json\/wp\/v2\/posts"}],"about":[{"href":"https:\/\/vosgesinfo.fr\/epinalinfo\/wp-json\/wp\/v2\/types\/post"}],"author":[{"embeddable":true,"href":"https:\/\/vosgesinfo.fr\/epinalinfo\/wp-json\/wp\/v2\/users\/52"}],"replies":[{"embeddable":true,"href":"https:\/\/vosgesinfo.fr\/epinalinfo\/wp-json\/wp\/v2\/comments?post=134795"}],"version-history":[{"count":2,"href":"https:\/\/vosgesinfo.fr\/epinalinfo\/wp-json\/wp\/v2\/posts\/134795\/revisions"}],"predecessor-version":[{"id":134861,"href":"https:\/\/vosgesinfo.fr\/epinalinfo\/wp-json\/wp\/v2\/posts\/134795\/revisions\/134861"}],"wp:featuredmedia":[{"embeddable":true,"href":"https:\/\/vosgesinfo.fr\/epinalinfo\/wp-json\/wp\/v2\/media\/134853"}],"wp:attachment":[{"href":"https:\/\/vosgesinfo.fr\/epinalinfo\/wp-json\/wp\/v2\/media?parent=134795"}],"wp:term":[{"taxonomy":"category","embeddable":true,"href":"https:\/\/vosgesinfo.fr\/epinalinfo\/wp-json\/wp\/v2\/categories?post=134795"},{"taxonomy":"post_tag","embeddable":true,"href":"https:\/\/vosgesinfo.fr\/epinalinfo\/wp-json\/wp\/v2\/tags?post=134795"}],"curies":[{"name":"wp","href":"https:\/\/api.w.org\/{rel}","templated":true}]}}