{"id":134797,"date":"2025-09-01T11:55:27","date_gmt":"2025-09-01T09:55:27","guid":{"rendered":"https:\/\/vosgesinfo.fr\/epinalinfo\/?p=134797"},"modified":"2025-09-01T11:50:18","modified_gmt":"2025-09-01T09:50:18","slug":"les-forges-inauguration-du-centre-multi-activites-yvon-euge","status":"publish","type":"post","link":"https:\/\/vosgesinfo.fr\/epinalinfo\/2025\/09\/les-forges-inauguration-du-centre-multi-activites-yvon-euge\/","title":{"rendered":"Les Forges : inauguration du centre multi-activit\u00e9s Yvon Eug\u00e9"},"content":{"rendered":"<div id=\"attachment_134798\" style=\"width: 778px\" class=\"wp-caption aligncenter\"><a href=\"https:\/\/vosgesinfo.fr\/app\/uploads\/sites\/3\/2025\/09\/541145940-1084241697188235-504343639018320787-n.jpg\"><img decoding=\"async\" aria-describedby=\"caption-attachment-134798\" class=\"size-full wp-image-134798\" src=\"https:\/\/vosgesinfo.fr\/app\/uploads\/sites\/3\/2025\/09\/541145940-1084241697188235-504343639018320787-n.jpg\" alt=\"\" width=\"768\" height=\"768\" srcset=\"https:\/\/vosgesinfo.fr\/app\/uploads\/sites\/3\/2025\/09\/541145940-1084241697188235-504343639018320787-n.jpg 768w, https:\/\/vosgesinfo.fr\/app\/uploads\/sites\/3\/2025\/09\/541145940-1084241697188235-504343639018320787-n-300x300.jpg 300w, https:\/\/vosgesinfo.fr\/app\/uploads\/sites\/3\/2025\/09\/541145940-1084241697188235-504343639018320787-n-150x150.jpg 150w\" sizes=\"(max-width: 768px) 100vw, 768px\" \/><\/a><p id=\"caption-attachment-134798\" class=\"wp-caption-text\">photo Pr\u00e9fecture des Vosges<\/p><\/div>\n<h2 data-start=\"132\" data-end=\"451\"><strong>Ce samedi 30 ao\u00fbt, la commune de Les Forges a c\u00e9l\u00e9br\u00e9 l\u2019inauguration de son nouveau centre multi-activit\u00e9s, baptis\u00e9 Yvon Eug\u00e9. La c\u00e9r\u00e9monie s\u2019est d\u00e9roul\u00e9e en pr\u00e9sence de Nicolas Gaillard, sous-pr\u00e9fet de l\u2019arrondissement de Neufch\u00e2teau, aux c\u00f4t\u00e9s des \u00e9lus locaux et des habitants venus d\u00e9couvrir les lieux.<\/strong><\/h2>\n<p data-start=\"453\" data-end=\"745\">Ce nouvel \u00e9quipement, moderne et fonctionnel, r\u00e9pond aux besoins de la population. Il abrite notamment une cantine scolaire ainsi que plusieurs salles d\u00e9di\u00e9es aux activit\u00e9s scolaires et p\u00e9riscolaires, offrant aux enfants et aux associations du village un espace adapt\u00e9 et convivial.<\/p>\n<p data-start=\"747\" data-end=\"981\">Le projet a pu voir le jour gr\u00e2ce \u00e0 un important soutien financier de l\u2019\u00c9tat, qui a mobilis\u00e9 400 000 \u20ac via la Dotation d\u2019\u00c9quipement des Territoires Ruraux (DETR) et la Dotation de Soutien \u00e0 l\u2019Investissement Local (DSIL).<\/p>\n<p data-start=\"983\" data-end=\"1207\">\n","protected":false},"excerpt":{"rendered":"<p>Ce samedi 30 ao\u00fbt, la commune de Les Forges a c\u00e9l\u00e9br\u00e9 l\u2019inauguration de son nouveau centre multi-activit\u00e9s, baptis\u00e9 Yvon Eug\u00e9. [&hellip;]<\/p>\n","protected":false},"author":52,"featured_media":134798,"comment_status":"open","ping_status":"open","sticky":false,"template":"","format":"standard","meta":{"footnotes":""},"categories":[22,12,16,24,361],"tags":[],"class_list":["post-134797","post","type-post","status-publish","format-standard","has-post-thumbnail","hentry","category-a-la-une","category-culture","category-environnement","category-epinal","category-les-forges"],"acf":[],"yoast_head":"<!-- This site is optimized with the Yoast SEO plugin v22.5 - https:\/\/yoast.com\/wordpress\/plugins\/seo\/ -->\n<title>Les Forges : inauguration du centre multi-activit\u00e9s Yvon Eug\u00e9 - Epinal Info<\/title>\n<meta name=\"robots\" content=\"index, follow, max-snippet:-1, max-image-preview:large, max-video-preview:-1\" \/>\n<link rel=\"canonical\" href=\"https:\/\/vosgesinfo.fr\/epinalinfo\/2025\/09\/les-forges-inauguration-du-centre-multi-activites-yvon-euge\/\" \/>\n<meta name=\"twitter:card\" content=\"summary_large_image\" \/>\n<meta name=\"twitter:title\" content=\"Les Forges : inauguration du centre multi-activit\u00e9s Yvon Eug\u00e9 - Epinal Info\" \/>\n<meta name=\"twitter:description\" content=\"Ce samedi 30 ao\u00fbt, la commune de Les Forges a c\u00e9l\u00e9br\u00e9 l\u2019inauguration de son nouveau centre multi-activit\u00e9s, baptis\u00e9 Yvon Eug\u00e9. [&hellip;]\" \/>\n<meta name=\"twitter:image\" content=\"https:\/\/vosgesinfo.fr\/app\/uploads\/sites\/3\/2025\/09\/541145940-1084241697188235-504343639018320787-n.jpg\" \/>\n<meta name=\"twitter:creator\" content=\"@VosgesInfo88\" \/>\n<meta name=\"twitter:site\" content=\"@VosgesInfo88\" \/>\n<meta name=\"twitter:label1\" content=\"\u00c9crit par\" \/>\n\t<meta name=\"twitter:data1\" content=\"C.K.\" \/>\n\t<meta name=\"twitter:label2\" content=\"Dur\u00e9e de lecture estim\u00e9e\" \/>\n\t<meta name=\"twitter:data2\" content=\"1 minute\" \/>\n<script type=\"application\/ld+json\" class=\"yoast-schema-graph\">{\"@context\":\"https:\/\/schema.org\",\"@graph\":[{\"@type\":\"Article\",\"@id\":\"https:\/\/vosgesinfo.fr\/epinalinfo\/2025\/09\/les-forges-inauguration-du-centre-multi-activites-yvon-euge\/#article\",\"isPartOf\":{\"@id\":\"https:\/\/vosgesinfo.fr\/epinalinfo\/2025\/09\/les-forges-inauguration-du-centre-multi-activites-yvon-euge\/\"},\"author\":{\"name\":\"C.K.\",\"@id\":\"https:\/\/vosgesinfo.fr\/epinalinfo\/#\/schema\/person\/6f9a650eeea99d969b6c4ab78fccbe81\"},\"headline\":\"Les Forges : inauguration du centre multi-activit\u00e9s Yvon Eug\u00e9\",\"datePublished\":\"2025-09-01T09:55:27+00:00\",\"dateModified\":\"2025-09-01T09:50:18+00:00\",\"mainEntityOfPage\":{\"@id\":\"https:\/\/vosgesinfo.fr\/epinalinfo\/2025\/09\/les-forges-inauguration-du-centre-multi-activites-yvon-euge\/\"},\"wordCount\":166,\"commentCount\":0,\"publisher\":{\"@id\":\"https:\/\/vosgesinfo.fr\/epinalinfo\/#organization\"},\"image\":{\"@id\":\"https:\/\/vosgesinfo.fr\/epinalinfo\/2025\/09\/les-forges-inauguration-du-centre-multi-activites-yvon-euge\/#primaryimage\"},\"thumbnailUrl\":\"https:\/\/vosgesinfo.fr\/app\/uploads\/sites\/3\/2025\/09\/541145940-1084241697188235-504343639018320787-n.jpg\",\"articleSection\":[\"A la Une\",\"Culture\",\"Environnement\",\"Epinal\",\"Les Forges\"],\"inLanguage\":\"fr-FR\",\"potentialAction\":[{\"@type\":\"CommentAction\",\"name\":\"Comment\",\"target\":[\"https:\/\/vosgesinfo.fr\/epinalinfo\/2025\/09\/les-forges-inauguration-du-centre-multi-activites-yvon-euge\/#respond\"]}]},{\"@type\":\"WebPage\",\"@id\":\"https:\/\/vosgesinfo.fr\/epinalinfo\/2025\/09\/les-forges-inauguration-du-centre-multi-activites-yvon-euge\/\",\"url\":\"https:\/\/vosgesinfo.fr\/epinalinfo\/2025\/09\/les-forges-inauguration-du-centre-multi-activites-yvon-euge\/\",\"name\":\"Les Forges : inauguration du centre multi-activit\u00e9s Yvon Eug\u00e9 - Epinal Info\",\"isPartOf\":{\"@id\":\"https:\/\/vosgesinfo.fr\/epinalinfo\/#website\"},\"primaryImageOfPage\":{\"@id\":\"https:\/\/vosgesinfo.fr\/epinalinfo\/2025\/09\/les-forges-inauguration-du-centre-multi-activites-yvon-euge\/#primaryimage\"},\"image\":{\"@id\":\"https:\/\/vosgesinfo.fr\/epinalinfo\/2025\/09\/les-forges-inauguration-du-centre-multi-activites-yvon-euge\/#primaryimage\"},\"thumbnailUrl\":\"https:\/\/vosgesinfo.fr\/app\/uploads\/sites\/3\/2025\/09\/541145940-1084241697188235-504343639018320787-n.jpg\",\"datePublished\":\"2025-09-01T09:55:27+00:00\",\"dateModified\":\"2025-09-01T09:50:18+00:00\",\"breadcrumb\":{\"@id\":\"https:\/\/vosgesinfo.fr\/epinalinfo\/2025\/09\/les-forges-inauguration-du-centre-multi-activites-yvon-euge\/#breadcrumb\"},\"inLanguage\":\"fr-FR\",\"potentialAction\":[{\"@type\":\"ReadAction\",\"target\":[\"https:\/\/vosgesinfo.fr\/epinalinfo\/2025\/09\/les-forges-inauguration-du-centre-multi-activites-yvon-euge\/\"]}]},{\"@type\":\"ImageObject\",\"inLanguage\":\"fr-FR\",\"@id\":\"https:\/\/vosgesinfo.fr\/epinalinfo\/2025\/09\/les-forges-inauguration-du-centre-multi-activites-yvon-euge\/#primaryimage\",\"url\":\"https:\/\/vosgesinfo.fr\/app\/uploads\/sites\/3\/2025\/09\/541145940-1084241697188235-504343639018320787-n.jpg\",\"contentUrl\":\"https:\/\/vosgesinfo.fr\/app\/uploads\/sites\/3\/2025\/09\/541145940-1084241697188235-504343639018320787-n.jpg\",\"width\":768,\"height\":768,\"caption\":\"photo Pr\u00e9fecture des Vosges\"},{\"@type\":\"BreadcrumbList\",\"@id\":\"https:\/\/vosgesinfo.fr\/epinalinfo\/2025\/09\/les-forges-inauguration-du-centre-multi-activites-yvon-euge\/#breadcrumb\",\"itemListElement\":[{\"@type\":\"ListItem\",\"position\":1,\"name\":\"Home\",\"item\":\"https:\/\/vosgesinfo.fr\/epinalinfo\/\"},{\"@type\":\"ListItem\",\"position\":2,\"name\":\"Les Forges : inauguration du centre multi-activit\u00e9s Yvon Eug\u00e9\"}]},{\"@type\":\"WebSite\",\"@id\":\"https:\/\/vosgesinfo.fr\/epinalinfo\/#website\",\"url\":\"https:\/\/vosgesinfo.fr\/epinalinfo\/\",\"name\":\"Epinal Info\",\"description\":\"Toute l&#039;actualit\u00e9 d&#039;\u00c9pinal\",\"publisher\":{\"@id\":\"https:\/\/vosgesinfo.fr\/epinalinfo\/#organization\"},\"alternateName\":\"Toute l'actualit\u00e9 d'\u00c9pinal\",\"potentialAction\":[{\"@type\":\"SearchAction\",\"target\":{\"@type\":\"EntryPoint\",\"urlTemplate\":\"https:\/\/vosgesinfo.fr\/epinalinfo\/?s={search_term_string}\"},\"query-input\":\"required name=search_term_string\"}],\"inLanguage\":\"fr-FR\"},{\"@type\":\"Organization\",\"@id\":\"https:\/\/vosgesinfo.fr\/epinalinfo\/#organization\",\"name\":\"Epinal Info\",\"url\":\"https:\/\/vosgesinfo.fr\/epinalinfo\/\",\"logo\":{\"@type\":\"ImageObject\",\"inLanguage\":\"fr-FR\",\"@id\":\"https:\/\/vosgesinfo.fr\/epinalinfo\/#\/schema\/logo\/image\/\",\"url\":\"https:\/\/vosgesinfo.fr\/app\/uploads\/sites\/3\/2023\/08\/logo-epinalinfos.svg\",\"contentUrl\":\"https:\/\/vosgesinfo.fr\/app\/uploads\/sites\/3\/2023\/08\/logo-epinalinfos.svg\",\"width\":1,\"height\":1,\"caption\":\"Epinal Info\"},\"image\":{\"@id\":\"https:\/\/vosgesinfo.fr\/epinalinfo\/#\/schema\/logo\/image\/\"},\"sameAs\":[\"https:\/\/www.facebook.com\/Epinalinfos\",\"https:\/\/x.com\/VosgesInfo88\",\"https:\/\/www.youtube.com\/@vosgesinfo\"]},{\"@type\":\"Person\",\"@id\":\"https:\/\/vosgesinfo.fr\/epinalinfo\/#\/schema\/person\/6f9a650eeea99d969b6c4ab78fccbe81\",\"name\":\"C.K.\",\"image\":{\"@type\":\"ImageObject\",\"inLanguage\":\"fr-FR\",\"@id\":\"https:\/\/vosgesinfo.fr\/epinalinfo\/#\/schema\/person\/image\/\",\"url\":\"https:\/\/secure.gravatar.com\/avatar\/48e3fc7f8421ba8942be6b74a2b7f014ca39bc00dece156b7a8e098ae7dc87bf?s=96&d=mm&r=g\",\"contentUrl\":\"https:\/\/secure.gravatar.com\/avatar\/48e3fc7f8421ba8942be6b74a2b7f014ca39bc00dece156b7a8e098ae7dc87bf?s=96&d=mm&r=g\",\"caption\":\"C.K.\"},\"url\":\"https:\/\/vosgesinfo.fr\/epinalinfo\/author\/celia-k-n\/\"}]}<\/script>\n<!-- \/ Yoast SEO plugin. -->","yoast_head_json":{"title":"Les Forges : inauguration du centre multi-activit\u00e9s Yvon Eug\u00e9 - Epinal Info","robots":{"index":"index","follow":"follow","max-snippet":"max-snippet:-1","max-image-preview":"max-image-preview:large","max-video-preview":"max-video-preview:-1"},"canonical":"https:\/\/vosgesinfo.fr\/epinalinfo\/2025\/09\/les-forges-inauguration-du-centre-multi-activites-yvon-euge\/","twitter_card":"summary_large_image","twitter_title":"Les Forges : inauguration du centre multi-activit\u00e9s Yvon Eug\u00e9 - Epinal Info","twitter_description":"Ce samedi 30 ao\u00fbt, la commune de Les Forges a c\u00e9l\u00e9br\u00e9 l\u2019inauguration de son nouveau centre multi-activit\u00e9s, baptis\u00e9 Yvon Eug\u00e9. [&hellip;]","twitter_image":"https:\/\/vosgesinfo.fr\/app\/uploads\/sites\/3\/2025\/09\/541145940-1084241697188235-504343639018320787-n.jpg","twitter_creator":"@VosgesInfo88","twitter_site":"@VosgesInfo88","twitter_misc":{"\u00c9crit par":"C.K.","Dur\u00e9e de lecture estim\u00e9e":"1 minute"},"schema":{"@context":"https:\/\/schema.org","@graph":[{"@type":"Article","@id":"https:\/\/vosgesinfo.fr\/epinalinfo\/2025\/09\/les-forges-inauguration-du-centre-multi-activites-yvon-euge\/#article","isPartOf":{"@id":"https:\/\/vosgesinfo.fr\/epinalinfo\/2025\/09\/les-forges-inauguration-du-centre-multi-activites-yvon-euge\/"},"author":{"name":"C.K.","@id":"https:\/\/vosgesinfo.fr\/epinalinfo\/#\/schema\/person\/6f9a650eeea99d969b6c4ab78fccbe81"},"headline":"Les Forges : inauguration du centre multi-activit\u00e9s Yvon Eug\u00e9","datePublished":"2025-09-01T09:55:27+00:00","dateModified":"2025-09-01T09:50:18+00:00","mainEntityOfPage":{"@id":"https:\/\/vosgesinfo.fr\/epinalinfo\/2025\/09\/les-forges-inauguration-du-centre-multi-activites-yvon-euge\/"},"wordCount":166,"commentCount":0,"publisher":{"@id":"https:\/\/vosgesinfo.fr\/epinalinfo\/#organization"},"image":{"@id":"https:\/\/vosgesinfo.fr\/epinalinfo\/2025\/09\/les-forges-inauguration-du-centre-multi-activites-yvon-euge\/#primaryimage"},"thumbnailUrl":"https:\/\/vosgesinfo.fr\/app\/uploads\/sites\/3\/2025\/09\/541145940-1084241697188235-504343639018320787-n.jpg","articleSection":["A la Une","Culture","Environnement","Epinal","Les Forges"],"inLanguage":"fr-FR","potentialAction":[{"@type":"CommentAction","name":"Comment","target":["https:\/\/vosgesinfo.fr\/epinalinfo\/2025\/09\/les-forges-inauguration-du-centre-multi-activites-yvon-euge\/#respond"]}]},{"@type":"WebPage","@id":"https:\/\/vosgesinfo.fr\/epinalinfo\/2025\/09\/les-forges-inauguration-du-centre-multi-activites-yvon-euge\/","url":"https:\/\/vosgesinfo.fr\/epinalinfo\/2025\/09\/les-forges-inauguration-du-centre-multi-activites-yvon-euge\/","name":"Les Forges : inauguration du centre multi-activit\u00e9s Yvon Eug\u00e9 - Epinal Info","isPartOf":{"@id":"https:\/\/vosgesinfo.fr\/epinalinfo\/#website"},"primaryImageOfPage":{"@id":"https:\/\/vosgesinfo.fr\/epinalinfo\/2025\/09\/les-forges-inauguration-du-centre-multi-activites-yvon-euge\/#primaryimage"},"image":{"@id":"https:\/\/vosgesinfo.fr\/epinalinfo\/2025\/09\/les-forges-inauguration-du-centre-multi-activites-yvon-euge\/#primaryimage"},"thumbnailUrl":"https:\/\/vosgesinfo.fr\/app\/uploads\/sites\/3\/2025\/09\/541145940-1084241697188235-504343639018320787-n.jpg","datePublished":"2025-09-01T09:55:27+00:00","dateModified":"2025-09-01T09:50:18+00:00","breadcrumb":{"@id":"https:\/\/vosgesinfo.fr\/epinalinfo\/2025\/09\/les-forges-inauguration-du-centre-multi-activites-yvon-euge\/#breadcrumb"},"inLanguage":"fr-FR","potentialAction":[{"@type":"ReadAction","target":["https:\/\/vosgesinfo.fr\/epinalinfo\/2025\/09\/les-forges-inauguration-du-centre-multi-activites-yvon-euge\/"]}]},{"@type":"ImageObject","inLanguage":"fr-FR","@id":"https:\/\/vosgesinfo.fr\/epinalinfo\/2025\/09\/les-forges-inauguration-du-centre-multi-activites-yvon-euge\/#primaryimage","url":"https:\/\/vosgesinfo.fr\/app\/uploads\/sites\/3\/2025\/09\/541145940-1084241697188235-504343639018320787-n.jpg","contentUrl":"https:\/\/vosgesinfo.fr\/app\/uploads\/sites\/3\/2025\/09\/541145940-1084241697188235-504343639018320787-n.jpg","width":768,"height":768,"caption":"photo Pr\u00e9fecture des Vosges"},{"@type":"BreadcrumbList","@id":"https:\/\/vosgesinfo.fr\/epinalinfo\/2025\/09\/les-forges-inauguration-du-centre-multi-activites-yvon-euge\/#breadcrumb","itemListElement":[{"@type":"ListItem","position":1,"name":"Home","item":"https:\/\/vosgesinfo.fr\/epinalinfo\/"},{"@type":"ListItem","position":2,"name":"Les Forges : inauguration du centre multi-activit\u00e9s Yvon Eug\u00e9"}]},{"@type":"WebSite","@id":"https:\/\/vosgesinfo.fr\/epinalinfo\/#website","url":"https:\/\/vosgesinfo.fr\/epinalinfo\/","name":"Epinal Info","description":"Toute l&#039;actualit\u00e9 d&#039;\u00c9pinal","publisher":{"@id":"https:\/\/vosgesinfo.fr\/epinalinfo\/#organization"},"alternateName":"Toute l'actualit\u00e9 d'\u00c9pinal","potentialAction":[{"@type":"SearchAction","target":{"@type":"EntryPoint","urlTemplate":"https:\/\/vosgesinfo.fr\/epinalinfo\/?s={search_term_string}"},"query-input":"required name=search_term_string"}],"inLanguage":"fr-FR"},{"@type":"Organization","@id":"https:\/\/vosgesinfo.fr\/epinalinfo\/#organization","name":"Epinal Info","url":"https:\/\/vosgesinfo.fr\/epinalinfo\/","logo":{"@type":"ImageObject","inLanguage":"fr-FR","@id":"https:\/\/vosgesinfo.fr\/epinalinfo\/#\/schema\/logo\/image\/","url":"https:\/\/vosgesinfo.fr\/app\/uploads\/sites\/3\/2023\/08\/logo-epinalinfos.svg","contentUrl":"https:\/\/vosgesinfo.fr\/app\/uploads\/sites\/3\/2023\/08\/logo-epinalinfos.svg","width":1,"height":1,"caption":"Epinal Info"},"image":{"@id":"https:\/\/vosgesinfo.fr\/epinalinfo\/#\/schema\/logo\/image\/"},"sameAs":["https:\/\/www.facebook.com\/Epinalinfos","https:\/\/x.com\/VosgesInfo88","https:\/\/www.youtube.com\/@vosgesinfo"]},{"@type":"Person","@id":"https:\/\/vosgesinfo.fr\/epinalinfo\/#\/schema\/person\/6f9a650eeea99d969b6c4ab78fccbe81","name":"C.K.","image":{"@type":"ImageObject","inLanguage":"fr-FR","@id":"https:\/\/vosgesinfo.fr\/epinalinfo\/#\/schema\/person\/image\/","url":"https:\/\/secure.gravatar.com\/avatar\/48e3fc7f8421ba8942be6b74a2b7f014ca39bc00dece156b7a8e098ae7dc87bf?s=96&d=mm&r=g","contentUrl":"https:\/\/secure.gravatar.com\/avatar\/48e3fc7f8421ba8942be6b74a2b7f014ca39bc00dece156b7a8e098ae7dc87bf?s=96&d=mm&r=g","caption":"C.K."},"url":"https:\/\/vosgesinfo.fr\/epinalinfo\/author\/celia-k-n\/"}]}},"_links":{"self":[{"href":"https:\/\/vosgesinfo.fr\/epinalinfo\/wp-json\/wp\/v2\/posts\/134797","targetHints":{"allow":["GET"]}}],"collection":[{"href":"https:\/\/vosgesinfo.fr\/epinalinfo\/wp-json\/wp\/v2\/posts"}],"about":[{"href":"https:\/\/vosgesinfo.fr\/epinalinfo\/wp-json\/wp\/v2\/types\/post"}],"author":[{"embeddable":true,"href":"https:\/\/vosgesinfo.fr\/epinalinfo\/wp-json\/wp\/v2\/users\/52"}],"replies":[{"embeddable":true,"href":"https:\/\/vosgesinfo.fr\/epinalinfo\/wp-json\/wp\/v2\/comments?post=134797"}],"version-history":[{"count":1,"href":"https:\/\/vosgesinfo.fr\/epinalinfo\/wp-json\/wp\/v2\/posts\/134797\/revisions"}],"predecessor-version":[{"id":134799,"href":"https:\/\/vosgesinfo.fr\/epinalinfo\/wp-json\/wp\/v2\/posts\/134797\/revisions\/134799"}],"wp:featuredmedia":[{"embeddable":true,"href":"https:\/\/vosgesinfo.fr\/epinalinfo\/wp-json\/wp\/v2\/media\/134798"}],"wp:attachment":[{"href":"https:\/\/vosgesinfo.fr\/epinalinfo\/wp-json\/wp\/v2\/media?parent=134797"}],"wp:term":[{"taxonomy":"category","embeddable":true,"href":"https:\/\/vosgesinfo.fr\/epinalinfo\/wp-json\/wp\/v2\/categories?post=134797"},{"taxonomy":"post_tag","embeddable":true,"href":"https:\/\/vosgesinfo.fr\/epinalinfo\/wp-json\/wp\/v2\/tags?post=134797"}],"curies":[{"name":"wp","href":"https:\/\/api.w.org\/{rel}","templated":true}]}}