{"id":134800,"date":"2025-09-01T12:00:45","date_gmt":"2025-09-01T10:00:45","guid":{"rendered":"https:\/\/vosgesinfo.fr\/epinalinfo\/?p=134800"},"modified":"2025-09-01T11:52:43","modified_gmt":"2025-09-01T09:52:43","slug":"col-de-la-chipotte-un-hommage-solennel-aux-combattants-de-1914","status":"publish","type":"post","link":"https:\/\/vosgesinfo.fr\/epinalinfo\/2025\/09\/col-de-la-chipotte-un-hommage-solennel-aux-combattants-de-1914\/","title":{"rendered":"Col de la Chipotte : un hommage solennel aux combattants de 1914"},"content":{"rendered":"<div id=\"attachment_134801\" style=\"width: 2058px\" class=\"wp-caption aligncenter\"><a href=\"https:\/\/vosgesinfo.fr\/app\/uploads\/sites\/3\/2025\/09\/540210322-1083820627230342-3650526451655099172-n.jpg\"><img decoding=\"async\" aria-describedby=\"caption-attachment-134801\" class=\"size-full wp-image-134801\" src=\"https:\/\/vosgesinfo.fr\/app\/uploads\/sites\/3\/2025\/09\/540210322-1083820627230342-3650526451655099172-n.jpg\" alt=\"\" width=\"2048\" height=\"1153\" srcset=\"https:\/\/vosgesinfo.fr\/app\/uploads\/sites\/3\/2025\/09\/540210322-1083820627230342-3650526451655099172-n.jpg 2048w, https:\/\/vosgesinfo.fr\/app\/uploads\/sites\/3\/2025\/09\/540210322-1083820627230342-3650526451655099172-n-300x169.jpg 300w, https:\/\/vosgesinfo.fr\/app\/uploads\/sites\/3\/2025\/09\/540210322-1083820627230342-3650526451655099172-n-1024x577.jpg 1024w, https:\/\/vosgesinfo.fr\/app\/uploads\/sites\/3\/2025\/09\/540210322-1083820627230342-3650526451655099172-n-768x432.jpg 768w, https:\/\/vosgesinfo.fr\/app\/uploads\/sites\/3\/2025\/09\/540210322-1083820627230342-3650526451655099172-n-1536x865.jpg 1536w\" sizes=\"(max-width: 2048px) 100vw, 2048px\" \/><\/a><p id=\"caption-attachment-134801\" class=\"wp-caption-text\">photo pr\u00e9fecture des vosges<\/p><\/div>\n<h2 data-start=\"131\" data-end=\"530\"><strong>Ce dimanche 31 ao\u00fbt 2025, le col de la Chipotte a \u00e9t\u00e9 le th\u00e9\u00e2tre d\u2019un moment de recueillement en m\u00e9moire des soldats tomb\u00e9s lors de la Premi\u00e8re Guerre mondiale. La c\u00e9r\u00e9monie, pr\u00e9sid\u00e9e par Anne Carli, Secr\u00e9taire G\u00e9n\u00e9rale de la Pr\u00e9fecture des Vosges, s\u2019est d\u00e9roul\u00e9e en pr\u00e9sence d\u2019\u00e9lus, de repr\u00e9sentants des associations patriotiques et de nombreux habitants venus rendre hommage aux combattants.<\/strong><\/h2>\n<p data-start=\"532\" data-end=\"1020\">Situ\u00e9 entre \u00c9pinal et Saint-Di\u00e9, le col de la Chipotte fut le cadre de <strong data-start=\"603\" data-end=\"655\">violents affrontements en ao\u00fbt et septembre 1914<\/strong>, lors de la bataille des Fronti\u00e8res. Les arm\u00e9es allemandes cherchaient alors \u00e0 percer le front fran\u00e7ais pour progresser vers \u00c9pinal puis Nancy. La r\u00e9sistance acharn\u00e9e des soldats fran\u00e7ais permit de stopper cette offensive, au prix de lourdes pertes : <strong data-start=\"907\" data-end=\"976\">plus de 4 000 hommes p\u00e9rirent en d\u00e9fendant ce secteur strat\u00e9gique<\/strong> entre le 25 ao\u00fbt et le 12 septembre 1914.<\/p>\n<p data-start=\"1022\" data-end=\"1329\">En rappelant l\u2019ampleur de ces sacrifices, cette comm\u00e9moration souligne l\u2019importance de transmettre le <strong data-start=\"1124\" data-end=\"1145\">devoir de m\u00e9moire<\/strong> aux jeunes g\u00e9n\u00e9rations. Entre d\u00e9p\u00f4ts de gerbes, Marseillaise et instants de silence, l\u2019\u00e9motion \u00e9tait palpable au pied du monument d\u00e9di\u00e9 \u00e0 ceux qui ont donn\u00e9 leur vie pour la France.<\/p>\n\n\t\t<style type=\"text\/css\">\n\t\t\t#gallery-1 {\n\t\t\t\tmargin: auto;\n\t\t\t}\n\t\t\t#gallery-1 .gallery-item {\n\t\t\t\tfloat: left;\n\t\t\t\tmargin-top: 10px;\n\t\t\t\ttext-align: center;\n\t\t\t\twidth: 33%;\n\t\t\t}\n\t\t\t#gallery-1 img {\n\t\t\t\tborder: 2px solid #cfcfcf;\n\t\t\t}\n\t\t\t#gallery-1 .gallery-caption {\n\t\t\t\tmargin-left: 0;\n\t\t\t}\n\t\t\t\/* see gallery_shortcode() in wp-includes\/media.php *\/\n\t\t<\/style>\n\t\t<div id='gallery-1' class='gallery galleryid-134800 gallery-columns-3 gallery-size-large'><dl class='gallery-item'>\n\t\t\t<dt class='gallery-icon landscape'>\n\t\t\t\t<a href='https:\/\/vosgesinfo.fr\/app\/uploads\/sites\/3\/2025\/09\/540705039-1083820657230339-4823180171352951294-n.jpg'><img decoding=\"async\" width=\"1024\" height=\"577\" src=\"https:\/\/vosgesinfo.fr\/app\/uploads\/sites\/3\/2025\/09\/540705039-1083820657230339-4823180171352951294-n-1024x577.jpg\" class=\"attachment-large size-large\" alt=\"\" srcset=\"https:\/\/vosgesinfo.fr\/app\/uploads\/sites\/3\/2025\/09\/540705039-1083820657230339-4823180171352951294-n-1024x577.jpg 1024w, https:\/\/vosgesinfo.fr\/app\/uploads\/sites\/3\/2025\/09\/540705039-1083820657230339-4823180171352951294-n-300x169.jpg 300w, https:\/\/vosgesinfo.fr\/app\/uploads\/sites\/3\/2025\/09\/540705039-1083820657230339-4823180171352951294-n-768x432.jpg 768w, https:\/\/vosgesinfo.fr\/app\/uploads\/sites\/3\/2025\/09\/540705039-1083820657230339-4823180171352951294-n-1536x865.jpg 1536w, https:\/\/vosgesinfo.fr\/app\/uploads\/sites\/3\/2025\/09\/540705039-1083820657230339-4823180171352951294-n.jpg 2048w\" sizes=\"(max-width: 1024px) 100vw, 1024px\" \/><\/a>\n\t\t\t<\/dt><\/dl><dl class='gallery-item'>\n\t\t\t<dt class='gallery-icon landscape'>\n\t\t\t\t<a href='https:\/\/vosgesinfo.fr\/app\/uploads\/sites\/3\/2025\/09\/541724458-1083820630563675-8777811631464686693-n.jpg'><img decoding=\"async\" width=\"1024\" height=\"577\" src=\"https:\/\/vosgesinfo.fr\/app\/uploads\/sites\/3\/2025\/09\/541724458-1083820630563675-8777811631464686693-n-1024x577.jpg\" class=\"attachment-large size-large\" alt=\"\" srcset=\"https:\/\/vosgesinfo.fr\/app\/uploads\/sites\/3\/2025\/09\/541724458-1083820630563675-8777811631464686693-n-1024x577.jpg 1024w, https:\/\/vosgesinfo.fr\/app\/uploads\/sites\/3\/2025\/09\/541724458-1083820630563675-8777811631464686693-n-300x169.jpg 300w, https:\/\/vosgesinfo.fr\/app\/uploads\/sites\/3\/2025\/09\/541724458-1083820630563675-8777811631464686693-n-768x432.jpg 768w, https:\/\/vosgesinfo.fr\/app\/uploads\/sites\/3\/2025\/09\/541724458-1083820630563675-8777811631464686693-n-1536x865.jpg 1536w, https:\/\/vosgesinfo.fr\/app\/uploads\/sites\/3\/2025\/09\/541724458-1083820630563675-8777811631464686693-n.jpg 2048w\" sizes=\"(max-width: 1024px) 100vw, 1024px\" \/><\/a>\n\t\t\t<\/dt><\/dl>\n\t\t\t<br style='clear: both' \/>\n\t\t<\/div>\n\n","protected":false},"excerpt":{"rendered":"<p>Ce dimanche 31 ao\u00fbt 2025, le col de la Chipotte a \u00e9t\u00e9 le th\u00e9\u00e2tre d\u2019un moment de recueillement en m\u00e9moire [&hellip;]<\/p>\n","protected":false},"author":52,"featured_media":134801,"comment_status":"open","ping_status":"open","sticky":false,"template":"","format":"standard","meta":{"footnotes":""},"categories":[22,24,5],"tags":[],"class_list":["post-134800","post","type-post","status-publish","format-standard","has-post-thumbnail","hentry","category-a-la-une","category-epinal","category-vosges"],"acf":[],"yoast_head":"<!-- This site is optimized with the Yoast SEO plugin v22.5 - https:\/\/yoast.com\/wordpress\/plugins\/seo\/ -->\n<title>Col de la Chipotte : un hommage solennel aux combattants de 1914 - Epinal Info<\/title>\n<meta name=\"robots\" content=\"index, follow, max-snippet:-1, max-image-preview:large, max-video-preview:-1\" \/>\n<link rel=\"canonical\" href=\"https:\/\/vosgesinfo.fr\/epinalinfo\/2025\/09\/col-de-la-chipotte-un-hommage-solennel-aux-combattants-de-1914\/\" \/>\n<meta name=\"twitter:card\" content=\"summary_large_image\" \/>\n<meta name=\"twitter:title\" content=\"Col de la Chipotte : un hommage solennel aux combattants de 1914 - Epinal Info\" \/>\n<meta name=\"twitter:description\" content=\"Ce dimanche 31 ao\u00fbt 2025, le col de la Chipotte a \u00e9t\u00e9 le th\u00e9\u00e2tre d\u2019un moment de recueillement en m\u00e9moire [&hellip;]\" \/>\n<meta name=\"twitter:image\" content=\"https:\/\/vosgesinfo.fr\/app\/uploads\/sites\/3\/2025\/09\/540210322-1083820627230342-3650526451655099172-n.jpg\" \/>\n<meta name=\"twitter:creator\" content=\"@VosgesInfo88\" \/>\n<meta name=\"twitter:site\" content=\"@VosgesInfo88\" \/>\n<meta name=\"twitter:label1\" content=\"\u00c9crit par\" \/>\n\t<meta name=\"twitter:data1\" content=\"C.K.\" \/>\n\t<meta name=\"twitter:label2\" content=\"Dur\u00e9e de lecture estim\u00e9e\" \/>\n\t<meta name=\"twitter:data2\" content=\"1 minute\" \/>\n<script type=\"application\/ld+json\" class=\"yoast-schema-graph\">{\"@context\":\"https:\/\/schema.org\",\"@graph\":[{\"@type\":\"Article\",\"@id\":\"https:\/\/vosgesinfo.fr\/epinalinfo\/2025\/09\/col-de-la-chipotte-un-hommage-solennel-aux-combattants-de-1914\/#article\",\"isPartOf\":{\"@id\":\"https:\/\/vosgesinfo.fr\/epinalinfo\/2025\/09\/col-de-la-chipotte-un-hommage-solennel-aux-combattants-de-1914\/\"},\"author\":{\"name\":\"C.K.\",\"@id\":\"https:\/\/vosgesinfo.fr\/epinalinfo\/#\/schema\/person\/6f9a650eeea99d969b6c4ab78fccbe81\"},\"headline\":\"Col de la Chipotte : un hommage solennel aux combattants de 1914\",\"datePublished\":\"2025-09-01T10:00:45+00:00\",\"dateModified\":\"2025-09-01T09:52:43+00:00\",\"mainEntityOfPage\":{\"@id\":\"https:\/\/vosgesinfo.fr\/epinalinfo\/2025\/09\/col-de-la-chipotte-un-hommage-solennel-aux-combattants-de-1914\/\"},\"wordCount\":245,\"commentCount\":0,\"publisher\":{\"@id\":\"https:\/\/vosgesinfo.fr\/epinalinfo\/#organization\"},\"image\":{\"@id\":\"https:\/\/vosgesinfo.fr\/epinalinfo\/2025\/09\/col-de-la-chipotte-un-hommage-solennel-aux-combattants-de-1914\/#primaryimage\"},\"thumbnailUrl\":\"https:\/\/vosgesinfo.fr\/app\/uploads\/sites\/3\/2025\/09\/540210322-1083820627230342-3650526451655099172-n.jpg\",\"articleSection\":[\"A la Une\",\"Epinal\",\"Vosges\"],\"inLanguage\":\"fr-FR\",\"potentialAction\":[{\"@type\":\"CommentAction\",\"name\":\"Comment\",\"target\":[\"https:\/\/vosgesinfo.fr\/epinalinfo\/2025\/09\/col-de-la-chipotte-un-hommage-solennel-aux-combattants-de-1914\/#respond\"]}]},{\"@type\":\"WebPage\",\"@id\":\"https:\/\/vosgesinfo.fr\/epinalinfo\/2025\/09\/col-de-la-chipotte-un-hommage-solennel-aux-combattants-de-1914\/\",\"url\":\"https:\/\/vosgesinfo.fr\/epinalinfo\/2025\/09\/col-de-la-chipotte-un-hommage-solennel-aux-combattants-de-1914\/\",\"name\":\"Col de la Chipotte : un hommage solennel aux combattants de 1914 - Epinal Info\",\"isPartOf\":{\"@id\":\"https:\/\/vosgesinfo.fr\/epinalinfo\/#website\"},\"primaryImageOfPage\":{\"@id\":\"https:\/\/vosgesinfo.fr\/epinalinfo\/2025\/09\/col-de-la-chipotte-un-hommage-solennel-aux-combattants-de-1914\/#primaryimage\"},\"image\":{\"@id\":\"https:\/\/vosgesinfo.fr\/epinalinfo\/2025\/09\/col-de-la-chipotte-un-hommage-solennel-aux-combattants-de-1914\/#primaryimage\"},\"thumbnailUrl\":\"https:\/\/vosgesinfo.fr\/app\/uploads\/sites\/3\/2025\/09\/540210322-1083820627230342-3650526451655099172-n.jpg\",\"datePublished\":\"2025-09-01T10:00:45+00:00\",\"dateModified\":\"2025-09-01T09:52:43+00:00\",\"breadcrumb\":{\"@id\":\"https:\/\/vosgesinfo.fr\/epinalinfo\/2025\/09\/col-de-la-chipotte-un-hommage-solennel-aux-combattants-de-1914\/#breadcrumb\"},\"inLanguage\":\"fr-FR\",\"potentialAction\":[{\"@type\":\"ReadAction\",\"target\":[\"https:\/\/vosgesinfo.fr\/epinalinfo\/2025\/09\/col-de-la-chipotte-un-hommage-solennel-aux-combattants-de-1914\/\"]}]},{\"@type\":\"ImageObject\",\"inLanguage\":\"fr-FR\",\"@id\":\"https:\/\/vosgesinfo.fr\/epinalinfo\/2025\/09\/col-de-la-chipotte-un-hommage-solennel-aux-combattants-de-1914\/#primaryimage\",\"url\":\"https:\/\/vosgesinfo.fr\/app\/uploads\/sites\/3\/2025\/09\/540210322-1083820627230342-3650526451655099172-n.jpg\",\"contentUrl\":\"https:\/\/vosgesinfo.fr\/app\/uploads\/sites\/3\/2025\/09\/540210322-1083820627230342-3650526451655099172-n.jpg\",\"width\":2048,\"height\":1153,\"caption\":\"photo pr\u00e9fecture des vosges\"},{\"@type\":\"BreadcrumbList\",\"@id\":\"https:\/\/vosgesinfo.fr\/epinalinfo\/2025\/09\/col-de-la-chipotte-un-hommage-solennel-aux-combattants-de-1914\/#breadcrumb\",\"itemListElement\":[{\"@type\":\"ListItem\",\"position\":1,\"name\":\"Home\",\"item\":\"https:\/\/vosgesinfo.fr\/epinalinfo\/\"},{\"@type\":\"ListItem\",\"position\":2,\"name\":\"Col de la Chipotte : un hommage solennel aux combattants de 1914\"}]},{\"@type\":\"WebSite\",\"@id\":\"https:\/\/vosgesinfo.fr\/epinalinfo\/#website\",\"url\":\"https:\/\/vosgesinfo.fr\/epinalinfo\/\",\"name\":\"Epinal Info\",\"description\":\"Toute l&#039;actualit\u00e9 d&#039;\u00c9pinal\",\"publisher\":{\"@id\":\"https:\/\/vosgesinfo.fr\/epinalinfo\/#organization\"},\"alternateName\":\"Toute l'actualit\u00e9 d'\u00c9pinal\",\"potentialAction\":[{\"@type\":\"SearchAction\",\"target\":{\"@type\":\"EntryPoint\",\"urlTemplate\":\"https:\/\/vosgesinfo.fr\/epinalinfo\/?s={search_term_string}\"},\"query-input\":\"required name=search_term_string\"}],\"inLanguage\":\"fr-FR\"},{\"@type\":\"Organization\",\"@id\":\"https:\/\/vosgesinfo.fr\/epinalinfo\/#organization\",\"name\":\"Epinal Info\",\"url\":\"https:\/\/vosgesinfo.fr\/epinalinfo\/\",\"logo\":{\"@type\":\"ImageObject\",\"inLanguage\":\"fr-FR\",\"@id\":\"https:\/\/vosgesinfo.fr\/epinalinfo\/#\/schema\/logo\/image\/\",\"url\":\"https:\/\/vosgesinfo.fr\/app\/uploads\/sites\/3\/2023\/08\/logo-epinalinfos.svg\",\"contentUrl\":\"https:\/\/vosgesinfo.fr\/app\/uploads\/sites\/3\/2023\/08\/logo-epinalinfos.svg\",\"width\":1,\"height\":1,\"caption\":\"Epinal Info\"},\"image\":{\"@id\":\"https:\/\/vosgesinfo.fr\/epinalinfo\/#\/schema\/logo\/image\/\"},\"sameAs\":[\"https:\/\/www.facebook.com\/Epinalinfos\",\"https:\/\/x.com\/VosgesInfo88\",\"https:\/\/www.youtube.com\/@vosgesinfo\"]},{\"@type\":\"Person\",\"@id\":\"https:\/\/vosgesinfo.fr\/epinalinfo\/#\/schema\/person\/6f9a650eeea99d969b6c4ab78fccbe81\",\"name\":\"C.K.\",\"image\":{\"@type\":\"ImageObject\",\"inLanguage\":\"fr-FR\",\"@id\":\"https:\/\/vosgesinfo.fr\/epinalinfo\/#\/schema\/person\/image\/\",\"url\":\"https:\/\/secure.gravatar.com\/avatar\/48e3fc7f8421ba8942be6b74a2b7f014ca39bc00dece156b7a8e098ae7dc87bf?s=96&d=mm&r=g\",\"contentUrl\":\"https:\/\/secure.gravatar.com\/avatar\/48e3fc7f8421ba8942be6b74a2b7f014ca39bc00dece156b7a8e098ae7dc87bf?s=96&d=mm&r=g\",\"caption\":\"C.K.\"},\"url\":\"https:\/\/vosgesinfo.fr\/epinalinfo\/author\/celia-k-n\/\"}]}<\/script>\n<!-- \/ Yoast SEO plugin. -->","yoast_head_json":{"title":"Col de la Chipotte : un hommage solennel aux combattants de 1914 - Epinal Info","robots":{"index":"index","follow":"follow","max-snippet":"max-snippet:-1","max-image-preview":"max-image-preview:large","max-video-preview":"max-video-preview:-1"},"canonical":"https:\/\/vosgesinfo.fr\/epinalinfo\/2025\/09\/col-de-la-chipotte-un-hommage-solennel-aux-combattants-de-1914\/","twitter_card":"summary_large_image","twitter_title":"Col de la Chipotte : un hommage solennel aux combattants de 1914 - Epinal Info","twitter_description":"Ce dimanche 31 ao\u00fbt 2025, le col de la Chipotte a \u00e9t\u00e9 le th\u00e9\u00e2tre d\u2019un moment de recueillement en m\u00e9moire [&hellip;]","twitter_image":"https:\/\/vosgesinfo.fr\/app\/uploads\/sites\/3\/2025\/09\/540210322-1083820627230342-3650526451655099172-n.jpg","twitter_creator":"@VosgesInfo88","twitter_site":"@VosgesInfo88","twitter_misc":{"\u00c9crit par":"C.K.","Dur\u00e9e de lecture estim\u00e9e":"1 minute"},"schema":{"@context":"https:\/\/schema.org","@graph":[{"@type":"Article","@id":"https:\/\/vosgesinfo.fr\/epinalinfo\/2025\/09\/col-de-la-chipotte-un-hommage-solennel-aux-combattants-de-1914\/#article","isPartOf":{"@id":"https:\/\/vosgesinfo.fr\/epinalinfo\/2025\/09\/col-de-la-chipotte-un-hommage-solennel-aux-combattants-de-1914\/"},"author":{"name":"C.K.","@id":"https:\/\/vosgesinfo.fr\/epinalinfo\/#\/schema\/person\/6f9a650eeea99d969b6c4ab78fccbe81"},"headline":"Col de la Chipotte : un hommage solennel aux combattants de 1914","datePublished":"2025-09-01T10:00:45+00:00","dateModified":"2025-09-01T09:52:43+00:00","mainEntityOfPage":{"@id":"https:\/\/vosgesinfo.fr\/epinalinfo\/2025\/09\/col-de-la-chipotte-un-hommage-solennel-aux-combattants-de-1914\/"},"wordCount":245,"commentCount":0,"publisher":{"@id":"https:\/\/vosgesinfo.fr\/epinalinfo\/#organization"},"image":{"@id":"https:\/\/vosgesinfo.fr\/epinalinfo\/2025\/09\/col-de-la-chipotte-un-hommage-solennel-aux-combattants-de-1914\/#primaryimage"},"thumbnailUrl":"https:\/\/vosgesinfo.fr\/app\/uploads\/sites\/3\/2025\/09\/540210322-1083820627230342-3650526451655099172-n.jpg","articleSection":["A la Une","Epinal","Vosges"],"inLanguage":"fr-FR","potentialAction":[{"@type":"CommentAction","name":"Comment","target":["https:\/\/vosgesinfo.fr\/epinalinfo\/2025\/09\/col-de-la-chipotte-un-hommage-solennel-aux-combattants-de-1914\/#respond"]}]},{"@type":"WebPage","@id":"https:\/\/vosgesinfo.fr\/epinalinfo\/2025\/09\/col-de-la-chipotte-un-hommage-solennel-aux-combattants-de-1914\/","url":"https:\/\/vosgesinfo.fr\/epinalinfo\/2025\/09\/col-de-la-chipotte-un-hommage-solennel-aux-combattants-de-1914\/","name":"Col de la Chipotte : un hommage solennel aux combattants de 1914 - Epinal Info","isPartOf":{"@id":"https:\/\/vosgesinfo.fr\/epinalinfo\/#website"},"primaryImageOfPage":{"@id":"https:\/\/vosgesinfo.fr\/epinalinfo\/2025\/09\/col-de-la-chipotte-un-hommage-solennel-aux-combattants-de-1914\/#primaryimage"},"image":{"@id":"https:\/\/vosgesinfo.fr\/epinalinfo\/2025\/09\/col-de-la-chipotte-un-hommage-solennel-aux-combattants-de-1914\/#primaryimage"},"thumbnailUrl":"https:\/\/vosgesinfo.fr\/app\/uploads\/sites\/3\/2025\/09\/540210322-1083820627230342-3650526451655099172-n.jpg","datePublished":"2025-09-01T10:00:45+00:00","dateModified":"2025-09-01T09:52:43+00:00","breadcrumb":{"@id":"https:\/\/vosgesinfo.fr\/epinalinfo\/2025\/09\/col-de-la-chipotte-un-hommage-solennel-aux-combattants-de-1914\/#breadcrumb"},"inLanguage":"fr-FR","potentialAction":[{"@type":"ReadAction","target":["https:\/\/vosgesinfo.fr\/epinalinfo\/2025\/09\/col-de-la-chipotte-un-hommage-solennel-aux-combattants-de-1914\/"]}]},{"@type":"ImageObject","inLanguage":"fr-FR","@id":"https:\/\/vosgesinfo.fr\/epinalinfo\/2025\/09\/col-de-la-chipotte-un-hommage-solennel-aux-combattants-de-1914\/#primaryimage","url":"https:\/\/vosgesinfo.fr\/app\/uploads\/sites\/3\/2025\/09\/540210322-1083820627230342-3650526451655099172-n.jpg","contentUrl":"https:\/\/vosgesinfo.fr\/app\/uploads\/sites\/3\/2025\/09\/540210322-1083820627230342-3650526451655099172-n.jpg","width":2048,"height":1153,"caption":"photo pr\u00e9fecture des vosges"},{"@type":"BreadcrumbList","@id":"https:\/\/vosgesinfo.fr\/epinalinfo\/2025\/09\/col-de-la-chipotte-un-hommage-solennel-aux-combattants-de-1914\/#breadcrumb","itemListElement":[{"@type":"ListItem","position":1,"name":"Home","item":"https:\/\/vosgesinfo.fr\/epinalinfo\/"},{"@type":"ListItem","position":2,"name":"Col de la Chipotte : un hommage solennel aux combattants de 1914"}]},{"@type":"WebSite","@id":"https:\/\/vosgesinfo.fr\/epinalinfo\/#website","url":"https:\/\/vosgesinfo.fr\/epinalinfo\/","name":"Epinal Info","description":"Toute l&#039;actualit\u00e9 d&#039;\u00c9pinal","publisher":{"@id":"https:\/\/vosgesinfo.fr\/epinalinfo\/#organization"},"alternateName":"Toute l'actualit\u00e9 d'\u00c9pinal","potentialAction":[{"@type":"SearchAction","target":{"@type":"EntryPoint","urlTemplate":"https:\/\/vosgesinfo.fr\/epinalinfo\/?s={search_term_string}"},"query-input":"required name=search_term_string"}],"inLanguage":"fr-FR"},{"@type":"Organization","@id":"https:\/\/vosgesinfo.fr\/epinalinfo\/#organization","name":"Epinal Info","url":"https:\/\/vosgesinfo.fr\/epinalinfo\/","logo":{"@type":"ImageObject","inLanguage":"fr-FR","@id":"https:\/\/vosgesinfo.fr\/epinalinfo\/#\/schema\/logo\/image\/","url":"https:\/\/vosgesinfo.fr\/app\/uploads\/sites\/3\/2023\/08\/logo-epinalinfos.svg","contentUrl":"https:\/\/vosgesinfo.fr\/app\/uploads\/sites\/3\/2023\/08\/logo-epinalinfos.svg","width":1,"height":1,"caption":"Epinal Info"},"image":{"@id":"https:\/\/vosgesinfo.fr\/epinalinfo\/#\/schema\/logo\/image\/"},"sameAs":["https:\/\/www.facebook.com\/Epinalinfos","https:\/\/x.com\/VosgesInfo88","https:\/\/www.youtube.com\/@vosgesinfo"]},{"@type":"Person","@id":"https:\/\/vosgesinfo.fr\/epinalinfo\/#\/schema\/person\/6f9a650eeea99d969b6c4ab78fccbe81","name":"C.K.","image":{"@type":"ImageObject","inLanguage":"fr-FR","@id":"https:\/\/vosgesinfo.fr\/epinalinfo\/#\/schema\/person\/image\/","url":"https:\/\/secure.gravatar.com\/avatar\/48e3fc7f8421ba8942be6b74a2b7f014ca39bc00dece156b7a8e098ae7dc87bf?s=96&d=mm&r=g","contentUrl":"https:\/\/secure.gravatar.com\/avatar\/48e3fc7f8421ba8942be6b74a2b7f014ca39bc00dece156b7a8e098ae7dc87bf?s=96&d=mm&r=g","caption":"C.K."},"url":"https:\/\/vosgesinfo.fr\/epinalinfo\/author\/celia-k-n\/"}]}},"_links":{"self":[{"href":"https:\/\/vosgesinfo.fr\/epinalinfo\/wp-json\/wp\/v2\/posts\/134800","targetHints":{"allow":["GET"]}}],"collection":[{"href":"https:\/\/vosgesinfo.fr\/epinalinfo\/wp-json\/wp\/v2\/posts"}],"about":[{"href":"https:\/\/vosgesinfo.fr\/epinalinfo\/wp-json\/wp\/v2\/types\/post"}],"author":[{"embeddable":true,"href":"https:\/\/vosgesinfo.fr\/epinalinfo\/wp-json\/wp\/v2\/users\/52"}],"replies":[{"embeddable":true,"href":"https:\/\/vosgesinfo.fr\/epinalinfo\/wp-json\/wp\/v2\/comments?post=134800"}],"version-history":[{"count":1,"href":"https:\/\/vosgesinfo.fr\/epinalinfo\/wp-json\/wp\/v2\/posts\/134800\/revisions"}],"predecessor-version":[{"id":134804,"href":"https:\/\/vosgesinfo.fr\/epinalinfo\/wp-json\/wp\/v2\/posts\/134800\/revisions\/134804"}],"wp:featuredmedia":[{"embeddable":true,"href":"https:\/\/vosgesinfo.fr\/epinalinfo\/wp-json\/wp\/v2\/media\/134801"}],"wp:attachment":[{"href":"https:\/\/vosgesinfo.fr\/epinalinfo\/wp-json\/wp\/v2\/media?parent=134800"}],"wp:term":[{"taxonomy":"category","embeddable":true,"href":"https:\/\/vosgesinfo.fr\/epinalinfo\/wp-json\/wp\/v2\/categories?post=134800"},{"taxonomy":"post_tag","embeddable":true,"href":"https:\/\/vosgesinfo.fr\/epinalinfo\/wp-json\/wp\/v2\/tags?post=134800"}],"curies":[{"name":"wp","href":"https:\/\/api.w.org\/{rel}","templated":true}]}}