{"id":134805,"date":"2025-09-01T12:10:00","date_gmt":"2025-09-01T10:10:00","guid":{"rendered":"https:\/\/vosgesinfo.fr\/epinalinfo\/?p=134805"},"modified":"2025-09-01T11:57:36","modified_gmt":"2025-09-01T09:57:36","slug":"thaon-les-vosges-une-vague-de-couleurs-pour-la-rentree","status":"publish","type":"post","link":"https:\/\/vosgesinfo.fr\/epinalinfo\/2025\/09\/thaon-les-vosges-une-vague-de-couleurs-pour-la-rentree\/","title":{"rendered":"Thaon-les-Vosges : une vague de couleurs pour la rentr\u00e9e"},"content":{"rendered":"<div id=\"attachment_134806\" style=\"width: 1546px\" class=\"wp-caption aligncenter\"><a href=\"https:\/\/vosgesinfo.fr\/app\/uploads\/sites\/3\/2025\/09\/540427606-1271123338385151-3764936935457090434-n.jpg\"><img decoding=\"async\" aria-describedby=\"caption-attachment-134806\" class=\"wp-image-134806 size-full\" src=\"https:\/\/vosgesinfo.fr\/app\/uploads\/sites\/3\/2025\/09\/540427606-1271123338385151-3764936935457090434-n.jpg\" alt=\"\" width=\"1536\" height=\"2048\" srcset=\"https:\/\/vosgesinfo.fr\/app\/uploads\/sites\/3\/2025\/09\/540427606-1271123338385151-3764936935457090434-n.jpg 1536w, https:\/\/vosgesinfo.fr\/app\/uploads\/sites\/3\/2025\/09\/540427606-1271123338385151-3764936935457090434-n-225x300.jpg 225w, https:\/\/vosgesinfo.fr\/app\/uploads\/sites\/3\/2025\/09\/540427606-1271123338385151-3764936935457090434-n-768x1024.jpg 768w, https:\/\/vosgesinfo.fr\/app\/uploads\/sites\/3\/2025\/09\/540427606-1271123338385151-3764936935457090434-n-1152x1536.jpg 1152w\" sizes=\"(max-width: 1536px) 100vw, 1536px\" \/><\/a><p id=\"caption-attachment-134806\" class=\"wp-caption-text\">photo Ville de Thaon-les-Vosges<\/p><\/div>\n<h2 data-start=\"125\" data-end=\"407\"><strong>\u00c0 la veille de la rentr\u00e9e scolaire, Thaon-les-Vosges s\u2019est par\u00e9e de mille teintes \u00e9clatantes. Ce week-end, plus de 350 participants se sont \u00e9lanc\u00e9s aux abords de la Rotonde pour prendre part \u00e0 la course color\u00e9e, organis\u00e9e pour la deuxi\u00e8me ann\u00e9e cons\u00e9cutive par la commune.<\/strong><\/h2>\n<p data-start=\"409\" data-end=\"894\">Conviviale et festive, l\u2019\u00e9preuve proposait un parcours de <strong data-start=\"467\" data-end=\"488\">quatre kilom\u00e8tres<\/strong>, ponctu\u00e9 de nuages de poudres multicolores, dans une ambiance joyeuse et familiale. Mais au-del\u00e0 du plaisir de courir, l\u2019\u00e9v\u00e9nement avait \u00e9galement une port\u00e9e solidaire. Les fonds r\u00e9colt\u00e9s viennent en effet soutenir deux associations locales : <strong data-start=\"732\" data-end=\"754\">Solidarit\u00e9 \u00e0 Lilou<\/strong> et <strong data-start=\"758\" data-end=\"777\">F\u00e9e moi sourire<\/strong>, qui \u0153uvrent en faveur de la recherche contre les cancers p\u00e9diatriques et de l\u2019accompagnement des enfants malades.<\/p>\n<p data-start=\"896\" data-end=\"1066\">Entre \u00e9clats de rire, bonne humeur et g\u00e9n\u00e9rosit\u00e9, cette course est en passe de devenir un <strong data-start=\"986\" data-end=\"1016\">rendez-vous incontournable<\/strong> de fin d\u2019\u00e9t\u00e9, m\u00ealant sport, f\u00eate et solidarit\u00e9.<\/p>\n","protected":false},"excerpt":{"rendered":"<p>\u00c0 la veille de la rentr\u00e9e scolaire, Thaon-les-Vosges s\u2019est par\u00e9e de mille teintes \u00e9clatantes. Ce week-end, plus de 350 participants [&hellip;]<\/p>\n","protected":false},"author":52,"featured_media":134806,"comment_status":"open","ping_status":"open","sticky":false,"template":"","format":"standard","meta":{"footnotes":""},"categories":[22,24,93],"tags":[],"class_list":["post-134805","post","type-post","status-publish","format-standard","has-post-thumbnail","hentry","category-a-la-une","category-epinal","category-thaon-les-vosges"],"acf":[],"yoast_head":"<!-- This site is optimized with the Yoast SEO plugin v22.5 - https:\/\/yoast.com\/wordpress\/plugins\/seo\/ -->\n<title>Thaon-les-Vosges : une vague de couleurs pour la rentr\u00e9e - Epinal Info<\/title>\n<meta name=\"robots\" content=\"index, follow, max-snippet:-1, max-image-preview:large, max-video-preview:-1\" \/>\n<link rel=\"canonical\" href=\"https:\/\/vosgesinfo.fr\/epinalinfo\/2025\/09\/thaon-les-vosges-une-vague-de-couleurs-pour-la-rentree\/\" \/>\n<meta name=\"twitter:card\" content=\"summary_large_image\" \/>\n<meta name=\"twitter:title\" content=\"Thaon-les-Vosges : une vague de couleurs pour la rentr\u00e9e - Epinal Info\" \/>\n<meta name=\"twitter:description\" content=\"\u00c0 la veille de la rentr\u00e9e scolaire, Thaon-les-Vosges s\u2019est par\u00e9e de mille teintes \u00e9clatantes. Ce week-end, plus de 350 participants [&hellip;]\" \/>\n<meta name=\"twitter:image\" content=\"https:\/\/vosgesinfo.fr\/app\/uploads\/sites\/3\/2025\/09\/540427606-1271123338385151-3764936935457090434-n.jpg\" \/>\n<meta name=\"twitter:creator\" content=\"@VosgesInfo88\" \/>\n<meta name=\"twitter:site\" content=\"@VosgesInfo88\" \/>\n<meta name=\"twitter:label1\" content=\"\u00c9crit par\" \/>\n\t<meta name=\"twitter:data1\" content=\"C.K.\" \/>\n\t<meta name=\"twitter:label2\" content=\"Dur\u00e9e de lecture estim\u00e9e\" \/>\n\t<meta name=\"twitter:data2\" content=\"1 minute\" \/>\n<script type=\"application\/ld+json\" class=\"yoast-schema-graph\">{\"@context\":\"https:\/\/schema.org\",\"@graph\":[{\"@type\":\"Article\",\"@id\":\"https:\/\/vosgesinfo.fr\/epinalinfo\/2025\/09\/thaon-les-vosges-une-vague-de-couleurs-pour-la-rentree\/#article\",\"isPartOf\":{\"@id\":\"https:\/\/vosgesinfo.fr\/epinalinfo\/2025\/09\/thaon-les-vosges-une-vague-de-couleurs-pour-la-rentree\/\"},\"author\":{\"name\":\"C.K.\",\"@id\":\"https:\/\/vosgesinfo.fr\/epinalinfo\/#\/schema\/person\/6f9a650eeea99d969b6c4ab78fccbe81\"},\"headline\":\"Thaon-les-Vosges : une vague de couleurs pour la rentr\u00e9e\",\"datePublished\":\"2025-09-01T10:10:00+00:00\",\"dateModified\":\"2025-09-01T09:57:36+00:00\",\"mainEntityOfPage\":{\"@id\":\"https:\/\/vosgesinfo.fr\/epinalinfo\/2025\/09\/thaon-les-vosges-une-vague-de-couleurs-pour-la-rentree\/\"},\"wordCount\":178,\"commentCount\":0,\"publisher\":{\"@id\":\"https:\/\/vosgesinfo.fr\/epinalinfo\/#organization\"},\"image\":{\"@id\":\"https:\/\/vosgesinfo.fr\/epinalinfo\/2025\/09\/thaon-les-vosges-une-vague-de-couleurs-pour-la-rentree\/#primaryimage\"},\"thumbnailUrl\":\"https:\/\/vosgesinfo.fr\/app\/uploads\/sites\/3\/2025\/09\/540427606-1271123338385151-3764936935457090434-n.jpg\",\"articleSection\":[\"A la Une\",\"Epinal\",\"Thaon-les-Vosges\"],\"inLanguage\":\"fr-FR\",\"potentialAction\":[{\"@type\":\"CommentAction\",\"name\":\"Comment\",\"target\":[\"https:\/\/vosgesinfo.fr\/epinalinfo\/2025\/09\/thaon-les-vosges-une-vague-de-couleurs-pour-la-rentree\/#respond\"]}]},{\"@type\":\"WebPage\",\"@id\":\"https:\/\/vosgesinfo.fr\/epinalinfo\/2025\/09\/thaon-les-vosges-une-vague-de-couleurs-pour-la-rentree\/\",\"url\":\"https:\/\/vosgesinfo.fr\/epinalinfo\/2025\/09\/thaon-les-vosges-une-vague-de-couleurs-pour-la-rentree\/\",\"name\":\"Thaon-les-Vosges : une vague de couleurs pour la rentr\u00e9e - Epinal Info\",\"isPartOf\":{\"@id\":\"https:\/\/vosgesinfo.fr\/epinalinfo\/#website\"},\"primaryImageOfPage\":{\"@id\":\"https:\/\/vosgesinfo.fr\/epinalinfo\/2025\/09\/thaon-les-vosges-une-vague-de-couleurs-pour-la-rentree\/#primaryimage\"},\"image\":{\"@id\":\"https:\/\/vosgesinfo.fr\/epinalinfo\/2025\/09\/thaon-les-vosges-une-vague-de-couleurs-pour-la-rentree\/#primaryimage\"},\"thumbnailUrl\":\"https:\/\/vosgesinfo.fr\/app\/uploads\/sites\/3\/2025\/09\/540427606-1271123338385151-3764936935457090434-n.jpg\",\"datePublished\":\"2025-09-01T10:10:00+00:00\",\"dateModified\":\"2025-09-01T09:57:36+00:00\",\"breadcrumb\":{\"@id\":\"https:\/\/vosgesinfo.fr\/epinalinfo\/2025\/09\/thaon-les-vosges-une-vague-de-couleurs-pour-la-rentree\/#breadcrumb\"},\"inLanguage\":\"fr-FR\",\"potentialAction\":[{\"@type\":\"ReadAction\",\"target\":[\"https:\/\/vosgesinfo.fr\/epinalinfo\/2025\/09\/thaon-les-vosges-une-vague-de-couleurs-pour-la-rentree\/\"]}]},{\"@type\":\"ImageObject\",\"inLanguage\":\"fr-FR\",\"@id\":\"https:\/\/vosgesinfo.fr\/epinalinfo\/2025\/09\/thaon-les-vosges-une-vague-de-couleurs-pour-la-rentree\/#primaryimage\",\"url\":\"https:\/\/vosgesinfo.fr\/app\/uploads\/sites\/3\/2025\/09\/540427606-1271123338385151-3764936935457090434-n.jpg\",\"contentUrl\":\"https:\/\/vosgesinfo.fr\/app\/uploads\/sites\/3\/2025\/09\/540427606-1271123338385151-3764936935457090434-n.jpg\",\"width\":1536,\"height\":2048},{\"@type\":\"BreadcrumbList\",\"@id\":\"https:\/\/vosgesinfo.fr\/epinalinfo\/2025\/09\/thaon-les-vosges-une-vague-de-couleurs-pour-la-rentree\/#breadcrumb\",\"itemListElement\":[{\"@type\":\"ListItem\",\"position\":1,\"name\":\"Home\",\"item\":\"https:\/\/vosgesinfo.fr\/epinalinfo\/\"},{\"@type\":\"ListItem\",\"position\":2,\"name\":\"Thaon-les-Vosges : une vague de couleurs pour la rentr\u00e9e\"}]},{\"@type\":\"WebSite\",\"@id\":\"https:\/\/vosgesinfo.fr\/epinalinfo\/#website\",\"url\":\"https:\/\/vosgesinfo.fr\/epinalinfo\/\",\"name\":\"Epinal Info\",\"description\":\"Toute l&#039;actualit\u00e9 d&#039;\u00c9pinal\",\"publisher\":{\"@id\":\"https:\/\/vosgesinfo.fr\/epinalinfo\/#organization\"},\"alternateName\":\"Toute l'actualit\u00e9 d'\u00c9pinal\",\"potentialAction\":[{\"@type\":\"SearchAction\",\"target\":{\"@type\":\"EntryPoint\",\"urlTemplate\":\"https:\/\/vosgesinfo.fr\/epinalinfo\/?s={search_term_string}\"},\"query-input\":\"required name=search_term_string\"}],\"inLanguage\":\"fr-FR\"},{\"@type\":\"Organization\",\"@id\":\"https:\/\/vosgesinfo.fr\/epinalinfo\/#organization\",\"name\":\"Epinal Info\",\"url\":\"https:\/\/vosgesinfo.fr\/epinalinfo\/\",\"logo\":{\"@type\":\"ImageObject\",\"inLanguage\":\"fr-FR\",\"@id\":\"https:\/\/vosgesinfo.fr\/epinalinfo\/#\/schema\/logo\/image\/\",\"url\":\"https:\/\/vosgesinfo.fr\/app\/uploads\/sites\/3\/2023\/08\/logo-epinalinfos.svg\",\"contentUrl\":\"https:\/\/vosgesinfo.fr\/app\/uploads\/sites\/3\/2023\/08\/logo-epinalinfos.svg\",\"width\":1,\"height\":1,\"caption\":\"Epinal Info\"},\"image\":{\"@id\":\"https:\/\/vosgesinfo.fr\/epinalinfo\/#\/schema\/logo\/image\/\"},\"sameAs\":[\"https:\/\/www.facebook.com\/Epinalinfos\",\"https:\/\/x.com\/VosgesInfo88\",\"https:\/\/www.youtube.com\/@vosgesinfo\"]},{\"@type\":\"Person\",\"@id\":\"https:\/\/vosgesinfo.fr\/epinalinfo\/#\/schema\/person\/6f9a650eeea99d969b6c4ab78fccbe81\",\"name\":\"C.K.\",\"image\":{\"@type\":\"ImageObject\",\"inLanguage\":\"fr-FR\",\"@id\":\"https:\/\/vosgesinfo.fr\/epinalinfo\/#\/schema\/person\/image\/\",\"url\":\"https:\/\/secure.gravatar.com\/avatar\/48e3fc7f8421ba8942be6b74a2b7f014ca39bc00dece156b7a8e098ae7dc87bf?s=96&d=mm&r=g\",\"contentUrl\":\"https:\/\/secure.gravatar.com\/avatar\/48e3fc7f8421ba8942be6b74a2b7f014ca39bc00dece156b7a8e098ae7dc87bf?s=96&d=mm&r=g\",\"caption\":\"C.K.\"},\"url\":\"https:\/\/vosgesinfo.fr\/epinalinfo\/author\/celia-k-n\/\"}]}<\/script>\n<!-- \/ Yoast SEO plugin. -->","yoast_head_json":{"title":"Thaon-les-Vosges : une vague de couleurs pour la rentr\u00e9e - Epinal Info","robots":{"index":"index","follow":"follow","max-snippet":"max-snippet:-1","max-image-preview":"max-image-preview:large","max-video-preview":"max-video-preview:-1"},"canonical":"https:\/\/vosgesinfo.fr\/epinalinfo\/2025\/09\/thaon-les-vosges-une-vague-de-couleurs-pour-la-rentree\/","twitter_card":"summary_large_image","twitter_title":"Thaon-les-Vosges : une vague de couleurs pour la rentr\u00e9e - Epinal Info","twitter_description":"\u00c0 la veille de la rentr\u00e9e scolaire, Thaon-les-Vosges s\u2019est par\u00e9e de mille teintes \u00e9clatantes. Ce week-end, plus de 350 participants [&hellip;]","twitter_image":"https:\/\/vosgesinfo.fr\/app\/uploads\/sites\/3\/2025\/09\/540427606-1271123338385151-3764936935457090434-n.jpg","twitter_creator":"@VosgesInfo88","twitter_site":"@VosgesInfo88","twitter_misc":{"\u00c9crit par":"C.K.","Dur\u00e9e de lecture estim\u00e9e":"1 minute"},"schema":{"@context":"https:\/\/schema.org","@graph":[{"@type":"Article","@id":"https:\/\/vosgesinfo.fr\/epinalinfo\/2025\/09\/thaon-les-vosges-une-vague-de-couleurs-pour-la-rentree\/#article","isPartOf":{"@id":"https:\/\/vosgesinfo.fr\/epinalinfo\/2025\/09\/thaon-les-vosges-une-vague-de-couleurs-pour-la-rentree\/"},"author":{"name":"C.K.","@id":"https:\/\/vosgesinfo.fr\/epinalinfo\/#\/schema\/person\/6f9a650eeea99d969b6c4ab78fccbe81"},"headline":"Thaon-les-Vosges : une vague de couleurs pour la rentr\u00e9e","datePublished":"2025-09-01T10:10:00+00:00","dateModified":"2025-09-01T09:57:36+00:00","mainEntityOfPage":{"@id":"https:\/\/vosgesinfo.fr\/epinalinfo\/2025\/09\/thaon-les-vosges-une-vague-de-couleurs-pour-la-rentree\/"},"wordCount":178,"commentCount":0,"publisher":{"@id":"https:\/\/vosgesinfo.fr\/epinalinfo\/#organization"},"image":{"@id":"https:\/\/vosgesinfo.fr\/epinalinfo\/2025\/09\/thaon-les-vosges-une-vague-de-couleurs-pour-la-rentree\/#primaryimage"},"thumbnailUrl":"https:\/\/vosgesinfo.fr\/app\/uploads\/sites\/3\/2025\/09\/540427606-1271123338385151-3764936935457090434-n.jpg","articleSection":["A la Une","Epinal","Thaon-les-Vosges"],"inLanguage":"fr-FR","potentialAction":[{"@type":"CommentAction","name":"Comment","target":["https:\/\/vosgesinfo.fr\/epinalinfo\/2025\/09\/thaon-les-vosges-une-vague-de-couleurs-pour-la-rentree\/#respond"]}]},{"@type":"WebPage","@id":"https:\/\/vosgesinfo.fr\/epinalinfo\/2025\/09\/thaon-les-vosges-une-vague-de-couleurs-pour-la-rentree\/","url":"https:\/\/vosgesinfo.fr\/epinalinfo\/2025\/09\/thaon-les-vosges-une-vague-de-couleurs-pour-la-rentree\/","name":"Thaon-les-Vosges : une vague de couleurs pour la rentr\u00e9e - Epinal Info","isPartOf":{"@id":"https:\/\/vosgesinfo.fr\/epinalinfo\/#website"},"primaryImageOfPage":{"@id":"https:\/\/vosgesinfo.fr\/epinalinfo\/2025\/09\/thaon-les-vosges-une-vague-de-couleurs-pour-la-rentree\/#primaryimage"},"image":{"@id":"https:\/\/vosgesinfo.fr\/epinalinfo\/2025\/09\/thaon-les-vosges-une-vague-de-couleurs-pour-la-rentree\/#primaryimage"},"thumbnailUrl":"https:\/\/vosgesinfo.fr\/app\/uploads\/sites\/3\/2025\/09\/540427606-1271123338385151-3764936935457090434-n.jpg","datePublished":"2025-09-01T10:10:00+00:00","dateModified":"2025-09-01T09:57:36+00:00","breadcrumb":{"@id":"https:\/\/vosgesinfo.fr\/epinalinfo\/2025\/09\/thaon-les-vosges-une-vague-de-couleurs-pour-la-rentree\/#breadcrumb"},"inLanguage":"fr-FR","potentialAction":[{"@type":"ReadAction","target":["https:\/\/vosgesinfo.fr\/epinalinfo\/2025\/09\/thaon-les-vosges-une-vague-de-couleurs-pour-la-rentree\/"]}]},{"@type":"ImageObject","inLanguage":"fr-FR","@id":"https:\/\/vosgesinfo.fr\/epinalinfo\/2025\/09\/thaon-les-vosges-une-vague-de-couleurs-pour-la-rentree\/#primaryimage","url":"https:\/\/vosgesinfo.fr\/app\/uploads\/sites\/3\/2025\/09\/540427606-1271123338385151-3764936935457090434-n.jpg","contentUrl":"https:\/\/vosgesinfo.fr\/app\/uploads\/sites\/3\/2025\/09\/540427606-1271123338385151-3764936935457090434-n.jpg","width":1536,"height":2048},{"@type":"BreadcrumbList","@id":"https:\/\/vosgesinfo.fr\/epinalinfo\/2025\/09\/thaon-les-vosges-une-vague-de-couleurs-pour-la-rentree\/#breadcrumb","itemListElement":[{"@type":"ListItem","position":1,"name":"Home","item":"https:\/\/vosgesinfo.fr\/epinalinfo\/"},{"@type":"ListItem","position":2,"name":"Thaon-les-Vosges : une vague de couleurs pour la rentr\u00e9e"}]},{"@type":"WebSite","@id":"https:\/\/vosgesinfo.fr\/epinalinfo\/#website","url":"https:\/\/vosgesinfo.fr\/epinalinfo\/","name":"Epinal Info","description":"Toute l&#039;actualit\u00e9 d&#039;\u00c9pinal","publisher":{"@id":"https:\/\/vosgesinfo.fr\/epinalinfo\/#organization"},"alternateName":"Toute l'actualit\u00e9 d'\u00c9pinal","potentialAction":[{"@type":"SearchAction","target":{"@type":"EntryPoint","urlTemplate":"https:\/\/vosgesinfo.fr\/epinalinfo\/?s={search_term_string}"},"query-input":"required name=search_term_string"}],"inLanguage":"fr-FR"},{"@type":"Organization","@id":"https:\/\/vosgesinfo.fr\/epinalinfo\/#organization","name":"Epinal Info","url":"https:\/\/vosgesinfo.fr\/epinalinfo\/","logo":{"@type":"ImageObject","inLanguage":"fr-FR","@id":"https:\/\/vosgesinfo.fr\/epinalinfo\/#\/schema\/logo\/image\/","url":"https:\/\/vosgesinfo.fr\/app\/uploads\/sites\/3\/2023\/08\/logo-epinalinfos.svg","contentUrl":"https:\/\/vosgesinfo.fr\/app\/uploads\/sites\/3\/2023\/08\/logo-epinalinfos.svg","width":1,"height":1,"caption":"Epinal Info"},"image":{"@id":"https:\/\/vosgesinfo.fr\/epinalinfo\/#\/schema\/logo\/image\/"},"sameAs":["https:\/\/www.facebook.com\/Epinalinfos","https:\/\/x.com\/VosgesInfo88","https:\/\/www.youtube.com\/@vosgesinfo"]},{"@type":"Person","@id":"https:\/\/vosgesinfo.fr\/epinalinfo\/#\/schema\/person\/6f9a650eeea99d969b6c4ab78fccbe81","name":"C.K.","image":{"@type":"ImageObject","inLanguage":"fr-FR","@id":"https:\/\/vosgesinfo.fr\/epinalinfo\/#\/schema\/person\/image\/","url":"https:\/\/secure.gravatar.com\/avatar\/48e3fc7f8421ba8942be6b74a2b7f014ca39bc00dece156b7a8e098ae7dc87bf?s=96&d=mm&r=g","contentUrl":"https:\/\/secure.gravatar.com\/avatar\/48e3fc7f8421ba8942be6b74a2b7f014ca39bc00dece156b7a8e098ae7dc87bf?s=96&d=mm&r=g","caption":"C.K."},"url":"https:\/\/vosgesinfo.fr\/epinalinfo\/author\/celia-k-n\/"}]}},"_links":{"self":[{"href":"https:\/\/vosgesinfo.fr\/epinalinfo\/wp-json\/wp\/v2\/posts\/134805","targetHints":{"allow":["GET"]}}],"collection":[{"href":"https:\/\/vosgesinfo.fr\/epinalinfo\/wp-json\/wp\/v2\/posts"}],"about":[{"href":"https:\/\/vosgesinfo.fr\/epinalinfo\/wp-json\/wp\/v2\/types\/post"}],"author":[{"embeddable":true,"href":"https:\/\/vosgesinfo.fr\/epinalinfo\/wp-json\/wp\/v2\/users\/52"}],"replies":[{"embeddable":true,"href":"https:\/\/vosgesinfo.fr\/epinalinfo\/wp-json\/wp\/v2\/comments?post=134805"}],"version-history":[{"count":2,"href":"https:\/\/vosgesinfo.fr\/epinalinfo\/wp-json\/wp\/v2\/posts\/134805\/revisions"}],"predecessor-version":[{"id":134808,"href":"https:\/\/vosgesinfo.fr\/epinalinfo\/wp-json\/wp\/v2\/posts\/134805\/revisions\/134808"}],"wp:featuredmedia":[{"embeddable":true,"href":"https:\/\/vosgesinfo.fr\/epinalinfo\/wp-json\/wp\/v2\/media\/134806"}],"wp:attachment":[{"href":"https:\/\/vosgesinfo.fr\/epinalinfo\/wp-json\/wp\/v2\/media?parent=134805"}],"wp:term":[{"taxonomy":"category","embeddable":true,"href":"https:\/\/vosgesinfo.fr\/epinalinfo\/wp-json\/wp\/v2\/categories?post=134805"},{"taxonomy":"post_tag","embeddable":true,"href":"https:\/\/vosgesinfo.fr\/epinalinfo\/wp-json\/wp\/v2\/tags?post=134805"}],"curies":[{"name":"wp","href":"https:\/\/api.w.org\/{rel}","templated":true}]}}