{"id":134809,"date":"2025-09-01T12:10:23","date_gmt":"2025-09-01T10:10:23","guid":{"rendered":"https:\/\/vosgesinfo.fr\/epinalinfo\/?p=134809"},"modified":"2025-09-01T12:00:34","modified_gmt":"2025-09-01T10:00:34","slug":"bruyeres-132-collegiens-font-leur-rentree-au-college-charlemagne","status":"publish","type":"post","link":"https:\/\/vosgesinfo.fr\/epinalinfo\/2025\/09\/bruyeres-132-collegiens-font-leur-rentree-au-college-charlemagne\/","title":{"rendered":"Bruy\u00e8res : 132 coll\u00e9giens font leur rentr\u00e9e au coll\u00e8ge Charlemagne"},"content":{"rendered":"<div id=\"attachment_134810\" style=\"width: 2058px\" class=\"wp-caption aligncenter\"><a href=\"https:\/\/vosgesinfo.fr\/app\/uploads\/sites\/3\/2025\/09\/540276789-1200094388815149-8440695827725816155-n.jpg\"><img decoding=\"async\" aria-describedby=\"caption-attachment-134810\" class=\"size-full wp-image-134810\" src=\"https:\/\/vosgesinfo.fr\/app\/uploads\/sites\/3\/2025\/09\/540276789-1200094388815149-8440695827725816155-n.jpg\" alt=\"\" width=\"2048\" height=\"1536\" srcset=\"https:\/\/vosgesinfo.fr\/app\/uploads\/sites\/3\/2025\/09\/540276789-1200094388815149-8440695827725816155-n.jpg 2048w, https:\/\/vosgesinfo.fr\/app\/uploads\/sites\/3\/2025\/09\/540276789-1200094388815149-8440695827725816155-n-300x225.jpg 300w, https:\/\/vosgesinfo.fr\/app\/uploads\/sites\/3\/2025\/09\/540276789-1200094388815149-8440695827725816155-n-1024x768.jpg 1024w, https:\/\/vosgesinfo.fr\/app\/uploads\/sites\/3\/2025\/09\/540276789-1200094388815149-8440695827725816155-n-768x576.jpg 768w, https:\/\/vosgesinfo.fr\/app\/uploads\/sites\/3\/2025\/09\/540276789-1200094388815149-8440695827725816155-n-1536x1152.jpg 1536w\" sizes=\"(max-width: 2048px) 100vw, 2048px\" \/><\/a><p id=\"caption-attachment-134810\" class=\"wp-caption-text\">photo Ville de Bruy\u00e8res<\/p><\/div>\n<h2 data-start=\"137\" data-end=\"405\"><strong>C\u2019est reparti pour une nouvelle ann\u00e9e scolaire au coll\u00e8ge Charlemagne de Bruy\u00e8res. Ce lundi matin, les couloirs de l\u2019\u00e9tablissement ont retrouv\u00e9 leur effervescence habituelle avec l\u2019accueil de 132 \u00e9l\u00e8ves, un effectif en l\u00e9g\u00e8re hausse par rapport \u00e0 l\u2019an pass\u00e9.<\/strong><\/h2>\n<p data-start=\"407\" data-end=\"674\">Apr\u00e8s le mot d\u2019accueil prononc\u00e9 par Mme Thierry, proviseur, les \u00e9l\u00e8ves ont d\u00e9couvert leur classe pour l\u2019ann\u00e9e. R\u00e9unis autour de leurs professeurs principaux, ils ont pris la direction de leurs salles afin de d\u00e9buter cette rentr\u00e9e dans les meilleures conditions.<\/p>\n<p data-start=\"676\" data-end=\"852\">Entre retrouvailles pour certains et d\u00e9couvertes pour d\u2019autres, cette premi\u00e8re journ\u00e9e a marqu\u00e9 le coup d\u2019envoi d\u2019une ann\u00e9e plac\u00e9e sous le signe du travail et de la r\u00e9ussite.<\/p>\n","protected":false},"excerpt":{"rendered":"<p>C\u2019est reparti pour une nouvelle ann\u00e9e scolaire au coll\u00e8ge Charlemagne de Bruy\u00e8res. Ce lundi matin, les couloirs de l\u2019\u00e9tablissement ont [&hellip;]<\/p>\n","protected":false},"author":52,"featured_media":134810,"comment_status":"open","ping_status":"open","sticky":false,"template":"","format":"standard","meta":{"footnotes":""},"categories":[22,60,24],"tags":[],"class_list":["post-134809","post","type-post","status-publish","format-standard","has-post-thumbnail","hentry","category-a-la-une","category-bruyeres","category-epinal"],"acf":[],"yoast_head":"<!-- This site is optimized with the Yoast SEO plugin v22.5 - https:\/\/yoast.com\/wordpress\/plugins\/seo\/ -->\n<title>Bruy\u00e8res : 132 coll\u00e9giens font leur rentr\u00e9e au coll\u00e8ge Charlemagne - Epinal Info<\/title>\n<meta name=\"robots\" content=\"index, follow, max-snippet:-1, max-image-preview:large, max-video-preview:-1\" \/>\n<link rel=\"canonical\" href=\"https:\/\/vosgesinfo.fr\/epinalinfo\/2025\/09\/bruyeres-132-collegiens-font-leur-rentree-au-college-charlemagne\/\" \/>\n<meta name=\"twitter:card\" content=\"summary_large_image\" \/>\n<meta name=\"twitter:title\" content=\"Bruy\u00e8res : 132 coll\u00e9giens font leur rentr\u00e9e au coll\u00e8ge Charlemagne - Epinal Info\" \/>\n<meta name=\"twitter:description\" content=\"C\u2019est reparti pour une nouvelle ann\u00e9e scolaire au coll\u00e8ge Charlemagne de Bruy\u00e8res. Ce lundi matin, les couloirs de l\u2019\u00e9tablissement ont [&hellip;]\" \/>\n<meta name=\"twitter:image\" content=\"https:\/\/vosgesinfo.fr\/app\/uploads\/sites\/3\/2025\/09\/540276789-1200094388815149-8440695827725816155-n.jpg\" \/>\n<meta name=\"twitter:creator\" content=\"@VosgesInfo88\" \/>\n<meta name=\"twitter:site\" content=\"@VosgesInfo88\" \/>\n<meta name=\"twitter:label1\" content=\"\u00c9crit par\" \/>\n\t<meta name=\"twitter:data1\" content=\"C.K.\" \/>\n\t<meta name=\"twitter:label2\" content=\"Dur\u00e9e de lecture estim\u00e9e\" \/>\n\t<meta name=\"twitter:data2\" content=\"1 minute\" \/>\n<script type=\"application\/ld+json\" class=\"yoast-schema-graph\">{\"@context\":\"https:\/\/schema.org\",\"@graph\":[{\"@type\":\"Article\",\"@id\":\"https:\/\/vosgesinfo.fr\/epinalinfo\/2025\/09\/bruyeres-132-collegiens-font-leur-rentree-au-college-charlemagne\/#article\",\"isPartOf\":{\"@id\":\"https:\/\/vosgesinfo.fr\/epinalinfo\/2025\/09\/bruyeres-132-collegiens-font-leur-rentree-au-college-charlemagne\/\"},\"author\":{\"name\":\"C.K.\",\"@id\":\"https:\/\/vosgesinfo.fr\/epinalinfo\/#\/schema\/person\/6f9a650eeea99d969b6c4ab78fccbe81\"},\"headline\":\"Bruy\u00e8res : 132 coll\u00e9giens font leur rentr\u00e9e au coll\u00e8ge Charlemagne\",\"datePublished\":\"2025-09-01T10:10:23+00:00\",\"dateModified\":\"2025-09-01T10:00:34+00:00\",\"mainEntityOfPage\":{\"@id\":\"https:\/\/vosgesinfo.fr\/epinalinfo\/2025\/09\/bruyeres-132-collegiens-font-leur-rentree-au-college-charlemagne\/\"},\"wordCount\":157,\"commentCount\":0,\"publisher\":{\"@id\":\"https:\/\/vosgesinfo.fr\/epinalinfo\/#organization\"},\"image\":{\"@id\":\"https:\/\/vosgesinfo.fr\/epinalinfo\/2025\/09\/bruyeres-132-collegiens-font-leur-rentree-au-college-charlemagne\/#primaryimage\"},\"thumbnailUrl\":\"https:\/\/vosgesinfo.fr\/app\/uploads\/sites\/3\/2025\/09\/540276789-1200094388815149-8440695827725816155-n.jpg\",\"articleSection\":[\"A la Une\",\"Bruy\u00e8res\",\"Epinal\"],\"inLanguage\":\"fr-FR\",\"potentialAction\":[{\"@type\":\"CommentAction\",\"name\":\"Comment\",\"target\":[\"https:\/\/vosgesinfo.fr\/epinalinfo\/2025\/09\/bruyeres-132-collegiens-font-leur-rentree-au-college-charlemagne\/#respond\"]}]},{\"@type\":\"WebPage\",\"@id\":\"https:\/\/vosgesinfo.fr\/epinalinfo\/2025\/09\/bruyeres-132-collegiens-font-leur-rentree-au-college-charlemagne\/\",\"url\":\"https:\/\/vosgesinfo.fr\/epinalinfo\/2025\/09\/bruyeres-132-collegiens-font-leur-rentree-au-college-charlemagne\/\",\"name\":\"Bruy\u00e8res : 132 coll\u00e9giens font leur rentr\u00e9e au coll\u00e8ge Charlemagne - Epinal Info\",\"isPartOf\":{\"@id\":\"https:\/\/vosgesinfo.fr\/epinalinfo\/#website\"},\"primaryImageOfPage\":{\"@id\":\"https:\/\/vosgesinfo.fr\/epinalinfo\/2025\/09\/bruyeres-132-collegiens-font-leur-rentree-au-college-charlemagne\/#primaryimage\"},\"image\":{\"@id\":\"https:\/\/vosgesinfo.fr\/epinalinfo\/2025\/09\/bruyeres-132-collegiens-font-leur-rentree-au-college-charlemagne\/#primaryimage\"},\"thumbnailUrl\":\"https:\/\/vosgesinfo.fr\/app\/uploads\/sites\/3\/2025\/09\/540276789-1200094388815149-8440695827725816155-n.jpg\",\"datePublished\":\"2025-09-01T10:10:23+00:00\",\"dateModified\":\"2025-09-01T10:00:34+00:00\",\"breadcrumb\":{\"@id\":\"https:\/\/vosgesinfo.fr\/epinalinfo\/2025\/09\/bruyeres-132-collegiens-font-leur-rentree-au-college-charlemagne\/#breadcrumb\"},\"inLanguage\":\"fr-FR\",\"potentialAction\":[{\"@type\":\"ReadAction\",\"target\":[\"https:\/\/vosgesinfo.fr\/epinalinfo\/2025\/09\/bruyeres-132-collegiens-font-leur-rentree-au-college-charlemagne\/\"]}]},{\"@type\":\"ImageObject\",\"inLanguage\":\"fr-FR\",\"@id\":\"https:\/\/vosgesinfo.fr\/epinalinfo\/2025\/09\/bruyeres-132-collegiens-font-leur-rentree-au-college-charlemagne\/#primaryimage\",\"url\":\"https:\/\/vosgesinfo.fr\/app\/uploads\/sites\/3\/2025\/09\/540276789-1200094388815149-8440695827725816155-n.jpg\",\"contentUrl\":\"https:\/\/vosgesinfo.fr\/app\/uploads\/sites\/3\/2025\/09\/540276789-1200094388815149-8440695827725816155-n.jpg\",\"width\":2048,\"height\":1536,\"caption\":\"photo Ville de Bruy\u00e8res\"},{\"@type\":\"BreadcrumbList\",\"@id\":\"https:\/\/vosgesinfo.fr\/epinalinfo\/2025\/09\/bruyeres-132-collegiens-font-leur-rentree-au-college-charlemagne\/#breadcrumb\",\"itemListElement\":[{\"@type\":\"ListItem\",\"position\":1,\"name\":\"Home\",\"item\":\"https:\/\/vosgesinfo.fr\/epinalinfo\/\"},{\"@type\":\"ListItem\",\"position\":2,\"name\":\"Bruy\u00e8res : 132 coll\u00e9giens font leur rentr\u00e9e au coll\u00e8ge Charlemagne\"}]},{\"@type\":\"WebSite\",\"@id\":\"https:\/\/vosgesinfo.fr\/epinalinfo\/#website\",\"url\":\"https:\/\/vosgesinfo.fr\/epinalinfo\/\",\"name\":\"Epinal Info\",\"description\":\"Toute l&#039;actualit\u00e9 d&#039;\u00c9pinal\",\"publisher\":{\"@id\":\"https:\/\/vosgesinfo.fr\/epinalinfo\/#organization\"},\"alternateName\":\"Toute l'actualit\u00e9 d'\u00c9pinal\",\"potentialAction\":[{\"@type\":\"SearchAction\",\"target\":{\"@type\":\"EntryPoint\",\"urlTemplate\":\"https:\/\/vosgesinfo.fr\/epinalinfo\/?s={search_term_string}\"},\"query-input\":\"required name=search_term_string\"}],\"inLanguage\":\"fr-FR\"},{\"@type\":\"Organization\",\"@id\":\"https:\/\/vosgesinfo.fr\/epinalinfo\/#organization\",\"name\":\"Epinal Info\",\"url\":\"https:\/\/vosgesinfo.fr\/epinalinfo\/\",\"logo\":{\"@type\":\"ImageObject\",\"inLanguage\":\"fr-FR\",\"@id\":\"https:\/\/vosgesinfo.fr\/epinalinfo\/#\/schema\/logo\/image\/\",\"url\":\"https:\/\/vosgesinfo.fr\/app\/uploads\/sites\/3\/2023\/08\/logo-epinalinfos.svg\",\"contentUrl\":\"https:\/\/vosgesinfo.fr\/app\/uploads\/sites\/3\/2023\/08\/logo-epinalinfos.svg\",\"width\":1,\"height\":1,\"caption\":\"Epinal Info\"},\"image\":{\"@id\":\"https:\/\/vosgesinfo.fr\/epinalinfo\/#\/schema\/logo\/image\/\"},\"sameAs\":[\"https:\/\/www.facebook.com\/Epinalinfos\",\"https:\/\/x.com\/VosgesInfo88\",\"https:\/\/www.youtube.com\/@vosgesinfo\"]},{\"@type\":\"Person\",\"@id\":\"https:\/\/vosgesinfo.fr\/epinalinfo\/#\/schema\/person\/6f9a650eeea99d969b6c4ab78fccbe81\",\"name\":\"C.K.\",\"image\":{\"@type\":\"ImageObject\",\"inLanguage\":\"fr-FR\",\"@id\":\"https:\/\/vosgesinfo.fr\/epinalinfo\/#\/schema\/person\/image\/\",\"url\":\"https:\/\/secure.gravatar.com\/avatar\/48e3fc7f8421ba8942be6b74a2b7f014ca39bc00dece156b7a8e098ae7dc87bf?s=96&d=mm&r=g\",\"contentUrl\":\"https:\/\/secure.gravatar.com\/avatar\/48e3fc7f8421ba8942be6b74a2b7f014ca39bc00dece156b7a8e098ae7dc87bf?s=96&d=mm&r=g\",\"caption\":\"C.K.\"},\"url\":\"https:\/\/vosgesinfo.fr\/epinalinfo\/author\/celia-k-n\/\"}]}<\/script>\n<!-- \/ Yoast SEO plugin. -->","yoast_head_json":{"title":"Bruy\u00e8res : 132 coll\u00e9giens font leur rentr\u00e9e au coll\u00e8ge Charlemagne - Epinal Info","robots":{"index":"index","follow":"follow","max-snippet":"max-snippet:-1","max-image-preview":"max-image-preview:large","max-video-preview":"max-video-preview:-1"},"canonical":"https:\/\/vosgesinfo.fr\/epinalinfo\/2025\/09\/bruyeres-132-collegiens-font-leur-rentree-au-college-charlemagne\/","twitter_card":"summary_large_image","twitter_title":"Bruy\u00e8res : 132 coll\u00e9giens font leur rentr\u00e9e au coll\u00e8ge Charlemagne - Epinal Info","twitter_description":"C\u2019est reparti pour une nouvelle ann\u00e9e scolaire au coll\u00e8ge Charlemagne de Bruy\u00e8res. Ce lundi matin, les couloirs de l\u2019\u00e9tablissement ont [&hellip;]","twitter_image":"https:\/\/vosgesinfo.fr\/app\/uploads\/sites\/3\/2025\/09\/540276789-1200094388815149-8440695827725816155-n.jpg","twitter_creator":"@VosgesInfo88","twitter_site":"@VosgesInfo88","twitter_misc":{"\u00c9crit par":"C.K.","Dur\u00e9e de lecture estim\u00e9e":"1 minute"},"schema":{"@context":"https:\/\/schema.org","@graph":[{"@type":"Article","@id":"https:\/\/vosgesinfo.fr\/epinalinfo\/2025\/09\/bruyeres-132-collegiens-font-leur-rentree-au-college-charlemagne\/#article","isPartOf":{"@id":"https:\/\/vosgesinfo.fr\/epinalinfo\/2025\/09\/bruyeres-132-collegiens-font-leur-rentree-au-college-charlemagne\/"},"author":{"name":"C.K.","@id":"https:\/\/vosgesinfo.fr\/epinalinfo\/#\/schema\/person\/6f9a650eeea99d969b6c4ab78fccbe81"},"headline":"Bruy\u00e8res : 132 coll\u00e9giens font leur rentr\u00e9e au coll\u00e8ge Charlemagne","datePublished":"2025-09-01T10:10:23+00:00","dateModified":"2025-09-01T10:00:34+00:00","mainEntityOfPage":{"@id":"https:\/\/vosgesinfo.fr\/epinalinfo\/2025\/09\/bruyeres-132-collegiens-font-leur-rentree-au-college-charlemagne\/"},"wordCount":157,"commentCount":0,"publisher":{"@id":"https:\/\/vosgesinfo.fr\/epinalinfo\/#organization"},"image":{"@id":"https:\/\/vosgesinfo.fr\/epinalinfo\/2025\/09\/bruyeres-132-collegiens-font-leur-rentree-au-college-charlemagne\/#primaryimage"},"thumbnailUrl":"https:\/\/vosgesinfo.fr\/app\/uploads\/sites\/3\/2025\/09\/540276789-1200094388815149-8440695827725816155-n.jpg","articleSection":["A la Une","Bruy\u00e8res","Epinal"],"inLanguage":"fr-FR","potentialAction":[{"@type":"CommentAction","name":"Comment","target":["https:\/\/vosgesinfo.fr\/epinalinfo\/2025\/09\/bruyeres-132-collegiens-font-leur-rentree-au-college-charlemagne\/#respond"]}]},{"@type":"WebPage","@id":"https:\/\/vosgesinfo.fr\/epinalinfo\/2025\/09\/bruyeres-132-collegiens-font-leur-rentree-au-college-charlemagne\/","url":"https:\/\/vosgesinfo.fr\/epinalinfo\/2025\/09\/bruyeres-132-collegiens-font-leur-rentree-au-college-charlemagne\/","name":"Bruy\u00e8res : 132 coll\u00e9giens font leur rentr\u00e9e au coll\u00e8ge Charlemagne - Epinal Info","isPartOf":{"@id":"https:\/\/vosgesinfo.fr\/epinalinfo\/#website"},"primaryImageOfPage":{"@id":"https:\/\/vosgesinfo.fr\/epinalinfo\/2025\/09\/bruyeres-132-collegiens-font-leur-rentree-au-college-charlemagne\/#primaryimage"},"image":{"@id":"https:\/\/vosgesinfo.fr\/epinalinfo\/2025\/09\/bruyeres-132-collegiens-font-leur-rentree-au-college-charlemagne\/#primaryimage"},"thumbnailUrl":"https:\/\/vosgesinfo.fr\/app\/uploads\/sites\/3\/2025\/09\/540276789-1200094388815149-8440695827725816155-n.jpg","datePublished":"2025-09-01T10:10:23+00:00","dateModified":"2025-09-01T10:00:34+00:00","breadcrumb":{"@id":"https:\/\/vosgesinfo.fr\/epinalinfo\/2025\/09\/bruyeres-132-collegiens-font-leur-rentree-au-college-charlemagne\/#breadcrumb"},"inLanguage":"fr-FR","potentialAction":[{"@type":"ReadAction","target":["https:\/\/vosgesinfo.fr\/epinalinfo\/2025\/09\/bruyeres-132-collegiens-font-leur-rentree-au-college-charlemagne\/"]}]},{"@type":"ImageObject","inLanguage":"fr-FR","@id":"https:\/\/vosgesinfo.fr\/epinalinfo\/2025\/09\/bruyeres-132-collegiens-font-leur-rentree-au-college-charlemagne\/#primaryimage","url":"https:\/\/vosgesinfo.fr\/app\/uploads\/sites\/3\/2025\/09\/540276789-1200094388815149-8440695827725816155-n.jpg","contentUrl":"https:\/\/vosgesinfo.fr\/app\/uploads\/sites\/3\/2025\/09\/540276789-1200094388815149-8440695827725816155-n.jpg","width":2048,"height":1536,"caption":"photo Ville de Bruy\u00e8res"},{"@type":"BreadcrumbList","@id":"https:\/\/vosgesinfo.fr\/epinalinfo\/2025\/09\/bruyeres-132-collegiens-font-leur-rentree-au-college-charlemagne\/#breadcrumb","itemListElement":[{"@type":"ListItem","position":1,"name":"Home","item":"https:\/\/vosgesinfo.fr\/epinalinfo\/"},{"@type":"ListItem","position":2,"name":"Bruy\u00e8res : 132 coll\u00e9giens font leur rentr\u00e9e au coll\u00e8ge Charlemagne"}]},{"@type":"WebSite","@id":"https:\/\/vosgesinfo.fr\/epinalinfo\/#website","url":"https:\/\/vosgesinfo.fr\/epinalinfo\/","name":"Epinal Info","description":"Toute l&#039;actualit\u00e9 d&#039;\u00c9pinal","publisher":{"@id":"https:\/\/vosgesinfo.fr\/epinalinfo\/#organization"},"alternateName":"Toute l'actualit\u00e9 d'\u00c9pinal","potentialAction":[{"@type":"SearchAction","target":{"@type":"EntryPoint","urlTemplate":"https:\/\/vosgesinfo.fr\/epinalinfo\/?s={search_term_string}"},"query-input":"required name=search_term_string"}],"inLanguage":"fr-FR"},{"@type":"Organization","@id":"https:\/\/vosgesinfo.fr\/epinalinfo\/#organization","name":"Epinal Info","url":"https:\/\/vosgesinfo.fr\/epinalinfo\/","logo":{"@type":"ImageObject","inLanguage":"fr-FR","@id":"https:\/\/vosgesinfo.fr\/epinalinfo\/#\/schema\/logo\/image\/","url":"https:\/\/vosgesinfo.fr\/app\/uploads\/sites\/3\/2023\/08\/logo-epinalinfos.svg","contentUrl":"https:\/\/vosgesinfo.fr\/app\/uploads\/sites\/3\/2023\/08\/logo-epinalinfos.svg","width":1,"height":1,"caption":"Epinal Info"},"image":{"@id":"https:\/\/vosgesinfo.fr\/epinalinfo\/#\/schema\/logo\/image\/"},"sameAs":["https:\/\/www.facebook.com\/Epinalinfos","https:\/\/x.com\/VosgesInfo88","https:\/\/www.youtube.com\/@vosgesinfo"]},{"@type":"Person","@id":"https:\/\/vosgesinfo.fr\/epinalinfo\/#\/schema\/person\/6f9a650eeea99d969b6c4ab78fccbe81","name":"C.K.","image":{"@type":"ImageObject","inLanguage":"fr-FR","@id":"https:\/\/vosgesinfo.fr\/epinalinfo\/#\/schema\/person\/image\/","url":"https:\/\/secure.gravatar.com\/avatar\/48e3fc7f8421ba8942be6b74a2b7f014ca39bc00dece156b7a8e098ae7dc87bf?s=96&d=mm&r=g","contentUrl":"https:\/\/secure.gravatar.com\/avatar\/48e3fc7f8421ba8942be6b74a2b7f014ca39bc00dece156b7a8e098ae7dc87bf?s=96&d=mm&r=g","caption":"C.K."},"url":"https:\/\/vosgesinfo.fr\/epinalinfo\/author\/celia-k-n\/"}]}},"_links":{"self":[{"href":"https:\/\/vosgesinfo.fr\/epinalinfo\/wp-json\/wp\/v2\/posts\/134809","targetHints":{"allow":["GET"]}}],"collection":[{"href":"https:\/\/vosgesinfo.fr\/epinalinfo\/wp-json\/wp\/v2\/posts"}],"about":[{"href":"https:\/\/vosgesinfo.fr\/epinalinfo\/wp-json\/wp\/v2\/types\/post"}],"author":[{"embeddable":true,"href":"https:\/\/vosgesinfo.fr\/epinalinfo\/wp-json\/wp\/v2\/users\/52"}],"replies":[{"embeddable":true,"href":"https:\/\/vosgesinfo.fr\/epinalinfo\/wp-json\/wp\/v2\/comments?post=134809"}],"version-history":[{"count":1,"href":"https:\/\/vosgesinfo.fr\/epinalinfo\/wp-json\/wp\/v2\/posts\/134809\/revisions"}],"predecessor-version":[{"id":134811,"href":"https:\/\/vosgesinfo.fr\/epinalinfo\/wp-json\/wp\/v2\/posts\/134809\/revisions\/134811"}],"wp:featuredmedia":[{"embeddable":true,"href":"https:\/\/vosgesinfo.fr\/epinalinfo\/wp-json\/wp\/v2\/media\/134810"}],"wp:attachment":[{"href":"https:\/\/vosgesinfo.fr\/epinalinfo\/wp-json\/wp\/v2\/media?parent=134809"}],"wp:term":[{"taxonomy":"category","embeddable":true,"href":"https:\/\/vosgesinfo.fr\/epinalinfo\/wp-json\/wp\/v2\/categories?post=134809"},{"taxonomy":"post_tag","embeddable":true,"href":"https:\/\/vosgesinfo.fr\/epinalinfo\/wp-json\/wp\/v2\/tags?post=134809"}],"curies":[{"name":"wp","href":"https:\/\/api.w.org\/{rel}","templated":true}]}}