{"id":134832,"date":"2025-09-01T16:15:39","date_gmt":"2025-09-01T14:15:39","guid":{"rendered":"https:\/\/vosgesinfo.fr\/epinalinfo\/?p=134832"},"modified":"2025-09-01T16:15:39","modified_gmt":"2025-09-01T14:15:39","slug":"rambervillers-retrouve-sa-premiere-fleur-du-label-villes-et-villages-fleuris","status":"publish","type":"post","link":"https:\/\/vosgesinfo.fr\/epinalinfo\/2025\/09\/rambervillers-retrouve-sa-premiere-fleur-du-label-villes-et-villages-fleuris\/","title":{"rendered":"Rambervillers retrouve sa premi\u00e8re fleur du label \u00ab Villes et Villages Fleuris \u00bb"},"content":{"rendered":"<div id=\"attachment_81556\" style=\"width: 1034px\" class=\"wp-caption alignnone\"><a href=\"https:\/\/vosgesinfo.fr\/app\/uploads\/sites\/4\/2025\/09\/rambervillers-premiere-fleur-2.jpg\"><img decoding=\"async\" aria-describedby=\"caption-attachment-81556\" class=\"size-large wp-image-81556\" src=\"https:\/\/vosgesinfo.fr\/app\/uploads\/sites\/4\/2025\/09\/rambervillers-premiere-fleur-2-1024x768.jpg\" alt=\"\" width=\"1024\" height=\"768\" \/><\/a><p id=\"caption-attachment-81556\" class=\"wp-caption-text\">(Photographies Mairie de Rambervillers)<\/p><\/div>\n<h2 data-start=\"75\" data-end=\"304\"><strong>La ville de Rambervillers a obtenu \u00e0 nouveau sa premi\u00e8re fleur du label \u00ab Villes et Villages Fleuris \u00bb, ainsi que le Prix Sp\u00e9cial R\u00e9gional \u2013 Coup de C\u0153ur du Jury, \u00e0 la suite de la visite des \u00e9valuateurs le 1er juillet.<\/strong><\/h2>\n<p data-start=\"75\" data-end=\"304\"><!--more--><\/p>\n<h3 data-start=\"306\" data-end=\"338\"><strong>Une reconnaissance du jury<\/strong><\/h3>\n<p data-start=\"339\" data-end=\"890\">\u00ab La <strong data-start=\"344\" data-end=\"372\">qualit\u00e9 du fleurissement<\/strong>, l\u2019<strong data-start=\"376\" data-end=\"410\">entretien global de la commune<\/strong>, ont \u00e9t\u00e9 reconnus par le Jury. <strong data-start=\"442\" data-end=\"496\">Rambervillers est une commune o\u00f9 il fait bon vivre<\/strong> \u00e0 travers les actions men\u00e9es avec et pour la population et une <strong data-start=\"560\" data-end=\"581\">volont\u00e9 politique<\/strong> o\u00f9 toute personne est prise en consid\u00e9ration : <strong data-start=\"629\" data-end=\"677\">fleurs offertes aux a\u00een\u00e9s et aux commer\u00e7ants<\/strong>, <strong data-start=\"679\" data-end=\"711\">conseil municipal des jeunes<\/strong>\u2026 Le jury souligne la <strong data-start=\"733\" data-end=\"766\">motivation de la municipalit\u00e9<\/strong> pour l\u2019<strong data-start=\"774\" data-end=\"806\">effort effectu\u00e9 en une ann\u00e9e<\/strong> et pour cela, il a d\u00e9cid\u00e9 de vous attribuer la <strong data-start=\"854\" data-end=\"868\">1\u00e8re fleur<\/strong> et de vous d\u00e9cerner le <strong data-start=\"892\" data-end=\"925\">Coup de C\u0153ur du Jury R\u00e9gional<\/strong>. \u00bb<\/p>\n<h3 data-start=\"1197\" data-end=\"1228\"><strong>Une distinction r\u00e9gionale<\/strong><\/h3>\n<p data-start=\"1229\" data-end=\"1567\">Le jury, compos\u00e9 de <strong data-start=\"1249\" data-end=\"1263\">25 experts<\/strong>, a visit\u00e9 <strong data-start=\"1274\" data-end=\"1301\">80 communes en Lorraine<\/strong> au cours de l\u2019\u00e9t\u00e9. Rambervillers fait partie des <strong data-start=\"1351\" data-end=\"1399\">17 communes r\u00e9compens\u00e9es par un prix sp\u00e9cial<\/strong>, dont <strong data-start=\"1406\" data-end=\"1432\">8 Coup de C\u0153ur du Jury<\/strong>. La remise des distinctions, organis\u00e9e par l\u2019<strong data-start=\"1478\" data-end=\"1510\">Agence du Tourisme Grand Est<\/strong>, se tiendra le <strong data-start=\"1526\" data-end=\"1539\">9 octobre<\/strong> \u00e0 <strong data-start=\"1542\" data-end=\"1564\">Roville-aux-Ch\u00eanes<\/strong>.<\/p>\n<h3 data-start=\"1820\" data-end=\"1861\"><strong>Le label Villes et Villages Fleuris<\/strong><\/h3>\n<p data-start=\"1862\" data-end=\"2264\" data-is-last-node=\"\" data-is-only-node=\"\">Cr\u00e9\u00e9 il y a plus de <strong data-start=\"1882\" data-end=\"1892\">60 ans<\/strong>, le label national <strong data-start=\"1912\" data-end=\"1942\">Villes et Villages Fleuris<\/strong> r\u00e9compense les efforts des collectivit\u00e9s pour l\u2019<strong data-start=\"1991\" data-end=\"2028\">am\u00e9lioration de la qualit\u00e9 de vie<\/strong>, la <strong data-start=\"2033\" data-end=\"2068\">pr\u00e9servation de l\u2019environnement<\/strong>, l\u2019<strong data-start=\"2072\" data-end=\"2100\">identit\u00e9 des territoires<\/strong> et le <strong data-start=\"2107\" data-end=\"2131\">dynamisme \u00e9conomique<\/strong>. Plac\u00e9 sous le signe de la <strong data-start=\"2159\" data-end=\"2175\">biodiversit\u00e9<\/strong> et de la <strong data-start=\"2185\" data-end=\"2224\">gestion durable des espaces publics<\/strong>, il est ouvert \u00e0 toutes les communes.<\/p>\n<h3 data-start=\"892\" data-end=\"927\"><strong>Un cadre de vie mis en valeur<\/strong><\/h3>\n<p data-start=\"928\" data-end=\"1195\">L\u2019\u00e9quipe municipale souhaite, \u00e0 travers ce label, offrir aux habitants un <strong data-start=\"1002\" data-end=\"1038\">cadre de vie agr\u00e9able et durable<\/strong>, tout en valorisant le <strong data-start=\"1062\" data-end=\"1111\">patrimoine architectural, naturel et culturel<\/strong>. Massifs, fleurs et arbres participent \u00e0 rendre la ville plus vivante et color\u00e9e.<\/p>\n<h3 data-start=\"1569\" data-end=\"1597\"><strong>De la fleur \u00e0 la Terre<\/strong><\/h3>\n<p data-start=\"1598\" data-end=\"1818\">Dans cette dynamique, la Municipalit\u00e9 propose un parcours intitul\u00e9 <strong data-start=\"1665\" data-end=\"1695\">\u00ab De la fleur \u00e0 la terre \u00bb<\/strong>, une balade immersive permettant de d\u00e9couvrir autrement l\u2019histoire, le patrimoine et les tr\u00e9sors naturels de la commune.<\/p>\n\n\t\t<style type=\"text\/css\">\n\t\t\t#gallery-1 {\n\t\t\t\tmargin: auto;\n\t\t\t}\n\t\t\t#gallery-1 .gallery-item {\n\t\t\t\tfloat: left;\n\t\t\t\tmargin-top: 10px;\n\t\t\t\ttext-align: center;\n\t\t\t\twidth: 33%;\n\t\t\t}\n\t\t\t#gallery-1 img {\n\t\t\t\tborder: 2px solid #cfcfcf;\n\t\t\t}\n\t\t\t#gallery-1 .gallery-caption {\n\t\t\t\tmargin-left: 0;\n\t\t\t}\n\t\t\t\/* see gallery_shortcode() in wp-includes\/media.php *\/\n\t\t<\/style>\n\t\t<div id='gallery-1' class='gallery galleryid-134832 gallery-columns-3 gallery-size-thumbnail'><dl class='gallery-item'>\n\t\t\t<dt class='gallery-icon portrait'>\n\t\t\t\t<a href='https:\/\/vosgesinfo.fr\/app\/uploads\/sites\/3\/2025\/09\/rambervillers-premiere-fleur-1.jpg'><img decoding=\"async\" width=\"150\" height=\"150\" src=\"https:\/\/vosgesinfo.fr\/app\/uploads\/sites\/3\/2025\/09\/rambervillers-premiere-fleur-1-150x150.jpg\" class=\"attachment-thumbnail size-thumbnail\" alt=\"\" \/><\/a>\n\t\t\t<\/dt><\/dl><dl class='gallery-item'>\n\t\t\t<dt class='gallery-icon portrait'>\n\t\t\t\t<a href='https:\/\/vosgesinfo.fr\/app\/uploads\/sites\/3\/2025\/09\/rambervillers-premiere-fleur-3.jpg'><img decoding=\"async\" width=\"150\" height=\"150\" src=\"https:\/\/vosgesinfo.fr\/app\/uploads\/sites\/3\/2025\/09\/rambervillers-premiere-fleur-3-150x150.jpg\" class=\"attachment-thumbnail size-thumbnail\" alt=\"\" \/><\/a>\n\t\t\t<\/dt><\/dl>\n\t\t\t<br style='clear: both' \/>\n\t\t<\/div>\n\n","protected":false},"excerpt":{"rendered":"<p>La ville de Rambervillers a obtenu \u00e0 nouveau sa premi\u00e8re fleur du label \u00ab Villes et Villages Fleuris \u00bb, ainsi [&hellip;]<\/p>\n","protected":false},"author":46,"featured_media":134833,"comment_status":"open","ping_status":"open","sticky":false,"template":"","format":"standard","meta":{"footnotes":""},"categories":[22,16,24],"tags":[320,16974,7890],"class_list":["post-134832","post","type-post","status-publish","format-standard","has-post-thumbnail","hentry","category-a-la-une","category-environnement","category-epinal","tag-rambervillers","tag-rambervillers-retrouve-sa-premiere-fleur","tag-villes-et-villages-fleuris"],"acf":[],"yoast_head":"<!-- This site is optimized with the Yoast SEO plugin v22.5 - https:\/\/yoast.com\/wordpress\/plugins\/seo\/ -->\n<title>Rambervillers retrouve sa premi\u00e8re fleur du label \u00ab Villes et Villages Fleuris \u00bb - Epinal Info<\/title>\n<meta name=\"robots\" content=\"index, follow, max-snippet:-1, max-image-preview:large, max-video-preview:-1\" \/>\n<link rel=\"canonical\" href=\"https:\/\/vosgesinfo.fr\/epinalinfo\/2025\/09\/rambervillers-retrouve-sa-premiere-fleur-du-label-villes-et-villages-fleuris\/\" \/>\n<meta name=\"twitter:card\" content=\"summary_large_image\" \/>\n<meta name=\"twitter:title\" content=\"Rambervillers retrouve sa premi\u00e8re fleur du label \u00ab Villes et Villages Fleuris \u00bb - Epinal Info\" \/>\n<meta name=\"twitter:description\" content=\"La ville de Rambervillers a obtenu \u00e0 nouveau sa premi\u00e8re fleur du label \u00ab Villes et Villages Fleuris \u00bb, ainsi [&hellip;]\" \/>\n<meta name=\"twitter:image\" content=\"https:\/\/vosgesinfo.fr\/app\/uploads\/sites\/3\/2025\/09\/rambervillers-premiere-fleur-2.jpg\" \/>\n<meta name=\"twitter:creator\" content=\"@VosgesInfo88\" \/>\n<meta name=\"twitter:site\" content=\"@VosgesInfo88\" \/>\n<meta name=\"twitter:label1\" content=\"\u00c9crit par\" \/>\n\t<meta name=\"twitter:data1\" content=\"J.J.\" \/>\n\t<meta name=\"twitter:label2\" content=\"Dur\u00e9e de lecture estim\u00e9e\" \/>\n\t<meta name=\"twitter:data2\" content=\"2 minutes\" \/>\n<script type=\"application\/ld+json\" class=\"yoast-schema-graph\">{\"@context\":\"https:\/\/schema.org\",\"@graph\":[{\"@type\":\"Article\",\"@id\":\"https:\/\/vosgesinfo.fr\/epinalinfo\/2025\/09\/rambervillers-retrouve-sa-premiere-fleur-du-label-villes-et-villages-fleuris\/#article\",\"isPartOf\":{\"@id\":\"https:\/\/vosgesinfo.fr\/epinalinfo\/2025\/09\/rambervillers-retrouve-sa-premiere-fleur-du-label-villes-et-villages-fleuris\/\"},\"author\":{\"name\":\"J.J.\",\"@id\":\"https:\/\/vosgesinfo.fr\/epinalinfo\/#\/schema\/person\/fa73e9f726d67bb88f46d5b7943cb572\"},\"headline\":\"Rambervillers retrouve sa premi\u00e8re fleur du label \u00ab Villes et Villages Fleuris \u00bb\",\"datePublished\":\"2025-09-01T14:15:39+00:00\",\"dateModified\":\"2025-09-01T14:15:39+00:00\",\"mainEntityOfPage\":{\"@id\":\"https:\/\/vosgesinfo.fr\/epinalinfo\/2025\/09\/rambervillers-retrouve-sa-premiere-fleur-du-label-villes-et-villages-fleuris\/\"},\"wordCount\":391,\"commentCount\":0,\"publisher\":{\"@id\":\"https:\/\/vosgesinfo.fr\/epinalinfo\/#organization\"},\"image\":{\"@id\":\"https:\/\/vosgesinfo.fr\/epinalinfo\/2025\/09\/rambervillers-retrouve-sa-premiere-fleur-du-label-villes-et-villages-fleuris\/#primaryimage\"},\"thumbnailUrl\":\"https:\/\/vosgesinfo.fr\/app\/uploads\/sites\/3\/2025\/09\/rambervillers-premiere-fleur-2.jpg\",\"keywords\":[\"Rambervillers\",\"Rambervillers retrouve sa premi\u00e8re fleur\",\"Villes et Villages Fleuris\"],\"articleSection\":[\"A la Une\",\"Environnement\",\"Epinal\"],\"inLanguage\":\"fr-FR\",\"potentialAction\":[{\"@type\":\"CommentAction\",\"name\":\"Comment\",\"target\":[\"https:\/\/vosgesinfo.fr\/epinalinfo\/2025\/09\/rambervillers-retrouve-sa-premiere-fleur-du-label-villes-et-villages-fleuris\/#respond\"]}]},{\"@type\":\"WebPage\",\"@id\":\"https:\/\/vosgesinfo.fr\/epinalinfo\/2025\/09\/rambervillers-retrouve-sa-premiere-fleur-du-label-villes-et-villages-fleuris\/\",\"url\":\"https:\/\/vosgesinfo.fr\/epinalinfo\/2025\/09\/rambervillers-retrouve-sa-premiere-fleur-du-label-villes-et-villages-fleuris\/\",\"name\":\"Rambervillers retrouve sa premi\u00e8re fleur du label \u00ab Villes et Villages Fleuris \u00bb - Epinal Info\",\"isPartOf\":{\"@id\":\"https:\/\/vosgesinfo.fr\/epinalinfo\/#website\"},\"primaryImageOfPage\":{\"@id\":\"https:\/\/vosgesinfo.fr\/epinalinfo\/2025\/09\/rambervillers-retrouve-sa-premiere-fleur-du-label-villes-et-villages-fleuris\/#primaryimage\"},\"image\":{\"@id\":\"https:\/\/vosgesinfo.fr\/epinalinfo\/2025\/09\/rambervillers-retrouve-sa-premiere-fleur-du-label-villes-et-villages-fleuris\/#primaryimage\"},\"thumbnailUrl\":\"https:\/\/vosgesinfo.fr\/app\/uploads\/sites\/3\/2025\/09\/rambervillers-premiere-fleur-2.jpg\",\"datePublished\":\"2025-09-01T14:15:39+00:00\",\"dateModified\":\"2025-09-01T14:15:39+00:00\",\"breadcrumb\":{\"@id\":\"https:\/\/vosgesinfo.fr\/epinalinfo\/2025\/09\/rambervillers-retrouve-sa-premiere-fleur-du-label-villes-et-villages-fleuris\/#breadcrumb\"},\"inLanguage\":\"fr-FR\",\"potentialAction\":[{\"@type\":\"ReadAction\",\"target\":[\"https:\/\/vosgesinfo.fr\/epinalinfo\/2025\/09\/rambervillers-retrouve-sa-premiere-fleur-du-label-villes-et-villages-fleuris\/\"]}]},{\"@type\":\"ImageObject\",\"inLanguage\":\"fr-FR\",\"@id\":\"https:\/\/vosgesinfo.fr\/epinalinfo\/2025\/09\/rambervillers-retrouve-sa-premiere-fleur-du-label-villes-et-villages-fleuris\/#primaryimage\",\"url\":\"https:\/\/vosgesinfo.fr\/app\/uploads\/sites\/3\/2025\/09\/rambervillers-premiere-fleur-2.jpg\",\"contentUrl\":\"https:\/\/vosgesinfo.fr\/app\/uploads\/sites\/3\/2025\/09\/rambervillers-premiere-fleur-2.jpg\",\"width\":2000,\"height\":1500},{\"@type\":\"BreadcrumbList\",\"@id\":\"https:\/\/vosgesinfo.fr\/epinalinfo\/2025\/09\/rambervillers-retrouve-sa-premiere-fleur-du-label-villes-et-villages-fleuris\/#breadcrumb\",\"itemListElement\":[{\"@type\":\"ListItem\",\"position\":1,\"name\":\"Home\",\"item\":\"https:\/\/vosgesinfo.fr\/epinalinfo\/\"},{\"@type\":\"ListItem\",\"position\":2,\"name\":\"Rambervillers retrouve sa premi\u00e8re fleur du label \u00ab Villes et Villages Fleuris \u00bb\"}]},{\"@type\":\"WebSite\",\"@id\":\"https:\/\/vosgesinfo.fr\/epinalinfo\/#website\",\"url\":\"https:\/\/vosgesinfo.fr\/epinalinfo\/\",\"name\":\"Epinal Info\",\"description\":\"Toute l&#039;actualit\u00e9 d&#039;\u00c9pinal\",\"publisher\":{\"@id\":\"https:\/\/vosgesinfo.fr\/epinalinfo\/#organization\"},\"alternateName\":\"Toute l'actualit\u00e9 d'\u00c9pinal\",\"potentialAction\":[{\"@type\":\"SearchAction\",\"target\":{\"@type\":\"EntryPoint\",\"urlTemplate\":\"https:\/\/vosgesinfo.fr\/epinalinfo\/?s={search_term_string}\"},\"query-input\":\"required name=search_term_string\"}],\"inLanguage\":\"fr-FR\"},{\"@type\":\"Organization\",\"@id\":\"https:\/\/vosgesinfo.fr\/epinalinfo\/#organization\",\"name\":\"Epinal Info\",\"url\":\"https:\/\/vosgesinfo.fr\/epinalinfo\/\",\"logo\":{\"@type\":\"ImageObject\",\"inLanguage\":\"fr-FR\",\"@id\":\"https:\/\/vosgesinfo.fr\/epinalinfo\/#\/schema\/logo\/image\/\",\"url\":\"https:\/\/vosgesinfo.fr\/app\/uploads\/sites\/3\/2023\/08\/logo-epinalinfos.svg\",\"contentUrl\":\"https:\/\/vosgesinfo.fr\/app\/uploads\/sites\/3\/2023\/08\/logo-epinalinfos.svg\",\"width\":1,\"height\":1,\"caption\":\"Epinal Info\"},\"image\":{\"@id\":\"https:\/\/vosgesinfo.fr\/epinalinfo\/#\/schema\/logo\/image\/\"},\"sameAs\":[\"https:\/\/www.facebook.com\/Epinalinfos\",\"https:\/\/x.com\/VosgesInfo88\",\"https:\/\/www.youtube.com\/@vosgesinfo\"]},{\"@type\":\"Person\",\"@id\":\"https:\/\/vosgesinfo.fr\/epinalinfo\/#\/schema\/person\/fa73e9f726d67bb88f46d5b7943cb572\",\"name\":\"J.J.\",\"image\":{\"@type\":\"ImageObject\",\"inLanguage\":\"fr-FR\",\"@id\":\"https:\/\/vosgesinfo.fr\/epinalinfo\/#\/schema\/person\/image\/\",\"url\":\"https:\/\/secure.gravatar.com\/avatar\/219e749e47ffbcca018a360ae4add7d4cdf1cdaaf8bc7676b27efade3fe65615?s=96&d=mm&r=g\",\"contentUrl\":\"https:\/\/secure.gravatar.com\/avatar\/219e749e47ffbcca018a360ae4add7d4cdf1cdaaf8bc7676b27efade3fe65615?s=96&d=mm&r=g\",\"caption\":\"J.J.\"},\"url\":\"https:\/\/vosgesinfo.fr\/epinalinfo\/author\/j-j\/\"}]}<\/script>\n<!-- \/ Yoast SEO plugin. -->","yoast_head_json":{"title":"Rambervillers retrouve sa premi\u00e8re fleur du label \u00ab Villes et Villages Fleuris \u00bb - Epinal Info","robots":{"index":"index","follow":"follow","max-snippet":"max-snippet:-1","max-image-preview":"max-image-preview:large","max-video-preview":"max-video-preview:-1"},"canonical":"https:\/\/vosgesinfo.fr\/epinalinfo\/2025\/09\/rambervillers-retrouve-sa-premiere-fleur-du-label-villes-et-villages-fleuris\/","twitter_card":"summary_large_image","twitter_title":"Rambervillers retrouve sa premi\u00e8re fleur du label \u00ab Villes et Villages Fleuris \u00bb - Epinal Info","twitter_description":"La ville de Rambervillers a obtenu \u00e0 nouveau sa premi\u00e8re fleur du label \u00ab Villes et Villages Fleuris \u00bb, ainsi [&hellip;]","twitter_image":"https:\/\/vosgesinfo.fr\/app\/uploads\/sites\/3\/2025\/09\/rambervillers-premiere-fleur-2.jpg","twitter_creator":"@VosgesInfo88","twitter_site":"@VosgesInfo88","twitter_misc":{"\u00c9crit par":"J.J.","Dur\u00e9e de lecture estim\u00e9e":"2 minutes"},"schema":{"@context":"https:\/\/schema.org","@graph":[{"@type":"Article","@id":"https:\/\/vosgesinfo.fr\/epinalinfo\/2025\/09\/rambervillers-retrouve-sa-premiere-fleur-du-label-villes-et-villages-fleuris\/#article","isPartOf":{"@id":"https:\/\/vosgesinfo.fr\/epinalinfo\/2025\/09\/rambervillers-retrouve-sa-premiere-fleur-du-label-villes-et-villages-fleuris\/"},"author":{"name":"J.J.","@id":"https:\/\/vosgesinfo.fr\/epinalinfo\/#\/schema\/person\/fa73e9f726d67bb88f46d5b7943cb572"},"headline":"Rambervillers retrouve sa premi\u00e8re fleur du label \u00ab Villes et Villages Fleuris \u00bb","datePublished":"2025-09-01T14:15:39+00:00","dateModified":"2025-09-01T14:15:39+00:00","mainEntityOfPage":{"@id":"https:\/\/vosgesinfo.fr\/epinalinfo\/2025\/09\/rambervillers-retrouve-sa-premiere-fleur-du-label-villes-et-villages-fleuris\/"},"wordCount":391,"commentCount":0,"publisher":{"@id":"https:\/\/vosgesinfo.fr\/epinalinfo\/#organization"},"image":{"@id":"https:\/\/vosgesinfo.fr\/epinalinfo\/2025\/09\/rambervillers-retrouve-sa-premiere-fleur-du-label-villes-et-villages-fleuris\/#primaryimage"},"thumbnailUrl":"https:\/\/vosgesinfo.fr\/app\/uploads\/sites\/3\/2025\/09\/rambervillers-premiere-fleur-2.jpg","keywords":["Rambervillers","Rambervillers retrouve sa premi\u00e8re fleur","Villes et Villages Fleuris"],"articleSection":["A la Une","Environnement","Epinal"],"inLanguage":"fr-FR","potentialAction":[{"@type":"CommentAction","name":"Comment","target":["https:\/\/vosgesinfo.fr\/epinalinfo\/2025\/09\/rambervillers-retrouve-sa-premiere-fleur-du-label-villes-et-villages-fleuris\/#respond"]}]},{"@type":"WebPage","@id":"https:\/\/vosgesinfo.fr\/epinalinfo\/2025\/09\/rambervillers-retrouve-sa-premiere-fleur-du-label-villes-et-villages-fleuris\/","url":"https:\/\/vosgesinfo.fr\/epinalinfo\/2025\/09\/rambervillers-retrouve-sa-premiere-fleur-du-label-villes-et-villages-fleuris\/","name":"Rambervillers retrouve sa premi\u00e8re fleur du label \u00ab Villes et Villages Fleuris \u00bb - Epinal Info","isPartOf":{"@id":"https:\/\/vosgesinfo.fr\/epinalinfo\/#website"},"primaryImageOfPage":{"@id":"https:\/\/vosgesinfo.fr\/epinalinfo\/2025\/09\/rambervillers-retrouve-sa-premiere-fleur-du-label-villes-et-villages-fleuris\/#primaryimage"},"image":{"@id":"https:\/\/vosgesinfo.fr\/epinalinfo\/2025\/09\/rambervillers-retrouve-sa-premiere-fleur-du-label-villes-et-villages-fleuris\/#primaryimage"},"thumbnailUrl":"https:\/\/vosgesinfo.fr\/app\/uploads\/sites\/3\/2025\/09\/rambervillers-premiere-fleur-2.jpg","datePublished":"2025-09-01T14:15:39+00:00","dateModified":"2025-09-01T14:15:39+00:00","breadcrumb":{"@id":"https:\/\/vosgesinfo.fr\/epinalinfo\/2025\/09\/rambervillers-retrouve-sa-premiere-fleur-du-label-villes-et-villages-fleuris\/#breadcrumb"},"inLanguage":"fr-FR","potentialAction":[{"@type":"ReadAction","target":["https:\/\/vosgesinfo.fr\/epinalinfo\/2025\/09\/rambervillers-retrouve-sa-premiere-fleur-du-label-villes-et-villages-fleuris\/"]}]},{"@type":"ImageObject","inLanguage":"fr-FR","@id":"https:\/\/vosgesinfo.fr\/epinalinfo\/2025\/09\/rambervillers-retrouve-sa-premiere-fleur-du-label-villes-et-villages-fleuris\/#primaryimage","url":"https:\/\/vosgesinfo.fr\/app\/uploads\/sites\/3\/2025\/09\/rambervillers-premiere-fleur-2.jpg","contentUrl":"https:\/\/vosgesinfo.fr\/app\/uploads\/sites\/3\/2025\/09\/rambervillers-premiere-fleur-2.jpg","width":2000,"height":1500},{"@type":"BreadcrumbList","@id":"https:\/\/vosgesinfo.fr\/epinalinfo\/2025\/09\/rambervillers-retrouve-sa-premiere-fleur-du-label-villes-et-villages-fleuris\/#breadcrumb","itemListElement":[{"@type":"ListItem","position":1,"name":"Home","item":"https:\/\/vosgesinfo.fr\/epinalinfo\/"},{"@type":"ListItem","position":2,"name":"Rambervillers retrouve sa premi\u00e8re fleur du label \u00ab Villes et Villages Fleuris \u00bb"}]},{"@type":"WebSite","@id":"https:\/\/vosgesinfo.fr\/epinalinfo\/#website","url":"https:\/\/vosgesinfo.fr\/epinalinfo\/","name":"Epinal Info","description":"Toute l&#039;actualit\u00e9 d&#039;\u00c9pinal","publisher":{"@id":"https:\/\/vosgesinfo.fr\/epinalinfo\/#organization"},"alternateName":"Toute l'actualit\u00e9 d'\u00c9pinal","potentialAction":[{"@type":"SearchAction","target":{"@type":"EntryPoint","urlTemplate":"https:\/\/vosgesinfo.fr\/epinalinfo\/?s={search_term_string}"},"query-input":"required name=search_term_string"}],"inLanguage":"fr-FR"},{"@type":"Organization","@id":"https:\/\/vosgesinfo.fr\/epinalinfo\/#organization","name":"Epinal Info","url":"https:\/\/vosgesinfo.fr\/epinalinfo\/","logo":{"@type":"ImageObject","inLanguage":"fr-FR","@id":"https:\/\/vosgesinfo.fr\/epinalinfo\/#\/schema\/logo\/image\/","url":"https:\/\/vosgesinfo.fr\/app\/uploads\/sites\/3\/2023\/08\/logo-epinalinfos.svg","contentUrl":"https:\/\/vosgesinfo.fr\/app\/uploads\/sites\/3\/2023\/08\/logo-epinalinfos.svg","width":1,"height":1,"caption":"Epinal Info"},"image":{"@id":"https:\/\/vosgesinfo.fr\/epinalinfo\/#\/schema\/logo\/image\/"},"sameAs":["https:\/\/www.facebook.com\/Epinalinfos","https:\/\/x.com\/VosgesInfo88","https:\/\/www.youtube.com\/@vosgesinfo"]},{"@type":"Person","@id":"https:\/\/vosgesinfo.fr\/epinalinfo\/#\/schema\/person\/fa73e9f726d67bb88f46d5b7943cb572","name":"J.J.","image":{"@type":"ImageObject","inLanguage":"fr-FR","@id":"https:\/\/vosgesinfo.fr\/epinalinfo\/#\/schema\/person\/image\/","url":"https:\/\/secure.gravatar.com\/avatar\/219e749e47ffbcca018a360ae4add7d4cdf1cdaaf8bc7676b27efade3fe65615?s=96&d=mm&r=g","contentUrl":"https:\/\/secure.gravatar.com\/avatar\/219e749e47ffbcca018a360ae4add7d4cdf1cdaaf8bc7676b27efade3fe65615?s=96&d=mm&r=g","caption":"J.J."},"url":"https:\/\/vosgesinfo.fr\/epinalinfo\/author\/j-j\/"}]}},"_links":{"self":[{"href":"https:\/\/vosgesinfo.fr\/epinalinfo\/wp-json\/wp\/v2\/posts\/134832","targetHints":{"allow":["GET"]}}],"collection":[{"href":"https:\/\/vosgesinfo.fr\/epinalinfo\/wp-json\/wp\/v2\/posts"}],"about":[{"href":"https:\/\/vosgesinfo.fr\/epinalinfo\/wp-json\/wp\/v2\/types\/post"}],"author":[{"embeddable":true,"href":"https:\/\/vosgesinfo.fr\/epinalinfo\/wp-json\/wp\/v2\/users\/46"}],"replies":[{"embeddable":true,"href":"https:\/\/vosgesinfo.fr\/epinalinfo\/wp-json\/wp\/v2\/comments?post=134832"}],"version-history":[{"count":0,"href":"https:\/\/vosgesinfo.fr\/epinalinfo\/wp-json\/wp\/v2\/posts\/134832\/revisions"}],"wp:featuredmedia":[{"embeddable":true,"href":"https:\/\/vosgesinfo.fr\/epinalinfo\/wp-json\/wp\/v2\/media\/134833"}],"wp:attachment":[{"href":"https:\/\/vosgesinfo.fr\/epinalinfo\/wp-json\/wp\/v2\/media?parent=134832"}],"wp:term":[{"taxonomy":"category","embeddable":true,"href":"https:\/\/vosgesinfo.fr\/epinalinfo\/wp-json\/wp\/v2\/categories?post=134832"},{"taxonomy":"post_tag","embeddable":true,"href":"https:\/\/vosgesinfo.fr\/epinalinfo\/wp-json\/wp\/v2\/tags?post=134832"}],"curies":[{"name":"wp","href":"https:\/\/api.w.org\/{rel}","templated":true}]}}