{"id":134836,"date":"2025-09-01T20:15:35","date_gmt":"2025-09-01T18:15:35","guid":{"rendered":"https:\/\/vosgesinfo.fr\/epinalinfo\/?p=134836"},"modified":"2025-09-01T20:12:24","modified_gmt":"2025-09-01T18:12:24","slug":"une-rentree-sous-le-signe-de-lart-a-lecole-saint-goery-depinal","status":"publish","type":"post","link":"https:\/\/vosgesinfo.fr\/epinalinfo\/2025\/09\/une-rentree-sous-le-signe-de-lart-a-lecole-saint-goery-depinal\/","title":{"rendered":"Une rentr\u00e9e sous le signe de l\u2019art \u00e0 l\u2019\u00e9cole Saint-Go\u00ebry d\u2019\u00c9pinal"},"content":{"rendered":"<h2 data-start=\"182\" data-end=\"603\"><strong><a href=\"https:\/\/vosgesinfo.fr\/app\/uploads\/sites\/3\/2025\/09\/img-20250901-133717.jpg\"><img decoding=\"async\" class=\"aligncenter size-full wp-image-134837\" src=\"https:\/\/vosgesinfo.fr\/app\/uploads\/sites\/3\/2025\/09\/img-20250901-133717.jpg\" alt=\"\" width=\"1400\" height=\"1517\" srcset=\"https:\/\/vosgesinfo.fr\/app\/uploads\/sites\/3\/2025\/09\/img-20250901-133717.jpg 1400w, https:\/\/vosgesinfo.fr\/app\/uploads\/sites\/3\/2025\/09\/img-20250901-133717-277x300.jpg 277w, https:\/\/vosgesinfo.fr\/app\/uploads\/sites\/3\/2025\/09\/img-20250901-133717-945x1024.jpg 945w, https:\/\/vosgesinfo.fr\/app\/uploads\/sites\/3\/2025\/09\/img-20250901-133717-768x832.jpg 768w\" sizes=\"(max-width: 1400px) 100vw, 1400px\" \/><\/a>Les \u00e9l\u00e8ves de l\u2019\u00e9cole Saint-Go\u00ebry d\u2019\u00c9pinal ont repris le chemin des classes dans une ambiance sereine et enthousiaste. Cette ann\u00e9e, l\u2019\u00e9tablissement accueille 422 \u00e9l\u00e8ves, un chiffre en l\u00e9g\u00e8re hausse par rapport \u00e0 l\u2019an dernier (412 \u00e9l\u00e8ves). \u00ab On a d\u00fb refuser des demandes, nous avons eu davantage de sollicitations. On est tr\u00e8s content de cette rentr\u00e9e scolaire \u00bb, se r\u00e9jouit Romuald Dubois, directeur de l\u2019\u00e9cole.<\/strong><\/h2>\n<h3 data-start=\"605\" data-end=\"661\">Des effectifs \u00e9quilibr\u00e9s et des classes dynamiques<\/h3>\n<p data-start=\"662\" data-end=\"891\">Les enfants sont r\u00e9partis entre 144 \u00e9l\u00e8ves en maternelle et 278 en \u00e9l\u00e9mentaire, avec des effectifs oscillant entre 22 et 28 \u00e9l\u00e8ves par classe. De quoi garantir \u00e0 la fois un suivi attentif et une vie de groupe dynamique.<\/p>\n<h3 data-start=\"893\" data-end=\"925\">L\u2019art comme fil conducteur<\/h3>\n<p data-start=\"926\" data-end=\"1156\">Pour 2025, le projet p\u00e9dagogique s\u2019articule autour d\u2019un fil rouge : l\u2019art. Les \u00e9quipes enseignantes souhaitent stimuler la cr\u00e9ativit\u00e9 des \u00e9l\u00e8ves \u00e0 travers diff\u00e9rentes activit\u00e9s et projets artistiques tout au long de l\u2019ann\u00e9e.<\/p>\n<h3 data-start=\"1158\" data-end=\"1187\">Bien-\u00eatre et pr\u00e9vention<\/h3>\n<p data-start=\"1188\" data-end=\"1599\">Un autre axe fort de cette rentr\u00e9e concerne la bien-traitance \u00e9ducative. L\u2019\u00e9cole poursuit son engagement avec le programme 3PF (Programme de Protection des Publics Fragiles), qui vise \u00e0 pr\u00e9venir le harc\u00e8lement physique et moral. Une commission compos\u00e9e de parents est d\u00e9j\u00e0 \u00e0 l\u2019\u0153uvre pour r\u00e9fl\u00e9chir \u00e0 des actions concr\u00e8tes, tandis qu\u2019un diagnostic est men\u00e9 pour am\u00e9liorer les dispositifs existants.<\/p>\n<p data-start=\"1601\" data-end=\"1649\">La sant\u00e9 est \u00e9galement au c\u0153ur des priorit\u00e9s :<\/p>\n<ul data-start=\"1650\" data-end=\"2026\">\n<li data-start=\"1650\" data-end=\"1841\">\n<p data-start=\"1652\" data-end=\"1841\">Sant\u00e9 mentale et physique : mise en place de 30 minutes d\u2019activit\u00e9 physique quotidienne, que ce soit via l\u2019\u00ab \u00e9quiscolarit\u00e9 \u00bb en moyenne section ou des jeux en d\u00e9but de r\u00e9cr\u00e9ation.<\/p>\n<\/li>\n<li data-start=\"1842\" data-end=\"2026\">\n<p data-start=\"1844\" data-end=\"2026\">Alimentation : suppression des aliments ultra-transform\u00e9s et du go\u00fbter du matin, au profit d\u2019un travail de sensibilisation autour d\u2019un petit d\u00e9jeuner sal\u00e9 pris \u00e0 la maison.<\/p>\n<\/li>\n<\/ul>\n<h3 data-start=\"2028\" data-end=\"2072\">Une \u00e9cole tourn\u00e9e vers l\u2019environnement<\/h3>\n<p data-start=\"2073\" data-end=\"2445\">La v\u00e9g\u00e9talisation de l\u2019\u00e9tablissement se poursuit : des arbres seront plant\u00e9s \u00e0 la Toussaint et des potagers prendront place dans les cours de maternelle et d\u2019\u00e9l\u00e9mentaire. Un poulailler vient \u00e9galement d\u2019\u00eatre install\u00e9 et accueillera deux ou trois poules d\u00e8s la semaine prochaine. Les enfants auront la joie de leur donner un pr\u00e9nom et de participer \u00e0 leurs soins.<\/p>\n<h3 data-start=\"2447\" data-end=\"2474\">Une \u00e9quipe renouvel\u00e9e<\/h3>\n<p data-start=\"2475\" data-end=\"2878\">L\u2019ann\u00e9e scolaire s\u2019ouvre aussi sur quelques changements parmi les enseignants. Deux figures de l\u2019\u00e9cole, Mme Pascale Joseph et Mme \u00c9lisabeth Pedotti, ont fait valoir leurs droits \u00e0 la retraite. Par ailleurs, une classe de moyenne section sera assur\u00e9e en bin\u00f4me par Mme Brunet et Mme Romary. Le dispositif d\u2019aide sp\u00e9cialis\u00e9e sera, quant \u00e0 lui, pris en charge par Mme Chenot et Mme Morel.<\/p>\n<p data-start=\"2880\" data-end=\"3004\">Enfin, l\u2019\u00e9cole accueillera deux jeunes en service civique charg\u00e9s de soutenir la mise en place des diff\u00e9rents projets.<\/p>\n\n\t\t<style type=\"text\/css\">\n\t\t\t#gallery-1 {\n\t\t\t\tmargin: auto;\n\t\t\t}\n\t\t\t#gallery-1 .gallery-item {\n\t\t\t\tfloat: left;\n\t\t\t\tmargin-top: 10px;\n\t\t\t\ttext-align: center;\n\t\t\t\twidth: 33%;\n\t\t\t}\n\t\t\t#gallery-1 img {\n\t\t\t\tborder: 2px solid #cfcfcf;\n\t\t\t}\n\t\t\t#gallery-1 .gallery-caption {\n\t\t\t\tmargin-left: 0;\n\t\t\t}\n\t\t\t\/* see gallery_shortcode() in wp-includes\/media.php *\/\n\t\t<\/style>\n\t\t<div id='gallery-1' class='gallery galleryid-134836 gallery-columns-3 gallery-size-large'><dl class='gallery-item'>\n\t\t\t<dt class='gallery-icon landscape'>\n\t\t\t\t<a href='https:\/\/vosgesinfo.fr\/app\/uploads\/sites\/3\/2025\/09\/img-20250901-134041.jpg'><img decoding=\"async\" width=\"1024\" height=\"771\" src=\"https:\/\/vosgesinfo.fr\/app\/uploads\/sites\/3\/2025\/09\/img-20250901-134041-1024x771.jpg\" class=\"attachment-large size-large\" alt=\"\" srcset=\"https:\/\/vosgesinfo.fr\/app\/uploads\/sites\/3\/2025\/09\/img-20250901-134041-1024x771.jpg 1024w, https:\/\/vosgesinfo.fr\/app\/uploads\/sites\/3\/2025\/09\/img-20250901-134041-300x226.jpg 300w, https:\/\/vosgesinfo.fr\/app\/uploads\/sites\/3\/2025\/09\/img-20250901-134041-768x578.jpg 768w, https:\/\/vosgesinfo.fr\/app\/uploads\/sites\/3\/2025\/09\/img-20250901-134041-1536x1157.jpg 1536w, https:\/\/vosgesinfo.fr\/app\/uploads\/sites\/3\/2025\/09\/img-20250901-134041.jpg 2040w\" sizes=\"(max-width: 1024px) 100vw, 1024px\" \/><\/a>\n\t\t\t<\/dt><\/dl><dl class='gallery-item'>\n\t\t\t<dt class='gallery-icon landscape'>\n\t\t\t\t<a href='https:\/\/vosgesinfo.fr\/app\/uploads\/sites\/3\/2025\/09\/rentree-ecole-saint-goery.jpg'><img decoding=\"async\" width=\"1024\" height=\"771\" src=\"https:\/\/vosgesinfo.fr\/app\/uploads\/sites\/3\/2025\/09\/rentree-ecole-saint-goery-1024x771.jpg\" class=\"attachment-large size-large\" alt=\"\" srcset=\"https:\/\/vosgesinfo.fr\/app\/uploads\/sites\/3\/2025\/09\/rentree-ecole-saint-goery-1024x771.jpg 1024w, https:\/\/vosgesinfo.fr\/app\/uploads\/sites\/3\/2025\/09\/rentree-ecole-saint-goery-300x226.jpg 300w, https:\/\/vosgesinfo.fr\/app\/uploads\/sites\/3\/2025\/09\/rentree-ecole-saint-goery-768x578.jpg 768w, https:\/\/vosgesinfo.fr\/app\/uploads\/sites\/3\/2025\/09\/rentree-ecole-saint-goery-1536x1157.jpg 1536w, https:\/\/vosgesinfo.fr\/app\/uploads\/sites\/3\/2025\/09\/rentree-ecole-saint-goery.jpg 2040w\" sizes=\"(max-width: 1024px) 100vw, 1024px\" \/><\/a>\n\t\t\t<\/dt><\/dl><dl class='gallery-item'>\n\t\t\t<dt class='gallery-icon landscape'>\n\t\t\t\t<a href='https:\/\/vosgesinfo.fr\/app\/uploads\/sites\/3\/2025\/09\/rentree-ecole-saint-goery2.jpg'><img decoding=\"async\" width=\"1024\" height=\"771\" src=\"https:\/\/vosgesinfo.fr\/app\/uploads\/sites\/3\/2025\/09\/rentree-ecole-saint-goery2-1024x771.jpg\" class=\"attachment-large size-large\" alt=\"\" srcset=\"https:\/\/vosgesinfo.fr\/app\/uploads\/sites\/3\/2025\/09\/rentree-ecole-saint-goery2-1024x771.jpg 1024w, https:\/\/vosgesinfo.fr\/app\/uploads\/sites\/3\/2025\/09\/rentree-ecole-saint-goery2-300x226.jpg 300w, https:\/\/vosgesinfo.fr\/app\/uploads\/sites\/3\/2025\/09\/rentree-ecole-saint-goery2-768x578.jpg 768w, https:\/\/vosgesinfo.fr\/app\/uploads\/sites\/3\/2025\/09\/rentree-ecole-saint-goery2-1536x1157.jpg 1536w, https:\/\/vosgesinfo.fr\/app\/uploads\/sites\/3\/2025\/09\/rentree-ecole-saint-goery2.jpg 2040w\" sizes=\"(max-width: 1024px) 100vw, 1024px\" \/><\/a>\n\t\t\t<\/dt><\/dl><br style=\"clear: both\" \/><dl class='gallery-item'>\n\t\t\t<dt class='gallery-icon landscape'>\n\t\t\t\t<a href='https:\/\/vosgesinfo.fr\/app\/uploads\/sites\/3\/2025\/09\/rentree-ecole-saint-goery3.jpg'><img decoding=\"async\" width=\"1024\" height=\"771\" src=\"https:\/\/vosgesinfo.fr\/app\/uploads\/sites\/3\/2025\/09\/rentree-ecole-saint-goery3-1024x771.jpg\" class=\"attachment-large size-large\" alt=\"\" srcset=\"https:\/\/vosgesinfo.fr\/app\/uploads\/sites\/3\/2025\/09\/rentree-ecole-saint-goery3-1024x771.jpg 1024w, https:\/\/vosgesinfo.fr\/app\/uploads\/sites\/3\/2025\/09\/rentree-ecole-saint-goery3-300x226.jpg 300w, https:\/\/vosgesinfo.fr\/app\/uploads\/sites\/3\/2025\/09\/rentree-ecole-saint-goery3-768x578.jpg 768w, https:\/\/vosgesinfo.fr\/app\/uploads\/sites\/3\/2025\/09\/rentree-ecole-saint-goery3-1536x1157.jpg 1536w, https:\/\/vosgesinfo.fr\/app\/uploads\/sites\/3\/2025\/09\/rentree-ecole-saint-goery3.jpg 2040w\" sizes=\"(max-width: 1024px) 100vw, 1024px\" \/><\/a>\n\t\t\t<\/dt><\/dl><dl class='gallery-item'>\n\t\t\t<dt class='gallery-icon portrait'>\n\t\t\t\t<a href='https:\/\/vosgesinfo.fr\/app\/uploads\/sites\/3\/2025\/09\/img-20250901-133725.jpg'><img decoding=\"async\" width=\"771\" height=\"1024\" src=\"https:\/\/vosgesinfo.fr\/app\/uploads\/sites\/3\/2025\/09\/img-20250901-133725-771x1024.jpg\" class=\"attachment-large size-large\" alt=\"\" srcset=\"https:\/\/vosgesinfo.fr\/app\/uploads\/sites\/3\/2025\/09\/img-20250901-133725-771x1024.jpg 771w, https:\/\/vosgesinfo.fr\/app\/uploads\/sites\/3\/2025\/09\/img-20250901-133725-226x300.jpg 226w, https:\/\/vosgesinfo.fr\/app\/uploads\/sites\/3\/2025\/09\/img-20250901-133725-768x1020.jpg 768w, https:\/\/vosgesinfo.fr\/app\/uploads\/sites\/3\/2025\/09\/img-20250901-133725-1157x1536.jpg 1157w, https:\/\/vosgesinfo.fr\/app\/uploads\/sites\/3\/2025\/09\/img-20250901-133725.jpg 1536w\" sizes=\"(max-width: 771px) 100vw, 771px\" \/><\/a>\n\t\t\t<\/dt><\/dl><dl class='gallery-item'>\n\t\t\t<dt class='gallery-icon landscape'>\n\t\t\t\t<a href='https:\/\/vosgesinfo.fr\/app\/uploads\/sites\/3\/2025\/09\/img-20250901-134040.jpg'><img decoding=\"async\" width=\"1024\" height=\"771\" src=\"https:\/\/vosgesinfo.fr\/app\/uploads\/sites\/3\/2025\/09\/img-20250901-134040-1024x771.jpg\" class=\"attachment-large size-large\" alt=\"\" srcset=\"https:\/\/vosgesinfo.fr\/app\/uploads\/sites\/3\/2025\/09\/img-20250901-134040-1024x771.jpg 1024w, https:\/\/vosgesinfo.fr\/app\/uploads\/sites\/3\/2025\/09\/img-20250901-134040-300x226.jpg 300w, https:\/\/vosgesinfo.fr\/app\/uploads\/sites\/3\/2025\/09\/img-20250901-134040-768x578.jpg 768w, https:\/\/vosgesinfo.fr\/app\/uploads\/sites\/3\/2025\/09\/img-20250901-134040-1536x1157.jpg 1536w, https:\/\/vosgesinfo.fr\/app\/uploads\/sites\/3\/2025\/09\/img-20250901-134040.jpg 2040w\" sizes=\"(max-width: 1024px) 100vw, 1024px\" \/><\/a>\n\t\t\t<\/dt><\/dl><br style=\"clear: both\" \/>\n\t\t<\/div>\n\n","protected":false},"excerpt":{"rendered":"<p>Les \u00e9l\u00e8ves de l\u2019\u00e9cole Saint-Go\u00ebry d\u2019\u00c9pinal ont repris le chemin des classes dans une ambiance sereine et enthousiaste. Cette ann\u00e9e, [&hellip;]<\/p>\n","protected":false},"author":52,"featured_media":134837,"comment_status":"open","ping_status":"open","sticky":false,"template":"","format":"standard","meta":{"footnotes":""},"categories":[22,24],"tags":[],"class_list":["post-134836","post","type-post","status-publish","format-standard","has-post-thumbnail","hentry","category-a-la-une","category-epinal"],"acf":[],"yoast_head":"<!-- This site is optimized with the Yoast SEO plugin v22.5 - https:\/\/yoast.com\/wordpress\/plugins\/seo\/ -->\n<title>Une rentr\u00e9e sous le signe de l\u2019art \u00e0 l\u2019\u00e9cole Saint-Go\u00ebry d\u2019\u00c9pinal - Epinal Info<\/title>\n<meta name=\"robots\" content=\"index, follow, max-snippet:-1, max-image-preview:large, max-video-preview:-1\" \/>\n<link rel=\"canonical\" href=\"https:\/\/vosgesinfo.fr\/epinalinfo\/2025\/09\/une-rentree-sous-le-signe-de-lart-a-lecole-saint-goery-depinal\/\" \/>\n<meta name=\"twitter:card\" content=\"summary_large_image\" \/>\n<meta name=\"twitter:title\" content=\"Une rentr\u00e9e sous le signe de l\u2019art \u00e0 l\u2019\u00e9cole Saint-Go\u00ebry d\u2019\u00c9pinal - Epinal Info\" \/>\n<meta name=\"twitter:description\" content=\"Les \u00e9l\u00e8ves de l\u2019\u00e9cole Saint-Go\u00ebry d\u2019\u00c9pinal ont repris le chemin des classes dans une ambiance sereine et enthousiaste. Cette ann\u00e9e, [&hellip;]\" \/>\n<meta name=\"twitter:image\" content=\"https:\/\/vosgesinfo.fr\/app\/uploads\/sites\/3\/2025\/09\/img-20250901-133717.jpg\" \/>\n<meta name=\"twitter:creator\" content=\"@VosgesInfo88\" \/>\n<meta name=\"twitter:site\" content=\"@VosgesInfo88\" \/>\n<meta name=\"twitter:label1\" content=\"\u00c9crit par\" \/>\n\t<meta name=\"twitter:data1\" content=\"C.K.\" \/>\n\t<meta name=\"twitter:label2\" content=\"Dur\u00e9e de lecture estim\u00e9e\" \/>\n\t<meta name=\"twitter:data2\" content=\"2 minutes\" \/>\n<script type=\"application\/ld+json\" class=\"yoast-schema-graph\">{\"@context\":\"https:\/\/schema.org\",\"@graph\":[{\"@type\":\"Article\",\"@id\":\"https:\/\/vosgesinfo.fr\/epinalinfo\/2025\/09\/une-rentree-sous-le-signe-de-lart-a-lecole-saint-goery-depinal\/#article\",\"isPartOf\":{\"@id\":\"https:\/\/vosgesinfo.fr\/epinalinfo\/2025\/09\/une-rentree-sous-le-signe-de-lart-a-lecole-saint-goery-depinal\/\"},\"author\":{\"name\":\"C.K.\",\"@id\":\"https:\/\/vosgesinfo.fr\/epinalinfo\/#\/schema\/person\/6f9a650eeea99d969b6c4ab78fccbe81\"},\"headline\":\"Une rentr\u00e9e sous le signe de l\u2019art \u00e0 l\u2019\u00e9cole Saint-Go\u00ebry d\u2019\u00c9pinal\",\"datePublished\":\"2025-09-01T18:15:35+00:00\",\"dateModified\":\"2025-09-01T18:12:24+00:00\",\"mainEntityOfPage\":{\"@id\":\"https:\/\/vosgesinfo.fr\/epinalinfo\/2025\/09\/une-rentree-sous-le-signe-de-lart-a-lecole-saint-goery-depinal\/\"},\"wordCount\":497,\"commentCount\":0,\"publisher\":{\"@id\":\"https:\/\/vosgesinfo.fr\/epinalinfo\/#organization\"},\"image\":{\"@id\":\"https:\/\/vosgesinfo.fr\/epinalinfo\/2025\/09\/une-rentree-sous-le-signe-de-lart-a-lecole-saint-goery-depinal\/#primaryimage\"},\"thumbnailUrl\":\"https:\/\/vosgesinfo.fr\/app\/uploads\/sites\/3\/2025\/09\/img-20250901-133717.jpg\",\"articleSection\":[\"A la Une\",\"Epinal\"],\"inLanguage\":\"fr-FR\",\"potentialAction\":[{\"@type\":\"CommentAction\",\"name\":\"Comment\",\"target\":[\"https:\/\/vosgesinfo.fr\/epinalinfo\/2025\/09\/une-rentree-sous-le-signe-de-lart-a-lecole-saint-goery-depinal\/#respond\"]}]},{\"@type\":\"WebPage\",\"@id\":\"https:\/\/vosgesinfo.fr\/epinalinfo\/2025\/09\/une-rentree-sous-le-signe-de-lart-a-lecole-saint-goery-depinal\/\",\"url\":\"https:\/\/vosgesinfo.fr\/epinalinfo\/2025\/09\/une-rentree-sous-le-signe-de-lart-a-lecole-saint-goery-depinal\/\",\"name\":\"Une rentr\u00e9e sous le signe de l\u2019art \u00e0 l\u2019\u00e9cole Saint-Go\u00ebry d\u2019\u00c9pinal - Epinal Info\",\"isPartOf\":{\"@id\":\"https:\/\/vosgesinfo.fr\/epinalinfo\/#website\"},\"primaryImageOfPage\":{\"@id\":\"https:\/\/vosgesinfo.fr\/epinalinfo\/2025\/09\/une-rentree-sous-le-signe-de-lart-a-lecole-saint-goery-depinal\/#primaryimage\"},\"image\":{\"@id\":\"https:\/\/vosgesinfo.fr\/epinalinfo\/2025\/09\/une-rentree-sous-le-signe-de-lart-a-lecole-saint-goery-depinal\/#primaryimage\"},\"thumbnailUrl\":\"https:\/\/vosgesinfo.fr\/app\/uploads\/sites\/3\/2025\/09\/img-20250901-133717.jpg\",\"datePublished\":\"2025-09-01T18:15:35+00:00\",\"dateModified\":\"2025-09-01T18:12:24+00:00\",\"breadcrumb\":{\"@id\":\"https:\/\/vosgesinfo.fr\/epinalinfo\/2025\/09\/une-rentree-sous-le-signe-de-lart-a-lecole-saint-goery-depinal\/#breadcrumb\"},\"inLanguage\":\"fr-FR\",\"potentialAction\":[{\"@type\":\"ReadAction\",\"target\":[\"https:\/\/vosgesinfo.fr\/epinalinfo\/2025\/09\/une-rentree-sous-le-signe-de-lart-a-lecole-saint-goery-depinal\/\"]}]},{\"@type\":\"ImageObject\",\"inLanguage\":\"fr-FR\",\"@id\":\"https:\/\/vosgesinfo.fr\/epinalinfo\/2025\/09\/une-rentree-sous-le-signe-de-lart-a-lecole-saint-goery-depinal\/#primaryimage\",\"url\":\"https:\/\/vosgesinfo.fr\/app\/uploads\/sites\/3\/2025\/09\/img-20250901-133717.jpg\",\"contentUrl\":\"https:\/\/vosgesinfo.fr\/app\/uploads\/sites\/3\/2025\/09\/img-20250901-133717.jpg\",\"width\":1400,\"height\":1517},{\"@type\":\"BreadcrumbList\",\"@id\":\"https:\/\/vosgesinfo.fr\/epinalinfo\/2025\/09\/une-rentree-sous-le-signe-de-lart-a-lecole-saint-goery-depinal\/#breadcrumb\",\"itemListElement\":[{\"@type\":\"ListItem\",\"position\":1,\"name\":\"Home\",\"item\":\"https:\/\/vosgesinfo.fr\/epinalinfo\/\"},{\"@type\":\"ListItem\",\"position\":2,\"name\":\"Une rentr\u00e9e sous le signe de l\u2019art \u00e0 l\u2019\u00e9cole Saint-Go\u00ebry d\u2019\u00c9pinal\"}]},{\"@type\":\"WebSite\",\"@id\":\"https:\/\/vosgesinfo.fr\/epinalinfo\/#website\",\"url\":\"https:\/\/vosgesinfo.fr\/epinalinfo\/\",\"name\":\"Epinal Info\",\"description\":\"Toute l&#039;actualit\u00e9 d&#039;\u00c9pinal\",\"publisher\":{\"@id\":\"https:\/\/vosgesinfo.fr\/epinalinfo\/#organization\"},\"alternateName\":\"Toute l'actualit\u00e9 d'\u00c9pinal\",\"potentialAction\":[{\"@type\":\"SearchAction\",\"target\":{\"@type\":\"EntryPoint\",\"urlTemplate\":\"https:\/\/vosgesinfo.fr\/epinalinfo\/?s={search_term_string}\"},\"query-input\":\"required name=search_term_string\"}],\"inLanguage\":\"fr-FR\"},{\"@type\":\"Organization\",\"@id\":\"https:\/\/vosgesinfo.fr\/epinalinfo\/#organization\",\"name\":\"Epinal Info\",\"url\":\"https:\/\/vosgesinfo.fr\/epinalinfo\/\",\"logo\":{\"@type\":\"ImageObject\",\"inLanguage\":\"fr-FR\",\"@id\":\"https:\/\/vosgesinfo.fr\/epinalinfo\/#\/schema\/logo\/image\/\",\"url\":\"https:\/\/vosgesinfo.fr\/app\/uploads\/sites\/3\/2023\/08\/logo-epinalinfos.svg\",\"contentUrl\":\"https:\/\/vosgesinfo.fr\/app\/uploads\/sites\/3\/2023\/08\/logo-epinalinfos.svg\",\"width\":1,\"height\":1,\"caption\":\"Epinal Info\"},\"image\":{\"@id\":\"https:\/\/vosgesinfo.fr\/epinalinfo\/#\/schema\/logo\/image\/\"},\"sameAs\":[\"https:\/\/www.facebook.com\/Epinalinfos\",\"https:\/\/x.com\/VosgesInfo88\",\"https:\/\/www.youtube.com\/@vosgesinfo\"]},{\"@type\":\"Person\",\"@id\":\"https:\/\/vosgesinfo.fr\/epinalinfo\/#\/schema\/person\/6f9a650eeea99d969b6c4ab78fccbe81\",\"name\":\"C.K.\",\"image\":{\"@type\":\"ImageObject\",\"inLanguage\":\"fr-FR\",\"@id\":\"https:\/\/vosgesinfo.fr\/epinalinfo\/#\/schema\/person\/image\/\",\"url\":\"https:\/\/secure.gravatar.com\/avatar\/48e3fc7f8421ba8942be6b74a2b7f014ca39bc00dece156b7a8e098ae7dc87bf?s=96&d=mm&r=g\",\"contentUrl\":\"https:\/\/secure.gravatar.com\/avatar\/48e3fc7f8421ba8942be6b74a2b7f014ca39bc00dece156b7a8e098ae7dc87bf?s=96&d=mm&r=g\",\"caption\":\"C.K.\"},\"url\":\"https:\/\/vosgesinfo.fr\/epinalinfo\/author\/celia-k-n\/\"}]}<\/script>\n<!-- \/ Yoast SEO plugin. -->","yoast_head_json":{"title":"Une rentr\u00e9e sous le signe de l\u2019art \u00e0 l\u2019\u00e9cole Saint-Go\u00ebry d\u2019\u00c9pinal - Epinal Info","robots":{"index":"index","follow":"follow","max-snippet":"max-snippet:-1","max-image-preview":"max-image-preview:large","max-video-preview":"max-video-preview:-1"},"canonical":"https:\/\/vosgesinfo.fr\/epinalinfo\/2025\/09\/une-rentree-sous-le-signe-de-lart-a-lecole-saint-goery-depinal\/","twitter_card":"summary_large_image","twitter_title":"Une rentr\u00e9e sous le signe de l\u2019art \u00e0 l\u2019\u00e9cole Saint-Go\u00ebry d\u2019\u00c9pinal - Epinal Info","twitter_description":"Les \u00e9l\u00e8ves de l\u2019\u00e9cole Saint-Go\u00ebry d\u2019\u00c9pinal ont repris le chemin des classes dans une ambiance sereine et enthousiaste. Cette ann\u00e9e, [&hellip;]","twitter_image":"https:\/\/vosgesinfo.fr\/app\/uploads\/sites\/3\/2025\/09\/img-20250901-133717.jpg","twitter_creator":"@VosgesInfo88","twitter_site":"@VosgesInfo88","twitter_misc":{"\u00c9crit par":"C.K.","Dur\u00e9e de lecture estim\u00e9e":"2 minutes"},"schema":{"@context":"https:\/\/schema.org","@graph":[{"@type":"Article","@id":"https:\/\/vosgesinfo.fr\/epinalinfo\/2025\/09\/une-rentree-sous-le-signe-de-lart-a-lecole-saint-goery-depinal\/#article","isPartOf":{"@id":"https:\/\/vosgesinfo.fr\/epinalinfo\/2025\/09\/une-rentree-sous-le-signe-de-lart-a-lecole-saint-goery-depinal\/"},"author":{"name":"C.K.","@id":"https:\/\/vosgesinfo.fr\/epinalinfo\/#\/schema\/person\/6f9a650eeea99d969b6c4ab78fccbe81"},"headline":"Une rentr\u00e9e sous le signe de l\u2019art \u00e0 l\u2019\u00e9cole Saint-Go\u00ebry d\u2019\u00c9pinal","datePublished":"2025-09-01T18:15:35+00:00","dateModified":"2025-09-01T18:12:24+00:00","mainEntityOfPage":{"@id":"https:\/\/vosgesinfo.fr\/epinalinfo\/2025\/09\/une-rentree-sous-le-signe-de-lart-a-lecole-saint-goery-depinal\/"},"wordCount":497,"commentCount":0,"publisher":{"@id":"https:\/\/vosgesinfo.fr\/epinalinfo\/#organization"},"image":{"@id":"https:\/\/vosgesinfo.fr\/epinalinfo\/2025\/09\/une-rentree-sous-le-signe-de-lart-a-lecole-saint-goery-depinal\/#primaryimage"},"thumbnailUrl":"https:\/\/vosgesinfo.fr\/app\/uploads\/sites\/3\/2025\/09\/img-20250901-133717.jpg","articleSection":["A la Une","Epinal"],"inLanguage":"fr-FR","potentialAction":[{"@type":"CommentAction","name":"Comment","target":["https:\/\/vosgesinfo.fr\/epinalinfo\/2025\/09\/une-rentree-sous-le-signe-de-lart-a-lecole-saint-goery-depinal\/#respond"]}]},{"@type":"WebPage","@id":"https:\/\/vosgesinfo.fr\/epinalinfo\/2025\/09\/une-rentree-sous-le-signe-de-lart-a-lecole-saint-goery-depinal\/","url":"https:\/\/vosgesinfo.fr\/epinalinfo\/2025\/09\/une-rentree-sous-le-signe-de-lart-a-lecole-saint-goery-depinal\/","name":"Une rentr\u00e9e sous le signe de l\u2019art \u00e0 l\u2019\u00e9cole Saint-Go\u00ebry d\u2019\u00c9pinal - Epinal Info","isPartOf":{"@id":"https:\/\/vosgesinfo.fr\/epinalinfo\/#website"},"primaryImageOfPage":{"@id":"https:\/\/vosgesinfo.fr\/epinalinfo\/2025\/09\/une-rentree-sous-le-signe-de-lart-a-lecole-saint-goery-depinal\/#primaryimage"},"image":{"@id":"https:\/\/vosgesinfo.fr\/epinalinfo\/2025\/09\/une-rentree-sous-le-signe-de-lart-a-lecole-saint-goery-depinal\/#primaryimage"},"thumbnailUrl":"https:\/\/vosgesinfo.fr\/app\/uploads\/sites\/3\/2025\/09\/img-20250901-133717.jpg","datePublished":"2025-09-01T18:15:35+00:00","dateModified":"2025-09-01T18:12:24+00:00","breadcrumb":{"@id":"https:\/\/vosgesinfo.fr\/epinalinfo\/2025\/09\/une-rentree-sous-le-signe-de-lart-a-lecole-saint-goery-depinal\/#breadcrumb"},"inLanguage":"fr-FR","potentialAction":[{"@type":"ReadAction","target":["https:\/\/vosgesinfo.fr\/epinalinfo\/2025\/09\/une-rentree-sous-le-signe-de-lart-a-lecole-saint-goery-depinal\/"]}]},{"@type":"ImageObject","inLanguage":"fr-FR","@id":"https:\/\/vosgesinfo.fr\/epinalinfo\/2025\/09\/une-rentree-sous-le-signe-de-lart-a-lecole-saint-goery-depinal\/#primaryimage","url":"https:\/\/vosgesinfo.fr\/app\/uploads\/sites\/3\/2025\/09\/img-20250901-133717.jpg","contentUrl":"https:\/\/vosgesinfo.fr\/app\/uploads\/sites\/3\/2025\/09\/img-20250901-133717.jpg","width":1400,"height":1517},{"@type":"BreadcrumbList","@id":"https:\/\/vosgesinfo.fr\/epinalinfo\/2025\/09\/une-rentree-sous-le-signe-de-lart-a-lecole-saint-goery-depinal\/#breadcrumb","itemListElement":[{"@type":"ListItem","position":1,"name":"Home","item":"https:\/\/vosgesinfo.fr\/epinalinfo\/"},{"@type":"ListItem","position":2,"name":"Une rentr\u00e9e sous le signe de l\u2019art \u00e0 l\u2019\u00e9cole Saint-Go\u00ebry d\u2019\u00c9pinal"}]},{"@type":"WebSite","@id":"https:\/\/vosgesinfo.fr\/epinalinfo\/#website","url":"https:\/\/vosgesinfo.fr\/epinalinfo\/","name":"Epinal Info","description":"Toute l&#039;actualit\u00e9 d&#039;\u00c9pinal","publisher":{"@id":"https:\/\/vosgesinfo.fr\/epinalinfo\/#organization"},"alternateName":"Toute l'actualit\u00e9 d'\u00c9pinal","potentialAction":[{"@type":"SearchAction","target":{"@type":"EntryPoint","urlTemplate":"https:\/\/vosgesinfo.fr\/epinalinfo\/?s={search_term_string}"},"query-input":"required name=search_term_string"}],"inLanguage":"fr-FR"},{"@type":"Organization","@id":"https:\/\/vosgesinfo.fr\/epinalinfo\/#organization","name":"Epinal Info","url":"https:\/\/vosgesinfo.fr\/epinalinfo\/","logo":{"@type":"ImageObject","inLanguage":"fr-FR","@id":"https:\/\/vosgesinfo.fr\/epinalinfo\/#\/schema\/logo\/image\/","url":"https:\/\/vosgesinfo.fr\/app\/uploads\/sites\/3\/2023\/08\/logo-epinalinfos.svg","contentUrl":"https:\/\/vosgesinfo.fr\/app\/uploads\/sites\/3\/2023\/08\/logo-epinalinfos.svg","width":1,"height":1,"caption":"Epinal Info"},"image":{"@id":"https:\/\/vosgesinfo.fr\/epinalinfo\/#\/schema\/logo\/image\/"},"sameAs":["https:\/\/www.facebook.com\/Epinalinfos","https:\/\/x.com\/VosgesInfo88","https:\/\/www.youtube.com\/@vosgesinfo"]},{"@type":"Person","@id":"https:\/\/vosgesinfo.fr\/epinalinfo\/#\/schema\/person\/6f9a650eeea99d969b6c4ab78fccbe81","name":"C.K.","image":{"@type":"ImageObject","inLanguage":"fr-FR","@id":"https:\/\/vosgesinfo.fr\/epinalinfo\/#\/schema\/person\/image\/","url":"https:\/\/secure.gravatar.com\/avatar\/48e3fc7f8421ba8942be6b74a2b7f014ca39bc00dece156b7a8e098ae7dc87bf?s=96&d=mm&r=g","contentUrl":"https:\/\/secure.gravatar.com\/avatar\/48e3fc7f8421ba8942be6b74a2b7f014ca39bc00dece156b7a8e098ae7dc87bf?s=96&d=mm&r=g","caption":"C.K."},"url":"https:\/\/vosgesinfo.fr\/epinalinfo\/author\/celia-k-n\/"}]}},"_links":{"self":[{"href":"https:\/\/vosgesinfo.fr\/epinalinfo\/wp-json\/wp\/v2\/posts\/134836","targetHints":{"allow":["GET"]}}],"collection":[{"href":"https:\/\/vosgesinfo.fr\/epinalinfo\/wp-json\/wp\/v2\/posts"}],"about":[{"href":"https:\/\/vosgesinfo.fr\/epinalinfo\/wp-json\/wp\/v2\/types\/post"}],"author":[{"embeddable":true,"href":"https:\/\/vosgesinfo.fr\/epinalinfo\/wp-json\/wp\/v2\/users\/52"}],"replies":[{"embeddable":true,"href":"https:\/\/vosgesinfo.fr\/epinalinfo\/wp-json\/wp\/v2\/comments?post=134836"}],"version-history":[{"count":1,"href":"https:\/\/vosgesinfo.fr\/epinalinfo\/wp-json\/wp\/v2\/posts\/134836\/revisions"}],"predecessor-version":[{"id":134844,"href":"https:\/\/vosgesinfo.fr\/epinalinfo\/wp-json\/wp\/v2\/posts\/134836\/revisions\/134844"}],"wp:featuredmedia":[{"embeddable":true,"href":"https:\/\/vosgesinfo.fr\/epinalinfo\/wp-json\/wp\/v2\/media\/134837"}],"wp:attachment":[{"href":"https:\/\/vosgesinfo.fr\/epinalinfo\/wp-json\/wp\/v2\/media?parent=134836"}],"wp:term":[{"taxonomy":"category","embeddable":true,"href":"https:\/\/vosgesinfo.fr\/epinalinfo\/wp-json\/wp\/v2\/categories?post=134836"},{"taxonomy":"post_tag","embeddable":true,"href":"https:\/\/vosgesinfo.fr\/epinalinfo\/wp-json\/wp\/v2\/tags?post=134836"}],"curies":[{"name":"wp","href":"https:\/\/api.w.org\/{rel}","templated":true}]}}