{"id":134846,"date":"2025-09-02T07:22:00","date_gmt":"2025-09-02T05:22:00","guid":{"rendered":"https:\/\/vosgesinfo.fr\/epinalinfo\/?p=134846"},"modified":"2025-09-01T20:24:34","modified_gmt":"2025-09-01T18:24:34","slug":"premiere-remise-officielle-des-cartes-electorales-a-bruyeres","status":"publish","type":"post","link":"https:\/\/vosgesinfo.fr\/epinalinfo\/2025\/09\/premiere-remise-officielle-des-cartes-electorales-a-bruyeres\/","title":{"rendered":"Premi\u00e8re remise officielle des cartes \u00e9lectorales \u00e0 Bruy\u00e8res"},"content":{"rendered":"<div id=\"attachment_134847\" style=\"width: 2058px\" class=\"wp-caption aligncenter\"><a href=\"https:\/\/vosgesinfo.fr\/app\/uploads\/sites\/3\/2025\/09\/538659335-1327208032464648-1816413093056892256-n.jpg\"><img decoding=\"async\" aria-describedby=\"caption-attachment-134847\" class=\"wp-image-134847 size-full\" src=\"https:\/\/vosgesinfo.fr\/app\/uploads\/sites\/3\/2025\/09\/538659335-1327208032464648-1816413093056892256-n.jpg\" alt=\"\" width=\"2048\" height=\"1152\" srcset=\"https:\/\/vosgesinfo.fr\/app\/uploads\/sites\/3\/2025\/09\/538659335-1327208032464648-1816413093056892256-n.jpg 2048w, https:\/\/vosgesinfo.fr\/app\/uploads\/sites\/3\/2025\/09\/538659335-1327208032464648-1816413093056892256-n-300x169.jpg 300w, https:\/\/vosgesinfo.fr\/app\/uploads\/sites\/3\/2025\/09\/538659335-1327208032464648-1816413093056892256-n-1024x576.jpg 1024w, https:\/\/vosgesinfo.fr\/app\/uploads\/sites\/3\/2025\/09\/538659335-1327208032464648-1816413093056892256-n-768x432.jpg 768w, https:\/\/vosgesinfo.fr\/app\/uploads\/sites\/3\/2025\/09\/538659335-1327208032464648-1816413093056892256-n-1536x864.jpg 1536w\" sizes=\"(max-width: 2048px) 100vw, 2048px\" \/><\/a><p id=\"caption-attachment-134847\" class=\"wp-caption-text\">photo Ville de Bruy\u00e8res<\/p><\/div>\n<h2 data-start=\"140\" data-end=\"421\"><strong>Pour la premi\u00e8re fois, la municipalit\u00e9 de Bruy\u00e8res a organis\u00e9 la remise officielle des cartes \u00e9lectorales aux nouveaux \u00e9lecteurs. Une initiative import\u00e9e dans notre ville par l\u2019adjoint en charge de la jeunesse, soucieux de renforcer le lien citoyen d\u00e8s l\u2019entr\u00e9e dans la majorit\u00e9.<\/strong><\/h2>\n<p data-start=\"423\" data-end=\"767\">La c\u00e9r\u00e9monie s\u2019est tenue vendredi soir dans les salons de l\u2019H\u00f4tel de Ville, en pr\u00e9sence du maire, Ludovic Durain, de plusieurs \u00e9lus municipaux et de l\u2019adjoint \u00e0 la jeunesse. Trois jeunes bruy\u00e9rois, Tha\u00efs Rodrigues, Jean Charle et Nathan Valence, ont r\u00e9pondu \u00e0 l\u2019invitation et se sont vu remettre leur premi\u00e8re carte d\u2019\u00e9lecteur en main propre.<\/p>\n<p data-start=\"769\" data-end=\"865\">M. le Maire a rappel\u00e9 \u00e0 cette occasion l\u2019importance du vote et de la participation citoyenne : <span data-olk-copy-source=\"MessageBody\">\u00ab Nous avons la chance de vivre en d\u00e9mocratie. La libert\u00e9 de s\u2019exprimer est aussi un devoir. Quelles que soient vos convictions, rendez-vous aux diff\u00e9rents scrutins : votre voix compte. \u00bb<\/span><\/p>\n<h3 data-start=\"1060\" data-end=\"1098\">Valoriser la jeunesse bruy\u00e9roise<\/h3>\n<p data-start=\"1100\" data-end=\"1332\">Au-del\u00e0 de cette remise symbolique, la municipalit\u00e9 a tenu \u00e0 saluer les r\u00e9ussites scolaires de ses jeunes. Une dotation de 100 \u20ac a ainsi \u00e9t\u00e9 attribu\u00e9e \u00e0 Tha\u00efs Rodrigues et Jean Charle pour leur mention <em data-start=\"1302\" data-end=\"1313\">Tr\u00e8s bien<\/em> au baccalaur\u00e9at.<\/p>\n<p data-start=\"1334\" data-end=\"1559\">Cette premi\u00e8re \u00e9dition a \u00e9t\u00e9 accueillie avec enthousiasme et s\u2019inscrit dans la volont\u00e9 municipale de valoriser sa jeunesse, de favoriser son engagement et de rappeler que chaque voix compte pour l\u2019avenir de la collectivit\u00e9.<\/p>\n\n\t\t<style type=\"text\/css\">\n\t\t\t#gallery-1 {\n\t\t\t\tmargin: auto;\n\t\t\t}\n\t\t\t#gallery-1 .gallery-item {\n\t\t\t\tfloat: left;\n\t\t\t\tmargin-top: 10px;\n\t\t\t\ttext-align: center;\n\t\t\t\twidth: 33%;\n\t\t\t}\n\t\t\t#gallery-1 img {\n\t\t\t\tborder: 2px solid #cfcfcf;\n\t\t\t}\n\t\t\t#gallery-1 .gallery-caption {\n\t\t\t\tmargin-left: 0;\n\t\t\t}\n\t\t\t\/* see gallery_shortcode() in wp-includes\/media.php *\/\n\t\t<\/style>\n\t\t<div id='gallery-1' class='gallery galleryid-134846 gallery-columns-3 gallery-size-large'><dl class='gallery-item'>\n\t\t\t<dt class='gallery-icon landscape'>\n\t\t\t\t<a href='https:\/\/vosgesinfo.fr\/app\/uploads\/sites\/3\/2025\/09\/539757296-1327207752464676-4852613139979709713-n.jpg'><img decoding=\"async\" width=\"1024\" height=\"795\" src=\"https:\/\/vosgesinfo.fr\/app\/uploads\/sites\/3\/2025\/09\/539757296-1327207752464676-4852613139979709713-n-1024x795.jpg\" class=\"attachment-large size-large\" alt=\"\" srcset=\"https:\/\/vosgesinfo.fr\/app\/uploads\/sites\/3\/2025\/09\/539757296-1327207752464676-4852613139979709713-n-1024x795.jpg 1024w, https:\/\/vosgesinfo.fr\/app\/uploads\/sites\/3\/2025\/09\/539757296-1327207752464676-4852613139979709713-n-300x233.jpg 300w, https:\/\/vosgesinfo.fr\/app\/uploads\/sites\/3\/2025\/09\/539757296-1327207752464676-4852613139979709713-n-768x596.jpg 768w, https:\/\/vosgesinfo.fr\/app\/uploads\/sites\/3\/2025\/09\/539757296-1327207752464676-4852613139979709713-n.jpg 1289w\" sizes=\"(max-width: 1024px) 100vw, 1024px\" \/><\/a>\n\t\t\t<\/dt><\/dl><dl class='gallery-item'>\n\t\t\t<dt class='gallery-icon landscape'>\n\t\t\t\t<a href='https:\/\/vosgesinfo.fr\/app\/uploads\/sites\/3\/2025\/09\/541747539-1198640038960584-7391251120442636338-n.jpg'><img decoding=\"async\" width=\"1024\" height=\"657\" src=\"https:\/\/vosgesinfo.fr\/app\/uploads\/sites\/3\/2025\/09\/541747539-1198640038960584-7391251120442636338-n-1024x657.jpg\" class=\"attachment-large size-large\" alt=\"\" srcset=\"https:\/\/vosgesinfo.fr\/app\/uploads\/sites\/3\/2025\/09\/541747539-1198640038960584-7391251120442636338-n-1024x657.jpg 1024w, https:\/\/vosgesinfo.fr\/app\/uploads\/sites\/3\/2025\/09\/541747539-1198640038960584-7391251120442636338-n-300x192.jpg 300w, https:\/\/vosgesinfo.fr\/app\/uploads\/sites\/3\/2025\/09\/541747539-1198640038960584-7391251120442636338-n-768x493.jpg 768w, https:\/\/vosgesinfo.fr\/app\/uploads\/sites\/3\/2025\/09\/541747539-1198640038960584-7391251120442636338-n.jpg 1188w\" sizes=\"(max-width: 1024px) 100vw, 1024px\" \/><\/a>\n\t\t\t<\/dt><\/dl>\n\t\t\t<br style='clear: both' \/>\n\t\t<\/div>\n\n","protected":false},"excerpt":{"rendered":"<p>Pour la premi\u00e8re fois, la municipalit\u00e9 de Bruy\u00e8res a organis\u00e9 la remise officielle des cartes \u00e9lectorales aux nouveaux \u00e9lecteurs. Une [&hellip;]<\/p>\n","protected":false},"author":52,"featured_media":134847,"comment_status":"open","ping_status":"open","sticky":false,"template":"","format":"standard","meta":{"footnotes":""},"categories":[22,60,24],"tags":[],"class_list":["post-134846","post","type-post","status-publish","format-standard","has-post-thumbnail","hentry","category-a-la-une","category-bruyeres","category-epinal"],"acf":[],"yoast_head":"<!-- This site is optimized with the Yoast SEO plugin v22.5 - https:\/\/yoast.com\/wordpress\/plugins\/seo\/ -->\n<title>Premi\u00e8re remise officielle des cartes \u00e9lectorales \u00e0 Bruy\u00e8res - Epinal Info<\/title>\n<meta name=\"robots\" content=\"index, follow, max-snippet:-1, max-image-preview:large, max-video-preview:-1\" \/>\n<link rel=\"canonical\" href=\"https:\/\/vosgesinfo.fr\/epinalinfo\/2025\/09\/premiere-remise-officielle-des-cartes-electorales-a-bruyeres\/\" \/>\n<meta name=\"twitter:card\" content=\"summary_large_image\" \/>\n<meta name=\"twitter:title\" content=\"Premi\u00e8re remise officielle des cartes \u00e9lectorales \u00e0 Bruy\u00e8res - Epinal Info\" \/>\n<meta name=\"twitter:description\" content=\"Pour la premi\u00e8re fois, la municipalit\u00e9 de Bruy\u00e8res a organis\u00e9 la remise officielle des cartes \u00e9lectorales aux nouveaux \u00e9lecteurs. Une [&hellip;]\" \/>\n<meta name=\"twitter:image\" content=\"https:\/\/vosgesinfo.fr\/app\/uploads\/sites\/3\/2025\/09\/538659335-1327208032464648-1816413093056892256-n.jpg\" \/>\n<meta name=\"twitter:creator\" content=\"@VosgesInfo88\" \/>\n<meta name=\"twitter:site\" content=\"@VosgesInfo88\" \/>\n<meta name=\"twitter:label1\" content=\"\u00c9crit par\" \/>\n\t<meta name=\"twitter:data1\" content=\"C.K.\" \/>\n\t<meta name=\"twitter:label2\" content=\"Dur\u00e9e de lecture estim\u00e9e\" \/>\n\t<meta name=\"twitter:data2\" content=\"1 minute\" \/>\n<script type=\"application\/ld+json\" class=\"yoast-schema-graph\">{\"@context\":\"https:\/\/schema.org\",\"@graph\":[{\"@type\":\"Article\",\"@id\":\"https:\/\/vosgesinfo.fr\/epinalinfo\/2025\/09\/premiere-remise-officielle-des-cartes-electorales-a-bruyeres\/#article\",\"isPartOf\":{\"@id\":\"https:\/\/vosgesinfo.fr\/epinalinfo\/2025\/09\/premiere-remise-officielle-des-cartes-electorales-a-bruyeres\/\"},\"author\":{\"name\":\"C.K.\",\"@id\":\"https:\/\/vosgesinfo.fr\/epinalinfo\/#\/schema\/person\/6f9a650eeea99d969b6c4ab78fccbe81\"},\"headline\":\"Premi\u00e8re remise officielle des cartes \u00e9lectorales \u00e0 Bruy\u00e8res\",\"datePublished\":\"2025-09-02T05:22:00+00:00\",\"dateModified\":\"2025-09-01T18:24:34+00:00\",\"mainEntityOfPage\":{\"@id\":\"https:\/\/vosgesinfo.fr\/epinalinfo\/2025\/09\/premiere-remise-officielle-des-cartes-electorales-a-bruyeres\/\"},\"wordCount\":272,\"commentCount\":0,\"publisher\":{\"@id\":\"https:\/\/vosgesinfo.fr\/epinalinfo\/#organization\"},\"image\":{\"@id\":\"https:\/\/vosgesinfo.fr\/epinalinfo\/2025\/09\/premiere-remise-officielle-des-cartes-electorales-a-bruyeres\/#primaryimage\"},\"thumbnailUrl\":\"https:\/\/vosgesinfo.fr\/app\/uploads\/sites\/3\/2025\/09\/538659335-1327208032464648-1816413093056892256-n.jpg\",\"articleSection\":[\"A la Une\",\"Bruy\u00e8res\",\"Epinal\"],\"inLanguage\":\"fr-FR\",\"potentialAction\":[{\"@type\":\"CommentAction\",\"name\":\"Comment\",\"target\":[\"https:\/\/vosgesinfo.fr\/epinalinfo\/2025\/09\/premiere-remise-officielle-des-cartes-electorales-a-bruyeres\/#respond\"]}]},{\"@type\":\"WebPage\",\"@id\":\"https:\/\/vosgesinfo.fr\/epinalinfo\/2025\/09\/premiere-remise-officielle-des-cartes-electorales-a-bruyeres\/\",\"url\":\"https:\/\/vosgesinfo.fr\/epinalinfo\/2025\/09\/premiere-remise-officielle-des-cartes-electorales-a-bruyeres\/\",\"name\":\"Premi\u00e8re remise officielle des cartes \u00e9lectorales \u00e0 Bruy\u00e8res - Epinal Info\",\"isPartOf\":{\"@id\":\"https:\/\/vosgesinfo.fr\/epinalinfo\/#website\"},\"primaryImageOfPage\":{\"@id\":\"https:\/\/vosgesinfo.fr\/epinalinfo\/2025\/09\/premiere-remise-officielle-des-cartes-electorales-a-bruyeres\/#primaryimage\"},\"image\":{\"@id\":\"https:\/\/vosgesinfo.fr\/epinalinfo\/2025\/09\/premiere-remise-officielle-des-cartes-electorales-a-bruyeres\/#primaryimage\"},\"thumbnailUrl\":\"https:\/\/vosgesinfo.fr\/app\/uploads\/sites\/3\/2025\/09\/538659335-1327208032464648-1816413093056892256-n.jpg\",\"datePublished\":\"2025-09-02T05:22:00+00:00\",\"dateModified\":\"2025-09-01T18:24:34+00:00\",\"breadcrumb\":{\"@id\":\"https:\/\/vosgesinfo.fr\/epinalinfo\/2025\/09\/premiere-remise-officielle-des-cartes-electorales-a-bruyeres\/#breadcrumb\"},\"inLanguage\":\"fr-FR\",\"potentialAction\":[{\"@type\":\"ReadAction\",\"target\":[\"https:\/\/vosgesinfo.fr\/epinalinfo\/2025\/09\/premiere-remise-officielle-des-cartes-electorales-a-bruyeres\/\"]}]},{\"@type\":\"ImageObject\",\"inLanguage\":\"fr-FR\",\"@id\":\"https:\/\/vosgesinfo.fr\/epinalinfo\/2025\/09\/premiere-remise-officielle-des-cartes-electorales-a-bruyeres\/#primaryimage\",\"url\":\"https:\/\/vosgesinfo.fr\/app\/uploads\/sites\/3\/2025\/09\/538659335-1327208032464648-1816413093056892256-n.jpg\",\"contentUrl\":\"https:\/\/vosgesinfo.fr\/app\/uploads\/sites\/3\/2025\/09\/538659335-1327208032464648-1816413093056892256-n.jpg\",\"width\":2048,\"height\":1152},{\"@type\":\"BreadcrumbList\",\"@id\":\"https:\/\/vosgesinfo.fr\/epinalinfo\/2025\/09\/premiere-remise-officielle-des-cartes-electorales-a-bruyeres\/#breadcrumb\",\"itemListElement\":[{\"@type\":\"ListItem\",\"position\":1,\"name\":\"Home\",\"item\":\"https:\/\/vosgesinfo.fr\/epinalinfo\/\"},{\"@type\":\"ListItem\",\"position\":2,\"name\":\"Premi\u00e8re remise officielle des cartes \u00e9lectorales \u00e0 Bruy\u00e8res\"}]},{\"@type\":\"WebSite\",\"@id\":\"https:\/\/vosgesinfo.fr\/epinalinfo\/#website\",\"url\":\"https:\/\/vosgesinfo.fr\/epinalinfo\/\",\"name\":\"Epinal Info\",\"description\":\"Toute l&#039;actualit\u00e9 d&#039;\u00c9pinal\",\"publisher\":{\"@id\":\"https:\/\/vosgesinfo.fr\/epinalinfo\/#organization\"},\"alternateName\":\"Toute l'actualit\u00e9 d'\u00c9pinal\",\"potentialAction\":[{\"@type\":\"SearchAction\",\"target\":{\"@type\":\"EntryPoint\",\"urlTemplate\":\"https:\/\/vosgesinfo.fr\/epinalinfo\/?s={search_term_string}\"},\"query-input\":\"required name=search_term_string\"}],\"inLanguage\":\"fr-FR\"},{\"@type\":\"Organization\",\"@id\":\"https:\/\/vosgesinfo.fr\/epinalinfo\/#organization\",\"name\":\"Epinal Info\",\"url\":\"https:\/\/vosgesinfo.fr\/epinalinfo\/\",\"logo\":{\"@type\":\"ImageObject\",\"inLanguage\":\"fr-FR\",\"@id\":\"https:\/\/vosgesinfo.fr\/epinalinfo\/#\/schema\/logo\/image\/\",\"url\":\"https:\/\/vosgesinfo.fr\/app\/uploads\/sites\/3\/2023\/08\/logo-epinalinfos.svg\",\"contentUrl\":\"https:\/\/vosgesinfo.fr\/app\/uploads\/sites\/3\/2023\/08\/logo-epinalinfos.svg\",\"width\":1,\"height\":1,\"caption\":\"Epinal Info\"},\"image\":{\"@id\":\"https:\/\/vosgesinfo.fr\/epinalinfo\/#\/schema\/logo\/image\/\"},\"sameAs\":[\"https:\/\/www.facebook.com\/Epinalinfos\",\"https:\/\/x.com\/VosgesInfo88\",\"https:\/\/www.youtube.com\/@vosgesinfo\"]},{\"@type\":\"Person\",\"@id\":\"https:\/\/vosgesinfo.fr\/epinalinfo\/#\/schema\/person\/6f9a650eeea99d969b6c4ab78fccbe81\",\"name\":\"C.K.\",\"image\":{\"@type\":\"ImageObject\",\"inLanguage\":\"fr-FR\",\"@id\":\"https:\/\/vosgesinfo.fr\/epinalinfo\/#\/schema\/person\/image\/\",\"url\":\"https:\/\/secure.gravatar.com\/avatar\/48e3fc7f8421ba8942be6b74a2b7f014ca39bc00dece156b7a8e098ae7dc87bf?s=96&d=mm&r=g\",\"contentUrl\":\"https:\/\/secure.gravatar.com\/avatar\/48e3fc7f8421ba8942be6b74a2b7f014ca39bc00dece156b7a8e098ae7dc87bf?s=96&d=mm&r=g\",\"caption\":\"C.K.\"},\"url\":\"https:\/\/vosgesinfo.fr\/epinalinfo\/author\/celia-k-n\/\"}]}<\/script>\n<!-- \/ Yoast SEO plugin. -->","yoast_head_json":{"title":"Premi\u00e8re remise officielle des cartes \u00e9lectorales \u00e0 Bruy\u00e8res - Epinal Info","robots":{"index":"index","follow":"follow","max-snippet":"max-snippet:-1","max-image-preview":"max-image-preview:large","max-video-preview":"max-video-preview:-1"},"canonical":"https:\/\/vosgesinfo.fr\/epinalinfo\/2025\/09\/premiere-remise-officielle-des-cartes-electorales-a-bruyeres\/","twitter_card":"summary_large_image","twitter_title":"Premi\u00e8re remise officielle des cartes \u00e9lectorales \u00e0 Bruy\u00e8res - Epinal Info","twitter_description":"Pour la premi\u00e8re fois, la municipalit\u00e9 de Bruy\u00e8res a organis\u00e9 la remise officielle des cartes \u00e9lectorales aux nouveaux \u00e9lecteurs. Une [&hellip;]","twitter_image":"https:\/\/vosgesinfo.fr\/app\/uploads\/sites\/3\/2025\/09\/538659335-1327208032464648-1816413093056892256-n.jpg","twitter_creator":"@VosgesInfo88","twitter_site":"@VosgesInfo88","twitter_misc":{"\u00c9crit par":"C.K.","Dur\u00e9e de lecture estim\u00e9e":"1 minute"},"schema":{"@context":"https:\/\/schema.org","@graph":[{"@type":"Article","@id":"https:\/\/vosgesinfo.fr\/epinalinfo\/2025\/09\/premiere-remise-officielle-des-cartes-electorales-a-bruyeres\/#article","isPartOf":{"@id":"https:\/\/vosgesinfo.fr\/epinalinfo\/2025\/09\/premiere-remise-officielle-des-cartes-electorales-a-bruyeres\/"},"author":{"name":"C.K.","@id":"https:\/\/vosgesinfo.fr\/epinalinfo\/#\/schema\/person\/6f9a650eeea99d969b6c4ab78fccbe81"},"headline":"Premi\u00e8re remise officielle des cartes \u00e9lectorales \u00e0 Bruy\u00e8res","datePublished":"2025-09-02T05:22:00+00:00","dateModified":"2025-09-01T18:24:34+00:00","mainEntityOfPage":{"@id":"https:\/\/vosgesinfo.fr\/epinalinfo\/2025\/09\/premiere-remise-officielle-des-cartes-electorales-a-bruyeres\/"},"wordCount":272,"commentCount":0,"publisher":{"@id":"https:\/\/vosgesinfo.fr\/epinalinfo\/#organization"},"image":{"@id":"https:\/\/vosgesinfo.fr\/epinalinfo\/2025\/09\/premiere-remise-officielle-des-cartes-electorales-a-bruyeres\/#primaryimage"},"thumbnailUrl":"https:\/\/vosgesinfo.fr\/app\/uploads\/sites\/3\/2025\/09\/538659335-1327208032464648-1816413093056892256-n.jpg","articleSection":["A la Une","Bruy\u00e8res","Epinal"],"inLanguage":"fr-FR","potentialAction":[{"@type":"CommentAction","name":"Comment","target":["https:\/\/vosgesinfo.fr\/epinalinfo\/2025\/09\/premiere-remise-officielle-des-cartes-electorales-a-bruyeres\/#respond"]}]},{"@type":"WebPage","@id":"https:\/\/vosgesinfo.fr\/epinalinfo\/2025\/09\/premiere-remise-officielle-des-cartes-electorales-a-bruyeres\/","url":"https:\/\/vosgesinfo.fr\/epinalinfo\/2025\/09\/premiere-remise-officielle-des-cartes-electorales-a-bruyeres\/","name":"Premi\u00e8re remise officielle des cartes \u00e9lectorales \u00e0 Bruy\u00e8res - Epinal Info","isPartOf":{"@id":"https:\/\/vosgesinfo.fr\/epinalinfo\/#website"},"primaryImageOfPage":{"@id":"https:\/\/vosgesinfo.fr\/epinalinfo\/2025\/09\/premiere-remise-officielle-des-cartes-electorales-a-bruyeres\/#primaryimage"},"image":{"@id":"https:\/\/vosgesinfo.fr\/epinalinfo\/2025\/09\/premiere-remise-officielle-des-cartes-electorales-a-bruyeres\/#primaryimage"},"thumbnailUrl":"https:\/\/vosgesinfo.fr\/app\/uploads\/sites\/3\/2025\/09\/538659335-1327208032464648-1816413093056892256-n.jpg","datePublished":"2025-09-02T05:22:00+00:00","dateModified":"2025-09-01T18:24:34+00:00","breadcrumb":{"@id":"https:\/\/vosgesinfo.fr\/epinalinfo\/2025\/09\/premiere-remise-officielle-des-cartes-electorales-a-bruyeres\/#breadcrumb"},"inLanguage":"fr-FR","potentialAction":[{"@type":"ReadAction","target":["https:\/\/vosgesinfo.fr\/epinalinfo\/2025\/09\/premiere-remise-officielle-des-cartes-electorales-a-bruyeres\/"]}]},{"@type":"ImageObject","inLanguage":"fr-FR","@id":"https:\/\/vosgesinfo.fr\/epinalinfo\/2025\/09\/premiere-remise-officielle-des-cartes-electorales-a-bruyeres\/#primaryimage","url":"https:\/\/vosgesinfo.fr\/app\/uploads\/sites\/3\/2025\/09\/538659335-1327208032464648-1816413093056892256-n.jpg","contentUrl":"https:\/\/vosgesinfo.fr\/app\/uploads\/sites\/3\/2025\/09\/538659335-1327208032464648-1816413093056892256-n.jpg","width":2048,"height":1152},{"@type":"BreadcrumbList","@id":"https:\/\/vosgesinfo.fr\/epinalinfo\/2025\/09\/premiere-remise-officielle-des-cartes-electorales-a-bruyeres\/#breadcrumb","itemListElement":[{"@type":"ListItem","position":1,"name":"Home","item":"https:\/\/vosgesinfo.fr\/epinalinfo\/"},{"@type":"ListItem","position":2,"name":"Premi\u00e8re remise officielle des cartes \u00e9lectorales \u00e0 Bruy\u00e8res"}]},{"@type":"WebSite","@id":"https:\/\/vosgesinfo.fr\/epinalinfo\/#website","url":"https:\/\/vosgesinfo.fr\/epinalinfo\/","name":"Epinal Info","description":"Toute l&#039;actualit\u00e9 d&#039;\u00c9pinal","publisher":{"@id":"https:\/\/vosgesinfo.fr\/epinalinfo\/#organization"},"alternateName":"Toute l'actualit\u00e9 d'\u00c9pinal","potentialAction":[{"@type":"SearchAction","target":{"@type":"EntryPoint","urlTemplate":"https:\/\/vosgesinfo.fr\/epinalinfo\/?s={search_term_string}"},"query-input":"required name=search_term_string"}],"inLanguage":"fr-FR"},{"@type":"Organization","@id":"https:\/\/vosgesinfo.fr\/epinalinfo\/#organization","name":"Epinal Info","url":"https:\/\/vosgesinfo.fr\/epinalinfo\/","logo":{"@type":"ImageObject","inLanguage":"fr-FR","@id":"https:\/\/vosgesinfo.fr\/epinalinfo\/#\/schema\/logo\/image\/","url":"https:\/\/vosgesinfo.fr\/app\/uploads\/sites\/3\/2023\/08\/logo-epinalinfos.svg","contentUrl":"https:\/\/vosgesinfo.fr\/app\/uploads\/sites\/3\/2023\/08\/logo-epinalinfos.svg","width":1,"height":1,"caption":"Epinal Info"},"image":{"@id":"https:\/\/vosgesinfo.fr\/epinalinfo\/#\/schema\/logo\/image\/"},"sameAs":["https:\/\/www.facebook.com\/Epinalinfos","https:\/\/x.com\/VosgesInfo88","https:\/\/www.youtube.com\/@vosgesinfo"]},{"@type":"Person","@id":"https:\/\/vosgesinfo.fr\/epinalinfo\/#\/schema\/person\/6f9a650eeea99d969b6c4ab78fccbe81","name":"C.K.","image":{"@type":"ImageObject","inLanguage":"fr-FR","@id":"https:\/\/vosgesinfo.fr\/epinalinfo\/#\/schema\/person\/image\/","url":"https:\/\/secure.gravatar.com\/avatar\/48e3fc7f8421ba8942be6b74a2b7f014ca39bc00dece156b7a8e098ae7dc87bf?s=96&d=mm&r=g","contentUrl":"https:\/\/secure.gravatar.com\/avatar\/48e3fc7f8421ba8942be6b74a2b7f014ca39bc00dece156b7a8e098ae7dc87bf?s=96&d=mm&r=g","caption":"C.K."},"url":"https:\/\/vosgesinfo.fr\/epinalinfo\/author\/celia-k-n\/"}]}},"_links":{"self":[{"href":"https:\/\/vosgesinfo.fr\/epinalinfo\/wp-json\/wp\/v2\/posts\/134846","targetHints":{"allow":["GET"]}}],"collection":[{"href":"https:\/\/vosgesinfo.fr\/epinalinfo\/wp-json\/wp\/v2\/posts"}],"about":[{"href":"https:\/\/vosgesinfo.fr\/epinalinfo\/wp-json\/wp\/v2\/types\/post"}],"author":[{"embeddable":true,"href":"https:\/\/vosgesinfo.fr\/epinalinfo\/wp-json\/wp\/v2\/users\/52"}],"replies":[{"embeddable":true,"href":"https:\/\/vosgesinfo.fr\/epinalinfo\/wp-json\/wp\/v2\/comments?post=134846"}],"version-history":[{"count":1,"href":"https:\/\/vosgesinfo.fr\/epinalinfo\/wp-json\/wp\/v2\/posts\/134846\/revisions"}],"predecessor-version":[{"id":134850,"href":"https:\/\/vosgesinfo.fr\/epinalinfo\/wp-json\/wp\/v2\/posts\/134846\/revisions\/134850"}],"wp:featuredmedia":[{"embeddable":true,"href":"https:\/\/vosgesinfo.fr\/epinalinfo\/wp-json\/wp\/v2\/media\/134847"}],"wp:attachment":[{"href":"https:\/\/vosgesinfo.fr\/epinalinfo\/wp-json\/wp\/v2\/media?parent=134846"}],"wp:term":[{"taxonomy":"category","embeddable":true,"href":"https:\/\/vosgesinfo.fr\/epinalinfo\/wp-json\/wp\/v2\/categories?post=134846"},{"taxonomy":"post_tag","embeddable":true,"href":"https:\/\/vosgesinfo.fr\/epinalinfo\/wp-json\/wp\/v2\/tags?post=134846"}],"curies":[{"name":"wp","href":"https:\/\/api.w.org\/{rel}","templated":true}]}}