{"id":134862,"date":"2025-09-02T08:45:23","date_gmt":"2025-09-02T06:45:23","guid":{"rendered":"https:\/\/vosgesinfo.fr\/epinalinfo\/?p=134862"},"modified":"2025-09-02T08:40:23","modified_gmt":"2025-09-02T06:40:23","slug":"dix-paves-pour-dix-vies-epinal-grave-la-memoire-des-deportes-dans-ses-rues","status":"publish","type":"post","link":"https:\/\/vosgesinfo.fr\/epinalinfo\/2025\/09\/dix-paves-pour-dix-vies-epinal-grave-la-memoire-des-deportes-dans-ses-rues\/","title":{"rendered":"Dix pav\u00e9s pour dix vies : \u00c9pinal grave la m\u00e9moire des d\u00e9port\u00e9s dans ses rues"},"content":{"rendered":"<div id=\"attachment_134864\" style=\"width: 1052px\" class=\"wp-caption aligncenter\"><a href=\"https:\/\/vosgesinfo.fr\/app\/uploads\/sites\/3\/2025\/09\/thumbnail-pave-de-memoire-1-septembre-2025-alain-cerf-pour-une-priere-photo-stephane-calmels.jpg\"><img decoding=\"async\" aria-describedby=\"caption-attachment-134864\" class=\"size-full wp-image-134864\" src=\"https:\/\/vosgesinfo.fr\/app\/uploads\/sites\/3\/2025\/09\/thumbnail-pave-de-memoire-1-septembre-2025-alain-cerf-pour-une-priere-photo-stephane-calmels.jpg\" alt=\"\" width=\"1042\" height=\"544\" srcset=\"https:\/\/vosgesinfo.fr\/app\/uploads\/sites\/3\/2025\/09\/thumbnail-pave-de-memoire-1-septembre-2025-alain-cerf-pour-une-priere-photo-stephane-calmels.jpg 1042w, https:\/\/vosgesinfo.fr\/app\/uploads\/sites\/3\/2025\/09\/thumbnail-pave-de-memoire-1-septembre-2025-alain-cerf-pour-une-priere-photo-stephane-calmels-300x157.jpg 300w, https:\/\/vosgesinfo.fr\/app\/uploads\/sites\/3\/2025\/09\/thumbnail-pave-de-memoire-1-septembre-2025-alain-cerf-pour-une-priere-photo-stephane-calmels-1024x535.jpg 1024w, https:\/\/vosgesinfo.fr\/app\/uploads\/sites\/3\/2025\/09\/thumbnail-pave-de-memoire-1-septembre-2025-alain-cerf-pour-une-priere-photo-stephane-calmels-768x401.jpg 768w\" sizes=\"(max-width: 1042px) 100vw, 1042px\" \/><\/a><p id=\"caption-attachment-134864\" class=\"wp-caption-text\">photo St\u00e9phane Calmels<\/p><\/div>\n<h2 data-start=\"146\" data-end=\"510\">Une c\u00e9r\u00e9monie empreinte d\u2019\u00e9motion s\u2019est tenue ce lundi 6, rue des Minimes \u00e0 \u00c9pinal, devant le dernier pav\u00e9 pos\u00e9 dans le cadre du projet <strong data-start=\"282\" data-end=\"299\">Stolpersteine<\/strong>. Dix pav\u00e9s comm\u00e9moratifs, scell\u00e9s \u00e0 m\u00eame le sol devant le dernier domicile connu des victimes, rappellent d\u00e9sormais les destins bris\u00e9s de Spinaliens et Spinaliennes d\u00e9port\u00e9s durant la Seconde Guerre mondiale.<\/h2>\n<p data-start=\"512\" data-end=\"614\">Neuf d\u2019entre eux \u00e9taient juifs, assassin\u00e9s \u00e0 Auschwitz-Birkenau entre 1942 et 1944, parmi lesquels :<\/p>\n<ul data-start=\"616\" data-end=\"935\">\n<li data-start=\"616\" data-end=\"640\">\n<p data-start=\"618\" data-end=\"640\"><strong data-start=\"618\" data-end=\"638\">Szlama Rozenberg<\/strong><\/p>\n<\/li>\n<li data-start=\"641\" data-end=\"695\">\n<p data-start=\"643\" data-end=\"695\"><strong data-start=\"643\" data-end=\"663\">Paul Glicenstein<\/strong> et son \u00e9pouse <strong data-start=\"678\" data-end=\"693\">Cyrla Baron<\/strong><\/p>\n<\/li>\n<li data-start=\"696\" data-end=\"743\">\n<p data-start=\"698\" data-end=\"743\"><strong data-start=\"698\" data-end=\"714\">Yvonne Judas<\/strong>, \u00e9pouse de Lucien Halbronn<\/p>\n<\/li>\n<li data-start=\"744\" data-end=\"791\">\n<p data-start=\"746\" data-end=\"791\"><strong data-start=\"746\" data-end=\"761\">Ida Willard<\/strong>, \u00e9pouse de Georges Halbronn<\/p>\n<\/li>\n<li data-start=\"792\" data-end=\"839\">\n<p data-start=\"794\" data-end=\"839\"><strong data-start=\"794\" data-end=\"810\">Margot Wolff<\/strong>, \u00e9pouse de Marcel Halbronn<\/p>\n<\/li>\n<li data-start=\"840\" data-end=\"880\">\n<p data-start=\"842\" data-end=\"880\"><strong data-start=\"842\" data-end=\"861\">Hinda Rotenberg<\/strong>, \u00e9pouse Rapoport<\/p>\n<\/li>\n<li data-start=\"881\" data-end=\"935\">\n<p data-start=\"883\" data-end=\"935\"><strong data-start=\"883\" data-end=\"915\">Sara et Iser Isra\u00ebl Rapoport<\/strong>, enfants de Hinda<\/p>\n<\/li>\n<\/ul>\n<p data-start=\"937\" data-end=\"1177\">\u00c0 leurs c\u00f4t\u00e9s, une dixi\u00e8me pierre honore la m\u00e9moire de <strong data-start=\"992\" data-end=\"1017\">Marie-Antoinette Go\u00fbt<\/strong>, r\u00e9sistante spinalienne d\u00e9port\u00e9e, reconnue <em data-start=\"1061\" data-end=\"1086\">Juste parmi les Nations<\/em> pour avoir sauv\u00e9 deux jeunes filles juives, Josette et Norah Hecker, au p\u00e9ril de sa vie.<\/p>\n<h2 data-start=\"1179\" data-end=\"1222\">Une initiative citoyenne et m\u00e9morielle<\/h2>\n<p data-start=\"1224\" data-end=\"1746\">Le projet, initi\u00e9 par l\u2019historien <strong data-start=\"1258\" data-end=\"1279\">Alexandre Laumond<\/strong>, a vu le jour gr\u00e2ce \u00e0 l\u2019implication de familles, d\u2019habitants et du soutien de la ville. Dans un espace urbain satur\u00e9 d\u2019images et de monuments, ces pav\u00e9s discrets mais puissants viennent ancrer la m\u00e9moire dans le quotidien. Cr\u00e9\u00e9s par l\u2019artiste allemand <strong data-start=\"1532\" data-end=\"1549\">Gunter Demnig<\/strong> en 1992, les Stolpersteine \u2013 litt\u00e9ralement \u00ab pierres d\u2019achoppement \u00bb \u2013 se multiplient d\u00e9sormais dans de nombreuses villes europ\u00e9ennes pour rappeler, \u00e0 hauteur de regard, les victimes du nazisme.<\/p>\n<p data-start=\"1748\" data-end=\"1872\">Depuis ce lundi, \u00c9pinal compte dix de ces pierres. Dix noms. Dix vies arrach\u00e9es. Dix m\u00e9moires r\u00e9inscrites dans le pr\u00e9sent.<\/p>\n<h2 data-start=\"1874\" data-end=\"1913\">Une m\u00e9moire \u00e0 faire vivre ensemble<\/h2>\n<p data-start=\"1915\" data-end=\"2294\">La pose de ces pav\u00e9s a aussi une dimension citoyenne et collective. Une campagne de financement participatif est en cours sur la plateforme <strong data-start=\"2055\" data-end=\"2064\">Ulule<\/strong>, avec un objectif de <strong data-start=\"2086\" data-end=\"2129\">1 335 \u20ac \u00e0 atteindre avant fin ao\u00fbt 2025<\/strong>. Chaque contribution, aussi modeste soit-elle, permet de faire revivre une m\u00e9moire longtemps enfouie et de rappeler que derri\u00e8re chaque nom se cache une histoire.<\/p>\n<p data-start=\"2296\" data-end=\"2505\">Jusqu\u2019ici, seule la ville de Remiremont avait accueilli un tel projet dans les Vosges. D\u00e9sormais, \u00c9pinal rejoint ce mouvement europ\u00e9en qui fait de la m\u00e9moire un acte vivant, partag\u00e9 et inscrit dans nos rues.<\/p>\n\n\t\t<style type=\"text\/css\">\n\t\t\t#gallery-1 {\n\t\t\t\tmargin: auto;\n\t\t\t}\n\t\t\t#gallery-1 .gallery-item {\n\t\t\t\tfloat: left;\n\t\t\t\tmargin-top: 10px;\n\t\t\t\ttext-align: center;\n\t\t\t\twidth: 33%;\n\t\t\t}\n\t\t\t#gallery-1 img {\n\t\t\t\tborder: 2px solid #cfcfcf;\n\t\t\t}\n\t\t\t#gallery-1 .gallery-caption {\n\t\t\t\tmargin-left: 0;\n\t\t\t}\n\t\t\t\/* see gallery_shortcode() in wp-includes\/media.php *\/\n\t\t<\/style>\n\t\t<div id='gallery-1' class='gallery galleryid-134862 gallery-columns-3 gallery-size-large'><dl class='gallery-item'>\n\t\t\t<dt class='gallery-icon landscape'>\n\t\t\t\t<a href='https:\/\/vosgesinfo.fr\/app\/uploads\/sites\/3\/2025\/09\/thumbnail-pave-de-memoire.jpg'><img decoding=\"async\" width=\"1024\" height=\"535\" src=\"https:\/\/vosgesinfo.fr\/app\/uploads\/sites\/3\/2025\/09\/thumbnail-pave-de-memoire-1024x535.jpg\" class=\"attachment-large size-large\" alt=\"\" aria-describedby=\"gallery-1-134865\" srcset=\"https:\/\/vosgesinfo.fr\/app\/uploads\/sites\/3\/2025\/09\/thumbnail-pave-de-memoire-1024x535.jpg 1024w, https:\/\/vosgesinfo.fr\/app\/uploads\/sites\/3\/2025\/09\/thumbnail-pave-de-memoire-300x157.jpg 300w, https:\/\/vosgesinfo.fr\/app\/uploads\/sites\/3\/2025\/09\/thumbnail-pave-de-memoire-768x401.jpg 768w, https:\/\/vosgesinfo.fr\/app\/uploads\/sites\/3\/2025\/09\/thumbnail-pave-de-memoire.jpg 1042w\" sizes=\"(max-width: 1024px) 100vw, 1024px\" \/><\/a>\n\t\t\t<\/dt>\n\t\t\t\t<dd class='wp-caption-text gallery-caption' id='gallery-1-134865'>\n\t\t\t\tphoto St\u00e9phane Calmels\n\t\t\t\t<\/dd><\/dl><dl class='gallery-item'>\n\t\t\t<dt class='gallery-icon landscape'>\n\t\t\t\t<a href='https:\/\/vosgesinfo.fr\/app\/uploads\/sites\/3\/2025\/09\/thumbnail-pave-de-memoire-1-septembre-2025-photo-stephane-calmels.jpg'><img decoding=\"async\" width=\"1024\" height=\"535\" src=\"https:\/\/vosgesinfo.fr\/app\/uploads\/sites\/3\/2025\/09\/thumbnail-pave-de-memoire-1-septembre-2025-photo-stephane-calmels-1024x535.jpg\" class=\"attachment-large size-large\" alt=\"\" aria-describedby=\"gallery-1-134866\" srcset=\"https:\/\/vosgesinfo.fr\/app\/uploads\/sites\/3\/2025\/09\/thumbnail-pave-de-memoire-1-septembre-2025-photo-stephane-calmels-1024x535.jpg 1024w, https:\/\/vosgesinfo.fr\/app\/uploads\/sites\/3\/2025\/09\/thumbnail-pave-de-memoire-1-septembre-2025-photo-stephane-calmels-300x157.jpg 300w, https:\/\/vosgesinfo.fr\/app\/uploads\/sites\/3\/2025\/09\/thumbnail-pave-de-memoire-1-septembre-2025-photo-stephane-calmels-768x401.jpg 768w, https:\/\/vosgesinfo.fr\/app\/uploads\/sites\/3\/2025\/09\/thumbnail-pave-de-memoire-1-septembre-2025-photo-stephane-calmels.jpg 1042w\" sizes=\"(max-width: 1024px) 100vw, 1024px\" \/><\/a>\n\t\t\t<\/dt>\n\t\t\t\t<dd class='wp-caption-text gallery-caption' id='gallery-1-134866'>\n\t\t\t\tphoto St\u00e9phane Calmels\n\t\t\t\t<\/dd><\/dl><dl class='gallery-item'>\n\t\t\t<dt class='gallery-icon landscape'>\n\t\t\t\t<a href='https:\/\/vosgesinfo.fr\/app\/uploads\/sites\/3\/2025\/09\/thumbnail-pave-de-memoire-2-septembre-2025-photo-stephane-calmels.jpg'><img decoding=\"async\" width=\"1024\" height=\"535\" src=\"https:\/\/vosgesinfo.fr\/app\/uploads\/sites\/3\/2025\/09\/thumbnail-pave-de-memoire-2-septembre-2025-photo-stephane-calmels-1024x535.jpg\" class=\"attachment-large size-large\" alt=\"\" aria-describedby=\"gallery-1-134867\" srcset=\"https:\/\/vosgesinfo.fr\/app\/uploads\/sites\/3\/2025\/09\/thumbnail-pave-de-memoire-2-septembre-2025-photo-stephane-calmels-1024x535.jpg 1024w, https:\/\/vosgesinfo.fr\/app\/uploads\/sites\/3\/2025\/09\/thumbnail-pave-de-memoire-2-septembre-2025-photo-stephane-calmels-300x157.jpg 300w, https:\/\/vosgesinfo.fr\/app\/uploads\/sites\/3\/2025\/09\/thumbnail-pave-de-memoire-2-septembre-2025-photo-stephane-calmels-768x401.jpg 768w, https:\/\/vosgesinfo.fr\/app\/uploads\/sites\/3\/2025\/09\/thumbnail-pave-de-memoire-2-septembre-2025-photo-stephane-calmels.jpg 1042w\" sizes=\"(max-width: 1024px) 100vw, 1024px\" \/><\/a>\n\t\t\t<\/dt>\n\t\t\t\t<dd class='wp-caption-text gallery-caption' id='gallery-1-134867'>\n\t\t\t\tphoto St\u00e9phane Calmels\n\t\t\t\t<\/dd><\/dl><br style=\"clear: both\" \/><dl class='gallery-item'>\n\t\t\t<dt class='gallery-icon landscape'>\n\t\t\t\t<a href='https:\/\/vosgesinfo.fr\/app\/uploads\/sites\/3\/2025\/09\/thumbnail-pave-de-memoire-5-septembre-2025-photo-stephane-calmels.jpg'><img decoding=\"async\" width=\"1024\" height=\"535\" src=\"https:\/\/vosgesinfo.fr\/app\/uploads\/sites\/3\/2025\/09\/thumbnail-pave-de-memoire-5-septembre-2025-photo-stephane-calmels-1024x535.jpg\" class=\"attachment-large size-large\" alt=\"\" aria-describedby=\"gallery-1-134868\" srcset=\"https:\/\/vosgesinfo.fr\/app\/uploads\/sites\/3\/2025\/09\/thumbnail-pave-de-memoire-5-septembre-2025-photo-stephane-calmels-1024x535.jpg 1024w, https:\/\/vosgesinfo.fr\/app\/uploads\/sites\/3\/2025\/09\/thumbnail-pave-de-memoire-5-septembre-2025-photo-stephane-calmels-300x157.jpg 300w, https:\/\/vosgesinfo.fr\/app\/uploads\/sites\/3\/2025\/09\/thumbnail-pave-de-memoire-5-septembre-2025-photo-stephane-calmels-768x401.jpg 768w, https:\/\/vosgesinfo.fr\/app\/uploads\/sites\/3\/2025\/09\/thumbnail-pave-de-memoire-5-septembre-2025-photo-stephane-calmels.jpg 1042w\" sizes=\"(max-width: 1024px) 100vw, 1024px\" \/><\/a>\n\t\t\t<\/dt>\n\t\t\t\t<dd class='wp-caption-text gallery-caption' id='gallery-1-134868'>\n\t\t\t\tphoto St\u00e9phane Calmels\n\t\t\t\t<\/dd><\/dl><dl class='gallery-item'>\n\t\t\t<dt class='gallery-icon landscape'>\n\t\t\t\t<a href='https:\/\/vosgesinfo.fr\/app\/uploads\/sites\/3\/2025\/09\/thumbnail-pave-de-memoire-epinal-vivre-ensemble-7-1-septembre-2025-photo-stephane-calmels.jpg'><img decoding=\"async\" width=\"1024\" height=\"535\" src=\"https:\/\/vosgesinfo.fr\/app\/uploads\/sites\/3\/2025\/09\/thumbnail-pave-de-memoire-epinal-vivre-ensemble-7-1-septembre-2025-photo-stephane-calmels-1024x535.jpg\" class=\"attachment-large size-large\" alt=\"\" aria-describedby=\"gallery-1-134869\" srcset=\"https:\/\/vosgesinfo.fr\/app\/uploads\/sites\/3\/2025\/09\/thumbnail-pave-de-memoire-epinal-vivre-ensemble-7-1-septembre-2025-photo-stephane-calmels-1024x535.jpg 1024w, https:\/\/vosgesinfo.fr\/app\/uploads\/sites\/3\/2025\/09\/thumbnail-pave-de-memoire-epinal-vivre-ensemble-7-1-septembre-2025-photo-stephane-calmels-300x157.jpg 300w, https:\/\/vosgesinfo.fr\/app\/uploads\/sites\/3\/2025\/09\/thumbnail-pave-de-memoire-epinal-vivre-ensemble-7-1-septembre-2025-photo-stephane-calmels-768x401.jpg 768w, https:\/\/vosgesinfo.fr\/app\/uploads\/sites\/3\/2025\/09\/thumbnail-pave-de-memoire-epinal-vivre-ensemble-7-1-septembre-2025-photo-stephane-calmels.jpg 1042w\" sizes=\"(max-width: 1024px) 100vw, 1024px\" \/><\/a>\n\t\t\t<\/dt>\n\t\t\t\t<dd class='wp-caption-text gallery-caption' id='gallery-1-134869'>\n\t\t\t\tphoto St\u00e9phane Calmels\n\t\t\t\t<\/dd><\/dl>\n\t\t\t<br style='clear: both' \/>\n\t\t<\/div>\n\n","protected":false},"excerpt":{"rendered":"<p>Une c\u00e9r\u00e9monie empreinte d\u2019\u00e9motion s\u2019est tenue ce lundi 6, rue des Minimes \u00e0 \u00c9pinal, devant le dernier pav\u00e9 pos\u00e9 dans [&hellip;]<\/p>\n","protected":false},"author":52,"featured_media":134870,"comment_status":"open","ping_status":"open","sticky":false,"template":"","format":"standard","meta":{"footnotes":""},"categories":[22,24,10,5],"tags":[],"class_list":["post-134862","post","type-post","status-publish","format-standard","has-post-thumbnail","hentry","category-a-la-une","category-epinal","category-societe","category-vosges"],"acf":[],"yoast_head":"<!-- This site is optimized with the Yoast SEO plugin v22.5 - https:\/\/yoast.com\/wordpress\/plugins\/seo\/ -->\n<title>Dix pav\u00e9s pour dix vies : \u00c9pinal grave la m\u00e9moire des d\u00e9port\u00e9s dans ses rues - Epinal Info<\/title>\n<meta name=\"robots\" content=\"index, follow, max-snippet:-1, max-image-preview:large, max-video-preview:-1\" \/>\n<link rel=\"canonical\" href=\"https:\/\/vosgesinfo.fr\/epinalinfo\/2025\/09\/dix-paves-pour-dix-vies-epinal-grave-la-memoire-des-deportes-dans-ses-rues\/\" \/>\n<meta name=\"twitter:card\" content=\"summary_large_image\" \/>\n<meta name=\"twitter:title\" content=\"Dix pav\u00e9s pour dix vies : \u00c9pinal grave la m\u00e9moire des d\u00e9port\u00e9s dans ses rues - Epinal Info\" \/>\n<meta name=\"twitter:description\" content=\"Une c\u00e9r\u00e9monie empreinte d\u2019\u00e9motion s\u2019est tenue ce lundi 6, rue des Minimes \u00e0 \u00c9pinal, devant le dernier pav\u00e9 pos\u00e9 dans [&hellip;]\" \/>\n<meta name=\"twitter:image\" content=\"https:\/\/vosgesinfo.fr\/app\/uploads\/sites\/3\/2025\/09\/capture-decran-2025-09-02-083949.jpg\" \/>\n<meta name=\"twitter:creator\" content=\"@VosgesInfo88\" \/>\n<meta name=\"twitter:site\" content=\"@VosgesInfo88\" \/>\n<meta name=\"twitter:label1\" content=\"\u00c9crit par\" \/>\n\t<meta name=\"twitter:data1\" content=\"C.K.\" \/>\n\t<meta name=\"twitter:label2\" content=\"Dur\u00e9e de lecture estim\u00e9e\" \/>\n\t<meta name=\"twitter:data2\" content=\"2 minutes\" \/>\n<script type=\"application\/ld+json\" class=\"yoast-schema-graph\">{\"@context\":\"https:\/\/schema.org\",\"@graph\":[{\"@type\":\"Article\",\"@id\":\"https:\/\/vosgesinfo.fr\/epinalinfo\/2025\/09\/dix-paves-pour-dix-vies-epinal-grave-la-memoire-des-deportes-dans-ses-rues\/#article\",\"isPartOf\":{\"@id\":\"https:\/\/vosgesinfo.fr\/epinalinfo\/2025\/09\/dix-paves-pour-dix-vies-epinal-grave-la-memoire-des-deportes-dans-ses-rues\/\"},\"author\":{\"name\":\"C.K.\",\"@id\":\"https:\/\/vosgesinfo.fr\/epinalinfo\/#\/schema\/person\/6f9a650eeea99d969b6c4ab78fccbe81\"},\"headline\":\"Dix pav\u00e9s pour dix vies : \u00c9pinal grave la m\u00e9moire des d\u00e9port\u00e9s dans ses rues\",\"datePublished\":\"2025-09-02T06:45:23+00:00\",\"dateModified\":\"2025-09-02T06:40:23+00:00\",\"mainEntityOfPage\":{\"@id\":\"https:\/\/vosgesinfo.fr\/epinalinfo\/2025\/09\/dix-paves-pour-dix-vies-epinal-grave-la-memoire-des-deportes-dans-ses-rues\/\"},\"wordCount\":415,\"commentCount\":1,\"publisher\":{\"@id\":\"https:\/\/vosgesinfo.fr\/epinalinfo\/#organization\"},\"image\":{\"@id\":\"https:\/\/vosgesinfo.fr\/epinalinfo\/2025\/09\/dix-paves-pour-dix-vies-epinal-grave-la-memoire-des-deportes-dans-ses-rues\/#primaryimage\"},\"thumbnailUrl\":\"https:\/\/vosgesinfo.fr\/app\/uploads\/sites\/3\/2025\/09\/capture-decran-2025-09-02-083949.jpg\",\"articleSection\":[\"A la Une\",\"Epinal\",\"Soci\u00e9t\u00e9\",\"Vosges\"],\"inLanguage\":\"fr-FR\",\"potentialAction\":[{\"@type\":\"CommentAction\",\"name\":\"Comment\",\"target\":[\"https:\/\/vosgesinfo.fr\/epinalinfo\/2025\/09\/dix-paves-pour-dix-vies-epinal-grave-la-memoire-des-deportes-dans-ses-rues\/#respond\"]}]},{\"@type\":\"WebPage\",\"@id\":\"https:\/\/vosgesinfo.fr\/epinalinfo\/2025\/09\/dix-paves-pour-dix-vies-epinal-grave-la-memoire-des-deportes-dans-ses-rues\/\",\"url\":\"https:\/\/vosgesinfo.fr\/epinalinfo\/2025\/09\/dix-paves-pour-dix-vies-epinal-grave-la-memoire-des-deportes-dans-ses-rues\/\",\"name\":\"Dix pav\u00e9s pour dix vies : \u00c9pinal grave la m\u00e9moire des d\u00e9port\u00e9s dans ses rues - Epinal Info\",\"isPartOf\":{\"@id\":\"https:\/\/vosgesinfo.fr\/epinalinfo\/#website\"},\"primaryImageOfPage\":{\"@id\":\"https:\/\/vosgesinfo.fr\/epinalinfo\/2025\/09\/dix-paves-pour-dix-vies-epinal-grave-la-memoire-des-deportes-dans-ses-rues\/#primaryimage\"},\"image\":{\"@id\":\"https:\/\/vosgesinfo.fr\/epinalinfo\/2025\/09\/dix-paves-pour-dix-vies-epinal-grave-la-memoire-des-deportes-dans-ses-rues\/#primaryimage\"},\"thumbnailUrl\":\"https:\/\/vosgesinfo.fr\/app\/uploads\/sites\/3\/2025\/09\/capture-decran-2025-09-02-083949.jpg\",\"datePublished\":\"2025-09-02T06:45:23+00:00\",\"dateModified\":\"2025-09-02T06:40:23+00:00\",\"breadcrumb\":{\"@id\":\"https:\/\/vosgesinfo.fr\/epinalinfo\/2025\/09\/dix-paves-pour-dix-vies-epinal-grave-la-memoire-des-deportes-dans-ses-rues\/#breadcrumb\"},\"inLanguage\":\"fr-FR\",\"potentialAction\":[{\"@type\":\"ReadAction\",\"target\":[\"https:\/\/vosgesinfo.fr\/epinalinfo\/2025\/09\/dix-paves-pour-dix-vies-epinal-grave-la-memoire-des-deportes-dans-ses-rues\/\"]}]},{\"@type\":\"ImageObject\",\"inLanguage\":\"fr-FR\",\"@id\":\"https:\/\/vosgesinfo.fr\/epinalinfo\/2025\/09\/dix-paves-pour-dix-vies-epinal-grave-la-memoire-des-deportes-dans-ses-rues\/#primaryimage\",\"url\":\"https:\/\/vosgesinfo.fr\/app\/uploads\/sites\/3\/2025\/09\/capture-decran-2025-09-02-083949.jpg\",\"contentUrl\":\"https:\/\/vosgesinfo.fr\/app\/uploads\/sites\/3\/2025\/09\/capture-decran-2025-09-02-083949.jpg\",\"width\":1206,\"height\":881},{\"@type\":\"BreadcrumbList\",\"@id\":\"https:\/\/vosgesinfo.fr\/epinalinfo\/2025\/09\/dix-paves-pour-dix-vies-epinal-grave-la-memoire-des-deportes-dans-ses-rues\/#breadcrumb\",\"itemListElement\":[{\"@type\":\"ListItem\",\"position\":1,\"name\":\"Home\",\"item\":\"https:\/\/vosgesinfo.fr\/epinalinfo\/\"},{\"@type\":\"ListItem\",\"position\":2,\"name\":\"Dix pav\u00e9s pour dix vies : \u00c9pinal grave la m\u00e9moire des d\u00e9port\u00e9s dans ses rues\"}]},{\"@type\":\"WebSite\",\"@id\":\"https:\/\/vosgesinfo.fr\/epinalinfo\/#website\",\"url\":\"https:\/\/vosgesinfo.fr\/epinalinfo\/\",\"name\":\"Epinal Info\",\"description\":\"Toute l&#039;actualit\u00e9 d&#039;\u00c9pinal\",\"publisher\":{\"@id\":\"https:\/\/vosgesinfo.fr\/epinalinfo\/#organization\"},\"alternateName\":\"Toute l'actualit\u00e9 d'\u00c9pinal\",\"potentialAction\":[{\"@type\":\"SearchAction\",\"target\":{\"@type\":\"EntryPoint\",\"urlTemplate\":\"https:\/\/vosgesinfo.fr\/epinalinfo\/?s={search_term_string}\"},\"query-input\":\"required name=search_term_string\"}],\"inLanguage\":\"fr-FR\"},{\"@type\":\"Organization\",\"@id\":\"https:\/\/vosgesinfo.fr\/epinalinfo\/#organization\",\"name\":\"Epinal Info\",\"url\":\"https:\/\/vosgesinfo.fr\/epinalinfo\/\",\"logo\":{\"@type\":\"ImageObject\",\"inLanguage\":\"fr-FR\",\"@id\":\"https:\/\/vosgesinfo.fr\/epinalinfo\/#\/schema\/logo\/image\/\",\"url\":\"https:\/\/vosgesinfo.fr\/app\/uploads\/sites\/3\/2023\/08\/logo-epinalinfos.svg\",\"contentUrl\":\"https:\/\/vosgesinfo.fr\/app\/uploads\/sites\/3\/2023\/08\/logo-epinalinfos.svg\",\"width\":1,\"height\":1,\"caption\":\"Epinal Info\"},\"image\":{\"@id\":\"https:\/\/vosgesinfo.fr\/epinalinfo\/#\/schema\/logo\/image\/\"},\"sameAs\":[\"https:\/\/www.facebook.com\/Epinalinfos\",\"https:\/\/x.com\/VosgesInfo88\",\"https:\/\/www.youtube.com\/@vosgesinfo\"]},{\"@type\":\"Person\",\"@id\":\"https:\/\/vosgesinfo.fr\/epinalinfo\/#\/schema\/person\/6f9a650eeea99d969b6c4ab78fccbe81\",\"name\":\"C.K.\",\"image\":{\"@type\":\"ImageObject\",\"inLanguage\":\"fr-FR\",\"@id\":\"https:\/\/vosgesinfo.fr\/epinalinfo\/#\/schema\/person\/image\/\",\"url\":\"https:\/\/secure.gravatar.com\/avatar\/48e3fc7f8421ba8942be6b74a2b7f014ca39bc00dece156b7a8e098ae7dc87bf?s=96&d=mm&r=g\",\"contentUrl\":\"https:\/\/secure.gravatar.com\/avatar\/48e3fc7f8421ba8942be6b74a2b7f014ca39bc00dece156b7a8e098ae7dc87bf?s=96&d=mm&r=g\",\"caption\":\"C.K.\"},\"url\":\"https:\/\/vosgesinfo.fr\/epinalinfo\/author\/celia-k-n\/\"}]}<\/script>\n<!-- \/ Yoast SEO plugin. -->","yoast_head_json":{"title":"Dix pav\u00e9s pour dix vies : \u00c9pinal grave la m\u00e9moire des d\u00e9port\u00e9s dans ses rues - Epinal Info","robots":{"index":"index","follow":"follow","max-snippet":"max-snippet:-1","max-image-preview":"max-image-preview:large","max-video-preview":"max-video-preview:-1"},"canonical":"https:\/\/vosgesinfo.fr\/epinalinfo\/2025\/09\/dix-paves-pour-dix-vies-epinal-grave-la-memoire-des-deportes-dans-ses-rues\/","twitter_card":"summary_large_image","twitter_title":"Dix pav\u00e9s pour dix vies : \u00c9pinal grave la m\u00e9moire des d\u00e9port\u00e9s dans ses rues - Epinal Info","twitter_description":"Une c\u00e9r\u00e9monie empreinte d\u2019\u00e9motion s\u2019est tenue ce lundi 6, rue des Minimes \u00e0 \u00c9pinal, devant le dernier pav\u00e9 pos\u00e9 dans [&hellip;]","twitter_image":"https:\/\/vosgesinfo.fr\/app\/uploads\/sites\/3\/2025\/09\/capture-decran-2025-09-02-083949.jpg","twitter_creator":"@VosgesInfo88","twitter_site":"@VosgesInfo88","twitter_misc":{"\u00c9crit par":"C.K.","Dur\u00e9e de lecture estim\u00e9e":"2 minutes"},"schema":{"@context":"https:\/\/schema.org","@graph":[{"@type":"Article","@id":"https:\/\/vosgesinfo.fr\/epinalinfo\/2025\/09\/dix-paves-pour-dix-vies-epinal-grave-la-memoire-des-deportes-dans-ses-rues\/#article","isPartOf":{"@id":"https:\/\/vosgesinfo.fr\/epinalinfo\/2025\/09\/dix-paves-pour-dix-vies-epinal-grave-la-memoire-des-deportes-dans-ses-rues\/"},"author":{"name":"C.K.","@id":"https:\/\/vosgesinfo.fr\/epinalinfo\/#\/schema\/person\/6f9a650eeea99d969b6c4ab78fccbe81"},"headline":"Dix pav\u00e9s pour dix vies : \u00c9pinal grave la m\u00e9moire des d\u00e9port\u00e9s dans ses rues","datePublished":"2025-09-02T06:45:23+00:00","dateModified":"2025-09-02T06:40:23+00:00","mainEntityOfPage":{"@id":"https:\/\/vosgesinfo.fr\/epinalinfo\/2025\/09\/dix-paves-pour-dix-vies-epinal-grave-la-memoire-des-deportes-dans-ses-rues\/"},"wordCount":415,"commentCount":1,"publisher":{"@id":"https:\/\/vosgesinfo.fr\/epinalinfo\/#organization"},"image":{"@id":"https:\/\/vosgesinfo.fr\/epinalinfo\/2025\/09\/dix-paves-pour-dix-vies-epinal-grave-la-memoire-des-deportes-dans-ses-rues\/#primaryimage"},"thumbnailUrl":"https:\/\/vosgesinfo.fr\/app\/uploads\/sites\/3\/2025\/09\/capture-decran-2025-09-02-083949.jpg","articleSection":["A la Une","Epinal","Soci\u00e9t\u00e9","Vosges"],"inLanguage":"fr-FR","potentialAction":[{"@type":"CommentAction","name":"Comment","target":["https:\/\/vosgesinfo.fr\/epinalinfo\/2025\/09\/dix-paves-pour-dix-vies-epinal-grave-la-memoire-des-deportes-dans-ses-rues\/#respond"]}]},{"@type":"WebPage","@id":"https:\/\/vosgesinfo.fr\/epinalinfo\/2025\/09\/dix-paves-pour-dix-vies-epinal-grave-la-memoire-des-deportes-dans-ses-rues\/","url":"https:\/\/vosgesinfo.fr\/epinalinfo\/2025\/09\/dix-paves-pour-dix-vies-epinal-grave-la-memoire-des-deportes-dans-ses-rues\/","name":"Dix pav\u00e9s pour dix vies : \u00c9pinal grave la m\u00e9moire des d\u00e9port\u00e9s dans ses rues - Epinal Info","isPartOf":{"@id":"https:\/\/vosgesinfo.fr\/epinalinfo\/#website"},"primaryImageOfPage":{"@id":"https:\/\/vosgesinfo.fr\/epinalinfo\/2025\/09\/dix-paves-pour-dix-vies-epinal-grave-la-memoire-des-deportes-dans-ses-rues\/#primaryimage"},"image":{"@id":"https:\/\/vosgesinfo.fr\/epinalinfo\/2025\/09\/dix-paves-pour-dix-vies-epinal-grave-la-memoire-des-deportes-dans-ses-rues\/#primaryimage"},"thumbnailUrl":"https:\/\/vosgesinfo.fr\/app\/uploads\/sites\/3\/2025\/09\/capture-decran-2025-09-02-083949.jpg","datePublished":"2025-09-02T06:45:23+00:00","dateModified":"2025-09-02T06:40:23+00:00","breadcrumb":{"@id":"https:\/\/vosgesinfo.fr\/epinalinfo\/2025\/09\/dix-paves-pour-dix-vies-epinal-grave-la-memoire-des-deportes-dans-ses-rues\/#breadcrumb"},"inLanguage":"fr-FR","potentialAction":[{"@type":"ReadAction","target":["https:\/\/vosgesinfo.fr\/epinalinfo\/2025\/09\/dix-paves-pour-dix-vies-epinal-grave-la-memoire-des-deportes-dans-ses-rues\/"]}]},{"@type":"ImageObject","inLanguage":"fr-FR","@id":"https:\/\/vosgesinfo.fr\/epinalinfo\/2025\/09\/dix-paves-pour-dix-vies-epinal-grave-la-memoire-des-deportes-dans-ses-rues\/#primaryimage","url":"https:\/\/vosgesinfo.fr\/app\/uploads\/sites\/3\/2025\/09\/capture-decran-2025-09-02-083949.jpg","contentUrl":"https:\/\/vosgesinfo.fr\/app\/uploads\/sites\/3\/2025\/09\/capture-decran-2025-09-02-083949.jpg","width":1206,"height":881},{"@type":"BreadcrumbList","@id":"https:\/\/vosgesinfo.fr\/epinalinfo\/2025\/09\/dix-paves-pour-dix-vies-epinal-grave-la-memoire-des-deportes-dans-ses-rues\/#breadcrumb","itemListElement":[{"@type":"ListItem","position":1,"name":"Home","item":"https:\/\/vosgesinfo.fr\/epinalinfo\/"},{"@type":"ListItem","position":2,"name":"Dix pav\u00e9s pour dix vies : \u00c9pinal grave la m\u00e9moire des d\u00e9port\u00e9s dans ses rues"}]},{"@type":"WebSite","@id":"https:\/\/vosgesinfo.fr\/epinalinfo\/#website","url":"https:\/\/vosgesinfo.fr\/epinalinfo\/","name":"Epinal Info","description":"Toute l&#039;actualit\u00e9 d&#039;\u00c9pinal","publisher":{"@id":"https:\/\/vosgesinfo.fr\/epinalinfo\/#organization"},"alternateName":"Toute l'actualit\u00e9 d'\u00c9pinal","potentialAction":[{"@type":"SearchAction","target":{"@type":"EntryPoint","urlTemplate":"https:\/\/vosgesinfo.fr\/epinalinfo\/?s={search_term_string}"},"query-input":"required name=search_term_string"}],"inLanguage":"fr-FR"},{"@type":"Organization","@id":"https:\/\/vosgesinfo.fr\/epinalinfo\/#organization","name":"Epinal Info","url":"https:\/\/vosgesinfo.fr\/epinalinfo\/","logo":{"@type":"ImageObject","inLanguage":"fr-FR","@id":"https:\/\/vosgesinfo.fr\/epinalinfo\/#\/schema\/logo\/image\/","url":"https:\/\/vosgesinfo.fr\/app\/uploads\/sites\/3\/2023\/08\/logo-epinalinfos.svg","contentUrl":"https:\/\/vosgesinfo.fr\/app\/uploads\/sites\/3\/2023\/08\/logo-epinalinfos.svg","width":1,"height":1,"caption":"Epinal Info"},"image":{"@id":"https:\/\/vosgesinfo.fr\/epinalinfo\/#\/schema\/logo\/image\/"},"sameAs":["https:\/\/www.facebook.com\/Epinalinfos","https:\/\/x.com\/VosgesInfo88","https:\/\/www.youtube.com\/@vosgesinfo"]},{"@type":"Person","@id":"https:\/\/vosgesinfo.fr\/epinalinfo\/#\/schema\/person\/6f9a650eeea99d969b6c4ab78fccbe81","name":"C.K.","image":{"@type":"ImageObject","inLanguage":"fr-FR","@id":"https:\/\/vosgesinfo.fr\/epinalinfo\/#\/schema\/person\/image\/","url":"https:\/\/secure.gravatar.com\/avatar\/48e3fc7f8421ba8942be6b74a2b7f014ca39bc00dece156b7a8e098ae7dc87bf?s=96&d=mm&r=g","contentUrl":"https:\/\/secure.gravatar.com\/avatar\/48e3fc7f8421ba8942be6b74a2b7f014ca39bc00dece156b7a8e098ae7dc87bf?s=96&d=mm&r=g","caption":"C.K."},"url":"https:\/\/vosgesinfo.fr\/epinalinfo\/author\/celia-k-n\/"}]}},"_links":{"self":[{"href":"https:\/\/vosgesinfo.fr\/epinalinfo\/wp-json\/wp\/v2\/posts\/134862","targetHints":{"allow":["GET"]}}],"collection":[{"href":"https:\/\/vosgesinfo.fr\/epinalinfo\/wp-json\/wp\/v2\/posts"}],"about":[{"href":"https:\/\/vosgesinfo.fr\/epinalinfo\/wp-json\/wp\/v2\/types\/post"}],"author":[{"embeddable":true,"href":"https:\/\/vosgesinfo.fr\/epinalinfo\/wp-json\/wp\/v2\/users\/52"}],"replies":[{"embeddable":true,"href":"https:\/\/vosgesinfo.fr\/epinalinfo\/wp-json\/wp\/v2\/comments?post=134862"}],"version-history":[{"count":1,"href":"https:\/\/vosgesinfo.fr\/epinalinfo\/wp-json\/wp\/v2\/posts\/134862\/revisions"}],"predecessor-version":[{"id":134871,"href":"https:\/\/vosgesinfo.fr\/epinalinfo\/wp-json\/wp\/v2\/posts\/134862\/revisions\/134871"}],"wp:featuredmedia":[{"embeddable":true,"href":"https:\/\/vosgesinfo.fr\/epinalinfo\/wp-json\/wp\/v2\/media\/134870"}],"wp:attachment":[{"href":"https:\/\/vosgesinfo.fr\/epinalinfo\/wp-json\/wp\/v2\/media?parent=134862"}],"wp:term":[{"taxonomy":"category","embeddable":true,"href":"https:\/\/vosgesinfo.fr\/epinalinfo\/wp-json\/wp\/v2\/categories?post=134862"},{"taxonomy":"post_tag","embeddable":true,"href":"https:\/\/vosgesinfo.fr\/epinalinfo\/wp-json\/wp\/v2\/tags?post=134862"}],"curies":[{"name":"wp","href":"https:\/\/api.w.org\/{rel}","templated":true}]}}