{"id":134880,"date":"2025-09-02T14:20:39","date_gmt":"2025-09-02T12:20:39","guid":{"rendered":"https:\/\/vosgesinfo.fr\/epinalinfo\/?p=134880"},"modified":"2025-09-02T14:20:39","modified_gmt":"2025-09-02T12:20:39","slug":"journees-du-patrimoine-la-prefecture-des-vosges-ouvre-ses-portes","status":"publish","type":"post","link":"https:\/\/vosgesinfo.fr\/epinalinfo\/2025\/09\/journees-du-patrimoine-la-prefecture-des-vosges-ouvre-ses-portes\/","title":{"rendered":"Journ\u00e9es du Patrimoine : la Pr\u00e9fecture des Vosges ouvre ses portes"},"content":{"rendered":"<p><a href=\"https:\/\/vosgesinfo.fr\/app\/uploads\/sites\/4\/2025\/09\/jep-2025.jpg\"><img decoding=\"async\" class=\"alignnone size-full wp-image-81614\" src=\"https:\/\/vosgesinfo.fr\/app\/uploads\/sites\/4\/2025\/09\/jep-2025.jpg\" alt=\"\" width=\"620\" height=\"465\" \/><\/a><\/p>\n<h2>\u00c0 l\u2019occasion de la <strong>42e \u00e9dition des Journ\u00e9es europ\u00e9ennes du Patrimoine<\/strong>, la <strong>Pr\u00e9fecture des Vosges<\/strong>, situ\u00e9e <strong data-start=\"32\" data-end=\"55\" data-is-last-node=\"\">place Foch \u00e0 \u00c9pinal,<\/strong> accueillera le public le <strong>samedi 20 septembre de 14 h \u00e0 16 h<\/strong>.<\/h2>\n<p><!--more--><\/p>\n<p>Deux <strong>visites guid\u00e9es<\/strong>, men\u00e9es par <strong>Jacques Grasser<\/strong>, sont programm\u00e9es \u00e0 <strong>14 h et 15 h<\/strong>. Au fil de la d\u00e9couverte, les participants pourront appr\u00e9cier l\u2019<strong>histoire et l\u2019architecture de la Pr\u00e9fecture<\/strong>, la <strong>cour d\u2019honneur<\/strong>, le <strong>bureau de la pr\u00e9f\u00e8te<\/strong>, la <strong>biblioth\u00e8que<\/strong>, le <strong>grand salon<\/strong>, la <strong>salle \u00e0 manger<\/strong>, la <strong>salle du billard<\/strong>, la <strong>chambre du shah<\/strong> ainsi que le <strong>parc<\/strong>.<\/p>\n<p>L\u2019<strong>inscription gratuite<\/strong> est obligatoire et se fait uniquement en ligne, jusqu\u2019au <strong>vendredi 19 septembre \u00e0 12 h<\/strong>, via le site : <a href=\"https:\/\/www.billetweb.fr\/journees-europeennes-du-patrimoine-prefercture-2025\" target=\"_blank\" rel=\"noopener\">billetweb.fr\/journees-europeennes-du-patrimoine-prefercture-2025<\/a>.<\/p>\n<p>Professeur agr\u00e9g\u00e9 d\u2019Histoire, <strong>Jacques Grasser<\/strong> est \u00e9galement <strong>adjoint au maire d\u2019\u00c9pinal en charge de la Culture, du Patrimoine et des manifestations patriotiques<\/strong>, membre du <strong>Haut Conseil des Mus\u00e9es de France<\/strong> et de la <strong>Commission r\u00e9gionale du Patrimoine et des Sites en Lorraine<\/strong>. Passionn\u00e9, il \u0153uvre \u00e0 la valorisation du <strong>patrimoine spinalien<\/strong>, notamment au <strong>Mus\u00e9e du Chapitre<\/strong> qu\u2019il a cr\u00e9\u00e9 et sur le <strong>site du Ch\u00e2teau d\u2019\u00c9pinal<\/strong>.<\/p>\n","protected":false},"excerpt":{"rendered":"<p>\u00c0 l\u2019occasion de la 42e \u00e9dition des Journ\u00e9es europ\u00e9ennes du Patrimoine, la Pr\u00e9fecture des Vosges, situ\u00e9e place Foch \u00e0 \u00c9pinal, [&hellip;]<\/p>\n","protected":false},"author":46,"featured_media":134881,"comment_status":"open","ping_status":"open","sticky":false,"template":"","format":"standard","meta":{"footnotes":""},"categories":[22,12,24,5],"tags":[70,16984,16985,974],"class_list":["post-134880","post","type-post","status-publish","format-standard","has-post-thumbnail","hentry","category-a-la-une","category-culture","category-epinal","category-vosges","tag-epinal","tag-jacques-grasser","tag-journees-europeennes-du-patrimoine-2025","tag-prefecture-des-vosges"],"acf":[],"yoast_head":"<!-- This site is optimized with the Yoast SEO plugin v22.5 - https:\/\/yoast.com\/wordpress\/plugins\/seo\/ -->\n<title>Journ\u00e9es du Patrimoine : la Pr\u00e9fecture des Vosges ouvre ses portes - Epinal Info<\/title>\n<meta name=\"robots\" content=\"index, follow, max-snippet:-1, max-image-preview:large, max-video-preview:-1\" \/>\n<link rel=\"canonical\" href=\"https:\/\/vosgesinfo.fr\/epinalinfo\/2025\/09\/journees-du-patrimoine-la-prefecture-des-vosges-ouvre-ses-portes\/\" \/>\n<meta name=\"twitter:card\" content=\"summary_large_image\" \/>\n<meta name=\"twitter:title\" content=\"Journ\u00e9es du Patrimoine : la Pr\u00e9fecture des Vosges ouvre ses portes - Epinal Info\" \/>\n<meta name=\"twitter:description\" content=\"\u00c0 l\u2019occasion de la 42e \u00e9dition des Journ\u00e9es europ\u00e9ennes du Patrimoine, la Pr\u00e9fecture des Vosges, situ\u00e9e place Foch \u00e0 \u00c9pinal, [&hellip;]\" \/>\n<meta name=\"twitter:image\" content=\"https:\/\/vosgesinfo.fr\/app\/uploads\/sites\/3\/2025\/09\/jep-2025.jpg\" \/>\n<meta name=\"twitter:creator\" content=\"@VosgesInfo88\" \/>\n<meta name=\"twitter:site\" content=\"@VosgesInfo88\" \/>\n<meta name=\"twitter:label1\" content=\"\u00c9crit par\" \/>\n\t<meta name=\"twitter:data1\" content=\"J.J.\" \/>\n\t<meta name=\"twitter:label2\" content=\"Dur\u00e9e de lecture estim\u00e9e\" \/>\n\t<meta name=\"twitter:data2\" content=\"1 minute\" \/>\n<script type=\"application\/ld+json\" class=\"yoast-schema-graph\">{\"@context\":\"https:\/\/schema.org\",\"@graph\":[{\"@type\":\"Article\",\"@id\":\"https:\/\/vosgesinfo.fr\/epinalinfo\/2025\/09\/journees-du-patrimoine-la-prefecture-des-vosges-ouvre-ses-portes\/#article\",\"isPartOf\":{\"@id\":\"https:\/\/vosgesinfo.fr\/epinalinfo\/2025\/09\/journees-du-patrimoine-la-prefecture-des-vosges-ouvre-ses-portes\/\"},\"author\":{\"name\":\"J.J.\",\"@id\":\"https:\/\/vosgesinfo.fr\/epinalinfo\/#\/schema\/person\/fa73e9f726d67bb88f46d5b7943cb572\"},\"headline\":\"Journ\u00e9es du Patrimoine : la Pr\u00e9fecture des Vosges ouvre ses portes\",\"datePublished\":\"2025-09-02T12:20:39+00:00\",\"dateModified\":\"2025-09-02T12:20:39+00:00\",\"mainEntityOfPage\":{\"@id\":\"https:\/\/vosgesinfo.fr\/epinalinfo\/2025\/09\/journees-du-patrimoine-la-prefecture-des-vosges-ouvre-ses-portes\/\"},\"wordCount\":207,\"commentCount\":0,\"publisher\":{\"@id\":\"https:\/\/vosgesinfo.fr\/epinalinfo\/#organization\"},\"image\":{\"@id\":\"https:\/\/vosgesinfo.fr\/epinalinfo\/2025\/09\/journees-du-patrimoine-la-prefecture-des-vosges-ouvre-ses-portes\/#primaryimage\"},\"thumbnailUrl\":\"https:\/\/vosgesinfo.fr\/app\/uploads\/sites\/3\/2025\/09\/jep-2025.jpg\",\"keywords\":[\"Epinal\",\"Jacques Grasser\",\"Journ\u00e9es Europ\u00e9ennes du Patrimoine 2025\",\"pr\u00e9fecture des Vosges\"],\"articleSection\":[\"A la Une\",\"Culture\",\"Epinal\",\"Vosges\"],\"inLanguage\":\"fr-FR\",\"potentialAction\":[{\"@type\":\"CommentAction\",\"name\":\"Comment\",\"target\":[\"https:\/\/vosgesinfo.fr\/epinalinfo\/2025\/09\/journees-du-patrimoine-la-prefecture-des-vosges-ouvre-ses-portes\/#respond\"]}]},{\"@type\":\"WebPage\",\"@id\":\"https:\/\/vosgesinfo.fr\/epinalinfo\/2025\/09\/journees-du-patrimoine-la-prefecture-des-vosges-ouvre-ses-portes\/\",\"url\":\"https:\/\/vosgesinfo.fr\/epinalinfo\/2025\/09\/journees-du-patrimoine-la-prefecture-des-vosges-ouvre-ses-portes\/\",\"name\":\"Journ\u00e9es du Patrimoine : la Pr\u00e9fecture des Vosges ouvre ses portes - Epinal Info\",\"isPartOf\":{\"@id\":\"https:\/\/vosgesinfo.fr\/epinalinfo\/#website\"},\"primaryImageOfPage\":{\"@id\":\"https:\/\/vosgesinfo.fr\/epinalinfo\/2025\/09\/journees-du-patrimoine-la-prefecture-des-vosges-ouvre-ses-portes\/#primaryimage\"},\"image\":{\"@id\":\"https:\/\/vosgesinfo.fr\/epinalinfo\/2025\/09\/journees-du-patrimoine-la-prefecture-des-vosges-ouvre-ses-portes\/#primaryimage\"},\"thumbnailUrl\":\"https:\/\/vosgesinfo.fr\/app\/uploads\/sites\/3\/2025\/09\/jep-2025.jpg\",\"datePublished\":\"2025-09-02T12:20:39+00:00\",\"dateModified\":\"2025-09-02T12:20:39+00:00\",\"breadcrumb\":{\"@id\":\"https:\/\/vosgesinfo.fr\/epinalinfo\/2025\/09\/journees-du-patrimoine-la-prefecture-des-vosges-ouvre-ses-portes\/#breadcrumb\"},\"inLanguage\":\"fr-FR\",\"potentialAction\":[{\"@type\":\"ReadAction\",\"target\":[\"https:\/\/vosgesinfo.fr\/epinalinfo\/2025\/09\/journees-du-patrimoine-la-prefecture-des-vosges-ouvre-ses-portes\/\"]}]},{\"@type\":\"ImageObject\",\"inLanguage\":\"fr-FR\",\"@id\":\"https:\/\/vosgesinfo.fr\/epinalinfo\/2025\/09\/journees-du-patrimoine-la-prefecture-des-vosges-ouvre-ses-portes\/#primaryimage\",\"url\":\"https:\/\/vosgesinfo.fr\/app\/uploads\/sites\/3\/2025\/09\/jep-2025.jpg\",\"contentUrl\":\"https:\/\/vosgesinfo.fr\/app\/uploads\/sites\/3\/2025\/09\/jep-2025.jpg\",\"width\":620,\"height\":465},{\"@type\":\"BreadcrumbList\",\"@id\":\"https:\/\/vosgesinfo.fr\/epinalinfo\/2025\/09\/journees-du-patrimoine-la-prefecture-des-vosges-ouvre-ses-portes\/#breadcrumb\",\"itemListElement\":[{\"@type\":\"ListItem\",\"position\":1,\"name\":\"Home\",\"item\":\"https:\/\/vosgesinfo.fr\/epinalinfo\/\"},{\"@type\":\"ListItem\",\"position\":2,\"name\":\"Journ\u00e9es du Patrimoine : la Pr\u00e9fecture des Vosges ouvre ses portes\"}]},{\"@type\":\"WebSite\",\"@id\":\"https:\/\/vosgesinfo.fr\/epinalinfo\/#website\",\"url\":\"https:\/\/vosgesinfo.fr\/epinalinfo\/\",\"name\":\"Epinal Info\",\"description\":\"Toute l&#039;actualit\u00e9 d&#039;\u00c9pinal\",\"publisher\":{\"@id\":\"https:\/\/vosgesinfo.fr\/epinalinfo\/#organization\"},\"alternateName\":\"Toute l'actualit\u00e9 d'\u00c9pinal\",\"potentialAction\":[{\"@type\":\"SearchAction\",\"target\":{\"@type\":\"EntryPoint\",\"urlTemplate\":\"https:\/\/vosgesinfo.fr\/epinalinfo\/?s={search_term_string}\"},\"query-input\":\"required name=search_term_string\"}],\"inLanguage\":\"fr-FR\"},{\"@type\":\"Organization\",\"@id\":\"https:\/\/vosgesinfo.fr\/epinalinfo\/#organization\",\"name\":\"Epinal Info\",\"url\":\"https:\/\/vosgesinfo.fr\/epinalinfo\/\",\"logo\":{\"@type\":\"ImageObject\",\"inLanguage\":\"fr-FR\",\"@id\":\"https:\/\/vosgesinfo.fr\/epinalinfo\/#\/schema\/logo\/image\/\",\"url\":\"https:\/\/vosgesinfo.fr\/app\/uploads\/sites\/3\/2023\/08\/logo-epinalinfos.svg\",\"contentUrl\":\"https:\/\/vosgesinfo.fr\/app\/uploads\/sites\/3\/2023\/08\/logo-epinalinfos.svg\",\"width\":1,\"height\":1,\"caption\":\"Epinal Info\"},\"image\":{\"@id\":\"https:\/\/vosgesinfo.fr\/epinalinfo\/#\/schema\/logo\/image\/\"},\"sameAs\":[\"https:\/\/www.facebook.com\/Epinalinfos\",\"https:\/\/x.com\/VosgesInfo88\",\"https:\/\/www.youtube.com\/@vosgesinfo\"]},{\"@type\":\"Person\",\"@id\":\"https:\/\/vosgesinfo.fr\/epinalinfo\/#\/schema\/person\/fa73e9f726d67bb88f46d5b7943cb572\",\"name\":\"J.J.\",\"image\":{\"@type\":\"ImageObject\",\"inLanguage\":\"fr-FR\",\"@id\":\"https:\/\/vosgesinfo.fr\/epinalinfo\/#\/schema\/person\/image\/\",\"url\":\"https:\/\/secure.gravatar.com\/avatar\/219e749e47ffbcca018a360ae4add7d4cdf1cdaaf8bc7676b27efade3fe65615?s=96&d=mm&r=g\",\"contentUrl\":\"https:\/\/secure.gravatar.com\/avatar\/219e749e47ffbcca018a360ae4add7d4cdf1cdaaf8bc7676b27efade3fe65615?s=96&d=mm&r=g\",\"caption\":\"J.J.\"},\"url\":\"https:\/\/vosgesinfo.fr\/epinalinfo\/author\/j-j\/\"}]}<\/script>\n<!-- \/ Yoast SEO plugin. -->","yoast_head_json":{"title":"Journ\u00e9es du Patrimoine : la Pr\u00e9fecture des Vosges ouvre ses portes - Epinal Info","robots":{"index":"index","follow":"follow","max-snippet":"max-snippet:-1","max-image-preview":"max-image-preview:large","max-video-preview":"max-video-preview:-1"},"canonical":"https:\/\/vosgesinfo.fr\/epinalinfo\/2025\/09\/journees-du-patrimoine-la-prefecture-des-vosges-ouvre-ses-portes\/","twitter_card":"summary_large_image","twitter_title":"Journ\u00e9es du Patrimoine : la Pr\u00e9fecture des Vosges ouvre ses portes - Epinal Info","twitter_description":"\u00c0 l\u2019occasion de la 42e \u00e9dition des Journ\u00e9es europ\u00e9ennes du Patrimoine, la Pr\u00e9fecture des Vosges, situ\u00e9e place Foch \u00e0 \u00c9pinal, [&hellip;]","twitter_image":"https:\/\/vosgesinfo.fr\/app\/uploads\/sites\/3\/2025\/09\/jep-2025.jpg","twitter_creator":"@VosgesInfo88","twitter_site":"@VosgesInfo88","twitter_misc":{"\u00c9crit par":"J.J.","Dur\u00e9e de lecture estim\u00e9e":"1 minute"},"schema":{"@context":"https:\/\/schema.org","@graph":[{"@type":"Article","@id":"https:\/\/vosgesinfo.fr\/epinalinfo\/2025\/09\/journees-du-patrimoine-la-prefecture-des-vosges-ouvre-ses-portes\/#article","isPartOf":{"@id":"https:\/\/vosgesinfo.fr\/epinalinfo\/2025\/09\/journees-du-patrimoine-la-prefecture-des-vosges-ouvre-ses-portes\/"},"author":{"name":"J.J.","@id":"https:\/\/vosgesinfo.fr\/epinalinfo\/#\/schema\/person\/fa73e9f726d67bb88f46d5b7943cb572"},"headline":"Journ\u00e9es du Patrimoine : la Pr\u00e9fecture des Vosges ouvre ses portes","datePublished":"2025-09-02T12:20:39+00:00","dateModified":"2025-09-02T12:20:39+00:00","mainEntityOfPage":{"@id":"https:\/\/vosgesinfo.fr\/epinalinfo\/2025\/09\/journees-du-patrimoine-la-prefecture-des-vosges-ouvre-ses-portes\/"},"wordCount":207,"commentCount":0,"publisher":{"@id":"https:\/\/vosgesinfo.fr\/epinalinfo\/#organization"},"image":{"@id":"https:\/\/vosgesinfo.fr\/epinalinfo\/2025\/09\/journees-du-patrimoine-la-prefecture-des-vosges-ouvre-ses-portes\/#primaryimage"},"thumbnailUrl":"https:\/\/vosgesinfo.fr\/app\/uploads\/sites\/3\/2025\/09\/jep-2025.jpg","keywords":["Epinal","Jacques Grasser","Journ\u00e9es Europ\u00e9ennes du Patrimoine 2025","pr\u00e9fecture des Vosges"],"articleSection":["A la Une","Culture","Epinal","Vosges"],"inLanguage":"fr-FR","potentialAction":[{"@type":"CommentAction","name":"Comment","target":["https:\/\/vosgesinfo.fr\/epinalinfo\/2025\/09\/journees-du-patrimoine-la-prefecture-des-vosges-ouvre-ses-portes\/#respond"]}]},{"@type":"WebPage","@id":"https:\/\/vosgesinfo.fr\/epinalinfo\/2025\/09\/journees-du-patrimoine-la-prefecture-des-vosges-ouvre-ses-portes\/","url":"https:\/\/vosgesinfo.fr\/epinalinfo\/2025\/09\/journees-du-patrimoine-la-prefecture-des-vosges-ouvre-ses-portes\/","name":"Journ\u00e9es du Patrimoine : la Pr\u00e9fecture des Vosges ouvre ses portes - Epinal Info","isPartOf":{"@id":"https:\/\/vosgesinfo.fr\/epinalinfo\/#website"},"primaryImageOfPage":{"@id":"https:\/\/vosgesinfo.fr\/epinalinfo\/2025\/09\/journees-du-patrimoine-la-prefecture-des-vosges-ouvre-ses-portes\/#primaryimage"},"image":{"@id":"https:\/\/vosgesinfo.fr\/epinalinfo\/2025\/09\/journees-du-patrimoine-la-prefecture-des-vosges-ouvre-ses-portes\/#primaryimage"},"thumbnailUrl":"https:\/\/vosgesinfo.fr\/app\/uploads\/sites\/3\/2025\/09\/jep-2025.jpg","datePublished":"2025-09-02T12:20:39+00:00","dateModified":"2025-09-02T12:20:39+00:00","breadcrumb":{"@id":"https:\/\/vosgesinfo.fr\/epinalinfo\/2025\/09\/journees-du-patrimoine-la-prefecture-des-vosges-ouvre-ses-portes\/#breadcrumb"},"inLanguage":"fr-FR","potentialAction":[{"@type":"ReadAction","target":["https:\/\/vosgesinfo.fr\/epinalinfo\/2025\/09\/journees-du-patrimoine-la-prefecture-des-vosges-ouvre-ses-portes\/"]}]},{"@type":"ImageObject","inLanguage":"fr-FR","@id":"https:\/\/vosgesinfo.fr\/epinalinfo\/2025\/09\/journees-du-patrimoine-la-prefecture-des-vosges-ouvre-ses-portes\/#primaryimage","url":"https:\/\/vosgesinfo.fr\/app\/uploads\/sites\/3\/2025\/09\/jep-2025.jpg","contentUrl":"https:\/\/vosgesinfo.fr\/app\/uploads\/sites\/3\/2025\/09\/jep-2025.jpg","width":620,"height":465},{"@type":"BreadcrumbList","@id":"https:\/\/vosgesinfo.fr\/epinalinfo\/2025\/09\/journees-du-patrimoine-la-prefecture-des-vosges-ouvre-ses-portes\/#breadcrumb","itemListElement":[{"@type":"ListItem","position":1,"name":"Home","item":"https:\/\/vosgesinfo.fr\/epinalinfo\/"},{"@type":"ListItem","position":2,"name":"Journ\u00e9es du Patrimoine : la Pr\u00e9fecture des Vosges ouvre ses portes"}]},{"@type":"WebSite","@id":"https:\/\/vosgesinfo.fr\/epinalinfo\/#website","url":"https:\/\/vosgesinfo.fr\/epinalinfo\/","name":"Epinal Info","description":"Toute l&#039;actualit\u00e9 d&#039;\u00c9pinal","publisher":{"@id":"https:\/\/vosgesinfo.fr\/epinalinfo\/#organization"},"alternateName":"Toute l'actualit\u00e9 d'\u00c9pinal","potentialAction":[{"@type":"SearchAction","target":{"@type":"EntryPoint","urlTemplate":"https:\/\/vosgesinfo.fr\/epinalinfo\/?s={search_term_string}"},"query-input":"required name=search_term_string"}],"inLanguage":"fr-FR"},{"@type":"Organization","@id":"https:\/\/vosgesinfo.fr\/epinalinfo\/#organization","name":"Epinal Info","url":"https:\/\/vosgesinfo.fr\/epinalinfo\/","logo":{"@type":"ImageObject","inLanguage":"fr-FR","@id":"https:\/\/vosgesinfo.fr\/epinalinfo\/#\/schema\/logo\/image\/","url":"https:\/\/vosgesinfo.fr\/app\/uploads\/sites\/3\/2023\/08\/logo-epinalinfos.svg","contentUrl":"https:\/\/vosgesinfo.fr\/app\/uploads\/sites\/3\/2023\/08\/logo-epinalinfos.svg","width":1,"height":1,"caption":"Epinal Info"},"image":{"@id":"https:\/\/vosgesinfo.fr\/epinalinfo\/#\/schema\/logo\/image\/"},"sameAs":["https:\/\/www.facebook.com\/Epinalinfos","https:\/\/x.com\/VosgesInfo88","https:\/\/www.youtube.com\/@vosgesinfo"]},{"@type":"Person","@id":"https:\/\/vosgesinfo.fr\/epinalinfo\/#\/schema\/person\/fa73e9f726d67bb88f46d5b7943cb572","name":"J.J.","image":{"@type":"ImageObject","inLanguage":"fr-FR","@id":"https:\/\/vosgesinfo.fr\/epinalinfo\/#\/schema\/person\/image\/","url":"https:\/\/secure.gravatar.com\/avatar\/219e749e47ffbcca018a360ae4add7d4cdf1cdaaf8bc7676b27efade3fe65615?s=96&d=mm&r=g","contentUrl":"https:\/\/secure.gravatar.com\/avatar\/219e749e47ffbcca018a360ae4add7d4cdf1cdaaf8bc7676b27efade3fe65615?s=96&d=mm&r=g","caption":"J.J."},"url":"https:\/\/vosgesinfo.fr\/epinalinfo\/author\/j-j\/"}]}},"_links":{"self":[{"href":"https:\/\/vosgesinfo.fr\/epinalinfo\/wp-json\/wp\/v2\/posts\/134880","targetHints":{"allow":["GET"]}}],"collection":[{"href":"https:\/\/vosgesinfo.fr\/epinalinfo\/wp-json\/wp\/v2\/posts"}],"about":[{"href":"https:\/\/vosgesinfo.fr\/epinalinfo\/wp-json\/wp\/v2\/types\/post"}],"author":[{"embeddable":true,"href":"https:\/\/vosgesinfo.fr\/epinalinfo\/wp-json\/wp\/v2\/users\/46"}],"replies":[{"embeddable":true,"href":"https:\/\/vosgesinfo.fr\/epinalinfo\/wp-json\/wp\/v2\/comments?post=134880"}],"version-history":[{"count":0,"href":"https:\/\/vosgesinfo.fr\/epinalinfo\/wp-json\/wp\/v2\/posts\/134880\/revisions"}],"wp:featuredmedia":[{"embeddable":true,"href":"https:\/\/vosgesinfo.fr\/epinalinfo\/wp-json\/wp\/v2\/media\/134881"}],"wp:attachment":[{"href":"https:\/\/vosgesinfo.fr\/epinalinfo\/wp-json\/wp\/v2\/media?parent=134880"}],"wp:term":[{"taxonomy":"category","embeddable":true,"href":"https:\/\/vosgesinfo.fr\/epinalinfo\/wp-json\/wp\/v2\/categories?post=134880"},{"taxonomy":"post_tag","embeddable":true,"href":"https:\/\/vosgesinfo.fr\/epinalinfo\/wp-json\/wp\/v2\/tags?post=134880"}],"curies":[{"name":"wp","href":"https:\/\/api.w.org\/{rel}","templated":true}]}}