{"id":134886,"date":"2025-09-02T16:15:52","date_gmt":"2025-09-02T14:15:52","guid":{"rendered":"https:\/\/vosgesinfo.fr\/epinalinfo\/?p=134886"},"modified":"2025-09-02T16:11:24","modified_gmt":"2025-09-02T14:11:24","slug":"suicide-une-marche-organisee-a-epinal-pour-rompre-lisolement-et-le-silence","status":"publish","type":"post","link":"https:\/\/vosgesinfo.fr\/epinalinfo\/2025\/09\/suicide-une-marche-organisee-a-epinal-pour-rompre-lisolement-et-le-silence\/","title":{"rendered":"Suicide : une marche organis\u00e9e \u00e0 \u00c9pinal pour rompre l\u2019isolement et le silence"},"content":{"rendered":"<h2 data-start=\"162\" data-end=\"524\"><strong><a href=\"https:\/\/vosgesinfo.fr\/app\/uploads\/sites\/3\/2025\/09\/pink-rose-on-railway-3538324-960-720.jpg\"><img decoding=\"async\" class=\"aligncenter size-full wp-image-134887\" src=\"https:\/\/vosgesinfo.fr\/app\/uploads\/sites\/3\/2025\/09\/pink-rose-on-railway-3538324-960-720.jpg\" alt=\"\" width=\"960\" height=\"640\" srcset=\"https:\/\/vosgesinfo.fr\/app\/uploads\/sites\/3\/2025\/09\/pink-rose-on-railway-3538324-960-720.jpg 960w, https:\/\/vosgesinfo.fr\/app\/uploads\/sites\/3\/2025\/09\/pink-rose-on-railway-3538324-960-720-300x200.jpg 300w, https:\/\/vosgesinfo.fr\/app\/uploads\/sites\/3\/2025\/09\/pink-rose-on-railway-3538324-960-720-768x512.jpg 768w\" sizes=\"(max-width: 960px) 100vw, 960px\" \/><\/a>Le 14 septembre 2025, \u00c9pinal accueillera la premi\u00e8re \u00e9dition de la Marche Jaune, une initiative in\u00e9dite pour sensibiliser \u00e0 la pr\u00e9vention du suicide. Port\u00e9 par le Centre Hospitalier Ravenel et le Centre Ressource Pr\u00e9vention Suicide Grand Est (CRPS), l\u2019\u00e9v\u00e9nement s\u2019inscrit dans le cadre de la Journ\u00e9e internationale de pr\u00e9vention du suicide.<\/strong><\/h2>\n<h3 data-start=\"526\" data-end=\"554\">Une urgence silencieuse<\/h3>\n<p data-start=\"556\" data-end=\"877\">Chaque ann\u00e9e en France, pr\u00e8s de <strong data-start=\"588\" data-end=\"633\">9 000 personnes mettent fin \u00e0 leurs jours<\/strong>, et environ <strong data-start=\"646\" data-end=\"677\">200 000 tentent de le faire<\/strong>. Derri\u00e8re ces chiffres se cachent des drames humains qui bouleversent familles, amis et coll\u00e8gues. Trop souvent entour\u00e9e de silence, cette souffrance peine \u00e0 trouver des mots et un espace d\u2019\u00e9coute.<\/p>\n<p data-start=\"879\" data-end=\"1059\">La Marche Jaune a pour ambition de <strong data-start=\"914\" data-end=\"935\">briser les tabous<\/strong>, en rassemblant citoyens, familles, associations et professionnels autour d\u2019un message clair : <strong data-start=\"1031\" data-end=\"1056\">parler sauve des vies<\/strong>.<\/p>\n<h3 data-start=\"1061\" data-end=\"1105\">Un \u00e9v\u00e9nement solidaire et ouvert \u00e0 tous<\/h3>\n<ul data-start=\"1107\" data-end=\"1255\">\n<li data-start=\"1107\" data-end=\"1162\">\n<p data-start=\"1109\" data-end=\"1162\"><strong data-start=\"1109\" data-end=\"1119\">Date :<\/strong> Dimanche 14 septembre 2025, de 10h \u00e0 13h<\/p>\n<\/li>\n<li data-start=\"1163\" data-end=\"1212\">\n<p data-start=\"1165\" data-end=\"1212\"><strong data-start=\"1165\" data-end=\"1185\">Lieu de d\u00e9part :<\/strong> Parc du Ch\u00e2teau \u2013 \u00c9pinal<\/p>\n<\/li>\n<li data-start=\"1213\" data-end=\"1255\">\n<p data-start=\"1215\" data-end=\"1255\"><strong data-start=\"1215\" data-end=\"1229\">Parcours :<\/strong> 2 km, accessible \u00e0 tous<\/p>\n<\/li>\n<\/ul>\n<p data-start=\"1257\" data-end=\"1358\">Au-del\u00e0 de la marche, les participants pourront profiter d\u2019un <strong data-start=\"1319\" data-end=\"1354\">programme riche et bienveillant<\/strong> :<\/p>\n<ul data-start=\"1360\" data-end=\"1657\">\n<li data-start=\"1360\" data-end=\"1422\">\n<p data-start=\"1362\" data-end=\"1422\">\ud83c\udf89 <strong data-start=\"1365\" data-end=\"1391\">Animations conviviales<\/strong>, pour favoriser les \u00e9changes<\/p>\n<\/li>\n<li data-start=\"1423\" data-end=\"1503\">\n<p data-start=\"1425\" data-end=\"1503\">\ud83e\udde0 <strong data-start=\"1428\" data-end=\"1452\">Stands d\u2019information<\/strong> sur la sant\u00e9 mentale et la pr\u00e9vention du suicide<\/p>\n<\/li>\n<li data-start=\"1504\" data-end=\"1580\">\n<p data-start=\"1506\" data-end=\"1580\">\ud83e\udd1d <strong data-start=\"1509\" data-end=\"1523\">Rencontres<\/strong> avec associations, professionnels et b\u00e9n\u00e9voles engag\u00e9s<\/p>\n<\/li>\n<li data-start=\"1581\" data-end=\"1657\">\n<p data-start=\"1583\" data-end=\"1657\">\ud83c\udf81 <strong data-start=\"1586\" data-end=\"1602\">Lots offerts<\/strong> pour remercier les participants de leur mobilisation<\/p>\n<\/li>\n<\/ul>\n<h3 data-start=\"1659\" data-end=\"1700\">Des ressources disponibles pour tous<\/h3>\n<p data-start=\"1702\" data-end=\"2001\">L\u2019\u00e9v\u00e9nement mettra \u00e9galement en lumi\u00e8re les dispositifs existants, notamment le <strong data-start=\"1782\" data-end=\"1790\">3114<\/strong>, num\u00e9ro national de pr\u00e9vention du suicide. Gratuit, accessible <strong data-start=\"1854\" data-end=\"1872\">24h\/24 et 7j\/7<\/strong>, il permet de parler avec des professionnels form\u00e9s, \u00e0 l\u2019\u00e9coute de toute personne en d\u00e9tresse psychologique ou de ses proches.<\/p>\n<h3 data-start=\"2003\" data-end=\"2043\">Un pas collectif contre l\u2019isolement<\/h3>\n<p data-start=\"2045\" data-end=\"2254\">Plus qu\u2019une simple marche, la Marche Jaune se veut un <strong data-start=\"2099\" data-end=\"2129\">moment d\u2019unit\u00e9 et d\u2019espoir<\/strong>. Elle rappelle que la souffrance psychique n\u2019a pas \u00e0 \u00eatre v\u00e9cue dans la solitude et qu\u2019il existe toujours une main tendue.<\/p>\n<p data-start=\"2256\" data-end=\"2347\">\ud83d\udc9b Marcher ensemble, c\u2019est affirmer que <strong data-start=\"2296\" data-end=\"2319\">personne n\u2019est seul<\/strong> et que chaque vie compte.<\/p>\n","protected":false},"excerpt":{"rendered":"<p>Le 14 septembre 2025, \u00c9pinal accueillera la premi\u00e8re \u00e9dition de la Marche Jaune, une initiative in\u00e9dite pour sensibiliser \u00e0 la [&hellip;]<\/p>\n","protected":false},"author":52,"featured_media":134887,"comment_status":"open","ping_status":"open","sticky":false,"template":"","format":"standard","meta":{"footnotes":""},"categories":[22,24],"tags":[],"class_list":["post-134886","post","type-post","status-publish","format-standard","has-post-thumbnail","hentry","category-a-la-une","category-epinal"],"acf":[],"yoast_head":"<!-- This site is optimized with the Yoast SEO plugin v22.5 - https:\/\/yoast.com\/wordpress\/plugins\/seo\/ -->\n<title>Suicide : une marche organis\u00e9e \u00e0 \u00c9pinal pour rompre l\u2019isolement et le silence - Epinal Info<\/title>\n<meta name=\"robots\" content=\"index, follow, max-snippet:-1, max-image-preview:large, max-video-preview:-1\" \/>\n<link rel=\"canonical\" href=\"https:\/\/vosgesinfo.fr\/epinalinfo\/2025\/09\/suicide-une-marche-organisee-a-epinal-pour-rompre-lisolement-et-le-silence\/\" \/>\n<meta name=\"twitter:card\" content=\"summary_large_image\" \/>\n<meta name=\"twitter:title\" content=\"Suicide : une marche organis\u00e9e \u00e0 \u00c9pinal pour rompre l\u2019isolement et le silence - Epinal Info\" \/>\n<meta name=\"twitter:description\" content=\"Le 14 septembre 2025, \u00c9pinal accueillera la premi\u00e8re \u00e9dition de la Marche Jaune, une initiative in\u00e9dite pour sensibiliser \u00e0 la [&hellip;]\" \/>\n<meta name=\"twitter:image\" content=\"https:\/\/vosgesinfo.fr\/app\/uploads\/sites\/3\/2025\/09\/pink-rose-on-railway-3538324-960-720.jpg\" \/>\n<meta name=\"twitter:creator\" content=\"@VosgesInfo88\" \/>\n<meta name=\"twitter:site\" content=\"@VosgesInfo88\" \/>\n<meta name=\"twitter:label1\" content=\"\u00c9crit par\" \/>\n\t<meta name=\"twitter:data1\" content=\"C.K.\" \/>\n\t<meta name=\"twitter:label2\" content=\"Dur\u00e9e de lecture estim\u00e9e\" \/>\n\t<meta name=\"twitter:data2\" content=\"2 minutes\" \/>\n<script type=\"application\/ld+json\" class=\"yoast-schema-graph\">{\"@context\":\"https:\/\/schema.org\",\"@graph\":[{\"@type\":\"Article\",\"@id\":\"https:\/\/vosgesinfo.fr\/epinalinfo\/2025\/09\/suicide-une-marche-organisee-a-epinal-pour-rompre-lisolement-et-le-silence\/#article\",\"isPartOf\":{\"@id\":\"https:\/\/vosgesinfo.fr\/epinalinfo\/2025\/09\/suicide-une-marche-organisee-a-epinal-pour-rompre-lisolement-et-le-silence\/\"},\"author\":{\"name\":\"C.K.\",\"@id\":\"https:\/\/vosgesinfo.fr\/epinalinfo\/#\/schema\/person\/6f9a650eeea99d969b6c4ab78fccbe81\"},\"headline\":\"Suicide : une marche organis\u00e9e \u00e0 \u00c9pinal pour rompre l\u2019isolement et le silence\",\"datePublished\":\"2025-09-02T14:15:52+00:00\",\"dateModified\":\"2025-09-02T14:11:24+00:00\",\"mainEntityOfPage\":{\"@id\":\"https:\/\/vosgesinfo.fr\/epinalinfo\/2025\/09\/suicide-une-marche-organisee-a-epinal-pour-rompre-lisolement-et-le-silence\/\"},\"wordCount\":343,\"commentCount\":1,\"publisher\":{\"@id\":\"https:\/\/vosgesinfo.fr\/epinalinfo\/#organization\"},\"image\":{\"@id\":\"https:\/\/vosgesinfo.fr\/epinalinfo\/2025\/09\/suicide-une-marche-organisee-a-epinal-pour-rompre-lisolement-et-le-silence\/#primaryimage\"},\"thumbnailUrl\":\"https:\/\/vosgesinfo.fr\/app\/uploads\/sites\/3\/2025\/09\/pink-rose-on-railway-3538324-960-720.jpg\",\"articleSection\":[\"A la Une\",\"Epinal\"],\"inLanguage\":\"fr-FR\",\"potentialAction\":[{\"@type\":\"CommentAction\",\"name\":\"Comment\",\"target\":[\"https:\/\/vosgesinfo.fr\/epinalinfo\/2025\/09\/suicide-une-marche-organisee-a-epinal-pour-rompre-lisolement-et-le-silence\/#respond\"]}]},{\"@type\":\"WebPage\",\"@id\":\"https:\/\/vosgesinfo.fr\/epinalinfo\/2025\/09\/suicide-une-marche-organisee-a-epinal-pour-rompre-lisolement-et-le-silence\/\",\"url\":\"https:\/\/vosgesinfo.fr\/epinalinfo\/2025\/09\/suicide-une-marche-organisee-a-epinal-pour-rompre-lisolement-et-le-silence\/\",\"name\":\"Suicide : une marche organis\u00e9e \u00e0 \u00c9pinal pour rompre l\u2019isolement et le silence - Epinal Info\",\"isPartOf\":{\"@id\":\"https:\/\/vosgesinfo.fr\/epinalinfo\/#website\"},\"primaryImageOfPage\":{\"@id\":\"https:\/\/vosgesinfo.fr\/epinalinfo\/2025\/09\/suicide-une-marche-organisee-a-epinal-pour-rompre-lisolement-et-le-silence\/#primaryimage\"},\"image\":{\"@id\":\"https:\/\/vosgesinfo.fr\/epinalinfo\/2025\/09\/suicide-une-marche-organisee-a-epinal-pour-rompre-lisolement-et-le-silence\/#primaryimage\"},\"thumbnailUrl\":\"https:\/\/vosgesinfo.fr\/app\/uploads\/sites\/3\/2025\/09\/pink-rose-on-railway-3538324-960-720.jpg\",\"datePublished\":\"2025-09-02T14:15:52+00:00\",\"dateModified\":\"2025-09-02T14:11:24+00:00\",\"breadcrumb\":{\"@id\":\"https:\/\/vosgesinfo.fr\/epinalinfo\/2025\/09\/suicide-une-marche-organisee-a-epinal-pour-rompre-lisolement-et-le-silence\/#breadcrumb\"},\"inLanguage\":\"fr-FR\",\"potentialAction\":[{\"@type\":\"ReadAction\",\"target\":[\"https:\/\/vosgesinfo.fr\/epinalinfo\/2025\/09\/suicide-une-marche-organisee-a-epinal-pour-rompre-lisolement-et-le-silence\/\"]}]},{\"@type\":\"ImageObject\",\"inLanguage\":\"fr-FR\",\"@id\":\"https:\/\/vosgesinfo.fr\/epinalinfo\/2025\/09\/suicide-une-marche-organisee-a-epinal-pour-rompre-lisolement-et-le-silence\/#primaryimage\",\"url\":\"https:\/\/vosgesinfo.fr\/app\/uploads\/sites\/3\/2025\/09\/pink-rose-on-railway-3538324-960-720.jpg\",\"contentUrl\":\"https:\/\/vosgesinfo.fr\/app\/uploads\/sites\/3\/2025\/09\/pink-rose-on-railway-3538324-960-720.jpg\",\"width\":960,\"height\":640},{\"@type\":\"BreadcrumbList\",\"@id\":\"https:\/\/vosgesinfo.fr\/epinalinfo\/2025\/09\/suicide-une-marche-organisee-a-epinal-pour-rompre-lisolement-et-le-silence\/#breadcrumb\",\"itemListElement\":[{\"@type\":\"ListItem\",\"position\":1,\"name\":\"Home\",\"item\":\"https:\/\/vosgesinfo.fr\/epinalinfo\/\"},{\"@type\":\"ListItem\",\"position\":2,\"name\":\"Suicide : une marche organis\u00e9e \u00e0 \u00c9pinal pour rompre l\u2019isolement et le silence\"}]},{\"@type\":\"WebSite\",\"@id\":\"https:\/\/vosgesinfo.fr\/epinalinfo\/#website\",\"url\":\"https:\/\/vosgesinfo.fr\/epinalinfo\/\",\"name\":\"Epinal Info\",\"description\":\"Toute l&#039;actualit\u00e9 d&#039;\u00c9pinal\",\"publisher\":{\"@id\":\"https:\/\/vosgesinfo.fr\/epinalinfo\/#organization\"},\"alternateName\":\"Toute l'actualit\u00e9 d'\u00c9pinal\",\"potentialAction\":[{\"@type\":\"SearchAction\",\"target\":{\"@type\":\"EntryPoint\",\"urlTemplate\":\"https:\/\/vosgesinfo.fr\/epinalinfo\/?s={search_term_string}\"},\"query-input\":\"required name=search_term_string\"}],\"inLanguage\":\"fr-FR\"},{\"@type\":\"Organization\",\"@id\":\"https:\/\/vosgesinfo.fr\/epinalinfo\/#organization\",\"name\":\"Epinal Info\",\"url\":\"https:\/\/vosgesinfo.fr\/epinalinfo\/\",\"logo\":{\"@type\":\"ImageObject\",\"inLanguage\":\"fr-FR\",\"@id\":\"https:\/\/vosgesinfo.fr\/epinalinfo\/#\/schema\/logo\/image\/\",\"url\":\"https:\/\/vosgesinfo.fr\/app\/uploads\/sites\/3\/2023\/08\/logo-epinalinfos.svg\",\"contentUrl\":\"https:\/\/vosgesinfo.fr\/app\/uploads\/sites\/3\/2023\/08\/logo-epinalinfos.svg\",\"width\":1,\"height\":1,\"caption\":\"Epinal Info\"},\"image\":{\"@id\":\"https:\/\/vosgesinfo.fr\/epinalinfo\/#\/schema\/logo\/image\/\"},\"sameAs\":[\"https:\/\/www.facebook.com\/Epinalinfos\",\"https:\/\/x.com\/VosgesInfo88\",\"https:\/\/www.youtube.com\/@vosgesinfo\"]},{\"@type\":\"Person\",\"@id\":\"https:\/\/vosgesinfo.fr\/epinalinfo\/#\/schema\/person\/6f9a650eeea99d969b6c4ab78fccbe81\",\"name\":\"C.K.\",\"image\":{\"@type\":\"ImageObject\",\"inLanguage\":\"fr-FR\",\"@id\":\"https:\/\/vosgesinfo.fr\/epinalinfo\/#\/schema\/person\/image\/\",\"url\":\"https:\/\/secure.gravatar.com\/avatar\/48e3fc7f8421ba8942be6b74a2b7f014ca39bc00dece156b7a8e098ae7dc87bf?s=96&d=mm&r=g\",\"contentUrl\":\"https:\/\/secure.gravatar.com\/avatar\/48e3fc7f8421ba8942be6b74a2b7f014ca39bc00dece156b7a8e098ae7dc87bf?s=96&d=mm&r=g\",\"caption\":\"C.K.\"},\"url\":\"https:\/\/vosgesinfo.fr\/epinalinfo\/author\/celia-k-n\/\"}]}<\/script>\n<!-- \/ Yoast SEO plugin. -->","yoast_head_json":{"title":"Suicide : une marche organis\u00e9e \u00e0 \u00c9pinal pour rompre l\u2019isolement et le silence - Epinal Info","robots":{"index":"index","follow":"follow","max-snippet":"max-snippet:-1","max-image-preview":"max-image-preview:large","max-video-preview":"max-video-preview:-1"},"canonical":"https:\/\/vosgesinfo.fr\/epinalinfo\/2025\/09\/suicide-une-marche-organisee-a-epinal-pour-rompre-lisolement-et-le-silence\/","twitter_card":"summary_large_image","twitter_title":"Suicide : une marche organis\u00e9e \u00e0 \u00c9pinal pour rompre l\u2019isolement et le silence - Epinal Info","twitter_description":"Le 14 septembre 2025, \u00c9pinal accueillera la premi\u00e8re \u00e9dition de la Marche Jaune, une initiative in\u00e9dite pour sensibiliser \u00e0 la [&hellip;]","twitter_image":"https:\/\/vosgesinfo.fr\/app\/uploads\/sites\/3\/2025\/09\/pink-rose-on-railway-3538324-960-720.jpg","twitter_creator":"@VosgesInfo88","twitter_site":"@VosgesInfo88","twitter_misc":{"\u00c9crit par":"C.K.","Dur\u00e9e de lecture estim\u00e9e":"2 minutes"},"schema":{"@context":"https:\/\/schema.org","@graph":[{"@type":"Article","@id":"https:\/\/vosgesinfo.fr\/epinalinfo\/2025\/09\/suicide-une-marche-organisee-a-epinal-pour-rompre-lisolement-et-le-silence\/#article","isPartOf":{"@id":"https:\/\/vosgesinfo.fr\/epinalinfo\/2025\/09\/suicide-une-marche-organisee-a-epinal-pour-rompre-lisolement-et-le-silence\/"},"author":{"name":"C.K.","@id":"https:\/\/vosgesinfo.fr\/epinalinfo\/#\/schema\/person\/6f9a650eeea99d969b6c4ab78fccbe81"},"headline":"Suicide : une marche organis\u00e9e \u00e0 \u00c9pinal pour rompre l\u2019isolement et le silence","datePublished":"2025-09-02T14:15:52+00:00","dateModified":"2025-09-02T14:11:24+00:00","mainEntityOfPage":{"@id":"https:\/\/vosgesinfo.fr\/epinalinfo\/2025\/09\/suicide-une-marche-organisee-a-epinal-pour-rompre-lisolement-et-le-silence\/"},"wordCount":343,"commentCount":1,"publisher":{"@id":"https:\/\/vosgesinfo.fr\/epinalinfo\/#organization"},"image":{"@id":"https:\/\/vosgesinfo.fr\/epinalinfo\/2025\/09\/suicide-une-marche-organisee-a-epinal-pour-rompre-lisolement-et-le-silence\/#primaryimage"},"thumbnailUrl":"https:\/\/vosgesinfo.fr\/app\/uploads\/sites\/3\/2025\/09\/pink-rose-on-railway-3538324-960-720.jpg","articleSection":["A la Une","Epinal"],"inLanguage":"fr-FR","potentialAction":[{"@type":"CommentAction","name":"Comment","target":["https:\/\/vosgesinfo.fr\/epinalinfo\/2025\/09\/suicide-une-marche-organisee-a-epinal-pour-rompre-lisolement-et-le-silence\/#respond"]}]},{"@type":"WebPage","@id":"https:\/\/vosgesinfo.fr\/epinalinfo\/2025\/09\/suicide-une-marche-organisee-a-epinal-pour-rompre-lisolement-et-le-silence\/","url":"https:\/\/vosgesinfo.fr\/epinalinfo\/2025\/09\/suicide-une-marche-organisee-a-epinal-pour-rompre-lisolement-et-le-silence\/","name":"Suicide : une marche organis\u00e9e \u00e0 \u00c9pinal pour rompre l\u2019isolement et le silence - Epinal Info","isPartOf":{"@id":"https:\/\/vosgesinfo.fr\/epinalinfo\/#website"},"primaryImageOfPage":{"@id":"https:\/\/vosgesinfo.fr\/epinalinfo\/2025\/09\/suicide-une-marche-organisee-a-epinal-pour-rompre-lisolement-et-le-silence\/#primaryimage"},"image":{"@id":"https:\/\/vosgesinfo.fr\/epinalinfo\/2025\/09\/suicide-une-marche-organisee-a-epinal-pour-rompre-lisolement-et-le-silence\/#primaryimage"},"thumbnailUrl":"https:\/\/vosgesinfo.fr\/app\/uploads\/sites\/3\/2025\/09\/pink-rose-on-railway-3538324-960-720.jpg","datePublished":"2025-09-02T14:15:52+00:00","dateModified":"2025-09-02T14:11:24+00:00","breadcrumb":{"@id":"https:\/\/vosgesinfo.fr\/epinalinfo\/2025\/09\/suicide-une-marche-organisee-a-epinal-pour-rompre-lisolement-et-le-silence\/#breadcrumb"},"inLanguage":"fr-FR","potentialAction":[{"@type":"ReadAction","target":["https:\/\/vosgesinfo.fr\/epinalinfo\/2025\/09\/suicide-une-marche-organisee-a-epinal-pour-rompre-lisolement-et-le-silence\/"]}]},{"@type":"ImageObject","inLanguage":"fr-FR","@id":"https:\/\/vosgesinfo.fr\/epinalinfo\/2025\/09\/suicide-une-marche-organisee-a-epinal-pour-rompre-lisolement-et-le-silence\/#primaryimage","url":"https:\/\/vosgesinfo.fr\/app\/uploads\/sites\/3\/2025\/09\/pink-rose-on-railway-3538324-960-720.jpg","contentUrl":"https:\/\/vosgesinfo.fr\/app\/uploads\/sites\/3\/2025\/09\/pink-rose-on-railway-3538324-960-720.jpg","width":960,"height":640},{"@type":"BreadcrumbList","@id":"https:\/\/vosgesinfo.fr\/epinalinfo\/2025\/09\/suicide-une-marche-organisee-a-epinal-pour-rompre-lisolement-et-le-silence\/#breadcrumb","itemListElement":[{"@type":"ListItem","position":1,"name":"Home","item":"https:\/\/vosgesinfo.fr\/epinalinfo\/"},{"@type":"ListItem","position":2,"name":"Suicide : une marche organis\u00e9e \u00e0 \u00c9pinal pour rompre l\u2019isolement et le silence"}]},{"@type":"WebSite","@id":"https:\/\/vosgesinfo.fr\/epinalinfo\/#website","url":"https:\/\/vosgesinfo.fr\/epinalinfo\/","name":"Epinal Info","description":"Toute l&#039;actualit\u00e9 d&#039;\u00c9pinal","publisher":{"@id":"https:\/\/vosgesinfo.fr\/epinalinfo\/#organization"},"alternateName":"Toute l'actualit\u00e9 d'\u00c9pinal","potentialAction":[{"@type":"SearchAction","target":{"@type":"EntryPoint","urlTemplate":"https:\/\/vosgesinfo.fr\/epinalinfo\/?s={search_term_string}"},"query-input":"required name=search_term_string"}],"inLanguage":"fr-FR"},{"@type":"Organization","@id":"https:\/\/vosgesinfo.fr\/epinalinfo\/#organization","name":"Epinal Info","url":"https:\/\/vosgesinfo.fr\/epinalinfo\/","logo":{"@type":"ImageObject","inLanguage":"fr-FR","@id":"https:\/\/vosgesinfo.fr\/epinalinfo\/#\/schema\/logo\/image\/","url":"https:\/\/vosgesinfo.fr\/app\/uploads\/sites\/3\/2023\/08\/logo-epinalinfos.svg","contentUrl":"https:\/\/vosgesinfo.fr\/app\/uploads\/sites\/3\/2023\/08\/logo-epinalinfos.svg","width":1,"height":1,"caption":"Epinal Info"},"image":{"@id":"https:\/\/vosgesinfo.fr\/epinalinfo\/#\/schema\/logo\/image\/"},"sameAs":["https:\/\/www.facebook.com\/Epinalinfos","https:\/\/x.com\/VosgesInfo88","https:\/\/www.youtube.com\/@vosgesinfo"]},{"@type":"Person","@id":"https:\/\/vosgesinfo.fr\/epinalinfo\/#\/schema\/person\/6f9a650eeea99d969b6c4ab78fccbe81","name":"C.K.","image":{"@type":"ImageObject","inLanguage":"fr-FR","@id":"https:\/\/vosgesinfo.fr\/epinalinfo\/#\/schema\/person\/image\/","url":"https:\/\/secure.gravatar.com\/avatar\/48e3fc7f8421ba8942be6b74a2b7f014ca39bc00dece156b7a8e098ae7dc87bf?s=96&d=mm&r=g","contentUrl":"https:\/\/secure.gravatar.com\/avatar\/48e3fc7f8421ba8942be6b74a2b7f014ca39bc00dece156b7a8e098ae7dc87bf?s=96&d=mm&r=g","caption":"C.K."},"url":"https:\/\/vosgesinfo.fr\/epinalinfo\/author\/celia-k-n\/"}]}},"_links":{"self":[{"href":"https:\/\/vosgesinfo.fr\/epinalinfo\/wp-json\/wp\/v2\/posts\/134886","targetHints":{"allow":["GET"]}}],"collection":[{"href":"https:\/\/vosgesinfo.fr\/epinalinfo\/wp-json\/wp\/v2\/posts"}],"about":[{"href":"https:\/\/vosgesinfo.fr\/epinalinfo\/wp-json\/wp\/v2\/types\/post"}],"author":[{"embeddable":true,"href":"https:\/\/vosgesinfo.fr\/epinalinfo\/wp-json\/wp\/v2\/users\/52"}],"replies":[{"embeddable":true,"href":"https:\/\/vosgesinfo.fr\/epinalinfo\/wp-json\/wp\/v2\/comments?post=134886"}],"version-history":[{"count":1,"href":"https:\/\/vosgesinfo.fr\/epinalinfo\/wp-json\/wp\/v2\/posts\/134886\/revisions"}],"predecessor-version":[{"id":134888,"href":"https:\/\/vosgesinfo.fr\/epinalinfo\/wp-json\/wp\/v2\/posts\/134886\/revisions\/134888"}],"wp:featuredmedia":[{"embeddable":true,"href":"https:\/\/vosgesinfo.fr\/epinalinfo\/wp-json\/wp\/v2\/media\/134887"}],"wp:attachment":[{"href":"https:\/\/vosgesinfo.fr\/epinalinfo\/wp-json\/wp\/v2\/media?parent=134886"}],"wp:term":[{"taxonomy":"category","embeddable":true,"href":"https:\/\/vosgesinfo.fr\/epinalinfo\/wp-json\/wp\/v2\/categories?post=134886"},{"taxonomy":"post_tag","embeddable":true,"href":"https:\/\/vosgesinfo.fr\/epinalinfo\/wp-json\/wp\/v2\/tags?post=134886"}],"curies":[{"name":"wp","href":"https:\/\/api.w.org\/{rel}","templated":true}]}}