{"id":134894,"date":"2025-09-03T07:31:02","date_gmt":"2025-09-03T05:31:02","guid":{"rendered":"https:\/\/vosgesinfo.fr\/epinalinfo\/?p=134894"},"modified":"2025-09-02T16:33:35","modified_gmt":"2025-09-02T14:33:35","slug":"80%e1%b5%89-anniversaire-de-la-fin-de-la-seconde-guerre-mondiale-et-de-la-guerre-du-pacifique-commemore-a-epinal","status":"publish","type":"post","link":"https:\/\/vosgesinfo.fr\/epinalinfo\/2025\/09\/80%e1%b5%89-anniversaire-de-la-fin-de-la-seconde-guerre-mondiale-et-de-la-guerre-du-pacifique-commemore-a-epinal\/","title":{"rendered":"80\u1d49 anniversaire de la fin de la Seconde Guerre mondiale et de la guerre du Pacifique comm\u00e9mor\u00e9 \u00e0 \u00c9pinal"},"content":{"rendered":"<div id=\"attachment_134895\" style=\"width: 2058px\" class=\"wp-caption aligncenter\"><a href=\"https:\/\/vosgesinfo.fr\/app\/uploads\/sites\/3\/2025\/09\/540672558-1085189057093499-3893427609645809698-n.jpg\"><img decoding=\"async\" aria-describedby=\"caption-attachment-134895\" class=\"size-full wp-image-134895\" src=\"https:\/\/vosgesinfo.fr\/app\/uploads\/sites\/3\/2025\/09\/540672558-1085189057093499-3893427609645809698-n.jpg\" alt=\"\" width=\"2048\" height=\"1536\" srcset=\"https:\/\/vosgesinfo.fr\/app\/uploads\/sites\/3\/2025\/09\/540672558-1085189057093499-3893427609645809698-n.jpg 2048w, https:\/\/vosgesinfo.fr\/app\/uploads\/sites\/3\/2025\/09\/540672558-1085189057093499-3893427609645809698-n-300x225.jpg 300w, https:\/\/vosgesinfo.fr\/app\/uploads\/sites\/3\/2025\/09\/540672558-1085189057093499-3893427609645809698-n-1024x768.jpg 1024w, https:\/\/vosgesinfo.fr\/app\/uploads\/sites\/3\/2025\/09\/540672558-1085189057093499-3893427609645809698-n-768x576.jpg 768w, https:\/\/vosgesinfo.fr\/app\/uploads\/sites\/3\/2025\/09\/540672558-1085189057093499-3893427609645809698-n-1536x1152.jpg 1536w\" sizes=\"(max-width: 2048px) 100vw, 2048px\" \/><\/a><p id=\"caption-attachment-134895\" class=\"wp-caption-text\">photo pr\u00e9fecture des Vosges<\/p><\/div>\n<h2 data-start=\"167\" data-end=\"350\"><strong>Ce mardi matin, une c\u00e9r\u00e9monie solennelle s\u2019est tenue pour marquer le 80\u1d49 anniversaire de la fin de la Seconde Guerre mondiale et de la guerre du Pacifique.<\/strong><\/h2>\n<p data-start=\"352\" data-end=\"688\">Le <strong data-start=\"355\" data-end=\"375\">2 septembre 1945<\/strong>, \u00e0 bord du cuirass\u00e9 <em data-start=\"396\" data-end=\"406\">Missouri<\/em>, dans la baie de Tokyo, le Japon signait sa reddition. Cet acte mettait un terme \u00e0 un conflit mondial de six ann\u00e9es, ouvrant enfin la voie \u00e0 la paix. Pour la France, c\u2019est le g\u00e9n\u00e9ral <strong data-start=\"590\" data-end=\"626\">Philippe Leclerc de Hauteclocque<\/strong> qui repr\u00e9sentait la Nation et signa l\u2019acte de capitulation.<\/p>\n<h3 data-start=\"690\" data-end=\"720\">Une c\u00e9r\u00e9monie de m\u00e9moire<\/h3>\n<p data-start=\"721\" data-end=\"1071\">La comm\u00e9moration spinalienne s\u2019inscrivait comme <strong data-start=\"769\" data-end=\"808\">la derni\u00e8re \u00e9tape du cycle m\u00e9moriel<\/strong> consacr\u00e9 aux <strong data-start=\"822\" data-end=\"886\">80 ans des d\u00e9barquements, de la Lib\u00e9ration et de la Victoire<\/strong>. Elle a aussi rappel\u00e9 le r\u00f4le souvent m\u00e9connu du front asiatique et pacifique dans l\u2019issue de la guerre, o\u00f9 la France participa \u00e0 travers ses territoires ultramarins et en Indochine.<\/p>\n<h3 data-start=\"1377\" data-end=\"1404\">Pr\u00e9sences officielles<\/h3>\n<p data-start=\"1405\" data-end=\"1765\">La c\u00e9r\u00e9monie a \u00e9t\u00e9 pr\u00e9sid\u00e9e par <strong data-start=\"1437\" data-end=\"1462\">Lynda Boudjema<\/strong>, Directrice de cabinet repr\u00e9sentant<strong data-start=\"1499\" data-end=\"1531\"> la Pr\u00e9f\u00e8te des Vosges<\/strong>. Elle s\u2019est d\u00e9roul\u00e9e en pr\u00e9sence de<strong data-start=\"1568\" data-end=\"1595\">\u00a0Patrick Nardin<\/strong>, Maire d\u2019\u00c9pinal, ainsi que des repr\u00e9sentants du <strong data-start=\"1644\" data-end=\"1674\">Conseil r\u00e9gional Grand Est<\/strong>, du <strong data-start=\"1679\" data-end=\"1704\">Conseil d\u00e9partemental<\/strong>, de l\u2019<strong data-start=\"1711\" data-end=\"1721\">ONaCVG<\/strong>, des <strong data-start=\"1727\" data-end=\"1737\">arm\u00e9es<\/strong> et de la <strong data-start=\"1747\" data-end=\"1762\">gendarmerie<\/strong>.<\/p>\n","protected":false},"excerpt":{"rendered":"<p>Ce mardi matin, une c\u00e9r\u00e9monie solennelle s\u2019est tenue pour marquer le 80\u1d49 anniversaire de la fin de la Seconde Guerre [&hellip;]<\/p>\n","protected":false},"author":52,"featured_media":134895,"comment_status":"open","ping_status":"open","sticky":false,"template":"","format":"standard","meta":{"footnotes":""},"categories":[22,24],"tags":[],"class_list":["post-134894","post","type-post","status-publish","format-standard","has-post-thumbnail","hentry","category-a-la-une","category-epinal"],"acf":[],"yoast_head":"<!-- This site is optimized with the Yoast SEO plugin v22.5 - https:\/\/yoast.com\/wordpress\/plugins\/seo\/ -->\n<title>80\u1d49 anniversaire de la fin de la Seconde Guerre mondiale et de la guerre du Pacifique comm\u00e9mor\u00e9 \u00e0 \u00c9pinal - Epinal Info<\/title>\n<meta name=\"robots\" content=\"index, follow, max-snippet:-1, max-image-preview:large, max-video-preview:-1\" \/>\n<link rel=\"canonical\" href=\"https:\/\/vosgesinfo.fr\/epinalinfo\/2025\/09\/80\u1d49-anniversaire-de-la-fin-de-la-seconde-guerre-mondiale-et-de-la-guerre-du-pacifique-commemore-a-epinal\/\" \/>\n<meta name=\"twitter:card\" content=\"summary_large_image\" \/>\n<meta name=\"twitter:title\" content=\"80\u1d49 anniversaire de la fin de la Seconde Guerre mondiale et de la guerre du Pacifique comm\u00e9mor\u00e9 \u00e0 \u00c9pinal - Epinal Info\" \/>\n<meta name=\"twitter:description\" content=\"Ce mardi matin, une c\u00e9r\u00e9monie solennelle s\u2019est tenue pour marquer le 80\u1d49 anniversaire de la fin de la Seconde Guerre [&hellip;]\" \/>\n<meta name=\"twitter:image\" content=\"https:\/\/vosgesinfo.fr\/app\/uploads\/sites\/3\/2025\/09\/540672558-1085189057093499-3893427609645809698-n.jpg\" \/>\n<meta name=\"twitter:creator\" content=\"@VosgesInfo88\" \/>\n<meta name=\"twitter:site\" content=\"@VosgesInfo88\" \/>\n<meta name=\"twitter:label1\" content=\"\u00c9crit par\" \/>\n\t<meta name=\"twitter:data1\" content=\"C.K.\" \/>\n\t<meta name=\"twitter:label2\" content=\"Dur\u00e9e de lecture estim\u00e9e\" \/>\n\t<meta name=\"twitter:data2\" content=\"1 minute\" \/>\n<script type=\"application\/ld+json\" class=\"yoast-schema-graph\">{\"@context\":\"https:\/\/schema.org\",\"@graph\":[{\"@type\":\"Article\",\"@id\":\"https:\/\/vosgesinfo.fr\/epinalinfo\/2025\/09\/80%e1%b5%89-anniversaire-de-la-fin-de-la-seconde-guerre-mondiale-et-de-la-guerre-du-pacifique-commemore-a-epinal\/#article\",\"isPartOf\":{\"@id\":\"https:\/\/vosgesinfo.fr\/epinalinfo\/2025\/09\/80%e1%b5%89-anniversaire-de-la-fin-de-la-seconde-guerre-mondiale-et-de-la-guerre-du-pacifique-commemore-a-epinal\/\"},\"author\":{\"name\":\"C.K.\",\"@id\":\"https:\/\/vosgesinfo.fr\/epinalinfo\/#\/schema\/person\/6f9a650eeea99d969b6c4ab78fccbe81\"},\"headline\":\"80\u1d49 anniversaire de la fin de la Seconde Guerre mondiale et de la guerre du Pacifique comm\u00e9mor\u00e9 \u00e0 \u00c9pinal\",\"datePublished\":\"2025-09-03T05:31:02+00:00\",\"dateModified\":\"2025-09-02T14:33:35+00:00\",\"mainEntityOfPage\":{\"@id\":\"https:\/\/vosgesinfo.fr\/epinalinfo\/2025\/09\/80%e1%b5%89-anniversaire-de-la-fin-de-la-seconde-guerre-mondiale-et-de-la-guerre-du-pacifique-commemore-a-epinal\/\"},\"wordCount\":251,\"commentCount\":0,\"publisher\":{\"@id\":\"https:\/\/vosgesinfo.fr\/epinalinfo\/#organization\"},\"image\":{\"@id\":\"https:\/\/vosgesinfo.fr\/epinalinfo\/2025\/09\/80%e1%b5%89-anniversaire-de-la-fin-de-la-seconde-guerre-mondiale-et-de-la-guerre-du-pacifique-commemore-a-epinal\/#primaryimage\"},\"thumbnailUrl\":\"https:\/\/vosgesinfo.fr\/app\/uploads\/sites\/3\/2025\/09\/540672558-1085189057093499-3893427609645809698-n.jpg\",\"articleSection\":[\"A la Une\",\"Epinal\"],\"inLanguage\":\"fr-FR\",\"potentialAction\":[{\"@type\":\"CommentAction\",\"name\":\"Comment\",\"target\":[\"https:\/\/vosgesinfo.fr\/epinalinfo\/2025\/09\/80%e1%b5%89-anniversaire-de-la-fin-de-la-seconde-guerre-mondiale-et-de-la-guerre-du-pacifique-commemore-a-epinal\/#respond\"]}]},{\"@type\":\"WebPage\",\"@id\":\"https:\/\/vosgesinfo.fr\/epinalinfo\/2025\/09\/80%e1%b5%89-anniversaire-de-la-fin-de-la-seconde-guerre-mondiale-et-de-la-guerre-du-pacifique-commemore-a-epinal\/\",\"url\":\"https:\/\/vosgesinfo.fr\/epinalinfo\/2025\/09\/80%e1%b5%89-anniversaire-de-la-fin-de-la-seconde-guerre-mondiale-et-de-la-guerre-du-pacifique-commemore-a-epinal\/\",\"name\":\"80\u1d49 anniversaire de la fin de la Seconde Guerre mondiale et de la guerre du Pacifique comm\u00e9mor\u00e9 \u00e0 \u00c9pinal - Epinal Info\",\"isPartOf\":{\"@id\":\"https:\/\/vosgesinfo.fr\/epinalinfo\/#website\"},\"primaryImageOfPage\":{\"@id\":\"https:\/\/vosgesinfo.fr\/epinalinfo\/2025\/09\/80%e1%b5%89-anniversaire-de-la-fin-de-la-seconde-guerre-mondiale-et-de-la-guerre-du-pacifique-commemore-a-epinal\/#primaryimage\"},\"image\":{\"@id\":\"https:\/\/vosgesinfo.fr\/epinalinfo\/2025\/09\/80%e1%b5%89-anniversaire-de-la-fin-de-la-seconde-guerre-mondiale-et-de-la-guerre-du-pacifique-commemore-a-epinal\/#primaryimage\"},\"thumbnailUrl\":\"https:\/\/vosgesinfo.fr\/app\/uploads\/sites\/3\/2025\/09\/540672558-1085189057093499-3893427609645809698-n.jpg\",\"datePublished\":\"2025-09-03T05:31:02+00:00\",\"dateModified\":\"2025-09-02T14:33:35+00:00\",\"breadcrumb\":{\"@id\":\"https:\/\/vosgesinfo.fr\/epinalinfo\/2025\/09\/80%e1%b5%89-anniversaire-de-la-fin-de-la-seconde-guerre-mondiale-et-de-la-guerre-du-pacifique-commemore-a-epinal\/#breadcrumb\"},\"inLanguage\":\"fr-FR\",\"potentialAction\":[{\"@type\":\"ReadAction\",\"target\":[\"https:\/\/vosgesinfo.fr\/epinalinfo\/2025\/09\/80%e1%b5%89-anniversaire-de-la-fin-de-la-seconde-guerre-mondiale-et-de-la-guerre-du-pacifique-commemore-a-epinal\/\"]}]},{\"@type\":\"ImageObject\",\"inLanguage\":\"fr-FR\",\"@id\":\"https:\/\/vosgesinfo.fr\/epinalinfo\/2025\/09\/80%e1%b5%89-anniversaire-de-la-fin-de-la-seconde-guerre-mondiale-et-de-la-guerre-du-pacifique-commemore-a-epinal\/#primaryimage\",\"url\":\"https:\/\/vosgesinfo.fr\/app\/uploads\/sites\/3\/2025\/09\/540672558-1085189057093499-3893427609645809698-n.jpg\",\"contentUrl\":\"https:\/\/vosgesinfo.fr\/app\/uploads\/sites\/3\/2025\/09\/540672558-1085189057093499-3893427609645809698-n.jpg\",\"width\":2048,\"height\":1536,\"caption\":\"photo pr\u00e9fecture des Vosges\"},{\"@type\":\"BreadcrumbList\",\"@id\":\"https:\/\/vosgesinfo.fr\/epinalinfo\/2025\/09\/80%e1%b5%89-anniversaire-de-la-fin-de-la-seconde-guerre-mondiale-et-de-la-guerre-du-pacifique-commemore-a-epinal\/#breadcrumb\",\"itemListElement\":[{\"@type\":\"ListItem\",\"position\":1,\"name\":\"Home\",\"item\":\"https:\/\/vosgesinfo.fr\/epinalinfo\/\"},{\"@type\":\"ListItem\",\"position\":2,\"name\":\"80\u1d49 anniversaire de la fin de la Seconde Guerre mondiale et de la guerre du Pacifique comm\u00e9mor\u00e9 \u00e0 \u00c9pinal\"}]},{\"@type\":\"WebSite\",\"@id\":\"https:\/\/vosgesinfo.fr\/epinalinfo\/#website\",\"url\":\"https:\/\/vosgesinfo.fr\/epinalinfo\/\",\"name\":\"Epinal Info\",\"description\":\"Toute l&#039;actualit\u00e9 d&#039;\u00c9pinal\",\"publisher\":{\"@id\":\"https:\/\/vosgesinfo.fr\/epinalinfo\/#organization\"},\"alternateName\":\"Toute l'actualit\u00e9 d'\u00c9pinal\",\"potentialAction\":[{\"@type\":\"SearchAction\",\"target\":{\"@type\":\"EntryPoint\",\"urlTemplate\":\"https:\/\/vosgesinfo.fr\/epinalinfo\/?s={search_term_string}\"},\"query-input\":\"required name=search_term_string\"}],\"inLanguage\":\"fr-FR\"},{\"@type\":\"Organization\",\"@id\":\"https:\/\/vosgesinfo.fr\/epinalinfo\/#organization\",\"name\":\"Epinal Info\",\"url\":\"https:\/\/vosgesinfo.fr\/epinalinfo\/\",\"logo\":{\"@type\":\"ImageObject\",\"inLanguage\":\"fr-FR\",\"@id\":\"https:\/\/vosgesinfo.fr\/epinalinfo\/#\/schema\/logo\/image\/\",\"url\":\"https:\/\/vosgesinfo.fr\/app\/uploads\/sites\/3\/2023\/08\/logo-epinalinfos.svg\",\"contentUrl\":\"https:\/\/vosgesinfo.fr\/app\/uploads\/sites\/3\/2023\/08\/logo-epinalinfos.svg\",\"width\":1,\"height\":1,\"caption\":\"Epinal Info\"},\"image\":{\"@id\":\"https:\/\/vosgesinfo.fr\/epinalinfo\/#\/schema\/logo\/image\/\"},\"sameAs\":[\"https:\/\/www.facebook.com\/Epinalinfos\",\"https:\/\/x.com\/VosgesInfo88\",\"https:\/\/www.youtube.com\/@vosgesinfo\"]},{\"@type\":\"Person\",\"@id\":\"https:\/\/vosgesinfo.fr\/epinalinfo\/#\/schema\/person\/6f9a650eeea99d969b6c4ab78fccbe81\",\"name\":\"C.K.\",\"image\":{\"@type\":\"ImageObject\",\"inLanguage\":\"fr-FR\",\"@id\":\"https:\/\/vosgesinfo.fr\/epinalinfo\/#\/schema\/person\/image\/\",\"url\":\"https:\/\/secure.gravatar.com\/avatar\/48e3fc7f8421ba8942be6b74a2b7f014ca39bc00dece156b7a8e098ae7dc87bf?s=96&d=mm&r=g\",\"contentUrl\":\"https:\/\/secure.gravatar.com\/avatar\/48e3fc7f8421ba8942be6b74a2b7f014ca39bc00dece156b7a8e098ae7dc87bf?s=96&d=mm&r=g\",\"caption\":\"C.K.\"},\"url\":\"https:\/\/vosgesinfo.fr\/epinalinfo\/author\/celia-k-n\/\"}]}<\/script>\n<!-- \/ Yoast SEO plugin. -->","yoast_head_json":{"title":"80\u1d49 anniversaire de la fin de la Seconde Guerre mondiale et de la guerre du Pacifique comm\u00e9mor\u00e9 \u00e0 \u00c9pinal - Epinal Info","robots":{"index":"index","follow":"follow","max-snippet":"max-snippet:-1","max-image-preview":"max-image-preview:large","max-video-preview":"max-video-preview:-1"},"canonical":"https:\/\/vosgesinfo.fr\/epinalinfo\/2025\/09\/80\u1d49-anniversaire-de-la-fin-de-la-seconde-guerre-mondiale-et-de-la-guerre-du-pacifique-commemore-a-epinal\/","twitter_card":"summary_large_image","twitter_title":"80\u1d49 anniversaire de la fin de la Seconde Guerre mondiale et de la guerre du Pacifique comm\u00e9mor\u00e9 \u00e0 \u00c9pinal - Epinal Info","twitter_description":"Ce mardi matin, une c\u00e9r\u00e9monie solennelle s\u2019est tenue pour marquer le 80\u1d49 anniversaire de la fin de la Seconde Guerre [&hellip;]","twitter_image":"https:\/\/vosgesinfo.fr\/app\/uploads\/sites\/3\/2025\/09\/540672558-1085189057093499-3893427609645809698-n.jpg","twitter_creator":"@VosgesInfo88","twitter_site":"@VosgesInfo88","twitter_misc":{"\u00c9crit par":"C.K.","Dur\u00e9e de lecture estim\u00e9e":"1 minute"},"schema":{"@context":"https:\/\/schema.org","@graph":[{"@type":"Article","@id":"https:\/\/vosgesinfo.fr\/epinalinfo\/2025\/09\/80%e1%b5%89-anniversaire-de-la-fin-de-la-seconde-guerre-mondiale-et-de-la-guerre-du-pacifique-commemore-a-epinal\/#article","isPartOf":{"@id":"https:\/\/vosgesinfo.fr\/epinalinfo\/2025\/09\/80%e1%b5%89-anniversaire-de-la-fin-de-la-seconde-guerre-mondiale-et-de-la-guerre-du-pacifique-commemore-a-epinal\/"},"author":{"name":"C.K.","@id":"https:\/\/vosgesinfo.fr\/epinalinfo\/#\/schema\/person\/6f9a650eeea99d969b6c4ab78fccbe81"},"headline":"80\u1d49 anniversaire de la fin de la Seconde Guerre mondiale et de la guerre du Pacifique comm\u00e9mor\u00e9 \u00e0 \u00c9pinal","datePublished":"2025-09-03T05:31:02+00:00","dateModified":"2025-09-02T14:33:35+00:00","mainEntityOfPage":{"@id":"https:\/\/vosgesinfo.fr\/epinalinfo\/2025\/09\/80%e1%b5%89-anniversaire-de-la-fin-de-la-seconde-guerre-mondiale-et-de-la-guerre-du-pacifique-commemore-a-epinal\/"},"wordCount":251,"commentCount":0,"publisher":{"@id":"https:\/\/vosgesinfo.fr\/epinalinfo\/#organization"},"image":{"@id":"https:\/\/vosgesinfo.fr\/epinalinfo\/2025\/09\/80%e1%b5%89-anniversaire-de-la-fin-de-la-seconde-guerre-mondiale-et-de-la-guerre-du-pacifique-commemore-a-epinal\/#primaryimage"},"thumbnailUrl":"https:\/\/vosgesinfo.fr\/app\/uploads\/sites\/3\/2025\/09\/540672558-1085189057093499-3893427609645809698-n.jpg","articleSection":["A la Une","Epinal"],"inLanguage":"fr-FR","potentialAction":[{"@type":"CommentAction","name":"Comment","target":["https:\/\/vosgesinfo.fr\/epinalinfo\/2025\/09\/80%e1%b5%89-anniversaire-de-la-fin-de-la-seconde-guerre-mondiale-et-de-la-guerre-du-pacifique-commemore-a-epinal\/#respond"]}]},{"@type":"WebPage","@id":"https:\/\/vosgesinfo.fr\/epinalinfo\/2025\/09\/80%e1%b5%89-anniversaire-de-la-fin-de-la-seconde-guerre-mondiale-et-de-la-guerre-du-pacifique-commemore-a-epinal\/","url":"https:\/\/vosgesinfo.fr\/epinalinfo\/2025\/09\/80%e1%b5%89-anniversaire-de-la-fin-de-la-seconde-guerre-mondiale-et-de-la-guerre-du-pacifique-commemore-a-epinal\/","name":"80\u1d49 anniversaire de la fin de la Seconde Guerre mondiale et de la guerre du Pacifique comm\u00e9mor\u00e9 \u00e0 \u00c9pinal - Epinal Info","isPartOf":{"@id":"https:\/\/vosgesinfo.fr\/epinalinfo\/#website"},"primaryImageOfPage":{"@id":"https:\/\/vosgesinfo.fr\/epinalinfo\/2025\/09\/80%e1%b5%89-anniversaire-de-la-fin-de-la-seconde-guerre-mondiale-et-de-la-guerre-du-pacifique-commemore-a-epinal\/#primaryimage"},"image":{"@id":"https:\/\/vosgesinfo.fr\/epinalinfo\/2025\/09\/80%e1%b5%89-anniversaire-de-la-fin-de-la-seconde-guerre-mondiale-et-de-la-guerre-du-pacifique-commemore-a-epinal\/#primaryimage"},"thumbnailUrl":"https:\/\/vosgesinfo.fr\/app\/uploads\/sites\/3\/2025\/09\/540672558-1085189057093499-3893427609645809698-n.jpg","datePublished":"2025-09-03T05:31:02+00:00","dateModified":"2025-09-02T14:33:35+00:00","breadcrumb":{"@id":"https:\/\/vosgesinfo.fr\/epinalinfo\/2025\/09\/80%e1%b5%89-anniversaire-de-la-fin-de-la-seconde-guerre-mondiale-et-de-la-guerre-du-pacifique-commemore-a-epinal\/#breadcrumb"},"inLanguage":"fr-FR","potentialAction":[{"@type":"ReadAction","target":["https:\/\/vosgesinfo.fr\/epinalinfo\/2025\/09\/80%e1%b5%89-anniversaire-de-la-fin-de-la-seconde-guerre-mondiale-et-de-la-guerre-du-pacifique-commemore-a-epinal\/"]}]},{"@type":"ImageObject","inLanguage":"fr-FR","@id":"https:\/\/vosgesinfo.fr\/epinalinfo\/2025\/09\/80%e1%b5%89-anniversaire-de-la-fin-de-la-seconde-guerre-mondiale-et-de-la-guerre-du-pacifique-commemore-a-epinal\/#primaryimage","url":"https:\/\/vosgesinfo.fr\/app\/uploads\/sites\/3\/2025\/09\/540672558-1085189057093499-3893427609645809698-n.jpg","contentUrl":"https:\/\/vosgesinfo.fr\/app\/uploads\/sites\/3\/2025\/09\/540672558-1085189057093499-3893427609645809698-n.jpg","width":2048,"height":1536,"caption":"photo pr\u00e9fecture des Vosges"},{"@type":"BreadcrumbList","@id":"https:\/\/vosgesinfo.fr\/epinalinfo\/2025\/09\/80%e1%b5%89-anniversaire-de-la-fin-de-la-seconde-guerre-mondiale-et-de-la-guerre-du-pacifique-commemore-a-epinal\/#breadcrumb","itemListElement":[{"@type":"ListItem","position":1,"name":"Home","item":"https:\/\/vosgesinfo.fr\/epinalinfo\/"},{"@type":"ListItem","position":2,"name":"80\u1d49 anniversaire de la fin de la Seconde Guerre mondiale et de la guerre du Pacifique comm\u00e9mor\u00e9 \u00e0 \u00c9pinal"}]},{"@type":"WebSite","@id":"https:\/\/vosgesinfo.fr\/epinalinfo\/#website","url":"https:\/\/vosgesinfo.fr\/epinalinfo\/","name":"Epinal Info","description":"Toute l&#039;actualit\u00e9 d&#039;\u00c9pinal","publisher":{"@id":"https:\/\/vosgesinfo.fr\/epinalinfo\/#organization"},"alternateName":"Toute l'actualit\u00e9 d'\u00c9pinal","potentialAction":[{"@type":"SearchAction","target":{"@type":"EntryPoint","urlTemplate":"https:\/\/vosgesinfo.fr\/epinalinfo\/?s={search_term_string}"},"query-input":"required name=search_term_string"}],"inLanguage":"fr-FR"},{"@type":"Organization","@id":"https:\/\/vosgesinfo.fr\/epinalinfo\/#organization","name":"Epinal Info","url":"https:\/\/vosgesinfo.fr\/epinalinfo\/","logo":{"@type":"ImageObject","inLanguage":"fr-FR","@id":"https:\/\/vosgesinfo.fr\/epinalinfo\/#\/schema\/logo\/image\/","url":"https:\/\/vosgesinfo.fr\/app\/uploads\/sites\/3\/2023\/08\/logo-epinalinfos.svg","contentUrl":"https:\/\/vosgesinfo.fr\/app\/uploads\/sites\/3\/2023\/08\/logo-epinalinfos.svg","width":1,"height":1,"caption":"Epinal Info"},"image":{"@id":"https:\/\/vosgesinfo.fr\/epinalinfo\/#\/schema\/logo\/image\/"},"sameAs":["https:\/\/www.facebook.com\/Epinalinfos","https:\/\/x.com\/VosgesInfo88","https:\/\/www.youtube.com\/@vosgesinfo"]},{"@type":"Person","@id":"https:\/\/vosgesinfo.fr\/epinalinfo\/#\/schema\/person\/6f9a650eeea99d969b6c4ab78fccbe81","name":"C.K.","image":{"@type":"ImageObject","inLanguage":"fr-FR","@id":"https:\/\/vosgesinfo.fr\/epinalinfo\/#\/schema\/person\/image\/","url":"https:\/\/secure.gravatar.com\/avatar\/48e3fc7f8421ba8942be6b74a2b7f014ca39bc00dece156b7a8e098ae7dc87bf?s=96&d=mm&r=g","contentUrl":"https:\/\/secure.gravatar.com\/avatar\/48e3fc7f8421ba8942be6b74a2b7f014ca39bc00dece156b7a8e098ae7dc87bf?s=96&d=mm&r=g","caption":"C.K."},"url":"https:\/\/vosgesinfo.fr\/epinalinfo\/author\/celia-k-n\/"}]}},"_links":{"self":[{"href":"https:\/\/vosgesinfo.fr\/epinalinfo\/wp-json\/wp\/v2\/posts\/134894","targetHints":{"allow":["GET"]}}],"collection":[{"href":"https:\/\/vosgesinfo.fr\/epinalinfo\/wp-json\/wp\/v2\/posts"}],"about":[{"href":"https:\/\/vosgesinfo.fr\/epinalinfo\/wp-json\/wp\/v2\/types\/post"}],"author":[{"embeddable":true,"href":"https:\/\/vosgesinfo.fr\/epinalinfo\/wp-json\/wp\/v2\/users\/52"}],"replies":[{"embeddable":true,"href":"https:\/\/vosgesinfo.fr\/epinalinfo\/wp-json\/wp\/v2\/comments?post=134894"}],"version-history":[{"count":1,"href":"https:\/\/vosgesinfo.fr\/epinalinfo\/wp-json\/wp\/v2\/posts\/134894\/revisions"}],"predecessor-version":[{"id":134896,"href":"https:\/\/vosgesinfo.fr\/epinalinfo\/wp-json\/wp\/v2\/posts\/134894\/revisions\/134896"}],"wp:featuredmedia":[{"embeddable":true,"href":"https:\/\/vosgesinfo.fr\/epinalinfo\/wp-json\/wp\/v2\/media\/134895"}],"wp:attachment":[{"href":"https:\/\/vosgesinfo.fr\/epinalinfo\/wp-json\/wp\/v2\/media?parent=134894"}],"wp:term":[{"taxonomy":"category","embeddable":true,"href":"https:\/\/vosgesinfo.fr\/epinalinfo\/wp-json\/wp\/v2\/categories?post=134894"},{"taxonomy":"post_tag","embeddable":true,"href":"https:\/\/vosgesinfo.fr\/epinalinfo\/wp-json\/wp\/v2\/tags?post=134894"}],"curies":[{"name":"wp","href":"https:\/\/api.w.org\/{rel}","templated":true}]}}