{"id":134909,"date":"2025-09-03T13:08:42","date_gmt":"2025-09-03T11:08:42","guid":{"rendered":"https:\/\/vosgesinfo.fr\/epinalinfo\/?p=134909"},"modified":"2025-09-03T13:02:51","modified_gmt":"2025-09-03T11:02:51","slug":"rentree-scolaire-les-gendarmes-mobilises-dans-tout-le-departement","status":"publish","type":"post","link":"https:\/\/vosgesinfo.fr\/epinalinfo\/2025\/09\/rentree-scolaire-les-gendarmes-mobilises-dans-tout-le-departement\/","title":{"rendered":"Rentr\u00e9e scolaire : les gendarmes mobilis\u00e9s dans tout le d\u00e9partement"},"content":{"rendered":"<div id=\"attachment_134910\" style=\"width: 2058px\" class=\"wp-caption aligncenter\"><a href=\"https:\/\/vosgesinfo.fr\/app\/uploads\/sites\/3\/2025\/09\/540693167-1201428262023271-4421605267293003863-n.jpg\"><img decoding=\"async\" aria-describedby=\"caption-attachment-134910\" class=\"size-full wp-image-134910\" src=\"https:\/\/vosgesinfo.fr\/app\/uploads\/sites\/3\/2025\/09\/540693167-1201428262023271-4421605267293003863-n.jpg\" alt=\"\" width=\"2048\" height=\"1366\" srcset=\"https:\/\/vosgesinfo.fr\/app\/uploads\/sites\/3\/2025\/09\/540693167-1201428262023271-4421605267293003863-n.jpg 2048w, https:\/\/vosgesinfo.fr\/app\/uploads\/sites\/3\/2025\/09\/540693167-1201428262023271-4421605267293003863-n-300x200.jpg 300w, https:\/\/vosgesinfo.fr\/app\/uploads\/sites\/3\/2025\/09\/540693167-1201428262023271-4421605267293003863-n-1024x683.jpg 1024w, https:\/\/vosgesinfo.fr\/app\/uploads\/sites\/3\/2025\/09\/540693167-1201428262023271-4421605267293003863-n-768x512.jpg 768w, https:\/\/vosgesinfo.fr\/app\/uploads\/sites\/3\/2025\/09\/540693167-1201428262023271-4421605267293003863-n-1536x1025.jpg 1536w\" sizes=\"(max-width: 2048px) 100vw, 2048px\" \/><\/a><p id=\"caption-attachment-134910\" class=\"wp-caption-text\">photos gendarmerie des vosges<\/p><\/div>\n<h2 data-start=\"144\" data-end=\"351\"><strong>Depuis ce lundi, la rentr\u00e9e s\u2019accompagne d\u2019une pr\u00e9sence renforc\u00e9e des gendarmes sur l\u2019ensemble du d\u00e9partement, de Vittel \u00e0 Xonrupt-Longemer, en passant par Le Thillot et bien d\u2019autres communes.<\/strong><\/h2>\n<p data-start=\"353\" data-end=\"666\">Leur mission : veiller \u00e0 la s\u00e9curit\u00e9 des \u00e9l\u00e8ves. Les patrouilles assurent la surveillance aux abords des \u00e9tablissements scolaires et proc\u00e8dent \u00e0 des contr\u00f4les sur les trajets en transports scolaires, afin de garantir une rentr\u00e9e en toute s\u00e9r\u00e9nit\u00e9 pour les enfants, les parents et les \u00e9quipes \u00e9ducatives.<\/p>\n<p data-start=\"668\" data-end=\"911\">Des plus petits en maternelle jusqu\u2019aux lyc\u00e9ens, tous les \u00e9l\u00e8ves b\u00e9n\u00e9ficient de cette vigilance particuli\u00e8re. Un dispositif qui vise \u00e0 rassurer les familles, pour que leurs seules pr\u00e9occupations restent les cahiers et bulletins scolaires.<\/p>\n\n\t\t<style type=\"text\/css\">\n\t\t\t#gallery-1 {\n\t\t\t\tmargin: auto;\n\t\t\t}\n\t\t\t#gallery-1 .gallery-item {\n\t\t\t\tfloat: left;\n\t\t\t\tmargin-top: 10px;\n\t\t\t\ttext-align: center;\n\t\t\t\twidth: 33%;\n\t\t\t}\n\t\t\t#gallery-1 img {\n\t\t\t\tborder: 2px solid #cfcfcf;\n\t\t\t}\n\t\t\t#gallery-1 .gallery-caption {\n\t\t\t\tmargin-left: 0;\n\t\t\t}\n\t\t\t\/* see gallery_shortcode() in wp-includes\/media.php *\/\n\t\t<\/style>\n\t\t<div id='gallery-1' class='gallery galleryid-134909 gallery-columns-3 gallery-size-large'><dl class='gallery-item'>\n\t\t\t<dt class='gallery-icon portrait'>\n\t\t\t\t<a href='https:\/\/vosgesinfo.fr\/app\/uploads\/sites\/3\/2025\/09\/540836879-1201428835356547-601741069554395087-n.jpg'><img decoding=\"async\" width=\"768\" height=\"1024\" src=\"https:\/\/vosgesinfo.fr\/app\/uploads\/sites\/3\/2025\/09\/540836879-1201428835356547-601741069554395087-n-768x1024.jpg\" class=\"attachment-large size-large\" alt=\"\" srcset=\"https:\/\/vosgesinfo.fr\/app\/uploads\/sites\/3\/2025\/09\/540836879-1201428835356547-601741069554395087-n-768x1024.jpg 768w, https:\/\/vosgesinfo.fr\/app\/uploads\/sites\/3\/2025\/09\/540836879-1201428835356547-601741069554395087-n-225x300.jpg 225w, https:\/\/vosgesinfo.fr\/app\/uploads\/sites\/3\/2025\/09\/540836879-1201428835356547-601741069554395087-n-1152x1536.jpg 1152w, https:\/\/vosgesinfo.fr\/app\/uploads\/sites\/3\/2025\/09\/540836879-1201428835356547-601741069554395087-n.jpg 1512w\" sizes=\"(max-width: 768px) 100vw, 768px\" \/><\/a>\n\t\t\t<\/dt><\/dl><dl class='gallery-item'>\n\t\t\t<dt class='gallery-icon portrait'>\n\t\t\t\t<a href='https:\/\/vosgesinfo.fr\/app\/uploads\/sites\/3\/2025\/09\/541761587-1201427992023298-401390358882226503-n.jpg'><img decoding=\"async\" width=\"819\" height=\"1024\" src=\"https:\/\/vosgesinfo.fr\/app\/uploads\/sites\/3\/2025\/09\/541761587-1201427992023298-401390358882226503-n-819x1024.jpg\" class=\"attachment-large size-large\" alt=\"\" srcset=\"https:\/\/vosgesinfo.fr\/app\/uploads\/sites\/3\/2025\/09\/541761587-1201427992023298-401390358882226503-n-819x1024.jpg 819w, https:\/\/vosgesinfo.fr\/app\/uploads\/sites\/3\/2025\/09\/541761587-1201427992023298-401390358882226503-n-240x300.jpg 240w, https:\/\/vosgesinfo.fr\/app\/uploads\/sites\/3\/2025\/09\/541761587-1201427992023298-401390358882226503-n-768x960.jpg 768w, https:\/\/vosgesinfo.fr\/app\/uploads\/sites\/3\/2025\/09\/541761587-1201427992023298-401390358882226503-n.jpg 1175w\" sizes=\"(max-width: 819px) 100vw, 819px\" \/><\/a>\n\t\t\t<\/dt><\/dl><dl class='gallery-item'>\n\t\t\t<dt class='gallery-icon portrait'>\n\t\t\t\t<a href='https:\/\/vosgesinfo.fr\/app\/uploads\/sites\/3\/2025\/09\/542611503-1201428095356621-2862802973341603318-n.jpg'><img decoding=\"async\" width=\"773\" height=\"1024\" src=\"https:\/\/vosgesinfo.fr\/app\/uploads\/sites\/3\/2025\/09\/542611503-1201428095356621-2862802973341603318-n-773x1024.jpg\" class=\"attachment-large size-large\" alt=\"\" srcset=\"https:\/\/vosgesinfo.fr\/app\/uploads\/sites\/3\/2025\/09\/542611503-1201428095356621-2862802973341603318-n-773x1024.jpg 773w, https:\/\/vosgesinfo.fr\/app\/uploads\/sites\/3\/2025\/09\/542611503-1201428095356621-2862802973341603318-n-226x300.jpg 226w, https:\/\/vosgesinfo.fr\/app\/uploads\/sites\/3\/2025\/09\/542611503-1201428095356621-2862802973341603318-n-768x1018.jpg 768w, https:\/\/vosgesinfo.fr\/app\/uploads\/sites\/3\/2025\/09\/542611503-1201428095356621-2862802973341603318-n-1159x1536.jpg 1159w, https:\/\/vosgesinfo.fr\/app\/uploads\/sites\/3\/2025\/09\/542611503-1201428095356621-2862802973341603318-n.jpg 1329w\" sizes=\"(max-width: 773px) 100vw, 773px\" \/><\/a>\n\t\t\t<\/dt><\/dl><br style=\"clear: both\" \/><dl class='gallery-item'>\n\t\t\t<dt class='gallery-icon landscape'>\n\t\t\t\t<a href='https:\/\/vosgesinfo.fr\/app\/uploads\/sites\/3\/2025\/09\/542640797-1201428445356586-1163389473775133845-n.jpg'><img decoding=\"async\" width=\"1024\" height=\"683\" src=\"https:\/\/vosgesinfo.fr\/app\/uploads\/sites\/3\/2025\/09\/542640797-1201428445356586-1163389473775133845-n-1024x683.jpg\" class=\"attachment-large size-large\" alt=\"\" srcset=\"https:\/\/vosgesinfo.fr\/app\/uploads\/sites\/3\/2025\/09\/542640797-1201428445356586-1163389473775133845-n-1024x683.jpg 1024w, https:\/\/vosgesinfo.fr\/app\/uploads\/sites\/3\/2025\/09\/542640797-1201428445356586-1163389473775133845-n-300x200.jpg 300w, https:\/\/vosgesinfo.fr\/app\/uploads\/sites\/3\/2025\/09\/542640797-1201428445356586-1163389473775133845-n-768x512.jpg 768w, https:\/\/vosgesinfo.fr\/app\/uploads\/sites\/3\/2025\/09\/542640797-1201428445356586-1163389473775133845-n-1536x1024.jpg 1536w, https:\/\/vosgesinfo.fr\/app\/uploads\/sites\/3\/2025\/09\/542640797-1201428445356586-1163389473775133845-n.jpg 2048w\" sizes=\"(max-width: 1024px) 100vw, 1024px\" \/><\/a>\n\t\t\t<\/dt><\/dl>\n\t\t\t<br style='clear: both' \/>\n\t\t<\/div>\n\n","protected":false},"excerpt":{"rendered":"<p>Depuis ce lundi, la rentr\u00e9e s\u2019accompagne d\u2019une pr\u00e9sence renforc\u00e9e des gendarmes sur l\u2019ensemble du d\u00e9partement, de Vittel \u00e0 Xonrupt-Longemer, en [&hellip;]<\/p>\n","protected":false},"author":52,"featured_media":134910,"comment_status":"open","ping_status":"open","sticky":false,"template":"","format":"standard","meta":{"footnotes":""},"categories":[22,24,10,5],"tags":[],"class_list":["post-134909","post","type-post","status-publish","format-standard","has-post-thumbnail","hentry","category-a-la-une","category-epinal","category-societe","category-vosges"],"acf":[],"yoast_head":"<!-- This site is optimized with the Yoast SEO plugin v22.5 - https:\/\/yoast.com\/wordpress\/plugins\/seo\/ -->\n<title>Rentr\u00e9e scolaire : les gendarmes mobilis\u00e9s dans tout le d\u00e9partement - Epinal Info<\/title>\n<meta name=\"robots\" content=\"index, follow, max-snippet:-1, max-image-preview:large, max-video-preview:-1\" \/>\n<link rel=\"canonical\" href=\"https:\/\/vosgesinfo.fr\/epinalinfo\/2025\/09\/rentree-scolaire-les-gendarmes-mobilises-dans-tout-le-departement\/\" \/>\n<meta name=\"twitter:card\" content=\"summary_large_image\" \/>\n<meta name=\"twitter:title\" content=\"Rentr\u00e9e scolaire : les gendarmes mobilis\u00e9s dans tout le d\u00e9partement - Epinal Info\" \/>\n<meta name=\"twitter:description\" content=\"Depuis ce lundi, la rentr\u00e9e s\u2019accompagne d\u2019une pr\u00e9sence renforc\u00e9e des gendarmes sur l\u2019ensemble du d\u00e9partement, de Vittel \u00e0 Xonrupt-Longemer, en [&hellip;]\" \/>\n<meta name=\"twitter:image\" content=\"https:\/\/vosgesinfo.fr\/app\/uploads\/sites\/3\/2025\/09\/540693167-1201428262023271-4421605267293003863-n.jpg\" \/>\n<meta name=\"twitter:creator\" content=\"@VosgesInfo88\" \/>\n<meta name=\"twitter:site\" content=\"@VosgesInfo88\" \/>\n<meta name=\"twitter:label1\" content=\"\u00c9crit par\" \/>\n\t<meta name=\"twitter:data1\" content=\"C.K.\" \/>\n\t<meta name=\"twitter:label2\" content=\"Dur\u00e9e de lecture estim\u00e9e\" \/>\n\t<meta name=\"twitter:data2\" content=\"1 minute\" \/>\n<script type=\"application\/ld+json\" class=\"yoast-schema-graph\">{\"@context\":\"https:\/\/schema.org\",\"@graph\":[{\"@type\":\"Article\",\"@id\":\"https:\/\/vosgesinfo.fr\/epinalinfo\/2025\/09\/rentree-scolaire-les-gendarmes-mobilises-dans-tout-le-departement\/#article\",\"isPartOf\":{\"@id\":\"https:\/\/vosgesinfo.fr\/epinalinfo\/2025\/09\/rentree-scolaire-les-gendarmes-mobilises-dans-tout-le-departement\/\"},\"author\":{\"name\":\"C.K.\",\"@id\":\"https:\/\/vosgesinfo.fr\/epinalinfo\/#\/schema\/person\/6f9a650eeea99d969b6c4ab78fccbe81\"},\"headline\":\"Rentr\u00e9e scolaire : les gendarmes mobilis\u00e9s dans tout le d\u00e9partement\",\"datePublished\":\"2025-09-03T11:08:42+00:00\",\"dateModified\":\"2025-09-03T11:02:51+00:00\",\"mainEntityOfPage\":{\"@id\":\"https:\/\/vosgesinfo.fr\/epinalinfo\/2025\/09\/rentree-scolaire-les-gendarmes-mobilises-dans-tout-le-departement\/\"},\"wordCount\":155,\"commentCount\":0,\"publisher\":{\"@id\":\"https:\/\/vosgesinfo.fr\/epinalinfo\/#organization\"},\"image\":{\"@id\":\"https:\/\/vosgesinfo.fr\/epinalinfo\/2025\/09\/rentree-scolaire-les-gendarmes-mobilises-dans-tout-le-departement\/#primaryimage\"},\"thumbnailUrl\":\"https:\/\/vosgesinfo.fr\/app\/uploads\/sites\/3\/2025\/09\/540693167-1201428262023271-4421605267293003863-n.jpg\",\"articleSection\":[\"A la Une\",\"Epinal\",\"Soci\u00e9t\u00e9\",\"Vosges\"],\"inLanguage\":\"fr-FR\",\"potentialAction\":[{\"@type\":\"CommentAction\",\"name\":\"Comment\",\"target\":[\"https:\/\/vosgesinfo.fr\/epinalinfo\/2025\/09\/rentree-scolaire-les-gendarmes-mobilises-dans-tout-le-departement\/#respond\"]}]},{\"@type\":\"WebPage\",\"@id\":\"https:\/\/vosgesinfo.fr\/epinalinfo\/2025\/09\/rentree-scolaire-les-gendarmes-mobilises-dans-tout-le-departement\/\",\"url\":\"https:\/\/vosgesinfo.fr\/epinalinfo\/2025\/09\/rentree-scolaire-les-gendarmes-mobilises-dans-tout-le-departement\/\",\"name\":\"Rentr\u00e9e scolaire : les gendarmes mobilis\u00e9s dans tout le d\u00e9partement - Epinal Info\",\"isPartOf\":{\"@id\":\"https:\/\/vosgesinfo.fr\/epinalinfo\/#website\"},\"primaryImageOfPage\":{\"@id\":\"https:\/\/vosgesinfo.fr\/epinalinfo\/2025\/09\/rentree-scolaire-les-gendarmes-mobilises-dans-tout-le-departement\/#primaryimage\"},\"image\":{\"@id\":\"https:\/\/vosgesinfo.fr\/epinalinfo\/2025\/09\/rentree-scolaire-les-gendarmes-mobilises-dans-tout-le-departement\/#primaryimage\"},\"thumbnailUrl\":\"https:\/\/vosgesinfo.fr\/app\/uploads\/sites\/3\/2025\/09\/540693167-1201428262023271-4421605267293003863-n.jpg\",\"datePublished\":\"2025-09-03T11:08:42+00:00\",\"dateModified\":\"2025-09-03T11:02:51+00:00\",\"breadcrumb\":{\"@id\":\"https:\/\/vosgesinfo.fr\/epinalinfo\/2025\/09\/rentree-scolaire-les-gendarmes-mobilises-dans-tout-le-departement\/#breadcrumb\"},\"inLanguage\":\"fr-FR\",\"potentialAction\":[{\"@type\":\"ReadAction\",\"target\":[\"https:\/\/vosgesinfo.fr\/epinalinfo\/2025\/09\/rentree-scolaire-les-gendarmes-mobilises-dans-tout-le-departement\/\"]}]},{\"@type\":\"ImageObject\",\"inLanguage\":\"fr-FR\",\"@id\":\"https:\/\/vosgesinfo.fr\/epinalinfo\/2025\/09\/rentree-scolaire-les-gendarmes-mobilises-dans-tout-le-departement\/#primaryimage\",\"url\":\"https:\/\/vosgesinfo.fr\/app\/uploads\/sites\/3\/2025\/09\/540693167-1201428262023271-4421605267293003863-n.jpg\",\"contentUrl\":\"https:\/\/vosgesinfo.fr\/app\/uploads\/sites\/3\/2025\/09\/540693167-1201428262023271-4421605267293003863-n.jpg\",\"width\":2048,\"height\":1366,\"caption\":\"photos gendarmerie des vosges\"},{\"@type\":\"BreadcrumbList\",\"@id\":\"https:\/\/vosgesinfo.fr\/epinalinfo\/2025\/09\/rentree-scolaire-les-gendarmes-mobilises-dans-tout-le-departement\/#breadcrumb\",\"itemListElement\":[{\"@type\":\"ListItem\",\"position\":1,\"name\":\"Home\",\"item\":\"https:\/\/vosgesinfo.fr\/epinalinfo\/\"},{\"@type\":\"ListItem\",\"position\":2,\"name\":\"Rentr\u00e9e scolaire : les gendarmes mobilis\u00e9s dans tout le d\u00e9partement\"}]},{\"@type\":\"WebSite\",\"@id\":\"https:\/\/vosgesinfo.fr\/epinalinfo\/#website\",\"url\":\"https:\/\/vosgesinfo.fr\/epinalinfo\/\",\"name\":\"Epinal Info\",\"description\":\"Toute l&#039;actualit\u00e9 d&#039;\u00c9pinal\",\"publisher\":{\"@id\":\"https:\/\/vosgesinfo.fr\/epinalinfo\/#organization\"},\"alternateName\":\"Toute l'actualit\u00e9 d'\u00c9pinal\",\"potentialAction\":[{\"@type\":\"SearchAction\",\"target\":{\"@type\":\"EntryPoint\",\"urlTemplate\":\"https:\/\/vosgesinfo.fr\/epinalinfo\/?s={search_term_string}\"},\"query-input\":\"required name=search_term_string\"}],\"inLanguage\":\"fr-FR\"},{\"@type\":\"Organization\",\"@id\":\"https:\/\/vosgesinfo.fr\/epinalinfo\/#organization\",\"name\":\"Epinal Info\",\"url\":\"https:\/\/vosgesinfo.fr\/epinalinfo\/\",\"logo\":{\"@type\":\"ImageObject\",\"inLanguage\":\"fr-FR\",\"@id\":\"https:\/\/vosgesinfo.fr\/epinalinfo\/#\/schema\/logo\/image\/\",\"url\":\"https:\/\/vosgesinfo.fr\/app\/uploads\/sites\/3\/2023\/08\/logo-epinalinfos.svg\",\"contentUrl\":\"https:\/\/vosgesinfo.fr\/app\/uploads\/sites\/3\/2023\/08\/logo-epinalinfos.svg\",\"width\":1,\"height\":1,\"caption\":\"Epinal Info\"},\"image\":{\"@id\":\"https:\/\/vosgesinfo.fr\/epinalinfo\/#\/schema\/logo\/image\/\"},\"sameAs\":[\"https:\/\/www.facebook.com\/Epinalinfos\",\"https:\/\/x.com\/VosgesInfo88\",\"https:\/\/www.youtube.com\/@vosgesinfo\"]},{\"@type\":\"Person\",\"@id\":\"https:\/\/vosgesinfo.fr\/epinalinfo\/#\/schema\/person\/6f9a650eeea99d969b6c4ab78fccbe81\",\"name\":\"C.K.\",\"image\":{\"@type\":\"ImageObject\",\"inLanguage\":\"fr-FR\",\"@id\":\"https:\/\/vosgesinfo.fr\/epinalinfo\/#\/schema\/person\/image\/\",\"url\":\"https:\/\/secure.gravatar.com\/avatar\/48e3fc7f8421ba8942be6b74a2b7f014ca39bc00dece156b7a8e098ae7dc87bf?s=96&d=mm&r=g\",\"contentUrl\":\"https:\/\/secure.gravatar.com\/avatar\/48e3fc7f8421ba8942be6b74a2b7f014ca39bc00dece156b7a8e098ae7dc87bf?s=96&d=mm&r=g\",\"caption\":\"C.K.\"},\"url\":\"https:\/\/vosgesinfo.fr\/epinalinfo\/author\/celia-k-n\/\"}]}<\/script>\n<!-- \/ Yoast SEO plugin. -->","yoast_head_json":{"title":"Rentr\u00e9e scolaire : les gendarmes mobilis\u00e9s dans tout le d\u00e9partement - Epinal Info","robots":{"index":"index","follow":"follow","max-snippet":"max-snippet:-1","max-image-preview":"max-image-preview:large","max-video-preview":"max-video-preview:-1"},"canonical":"https:\/\/vosgesinfo.fr\/epinalinfo\/2025\/09\/rentree-scolaire-les-gendarmes-mobilises-dans-tout-le-departement\/","twitter_card":"summary_large_image","twitter_title":"Rentr\u00e9e scolaire : les gendarmes mobilis\u00e9s dans tout le d\u00e9partement - Epinal Info","twitter_description":"Depuis ce lundi, la rentr\u00e9e s\u2019accompagne d\u2019une pr\u00e9sence renforc\u00e9e des gendarmes sur l\u2019ensemble du d\u00e9partement, de Vittel \u00e0 Xonrupt-Longemer, en [&hellip;]","twitter_image":"https:\/\/vosgesinfo.fr\/app\/uploads\/sites\/3\/2025\/09\/540693167-1201428262023271-4421605267293003863-n.jpg","twitter_creator":"@VosgesInfo88","twitter_site":"@VosgesInfo88","twitter_misc":{"\u00c9crit par":"C.K.","Dur\u00e9e de lecture estim\u00e9e":"1 minute"},"schema":{"@context":"https:\/\/schema.org","@graph":[{"@type":"Article","@id":"https:\/\/vosgesinfo.fr\/epinalinfo\/2025\/09\/rentree-scolaire-les-gendarmes-mobilises-dans-tout-le-departement\/#article","isPartOf":{"@id":"https:\/\/vosgesinfo.fr\/epinalinfo\/2025\/09\/rentree-scolaire-les-gendarmes-mobilises-dans-tout-le-departement\/"},"author":{"name":"C.K.","@id":"https:\/\/vosgesinfo.fr\/epinalinfo\/#\/schema\/person\/6f9a650eeea99d969b6c4ab78fccbe81"},"headline":"Rentr\u00e9e scolaire : les gendarmes mobilis\u00e9s dans tout le d\u00e9partement","datePublished":"2025-09-03T11:08:42+00:00","dateModified":"2025-09-03T11:02:51+00:00","mainEntityOfPage":{"@id":"https:\/\/vosgesinfo.fr\/epinalinfo\/2025\/09\/rentree-scolaire-les-gendarmes-mobilises-dans-tout-le-departement\/"},"wordCount":155,"commentCount":0,"publisher":{"@id":"https:\/\/vosgesinfo.fr\/epinalinfo\/#organization"},"image":{"@id":"https:\/\/vosgesinfo.fr\/epinalinfo\/2025\/09\/rentree-scolaire-les-gendarmes-mobilises-dans-tout-le-departement\/#primaryimage"},"thumbnailUrl":"https:\/\/vosgesinfo.fr\/app\/uploads\/sites\/3\/2025\/09\/540693167-1201428262023271-4421605267293003863-n.jpg","articleSection":["A la Une","Epinal","Soci\u00e9t\u00e9","Vosges"],"inLanguage":"fr-FR","potentialAction":[{"@type":"CommentAction","name":"Comment","target":["https:\/\/vosgesinfo.fr\/epinalinfo\/2025\/09\/rentree-scolaire-les-gendarmes-mobilises-dans-tout-le-departement\/#respond"]}]},{"@type":"WebPage","@id":"https:\/\/vosgesinfo.fr\/epinalinfo\/2025\/09\/rentree-scolaire-les-gendarmes-mobilises-dans-tout-le-departement\/","url":"https:\/\/vosgesinfo.fr\/epinalinfo\/2025\/09\/rentree-scolaire-les-gendarmes-mobilises-dans-tout-le-departement\/","name":"Rentr\u00e9e scolaire : les gendarmes mobilis\u00e9s dans tout le d\u00e9partement - Epinal Info","isPartOf":{"@id":"https:\/\/vosgesinfo.fr\/epinalinfo\/#website"},"primaryImageOfPage":{"@id":"https:\/\/vosgesinfo.fr\/epinalinfo\/2025\/09\/rentree-scolaire-les-gendarmes-mobilises-dans-tout-le-departement\/#primaryimage"},"image":{"@id":"https:\/\/vosgesinfo.fr\/epinalinfo\/2025\/09\/rentree-scolaire-les-gendarmes-mobilises-dans-tout-le-departement\/#primaryimage"},"thumbnailUrl":"https:\/\/vosgesinfo.fr\/app\/uploads\/sites\/3\/2025\/09\/540693167-1201428262023271-4421605267293003863-n.jpg","datePublished":"2025-09-03T11:08:42+00:00","dateModified":"2025-09-03T11:02:51+00:00","breadcrumb":{"@id":"https:\/\/vosgesinfo.fr\/epinalinfo\/2025\/09\/rentree-scolaire-les-gendarmes-mobilises-dans-tout-le-departement\/#breadcrumb"},"inLanguage":"fr-FR","potentialAction":[{"@type":"ReadAction","target":["https:\/\/vosgesinfo.fr\/epinalinfo\/2025\/09\/rentree-scolaire-les-gendarmes-mobilises-dans-tout-le-departement\/"]}]},{"@type":"ImageObject","inLanguage":"fr-FR","@id":"https:\/\/vosgesinfo.fr\/epinalinfo\/2025\/09\/rentree-scolaire-les-gendarmes-mobilises-dans-tout-le-departement\/#primaryimage","url":"https:\/\/vosgesinfo.fr\/app\/uploads\/sites\/3\/2025\/09\/540693167-1201428262023271-4421605267293003863-n.jpg","contentUrl":"https:\/\/vosgesinfo.fr\/app\/uploads\/sites\/3\/2025\/09\/540693167-1201428262023271-4421605267293003863-n.jpg","width":2048,"height":1366,"caption":"photos gendarmerie des vosges"},{"@type":"BreadcrumbList","@id":"https:\/\/vosgesinfo.fr\/epinalinfo\/2025\/09\/rentree-scolaire-les-gendarmes-mobilises-dans-tout-le-departement\/#breadcrumb","itemListElement":[{"@type":"ListItem","position":1,"name":"Home","item":"https:\/\/vosgesinfo.fr\/epinalinfo\/"},{"@type":"ListItem","position":2,"name":"Rentr\u00e9e scolaire : les gendarmes mobilis\u00e9s dans tout le d\u00e9partement"}]},{"@type":"WebSite","@id":"https:\/\/vosgesinfo.fr\/epinalinfo\/#website","url":"https:\/\/vosgesinfo.fr\/epinalinfo\/","name":"Epinal Info","description":"Toute l&#039;actualit\u00e9 d&#039;\u00c9pinal","publisher":{"@id":"https:\/\/vosgesinfo.fr\/epinalinfo\/#organization"},"alternateName":"Toute l'actualit\u00e9 d'\u00c9pinal","potentialAction":[{"@type":"SearchAction","target":{"@type":"EntryPoint","urlTemplate":"https:\/\/vosgesinfo.fr\/epinalinfo\/?s={search_term_string}"},"query-input":"required name=search_term_string"}],"inLanguage":"fr-FR"},{"@type":"Organization","@id":"https:\/\/vosgesinfo.fr\/epinalinfo\/#organization","name":"Epinal Info","url":"https:\/\/vosgesinfo.fr\/epinalinfo\/","logo":{"@type":"ImageObject","inLanguage":"fr-FR","@id":"https:\/\/vosgesinfo.fr\/epinalinfo\/#\/schema\/logo\/image\/","url":"https:\/\/vosgesinfo.fr\/app\/uploads\/sites\/3\/2023\/08\/logo-epinalinfos.svg","contentUrl":"https:\/\/vosgesinfo.fr\/app\/uploads\/sites\/3\/2023\/08\/logo-epinalinfos.svg","width":1,"height":1,"caption":"Epinal Info"},"image":{"@id":"https:\/\/vosgesinfo.fr\/epinalinfo\/#\/schema\/logo\/image\/"},"sameAs":["https:\/\/www.facebook.com\/Epinalinfos","https:\/\/x.com\/VosgesInfo88","https:\/\/www.youtube.com\/@vosgesinfo"]},{"@type":"Person","@id":"https:\/\/vosgesinfo.fr\/epinalinfo\/#\/schema\/person\/6f9a650eeea99d969b6c4ab78fccbe81","name":"C.K.","image":{"@type":"ImageObject","inLanguage":"fr-FR","@id":"https:\/\/vosgesinfo.fr\/epinalinfo\/#\/schema\/person\/image\/","url":"https:\/\/secure.gravatar.com\/avatar\/48e3fc7f8421ba8942be6b74a2b7f014ca39bc00dece156b7a8e098ae7dc87bf?s=96&d=mm&r=g","contentUrl":"https:\/\/secure.gravatar.com\/avatar\/48e3fc7f8421ba8942be6b74a2b7f014ca39bc00dece156b7a8e098ae7dc87bf?s=96&d=mm&r=g","caption":"C.K."},"url":"https:\/\/vosgesinfo.fr\/epinalinfo\/author\/celia-k-n\/"}]}},"_links":{"self":[{"href":"https:\/\/vosgesinfo.fr\/epinalinfo\/wp-json\/wp\/v2\/posts\/134909","targetHints":{"allow":["GET"]}}],"collection":[{"href":"https:\/\/vosgesinfo.fr\/epinalinfo\/wp-json\/wp\/v2\/posts"}],"about":[{"href":"https:\/\/vosgesinfo.fr\/epinalinfo\/wp-json\/wp\/v2\/types\/post"}],"author":[{"embeddable":true,"href":"https:\/\/vosgesinfo.fr\/epinalinfo\/wp-json\/wp\/v2\/users\/52"}],"replies":[{"embeddable":true,"href":"https:\/\/vosgesinfo.fr\/epinalinfo\/wp-json\/wp\/v2\/comments?post=134909"}],"version-history":[{"count":1,"href":"https:\/\/vosgesinfo.fr\/epinalinfo\/wp-json\/wp\/v2\/posts\/134909\/revisions"}],"predecessor-version":[{"id":134915,"href":"https:\/\/vosgesinfo.fr\/epinalinfo\/wp-json\/wp\/v2\/posts\/134909\/revisions\/134915"}],"wp:featuredmedia":[{"embeddable":true,"href":"https:\/\/vosgesinfo.fr\/epinalinfo\/wp-json\/wp\/v2\/media\/134910"}],"wp:attachment":[{"href":"https:\/\/vosgesinfo.fr\/epinalinfo\/wp-json\/wp\/v2\/media?parent=134909"}],"wp:term":[{"taxonomy":"category","embeddable":true,"href":"https:\/\/vosgesinfo.fr\/epinalinfo\/wp-json\/wp\/v2\/categories?post=134909"},{"taxonomy":"post_tag","embeddable":true,"href":"https:\/\/vosgesinfo.fr\/epinalinfo\/wp-json\/wp\/v2\/tags?post=134909"}],"curies":[{"name":"wp","href":"https:\/\/api.w.org\/{rel}","templated":true}]}}