{"id":134916,"date":"2025-09-03T13:20:41","date_gmt":"2025-09-03T11:20:41","guid":{"rendered":"https:\/\/vosgesinfo.fr\/epinalinfo\/?p=134916"},"modified":"2025-09-03T13:17:36","modified_gmt":"2025-09-03T11:17:36","slug":"tribunal-depinal-le-militant-pierre-olivier-poyard-juge-pour-harcelement-moral","status":"publish","type":"post","link":"https:\/\/vosgesinfo.fr\/epinalinfo\/2025\/09\/tribunal-depinal-le-militant-pierre-olivier-poyard-juge-pour-harcelement-moral\/","title":{"rendered":"Tribunal d\u2019\u00c9pinal : le militant Pierre-Olivier Poyard jug\u00e9 pour harc\u00e8lement moral"},"content":{"rendered":"<h2 data-start=\"165\" data-end=\"436\"><strong><a href=\"https:\/\/vosgesinfo.fr\/app\/uploads\/sites\/3\/2025\/09\/pierre-olivier-poyard.jpg\"><img decoding=\"async\" class=\"aligncenter size-full wp-image-134917\" src=\"https:\/\/vosgesinfo.fr\/app\/uploads\/sites\/3\/2025\/09\/pierre-olivier-poyard.jpg\" alt=\"\" width=\"543\" height=\"527\" srcset=\"https:\/\/vosgesinfo.fr\/app\/uploads\/sites\/3\/2025\/09\/pierre-olivier-poyard.jpg 543w, https:\/\/vosgesinfo.fr\/app\/uploads\/sites\/3\/2025\/09\/pierre-olivier-poyard-300x291.jpg 300w\" sizes=\"(max-width: 543px) 100vw, 543px\" \/><\/a>Figure connue du syndicalisme et du militantisme vosgien, Pierre-Olivier Poyard, enseignant, secr\u00e9taire du comit\u00e9 des Vosges du <em data-start=\"297\" data-end=\"319\">Mouvement de la paix<\/em> et membre du bureau national de cette organisation, a comparu ce mardi devant le tribunal judiciaire d\u2019\u00c9pinal.<\/strong><\/h2>\n<p data-start=\"438\" data-end=\"845\">Il est poursuivi pour harc\u00e8lement moral, \u00e0 la suite d\u2019une plainte d\u00e9pos\u00e9e en 2023 par une coll\u00e8gue, \u00e9galement enseignante et militante au Parti communiste. Selon l\u2019accusation, ses agissements auraient d\u00e9pass\u00e9 le cadre de l\u2019engagement syndical. La d\u00e9fense, de son c\u00f4t\u00e9, rejette fermement ces all\u00e9gations et affirme que M. Poyard s\u2019est simplement limit\u00e9 \u00e0 proposer \u00e0 sa coll\u00e8gue d\u2019adh\u00e9rer \u00e0 un syndicat.<\/p>\n<p data-start=\"847\" data-end=\"1088\">Lors de l\u2019audience, le parquet a requis une peine de huit mois de prison avec sursis. L\u2019avocat du pr\u00e9venu a, pour sa part, demand\u00e9 la relaxe, soulignant l\u2019absence d\u2019\u00e9l\u00e9ments tangibles pour caract\u00e9riser une situation de harc\u00e8lement.<\/p>\n<p data-start=\"1090\" data-end=\"1339\">L\u2019affaire a suscit\u00e9 un vif \u00e9cho local. Environ quarante personnes s\u2019\u00e9taient rassembl\u00e9es hier pour exprimer leur soutien \u00e0 Pierre-Olivier Poyard, tandis qu\u2019une p\u00e9tition sign\u00e9e par plus de 340 personnes a \u00e9t\u00e9 adress\u00e9e au minist\u00e8re comp\u00e9tent.<\/p>\n<p data-start=\"1341\" data-end=\"1394\">Le jugement a \u00e9t\u00e9 mis en d\u00e9lib\u00e9r\u00e9 au 7 octobre.<\/p>\n","protected":false},"excerpt":{"rendered":"<p>Figure connue du syndicalisme et du militantisme vosgien, Pierre-Olivier Poyard, enseignant, secr\u00e9taire du comit\u00e9 des Vosges du Mouvement de la [&hellip;]<\/p>\n","protected":false},"author":52,"featured_media":134917,"comment_status":"open","ping_status":"open","sticky":false,"template":"","format":"standard","meta":{"footnotes":""},"categories":[22,24,64,5],"tags":[],"class_list":["post-134916","post","type-post","status-publish","format-standard","has-post-thumbnail","hentry","category-a-la-une","category-epinal","category-justice","category-vosges"],"acf":[],"yoast_head":"<!-- This site is optimized with the Yoast SEO plugin v22.5 - https:\/\/yoast.com\/wordpress\/plugins\/seo\/ -->\n<title>Tribunal d\u2019\u00c9pinal : le militant Pierre-Olivier Poyard jug\u00e9 pour harc\u00e8lement moral - Epinal Info<\/title>\n<meta name=\"robots\" content=\"index, follow, max-snippet:-1, max-image-preview:large, max-video-preview:-1\" \/>\n<link rel=\"canonical\" href=\"https:\/\/vosgesinfo.fr\/epinalinfo\/2025\/09\/tribunal-depinal-le-militant-pierre-olivier-poyard-juge-pour-harcelement-moral\/\" \/>\n<meta name=\"twitter:card\" content=\"summary_large_image\" \/>\n<meta name=\"twitter:title\" content=\"Tribunal d\u2019\u00c9pinal : le militant Pierre-Olivier Poyard jug\u00e9 pour harc\u00e8lement moral - Epinal Info\" \/>\n<meta name=\"twitter:description\" content=\"Figure connue du syndicalisme et du militantisme vosgien, Pierre-Olivier Poyard, enseignant, secr\u00e9taire du comit\u00e9 des Vosges du Mouvement de la [&hellip;]\" \/>\n<meta name=\"twitter:image\" content=\"https:\/\/vosgesinfo.fr\/app\/uploads\/sites\/3\/2025\/09\/pierre-olivier-poyard.jpg\" \/>\n<meta name=\"twitter:creator\" content=\"@VosgesInfo88\" \/>\n<meta name=\"twitter:site\" content=\"@VosgesInfo88\" \/>\n<meta name=\"twitter:label1\" content=\"\u00c9crit par\" \/>\n\t<meta name=\"twitter:data1\" content=\"C.K.\" \/>\n\t<meta name=\"twitter:label2\" content=\"Dur\u00e9e de lecture estim\u00e9e\" \/>\n\t<meta name=\"twitter:data2\" content=\"1 minute\" \/>\n<script type=\"application\/ld+json\" class=\"yoast-schema-graph\">{\"@context\":\"https:\/\/schema.org\",\"@graph\":[{\"@type\":\"Article\",\"@id\":\"https:\/\/vosgesinfo.fr\/epinalinfo\/2025\/09\/tribunal-depinal-le-militant-pierre-olivier-poyard-juge-pour-harcelement-moral\/#article\",\"isPartOf\":{\"@id\":\"https:\/\/vosgesinfo.fr\/epinalinfo\/2025\/09\/tribunal-depinal-le-militant-pierre-olivier-poyard-juge-pour-harcelement-moral\/\"},\"author\":{\"name\":\"C.K.\",\"@id\":\"https:\/\/vosgesinfo.fr\/epinalinfo\/#\/schema\/person\/6f9a650eeea99d969b6c4ab78fccbe81\"},\"headline\":\"Tribunal d\u2019\u00c9pinal : le militant Pierre-Olivier Poyard jug\u00e9 pour harc\u00e8lement moral\",\"datePublished\":\"2025-09-03T11:20:41+00:00\",\"dateModified\":\"2025-09-03T11:17:36+00:00\",\"mainEntityOfPage\":{\"@id\":\"https:\/\/vosgesinfo.fr\/epinalinfo\/2025\/09\/tribunal-depinal-le-militant-pierre-olivier-poyard-juge-pour-harcelement-moral\/\"},\"wordCount\":220,\"commentCount\":1,\"publisher\":{\"@id\":\"https:\/\/vosgesinfo.fr\/epinalinfo\/#organization\"},\"image\":{\"@id\":\"https:\/\/vosgesinfo.fr\/epinalinfo\/2025\/09\/tribunal-depinal-le-militant-pierre-olivier-poyard-juge-pour-harcelement-moral\/#primaryimage\"},\"thumbnailUrl\":\"https:\/\/vosgesinfo.fr\/app\/uploads\/sites\/3\/2025\/09\/pierre-olivier-poyard.jpg\",\"articleSection\":[\"A la Une\",\"Epinal\",\"Justice\",\"Vosges\"],\"inLanguage\":\"fr-FR\",\"potentialAction\":[{\"@type\":\"CommentAction\",\"name\":\"Comment\",\"target\":[\"https:\/\/vosgesinfo.fr\/epinalinfo\/2025\/09\/tribunal-depinal-le-militant-pierre-olivier-poyard-juge-pour-harcelement-moral\/#respond\"]}]},{\"@type\":\"WebPage\",\"@id\":\"https:\/\/vosgesinfo.fr\/epinalinfo\/2025\/09\/tribunal-depinal-le-militant-pierre-olivier-poyard-juge-pour-harcelement-moral\/\",\"url\":\"https:\/\/vosgesinfo.fr\/epinalinfo\/2025\/09\/tribunal-depinal-le-militant-pierre-olivier-poyard-juge-pour-harcelement-moral\/\",\"name\":\"Tribunal d\u2019\u00c9pinal : le militant Pierre-Olivier Poyard jug\u00e9 pour harc\u00e8lement moral - Epinal Info\",\"isPartOf\":{\"@id\":\"https:\/\/vosgesinfo.fr\/epinalinfo\/#website\"},\"primaryImageOfPage\":{\"@id\":\"https:\/\/vosgesinfo.fr\/epinalinfo\/2025\/09\/tribunal-depinal-le-militant-pierre-olivier-poyard-juge-pour-harcelement-moral\/#primaryimage\"},\"image\":{\"@id\":\"https:\/\/vosgesinfo.fr\/epinalinfo\/2025\/09\/tribunal-depinal-le-militant-pierre-olivier-poyard-juge-pour-harcelement-moral\/#primaryimage\"},\"thumbnailUrl\":\"https:\/\/vosgesinfo.fr\/app\/uploads\/sites\/3\/2025\/09\/pierre-olivier-poyard.jpg\",\"datePublished\":\"2025-09-03T11:20:41+00:00\",\"dateModified\":\"2025-09-03T11:17:36+00:00\",\"breadcrumb\":{\"@id\":\"https:\/\/vosgesinfo.fr\/epinalinfo\/2025\/09\/tribunal-depinal-le-militant-pierre-olivier-poyard-juge-pour-harcelement-moral\/#breadcrumb\"},\"inLanguage\":\"fr-FR\",\"potentialAction\":[{\"@type\":\"ReadAction\",\"target\":[\"https:\/\/vosgesinfo.fr\/epinalinfo\/2025\/09\/tribunal-depinal-le-militant-pierre-olivier-poyard-juge-pour-harcelement-moral\/\"]}]},{\"@type\":\"ImageObject\",\"inLanguage\":\"fr-FR\",\"@id\":\"https:\/\/vosgesinfo.fr\/epinalinfo\/2025\/09\/tribunal-depinal-le-militant-pierre-olivier-poyard-juge-pour-harcelement-moral\/#primaryimage\",\"url\":\"https:\/\/vosgesinfo.fr\/app\/uploads\/sites\/3\/2025\/09\/pierre-olivier-poyard.jpg\",\"contentUrl\":\"https:\/\/vosgesinfo.fr\/app\/uploads\/sites\/3\/2025\/09\/pierre-olivier-poyard.jpg\",\"width\":543,\"height\":527},{\"@type\":\"BreadcrumbList\",\"@id\":\"https:\/\/vosgesinfo.fr\/epinalinfo\/2025\/09\/tribunal-depinal-le-militant-pierre-olivier-poyard-juge-pour-harcelement-moral\/#breadcrumb\",\"itemListElement\":[{\"@type\":\"ListItem\",\"position\":1,\"name\":\"Home\",\"item\":\"https:\/\/vosgesinfo.fr\/epinalinfo\/\"},{\"@type\":\"ListItem\",\"position\":2,\"name\":\"Tribunal d\u2019\u00c9pinal : le militant Pierre-Olivier Poyard jug\u00e9 pour harc\u00e8lement moral\"}]},{\"@type\":\"WebSite\",\"@id\":\"https:\/\/vosgesinfo.fr\/epinalinfo\/#website\",\"url\":\"https:\/\/vosgesinfo.fr\/epinalinfo\/\",\"name\":\"Epinal Info\",\"description\":\"Toute l&#039;actualit\u00e9 d&#039;\u00c9pinal\",\"publisher\":{\"@id\":\"https:\/\/vosgesinfo.fr\/epinalinfo\/#organization\"},\"alternateName\":\"Toute l'actualit\u00e9 d'\u00c9pinal\",\"potentialAction\":[{\"@type\":\"SearchAction\",\"target\":{\"@type\":\"EntryPoint\",\"urlTemplate\":\"https:\/\/vosgesinfo.fr\/epinalinfo\/?s={search_term_string}\"},\"query-input\":\"required name=search_term_string\"}],\"inLanguage\":\"fr-FR\"},{\"@type\":\"Organization\",\"@id\":\"https:\/\/vosgesinfo.fr\/epinalinfo\/#organization\",\"name\":\"Epinal Info\",\"url\":\"https:\/\/vosgesinfo.fr\/epinalinfo\/\",\"logo\":{\"@type\":\"ImageObject\",\"inLanguage\":\"fr-FR\",\"@id\":\"https:\/\/vosgesinfo.fr\/epinalinfo\/#\/schema\/logo\/image\/\",\"url\":\"https:\/\/vosgesinfo.fr\/app\/uploads\/sites\/3\/2023\/08\/logo-epinalinfos.svg\",\"contentUrl\":\"https:\/\/vosgesinfo.fr\/app\/uploads\/sites\/3\/2023\/08\/logo-epinalinfos.svg\",\"width\":1,\"height\":1,\"caption\":\"Epinal Info\"},\"image\":{\"@id\":\"https:\/\/vosgesinfo.fr\/epinalinfo\/#\/schema\/logo\/image\/\"},\"sameAs\":[\"https:\/\/www.facebook.com\/Epinalinfos\",\"https:\/\/x.com\/VosgesInfo88\",\"https:\/\/www.youtube.com\/@vosgesinfo\"]},{\"@type\":\"Person\",\"@id\":\"https:\/\/vosgesinfo.fr\/epinalinfo\/#\/schema\/person\/6f9a650eeea99d969b6c4ab78fccbe81\",\"name\":\"C.K.\",\"image\":{\"@type\":\"ImageObject\",\"inLanguage\":\"fr-FR\",\"@id\":\"https:\/\/vosgesinfo.fr\/epinalinfo\/#\/schema\/person\/image\/\",\"url\":\"https:\/\/secure.gravatar.com\/avatar\/48e3fc7f8421ba8942be6b74a2b7f014ca39bc00dece156b7a8e098ae7dc87bf?s=96&d=mm&r=g\",\"contentUrl\":\"https:\/\/secure.gravatar.com\/avatar\/48e3fc7f8421ba8942be6b74a2b7f014ca39bc00dece156b7a8e098ae7dc87bf?s=96&d=mm&r=g\",\"caption\":\"C.K.\"},\"url\":\"https:\/\/vosgesinfo.fr\/epinalinfo\/author\/celia-k-n\/\"}]}<\/script>\n<!-- \/ Yoast SEO plugin. -->","yoast_head_json":{"title":"Tribunal d\u2019\u00c9pinal : le militant Pierre-Olivier Poyard jug\u00e9 pour harc\u00e8lement moral - Epinal Info","robots":{"index":"index","follow":"follow","max-snippet":"max-snippet:-1","max-image-preview":"max-image-preview:large","max-video-preview":"max-video-preview:-1"},"canonical":"https:\/\/vosgesinfo.fr\/epinalinfo\/2025\/09\/tribunal-depinal-le-militant-pierre-olivier-poyard-juge-pour-harcelement-moral\/","twitter_card":"summary_large_image","twitter_title":"Tribunal d\u2019\u00c9pinal : le militant Pierre-Olivier Poyard jug\u00e9 pour harc\u00e8lement moral - Epinal Info","twitter_description":"Figure connue du syndicalisme et du militantisme vosgien, Pierre-Olivier Poyard, enseignant, secr\u00e9taire du comit\u00e9 des Vosges du Mouvement de la [&hellip;]","twitter_image":"https:\/\/vosgesinfo.fr\/app\/uploads\/sites\/3\/2025\/09\/pierre-olivier-poyard.jpg","twitter_creator":"@VosgesInfo88","twitter_site":"@VosgesInfo88","twitter_misc":{"\u00c9crit par":"C.K.","Dur\u00e9e de lecture estim\u00e9e":"1 minute"},"schema":{"@context":"https:\/\/schema.org","@graph":[{"@type":"Article","@id":"https:\/\/vosgesinfo.fr\/epinalinfo\/2025\/09\/tribunal-depinal-le-militant-pierre-olivier-poyard-juge-pour-harcelement-moral\/#article","isPartOf":{"@id":"https:\/\/vosgesinfo.fr\/epinalinfo\/2025\/09\/tribunal-depinal-le-militant-pierre-olivier-poyard-juge-pour-harcelement-moral\/"},"author":{"name":"C.K.","@id":"https:\/\/vosgesinfo.fr\/epinalinfo\/#\/schema\/person\/6f9a650eeea99d969b6c4ab78fccbe81"},"headline":"Tribunal d\u2019\u00c9pinal : le militant Pierre-Olivier Poyard jug\u00e9 pour harc\u00e8lement moral","datePublished":"2025-09-03T11:20:41+00:00","dateModified":"2025-09-03T11:17:36+00:00","mainEntityOfPage":{"@id":"https:\/\/vosgesinfo.fr\/epinalinfo\/2025\/09\/tribunal-depinal-le-militant-pierre-olivier-poyard-juge-pour-harcelement-moral\/"},"wordCount":220,"commentCount":1,"publisher":{"@id":"https:\/\/vosgesinfo.fr\/epinalinfo\/#organization"},"image":{"@id":"https:\/\/vosgesinfo.fr\/epinalinfo\/2025\/09\/tribunal-depinal-le-militant-pierre-olivier-poyard-juge-pour-harcelement-moral\/#primaryimage"},"thumbnailUrl":"https:\/\/vosgesinfo.fr\/app\/uploads\/sites\/3\/2025\/09\/pierre-olivier-poyard.jpg","articleSection":["A la Une","Epinal","Justice","Vosges"],"inLanguage":"fr-FR","potentialAction":[{"@type":"CommentAction","name":"Comment","target":["https:\/\/vosgesinfo.fr\/epinalinfo\/2025\/09\/tribunal-depinal-le-militant-pierre-olivier-poyard-juge-pour-harcelement-moral\/#respond"]}]},{"@type":"WebPage","@id":"https:\/\/vosgesinfo.fr\/epinalinfo\/2025\/09\/tribunal-depinal-le-militant-pierre-olivier-poyard-juge-pour-harcelement-moral\/","url":"https:\/\/vosgesinfo.fr\/epinalinfo\/2025\/09\/tribunal-depinal-le-militant-pierre-olivier-poyard-juge-pour-harcelement-moral\/","name":"Tribunal d\u2019\u00c9pinal : le militant Pierre-Olivier Poyard jug\u00e9 pour harc\u00e8lement moral - Epinal Info","isPartOf":{"@id":"https:\/\/vosgesinfo.fr\/epinalinfo\/#website"},"primaryImageOfPage":{"@id":"https:\/\/vosgesinfo.fr\/epinalinfo\/2025\/09\/tribunal-depinal-le-militant-pierre-olivier-poyard-juge-pour-harcelement-moral\/#primaryimage"},"image":{"@id":"https:\/\/vosgesinfo.fr\/epinalinfo\/2025\/09\/tribunal-depinal-le-militant-pierre-olivier-poyard-juge-pour-harcelement-moral\/#primaryimage"},"thumbnailUrl":"https:\/\/vosgesinfo.fr\/app\/uploads\/sites\/3\/2025\/09\/pierre-olivier-poyard.jpg","datePublished":"2025-09-03T11:20:41+00:00","dateModified":"2025-09-03T11:17:36+00:00","breadcrumb":{"@id":"https:\/\/vosgesinfo.fr\/epinalinfo\/2025\/09\/tribunal-depinal-le-militant-pierre-olivier-poyard-juge-pour-harcelement-moral\/#breadcrumb"},"inLanguage":"fr-FR","potentialAction":[{"@type":"ReadAction","target":["https:\/\/vosgesinfo.fr\/epinalinfo\/2025\/09\/tribunal-depinal-le-militant-pierre-olivier-poyard-juge-pour-harcelement-moral\/"]}]},{"@type":"ImageObject","inLanguage":"fr-FR","@id":"https:\/\/vosgesinfo.fr\/epinalinfo\/2025\/09\/tribunal-depinal-le-militant-pierre-olivier-poyard-juge-pour-harcelement-moral\/#primaryimage","url":"https:\/\/vosgesinfo.fr\/app\/uploads\/sites\/3\/2025\/09\/pierre-olivier-poyard.jpg","contentUrl":"https:\/\/vosgesinfo.fr\/app\/uploads\/sites\/3\/2025\/09\/pierre-olivier-poyard.jpg","width":543,"height":527},{"@type":"BreadcrumbList","@id":"https:\/\/vosgesinfo.fr\/epinalinfo\/2025\/09\/tribunal-depinal-le-militant-pierre-olivier-poyard-juge-pour-harcelement-moral\/#breadcrumb","itemListElement":[{"@type":"ListItem","position":1,"name":"Home","item":"https:\/\/vosgesinfo.fr\/epinalinfo\/"},{"@type":"ListItem","position":2,"name":"Tribunal d\u2019\u00c9pinal : le militant Pierre-Olivier Poyard jug\u00e9 pour harc\u00e8lement moral"}]},{"@type":"WebSite","@id":"https:\/\/vosgesinfo.fr\/epinalinfo\/#website","url":"https:\/\/vosgesinfo.fr\/epinalinfo\/","name":"Epinal Info","description":"Toute l&#039;actualit\u00e9 d&#039;\u00c9pinal","publisher":{"@id":"https:\/\/vosgesinfo.fr\/epinalinfo\/#organization"},"alternateName":"Toute l'actualit\u00e9 d'\u00c9pinal","potentialAction":[{"@type":"SearchAction","target":{"@type":"EntryPoint","urlTemplate":"https:\/\/vosgesinfo.fr\/epinalinfo\/?s={search_term_string}"},"query-input":"required name=search_term_string"}],"inLanguage":"fr-FR"},{"@type":"Organization","@id":"https:\/\/vosgesinfo.fr\/epinalinfo\/#organization","name":"Epinal Info","url":"https:\/\/vosgesinfo.fr\/epinalinfo\/","logo":{"@type":"ImageObject","inLanguage":"fr-FR","@id":"https:\/\/vosgesinfo.fr\/epinalinfo\/#\/schema\/logo\/image\/","url":"https:\/\/vosgesinfo.fr\/app\/uploads\/sites\/3\/2023\/08\/logo-epinalinfos.svg","contentUrl":"https:\/\/vosgesinfo.fr\/app\/uploads\/sites\/3\/2023\/08\/logo-epinalinfos.svg","width":1,"height":1,"caption":"Epinal Info"},"image":{"@id":"https:\/\/vosgesinfo.fr\/epinalinfo\/#\/schema\/logo\/image\/"},"sameAs":["https:\/\/www.facebook.com\/Epinalinfos","https:\/\/x.com\/VosgesInfo88","https:\/\/www.youtube.com\/@vosgesinfo"]},{"@type":"Person","@id":"https:\/\/vosgesinfo.fr\/epinalinfo\/#\/schema\/person\/6f9a650eeea99d969b6c4ab78fccbe81","name":"C.K.","image":{"@type":"ImageObject","inLanguage":"fr-FR","@id":"https:\/\/vosgesinfo.fr\/epinalinfo\/#\/schema\/person\/image\/","url":"https:\/\/secure.gravatar.com\/avatar\/48e3fc7f8421ba8942be6b74a2b7f014ca39bc00dece156b7a8e098ae7dc87bf?s=96&d=mm&r=g","contentUrl":"https:\/\/secure.gravatar.com\/avatar\/48e3fc7f8421ba8942be6b74a2b7f014ca39bc00dece156b7a8e098ae7dc87bf?s=96&d=mm&r=g","caption":"C.K."},"url":"https:\/\/vosgesinfo.fr\/epinalinfo\/author\/celia-k-n\/"}]}},"_links":{"self":[{"href":"https:\/\/vosgesinfo.fr\/epinalinfo\/wp-json\/wp\/v2\/posts\/134916","targetHints":{"allow":["GET"]}}],"collection":[{"href":"https:\/\/vosgesinfo.fr\/epinalinfo\/wp-json\/wp\/v2\/posts"}],"about":[{"href":"https:\/\/vosgesinfo.fr\/epinalinfo\/wp-json\/wp\/v2\/types\/post"}],"author":[{"embeddable":true,"href":"https:\/\/vosgesinfo.fr\/epinalinfo\/wp-json\/wp\/v2\/users\/52"}],"replies":[{"embeddable":true,"href":"https:\/\/vosgesinfo.fr\/epinalinfo\/wp-json\/wp\/v2\/comments?post=134916"}],"version-history":[{"count":1,"href":"https:\/\/vosgesinfo.fr\/epinalinfo\/wp-json\/wp\/v2\/posts\/134916\/revisions"}],"predecessor-version":[{"id":134918,"href":"https:\/\/vosgesinfo.fr\/epinalinfo\/wp-json\/wp\/v2\/posts\/134916\/revisions\/134918"}],"wp:featuredmedia":[{"embeddable":true,"href":"https:\/\/vosgesinfo.fr\/epinalinfo\/wp-json\/wp\/v2\/media\/134917"}],"wp:attachment":[{"href":"https:\/\/vosgesinfo.fr\/epinalinfo\/wp-json\/wp\/v2\/media?parent=134916"}],"wp:term":[{"taxonomy":"category","embeddable":true,"href":"https:\/\/vosgesinfo.fr\/epinalinfo\/wp-json\/wp\/v2\/categories?post=134916"},{"taxonomy":"post_tag","embeddable":true,"href":"https:\/\/vosgesinfo.fr\/epinalinfo\/wp-json\/wp\/v2\/tags?post=134916"}],"curies":[{"name":"wp","href":"https:\/\/api.w.org\/{rel}","templated":true}]}}