{"id":134923,"date":"2025-09-03T16:22:18","date_gmt":"2025-09-03T14:22:18","guid":{"rendered":"https:\/\/vosgesinfo.fr\/epinalinfo\/?p=134923"},"modified":"2025-09-03T16:20:15","modified_gmt":"2025-09-03T14:20:15","slug":"pollution-du-mouzon-forte-mortalite-piscicole-entre-sommerecourt-et-neufchateau","status":"publish","type":"post","link":"https:\/\/vosgesinfo.fr\/epinalinfo\/2025\/09\/pollution-du-mouzon-forte-mortalite-piscicole-entre-sommerecourt-et-neufchateau\/","title":{"rendered":"Pollution du Mouzon : forte mortalit\u00e9 piscicole entre Sommer\u00e9court et Neufch\u00e2teau"},"content":{"rendered":"<div id=\"attachment_134924\" style=\"width: 970px\" class=\"wp-caption aligncenter\"><a href=\"https:\/\/vosgesinfo.fr\/app\/uploads\/sites\/3\/2025\/09\/the-creek-775079-960-720.jpg\"><img decoding=\"async\" aria-describedby=\"caption-attachment-134924\" class=\"size-full wp-image-134924\" src=\"https:\/\/vosgesinfo.fr\/app\/uploads\/sites\/3\/2025\/09\/the-creek-775079-960-720.jpg\" alt=\"\" width=\"960\" height=\"641\" srcset=\"https:\/\/vosgesinfo.fr\/app\/uploads\/sites\/3\/2025\/09\/the-creek-775079-960-720.jpg 960w, https:\/\/vosgesinfo.fr\/app\/uploads\/sites\/3\/2025\/09\/the-creek-775079-960-720-300x200.jpg 300w, https:\/\/vosgesinfo.fr\/app\/uploads\/sites\/3\/2025\/09\/the-creek-775079-960-720-768x513.jpg 768w\" sizes=\"(max-width: 960px) 100vw, 960px\" \/><\/a><p id=\"caption-attachment-134924\" class=\"wp-caption-text\">illustration<\/p><\/div>\n<h2 data-start=\"167\" data-end=\"530\"><strong>Une pollution importante du cours d\u2019eau Le Mouzon a \u00e9t\u00e9 constat\u00e9e en fin de semaine derni\u00e8re par les agents de l\u2019Office fran\u00e7ais de la biodiversit\u00e9 (OFB) des Vosges. Entre la commune de Sommer\u00e9court (Haute-Marne) et la confluence avec la Meuse \u00e0 Neufch\u00e2teau (Vosges), une forte mortalit\u00e9 piscicole a \u00e9t\u00e9 observ\u00e9e, avec des centaines de poissons retrouv\u00e9s morts.<\/strong><\/h2>\n<h3 data-start=\"532\" data-end=\"573\">Des mesures de pr\u00e9vention imm\u00e9diates<\/h3>\n<p data-start=\"575\" data-end=\"917\">Face \u00e0 cette situation, la pr\u00e9f\u00e8te des Vosges a pris un arr\u00eat\u00e9 pr\u00e9fectoral interdisant temporairement la p\u00eache ainsi que l\u2019abreuvement des animaux domestiques et d\u2019\u00e9levage. Cette interdiction concerne les communes de Sartes, Pompierre, Circourt-sur-Mouzon et Neufch\u00e2teau. L\u2019objectif est de pr\u00e9venir tout risque sanitaire li\u00e9 \u00e0 la pollution.<\/p>\n<h3 data-start=\"919\" data-end=\"955\">Une enqu\u00eate judiciaire en cours<\/h3>\n<p data-start=\"957\" data-end=\"1342\">Les constats dress\u00e9s par l\u2019OFB ont \u00e9t\u00e9 transmis au procureur de la R\u00e9publique pr\u00e8s le tribunal judiciaire d\u2019\u00c9pinal. Celui-ci a ordonn\u00e9 l\u2019ouverture d\u2019une enqu\u00eate afin de d\u00e9terminer l\u2019origine et la nature de cette pollution. Les services de l\u2019\u00c9tat, mobilis\u00e9s sur le terrain, assurent un suivi rapproch\u00e9 de la situation et se tiennent pr\u00eats \u00e0 prendre de nouvelles mesures si n\u00e9cessaire.<\/p>\n<h3 data-start=\"1344\" data-end=\"1381\">Pas de risque pour l\u2019eau potable<\/h3>\n<p data-start=\"1383\" data-end=\"1684\">La pr\u00e9fecture a tenu \u00e0 rassurer la population : la pollution constat\u00e9e dans le Mouzon n\u2019a pas d\u2019impact sur la consommation d\u2019eau potable. L\u2019ensemble des services concern\u00e9s continue n\u00e9anmoins de travailler en coordination afin de limiter les cons\u00e9quences environnementales de cet \u00e9pisode pr\u00e9occupant.<\/p>\n","protected":false},"excerpt":{"rendered":"<p>Une pollution importante du cours d\u2019eau Le Mouzon a \u00e9t\u00e9 constat\u00e9e en fin de semaine derni\u00e8re par les agents de [&hellip;]<\/p>\n","protected":false},"author":52,"featured_media":134924,"comment_status":"open","ping_status":"open","sticky":false,"template":"","format":"standard","meta":{"footnotes":""},"categories":[22,24,6057,5],"tags":[],"class_list":["post-134923","post","type-post","status-publish","format-standard","has-post-thumbnail","hentry","category-a-la-une","category-epinal","category-la-plaine-des-vosges","category-vosges"],"acf":[],"yoast_head":"<!-- This site is optimized with the Yoast SEO plugin v22.5 - https:\/\/yoast.com\/wordpress\/plugins\/seo\/ -->\n<title>Pollution du Mouzon : forte mortalit\u00e9 piscicole entre Sommer\u00e9court et Neufch\u00e2teau - Epinal Info<\/title>\n<meta name=\"robots\" content=\"index, follow, max-snippet:-1, max-image-preview:large, max-video-preview:-1\" \/>\n<link rel=\"canonical\" href=\"https:\/\/vosgesinfo.fr\/epinalinfo\/2025\/09\/pollution-du-mouzon-forte-mortalite-piscicole-entre-sommerecourt-et-neufchateau\/\" \/>\n<meta name=\"twitter:card\" content=\"summary_large_image\" \/>\n<meta name=\"twitter:title\" content=\"Pollution du Mouzon : forte mortalit\u00e9 piscicole entre Sommer\u00e9court et Neufch\u00e2teau - Epinal Info\" \/>\n<meta name=\"twitter:description\" content=\"Une pollution importante du cours d\u2019eau Le Mouzon a \u00e9t\u00e9 constat\u00e9e en fin de semaine derni\u00e8re par les agents de [&hellip;]\" \/>\n<meta name=\"twitter:image\" content=\"https:\/\/vosgesinfo.fr\/app\/uploads\/sites\/3\/2025\/09\/the-creek-775079-960-720.jpg\" \/>\n<meta name=\"twitter:creator\" content=\"@VosgesInfo88\" \/>\n<meta name=\"twitter:site\" content=\"@VosgesInfo88\" \/>\n<meta name=\"twitter:label1\" content=\"\u00c9crit par\" \/>\n\t<meta name=\"twitter:data1\" content=\"C.K.\" \/>\n\t<meta name=\"twitter:label2\" content=\"Dur\u00e9e de lecture estim\u00e9e\" \/>\n\t<meta name=\"twitter:data2\" content=\"1 minute\" \/>\n<script type=\"application\/ld+json\" class=\"yoast-schema-graph\">{\"@context\":\"https:\/\/schema.org\",\"@graph\":[{\"@type\":\"Article\",\"@id\":\"https:\/\/vosgesinfo.fr\/epinalinfo\/2025\/09\/pollution-du-mouzon-forte-mortalite-piscicole-entre-sommerecourt-et-neufchateau\/#article\",\"isPartOf\":{\"@id\":\"https:\/\/vosgesinfo.fr\/epinalinfo\/2025\/09\/pollution-du-mouzon-forte-mortalite-piscicole-entre-sommerecourt-et-neufchateau\/\"},\"author\":{\"name\":\"C.K.\",\"@id\":\"https:\/\/vosgesinfo.fr\/epinalinfo\/#\/schema\/person\/6f9a650eeea99d969b6c4ab78fccbe81\"},\"headline\":\"Pollution du Mouzon : forte mortalit\u00e9 piscicole entre Sommer\u00e9court et Neufch\u00e2teau\",\"datePublished\":\"2025-09-03T14:22:18+00:00\",\"dateModified\":\"2025-09-03T14:20:15+00:00\",\"mainEntityOfPage\":{\"@id\":\"https:\/\/vosgesinfo.fr\/epinalinfo\/2025\/09\/pollution-du-mouzon-forte-mortalite-piscicole-entre-sommerecourt-et-neufchateau\/\"},\"wordCount\":284,\"commentCount\":0,\"publisher\":{\"@id\":\"https:\/\/vosgesinfo.fr\/epinalinfo\/#organization\"},\"image\":{\"@id\":\"https:\/\/vosgesinfo.fr\/epinalinfo\/2025\/09\/pollution-du-mouzon-forte-mortalite-piscicole-entre-sommerecourt-et-neufchateau\/#primaryimage\"},\"thumbnailUrl\":\"https:\/\/vosgesinfo.fr\/app\/uploads\/sites\/3\/2025\/09\/the-creek-775079-960-720.jpg\",\"articleSection\":[\"A la Une\",\"Epinal\",\"La plaine des vosges\",\"Vosges\"],\"inLanguage\":\"fr-FR\",\"potentialAction\":[{\"@type\":\"CommentAction\",\"name\":\"Comment\",\"target\":[\"https:\/\/vosgesinfo.fr\/epinalinfo\/2025\/09\/pollution-du-mouzon-forte-mortalite-piscicole-entre-sommerecourt-et-neufchateau\/#respond\"]}]},{\"@type\":\"WebPage\",\"@id\":\"https:\/\/vosgesinfo.fr\/epinalinfo\/2025\/09\/pollution-du-mouzon-forte-mortalite-piscicole-entre-sommerecourt-et-neufchateau\/\",\"url\":\"https:\/\/vosgesinfo.fr\/epinalinfo\/2025\/09\/pollution-du-mouzon-forte-mortalite-piscicole-entre-sommerecourt-et-neufchateau\/\",\"name\":\"Pollution du Mouzon : forte mortalit\u00e9 piscicole entre Sommer\u00e9court et Neufch\u00e2teau - Epinal Info\",\"isPartOf\":{\"@id\":\"https:\/\/vosgesinfo.fr\/epinalinfo\/#website\"},\"primaryImageOfPage\":{\"@id\":\"https:\/\/vosgesinfo.fr\/epinalinfo\/2025\/09\/pollution-du-mouzon-forte-mortalite-piscicole-entre-sommerecourt-et-neufchateau\/#primaryimage\"},\"image\":{\"@id\":\"https:\/\/vosgesinfo.fr\/epinalinfo\/2025\/09\/pollution-du-mouzon-forte-mortalite-piscicole-entre-sommerecourt-et-neufchateau\/#primaryimage\"},\"thumbnailUrl\":\"https:\/\/vosgesinfo.fr\/app\/uploads\/sites\/3\/2025\/09\/the-creek-775079-960-720.jpg\",\"datePublished\":\"2025-09-03T14:22:18+00:00\",\"dateModified\":\"2025-09-03T14:20:15+00:00\",\"breadcrumb\":{\"@id\":\"https:\/\/vosgesinfo.fr\/epinalinfo\/2025\/09\/pollution-du-mouzon-forte-mortalite-piscicole-entre-sommerecourt-et-neufchateau\/#breadcrumb\"},\"inLanguage\":\"fr-FR\",\"potentialAction\":[{\"@type\":\"ReadAction\",\"target\":[\"https:\/\/vosgesinfo.fr\/epinalinfo\/2025\/09\/pollution-du-mouzon-forte-mortalite-piscicole-entre-sommerecourt-et-neufchateau\/\"]}]},{\"@type\":\"ImageObject\",\"inLanguage\":\"fr-FR\",\"@id\":\"https:\/\/vosgesinfo.fr\/epinalinfo\/2025\/09\/pollution-du-mouzon-forte-mortalite-piscicole-entre-sommerecourt-et-neufchateau\/#primaryimage\",\"url\":\"https:\/\/vosgesinfo.fr\/app\/uploads\/sites\/3\/2025\/09\/the-creek-775079-960-720.jpg\",\"contentUrl\":\"https:\/\/vosgesinfo.fr\/app\/uploads\/sites\/3\/2025\/09\/the-creek-775079-960-720.jpg\",\"width\":960,\"height\":641,\"caption\":\"illustration\"},{\"@type\":\"BreadcrumbList\",\"@id\":\"https:\/\/vosgesinfo.fr\/epinalinfo\/2025\/09\/pollution-du-mouzon-forte-mortalite-piscicole-entre-sommerecourt-et-neufchateau\/#breadcrumb\",\"itemListElement\":[{\"@type\":\"ListItem\",\"position\":1,\"name\":\"Home\",\"item\":\"https:\/\/vosgesinfo.fr\/epinalinfo\/\"},{\"@type\":\"ListItem\",\"position\":2,\"name\":\"Pollution du Mouzon : forte mortalit\u00e9 piscicole entre Sommer\u00e9court et Neufch\u00e2teau\"}]},{\"@type\":\"WebSite\",\"@id\":\"https:\/\/vosgesinfo.fr\/epinalinfo\/#website\",\"url\":\"https:\/\/vosgesinfo.fr\/epinalinfo\/\",\"name\":\"Epinal Info\",\"description\":\"Toute l&#039;actualit\u00e9 d&#039;\u00c9pinal\",\"publisher\":{\"@id\":\"https:\/\/vosgesinfo.fr\/epinalinfo\/#organization\"},\"alternateName\":\"Toute l'actualit\u00e9 d'\u00c9pinal\",\"potentialAction\":[{\"@type\":\"SearchAction\",\"target\":{\"@type\":\"EntryPoint\",\"urlTemplate\":\"https:\/\/vosgesinfo.fr\/epinalinfo\/?s={search_term_string}\"},\"query-input\":\"required name=search_term_string\"}],\"inLanguage\":\"fr-FR\"},{\"@type\":\"Organization\",\"@id\":\"https:\/\/vosgesinfo.fr\/epinalinfo\/#organization\",\"name\":\"Epinal Info\",\"url\":\"https:\/\/vosgesinfo.fr\/epinalinfo\/\",\"logo\":{\"@type\":\"ImageObject\",\"inLanguage\":\"fr-FR\",\"@id\":\"https:\/\/vosgesinfo.fr\/epinalinfo\/#\/schema\/logo\/image\/\",\"url\":\"https:\/\/vosgesinfo.fr\/app\/uploads\/sites\/3\/2023\/08\/logo-epinalinfos.svg\",\"contentUrl\":\"https:\/\/vosgesinfo.fr\/app\/uploads\/sites\/3\/2023\/08\/logo-epinalinfos.svg\",\"width\":1,\"height\":1,\"caption\":\"Epinal Info\"},\"image\":{\"@id\":\"https:\/\/vosgesinfo.fr\/epinalinfo\/#\/schema\/logo\/image\/\"},\"sameAs\":[\"https:\/\/www.facebook.com\/Epinalinfos\",\"https:\/\/x.com\/VosgesInfo88\",\"https:\/\/www.youtube.com\/@vosgesinfo\"]},{\"@type\":\"Person\",\"@id\":\"https:\/\/vosgesinfo.fr\/epinalinfo\/#\/schema\/person\/6f9a650eeea99d969b6c4ab78fccbe81\",\"name\":\"C.K.\",\"image\":{\"@type\":\"ImageObject\",\"inLanguage\":\"fr-FR\",\"@id\":\"https:\/\/vosgesinfo.fr\/epinalinfo\/#\/schema\/person\/image\/\",\"url\":\"https:\/\/secure.gravatar.com\/avatar\/48e3fc7f8421ba8942be6b74a2b7f014ca39bc00dece156b7a8e098ae7dc87bf?s=96&d=mm&r=g\",\"contentUrl\":\"https:\/\/secure.gravatar.com\/avatar\/48e3fc7f8421ba8942be6b74a2b7f014ca39bc00dece156b7a8e098ae7dc87bf?s=96&d=mm&r=g\",\"caption\":\"C.K.\"},\"url\":\"https:\/\/vosgesinfo.fr\/epinalinfo\/author\/celia-k-n\/\"}]}<\/script>\n<!-- \/ Yoast SEO plugin. -->","yoast_head_json":{"title":"Pollution du Mouzon : forte mortalit\u00e9 piscicole entre Sommer\u00e9court et Neufch\u00e2teau - Epinal Info","robots":{"index":"index","follow":"follow","max-snippet":"max-snippet:-1","max-image-preview":"max-image-preview:large","max-video-preview":"max-video-preview:-1"},"canonical":"https:\/\/vosgesinfo.fr\/epinalinfo\/2025\/09\/pollution-du-mouzon-forte-mortalite-piscicole-entre-sommerecourt-et-neufchateau\/","twitter_card":"summary_large_image","twitter_title":"Pollution du Mouzon : forte mortalit\u00e9 piscicole entre Sommer\u00e9court et Neufch\u00e2teau - Epinal Info","twitter_description":"Une pollution importante du cours d\u2019eau Le Mouzon a \u00e9t\u00e9 constat\u00e9e en fin de semaine derni\u00e8re par les agents de [&hellip;]","twitter_image":"https:\/\/vosgesinfo.fr\/app\/uploads\/sites\/3\/2025\/09\/the-creek-775079-960-720.jpg","twitter_creator":"@VosgesInfo88","twitter_site":"@VosgesInfo88","twitter_misc":{"\u00c9crit par":"C.K.","Dur\u00e9e de lecture estim\u00e9e":"1 minute"},"schema":{"@context":"https:\/\/schema.org","@graph":[{"@type":"Article","@id":"https:\/\/vosgesinfo.fr\/epinalinfo\/2025\/09\/pollution-du-mouzon-forte-mortalite-piscicole-entre-sommerecourt-et-neufchateau\/#article","isPartOf":{"@id":"https:\/\/vosgesinfo.fr\/epinalinfo\/2025\/09\/pollution-du-mouzon-forte-mortalite-piscicole-entre-sommerecourt-et-neufchateau\/"},"author":{"name":"C.K.","@id":"https:\/\/vosgesinfo.fr\/epinalinfo\/#\/schema\/person\/6f9a650eeea99d969b6c4ab78fccbe81"},"headline":"Pollution du Mouzon : forte mortalit\u00e9 piscicole entre Sommer\u00e9court et Neufch\u00e2teau","datePublished":"2025-09-03T14:22:18+00:00","dateModified":"2025-09-03T14:20:15+00:00","mainEntityOfPage":{"@id":"https:\/\/vosgesinfo.fr\/epinalinfo\/2025\/09\/pollution-du-mouzon-forte-mortalite-piscicole-entre-sommerecourt-et-neufchateau\/"},"wordCount":284,"commentCount":0,"publisher":{"@id":"https:\/\/vosgesinfo.fr\/epinalinfo\/#organization"},"image":{"@id":"https:\/\/vosgesinfo.fr\/epinalinfo\/2025\/09\/pollution-du-mouzon-forte-mortalite-piscicole-entre-sommerecourt-et-neufchateau\/#primaryimage"},"thumbnailUrl":"https:\/\/vosgesinfo.fr\/app\/uploads\/sites\/3\/2025\/09\/the-creek-775079-960-720.jpg","articleSection":["A la Une","Epinal","La plaine des vosges","Vosges"],"inLanguage":"fr-FR","potentialAction":[{"@type":"CommentAction","name":"Comment","target":["https:\/\/vosgesinfo.fr\/epinalinfo\/2025\/09\/pollution-du-mouzon-forte-mortalite-piscicole-entre-sommerecourt-et-neufchateau\/#respond"]}]},{"@type":"WebPage","@id":"https:\/\/vosgesinfo.fr\/epinalinfo\/2025\/09\/pollution-du-mouzon-forte-mortalite-piscicole-entre-sommerecourt-et-neufchateau\/","url":"https:\/\/vosgesinfo.fr\/epinalinfo\/2025\/09\/pollution-du-mouzon-forte-mortalite-piscicole-entre-sommerecourt-et-neufchateau\/","name":"Pollution du Mouzon : forte mortalit\u00e9 piscicole entre Sommer\u00e9court et Neufch\u00e2teau - Epinal Info","isPartOf":{"@id":"https:\/\/vosgesinfo.fr\/epinalinfo\/#website"},"primaryImageOfPage":{"@id":"https:\/\/vosgesinfo.fr\/epinalinfo\/2025\/09\/pollution-du-mouzon-forte-mortalite-piscicole-entre-sommerecourt-et-neufchateau\/#primaryimage"},"image":{"@id":"https:\/\/vosgesinfo.fr\/epinalinfo\/2025\/09\/pollution-du-mouzon-forte-mortalite-piscicole-entre-sommerecourt-et-neufchateau\/#primaryimage"},"thumbnailUrl":"https:\/\/vosgesinfo.fr\/app\/uploads\/sites\/3\/2025\/09\/the-creek-775079-960-720.jpg","datePublished":"2025-09-03T14:22:18+00:00","dateModified":"2025-09-03T14:20:15+00:00","breadcrumb":{"@id":"https:\/\/vosgesinfo.fr\/epinalinfo\/2025\/09\/pollution-du-mouzon-forte-mortalite-piscicole-entre-sommerecourt-et-neufchateau\/#breadcrumb"},"inLanguage":"fr-FR","potentialAction":[{"@type":"ReadAction","target":["https:\/\/vosgesinfo.fr\/epinalinfo\/2025\/09\/pollution-du-mouzon-forte-mortalite-piscicole-entre-sommerecourt-et-neufchateau\/"]}]},{"@type":"ImageObject","inLanguage":"fr-FR","@id":"https:\/\/vosgesinfo.fr\/epinalinfo\/2025\/09\/pollution-du-mouzon-forte-mortalite-piscicole-entre-sommerecourt-et-neufchateau\/#primaryimage","url":"https:\/\/vosgesinfo.fr\/app\/uploads\/sites\/3\/2025\/09\/the-creek-775079-960-720.jpg","contentUrl":"https:\/\/vosgesinfo.fr\/app\/uploads\/sites\/3\/2025\/09\/the-creek-775079-960-720.jpg","width":960,"height":641,"caption":"illustration"},{"@type":"BreadcrumbList","@id":"https:\/\/vosgesinfo.fr\/epinalinfo\/2025\/09\/pollution-du-mouzon-forte-mortalite-piscicole-entre-sommerecourt-et-neufchateau\/#breadcrumb","itemListElement":[{"@type":"ListItem","position":1,"name":"Home","item":"https:\/\/vosgesinfo.fr\/epinalinfo\/"},{"@type":"ListItem","position":2,"name":"Pollution du Mouzon : forte mortalit\u00e9 piscicole entre Sommer\u00e9court et Neufch\u00e2teau"}]},{"@type":"WebSite","@id":"https:\/\/vosgesinfo.fr\/epinalinfo\/#website","url":"https:\/\/vosgesinfo.fr\/epinalinfo\/","name":"Epinal Info","description":"Toute l&#039;actualit\u00e9 d&#039;\u00c9pinal","publisher":{"@id":"https:\/\/vosgesinfo.fr\/epinalinfo\/#organization"},"alternateName":"Toute l'actualit\u00e9 d'\u00c9pinal","potentialAction":[{"@type":"SearchAction","target":{"@type":"EntryPoint","urlTemplate":"https:\/\/vosgesinfo.fr\/epinalinfo\/?s={search_term_string}"},"query-input":"required name=search_term_string"}],"inLanguage":"fr-FR"},{"@type":"Organization","@id":"https:\/\/vosgesinfo.fr\/epinalinfo\/#organization","name":"Epinal Info","url":"https:\/\/vosgesinfo.fr\/epinalinfo\/","logo":{"@type":"ImageObject","inLanguage":"fr-FR","@id":"https:\/\/vosgesinfo.fr\/epinalinfo\/#\/schema\/logo\/image\/","url":"https:\/\/vosgesinfo.fr\/app\/uploads\/sites\/3\/2023\/08\/logo-epinalinfos.svg","contentUrl":"https:\/\/vosgesinfo.fr\/app\/uploads\/sites\/3\/2023\/08\/logo-epinalinfos.svg","width":1,"height":1,"caption":"Epinal Info"},"image":{"@id":"https:\/\/vosgesinfo.fr\/epinalinfo\/#\/schema\/logo\/image\/"},"sameAs":["https:\/\/www.facebook.com\/Epinalinfos","https:\/\/x.com\/VosgesInfo88","https:\/\/www.youtube.com\/@vosgesinfo"]},{"@type":"Person","@id":"https:\/\/vosgesinfo.fr\/epinalinfo\/#\/schema\/person\/6f9a650eeea99d969b6c4ab78fccbe81","name":"C.K.","image":{"@type":"ImageObject","inLanguage":"fr-FR","@id":"https:\/\/vosgesinfo.fr\/epinalinfo\/#\/schema\/person\/image\/","url":"https:\/\/secure.gravatar.com\/avatar\/48e3fc7f8421ba8942be6b74a2b7f014ca39bc00dece156b7a8e098ae7dc87bf?s=96&d=mm&r=g","contentUrl":"https:\/\/secure.gravatar.com\/avatar\/48e3fc7f8421ba8942be6b74a2b7f014ca39bc00dece156b7a8e098ae7dc87bf?s=96&d=mm&r=g","caption":"C.K."},"url":"https:\/\/vosgesinfo.fr\/epinalinfo\/author\/celia-k-n\/"}]}},"_links":{"self":[{"href":"https:\/\/vosgesinfo.fr\/epinalinfo\/wp-json\/wp\/v2\/posts\/134923","targetHints":{"allow":["GET"]}}],"collection":[{"href":"https:\/\/vosgesinfo.fr\/epinalinfo\/wp-json\/wp\/v2\/posts"}],"about":[{"href":"https:\/\/vosgesinfo.fr\/epinalinfo\/wp-json\/wp\/v2\/types\/post"}],"author":[{"embeddable":true,"href":"https:\/\/vosgesinfo.fr\/epinalinfo\/wp-json\/wp\/v2\/users\/52"}],"replies":[{"embeddable":true,"href":"https:\/\/vosgesinfo.fr\/epinalinfo\/wp-json\/wp\/v2\/comments?post=134923"}],"version-history":[{"count":1,"href":"https:\/\/vosgesinfo.fr\/epinalinfo\/wp-json\/wp\/v2\/posts\/134923\/revisions"}],"predecessor-version":[{"id":134925,"href":"https:\/\/vosgesinfo.fr\/epinalinfo\/wp-json\/wp\/v2\/posts\/134923\/revisions\/134925"}],"wp:featuredmedia":[{"embeddable":true,"href":"https:\/\/vosgesinfo.fr\/epinalinfo\/wp-json\/wp\/v2\/media\/134924"}],"wp:attachment":[{"href":"https:\/\/vosgesinfo.fr\/epinalinfo\/wp-json\/wp\/v2\/media?parent=134923"}],"wp:term":[{"taxonomy":"category","embeddable":true,"href":"https:\/\/vosgesinfo.fr\/epinalinfo\/wp-json\/wp\/v2\/categories?post=134923"},{"taxonomy":"post_tag","embeddable":true,"href":"https:\/\/vosgesinfo.fr\/epinalinfo\/wp-json\/wp\/v2\/tags?post=134923"}],"curies":[{"name":"wp","href":"https:\/\/api.w.org\/{rel}","templated":true}]}}