{"id":134928,"date":"2025-09-03T18:40:32","date_gmt":"2025-09-03T16:40:32","guid":{"rendered":"https:\/\/vosgesinfo.fr\/epinalinfo\/?p=134928"},"modified":"2025-09-03T18:36:07","modified_gmt":"2025-09-03T16:36:07","slug":"liquidation-judiciaire-des-ambulances-abc-et-abw-25-salaries-fixes-sur-leur-avenir-a-thaon","status":"publish","type":"post","link":"https:\/\/vosgesinfo.fr\/epinalinfo\/2025\/09\/liquidation-judiciaire-des-ambulances-abc-et-abw-25-salaries-fixes-sur-leur-avenir-a-thaon\/","title":{"rendered":"Liquidation judiciaire des ambulances ABC et ABW : 25 salari\u00e9s fix\u00e9s sur leur avenir \u00e0 Thaon"},"content":{"rendered":"<h2 data-start=\"161\" data-end=\"447\"><strong><a href=\"https:\/\/vosgesinfo.fr\/app\/uploads\/sites\/3\/2025\/09\/thumbnail-img-20250903-182548.jpg\"><img decoding=\"async\" class=\"aligncenter size-full wp-image-134929\" src=\"https:\/\/vosgesinfo.fr\/app\/uploads\/sites\/3\/2025\/09\/thumbnail-img-20250903-182548.jpg\" alt=\"\" width=\"799\" height=\"599\" srcset=\"https:\/\/vosgesinfo.fr\/app\/uploads\/sites\/3\/2025\/09\/thumbnail-img-20250903-182548.jpg 799w, https:\/\/vosgesinfo.fr\/app\/uploads\/sites\/3\/2025\/09\/thumbnail-img-20250903-182548-300x225.jpg 300w, https:\/\/vosgesinfo.fr\/app\/uploads\/sites\/3\/2025\/09\/thumbnail-img-20250903-182548-768x576.jpg 768w\" sizes=\"(max-width: 799px) 100vw, 799px\" \/><\/a>R\u00e9unis mardi au si\u00e8ge de la holding M\u00e9di3F, \u00e0 Thaon, les 25 salari\u00e9s des ambulances ABC de Bruy\u00e8res et ABW de Lerrain ont appris officiellement la mise en liquidation judiciaire de leurs soci\u00e9t\u00e9s. Une d\u00e9cision attendue, mais qui marque une \u00e9tape difficile pour les \u00e9quipes concern\u00e9es.<\/strong><\/h2>\n<p data-start=\"449\" data-end=\"948\">Ma\u00eetre Voinot, charg\u00e9 du dossier, a pr\u00e9sent\u00e9 les suites de la proc\u00e9dure. \u00c9tant donn\u00e9 que ces soci\u00e9t\u00e9s appartiennent \u00e0 une unit\u00e9 \u00e9conomique et sociale (UES) de plus de 50 salari\u00e9s, un plan de sauvegarde de l\u2019emploi (PSE) doit \u00eatre instaur\u00e9. La premi\u00e8re r\u00e9union du comit\u00e9 social et \u00e9conomique (CSE) se tiendra le lundi 8 septembre \u00e0 11 heures, au si\u00e8ge de M\u00e9di3F. Dans l\u2019apr\u00e8s-midi, une rencontre est \u00e9galement pr\u00e9vue avec France Travail afin d\u2019accompagner chaque salari\u00e9 dans ses d\u00e9marches.<\/p>\n<p data-start=\"950\" data-end=\"1362\">Si la liquidation est d\u00e9sormais act\u00e9e, l\u2019espoir d\u2019une reprise subsiste : plusieurs repreneurs ont d\u00e9j\u00e0 manifest\u00e9 leur int\u00e9r\u00eat. De son c\u00f4t\u00e9, le maire de Bruy\u00e8res, Ludovic Durain, est venu assurer les salari\u00e9s de son soutien. Il a promis d\u2019apporter toutes les ressources possibles, y compris logistiques, pour faciliter la recherche d\u2019un nouvel exploitant et tenter de pr\u00e9server l\u2019activit\u00e9 sur le territoire.<\/p>\n\n\t\t<style type=\"text\/css\">\n\t\t\t#gallery-1 {\n\t\t\t\tmargin: auto;\n\t\t\t}\n\t\t\t#gallery-1 .gallery-item {\n\t\t\t\tfloat: left;\n\t\t\t\tmargin-top: 10px;\n\t\t\t\ttext-align: center;\n\t\t\t\twidth: 33%;\n\t\t\t}\n\t\t\t#gallery-1 img {\n\t\t\t\tborder: 2px solid #cfcfcf;\n\t\t\t}\n\t\t\t#gallery-1 .gallery-caption {\n\t\t\t\tmargin-left: 0;\n\t\t\t}\n\t\t\t\/* see gallery_shortcode() in wp-includes\/media.php *\/\n\t\t<\/style>\n\t\t<div id='gallery-1' class='gallery galleryid-134928 gallery-columns-3 gallery-size-large'><dl class='gallery-item'>\n\t\t\t<dt class='gallery-icon landscape'>\n\t\t\t\t<a href='https:\/\/vosgesinfo.fr\/app\/uploads\/sites\/3\/2025\/09\/thumbnail-img-20250903-182558.jpg'><img decoding=\"async\" width=\"799\" height=\"599\" src=\"https:\/\/vosgesinfo.fr\/app\/uploads\/sites\/3\/2025\/09\/thumbnail-img-20250903-182558.jpg\" class=\"attachment-large size-large\" alt=\"\" srcset=\"https:\/\/vosgesinfo.fr\/app\/uploads\/sites\/3\/2025\/09\/thumbnail-img-20250903-182558.jpg 799w, https:\/\/vosgesinfo.fr\/app\/uploads\/sites\/3\/2025\/09\/thumbnail-img-20250903-182558-300x225.jpg 300w, https:\/\/vosgesinfo.fr\/app\/uploads\/sites\/3\/2025\/09\/thumbnail-img-20250903-182558-768x576.jpg 768w\" sizes=\"(max-width: 799px) 100vw, 799px\" \/><\/a>\n\t\t\t<\/dt><\/dl><dl class='gallery-item'>\n\t\t\t<dt class='gallery-icon landscape'>\n\t\t\t\t<a href='https:\/\/vosgesinfo.fr\/app\/uploads\/sites\/3\/2025\/09\/thumbnail-img-20250903-182546.jpg'><img decoding=\"async\" width=\"799\" height=\"599\" src=\"https:\/\/vosgesinfo.fr\/app\/uploads\/sites\/3\/2025\/09\/thumbnail-img-20250903-182546.jpg\" class=\"attachment-large size-large\" alt=\"\" srcset=\"https:\/\/vosgesinfo.fr\/app\/uploads\/sites\/3\/2025\/09\/thumbnail-img-20250903-182546.jpg 799w, https:\/\/vosgesinfo.fr\/app\/uploads\/sites\/3\/2025\/09\/thumbnail-img-20250903-182546-300x225.jpg 300w, https:\/\/vosgesinfo.fr\/app\/uploads\/sites\/3\/2025\/09\/thumbnail-img-20250903-182546-768x576.jpg 768w\" sizes=\"(max-width: 799px) 100vw, 799px\" \/><\/a>\n\t\t\t<\/dt><\/dl><dl class='gallery-item'>\n\t\t\t<dt class='gallery-icon landscape'>\n\t\t\t\t<a href='https:\/\/vosgesinfo.fr\/app\/uploads\/sites\/3\/2025\/09\/thumbnail-img-20250903-182547.jpg'><img decoding=\"async\" width=\"799\" height=\"599\" src=\"https:\/\/vosgesinfo.fr\/app\/uploads\/sites\/3\/2025\/09\/thumbnail-img-20250903-182547.jpg\" class=\"attachment-large size-large\" alt=\"\" srcset=\"https:\/\/vosgesinfo.fr\/app\/uploads\/sites\/3\/2025\/09\/thumbnail-img-20250903-182547.jpg 799w, https:\/\/vosgesinfo.fr\/app\/uploads\/sites\/3\/2025\/09\/thumbnail-img-20250903-182547-300x225.jpg 300w, https:\/\/vosgesinfo.fr\/app\/uploads\/sites\/3\/2025\/09\/thumbnail-img-20250903-182547-768x576.jpg 768w\" sizes=\"(max-width: 799px) 100vw, 799px\" \/><\/a>\n\t\t\t<\/dt><\/dl><br style=\"clear: both\" \/><dl class='gallery-item'>\n\t\t\t<dt class='gallery-icon landscape'>\n\t\t\t\t<a href='https:\/\/vosgesinfo.fr\/app\/uploads\/sites\/3\/2025\/09\/thumbnail-img-20250903-182548-1.jpg'><img decoding=\"async\" width=\"799\" height=\"599\" src=\"https:\/\/vosgesinfo.fr\/app\/uploads\/sites\/3\/2025\/09\/thumbnail-img-20250903-182548-1.jpg\" class=\"attachment-large size-large\" alt=\"\" srcset=\"https:\/\/vosgesinfo.fr\/app\/uploads\/sites\/3\/2025\/09\/thumbnail-img-20250903-182548-1.jpg 799w, https:\/\/vosgesinfo.fr\/app\/uploads\/sites\/3\/2025\/09\/thumbnail-img-20250903-182548-1-300x225.jpg 300w, https:\/\/vosgesinfo.fr\/app\/uploads\/sites\/3\/2025\/09\/thumbnail-img-20250903-182548-1-768x576.jpg 768w\" sizes=\"(max-width: 799px) 100vw, 799px\" \/><\/a>\n\t\t\t<\/dt><\/dl><dl class='gallery-item'>\n\t\t\t<dt class='gallery-icon landscape'>\n\t\t\t\t<a href='https:\/\/vosgesinfo.fr\/app\/uploads\/sites\/3\/2025\/09\/thumbnail-img-20250903-182550.jpg'><img decoding=\"async\" width=\"1024\" height=\"768\" src=\"https:\/\/vosgesinfo.fr\/app\/uploads\/sites\/3\/2025\/09\/thumbnail-img-20250903-182550-1024x768.jpg\" class=\"attachment-large size-large\" alt=\"\" srcset=\"https:\/\/vosgesinfo.fr\/app\/uploads\/sites\/3\/2025\/09\/thumbnail-img-20250903-182550-1024x768.jpg 1024w, https:\/\/vosgesinfo.fr\/app\/uploads\/sites\/3\/2025\/09\/thumbnail-img-20250903-182550-300x225.jpg 300w, https:\/\/vosgesinfo.fr\/app\/uploads\/sites\/3\/2025\/09\/thumbnail-img-20250903-182550-768x576.jpg 768w, https:\/\/vosgesinfo.fr\/app\/uploads\/sites\/3\/2025\/09\/thumbnail-img-20250903-182550.jpg 1131w\" sizes=\"(max-width: 1024px) 100vw, 1024px\" \/><\/a>\n\t\t\t<\/dt><\/dl><dl class='gallery-item'>\n\t\t\t<dt class='gallery-icon landscape'>\n\t\t\t\t<a href='https:\/\/vosgesinfo.fr\/app\/uploads\/sites\/3\/2025\/09\/thumbnail-img-20250903-182556.jpg'><img decoding=\"async\" width=\"1024\" height=\"768\" src=\"https:\/\/vosgesinfo.fr\/app\/uploads\/sites\/3\/2025\/09\/thumbnail-img-20250903-182556-1024x768.jpg\" class=\"attachment-large size-large\" alt=\"\" srcset=\"https:\/\/vosgesinfo.fr\/app\/uploads\/sites\/3\/2025\/09\/thumbnail-img-20250903-182556-1024x768.jpg 1024w, https:\/\/vosgesinfo.fr\/app\/uploads\/sites\/3\/2025\/09\/thumbnail-img-20250903-182556-300x225.jpg 300w, https:\/\/vosgesinfo.fr\/app\/uploads\/sites\/3\/2025\/09\/thumbnail-img-20250903-182556-768x576.jpg 768w, https:\/\/vosgesinfo.fr\/app\/uploads\/sites\/3\/2025\/09\/thumbnail-img-20250903-182556.jpg 1131w\" sizes=\"(max-width: 1024px) 100vw, 1024px\" \/><\/a>\n\t\t\t<\/dt><\/dl><br style=\"clear: both\" \/>\n\t\t<\/div>\n\n","protected":false},"excerpt":{"rendered":"<p>R\u00e9unis mardi au si\u00e8ge de la holding M\u00e9di3F, \u00e0 Thaon, les 25 salari\u00e9s des ambulances ABC de Bruy\u00e8res et ABW [&hellip;]<\/p>\n","protected":false},"author":52,"featured_media":134929,"comment_status":"open","ping_status":"open","sticky":false,"template":"","format":"standard","meta":{"footnotes":""},"categories":[22,60,24,6057,162,5],"tags":[],"class_list":["post-134928","post","type-post","status-publish","format-standard","has-post-thumbnail","hentry","category-a-la-une","category-bruyeres","category-epinal","category-la-plaine-des-vosges","category-social","category-vosges"],"acf":[],"yoast_head":"<!-- This site is optimized with the Yoast SEO plugin v22.5 - https:\/\/yoast.com\/wordpress\/plugins\/seo\/ -->\n<title>Liquidation judiciaire des ambulances ABC et ABW : 25 salari\u00e9s fix\u00e9s sur leur avenir \u00e0 Thaon - Epinal Info<\/title>\n<meta name=\"robots\" content=\"index, follow, max-snippet:-1, max-image-preview:large, max-video-preview:-1\" \/>\n<link rel=\"canonical\" href=\"https:\/\/vosgesinfo.fr\/epinalinfo\/2025\/09\/liquidation-judiciaire-des-ambulances-abc-et-abw-25-salaries-fixes-sur-leur-avenir-a-thaon\/\" \/>\n<meta name=\"twitter:card\" content=\"summary_large_image\" \/>\n<meta name=\"twitter:title\" content=\"Liquidation judiciaire des ambulances ABC et ABW : 25 salari\u00e9s fix\u00e9s sur leur avenir \u00e0 Thaon - Epinal Info\" \/>\n<meta name=\"twitter:description\" content=\"R\u00e9unis mardi au si\u00e8ge de la holding M\u00e9di3F, \u00e0 Thaon, les 25 salari\u00e9s des ambulances ABC de Bruy\u00e8res et ABW [&hellip;]\" \/>\n<meta name=\"twitter:image\" content=\"https:\/\/vosgesinfo.fr\/app\/uploads\/sites\/3\/2025\/09\/thumbnail-img-20250903-182548.jpg\" \/>\n<meta name=\"twitter:creator\" content=\"@VosgesInfo88\" \/>\n<meta name=\"twitter:site\" content=\"@VosgesInfo88\" \/>\n<meta name=\"twitter:label1\" content=\"\u00c9crit par\" \/>\n\t<meta name=\"twitter:data1\" content=\"C.K.\" \/>\n\t<meta name=\"twitter:label2\" content=\"Dur\u00e9e de lecture estim\u00e9e\" \/>\n\t<meta name=\"twitter:data2\" content=\"1 minute\" \/>\n<script type=\"application\/ld+json\" class=\"yoast-schema-graph\">{\"@context\":\"https:\/\/schema.org\",\"@graph\":[{\"@type\":\"Article\",\"@id\":\"https:\/\/vosgesinfo.fr\/epinalinfo\/2025\/09\/liquidation-judiciaire-des-ambulances-abc-et-abw-25-salaries-fixes-sur-leur-avenir-a-thaon\/#article\",\"isPartOf\":{\"@id\":\"https:\/\/vosgesinfo.fr\/epinalinfo\/2025\/09\/liquidation-judiciaire-des-ambulances-abc-et-abw-25-salaries-fixes-sur-leur-avenir-a-thaon\/\"},\"author\":{\"name\":\"C.K.\",\"@id\":\"https:\/\/vosgesinfo.fr\/epinalinfo\/#\/schema\/person\/6f9a650eeea99d969b6c4ab78fccbe81\"},\"headline\":\"Liquidation judiciaire des ambulances ABC et ABW : 25 salari\u00e9s fix\u00e9s sur leur avenir \u00e0 Thaon\",\"datePublished\":\"2025-09-03T16:40:32+00:00\",\"dateModified\":\"2025-09-03T16:36:07+00:00\",\"mainEntityOfPage\":{\"@id\":\"https:\/\/vosgesinfo.fr\/epinalinfo\/2025\/09\/liquidation-judiciaire-des-ambulances-abc-et-abw-25-salaries-fixes-sur-leur-avenir-a-thaon\/\"},\"wordCount\":240,\"commentCount\":0,\"publisher\":{\"@id\":\"https:\/\/vosgesinfo.fr\/epinalinfo\/#organization\"},\"image\":{\"@id\":\"https:\/\/vosgesinfo.fr\/epinalinfo\/2025\/09\/liquidation-judiciaire-des-ambulances-abc-et-abw-25-salaries-fixes-sur-leur-avenir-a-thaon\/#primaryimage\"},\"thumbnailUrl\":\"https:\/\/vosgesinfo.fr\/app\/uploads\/sites\/3\/2025\/09\/thumbnail-img-20250903-182548.jpg\",\"articleSection\":[\"A la Une\",\"Bruy\u00e8res\",\"Epinal\",\"La plaine des vosges\",\"Social\",\"Vosges\"],\"inLanguage\":\"fr-FR\",\"potentialAction\":[{\"@type\":\"CommentAction\",\"name\":\"Comment\",\"target\":[\"https:\/\/vosgesinfo.fr\/epinalinfo\/2025\/09\/liquidation-judiciaire-des-ambulances-abc-et-abw-25-salaries-fixes-sur-leur-avenir-a-thaon\/#respond\"]}]},{\"@type\":\"WebPage\",\"@id\":\"https:\/\/vosgesinfo.fr\/epinalinfo\/2025\/09\/liquidation-judiciaire-des-ambulances-abc-et-abw-25-salaries-fixes-sur-leur-avenir-a-thaon\/\",\"url\":\"https:\/\/vosgesinfo.fr\/epinalinfo\/2025\/09\/liquidation-judiciaire-des-ambulances-abc-et-abw-25-salaries-fixes-sur-leur-avenir-a-thaon\/\",\"name\":\"Liquidation judiciaire des ambulances ABC et ABW : 25 salari\u00e9s fix\u00e9s sur leur avenir \u00e0 Thaon - Epinal Info\",\"isPartOf\":{\"@id\":\"https:\/\/vosgesinfo.fr\/epinalinfo\/#website\"},\"primaryImageOfPage\":{\"@id\":\"https:\/\/vosgesinfo.fr\/epinalinfo\/2025\/09\/liquidation-judiciaire-des-ambulances-abc-et-abw-25-salaries-fixes-sur-leur-avenir-a-thaon\/#primaryimage\"},\"image\":{\"@id\":\"https:\/\/vosgesinfo.fr\/epinalinfo\/2025\/09\/liquidation-judiciaire-des-ambulances-abc-et-abw-25-salaries-fixes-sur-leur-avenir-a-thaon\/#primaryimage\"},\"thumbnailUrl\":\"https:\/\/vosgesinfo.fr\/app\/uploads\/sites\/3\/2025\/09\/thumbnail-img-20250903-182548.jpg\",\"datePublished\":\"2025-09-03T16:40:32+00:00\",\"dateModified\":\"2025-09-03T16:36:07+00:00\",\"breadcrumb\":{\"@id\":\"https:\/\/vosgesinfo.fr\/epinalinfo\/2025\/09\/liquidation-judiciaire-des-ambulances-abc-et-abw-25-salaries-fixes-sur-leur-avenir-a-thaon\/#breadcrumb\"},\"inLanguage\":\"fr-FR\",\"potentialAction\":[{\"@type\":\"ReadAction\",\"target\":[\"https:\/\/vosgesinfo.fr\/epinalinfo\/2025\/09\/liquidation-judiciaire-des-ambulances-abc-et-abw-25-salaries-fixes-sur-leur-avenir-a-thaon\/\"]}]},{\"@type\":\"ImageObject\",\"inLanguage\":\"fr-FR\",\"@id\":\"https:\/\/vosgesinfo.fr\/epinalinfo\/2025\/09\/liquidation-judiciaire-des-ambulances-abc-et-abw-25-salaries-fixes-sur-leur-avenir-a-thaon\/#primaryimage\",\"url\":\"https:\/\/vosgesinfo.fr\/app\/uploads\/sites\/3\/2025\/09\/thumbnail-img-20250903-182548.jpg\",\"contentUrl\":\"https:\/\/vosgesinfo.fr\/app\/uploads\/sites\/3\/2025\/09\/thumbnail-img-20250903-182548.jpg\",\"width\":799,\"height\":599},{\"@type\":\"BreadcrumbList\",\"@id\":\"https:\/\/vosgesinfo.fr\/epinalinfo\/2025\/09\/liquidation-judiciaire-des-ambulances-abc-et-abw-25-salaries-fixes-sur-leur-avenir-a-thaon\/#breadcrumb\",\"itemListElement\":[{\"@type\":\"ListItem\",\"position\":1,\"name\":\"Home\",\"item\":\"https:\/\/vosgesinfo.fr\/epinalinfo\/\"},{\"@type\":\"ListItem\",\"position\":2,\"name\":\"Liquidation judiciaire des ambulances ABC et ABW : 25 salari\u00e9s fix\u00e9s sur leur avenir \u00e0 Thaon\"}]},{\"@type\":\"WebSite\",\"@id\":\"https:\/\/vosgesinfo.fr\/epinalinfo\/#website\",\"url\":\"https:\/\/vosgesinfo.fr\/epinalinfo\/\",\"name\":\"Epinal Info\",\"description\":\"Toute l&#039;actualit\u00e9 d&#039;\u00c9pinal\",\"publisher\":{\"@id\":\"https:\/\/vosgesinfo.fr\/epinalinfo\/#organization\"},\"alternateName\":\"Toute l'actualit\u00e9 d'\u00c9pinal\",\"potentialAction\":[{\"@type\":\"SearchAction\",\"target\":{\"@type\":\"EntryPoint\",\"urlTemplate\":\"https:\/\/vosgesinfo.fr\/epinalinfo\/?s={search_term_string}\"},\"query-input\":\"required name=search_term_string\"}],\"inLanguage\":\"fr-FR\"},{\"@type\":\"Organization\",\"@id\":\"https:\/\/vosgesinfo.fr\/epinalinfo\/#organization\",\"name\":\"Epinal Info\",\"url\":\"https:\/\/vosgesinfo.fr\/epinalinfo\/\",\"logo\":{\"@type\":\"ImageObject\",\"inLanguage\":\"fr-FR\",\"@id\":\"https:\/\/vosgesinfo.fr\/epinalinfo\/#\/schema\/logo\/image\/\",\"url\":\"https:\/\/vosgesinfo.fr\/app\/uploads\/sites\/3\/2023\/08\/logo-epinalinfos.svg\",\"contentUrl\":\"https:\/\/vosgesinfo.fr\/app\/uploads\/sites\/3\/2023\/08\/logo-epinalinfos.svg\",\"width\":1,\"height\":1,\"caption\":\"Epinal Info\"},\"image\":{\"@id\":\"https:\/\/vosgesinfo.fr\/epinalinfo\/#\/schema\/logo\/image\/\"},\"sameAs\":[\"https:\/\/www.facebook.com\/Epinalinfos\",\"https:\/\/x.com\/VosgesInfo88\",\"https:\/\/www.youtube.com\/@vosgesinfo\"]},{\"@type\":\"Person\",\"@id\":\"https:\/\/vosgesinfo.fr\/epinalinfo\/#\/schema\/person\/6f9a650eeea99d969b6c4ab78fccbe81\",\"name\":\"C.K.\",\"image\":{\"@type\":\"ImageObject\",\"inLanguage\":\"fr-FR\",\"@id\":\"https:\/\/vosgesinfo.fr\/epinalinfo\/#\/schema\/person\/image\/\",\"url\":\"https:\/\/secure.gravatar.com\/avatar\/48e3fc7f8421ba8942be6b74a2b7f014ca39bc00dece156b7a8e098ae7dc87bf?s=96&d=mm&r=g\",\"contentUrl\":\"https:\/\/secure.gravatar.com\/avatar\/48e3fc7f8421ba8942be6b74a2b7f014ca39bc00dece156b7a8e098ae7dc87bf?s=96&d=mm&r=g\",\"caption\":\"C.K.\"},\"url\":\"https:\/\/vosgesinfo.fr\/epinalinfo\/author\/celia-k-n\/\"}]}<\/script>\n<!-- \/ Yoast SEO plugin. -->","yoast_head_json":{"title":"Liquidation judiciaire des ambulances ABC et ABW : 25 salari\u00e9s fix\u00e9s sur leur avenir \u00e0 Thaon - Epinal Info","robots":{"index":"index","follow":"follow","max-snippet":"max-snippet:-1","max-image-preview":"max-image-preview:large","max-video-preview":"max-video-preview:-1"},"canonical":"https:\/\/vosgesinfo.fr\/epinalinfo\/2025\/09\/liquidation-judiciaire-des-ambulances-abc-et-abw-25-salaries-fixes-sur-leur-avenir-a-thaon\/","twitter_card":"summary_large_image","twitter_title":"Liquidation judiciaire des ambulances ABC et ABW : 25 salari\u00e9s fix\u00e9s sur leur avenir \u00e0 Thaon - Epinal Info","twitter_description":"R\u00e9unis mardi au si\u00e8ge de la holding M\u00e9di3F, \u00e0 Thaon, les 25 salari\u00e9s des ambulances ABC de Bruy\u00e8res et ABW [&hellip;]","twitter_image":"https:\/\/vosgesinfo.fr\/app\/uploads\/sites\/3\/2025\/09\/thumbnail-img-20250903-182548.jpg","twitter_creator":"@VosgesInfo88","twitter_site":"@VosgesInfo88","twitter_misc":{"\u00c9crit par":"C.K.","Dur\u00e9e de lecture estim\u00e9e":"1 minute"},"schema":{"@context":"https:\/\/schema.org","@graph":[{"@type":"Article","@id":"https:\/\/vosgesinfo.fr\/epinalinfo\/2025\/09\/liquidation-judiciaire-des-ambulances-abc-et-abw-25-salaries-fixes-sur-leur-avenir-a-thaon\/#article","isPartOf":{"@id":"https:\/\/vosgesinfo.fr\/epinalinfo\/2025\/09\/liquidation-judiciaire-des-ambulances-abc-et-abw-25-salaries-fixes-sur-leur-avenir-a-thaon\/"},"author":{"name":"C.K.","@id":"https:\/\/vosgesinfo.fr\/epinalinfo\/#\/schema\/person\/6f9a650eeea99d969b6c4ab78fccbe81"},"headline":"Liquidation judiciaire des ambulances ABC et ABW : 25 salari\u00e9s fix\u00e9s sur leur avenir \u00e0 Thaon","datePublished":"2025-09-03T16:40:32+00:00","dateModified":"2025-09-03T16:36:07+00:00","mainEntityOfPage":{"@id":"https:\/\/vosgesinfo.fr\/epinalinfo\/2025\/09\/liquidation-judiciaire-des-ambulances-abc-et-abw-25-salaries-fixes-sur-leur-avenir-a-thaon\/"},"wordCount":240,"commentCount":0,"publisher":{"@id":"https:\/\/vosgesinfo.fr\/epinalinfo\/#organization"},"image":{"@id":"https:\/\/vosgesinfo.fr\/epinalinfo\/2025\/09\/liquidation-judiciaire-des-ambulances-abc-et-abw-25-salaries-fixes-sur-leur-avenir-a-thaon\/#primaryimage"},"thumbnailUrl":"https:\/\/vosgesinfo.fr\/app\/uploads\/sites\/3\/2025\/09\/thumbnail-img-20250903-182548.jpg","articleSection":["A la Une","Bruy\u00e8res","Epinal","La plaine des vosges","Social","Vosges"],"inLanguage":"fr-FR","potentialAction":[{"@type":"CommentAction","name":"Comment","target":["https:\/\/vosgesinfo.fr\/epinalinfo\/2025\/09\/liquidation-judiciaire-des-ambulances-abc-et-abw-25-salaries-fixes-sur-leur-avenir-a-thaon\/#respond"]}]},{"@type":"WebPage","@id":"https:\/\/vosgesinfo.fr\/epinalinfo\/2025\/09\/liquidation-judiciaire-des-ambulances-abc-et-abw-25-salaries-fixes-sur-leur-avenir-a-thaon\/","url":"https:\/\/vosgesinfo.fr\/epinalinfo\/2025\/09\/liquidation-judiciaire-des-ambulances-abc-et-abw-25-salaries-fixes-sur-leur-avenir-a-thaon\/","name":"Liquidation judiciaire des ambulances ABC et ABW : 25 salari\u00e9s fix\u00e9s sur leur avenir \u00e0 Thaon - Epinal Info","isPartOf":{"@id":"https:\/\/vosgesinfo.fr\/epinalinfo\/#website"},"primaryImageOfPage":{"@id":"https:\/\/vosgesinfo.fr\/epinalinfo\/2025\/09\/liquidation-judiciaire-des-ambulances-abc-et-abw-25-salaries-fixes-sur-leur-avenir-a-thaon\/#primaryimage"},"image":{"@id":"https:\/\/vosgesinfo.fr\/epinalinfo\/2025\/09\/liquidation-judiciaire-des-ambulances-abc-et-abw-25-salaries-fixes-sur-leur-avenir-a-thaon\/#primaryimage"},"thumbnailUrl":"https:\/\/vosgesinfo.fr\/app\/uploads\/sites\/3\/2025\/09\/thumbnail-img-20250903-182548.jpg","datePublished":"2025-09-03T16:40:32+00:00","dateModified":"2025-09-03T16:36:07+00:00","breadcrumb":{"@id":"https:\/\/vosgesinfo.fr\/epinalinfo\/2025\/09\/liquidation-judiciaire-des-ambulances-abc-et-abw-25-salaries-fixes-sur-leur-avenir-a-thaon\/#breadcrumb"},"inLanguage":"fr-FR","potentialAction":[{"@type":"ReadAction","target":["https:\/\/vosgesinfo.fr\/epinalinfo\/2025\/09\/liquidation-judiciaire-des-ambulances-abc-et-abw-25-salaries-fixes-sur-leur-avenir-a-thaon\/"]}]},{"@type":"ImageObject","inLanguage":"fr-FR","@id":"https:\/\/vosgesinfo.fr\/epinalinfo\/2025\/09\/liquidation-judiciaire-des-ambulances-abc-et-abw-25-salaries-fixes-sur-leur-avenir-a-thaon\/#primaryimage","url":"https:\/\/vosgesinfo.fr\/app\/uploads\/sites\/3\/2025\/09\/thumbnail-img-20250903-182548.jpg","contentUrl":"https:\/\/vosgesinfo.fr\/app\/uploads\/sites\/3\/2025\/09\/thumbnail-img-20250903-182548.jpg","width":799,"height":599},{"@type":"BreadcrumbList","@id":"https:\/\/vosgesinfo.fr\/epinalinfo\/2025\/09\/liquidation-judiciaire-des-ambulances-abc-et-abw-25-salaries-fixes-sur-leur-avenir-a-thaon\/#breadcrumb","itemListElement":[{"@type":"ListItem","position":1,"name":"Home","item":"https:\/\/vosgesinfo.fr\/epinalinfo\/"},{"@type":"ListItem","position":2,"name":"Liquidation judiciaire des ambulances ABC et ABW : 25 salari\u00e9s fix\u00e9s sur leur avenir \u00e0 Thaon"}]},{"@type":"WebSite","@id":"https:\/\/vosgesinfo.fr\/epinalinfo\/#website","url":"https:\/\/vosgesinfo.fr\/epinalinfo\/","name":"Epinal Info","description":"Toute l&#039;actualit\u00e9 d&#039;\u00c9pinal","publisher":{"@id":"https:\/\/vosgesinfo.fr\/epinalinfo\/#organization"},"alternateName":"Toute l'actualit\u00e9 d'\u00c9pinal","potentialAction":[{"@type":"SearchAction","target":{"@type":"EntryPoint","urlTemplate":"https:\/\/vosgesinfo.fr\/epinalinfo\/?s={search_term_string}"},"query-input":"required name=search_term_string"}],"inLanguage":"fr-FR"},{"@type":"Organization","@id":"https:\/\/vosgesinfo.fr\/epinalinfo\/#organization","name":"Epinal Info","url":"https:\/\/vosgesinfo.fr\/epinalinfo\/","logo":{"@type":"ImageObject","inLanguage":"fr-FR","@id":"https:\/\/vosgesinfo.fr\/epinalinfo\/#\/schema\/logo\/image\/","url":"https:\/\/vosgesinfo.fr\/app\/uploads\/sites\/3\/2023\/08\/logo-epinalinfos.svg","contentUrl":"https:\/\/vosgesinfo.fr\/app\/uploads\/sites\/3\/2023\/08\/logo-epinalinfos.svg","width":1,"height":1,"caption":"Epinal Info"},"image":{"@id":"https:\/\/vosgesinfo.fr\/epinalinfo\/#\/schema\/logo\/image\/"},"sameAs":["https:\/\/www.facebook.com\/Epinalinfos","https:\/\/x.com\/VosgesInfo88","https:\/\/www.youtube.com\/@vosgesinfo"]},{"@type":"Person","@id":"https:\/\/vosgesinfo.fr\/epinalinfo\/#\/schema\/person\/6f9a650eeea99d969b6c4ab78fccbe81","name":"C.K.","image":{"@type":"ImageObject","inLanguage":"fr-FR","@id":"https:\/\/vosgesinfo.fr\/epinalinfo\/#\/schema\/person\/image\/","url":"https:\/\/secure.gravatar.com\/avatar\/48e3fc7f8421ba8942be6b74a2b7f014ca39bc00dece156b7a8e098ae7dc87bf?s=96&d=mm&r=g","contentUrl":"https:\/\/secure.gravatar.com\/avatar\/48e3fc7f8421ba8942be6b74a2b7f014ca39bc00dece156b7a8e098ae7dc87bf?s=96&d=mm&r=g","caption":"C.K."},"url":"https:\/\/vosgesinfo.fr\/epinalinfo\/author\/celia-k-n\/"}]}},"_links":{"self":[{"href":"https:\/\/vosgesinfo.fr\/epinalinfo\/wp-json\/wp\/v2\/posts\/134928","targetHints":{"allow":["GET"]}}],"collection":[{"href":"https:\/\/vosgesinfo.fr\/epinalinfo\/wp-json\/wp\/v2\/posts"}],"about":[{"href":"https:\/\/vosgesinfo.fr\/epinalinfo\/wp-json\/wp\/v2\/types\/post"}],"author":[{"embeddable":true,"href":"https:\/\/vosgesinfo.fr\/epinalinfo\/wp-json\/wp\/v2\/users\/52"}],"replies":[{"embeddable":true,"href":"https:\/\/vosgesinfo.fr\/epinalinfo\/wp-json\/wp\/v2\/comments?post=134928"}],"version-history":[{"count":1,"href":"https:\/\/vosgesinfo.fr\/epinalinfo\/wp-json\/wp\/v2\/posts\/134928\/revisions"}],"predecessor-version":[{"id":134936,"href":"https:\/\/vosgesinfo.fr\/epinalinfo\/wp-json\/wp\/v2\/posts\/134928\/revisions\/134936"}],"wp:featuredmedia":[{"embeddable":true,"href":"https:\/\/vosgesinfo.fr\/epinalinfo\/wp-json\/wp\/v2\/media\/134929"}],"wp:attachment":[{"href":"https:\/\/vosgesinfo.fr\/epinalinfo\/wp-json\/wp\/v2\/media?parent=134928"}],"wp:term":[{"taxonomy":"category","embeddable":true,"href":"https:\/\/vosgesinfo.fr\/epinalinfo\/wp-json\/wp\/v2\/categories?post=134928"},{"taxonomy":"post_tag","embeddable":true,"href":"https:\/\/vosgesinfo.fr\/epinalinfo\/wp-json\/wp\/v2\/tags?post=134928"}],"curies":[{"name":"wp","href":"https:\/\/api.w.org\/{rel}","templated":true}]}}