{"id":135076,"date":"2025-09-08T09:47:30","date_gmt":"2025-09-08T07:47:30","guid":{"rendered":"https:\/\/vosgesinfo.fr\/epinalinfo\/?p=135076"},"modified":"2025-09-08T09:47:30","modified_gmt":"2025-09-08T07:47:30","slug":"rn57-fermeture-de-bretelle-de-lechangeur-de-saint-nabord-longuet-88-par-la-dir-est","status":"publish","type":"post","link":"https:\/\/vosgesinfo.fr\/epinalinfo\/2025\/09\/rn57-fermeture-de-bretelle-de-lechangeur-de-saint-nabord-longuet-88-par-la-dir-est\/","title":{"rendered":"RN57 \u2013 Fermeture de bretelle de l&rsquo;\u00e9changeur de Saint-Nabord Longuet (88) par la DIR Est"},"content":{"rendered":"<p style=\"text-align: center;\"><strong>RN57 \u2013 Fermeture de bretelle de l&rsquo;\u00e9changeur de Saint-Nabord Longuet (88) par la DIR Est<\/strong><\/p>\n<p>Dimanche 14 septembre 2025 de 5h \u00e0 16h, la Direction Interd\u00e9partementale des Routes Est (DIR Est) pour le compte de l\u2019\u00c9tat, va proc\u00e9der \u00e0 la fermeture de la bretelle de sortie (RD157) de l&rsquo;\u00e9chan-geur de Saint-Nabord Longuet, pour les usagers en provenance de \u00c9pinal.<br \/>\nCette fermeture est destin\u00e9e \u00e0 assurer la s\u00e9curit\u00e9 d&rsquo;une manifestation sportive.<br \/>\nUne d\u00e9viation est mise en place<br \/>\nPour une route et un chantier plus s\u00fbrs, la DIR Est remercie les conducteurs de leur patience.<br \/>\nElle leur recommande la plus grande prudence en mod\u00e9rant leur vitesse et en respectant la signalisation de chantier.<br \/>\nEnsemble, prot\u00e9geons les hommes et les femmes qui travaillent sur ce chantier.<\/p>\n","protected":false},"excerpt":{"rendered":"<p>RN57 \u2013 Fermeture de bretelle de l&rsquo;\u00e9changeur de Saint-Nabord Longuet (88) par la DIR Est Dimanche 14 septembre 2025 de [&hellip;]<\/p>\n","protected":false},"author":391,"featured_media":135077,"comment_status":"open","ping_status":"open","sticky":false,"template":"","format":"standard","meta":{"footnotes":""},"categories":[22,24,6056,6055],"tags":[],"class_list":["post-135076","post","type-post","status-publish","format-standard","has-post-thumbnail","hentry","category-a-la-une","category-epinal","category-gerardmer","category-remiremont"],"acf":[],"yoast_head":"<!-- This site is optimized with the Yoast SEO plugin v22.5 - https:\/\/yoast.com\/wordpress\/plugins\/seo\/ -->\n<title>RN57 \u2013 Fermeture de bretelle de l&#039;\u00e9changeur de Saint-Nabord Longuet (88) par la DIR Est - Epinal Info<\/title>\n<meta name=\"robots\" content=\"index, follow, max-snippet:-1, max-image-preview:large, max-video-preview:-1\" \/>\n<link rel=\"canonical\" href=\"https:\/\/vosgesinfo.fr\/epinalinfo\/2025\/09\/rn57-fermeture-de-bretelle-de-lechangeur-de-saint-nabord-longuet-88-par-la-dir-est\/\" \/>\n<meta name=\"twitter:card\" content=\"summary_large_image\" \/>\n<meta name=\"twitter:title\" content=\"RN57 \u2013 Fermeture de bretelle de l&#039;\u00e9changeur de Saint-Nabord Longuet (88) par la DIR Est - Epinal Info\" \/>\n<meta name=\"twitter:description\" content=\"RN57 \u2013 Fermeture de bretelle de l&rsquo;\u00e9changeur de Saint-Nabord Longuet (88) par la DIR Est Dimanche 14 septembre 2025 de [&hellip;]\" \/>\n<meta name=\"twitter:image\" content=\"https:\/\/vosgesinfo.fr\/app\/uploads\/sites\/3\/2025\/09\/dir-est-travaux.png\" \/>\n<meta name=\"twitter:creator\" content=\"@VosgesInfo88\" \/>\n<meta name=\"twitter:site\" content=\"@VosgesInfo88\" \/>\n<meta name=\"twitter:label1\" content=\"\u00c9crit par\" \/>\n\t<meta name=\"twitter:data1\" content=\"La redaction\" \/>\n\t<meta name=\"twitter:label2\" content=\"Dur\u00e9e de lecture estim\u00e9e\" \/>\n\t<meta name=\"twitter:data2\" content=\"1 minute\" \/>\n<script type=\"application\/ld+json\" class=\"yoast-schema-graph\">{\"@context\":\"https:\/\/schema.org\",\"@graph\":[{\"@type\":\"Article\",\"@id\":\"https:\/\/vosgesinfo.fr\/epinalinfo\/2025\/09\/rn57-fermeture-de-bretelle-de-lechangeur-de-saint-nabord-longuet-88-par-la-dir-est\/#article\",\"isPartOf\":{\"@id\":\"https:\/\/vosgesinfo.fr\/epinalinfo\/2025\/09\/rn57-fermeture-de-bretelle-de-lechangeur-de-saint-nabord-longuet-88-par-la-dir-est\/\"},\"author\":{\"name\":\"La redaction\",\"@id\":\"https:\/\/vosgesinfo.fr\/epinalinfo\/#\/schema\/person\/27a3695b06db98895b354c0765cdfc31\"},\"headline\":\"RN57 \u2013 Fermeture de bretelle de l&rsquo;\u00e9changeur de Saint-Nabord Longuet (88) par la DIR Est\",\"datePublished\":\"2025-09-08T07:47:30+00:00\",\"dateModified\":\"2025-09-08T07:47:30+00:00\",\"mainEntityOfPage\":{\"@id\":\"https:\/\/vosgesinfo.fr\/epinalinfo\/2025\/09\/rn57-fermeture-de-bretelle-de-lechangeur-de-saint-nabord-longuet-88-par-la-dir-est\/\"},\"wordCount\":142,\"commentCount\":0,\"publisher\":{\"@id\":\"https:\/\/vosgesinfo.fr\/epinalinfo\/#organization\"},\"image\":{\"@id\":\"https:\/\/vosgesinfo.fr\/epinalinfo\/2025\/09\/rn57-fermeture-de-bretelle-de-lechangeur-de-saint-nabord-longuet-88-par-la-dir-est\/#primaryimage\"},\"thumbnailUrl\":\"https:\/\/vosgesinfo.fr\/app\/uploads\/sites\/3\/2025\/09\/dir-est-travaux.png\",\"articleSection\":[\"A la Une\",\"Epinal\",\"Gerardmer\",\"Remiremont\"],\"inLanguage\":\"fr-FR\",\"potentialAction\":[{\"@type\":\"CommentAction\",\"name\":\"Comment\",\"target\":[\"https:\/\/vosgesinfo.fr\/epinalinfo\/2025\/09\/rn57-fermeture-de-bretelle-de-lechangeur-de-saint-nabord-longuet-88-par-la-dir-est\/#respond\"]}]},{\"@type\":\"WebPage\",\"@id\":\"https:\/\/vosgesinfo.fr\/epinalinfo\/2025\/09\/rn57-fermeture-de-bretelle-de-lechangeur-de-saint-nabord-longuet-88-par-la-dir-est\/\",\"url\":\"https:\/\/vosgesinfo.fr\/epinalinfo\/2025\/09\/rn57-fermeture-de-bretelle-de-lechangeur-de-saint-nabord-longuet-88-par-la-dir-est\/\",\"name\":\"RN57 \u2013 Fermeture de bretelle de l'\u00e9changeur de Saint-Nabord Longuet (88) par la DIR Est - Epinal Info\",\"isPartOf\":{\"@id\":\"https:\/\/vosgesinfo.fr\/epinalinfo\/#website\"},\"primaryImageOfPage\":{\"@id\":\"https:\/\/vosgesinfo.fr\/epinalinfo\/2025\/09\/rn57-fermeture-de-bretelle-de-lechangeur-de-saint-nabord-longuet-88-par-la-dir-est\/#primaryimage\"},\"image\":{\"@id\":\"https:\/\/vosgesinfo.fr\/epinalinfo\/2025\/09\/rn57-fermeture-de-bretelle-de-lechangeur-de-saint-nabord-longuet-88-par-la-dir-est\/#primaryimage\"},\"thumbnailUrl\":\"https:\/\/vosgesinfo.fr\/app\/uploads\/sites\/3\/2025\/09\/dir-est-travaux.png\",\"datePublished\":\"2025-09-08T07:47:30+00:00\",\"dateModified\":\"2025-09-08T07:47:30+00:00\",\"breadcrumb\":{\"@id\":\"https:\/\/vosgesinfo.fr\/epinalinfo\/2025\/09\/rn57-fermeture-de-bretelle-de-lechangeur-de-saint-nabord-longuet-88-par-la-dir-est\/#breadcrumb\"},\"inLanguage\":\"fr-FR\",\"potentialAction\":[{\"@type\":\"ReadAction\",\"target\":[\"https:\/\/vosgesinfo.fr\/epinalinfo\/2025\/09\/rn57-fermeture-de-bretelle-de-lechangeur-de-saint-nabord-longuet-88-par-la-dir-est\/\"]}]},{\"@type\":\"ImageObject\",\"inLanguage\":\"fr-FR\",\"@id\":\"https:\/\/vosgesinfo.fr\/epinalinfo\/2025\/09\/rn57-fermeture-de-bretelle-de-lechangeur-de-saint-nabord-longuet-88-par-la-dir-est\/#primaryimage\",\"url\":\"https:\/\/vosgesinfo.fr\/app\/uploads\/sites\/3\/2025\/09\/dir-est-travaux.png\",\"contentUrl\":\"https:\/\/vosgesinfo.fr\/app\/uploads\/sites\/3\/2025\/09\/dir-est-travaux.png\",\"width\":800,\"height\":775},{\"@type\":\"BreadcrumbList\",\"@id\":\"https:\/\/vosgesinfo.fr\/epinalinfo\/2025\/09\/rn57-fermeture-de-bretelle-de-lechangeur-de-saint-nabord-longuet-88-par-la-dir-est\/#breadcrumb\",\"itemListElement\":[{\"@type\":\"ListItem\",\"position\":1,\"name\":\"Home\",\"item\":\"https:\/\/vosgesinfo.fr\/epinalinfo\/\"},{\"@type\":\"ListItem\",\"position\":2,\"name\":\"RN57 \u2013 Fermeture de bretelle de l&rsquo;\u00e9changeur de Saint-Nabord Longuet (88) par la DIR Est\"}]},{\"@type\":\"WebSite\",\"@id\":\"https:\/\/vosgesinfo.fr\/epinalinfo\/#website\",\"url\":\"https:\/\/vosgesinfo.fr\/epinalinfo\/\",\"name\":\"Epinal Info\",\"description\":\"Toute l&#039;actualit\u00e9 d&#039;\u00c9pinal\",\"publisher\":{\"@id\":\"https:\/\/vosgesinfo.fr\/epinalinfo\/#organization\"},\"alternateName\":\"Toute l'actualit\u00e9 d'\u00c9pinal\",\"potentialAction\":[{\"@type\":\"SearchAction\",\"target\":{\"@type\":\"EntryPoint\",\"urlTemplate\":\"https:\/\/vosgesinfo.fr\/epinalinfo\/?s={search_term_string}\"},\"query-input\":\"required name=search_term_string\"}],\"inLanguage\":\"fr-FR\"},{\"@type\":\"Organization\",\"@id\":\"https:\/\/vosgesinfo.fr\/epinalinfo\/#organization\",\"name\":\"Epinal Info\",\"url\":\"https:\/\/vosgesinfo.fr\/epinalinfo\/\",\"logo\":{\"@type\":\"ImageObject\",\"inLanguage\":\"fr-FR\",\"@id\":\"https:\/\/vosgesinfo.fr\/epinalinfo\/#\/schema\/logo\/image\/\",\"url\":\"https:\/\/vosgesinfo.fr\/app\/uploads\/sites\/3\/2023\/08\/logo-epinalinfos.svg\",\"contentUrl\":\"https:\/\/vosgesinfo.fr\/app\/uploads\/sites\/3\/2023\/08\/logo-epinalinfos.svg\",\"width\":1,\"height\":1,\"caption\":\"Epinal Info\"},\"image\":{\"@id\":\"https:\/\/vosgesinfo.fr\/epinalinfo\/#\/schema\/logo\/image\/\"},\"sameAs\":[\"https:\/\/www.facebook.com\/Epinalinfos\",\"https:\/\/x.com\/VosgesInfo88\",\"https:\/\/www.youtube.com\/@vosgesinfo\"]},{\"@type\":\"Person\",\"@id\":\"https:\/\/vosgesinfo.fr\/epinalinfo\/#\/schema\/person\/27a3695b06db98895b354c0765cdfc31\",\"name\":\"La redaction\",\"image\":{\"@type\":\"ImageObject\",\"inLanguage\":\"fr-FR\",\"@id\":\"https:\/\/vosgesinfo.fr\/epinalinfo\/#\/schema\/person\/image\/\",\"url\":\"https:\/\/secure.gravatar.com\/avatar\/64c76a78e501cedee55736f43f332df901e1896ae9cd8fad269ae2236dd0e8b6?s=96&d=mm&r=g\",\"contentUrl\":\"https:\/\/secure.gravatar.com\/avatar\/64c76a78e501cedee55736f43f332df901e1896ae9cd8fad269ae2236dd0e8b6?s=96&d=mm&r=g\",\"caption\":\"La redaction\"},\"url\":\"https:\/\/vosgesinfo.fr\/epinalinfo\/author\/la-redaction\/\"}]}<\/script>\n<!-- \/ Yoast SEO plugin. -->","yoast_head_json":{"title":"RN57 \u2013 Fermeture de bretelle de l'\u00e9changeur de Saint-Nabord Longuet (88) par la DIR Est - Epinal Info","robots":{"index":"index","follow":"follow","max-snippet":"max-snippet:-1","max-image-preview":"max-image-preview:large","max-video-preview":"max-video-preview:-1"},"canonical":"https:\/\/vosgesinfo.fr\/epinalinfo\/2025\/09\/rn57-fermeture-de-bretelle-de-lechangeur-de-saint-nabord-longuet-88-par-la-dir-est\/","twitter_card":"summary_large_image","twitter_title":"RN57 \u2013 Fermeture de bretelle de l'\u00e9changeur de Saint-Nabord Longuet (88) par la DIR Est - Epinal Info","twitter_description":"RN57 \u2013 Fermeture de bretelle de l&rsquo;\u00e9changeur de Saint-Nabord Longuet (88) par la DIR Est Dimanche 14 septembre 2025 de [&hellip;]","twitter_image":"https:\/\/vosgesinfo.fr\/app\/uploads\/sites\/3\/2025\/09\/dir-est-travaux.png","twitter_creator":"@VosgesInfo88","twitter_site":"@VosgesInfo88","twitter_misc":{"\u00c9crit par":"La redaction","Dur\u00e9e de lecture estim\u00e9e":"1 minute"},"schema":{"@context":"https:\/\/schema.org","@graph":[{"@type":"Article","@id":"https:\/\/vosgesinfo.fr\/epinalinfo\/2025\/09\/rn57-fermeture-de-bretelle-de-lechangeur-de-saint-nabord-longuet-88-par-la-dir-est\/#article","isPartOf":{"@id":"https:\/\/vosgesinfo.fr\/epinalinfo\/2025\/09\/rn57-fermeture-de-bretelle-de-lechangeur-de-saint-nabord-longuet-88-par-la-dir-est\/"},"author":{"name":"La redaction","@id":"https:\/\/vosgesinfo.fr\/epinalinfo\/#\/schema\/person\/27a3695b06db98895b354c0765cdfc31"},"headline":"RN57 \u2013 Fermeture de bretelle de l&rsquo;\u00e9changeur de Saint-Nabord Longuet (88) par la DIR Est","datePublished":"2025-09-08T07:47:30+00:00","dateModified":"2025-09-08T07:47:30+00:00","mainEntityOfPage":{"@id":"https:\/\/vosgesinfo.fr\/epinalinfo\/2025\/09\/rn57-fermeture-de-bretelle-de-lechangeur-de-saint-nabord-longuet-88-par-la-dir-est\/"},"wordCount":142,"commentCount":0,"publisher":{"@id":"https:\/\/vosgesinfo.fr\/epinalinfo\/#organization"},"image":{"@id":"https:\/\/vosgesinfo.fr\/epinalinfo\/2025\/09\/rn57-fermeture-de-bretelle-de-lechangeur-de-saint-nabord-longuet-88-par-la-dir-est\/#primaryimage"},"thumbnailUrl":"https:\/\/vosgesinfo.fr\/app\/uploads\/sites\/3\/2025\/09\/dir-est-travaux.png","articleSection":["A la Une","Epinal","Gerardmer","Remiremont"],"inLanguage":"fr-FR","potentialAction":[{"@type":"CommentAction","name":"Comment","target":["https:\/\/vosgesinfo.fr\/epinalinfo\/2025\/09\/rn57-fermeture-de-bretelle-de-lechangeur-de-saint-nabord-longuet-88-par-la-dir-est\/#respond"]}]},{"@type":"WebPage","@id":"https:\/\/vosgesinfo.fr\/epinalinfo\/2025\/09\/rn57-fermeture-de-bretelle-de-lechangeur-de-saint-nabord-longuet-88-par-la-dir-est\/","url":"https:\/\/vosgesinfo.fr\/epinalinfo\/2025\/09\/rn57-fermeture-de-bretelle-de-lechangeur-de-saint-nabord-longuet-88-par-la-dir-est\/","name":"RN57 \u2013 Fermeture de bretelle de l'\u00e9changeur de Saint-Nabord Longuet (88) par la DIR Est - Epinal Info","isPartOf":{"@id":"https:\/\/vosgesinfo.fr\/epinalinfo\/#website"},"primaryImageOfPage":{"@id":"https:\/\/vosgesinfo.fr\/epinalinfo\/2025\/09\/rn57-fermeture-de-bretelle-de-lechangeur-de-saint-nabord-longuet-88-par-la-dir-est\/#primaryimage"},"image":{"@id":"https:\/\/vosgesinfo.fr\/epinalinfo\/2025\/09\/rn57-fermeture-de-bretelle-de-lechangeur-de-saint-nabord-longuet-88-par-la-dir-est\/#primaryimage"},"thumbnailUrl":"https:\/\/vosgesinfo.fr\/app\/uploads\/sites\/3\/2025\/09\/dir-est-travaux.png","datePublished":"2025-09-08T07:47:30+00:00","dateModified":"2025-09-08T07:47:30+00:00","breadcrumb":{"@id":"https:\/\/vosgesinfo.fr\/epinalinfo\/2025\/09\/rn57-fermeture-de-bretelle-de-lechangeur-de-saint-nabord-longuet-88-par-la-dir-est\/#breadcrumb"},"inLanguage":"fr-FR","potentialAction":[{"@type":"ReadAction","target":["https:\/\/vosgesinfo.fr\/epinalinfo\/2025\/09\/rn57-fermeture-de-bretelle-de-lechangeur-de-saint-nabord-longuet-88-par-la-dir-est\/"]}]},{"@type":"ImageObject","inLanguage":"fr-FR","@id":"https:\/\/vosgesinfo.fr\/epinalinfo\/2025\/09\/rn57-fermeture-de-bretelle-de-lechangeur-de-saint-nabord-longuet-88-par-la-dir-est\/#primaryimage","url":"https:\/\/vosgesinfo.fr\/app\/uploads\/sites\/3\/2025\/09\/dir-est-travaux.png","contentUrl":"https:\/\/vosgesinfo.fr\/app\/uploads\/sites\/3\/2025\/09\/dir-est-travaux.png","width":800,"height":775},{"@type":"BreadcrumbList","@id":"https:\/\/vosgesinfo.fr\/epinalinfo\/2025\/09\/rn57-fermeture-de-bretelle-de-lechangeur-de-saint-nabord-longuet-88-par-la-dir-est\/#breadcrumb","itemListElement":[{"@type":"ListItem","position":1,"name":"Home","item":"https:\/\/vosgesinfo.fr\/epinalinfo\/"},{"@type":"ListItem","position":2,"name":"RN57 \u2013 Fermeture de bretelle de l&rsquo;\u00e9changeur de Saint-Nabord Longuet (88) par la DIR Est"}]},{"@type":"WebSite","@id":"https:\/\/vosgesinfo.fr\/epinalinfo\/#website","url":"https:\/\/vosgesinfo.fr\/epinalinfo\/","name":"Epinal Info","description":"Toute l&#039;actualit\u00e9 d&#039;\u00c9pinal","publisher":{"@id":"https:\/\/vosgesinfo.fr\/epinalinfo\/#organization"},"alternateName":"Toute l'actualit\u00e9 d'\u00c9pinal","potentialAction":[{"@type":"SearchAction","target":{"@type":"EntryPoint","urlTemplate":"https:\/\/vosgesinfo.fr\/epinalinfo\/?s={search_term_string}"},"query-input":"required name=search_term_string"}],"inLanguage":"fr-FR"},{"@type":"Organization","@id":"https:\/\/vosgesinfo.fr\/epinalinfo\/#organization","name":"Epinal Info","url":"https:\/\/vosgesinfo.fr\/epinalinfo\/","logo":{"@type":"ImageObject","inLanguage":"fr-FR","@id":"https:\/\/vosgesinfo.fr\/epinalinfo\/#\/schema\/logo\/image\/","url":"https:\/\/vosgesinfo.fr\/app\/uploads\/sites\/3\/2023\/08\/logo-epinalinfos.svg","contentUrl":"https:\/\/vosgesinfo.fr\/app\/uploads\/sites\/3\/2023\/08\/logo-epinalinfos.svg","width":1,"height":1,"caption":"Epinal Info"},"image":{"@id":"https:\/\/vosgesinfo.fr\/epinalinfo\/#\/schema\/logo\/image\/"},"sameAs":["https:\/\/www.facebook.com\/Epinalinfos","https:\/\/x.com\/VosgesInfo88","https:\/\/www.youtube.com\/@vosgesinfo"]},{"@type":"Person","@id":"https:\/\/vosgesinfo.fr\/epinalinfo\/#\/schema\/person\/27a3695b06db98895b354c0765cdfc31","name":"La redaction","image":{"@type":"ImageObject","inLanguage":"fr-FR","@id":"https:\/\/vosgesinfo.fr\/epinalinfo\/#\/schema\/person\/image\/","url":"https:\/\/secure.gravatar.com\/avatar\/64c76a78e501cedee55736f43f332df901e1896ae9cd8fad269ae2236dd0e8b6?s=96&d=mm&r=g","contentUrl":"https:\/\/secure.gravatar.com\/avatar\/64c76a78e501cedee55736f43f332df901e1896ae9cd8fad269ae2236dd0e8b6?s=96&d=mm&r=g","caption":"La redaction"},"url":"https:\/\/vosgesinfo.fr\/epinalinfo\/author\/la-redaction\/"}]}},"_links":{"self":[{"href":"https:\/\/vosgesinfo.fr\/epinalinfo\/wp-json\/wp\/v2\/posts\/135076","targetHints":{"allow":["GET"]}}],"collection":[{"href":"https:\/\/vosgesinfo.fr\/epinalinfo\/wp-json\/wp\/v2\/posts"}],"about":[{"href":"https:\/\/vosgesinfo.fr\/epinalinfo\/wp-json\/wp\/v2\/types\/post"}],"author":[{"embeddable":true,"href":"https:\/\/vosgesinfo.fr\/epinalinfo\/wp-json\/wp\/v2\/users\/391"}],"replies":[{"embeddable":true,"href":"https:\/\/vosgesinfo.fr\/epinalinfo\/wp-json\/wp\/v2\/comments?post=135076"}],"version-history":[{"count":0,"href":"https:\/\/vosgesinfo.fr\/epinalinfo\/wp-json\/wp\/v2\/posts\/135076\/revisions"}],"wp:featuredmedia":[{"embeddable":true,"href":"https:\/\/vosgesinfo.fr\/epinalinfo\/wp-json\/wp\/v2\/media\/135077"}],"wp:attachment":[{"href":"https:\/\/vosgesinfo.fr\/epinalinfo\/wp-json\/wp\/v2\/media?parent=135076"}],"wp:term":[{"taxonomy":"category","embeddable":true,"href":"https:\/\/vosgesinfo.fr\/epinalinfo\/wp-json\/wp\/v2\/categories?post=135076"},{"taxonomy":"post_tag","embeddable":true,"href":"https:\/\/vosgesinfo.fr\/epinalinfo\/wp-json\/wp\/v2\/tags?post=135076"}],"curies":[{"name":"wp","href":"https:\/\/api.w.org\/{rel}","templated":true}]}}