{"id":135093,"date":"2025-09-09T09:10:24","date_gmt":"2025-09-09T07:10:24","guid":{"rendered":"https:\/\/vosgesinfo.fr\/epinalinfo\/?p=135093"},"modified":"2025-09-09T09:04:33","modified_gmt":"2025-09-09T07:04:33","slug":"la-cgt-vosges-mobilisee-pour-deux-journees-de-greve-en-septembre","status":"publish","type":"post","link":"https:\/\/vosgesinfo.fr\/epinalinfo\/2025\/09\/la-cgt-vosges-mobilisee-pour-deux-journees-de-greve-en-septembre\/","title":{"rendered":"La CGT Vosges mobilis\u00e9e pour deux journ\u00e9es de gr\u00e8ve en septembre"},"content":{"rendered":"<div id=\"attachment_125577\" style=\"width: 2570px\" class=\"wp-caption aligncenter\"><a href=\"https:\/\/vosgesinfo.fr\/app\/uploads\/sites\/3\/2024\/12\/manifestation-epinal-vosges-fonction-publique-10-scaled.jpg\"><img decoding=\"async\" aria-describedby=\"caption-attachment-125577\" class=\"size-full wp-image-125577\" src=\"https:\/\/vosgesinfo.fr\/app\/uploads\/sites\/3\/2024\/12\/manifestation-epinal-vosges-fonction-publique-10-scaled.jpg\" alt=\"\" width=\"2560\" height=\"1709\" srcset=\"https:\/\/vosgesinfo.fr\/app\/uploads\/sites\/3\/2024\/12\/manifestation-epinal-vosges-fonction-publique-10-scaled.jpg 2560w, https:\/\/vosgesinfo.fr\/app\/uploads\/sites\/3\/2024\/12\/manifestation-epinal-vosges-fonction-publique-10-300x200.jpg 300w, https:\/\/vosgesinfo.fr\/app\/uploads\/sites\/3\/2024\/12\/manifestation-epinal-vosges-fonction-publique-10-1024x684.jpg 1024w, https:\/\/vosgesinfo.fr\/app\/uploads\/sites\/3\/2024\/12\/manifestation-epinal-vosges-fonction-publique-10-768x513.jpg 768w, https:\/\/vosgesinfo.fr\/app\/uploads\/sites\/3\/2024\/12\/manifestation-epinal-vosges-fonction-publique-10-1536x1026.jpg 1536w, https:\/\/vosgesinfo.fr\/app\/uploads\/sites\/3\/2024\/12\/manifestation-epinal-vosges-fonction-publique-10-2048x1367.jpg 2048w\" sizes=\"(max-width: 2560px) 100vw, 2560px\" \/><\/a><p id=\"caption-attachment-125577\" class=\"wp-caption-text\">PBP-PHOTOGRAPHIE archives<\/p><\/div>\n<h2 data-start=\"186\" data-end=\"365\"><strong>L\u2019Union D\u00e9partementale CGT des Vosges r\u00e9pond \u00e0 l\u2019appel lanc\u00e9 au niveau national par la conf\u00e9d\u00e9ration et se pr\u00e9pare \u00e0 deux temps forts de mobilisation les 10 et 18 septembre.<\/strong><\/h2>\n<h3 data-start=\"367\" data-end=\"411\">Deux journ\u00e9es de mobilisation annonc\u00e9es<\/h3>\n<p data-start=\"412\" data-end=\"974\">Le syndicat d\u00e9partemental relaie l\u2019initiative de la CGT, qui a d\u00e9pos\u00e9 des pr\u00e9avis de gr\u00e8ve pour ces deux dates. Objectif : d\u00e9noncer les orientations budg\u00e9taires port\u00e9es par le gouvernement et par Fran\u00e7ois Bayrou.<br data-start=\"624\" data-end=\"627\" \/>D\u00e8s \u00e0 pr\u00e9sent, la CGT appelle ses militants et sympathisants \u00e0 organiser la gr\u00e8ve dans les entreprises et \u00e0 multiplier les actions locales. Pour appuyer ce mouvement, une <strong data-start=\"798\" data-end=\"820\">p\u00e9tition nationale<\/strong> est mise en ligne sur <em data-start=\"843\" data-end=\"864\">StopBudgetBayrou.fr<\/em>, accompagn\u00e9e d\u2019un simulateur permettant de mesurer les cons\u00e9quences du budget sur le quotidien des m\u00e9nages.<\/p>\n<h3 data-start=\"976\" data-end=\"1013\">Une intersyndicale en discussion<\/h3>\n<h3 data-start=\"1014\" data-end=\"1270\"><\/h3>\n<h3 data-start=\"1014\" data-end=\"1270\">Le 8 septembre, une r\u00e9union intersyndicale d\u00e9partementale est pr\u00e9vue afin d\u2019examiner les conditions d\u2019une action commune, en particulier pour la journ\u00e9e du 18 septembre. Les modalit\u00e9s exactes de cette mobilisation seront pr\u00e9cis\u00e9es dans les jours \u00e0 venir.<\/h3>\n<h3 data-start=\"1272\" data-end=\"1292\"><\/h3>\n<h3 data-start=\"1272\" data-end=\"1292\">Les temps forts<\/h3>\n<ul data-start=\"1293\" data-end=\"1637\">\n<li data-start=\"1293\" data-end=\"1435\">\n<p data-start=\"1295\" data-end=\"1435\"><strong data-start=\"1295\" data-end=\"1320\">Mercredi 10 septembre<\/strong> : premi\u00e8re journ\u00e9e de gr\u00e8ve et d\u2019initiatives citoyennes. La CGT veut marquer le coup par des d\u00e9brayages massifs.<\/p>\n<\/li>\n<li data-start=\"1436\" data-end=\"1637\">\n<p data-start=\"1438\" data-end=\"1637\"><strong data-start=\"1438\" data-end=\"1460\">Jeudi 18 septembre<\/strong> : journ\u00e9e interprofessionnelle d\u2019ampleur nationale, rassemblant de nombreux secteurs \u2013 sant\u00e9, \u00e9nergie, industrie, culture \u2013 avec des manifestations pr\u00e9vues partout en France.<\/p>\n<\/li>\n<\/ul>\n<h3 data-start=\"1639\" data-end=\"1677\">Les revendications mises en avant<\/h3>\n<p data-start=\"1678\" data-end=\"1738\">\u00c0 travers ce mouvement, la CGT porte plusieurs priorit\u00e9s :<\/p>\n<ul data-start=\"1739\" data-end=\"2171\">\n<li data-start=\"1739\" data-end=\"1825\">\n<p data-start=\"1741\" data-end=\"1825\">renforcer le financement des services publics et engager la transition \u00e9cologique,<\/p>\n<\/li>\n<li data-start=\"1826\" data-end=\"1920\">\n<p data-start=\"1828\" data-end=\"1920\">garantir la justice sociale avec une retraite \u00e0 60 ans et une S\u00e9curit\u00e9 sociale consolid\u00e9e,<\/p>\n<\/li>\n<li data-start=\"1921\" data-end=\"2003\">\n<p data-start=\"1923\" data-end=\"2003\">mettre fin aux licenciements et relancer la production industrielle en France,<\/p>\n<\/li>\n<li data-start=\"2004\" data-end=\"2058\">\n<p data-start=\"2006\" data-end=\"2058\">revaloriser salaires, pensions et minimas sociaux,<\/p>\n<\/li>\n<li data-start=\"2059\" data-end=\"2171\">\n<p data-start=\"2061\" data-end=\"2171\">instaurer une fiscalit\u00e9 plus juste en sollicitant davantage les grandes fortunes et les grandes entreprises.<\/p>\n<\/li>\n<\/ul>\n<p data-start=\"2213\" data-end=\"2489\">\n","protected":false},"excerpt":{"rendered":"<p>L\u2019Union D\u00e9partementale CGT des Vosges r\u00e9pond \u00e0 l\u2019appel lanc\u00e9 au niveau national par la conf\u00e9d\u00e9ration et se pr\u00e9pare \u00e0 deux [&hellip;]<\/p>\n","protected":false},"author":52,"featured_media":125577,"comment_status":"open","ping_status":"open","sticky":false,"template":"","format":"standard","meta":{"footnotes":""},"categories":[22,24,5],"tags":[],"class_list":["post-135093","post","type-post","status-publish","format-standard","has-post-thumbnail","hentry","category-a-la-une","category-epinal","category-vosges"],"acf":[],"yoast_head":"<!-- This site is optimized with the Yoast SEO plugin v22.5 - https:\/\/yoast.com\/wordpress\/plugins\/seo\/ -->\n<title>La CGT Vosges mobilis\u00e9e pour deux journ\u00e9es de gr\u00e8ve en septembre - Epinal Info<\/title>\n<meta name=\"robots\" content=\"index, follow, max-snippet:-1, max-image-preview:large, max-video-preview:-1\" \/>\n<link rel=\"canonical\" href=\"https:\/\/vosgesinfo.fr\/epinalinfo\/2025\/09\/la-cgt-vosges-mobilisee-pour-deux-journees-de-greve-en-septembre\/\" \/>\n<meta name=\"twitter:card\" content=\"summary_large_image\" \/>\n<meta name=\"twitter:title\" content=\"La CGT Vosges mobilis\u00e9e pour deux journ\u00e9es de gr\u00e8ve en septembre - Epinal Info\" \/>\n<meta name=\"twitter:description\" content=\"L\u2019Union D\u00e9partementale CGT des Vosges r\u00e9pond \u00e0 l\u2019appel lanc\u00e9 au niveau national par la conf\u00e9d\u00e9ration et se pr\u00e9pare \u00e0 deux [&hellip;]\" \/>\n<meta name=\"twitter:image\" content=\"https:\/\/vosgesinfo.fr\/app\/uploads\/sites\/3\/2024\/12\/manifestation-epinal-vosges-fonction-publique-10-scaled.jpg\" \/>\n<meta name=\"twitter:creator\" content=\"@VosgesInfo88\" \/>\n<meta name=\"twitter:site\" content=\"@VosgesInfo88\" \/>\n<meta name=\"twitter:label1\" content=\"\u00c9crit par\" \/>\n\t<meta name=\"twitter:data1\" content=\"C.K.\" \/>\n\t<meta name=\"twitter:label2\" content=\"Dur\u00e9e de lecture estim\u00e9e\" \/>\n\t<meta name=\"twitter:data2\" content=\"2 minutes\" \/>\n<script type=\"application\/ld+json\" class=\"yoast-schema-graph\">{\"@context\":\"https:\/\/schema.org\",\"@graph\":[{\"@type\":\"Article\",\"@id\":\"https:\/\/vosgesinfo.fr\/epinalinfo\/2025\/09\/la-cgt-vosges-mobilisee-pour-deux-journees-de-greve-en-septembre\/#article\",\"isPartOf\":{\"@id\":\"https:\/\/vosgesinfo.fr\/epinalinfo\/2025\/09\/la-cgt-vosges-mobilisee-pour-deux-journees-de-greve-en-septembre\/\"},\"author\":{\"name\":\"C.K.\",\"@id\":\"https:\/\/vosgesinfo.fr\/epinalinfo\/#\/schema\/person\/6f9a650eeea99d969b6c4ab78fccbe81\"},\"headline\":\"La CGT Vosges mobilis\u00e9e pour deux journ\u00e9es de gr\u00e8ve en septembre\",\"datePublished\":\"2025-09-09T07:10:24+00:00\",\"dateModified\":\"2025-09-09T07:04:33+00:00\",\"mainEntityOfPage\":{\"@id\":\"https:\/\/vosgesinfo.fr\/epinalinfo\/2025\/09\/la-cgt-vosges-mobilisee-pour-deux-journees-de-greve-en-septembre\/\"},\"wordCount\":330,\"commentCount\":0,\"publisher\":{\"@id\":\"https:\/\/vosgesinfo.fr\/epinalinfo\/#organization\"},\"image\":{\"@id\":\"https:\/\/vosgesinfo.fr\/epinalinfo\/2025\/09\/la-cgt-vosges-mobilisee-pour-deux-journees-de-greve-en-septembre\/#primaryimage\"},\"thumbnailUrl\":\"https:\/\/vosgesinfo.fr\/app\/uploads\/sites\/3\/2024\/12\/manifestation-epinal-vosges-fonction-publique-10-scaled.jpg\",\"articleSection\":[\"A la Une\",\"Epinal\",\"Vosges\"],\"inLanguage\":\"fr-FR\",\"potentialAction\":[{\"@type\":\"CommentAction\",\"name\":\"Comment\",\"target\":[\"https:\/\/vosgesinfo.fr\/epinalinfo\/2025\/09\/la-cgt-vosges-mobilisee-pour-deux-journees-de-greve-en-septembre\/#respond\"]}]},{\"@type\":\"WebPage\",\"@id\":\"https:\/\/vosgesinfo.fr\/epinalinfo\/2025\/09\/la-cgt-vosges-mobilisee-pour-deux-journees-de-greve-en-septembre\/\",\"url\":\"https:\/\/vosgesinfo.fr\/epinalinfo\/2025\/09\/la-cgt-vosges-mobilisee-pour-deux-journees-de-greve-en-septembre\/\",\"name\":\"La CGT Vosges mobilis\u00e9e pour deux journ\u00e9es de gr\u00e8ve en septembre - Epinal Info\",\"isPartOf\":{\"@id\":\"https:\/\/vosgesinfo.fr\/epinalinfo\/#website\"},\"primaryImageOfPage\":{\"@id\":\"https:\/\/vosgesinfo.fr\/epinalinfo\/2025\/09\/la-cgt-vosges-mobilisee-pour-deux-journees-de-greve-en-septembre\/#primaryimage\"},\"image\":{\"@id\":\"https:\/\/vosgesinfo.fr\/epinalinfo\/2025\/09\/la-cgt-vosges-mobilisee-pour-deux-journees-de-greve-en-septembre\/#primaryimage\"},\"thumbnailUrl\":\"https:\/\/vosgesinfo.fr\/app\/uploads\/sites\/3\/2024\/12\/manifestation-epinal-vosges-fonction-publique-10-scaled.jpg\",\"datePublished\":\"2025-09-09T07:10:24+00:00\",\"dateModified\":\"2025-09-09T07:04:33+00:00\",\"breadcrumb\":{\"@id\":\"https:\/\/vosgesinfo.fr\/epinalinfo\/2025\/09\/la-cgt-vosges-mobilisee-pour-deux-journees-de-greve-en-septembre\/#breadcrumb\"},\"inLanguage\":\"fr-FR\",\"potentialAction\":[{\"@type\":\"ReadAction\",\"target\":[\"https:\/\/vosgesinfo.fr\/epinalinfo\/2025\/09\/la-cgt-vosges-mobilisee-pour-deux-journees-de-greve-en-septembre\/\"]}]},{\"@type\":\"ImageObject\",\"inLanguage\":\"fr-FR\",\"@id\":\"https:\/\/vosgesinfo.fr\/epinalinfo\/2025\/09\/la-cgt-vosges-mobilisee-pour-deux-journees-de-greve-en-septembre\/#primaryimage\",\"url\":\"https:\/\/vosgesinfo.fr\/app\/uploads\/sites\/3\/2024\/12\/manifestation-epinal-vosges-fonction-publique-10-scaled.jpg\",\"contentUrl\":\"https:\/\/vosgesinfo.fr\/app\/uploads\/sites\/3\/2024\/12\/manifestation-epinal-vosges-fonction-publique-10-scaled.jpg\",\"width\":2560,\"height\":1709,\"caption\":\"PBP-PHOTOGRAPHIE\"},{\"@type\":\"BreadcrumbList\",\"@id\":\"https:\/\/vosgesinfo.fr\/epinalinfo\/2025\/09\/la-cgt-vosges-mobilisee-pour-deux-journees-de-greve-en-septembre\/#breadcrumb\",\"itemListElement\":[{\"@type\":\"ListItem\",\"position\":1,\"name\":\"Home\",\"item\":\"https:\/\/vosgesinfo.fr\/epinalinfo\/\"},{\"@type\":\"ListItem\",\"position\":2,\"name\":\"La CGT Vosges mobilis\u00e9e pour deux journ\u00e9es de gr\u00e8ve en septembre\"}]},{\"@type\":\"WebSite\",\"@id\":\"https:\/\/vosgesinfo.fr\/epinalinfo\/#website\",\"url\":\"https:\/\/vosgesinfo.fr\/epinalinfo\/\",\"name\":\"Epinal Info\",\"description\":\"Toute l&#039;actualit\u00e9 d&#039;\u00c9pinal\",\"publisher\":{\"@id\":\"https:\/\/vosgesinfo.fr\/epinalinfo\/#organization\"},\"alternateName\":\"Toute l'actualit\u00e9 d'\u00c9pinal\",\"potentialAction\":[{\"@type\":\"SearchAction\",\"target\":{\"@type\":\"EntryPoint\",\"urlTemplate\":\"https:\/\/vosgesinfo.fr\/epinalinfo\/?s={search_term_string}\"},\"query-input\":\"required name=search_term_string\"}],\"inLanguage\":\"fr-FR\"},{\"@type\":\"Organization\",\"@id\":\"https:\/\/vosgesinfo.fr\/epinalinfo\/#organization\",\"name\":\"Epinal Info\",\"url\":\"https:\/\/vosgesinfo.fr\/epinalinfo\/\",\"logo\":{\"@type\":\"ImageObject\",\"inLanguage\":\"fr-FR\",\"@id\":\"https:\/\/vosgesinfo.fr\/epinalinfo\/#\/schema\/logo\/image\/\",\"url\":\"https:\/\/vosgesinfo.fr\/app\/uploads\/sites\/3\/2023\/08\/logo-epinalinfos.svg\",\"contentUrl\":\"https:\/\/vosgesinfo.fr\/app\/uploads\/sites\/3\/2023\/08\/logo-epinalinfos.svg\",\"width\":1,\"height\":1,\"caption\":\"Epinal Info\"},\"image\":{\"@id\":\"https:\/\/vosgesinfo.fr\/epinalinfo\/#\/schema\/logo\/image\/\"},\"sameAs\":[\"https:\/\/www.facebook.com\/Epinalinfos\",\"https:\/\/x.com\/VosgesInfo88\",\"https:\/\/www.youtube.com\/@vosgesinfo\"]},{\"@type\":\"Person\",\"@id\":\"https:\/\/vosgesinfo.fr\/epinalinfo\/#\/schema\/person\/6f9a650eeea99d969b6c4ab78fccbe81\",\"name\":\"C.K.\",\"image\":{\"@type\":\"ImageObject\",\"inLanguage\":\"fr-FR\",\"@id\":\"https:\/\/vosgesinfo.fr\/epinalinfo\/#\/schema\/person\/image\/\",\"url\":\"https:\/\/secure.gravatar.com\/avatar\/48e3fc7f8421ba8942be6b74a2b7f014ca39bc00dece156b7a8e098ae7dc87bf?s=96&d=mm&r=g\",\"contentUrl\":\"https:\/\/secure.gravatar.com\/avatar\/48e3fc7f8421ba8942be6b74a2b7f014ca39bc00dece156b7a8e098ae7dc87bf?s=96&d=mm&r=g\",\"caption\":\"C.K.\"},\"url\":\"https:\/\/vosgesinfo.fr\/epinalinfo\/author\/celia-k-n\/\"}]}<\/script>\n<!-- \/ Yoast SEO plugin. -->","yoast_head_json":{"title":"La CGT Vosges mobilis\u00e9e pour deux journ\u00e9es de gr\u00e8ve en septembre - Epinal Info","robots":{"index":"index","follow":"follow","max-snippet":"max-snippet:-1","max-image-preview":"max-image-preview:large","max-video-preview":"max-video-preview:-1"},"canonical":"https:\/\/vosgesinfo.fr\/epinalinfo\/2025\/09\/la-cgt-vosges-mobilisee-pour-deux-journees-de-greve-en-septembre\/","twitter_card":"summary_large_image","twitter_title":"La CGT Vosges mobilis\u00e9e pour deux journ\u00e9es de gr\u00e8ve en septembre - Epinal Info","twitter_description":"L\u2019Union D\u00e9partementale CGT des Vosges r\u00e9pond \u00e0 l\u2019appel lanc\u00e9 au niveau national par la conf\u00e9d\u00e9ration et se pr\u00e9pare \u00e0 deux [&hellip;]","twitter_image":"https:\/\/vosgesinfo.fr\/app\/uploads\/sites\/3\/2024\/12\/manifestation-epinal-vosges-fonction-publique-10-scaled.jpg","twitter_creator":"@VosgesInfo88","twitter_site":"@VosgesInfo88","twitter_misc":{"\u00c9crit par":"C.K.","Dur\u00e9e de lecture estim\u00e9e":"2 minutes"},"schema":{"@context":"https:\/\/schema.org","@graph":[{"@type":"Article","@id":"https:\/\/vosgesinfo.fr\/epinalinfo\/2025\/09\/la-cgt-vosges-mobilisee-pour-deux-journees-de-greve-en-septembre\/#article","isPartOf":{"@id":"https:\/\/vosgesinfo.fr\/epinalinfo\/2025\/09\/la-cgt-vosges-mobilisee-pour-deux-journees-de-greve-en-septembre\/"},"author":{"name":"C.K.","@id":"https:\/\/vosgesinfo.fr\/epinalinfo\/#\/schema\/person\/6f9a650eeea99d969b6c4ab78fccbe81"},"headline":"La CGT Vosges mobilis\u00e9e pour deux journ\u00e9es de gr\u00e8ve en septembre","datePublished":"2025-09-09T07:10:24+00:00","dateModified":"2025-09-09T07:04:33+00:00","mainEntityOfPage":{"@id":"https:\/\/vosgesinfo.fr\/epinalinfo\/2025\/09\/la-cgt-vosges-mobilisee-pour-deux-journees-de-greve-en-septembre\/"},"wordCount":330,"commentCount":0,"publisher":{"@id":"https:\/\/vosgesinfo.fr\/epinalinfo\/#organization"},"image":{"@id":"https:\/\/vosgesinfo.fr\/epinalinfo\/2025\/09\/la-cgt-vosges-mobilisee-pour-deux-journees-de-greve-en-septembre\/#primaryimage"},"thumbnailUrl":"https:\/\/vosgesinfo.fr\/app\/uploads\/sites\/3\/2024\/12\/manifestation-epinal-vosges-fonction-publique-10-scaled.jpg","articleSection":["A la Une","Epinal","Vosges"],"inLanguage":"fr-FR","potentialAction":[{"@type":"CommentAction","name":"Comment","target":["https:\/\/vosgesinfo.fr\/epinalinfo\/2025\/09\/la-cgt-vosges-mobilisee-pour-deux-journees-de-greve-en-septembre\/#respond"]}]},{"@type":"WebPage","@id":"https:\/\/vosgesinfo.fr\/epinalinfo\/2025\/09\/la-cgt-vosges-mobilisee-pour-deux-journees-de-greve-en-septembre\/","url":"https:\/\/vosgesinfo.fr\/epinalinfo\/2025\/09\/la-cgt-vosges-mobilisee-pour-deux-journees-de-greve-en-septembre\/","name":"La CGT Vosges mobilis\u00e9e pour deux journ\u00e9es de gr\u00e8ve en septembre - Epinal Info","isPartOf":{"@id":"https:\/\/vosgesinfo.fr\/epinalinfo\/#website"},"primaryImageOfPage":{"@id":"https:\/\/vosgesinfo.fr\/epinalinfo\/2025\/09\/la-cgt-vosges-mobilisee-pour-deux-journees-de-greve-en-septembre\/#primaryimage"},"image":{"@id":"https:\/\/vosgesinfo.fr\/epinalinfo\/2025\/09\/la-cgt-vosges-mobilisee-pour-deux-journees-de-greve-en-septembre\/#primaryimage"},"thumbnailUrl":"https:\/\/vosgesinfo.fr\/app\/uploads\/sites\/3\/2024\/12\/manifestation-epinal-vosges-fonction-publique-10-scaled.jpg","datePublished":"2025-09-09T07:10:24+00:00","dateModified":"2025-09-09T07:04:33+00:00","breadcrumb":{"@id":"https:\/\/vosgesinfo.fr\/epinalinfo\/2025\/09\/la-cgt-vosges-mobilisee-pour-deux-journees-de-greve-en-septembre\/#breadcrumb"},"inLanguage":"fr-FR","potentialAction":[{"@type":"ReadAction","target":["https:\/\/vosgesinfo.fr\/epinalinfo\/2025\/09\/la-cgt-vosges-mobilisee-pour-deux-journees-de-greve-en-septembre\/"]}]},{"@type":"ImageObject","inLanguage":"fr-FR","@id":"https:\/\/vosgesinfo.fr\/epinalinfo\/2025\/09\/la-cgt-vosges-mobilisee-pour-deux-journees-de-greve-en-septembre\/#primaryimage","url":"https:\/\/vosgesinfo.fr\/app\/uploads\/sites\/3\/2024\/12\/manifestation-epinal-vosges-fonction-publique-10-scaled.jpg","contentUrl":"https:\/\/vosgesinfo.fr\/app\/uploads\/sites\/3\/2024\/12\/manifestation-epinal-vosges-fonction-publique-10-scaled.jpg","width":2560,"height":1709,"caption":"PBP-PHOTOGRAPHIE"},{"@type":"BreadcrumbList","@id":"https:\/\/vosgesinfo.fr\/epinalinfo\/2025\/09\/la-cgt-vosges-mobilisee-pour-deux-journees-de-greve-en-septembre\/#breadcrumb","itemListElement":[{"@type":"ListItem","position":1,"name":"Home","item":"https:\/\/vosgesinfo.fr\/epinalinfo\/"},{"@type":"ListItem","position":2,"name":"La CGT Vosges mobilis\u00e9e pour deux journ\u00e9es de gr\u00e8ve en septembre"}]},{"@type":"WebSite","@id":"https:\/\/vosgesinfo.fr\/epinalinfo\/#website","url":"https:\/\/vosgesinfo.fr\/epinalinfo\/","name":"Epinal Info","description":"Toute l&#039;actualit\u00e9 d&#039;\u00c9pinal","publisher":{"@id":"https:\/\/vosgesinfo.fr\/epinalinfo\/#organization"},"alternateName":"Toute l'actualit\u00e9 d'\u00c9pinal","potentialAction":[{"@type":"SearchAction","target":{"@type":"EntryPoint","urlTemplate":"https:\/\/vosgesinfo.fr\/epinalinfo\/?s={search_term_string}"},"query-input":"required name=search_term_string"}],"inLanguage":"fr-FR"},{"@type":"Organization","@id":"https:\/\/vosgesinfo.fr\/epinalinfo\/#organization","name":"Epinal Info","url":"https:\/\/vosgesinfo.fr\/epinalinfo\/","logo":{"@type":"ImageObject","inLanguage":"fr-FR","@id":"https:\/\/vosgesinfo.fr\/epinalinfo\/#\/schema\/logo\/image\/","url":"https:\/\/vosgesinfo.fr\/app\/uploads\/sites\/3\/2023\/08\/logo-epinalinfos.svg","contentUrl":"https:\/\/vosgesinfo.fr\/app\/uploads\/sites\/3\/2023\/08\/logo-epinalinfos.svg","width":1,"height":1,"caption":"Epinal Info"},"image":{"@id":"https:\/\/vosgesinfo.fr\/epinalinfo\/#\/schema\/logo\/image\/"},"sameAs":["https:\/\/www.facebook.com\/Epinalinfos","https:\/\/x.com\/VosgesInfo88","https:\/\/www.youtube.com\/@vosgesinfo"]},{"@type":"Person","@id":"https:\/\/vosgesinfo.fr\/epinalinfo\/#\/schema\/person\/6f9a650eeea99d969b6c4ab78fccbe81","name":"C.K.","image":{"@type":"ImageObject","inLanguage":"fr-FR","@id":"https:\/\/vosgesinfo.fr\/epinalinfo\/#\/schema\/person\/image\/","url":"https:\/\/secure.gravatar.com\/avatar\/48e3fc7f8421ba8942be6b74a2b7f014ca39bc00dece156b7a8e098ae7dc87bf?s=96&d=mm&r=g","contentUrl":"https:\/\/secure.gravatar.com\/avatar\/48e3fc7f8421ba8942be6b74a2b7f014ca39bc00dece156b7a8e098ae7dc87bf?s=96&d=mm&r=g","caption":"C.K."},"url":"https:\/\/vosgesinfo.fr\/epinalinfo\/author\/celia-k-n\/"}]}},"_links":{"self":[{"href":"https:\/\/vosgesinfo.fr\/epinalinfo\/wp-json\/wp\/v2\/posts\/135093","targetHints":{"allow":["GET"]}}],"collection":[{"href":"https:\/\/vosgesinfo.fr\/epinalinfo\/wp-json\/wp\/v2\/posts"}],"about":[{"href":"https:\/\/vosgesinfo.fr\/epinalinfo\/wp-json\/wp\/v2\/types\/post"}],"author":[{"embeddable":true,"href":"https:\/\/vosgesinfo.fr\/epinalinfo\/wp-json\/wp\/v2\/users\/52"}],"replies":[{"embeddable":true,"href":"https:\/\/vosgesinfo.fr\/epinalinfo\/wp-json\/wp\/v2\/comments?post=135093"}],"version-history":[{"count":1,"href":"https:\/\/vosgesinfo.fr\/epinalinfo\/wp-json\/wp\/v2\/posts\/135093\/revisions"}],"predecessor-version":[{"id":135094,"href":"https:\/\/vosgesinfo.fr\/epinalinfo\/wp-json\/wp\/v2\/posts\/135093\/revisions\/135094"}],"wp:featuredmedia":[{"embeddable":true,"href":"https:\/\/vosgesinfo.fr\/epinalinfo\/wp-json\/wp\/v2\/media\/125577"}],"wp:attachment":[{"href":"https:\/\/vosgesinfo.fr\/epinalinfo\/wp-json\/wp\/v2\/media?parent=135093"}],"wp:term":[{"taxonomy":"category","embeddable":true,"href":"https:\/\/vosgesinfo.fr\/epinalinfo\/wp-json\/wp\/v2\/categories?post=135093"},{"taxonomy":"post_tag","embeddable":true,"href":"https:\/\/vosgesinfo.fr\/epinalinfo\/wp-json\/wp\/v2\/tags?post=135093"}],"curies":[{"name":"wp","href":"https:\/\/api.w.org\/{rel}","templated":true}]}}