{"id":135096,"date":"2025-09-09T09:00:30","date_gmt":"2025-09-09T07:00:30","guid":{"rendered":"https:\/\/vosgesinfo.fr\/epinalinfo\/?p=135096"},"modified":"2025-09-09T09:13:11","modified_gmt":"2025-09-09T07:13:11","slug":"un-nouveau-contrat-pour-renforcer-leducation-artistique-et-culturelle-dans-lagglomeration-depinal","status":"publish","type":"post","link":"https:\/\/vosgesinfo.fr\/epinalinfo\/2025\/09\/un-nouveau-contrat-pour-renforcer-leducation-artistique-et-culturelle-dans-lagglomeration-depinal\/","title":{"rendered":"Un nouveau contrat pour renforcer l\u2019\u00e9ducation artistique et culturelle dans l\u2019agglom\u00e9ration d\u2019\u00c9pinal"},"content":{"rendered":"<div id=\"attachment_135097\" style=\"width: 2058px\" class=\"wp-caption aligncenter\"><a href=\"https:\/\/vosgesinfo.fr\/app\/uploads\/sites\/3\/2025\/09\/michel-heinrich.jpg\"><img decoding=\"async\" aria-describedby=\"caption-attachment-135097\" class=\"size-full wp-image-135097\" src=\"https:\/\/vosgesinfo.fr\/app\/uploads\/sites\/3\/2025\/09\/michel-heinrich.jpg\" alt=\"\" width=\"2048\" height=\"1362\" srcset=\"https:\/\/vosgesinfo.fr\/app\/uploads\/sites\/3\/2025\/09\/michel-heinrich.jpg 2048w, https:\/\/vosgesinfo.fr\/app\/uploads\/sites\/3\/2025\/09\/michel-heinrich-300x200.jpg 300w, https:\/\/vosgesinfo.fr\/app\/uploads\/sites\/3\/2025\/09\/michel-heinrich-1024x681.jpg 1024w, https:\/\/vosgesinfo.fr\/app\/uploads\/sites\/3\/2025\/09\/michel-heinrich-768x511.jpg 768w, https:\/\/vosgesinfo.fr\/app\/uploads\/sites\/3\/2025\/09\/michel-heinrich-1536x1022.jpg 1536w\" sizes=\"(max-width: 2048px) 100vw, 2048px\" \/><\/a><p id=\"caption-attachment-135097\" class=\"wp-caption-text\">photos CAE<\/p><\/div>\n<h2 data-start=\"199\" data-end=\"842\"><strong>Vendredi 5 septembre \u00e0 Socourt, la Communaut\u00e9 d\u2019Agglom\u00e9ration d\u2019\u00c9pinal a officialis\u00e9 son engagement en faveur de la culture avec la signature du Contrat Territorial d\u2019\u00c9ducation Artistique et Culturelle (CTEAC).<\/strong><\/h2>\n<p data-start=\"199\" data-end=\"842\">Aux c\u00f4t\u00e9s de <strong data-start=\"433\" data-end=\"452\">Michel Heinrich<\/strong>, pr\u00e9sident de l\u2019agglom\u00e9ration, plusieurs repr\u00e9sentants institutionnels \u00e9taient pr\u00e9sents : <strong data-start=\"543\" data-end=\"557\">Anne Carli<\/strong>, secr\u00e9taire g\u00e9n\u00e9rale de la Pr\u00e9fecture des Vosges, <strong data-start=\"608\" data-end=\"628\">Fran\u00e7ois Vannson<\/strong>, pr\u00e9sident du Conseil d\u00e9partemental, <strong data-start=\"666\" data-end=\"684\">Olivier Delmas<\/strong>, directeur acad\u00e9mique des services de l\u2019\u00c9ducation nationale, ainsi qu\u2019<strong data-start=\"755\" data-end=\"779\">Isabelle Chardonnier<\/strong>, directrice r\u00e9gionale des affaires culturelles du Grand Est.<\/p>\n<h3 data-start=\"844\" data-end=\"895\">Un dispositif pour ouvrir l\u2019acc\u00e8s \u00e0 la culture<\/h3>\n<p data-start=\"896\" data-end=\"1264\">Le CTEAC vise \u00e0 <strong data-start=\"912\" data-end=\"978\">favoriser la rencontre avec l\u2019art et les pratiques culturelles<\/strong>, en particulier pour les enfants et les jeunes. Construit en partenariat avec le D\u00e9partement des Vosges, la DRAC Grand Est et l\u2019\u00c9ducation nationale, ce contrat permettra de d\u00e9velopper des projets culturels dans les \u00e9coles, coll\u00e8ges et sur l\u2019ensemble du territoire de l\u2019agglom\u00e9ration.<\/p>\n<h3 data-start=\"1266\" data-end=\"1316\">Une offre culturelle itin\u00e9rante et accessible<\/h3>\n<p data-start=\"1317\" data-end=\"1422\">Pour toucher le plus grand nombre, notamment en milieu rural, deux dispositifs phares seront d\u00e9ploy\u00e9s :<\/p>\n<ul data-start=\"1423\" data-end=\"1881\">\n<li data-start=\"1423\" data-end=\"1652\">\n<p data-start=\"1425\" data-end=\"1652\"><strong data-start=\"1425\" data-end=\"1454\">La Micro-Folie itin\u00e9rante<\/strong> : un v\u00e9ritable village culturel mobile compos\u00e9 de 11 roulottes. On y retrouve un mus\u00e9e num\u00e9rique avec plus de 3 000 \u0153uvres, une imprimante 3D, un espace cin\u00e9ma-sc\u00e8ne et des lieux de convivialit\u00e9.<\/p>\n<\/li>\n<li data-start=\"1653\" data-end=\"1881\">\n<p data-start=\"1655\" data-end=\"1881\"><strong data-start=\"1655\" data-end=\"1671\">La Caravelle<\/strong> : un dispositif de transport qui facilite la venue des \u00e9l\u00e8ves vers les structures culturelles locales. Le co\u00fbt est partag\u00e9 entre l\u2019agglom\u00e9ration, les communes et parfois les associations de parents d\u2019\u00e9l\u00e8ves.<\/p>\n<\/li>\n<\/ul>\n<h3 data-start=\"1883\" data-end=\"1916\">Un engagement sur quatre ans<\/h3>\n<p data-start=\"1917\" data-end=\"2252\">D\u2019une dur\u00e9e de <strong data-start=\"1932\" data-end=\"1946\">quatre ans<\/strong>, ce contrat doit permettre de <strong data-start=\"1977\" data-end=\"2054\">coordonner et amplifier la politique d\u2019\u00e9ducation artistique et culturelle<\/strong> sur l\u2019ensemble du territoire. L\u2019objectif affich\u00e9 est clair : rendre la culture accessible \u00e0 tous et donner aux jeunes g\u00e9n\u00e9rations l\u2019opportunit\u00e9 de s\u2019enrichir au contact de la cr\u00e9ation artistique.<\/p>\n\n\t\t<style type=\"text\/css\">\n\t\t\t#gallery-1 {\n\t\t\t\tmargin: auto;\n\t\t\t}\n\t\t\t#gallery-1 .gallery-item {\n\t\t\t\tfloat: left;\n\t\t\t\tmargin-top: 10px;\n\t\t\t\ttext-align: center;\n\t\t\t\twidth: 33%;\n\t\t\t}\n\t\t\t#gallery-1 img {\n\t\t\t\tborder: 2px solid #cfcfcf;\n\t\t\t}\n\t\t\t#gallery-1 .gallery-caption {\n\t\t\t\tmargin-left: 0;\n\t\t\t}\n\t\t\t\/* see gallery_shortcode() in wp-includes\/media.php *\/\n\t\t<\/style>\n\t\t<div id='gallery-1' class='gallery galleryid-135096 gallery-columns-3 gallery-size-large'><dl class='gallery-item'>\n\t\t\t<dt class='gallery-icon landscape'>\n\t\t\t\t<a href='https:\/\/vosgesinfo.fr\/app\/uploads\/sites\/3\/2025\/09\/545350305-1092277956409382-3420304391186778163-n.jpg'><img decoding=\"async\" width=\"1024\" height=\"682\" src=\"https:\/\/vosgesinfo.fr\/app\/uploads\/sites\/3\/2025\/09\/545350305-1092277956409382-3420304391186778163-n-1024x682.jpg\" class=\"attachment-large size-large\" alt=\"\" srcset=\"https:\/\/vosgesinfo.fr\/app\/uploads\/sites\/3\/2025\/09\/545350305-1092277956409382-3420304391186778163-n-1024x682.jpg 1024w, https:\/\/vosgesinfo.fr\/app\/uploads\/sites\/3\/2025\/09\/545350305-1092277956409382-3420304391186778163-n-300x200.jpg 300w, https:\/\/vosgesinfo.fr\/app\/uploads\/sites\/3\/2025\/09\/545350305-1092277956409382-3420304391186778163-n-768x511.jpg 768w, https:\/\/vosgesinfo.fr\/app\/uploads\/sites\/3\/2025\/09\/545350305-1092277956409382-3420304391186778163-n-1536x1022.jpg 1536w, https:\/\/vosgesinfo.fr\/app\/uploads\/sites\/3\/2025\/09\/545350305-1092277956409382-3420304391186778163-n.jpg 2048w\" sizes=\"(max-width: 1024px) 100vw, 1024px\" \/><\/a>\n\t\t\t<\/dt><\/dl><dl class='gallery-item'>\n\t\t\t<dt class='gallery-icon landscape'>\n\t\t\t\t<a href='https:\/\/vosgesinfo.fr\/app\/uploads\/sites\/3\/2025\/09\/544804350-1092278016409376-4887526546484992085-n.jpg'><img decoding=\"async\" width=\"1024\" height=\"682\" src=\"https:\/\/vosgesinfo.fr\/app\/uploads\/sites\/3\/2025\/09\/544804350-1092278016409376-4887526546484992085-n-1024x682.jpg\" class=\"attachment-large size-large\" alt=\"\" srcset=\"https:\/\/vosgesinfo.fr\/app\/uploads\/sites\/3\/2025\/09\/544804350-1092278016409376-4887526546484992085-n-1024x682.jpg 1024w, https:\/\/vosgesinfo.fr\/app\/uploads\/sites\/3\/2025\/09\/544804350-1092278016409376-4887526546484992085-n-300x200.jpg 300w, https:\/\/vosgesinfo.fr\/app\/uploads\/sites\/3\/2025\/09\/544804350-1092278016409376-4887526546484992085-n-768x511.jpg 768w, https:\/\/vosgesinfo.fr\/app\/uploads\/sites\/3\/2025\/09\/544804350-1092278016409376-4887526546484992085-n-1536x1022.jpg 1536w, https:\/\/vosgesinfo.fr\/app\/uploads\/sites\/3\/2025\/09\/544804350-1092278016409376-4887526546484992085-n.jpg 2048w\" sizes=\"(max-width: 1024px) 100vw, 1024px\" \/><\/a>\n\t\t\t<\/dt><\/dl>\n\t\t\t<br style='clear: both' \/>\n\t\t<\/div>\n\n","protected":false},"excerpt":{"rendered":"<p>Vendredi 5 septembre \u00e0 Socourt, la Communaut\u00e9 d\u2019Agglom\u00e9ration d\u2019\u00c9pinal a officialis\u00e9 son engagement en faveur de la culture avec la [&hellip;]<\/p>\n","protected":false},"author":52,"featured_media":135097,"comment_status":"open","ping_status":"open","sticky":false,"template":"","format":"standard","meta":{"footnotes":""},"categories":[22,24],"tags":[],"class_list":["post-135096","post","type-post","status-publish","format-standard","has-post-thumbnail","hentry","category-a-la-une","category-epinal"],"acf":[],"yoast_head":"<!-- This site is optimized with the Yoast SEO plugin v22.5 - https:\/\/yoast.com\/wordpress\/plugins\/seo\/ -->\n<title>Un nouveau contrat pour renforcer l\u2019\u00e9ducation artistique et culturelle dans l\u2019agglom\u00e9ration d\u2019\u00c9pinal - Epinal Info<\/title>\n<meta name=\"robots\" content=\"index, follow, max-snippet:-1, max-image-preview:large, max-video-preview:-1\" \/>\n<link rel=\"canonical\" href=\"https:\/\/vosgesinfo.fr\/epinalinfo\/?p=135096\" \/>\n<meta name=\"twitter:card\" content=\"summary_large_image\" \/>\n<meta name=\"twitter:title\" content=\"Un nouveau contrat pour renforcer l\u2019\u00e9ducation artistique et culturelle dans l\u2019agglom\u00e9ration d\u2019\u00c9pinal - Epinal Info\" \/>\n<meta name=\"twitter:description\" content=\"Vendredi 5 septembre \u00e0 Socourt, la Communaut\u00e9 d\u2019Agglom\u00e9ration d\u2019\u00c9pinal a officialis\u00e9 son engagement en faveur de la culture avec la [&hellip;]\" \/>\n<meta name=\"twitter:creator\" content=\"@VosgesInfo88\" \/>\n<meta name=\"twitter:site\" content=\"@VosgesInfo88\" \/>\n<meta name=\"twitter:label1\" content=\"\u00c9crit par\" \/>\n\t<meta name=\"twitter:data1\" content=\"C.K.\" \/>\n\t<meta name=\"twitter:label2\" content=\"Dur\u00e9e de lecture estim\u00e9e\" \/>\n\t<meta name=\"twitter:data2\" content=\"2 minutes\" \/>\n<script type=\"application\/ld+json\" class=\"yoast-schema-graph\">{\"@context\":\"https:\/\/schema.org\",\"@graph\":[{\"@type\":\"Article\",\"@id\":\"https:\/\/vosgesinfo.fr\/epinalinfo\/?p=135096#article\",\"isPartOf\":{\"@id\":\"https:\/\/vosgesinfo.fr\/epinalinfo\/?p=135096\"},\"author\":{\"name\":\"C.K.\",\"@id\":\"https:\/\/vosgesinfo.fr\/epinalinfo\/#\/schema\/person\/6f9a650eeea99d969b6c4ab78fccbe81\"},\"headline\":\"Un nouveau contrat pour renforcer l\u2019\u00e9ducation artistique et culturelle dans l\u2019agglom\u00e9ration d\u2019\u00c9pinal\",\"datePublished\":\"2025-09-09T07:00:30+00:00\",\"dateModified\":\"2025-09-09T07:13:11+00:00\",\"mainEntityOfPage\":{\"@id\":\"https:\/\/vosgesinfo.fr\/epinalinfo\/?p=135096\"},\"wordCount\":360,\"commentCount\":0,\"publisher\":{\"@id\":\"https:\/\/vosgesinfo.fr\/epinalinfo\/#organization\"},\"image\":{\"@id\":\"https:\/\/vosgesinfo.fr\/epinalinfo\/?p=135096#primaryimage\"},\"thumbnailUrl\":\"https:\/\/vosgesinfo.fr\/app\/uploads\/sites\/3\/2025\/09\/michel-heinrich.jpg\",\"articleSection\":[\"A la Une\",\"Epinal\"],\"inLanguage\":\"fr-FR\",\"potentialAction\":[{\"@type\":\"CommentAction\",\"name\":\"Comment\",\"target\":[\"https:\/\/vosgesinfo.fr\/epinalinfo\/?p=135096#respond\"]}]},{\"@type\":\"WebPage\",\"@id\":\"https:\/\/vosgesinfo.fr\/epinalinfo\/?p=135096\",\"url\":\"https:\/\/vosgesinfo.fr\/epinalinfo\/?p=135096\",\"name\":\"Un nouveau contrat pour renforcer l\u2019\u00e9ducation artistique et culturelle dans l\u2019agglom\u00e9ration d\u2019\u00c9pinal - Epinal Info\",\"isPartOf\":{\"@id\":\"https:\/\/vosgesinfo.fr\/epinalinfo\/#website\"},\"primaryImageOfPage\":{\"@id\":\"https:\/\/vosgesinfo.fr\/epinalinfo\/?p=135096#primaryimage\"},\"image\":{\"@id\":\"https:\/\/vosgesinfo.fr\/epinalinfo\/?p=135096#primaryimage\"},\"thumbnailUrl\":\"https:\/\/vosgesinfo.fr\/app\/uploads\/sites\/3\/2025\/09\/michel-heinrich.jpg\",\"datePublished\":\"2025-09-09T07:00:30+00:00\",\"dateModified\":\"2025-09-09T07:13:11+00:00\",\"breadcrumb\":{\"@id\":\"https:\/\/vosgesinfo.fr\/epinalinfo\/?p=135096#breadcrumb\"},\"inLanguage\":\"fr-FR\",\"potentialAction\":[{\"@type\":\"ReadAction\",\"target\":[\"https:\/\/vosgesinfo.fr\/epinalinfo\/?p=135096\"]}]},{\"@type\":\"ImageObject\",\"inLanguage\":\"fr-FR\",\"@id\":\"https:\/\/vosgesinfo.fr\/epinalinfo\/?p=135096#primaryimage\",\"url\":\"https:\/\/vosgesinfo.fr\/app\/uploads\/sites\/3\/2025\/09\/michel-heinrich.jpg\",\"contentUrl\":\"https:\/\/vosgesinfo.fr\/app\/uploads\/sites\/3\/2025\/09\/michel-heinrich.jpg\",\"width\":2048,\"height\":1362,\"caption\":\"photos CAE\"},{\"@type\":\"BreadcrumbList\",\"@id\":\"https:\/\/vosgesinfo.fr\/epinalinfo\/?p=135096#breadcrumb\",\"itemListElement\":[{\"@type\":\"ListItem\",\"position\":1,\"name\":\"Home\",\"item\":\"https:\/\/vosgesinfo.fr\/epinalinfo\/\"},{\"@type\":\"ListItem\",\"position\":2,\"name\":\"Un nouveau contrat pour renforcer l\u2019\u00e9ducation artistique et culturelle dans l\u2019agglom\u00e9ration d\u2019\u00c9pinal\"}]},{\"@type\":\"WebSite\",\"@id\":\"https:\/\/vosgesinfo.fr\/epinalinfo\/#website\",\"url\":\"https:\/\/vosgesinfo.fr\/epinalinfo\/\",\"name\":\"Epinal Info\",\"description\":\"Toute l&#039;actualit\u00e9 d&#039;\u00c9pinal\",\"publisher\":{\"@id\":\"https:\/\/vosgesinfo.fr\/epinalinfo\/#organization\"},\"alternateName\":\"Toute l'actualit\u00e9 d'\u00c9pinal\",\"potentialAction\":[{\"@type\":\"SearchAction\",\"target\":{\"@type\":\"EntryPoint\",\"urlTemplate\":\"https:\/\/vosgesinfo.fr\/epinalinfo\/?s={search_term_string}\"},\"query-input\":\"required name=search_term_string\"}],\"inLanguage\":\"fr-FR\"},{\"@type\":\"Organization\",\"@id\":\"https:\/\/vosgesinfo.fr\/epinalinfo\/#organization\",\"name\":\"Epinal Info\",\"url\":\"https:\/\/vosgesinfo.fr\/epinalinfo\/\",\"logo\":{\"@type\":\"ImageObject\",\"inLanguage\":\"fr-FR\",\"@id\":\"https:\/\/vosgesinfo.fr\/epinalinfo\/#\/schema\/logo\/image\/\",\"url\":\"https:\/\/vosgesinfo.fr\/app\/uploads\/sites\/3\/2023\/08\/logo-epinalinfos.svg\",\"contentUrl\":\"https:\/\/vosgesinfo.fr\/app\/uploads\/sites\/3\/2023\/08\/logo-epinalinfos.svg\",\"width\":1,\"height\":1,\"caption\":\"Epinal Info\"},\"image\":{\"@id\":\"https:\/\/vosgesinfo.fr\/epinalinfo\/#\/schema\/logo\/image\/\"},\"sameAs\":[\"https:\/\/www.facebook.com\/Epinalinfos\",\"https:\/\/x.com\/VosgesInfo88\",\"https:\/\/www.youtube.com\/@vosgesinfo\"]},{\"@type\":\"Person\",\"@id\":\"https:\/\/vosgesinfo.fr\/epinalinfo\/#\/schema\/person\/6f9a650eeea99d969b6c4ab78fccbe81\",\"name\":\"C.K.\",\"image\":{\"@type\":\"ImageObject\",\"inLanguage\":\"fr-FR\",\"@id\":\"https:\/\/vosgesinfo.fr\/epinalinfo\/#\/schema\/person\/image\/\",\"url\":\"https:\/\/secure.gravatar.com\/avatar\/48e3fc7f8421ba8942be6b74a2b7f014ca39bc00dece156b7a8e098ae7dc87bf?s=96&d=mm&r=g\",\"contentUrl\":\"https:\/\/secure.gravatar.com\/avatar\/48e3fc7f8421ba8942be6b74a2b7f014ca39bc00dece156b7a8e098ae7dc87bf?s=96&d=mm&r=g\",\"caption\":\"C.K.\"},\"url\":\"https:\/\/vosgesinfo.fr\/epinalinfo\/author\/celia-k-n\/\"}]}<\/script>\n<!-- \/ Yoast SEO plugin. -->","yoast_head_json":{"title":"Un nouveau contrat pour renforcer l\u2019\u00e9ducation artistique et culturelle dans l\u2019agglom\u00e9ration d\u2019\u00c9pinal - Epinal Info","robots":{"index":"index","follow":"follow","max-snippet":"max-snippet:-1","max-image-preview":"max-image-preview:large","max-video-preview":"max-video-preview:-1"},"canonical":"https:\/\/vosgesinfo.fr\/epinalinfo\/?p=135096","twitter_card":"summary_large_image","twitter_title":"Un nouveau contrat pour renforcer l\u2019\u00e9ducation artistique et culturelle dans l\u2019agglom\u00e9ration d\u2019\u00c9pinal - Epinal Info","twitter_description":"Vendredi 5 septembre \u00e0 Socourt, la Communaut\u00e9 d\u2019Agglom\u00e9ration d\u2019\u00c9pinal a officialis\u00e9 son engagement en faveur de la culture avec la [&hellip;]","twitter_creator":"@VosgesInfo88","twitter_site":"@VosgesInfo88","twitter_misc":{"\u00c9crit par":"C.K.","Dur\u00e9e de lecture estim\u00e9e":"2 minutes"},"schema":{"@context":"https:\/\/schema.org","@graph":[{"@type":"Article","@id":"https:\/\/vosgesinfo.fr\/epinalinfo\/?p=135096#article","isPartOf":{"@id":"https:\/\/vosgesinfo.fr\/epinalinfo\/?p=135096"},"author":{"name":"C.K.","@id":"https:\/\/vosgesinfo.fr\/epinalinfo\/#\/schema\/person\/6f9a650eeea99d969b6c4ab78fccbe81"},"headline":"Un nouveau contrat pour renforcer l\u2019\u00e9ducation artistique et culturelle dans l\u2019agglom\u00e9ration d\u2019\u00c9pinal","datePublished":"2025-09-09T07:00:30+00:00","dateModified":"2025-09-09T07:13:11+00:00","mainEntityOfPage":{"@id":"https:\/\/vosgesinfo.fr\/epinalinfo\/?p=135096"},"wordCount":360,"commentCount":0,"publisher":{"@id":"https:\/\/vosgesinfo.fr\/epinalinfo\/#organization"},"image":{"@id":"https:\/\/vosgesinfo.fr\/epinalinfo\/?p=135096#primaryimage"},"thumbnailUrl":"https:\/\/vosgesinfo.fr\/app\/uploads\/sites\/3\/2025\/09\/michel-heinrich.jpg","articleSection":["A la Une","Epinal"],"inLanguage":"fr-FR","potentialAction":[{"@type":"CommentAction","name":"Comment","target":["https:\/\/vosgesinfo.fr\/epinalinfo\/?p=135096#respond"]}]},{"@type":"WebPage","@id":"https:\/\/vosgesinfo.fr\/epinalinfo\/?p=135096","url":"https:\/\/vosgesinfo.fr\/epinalinfo\/?p=135096","name":"Un nouveau contrat pour renforcer l\u2019\u00e9ducation artistique et culturelle dans l\u2019agglom\u00e9ration d\u2019\u00c9pinal - Epinal Info","isPartOf":{"@id":"https:\/\/vosgesinfo.fr\/epinalinfo\/#website"},"primaryImageOfPage":{"@id":"https:\/\/vosgesinfo.fr\/epinalinfo\/?p=135096#primaryimage"},"image":{"@id":"https:\/\/vosgesinfo.fr\/epinalinfo\/?p=135096#primaryimage"},"thumbnailUrl":"https:\/\/vosgesinfo.fr\/app\/uploads\/sites\/3\/2025\/09\/michel-heinrich.jpg","datePublished":"2025-09-09T07:00:30+00:00","dateModified":"2025-09-09T07:13:11+00:00","breadcrumb":{"@id":"https:\/\/vosgesinfo.fr\/epinalinfo\/?p=135096#breadcrumb"},"inLanguage":"fr-FR","potentialAction":[{"@type":"ReadAction","target":["https:\/\/vosgesinfo.fr\/epinalinfo\/?p=135096"]}]},{"@type":"ImageObject","inLanguage":"fr-FR","@id":"https:\/\/vosgesinfo.fr\/epinalinfo\/?p=135096#primaryimage","url":"https:\/\/vosgesinfo.fr\/app\/uploads\/sites\/3\/2025\/09\/michel-heinrich.jpg","contentUrl":"https:\/\/vosgesinfo.fr\/app\/uploads\/sites\/3\/2025\/09\/michel-heinrich.jpg","width":2048,"height":1362,"caption":"photos CAE"},{"@type":"BreadcrumbList","@id":"https:\/\/vosgesinfo.fr\/epinalinfo\/?p=135096#breadcrumb","itemListElement":[{"@type":"ListItem","position":1,"name":"Home","item":"https:\/\/vosgesinfo.fr\/epinalinfo\/"},{"@type":"ListItem","position":2,"name":"Un nouveau contrat pour renforcer l\u2019\u00e9ducation artistique et culturelle dans l\u2019agglom\u00e9ration d\u2019\u00c9pinal"}]},{"@type":"WebSite","@id":"https:\/\/vosgesinfo.fr\/epinalinfo\/#website","url":"https:\/\/vosgesinfo.fr\/epinalinfo\/","name":"Epinal Info","description":"Toute l&#039;actualit\u00e9 d&#039;\u00c9pinal","publisher":{"@id":"https:\/\/vosgesinfo.fr\/epinalinfo\/#organization"},"alternateName":"Toute l'actualit\u00e9 d'\u00c9pinal","potentialAction":[{"@type":"SearchAction","target":{"@type":"EntryPoint","urlTemplate":"https:\/\/vosgesinfo.fr\/epinalinfo\/?s={search_term_string}"},"query-input":"required name=search_term_string"}],"inLanguage":"fr-FR"},{"@type":"Organization","@id":"https:\/\/vosgesinfo.fr\/epinalinfo\/#organization","name":"Epinal Info","url":"https:\/\/vosgesinfo.fr\/epinalinfo\/","logo":{"@type":"ImageObject","inLanguage":"fr-FR","@id":"https:\/\/vosgesinfo.fr\/epinalinfo\/#\/schema\/logo\/image\/","url":"https:\/\/vosgesinfo.fr\/app\/uploads\/sites\/3\/2023\/08\/logo-epinalinfos.svg","contentUrl":"https:\/\/vosgesinfo.fr\/app\/uploads\/sites\/3\/2023\/08\/logo-epinalinfos.svg","width":1,"height":1,"caption":"Epinal Info"},"image":{"@id":"https:\/\/vosgesinfo.fr\/epinalinfo\/#\/schema\/logo\/image\/"},"sameAs":["https:\/\/www.facebook.com\/Epinalinfos","https:\/\/x.com\/VosgesInfo88","https:\/\/www.youtube.com\/@vosgesinfo"]},{"@type":"Person","@id":"https:\/\/vosgesinfo.fr\/epinalinfo\/#\/schema\/person\/6f9a650eeea99d969b6c4ab78fccbe81","name":"C.K.","image":{"@type":"ImageObject","inLanguage":"fr-FR","@id":"https:\/\/vosgesinfo.fr\/epinalinfo\/#\/schema\/person\/image\/","url":"https:\/\/secure.gravatar.com\/avatar\/48e3fc7f8421ba8942be6b74a2b7f014ca39bc00dece156b7a8e098ae7dc87bf?s=96&d=mm&r=g","contentUrl":"https:\/\/secure.gravatar.com\/avatar\/48e3fc7f8421ba8942be6b74a2b7f014ca39bc00dece156b7a8e098ae7dc87bf?s=96&d=mm&r=g","caption":"C.K."},"url":"https:\/\/vosgesinfo.fr\/epinalinfo\/author\/celia-k-n\/"}]}},"_links":{"self":[{"href":"https:\/\/vosgesinfo.fr\/epinalinfo\/wp-json\/wp\/v2\/posts\/135096","targetHints":{"allow":["GET"]}}],"collection":[{"href":"https:\/\/vosgesinfo.fr\/epinalinfo\/wp-json\/wp\/v2\/posts"}],"about":[{"href":"https:\/\/vosgesinfo.fr\/epinalinfo\/wp-json\/wp\/v2\/types\/post"}],"author":[{"embeddable":true,"href":"https:\/\/vosgesinfo.fr\/epinalinfo\/wp-json\/wp\/v2\/users\/52"}],"replies":[{"embeddable":true,"href":"https:\/\/vosgesinfo.fr\/epinalinfo\/wp-json\/wp\/v2\/comments?post=135096"}],"version-history":[{"count":1,"href":"https:\/\/vosgesinfo.fr\/epinalinfo\/wp-json\/wp\/v2\/posts\/135096\/revisions"}],"predecessor-version":[{"id":135100,"href":"https:\/\/vosgesinfo.fr\/epinalinfo\/wp-json\/wp\/v2\/posts\/135096\/revisions\/135100"}],"wp:featuredmedia":[{"embeddable":true,"href":"https:\/\/vosgesinfo.fr\/epinalinfo\/wp-json\/wp\/v2\/media\/135097"}],"wp:attachment":[{"href":"https:\/\/vosgesinfo.fr\/epinalinfo\/wp-json\/wp\/v2\/media?parent=135096"}],"wp:term":[{"taxonomy":"category","embeddable":true,"href":"https:\/\/vosgesinfo.fr\/epinalinfo\/wp-json\/wp\/v2\/categories?post=135096"},{"taxonomy":"post_tag","embeddable":true,"href":"https:\/\/vosgesinfo.fr\/epinalinfo\/wp-json\/wp\/v2\/tags?post=135096"}],"curies":[{"name":"wp","href":"https:\/\/api.w.org\/{rel}","templated":true}]}}