{"id":135104,"date":"2025-09-09T09:17:36","date_gmt":"2025-09-09T07:17:36","guid":{"rendered":"https:\/\/vosgesinfo.fr\/epinalinfo\/?p=135104"},"modified":"2025-09-09T09:17:36","modified_gmt":"2025-09-09T07:17:36","slug":"liquidation-judiciaire-pour-abc-et-abw-des-repreneurs-deja-sur-les-rangs","status":"publish","type":"post","link":"https:\/\/vosgesinfo.fr\/epinalinfo\/2025\/09\/liquidation-judiciaire-pour-abc-et-abw-des-repreneurs-deja-sur-les-rangs\/","title":{"rendered":"Liquidation judiciaire pour ABC et ABW : des repreneurs d\u00e9j\u00e0 sur les rangs"},"content":{"rendered":"<h2 data-start=\"173\" data-end=\"550\"><strong><a href=\"https:\/\/vosgesinfo.fr\/app\/uploads\/sites\/3\/2025\/08\/societes-dambulances-vosgiennes-4.jpg\"><img decoding=\"async\" class=\"aligncenter size-full wp-image-134757\" src=\"https:\/\/vosgesinfo.fr\/app\/uploads\/sites\/3\/2025\/08\/societes-dambulances-vosgiennes-4.jpg\" alt=\"\" width=\"799\" height=\"599\" srcset=\"https:\/\/vosgesinfo.fr\/app\/uploads\/sites\/3\/2025\/08\/societes-dambulances-vosgiennes-4.jpg 799w, https:\/\/vosgesinfo.fr\/app\/uploads\/sites\/3\/2025\/08\/societes-dambulances-vosgiennes-4-300x225.jpg 300w, https:\/\/vosgesinfo.fr\/app\/uploads\/sites\/3\/2025\/08\/societes-dambulances-vosgiennes-4-768x576.jpg 768w\" sizes=\"(max-width: 799px) 100vw, 799px\" \/><\/a>Le tribunal de commerce de Nancy a prononc\u00e9 mercredi dernier la liquidation judiciaire des soci\u00e9t\u00e9s ABC (Ambulances Bruy\u00e8res Canton), implant\u00e9e \u00e0 Bruy\u00e8res, et ABW (Ambulances Borel-Walter), situ\u00e9e \u00e0 Lerrain. Ces deux entreprises, appartenant au groupe M\u00e9di 3F bas\u00e9 \u00e0 Thaon-les-Vosges, emploient au total 25 salari\u00e9s dont les postes sont d\u00e9sormais menac\u00e9s.<\/strong><\/h2>\n<h3 data-start=\"552\" data-end=\"594\">Une r\u00e9union sur l\u2019avenir des salari\u00e9s<\/h3>\n<p data-start=\"595\" data-end=\"908\">Lundi matin, le <strong data-start=\"611\" data-end=\"648\">Comit\u00e9 Social et \u00c9conomique (CSE)<\/strong> s\u2019est r\u00e9uni \u00e0 Thaon-les-Vosges. Les discussions ont port\u00e9 sur la mise en place d\u2019un <strong data-start=\"733\" data-end=\"773\">Plan de Sauvegarde de l\u2019Emploi (PSE)<\/strong>, les possibilit\u00e9s de <strong data-start=\"795\" data-end=\"811\">reclassement<\/strong> au sein de M\u00e9di 3F ou dans d\u2019autres structures, ainsi que sur les premi\u00e8res pistes de reprise.<\/p>\n<h3 data-start=\"910\" data-end=\"939\">Des candidats int\u00e9ress\u00e9s<\/h3>\n<p data-start=\"940\" data-end=\"1420\">Malgr\u00e9 ce contexte difficile, des <strong data-start=\"974\" data-end=\"998\">signes encourageants<\/strong> apparaissent. Plusieurs repreneurs potentiels se sont d\u00e9j\u00e0 manifest\u00e9s.<br data-start=\"1069\" data-end=\"1072\" \/>Selon <strong data-start=\"1078\" data-end=\"1100\">Christelle L\u00e9v\u00eaque<\/strong>, repr\u00e9sentante des salari\u00e9s d\u2019ABC et d\u00e9l\u00e9gu\u00e9e syndicale CFDT de M\u00e9di 3F, <strong data-start=\"1174\" data-end=\"1204\">trois groupes ambulanciers<\/strong> et plusieurs soci\u00e9t\u00e9s priv\u00e9es ont fait part de leur int\u00e9r\u00eat pour racheter tout ou partie des activit\u00e9s. Une premi\u00e8re rencontre entre salari\u00e9s et repreneurs s\u2019est tenue jeudi dernier, une autre est pr\u00e9vue ce jeudi.<\/p>\n<p data-start=\"1422\" data-end=\"1669\">Par ailleurs, certaines entreprises vosgiennes envisageraient de se regrouper pour proposer une offre commune, afin de pr\u00e9server les emplois et maintenir l\u2019activit\u00e9. Une r\u00e9union entre les soci\u00e9t\u00e9s int\u00e9ress\u00e9es devait avoir lieu d\u00e8s ce lundi soir.<\/p>\n<h3 data-start=\"1671\" data-end=\"1713\">D\u00e9cision attendue d\u2019ici fin septembre<\/h3>\n<p data-start=\"1714\" data-end=\"1943\">Les repreneurs potentiels disposent d\u00e9sormais de <strong data-start=\"1763\" data-end=\"1784\">quelques semaines<\/strong>, jusqu\u2019\u00e0 la fin septembre, pour d\u00e9poser leurs dossiers. L\u2019avenir des deux soci\u00e9t\u00e9s, et surtout celui de leurs salari\u00e9s, devrait donc se pr\u00e9ciser rapidement.<\/p>\n","protected":false},"excerpt":{"rendered":"<p>Le tribunal de commerce de Nancy a prononc\u00e9 mercredi dernier la liquidation judiciaire des soci\u00e9t\u00e9s ABC (Ambulances Bruy\u00e8res Canton), implant\u00e9e [&hellip;]<\/p>\n","protected":false},"author":52,"featured_media":134757,"comment_status":"open","ping_status":"open","sticky":false,"template":"","format":"standard","meta":{"footnotes":""},"categories":[22,24,5],"tags":[],"class_list":["post-135104","post","type-post","status-publish","format-standard","has-post-thumbnail","hentry","category-a-la-une","category-epinal","category-vosges"],"acf":[],"yoast_head":"<!-- This site is optimized with the Yoast SEO plugin v22.5 - https:\/\/yoast.com\/wordpress\/plugins\/seo\/ -->\n<title>Liquidation judiciaire pour ABC et ABW : des repreneurs d\u00e9j\u00e0 sur les rangs - Epinal Info<\/title>\n<meta name=\"robots\" content=\"index, follow, max-snippet:-1, max-image-preview:large, max-video-preview:-1\" \/>\n<link rel=\"canonical\" href=\"https:\/\/vosgesinfo.fr\/epinalinfo\/?p=135104\" \/>\n<meta name=\"twitter:card\" content=\"summary_large_image\" \/>\n<meta name=\"twitter:title\" content=\"Liquidation judiciaire pour ABC et ABW : des repreneurs d\u00e9j\u00e0 sur les rangs - Epinal Info\" \/>\n<meta name=\"twitter:description\" content=\"Le tribunal de commerce de Nancy a prononc\u00e9 mercredi dernier la liquidation judiciaire des soci\u00e9t\u00e9s ABC (Ambulances Bruy\u00e8res Canton), implant\u00e9e [&hellip;]\" \/>\n<meta name=\"twitter:creator\" content=\"@VosgesInfo88\" \/>\n<meta name=\"twitter:site\" content=\"@VosgesInfo88\" \/>\n<meta name=\"twitter:label1\" content=\"\u00c9crit par\" \/>\n\t<meta name=\"twitter:data1\" content=\"C.K.\" \/>\n\t<meta name=\"twitter:label2\" content=\"Dur\u00e9e de lecture estim\u00e9e\" \/>\n\t<meta name=\"twitter:data2\" content=\"2 minutes\" \/>\n<script type=\"application\/ld+json\" class=\"yoast-schema-graph\">{\"@context\":\"https:\/\/schema.org\",\"@graph\":[{\"@type\":\"Article\",\"@id\":\"https:\/\/vosgesinfo.fr\/epinalinfo\/?p=135104#article\",\"isPartOf\":{\"@id\":\"https:\/\/vosgesinfo.fr\/epinalinfo\/?p=135104\"},\"author\":{\"name\":\"C.K.\",\"@id\":\"https:\/\/vosgesinfo.fr\/epinalinfo\/#\/schema\/person\/6f9a650eeea99d969b6c4ab78fccbe81\"},\"headline\":\"Liquidation judiciaire pour ABC et ABW : des repreneurs d\u00e9j\u00e0 sur les rangs\",\"datePublished\":\"2025-09-09T07:17:36+00:00\",\"dateModified\":\"2025-09-09T07:17:36+00:00\",\"mainEntityOfPage\":{\"@id\":\"https:\/\/vosgesinfo.fr\/epinalinfo\/?p=135104\"},\"wordCount\":315,\"commentCount\":0,\"publisher\":{\"@id\":\"https:\/\/vosgesinfo.fr\/epinalinfo\/#organization\"},\"image\":{\"@id\":\"https:\/\/vosgesinfo.fr\/epinalinfo\/?p=135104#primaryimage\"},\"thumbnailUrl\":\"https:\/\/vosgesinfo.fr\/app\/uploads\/sites\/3\/2025\/08\/societes-dambulances-vosgiennes-4.jpg\",\"articleSection\":[\"A la Une\",\"Epinal\",\"Vosges\"],\"inLanguage\":\"fr-FR\",\"potentialAction\":[{\"@type\":\"CommentAction\",\"name\":\"Comment\",\"target\":[\"https:\/\/vosgesinfo.fr\/epinalinfo\/?p=135104#respond\"]}]},{\"@type\":\"WebPage\",\"@id\":\"https:\/\/vosgesinfo.fr\/epinalinfo\/?p=135104\",\"url\":\"https:\/\/vosgesinfo.fr\/epinalinfo\/?p=135104\",\"name\":\"Liquidation judiciaire pour ABC et ABW : des repreneurs d\u00e9j\u00e0 sur les rangs - Epinal Info\",\"isPartOf\":{\"@id\":\"https:\/\/vosgesinfo.fr\/epinalinfo\/#website\"},\"primaryImageOfPage\":{\"@id\":\"https:\/\/vosgesinfo.fr\/epinalinfo\/?p=135104#primaryimage\"},\"image\":{\"@id\":\"https:\/\/vosgesinfo.fr\/epinalinfo\/?p=135104#primaryimage\"},\"thumbnailUrl\":\"https:\/\/vosgesinfo.fr\/app\/uploads\/sites\/3\/2025\/08\/societes-dambulances-vosgiennes-4.jpg\",\"datePublished\":\"2025-09-09T07:17:36+00:00\",\"dateModified\":\"2025-09-09T07:17:36+00:00\",\"breadcrumb\":{\"@id\":\"https:\/\/vosgesinfo.fr\/epinalinfo\/?p=135104#breadcrumb\"},\"inLanguage\":\"fr-FR\",\"potentialAction\":[{\"@type\":\"ReadAction\",\"target\":[\"https:\/\/vosgesinfo.fr\/epinalinfo\/?p=135104\"]}]},{\"@type\":\"ImageObject\",\"inLanguage\":\"fr-FR\",\"@id\":\"https:\/\/vosgesinfo.fr\/epinalinfo\/?p=135104#primaryimage\",\"url\":\"https:\/\/vosgesinfo.fr\/app\/uploads\/sites\/3\/2025\/08\/societes-dambulances-vosgiennes-4.jpg\",\"contentUrl\":\"https:\/\/vosgesinfo.fr\/app\/uploads\/sites\/3\/2025\/08\/societes-dambulances-vosgiennes-4.jpg\",\"width\":799,\"height\":599},{\"@type\":\"BreadcrumbList\",\"@id\":\"https:\/\/vosgesinfo.fr\/epinalinfo\/?p=135104#breadcrumb\",\"itemListElement\":[{\"@type\":\"ListItem\",\"position\":1,\"name\":\"Home\",\"item\":\"https:\/\/vosgesinfo.fr\/epinalinfo\/\"},{\"@type\":\"ListItem\",\"position\":2,\"name\":\"Liquidation judiciaire pour ABC et ABW : des repreneurs d\u00e9j\u00e0 sur les rangs\"}]},{\"@type\":\"WebSite\",\"@id\":\"https:\/\/vosgesinfo.fr\/epinalinfo\/#website\",\"url\":\"https:\/\/vosgesinfo.fr\/epinalinfo\/\",\"name\":\"Epinal Info\",\"description\":\"Toute l&#039;actualit\u00e9 d&#039;\u00c9pinal\",\"publisher\":{\"@id\":\"https:\/\/vosgesinfo.fr\/epinalinfo\/#organization\"},\"alternateName\":\"Toute l'actualit\u00e9 d'\u00c9pinal\",\"potentialAction\":[{\"@type\":\"SearchAction\",\"target\":{\"@type\":\"EntryPoint\",\"urlTemplate\":\"https:\/\/vosgesinfo.fr\/epinalinfo\/?s={search_term_string}\"},\"query-input\":\"required name=search_term_string\"}],\"inLanguage\":\"fr-FR\"},{\"@type\":\"Organization\",\"@id\":\"https:\/\/vosgesinfo.fr\/epinalinfo\/#organization\",\"name\":\"Epinal Info\",\"url\":\"https:\/\/vosgesinfo.fr\/epinalinfo\/\",\"logo\":{\"@type\":\"ImageObject\",\"inLanguage\":\"fr-FR\",\"@id\":\"https:\/\/vosgesinfo.fr\/epinalinfo\/#\/schema\/logo\/image\/\",\"url\":\"https:\/\/vosgesinfo.fr\/app\/uploads\/sites\/3\/2023\/08\/logo-epinalinfos.svg\",\"contentUrl\":\"https:\/\/vosgesinfo.fr\/app\/uploads\/sites\/3\/2023\/08\/logo-epinalinfos.svg\",\"width\":1,\"height\":1,\"caption\":\"Epinal Info\"},\"image\":{\"@id\":\"https:\/\/vosgesinfo.fr\/epinalinfo\/#\/schema\/logo\/image\/\"},\"sameAs\":[\"https:\/\/www.facebook.com\/Epinalinfos\",\"https:\/\/x.com\/VosgesInfo88\",\"https:\/\/www.youtube.com\/@vosgesinfo\"]},{\"@type\":\"Person\",\"@id\":\"https:\/\/vosgesinfo.fr\/epinalinfo\/#\/schema\/person\/6f9a650eeea99d969b6c4ab78fccbe81\",\"name\":\"C.K.\",\"image\":{\"@type\":\"ImageObject\",\"inLanguage\":\"fr-FR\",\"@id\":\"https:\/\/vosgesinfo.fr\/epinalinfo\/#\/schema\/person\/image\/\",\"url\":\"https:\/\/secure.gravatar.com\/avatar\/48e3fc7f8421ba8942be6b74a2b7f014ca39bc00dece156b7a8e098ae7dc87bf?s=96&d=mm&r=g\",\"contentUrl\":\"https:\/\/secure.gravatar.com\/avatar\/48e3fc7f8421ba8942be6b74a2b7f014ca39bc00dece156b7a8e098ae7dc87bf?s=96&d=mm&r=g\",\"caption\":\"C.K.\"},\"url\":\"https:\/\/vosgesinfo.fr\/epinalinfo\/author\/celia-k-n\/\"}]}<\/script>\n<!-- \/ Yoast SEO plugin. -->","yoast_head_json":{"title":"Liquidation judiciaire pour ABC et ABW : des repreneurs d\u00e9j\u00e0 sur les rangs - Epinal Info","robots":{"index":"index","follow":"follow","max-snippet":"max-snippet:-1","max-image-preview":"max-image-preview:large","max-video-preview":"max-video-preview:-1"},"canonical":"https:\/\/vosgesinfo.fr\/epinalinfo\/?p=135104","twitter_card":"summary_large_image","twitter_title":"Liquidation judiciaire pour ABC et ABW : des repreneurs d\u00e9j\u00e0 sur les rangs - Epinal Info","twitter_description":"Le tribunal de commerce de Nancy a prononc\u00e9 mercredi dernier la liquidation judiciaire des soci\u00e9t\u00e9s ABC (Ambulances Bruy\u00e8res Canton), implant\u00e9e [&hellip;]","twitter_creator":"@VosgesInfo88","twitter_site":"@VosgesInfo88","twitter_misc":{"\u00c9crit par":"C.K.","Dur\u00e9e de lecture estim\u00e9e":"2 minutes"},"schema":{"@context":"https:\/\/schema.org","@graph":[{"@type":"Article","@id":"https:\/\/vosgesinfo.fr\/epinalinfo\/?p=135104#article","isPartOf":{"@id":"https:\/\/vosgesinfo.fr\/epinalinfo\/?p=135104"},"author":{"name":"C.K.","@id":"https:\/\/vosgesinfo.fr\/epinalinfo\/#\/schema\/person\/6f9a650eeea99d969b6c4ab78fccbe81"},"headline":"Liquidation judiciaire pour ABC et ABW : des repreneurs d\u00e9j\u00e0 sur les rangs","datePublished":"2025-09-09T07:17:36+00:00","dateModified":"2025-09-09T07:17:36+00:00","mainEntityOfPage":{"@id":"https:\/\/vosgesinfo.fr\/epinalinfo\/?p=135104"},"wordCount":315,"commentCount":0,"publisher":{"@id":"https:\/\/vosgesinfo.fr\/epinalinfo\/#organization"},"image":{"@id":"https:\/\/vosgesinfo.fr\/epinalinfo\/?p=135104#primaryimage"},"thumbnailUrl":"https:\/\/vosgesinfo.fr\/app\/uploads\/sites\/3\/2025\/08\/societes-dambulances-vosgiennes-4.jpg","articleSection":["A la Une","Epinal","Vosges"],"inLanguage":"fr-FR","potentialAction":[{"@type":"CommentAction","name":"Comment","target":["https:\/\/vosgesinfo.fr\/epinalinfo\/?p=135104#respond"]}]},{"@type":"WebPage","@id":"https:\/\/vosgesinfo.fr\/epinalinfo\/?p=135104","url":"https:\/\/vosgesinfo.fr\/epinalinfo\/?p=135104","name":"Liquidation judiciaire pour ABC et ABW : des repreneurs d\u00e9j\u00e0 sur les rangs - Epinal Info","isPartOf":{"@id":"https:\/\/vosgesinfo.fr\/epinalinfo\/#website"},"primaryImageOfPage":{"@id":"https:\/\/vosgesinfo.fr\/epinalinfo\/?p=135104#primaryimage"},"image":{"@id":"https:\/\/vosgesinfo.fr\/epinalinfo\/?p=135104#primaryimage"},"thumbnailUrl":"https:\/\/vosgesinfo.fr\/app\/uploads\/sites\/3\/2025\/08\/societes-dambulances-vosgiennes-4.jpg","datePublished":"2025-09-09T07:17:36+00:00","dateModified":"2025-09-09T07:17:36+00:00","breadcrumb":{"@id":"https:\/\/vosgesinfo.fr\/epinalinfo\/?p=135104#breadcrumb"},"inLanguage":"fr-FR","potentialAction":[{"@type":"ReadAction","target":["https:\/\/vosgesinfo.fr\/epinalinfo\/?p=135104"]}]},{"@type":"ImageObject","inLanguage":"fr-FR","@id":"https:\/\/vosgesinfo.fr\/epinalinfo\/?p=135104#primaryimage","url":"https:\/\/vosgesinfo.fr\/app\/uploads\/sites\/3\/2025\/08\/societes-dambulances-vosgiennes-4.jpg","contentUrl":"https:\/\/vosgesinfo.fr\/app\/uploads\/sites\/3\/2025\/08\/societes-dambulances-vosgiennes-4.jpg","width":799,"height":599},{"@type":"BreadcrumbList","@id":"https:\/\/vosgesinfo.fr\/epinalinfo\/?p=135104#breadcrumb","itemListElement":[{"@type":"ListItem","position":1,"name":"Home","item":"https:\/\/vosgesinfo.fr\/epinalinfo\/"},{"@type":"ListItem","position":2,"name":"Liquidation judiciaire pour ABC et ABW : des repreneurs d\u00e9j\u00e0 sur les rangs"}]},{"@type":"WebSite","@id":"https:\/\/vosgesinfo.fr\/epinalinfo\/#website","url":"https:\/\/vosgesinfo.fr\/epinalinfo\/","name":"Epinal Info","description":"Toute l&#039;actualit\u00e9 d&#039;\u00c9pinal","publisher":{"@id":"https:\/\/vosgesinfo.fr\/epinalinfo\/#organization"},"alternateName":"Toute l'actualit\u00e9 d'\u00c9pinal","potentialAction":[{"@type":"SearchAction","target":{"@type":"EntryPoint","urlTemplate":"https:\/\/vosgesinfo.fr\/epinalinfo\/?s={search_term_string}"},"query-input":"required name=search_term_string"}],"inLanguage":"fr-FR"},{"@type":"Organization","@id":"https:\/\/vosgesinfo.fr\/epinalinfo\/#organization","name":"Epinal Info","url":"https:\/\/vosgesinfo.fr\/epinalinfo\/","logo":{"@type":"ImageObject","inLanguage":"fr-FR","@id":"https:\/\/vosgesinfo.fr\/epinalinfo\/#\/schema\/logo\/image\/","url":"https:\/\/vosgesinfo.fr\/app\/uploads\/sites\/3\/2023\/08\/logo-epinalinfos.svg","contentUrl":"https:\/\/vosgesinfo.fr\/app\/uploads\/sites\/3\/2023\/08\/logo-epinalinfos.svg","width":1,"height":1,"caption":"Epinal Info"},"image":{"@id":"https:\/\/vosgesinfo.fr\/epinalinfo\/#\/schema\/logo\/image\/"},"sameAs":["https:\/\/www.facebook.com\/Epinalinfos","https:\/\/x.com\/VosgesInfo88","https:\/\/www.youtube.com\/@vosgesinfo"]},{"@type":"Person","@id":"https:\/\/vosgesinfo.fr\/epinalinfo\/#\/schema\/person\/6f9a650eeea99d969b6c4ab78fccbe81","name":"C.K.","image":{"@type":"ImageObject","inLanguage":"fr-FR","@id":"https:\/\/vosgesinfo.fr\/epinalinfo\/#\/schema\/person\/image\/","url":"https:\/\/secure.gravatar.com\/avatar\/48e3fc7f8421ba8942be6b74a2b7f014ca39bc00dece156b7a8e098ae7dc87bf?s=96&d=mm&r=g","contentUrl":"https:\/\/secure.gravatar.com\/avatar\/48e3fc7f8421ba8942be6b74a2b7f014ca39bc00dece156b7a8e098ae7dc87bf?s=96&d=mm&r=g","caption":"C.K."},"url":"https:\/\/vosgesinfo.fr\/epinalinfo\/author\/celia-k-n\/"}]}},"_links":{"self":[{"href":"https:\/\/vosgesinfo.fr\/epinalinfo\/wp-json\/wp\/v2\/posts\/135104","targetHints":{"allow":["GET"]}}],"collection":[{"href":"https:\/\/vosgesinfo.fr\/epinalinfo\/wp-json\/wp\/v2\/posts"}],"about":[{"href":"https:\/\/vosgesinfo.fr\/epinalinfo\/wp-json\/wp\/v2\/types\/post"}],"author":[{"embeddable":true,"href":"https:\/\/vosgesinfo.fr\/epinalinfo\/wp-json\/wp\/v2\/users\/52"}],"replies":[{"embeddable":true,"href":"https:\/\/vosgesinfo.fr\/epinalinfo\/wp-json\/wp\/v2\/comments?post=135104"}],"version-history":[{"count":1,"href":"https:\/\/vosgesinfo.fr\/epinalinfo\/wp-json\/wp\/v2\/posts\/135104\/revisions"}],"predecessor-version":[{"id":135105,"href":"https:\/\/vosgesinfo.fr\/epinalinfo\/wp-json\/wp\/v2\/posts\/135104\/revisions\/135105"}],"wp:featuredmedia":[{"embeddable":true,"href":"https:\/\/vosgesinfo.fr\/epinalinfo\/wp-json\/wp\/v2\/media\/134757"}],"wp:attachment":[{"href":"https:\/\/vosgesinfo.fr\/epinalinfo\/wp-json\/wp\/v2\/media?parent=135104"}],"wp:term":[{"taxonomy":"category","embeddable":true,"href":"https:\/\/vosgesinfo.fr\/epinalinfo\/wp-json\/wp\/v2\/categories?post=135104"},{"taxonomy":"post_tag","embeddable":true,"href":"https:\/\/vosgesinfo.fr\/epinalinfo\/wp-json\/wp\/v2\/tags?post=135104"}],"curies":[{"name":"wp","href":"https:\/\/api.w.org\/{rel}","templated":true}]}}