{"id":135108,"date":"2025-09-09T11:10:48","date_gmt":"2025-09-09T09:10:48","guid":{"rendered":"https:\/\/vosgesinfo.fr\/epinalinfo\/?p=135108"},"modified":"2025-09-09T11:04:38","modified_gmt":"2025-09-09T09:04:38","slug":"thaon-les-vosges-la-fete-du-sport-a-rassemble-pres-de-2-000-personnes","status":"publish","type":"post","link":"https:\/\/vosgesinfo.fr\/epinalinfo\/2025\/09\/thaon-les-vosges-la-fete-du-sport-a-rassemble-pres-de-2-000-personnes\/","title":{"rendered":"Thaon-les-Vosges : la F\u00eate du Sport a rassembl\u00e9 pr\u00e8s de 2 000 personnes"},"content":{"rendered":"<div id=\"attachment_135109\" style=\"width: 2010px\" class=\"wp-caption aligncenter\"><a href=\"https:\/\/vosgesinfo.fr\/app\/uploads\/sites\/3\/2025\/09\/fete-du-sport-thaon2.jpg\"><img decoding=\"async\" aria-describedby=\"caption-attachment-135109\" class=\"size-full wp-image-135109\" src=\"https:\/\/vosgesinfo.fr\/app\/uploads\/sites\/3\/2025\/09\/fete-du-sport-thaon2.jpg\" alt=\"\" width=\"2000\" height=\"1500\" srcset=\"https:\/\/vosgesinfo.fr\/app\/uploads\/sites\/3\/2025\/09\/fete-du-sport-thaon2.jpg 2000w, https:\/\/vosgesinfo.fr\/app\/uploads\/sites\/3\/2025\/09\/fete-du-sport-thaon2-300x225.jpg 300w, https:\/\/vosgesinfo.fr\/app\/uploads\/sites\/3\/2025\/09\/fete-du-sport-thaon2-1024x768.jpg 1024w, https:\/\/vosgesinfo.fr\/app\/uploads\/sites\/3\/2025\/09\/fete-du-sport-thaon2-768x576.jpg 768w, https:\/\/vosgesinfo.fr\/app\/uploads\/sites\/3\/2025\/09\/fete-du-sport-thaon2-1536x1152.jpg 1536w\" sizes=\"(max-width: 2000px) 100vw, 2000px\" \/><\/a><p id=\"caption-attachment-135109\" class=\"wp-caption-text\">photo Ville de Thaon<\/p><\/div>\n<h2 data-start=\"172\" data-end=\"393\"><strong>Le week-end dernier, Thaon-les-Vosges a vibr\u00e9 au rythme de la F\u00eate du Sport, un rendez-vous attendu qui a s\u00e9duit pr\u00e8s de 2 000 spectateurs venus d\u00e9couvrir, tester et partager des activit\u00e9s sportives vari\u00e9es.<\/strong><\/h2>\n<h3 data-start=\"395\" data-end=\"430\">Une v\u00e9ritable vitrine sportive<\/h3>\n<p data-start=\"431\" data-end=\"727\">Tout au long de la journ\u00e9e, les clubs locaux se sont mobilis\u00e9s pour proposer <strong data-start=\"508\" data-end=\"587\">d\u00e9monstrations spectaculaires, initiations et animations accessibles \u00e0 tous<\/strong>. Petits et grands ont ainsi pu s\u2019essayer \u00e0 de nouvelles disciplines, rencontrer les associations et trouver le sport qui leur correspond.<\/p>\n<h3 data-start=\"729\" data-end=\"757\">Une ambiance conviviale<\/h3>\n<p data-start=\"758\" data-end=\"1021\">L\u2019\u00e9v\u00e9nement a \u00e9t\u00e9 marqu\u00e9 par une atmosph\u00e8re chaleureuse et festive, port\u00e9e par l\u2019\u00e9nergie des <strong data-start=\"851\" data-end=\"893\">b\u00e9n\u00e9voles, entra\u00eeneurs et participants<\/strong>. Les spectateurs ont appr\u00e9ci\u00e9 \u00e0 la fois la diversit\u00e9 des pratiques pr\u00e9sent\u00e9es et l\u2019esprit de partage qui r\u00e9gnait sur le site.<\/p>\n<h3 data-start=\"1023\" data-end=\"1061\">Un grand merci aux acteurs locaux<\/h3>\n<p data-start=\"1062\" data-end=\"1338\">La municipalit\u00e9 et les organisateurs tiennent \u00e0 saluer l\u2019engagement des <strong data-start=\"1134\" data-end=\"1176\">clubs sportifs et associations locales<\/strong>, sans qui cette f\u00eate n\u2019aurait pu \u00eatre une telle r\u00e9ussite. Gr\u00e2ce \u00e0 eux, le sport a une nouvelle fois prouv\u00e9 qu\u2019il est vecteur de lien social et de convivialit\u00e9.<\/p>\n\n\t\t<style type=\"text\/css\">\n\t\t\t#gallery-1 {\n\t\t\t\tmargin: auto;\n\t\t\t}\n\t\t\t#gallery-1 .gallery-item {\n\t\t\t\tfloat: left;\n\t\t\t\tmargin-top: 10px;\n\t\t\t\ttext-align: center;\n\t\t\t\twidth: 33%;\n\t\t\t}\n\t\t\t#gallery-1 img {\n\t\t\t\tborder: 2px solid #cfcfcf;\n\t\t\t}\n\t\t\t#gallery-1 .gallery-caption {\n\t\t\t\tmargin-left: 0;\n\t\t\t}\n\t\t\t\/* see gallery_shortcode() in wp-includes\/media.php *\/\n\t\t<\/style>\n\t\t<div id='gallery-1' class='gallery galleryid-135108 gallery-columns-3 gallery-size-large'><dl class='gallery-item'>\n\t\t\t<dt class='gallery-icon portrait'>\n\t\t\t\t<a href='https:\/\/vosgesinfo.fr\/app\/uploads\/sites\/3\/2025\/09\/fete-du-sport-thaon5.jpg'><img decoding=\"async\" width=\"768\" height=\"1024\" src=\"https:\/\/vosgesinfo.fr\/app\/uploads\/sites\/3\/2025\/09\/fete-du-sport-thaon5-768x1024.jpg\" class=\"attachment-large size-large\" alt=\"\" srcset=\"https:\/\/vosgesinfo.fr\/app\/uploads\/sites\/3\/2025\/09\/fete-du-sport-thaon5-768x1024.jpg 768w, https:\/\/vosgesinfo.fr\/app\/uploads\/sites\/3\/2025\/09\/fete-du-sport-thaon5-225x300.jpg 225w, https:\/\/vosgesinfo.fr\/app\/uploads\/sites\/3\/2025\/09\/fete-du-sport-thaon5-1152x1536.jpg 1152w, https:\/\/vosgesinfo.fr\/app\/uploads\/sites\/3\/2025\/09\/fete-du-sport-thaon5.jpg 1500w\" sizes=\"(max-width: 768px) 100vw, 768px\" \/><\/a>\n\t\t\t<\/dt><\/dl><dl class='gallery-item'>\n\t\t\t<dt class='gallery-icon portrait'>\n\t\t\t\t<a href='https:\/\/vosgesinfo.fr\/app\/uploads\/sites\/3\/2025\/09\/fete-du-sport-thaon.jpg'><img decoding=\"async\" width=\"768\" height=\"1024\" src=\"https:\/\/vosgesinfo.fr\/app\/uploads\/sites\/3\/2025\/09\/fete-du-sport-thaon-768x1024.jpg\" class=\"attachment-large size-large\" alt=\"\" srcset=\"https:\/\/vosgesinfo.fr\/app\/uploads\/sites\/3\/2025\/09\/fete-du-sport-thaon-768x1024.jpg 768w, https:\/\/vosgesinfo.fr\/app\/uploads\/sites\/3\/2025\/09\/fete-du-sport-thaon-225x300.jpg 225w, https:\/\/vosgesinfo.fr\/app\/uploads\/sites\/3\/2025\/09\/fete-du-sport-thaon-1152x1536.jpg 1152w, https:\/\/vosgesinfo.fr\/app\/uploads\/sites\/3\/2025\/09\/fete-du-sport-thaon.jpg 1500w\" sizes=\"(max-width: 768px) 100vw, 768px\" \/><\/a>\n\t\t\t<\/dt><\/dl><dl class='gallery-item'>\n\t\t\t<dt class='gallery-icon portrait'>\n\t\t\t\t<a href='https:\/\/vosgesinfo.fr\/app\/uploads\/sites\/3\/2025\/09\/fete-du-sport-thaon3.jpg'><img decoding=\"async\" width=\"768\" height=\"1024\" src=\"https:\/\/vosgesinfo.fr\/app\/uploads\/sites\/3\/2025\/09\/fete-du-sport-thaon3-768x1024.jpg\" class=\"attachment-large size-large\" alt=\"\" srcset=\"https:\/\/vosgesinfo.fr\/app\/uploads\/sites\/3\/2025\/09\/fete-du-sport-thaon3-768x1024.jpg 768w, https:\/\/vosgesinfo.fr\/app\/uploads\/sites\/3\/2025\/09\/fete-du-sport-thaon3-225x300.jpg 225w, https:\/\/vosgesinfo.fr\/app\/uploads\/sites\/3\/2025\/09\/fete-du-sport-thaon3-1152x1536.jpg 1152w, https:\/\/vosgesinfo.fr\/app\/uploads\/sites\/3\/2025\/09\/fete-du-sport-thaon3.jpg 1500w\" sizes=\"(max-width: 768px) 100vw, 768px\" \/><\/a>\n\t\t\t<\/dt><\/dl><br style=\"clear: both\" \/>\n\t\t<\/div>\n\n","protected":false},"excerpt":{"rendered":"<p>Le week-end dernier, Thaon-les-Vosges a vibr\u00e9 au rythme de la F\u00eate du Sport, un rendez-vous attendu qui a s\u00e9duit pr\u00e8s [&hellip;]<\/p>\n","protected":false},"author":52,"featured_media":135109,"comment_status":"open","ping_status":"open","sticky":false,"template":"","format":"standard","meta":{"footnotes":""},"categories":[22,24,7,93],"tags":[],"class_list":["post-135108","post","type-post","status-publish","format-standard","has-post-thumbnail","hentry","category-a-la-une","category-epinal","category-sport","category-thaon-les-vosges"],"acf":[],"yoast_head":"<!-- This site is optimized with the Yoast SEO plugin v22.5 - https:\/\/yoast.com\/wordpress\/plugins\/seo\/ -->\n<title>Thaon-les-Vosges : la F\u00eate du Sport a rassembl\u00e9 pr\u00e8s de 2 000 personnes - Epinal Info<\/title>\n<meta name=\"robots\" content=\"index, follow, max-snippet:-1, max-image-preview:large, max-video-preview:-1\" \/>\n<link rel=\"canonical\" href=\"https:\/\/vosgesinfo.fr\/epinalinfo\/2025\/09\/thaon-les-vosges-la-fete-du-sport-a-rassemble-pres-de-2-000-personnes\/\" \/>\n<meta name=\"twitter:card\" content=\"summary_large_image\" \/>\n<meta name=\"twitter:title\" content=\"Thaon-les-Vosges : la F\u00eate du Sport a rassembl\u00e9 pr\u00e8s de 2 000 personnes - Epinal Info\" \/>\n<meta name=\"twitter:description\" content=\"Le week-end dernier, Thaon-les-Vosges a vibr\u00e9 au rythme de la F\u00eate du Sport, un rendez-vous attendu qui a s\u00e9duit pr\u00e8s [&hellip;]\" \/>\n<meta name=\"twitter:image\" content=\"https:\/\/vosgesinfo.fr\/app\/uploads\/sites\/3\/2025\/09\/fete-du-sport-thaon2.jpg\" \/>\n<meta name=\"twitter:creator\" content=\"@VosgesInfo88\" \/>\n<meta name=\"twitter:site\" content=\"@VosgesInfo88\" \/>\n<meta name=\"twitter:label1\" content=\"\u00c9crit par\" \/>\n\t<meta name=\"twitter:data1\" content=\"C.K.\" \/>\n\t<meta name=\"twitter:label2\" content=\"Dur\u00e9e de lecture estim\u00e9e\" \/>\n\t<meta name=\"twitter:data2\" content=\"1 minute\" \/>\n<script type=\"application\/ld+json\" class=\"yoast-schema-graph\">{\"@context\":\"https:\/\/schema.org\",\"@graph\":[{\"@type\":\"Article\",\"@id\":\"https:\/\/vosgesinfo.fr\/epinalinfo\/2025\/09\/thaon-les-vosges-la-fete-du-sport-a-rassemble-pres-de-2-000-personnes\/#article\",\"isPartOf\":{\"@id\":\"https:\/\/vosgesinfo.fr\/epinalinfo\/2025\/09\/thaon-les-vosges-la-fete-du-sport-a-rassemble-pres-de-2-000-personnes\/\"},\"author\":{\"name\":\"C.K.\",\"@id\":\"https:\/\/vosgesinfo.fr\/epinalinfo\/#\/schema\/person\/6f9a650eeea99d969b6c4ab78fccbe81\"},\"headline\":\"Thaon-les-Vosges : la F\u00eate du Sport a rassembl\u00e9 pr\u00e8s de 2 000 personnes\",\"datePublished\":\"2025-09-09T09:10:48+00:00\",\"dateModified\":\"2025-09-09T09:04:38+00:00\",\"mainEntityOfPage\":{\"@id\":\"https:\/\/vosgesinfo.fr\/epinalinfo\/2025\/09\/thaon-les-vosges-la-fete-du-sport-a-rassemble-pres-de-2-000-personnes\/\"},\"wordCount\":224,\"commentCount\":0,\"publisher\":{\"@id\":\"https:\/\/vosgesinfo.fr\/epinalinfo\/#organization\"},\"image\":{\"@id\":\"https:\/\/vosgesinfo.fr\/epinalinfo\/2025\/09\/thaon-les-vosges-la-fete-du-sport-a-rassemble-pres-de-2-000-personnes\/#primaryimage\"},\"thumbnailUrl\":\"https:\/\/vosgesinfo.fr\/app\/uploads\/sites\/3\/2025\/09\/fete-du-sport-thaon2.jpg\",\"articleSection\":[\"A la Une\",\"Epinal\",\"Sport\",\"Thaon-les-Vosges\"],\"inLanguage\":\"fr-FR\",\"potentialAction\":[{\"@type\":\"CommentAction\",\"name\":\"Comment\",\"target\":[\"https:\/\/vosgesinfo.fr\/epinalinfo\/2025\/09\/thaon-les-vosges-la-fete-du-sport-a-rassemble-pres-de-2-000-personnes\/#respond\"]}]},{\"@type\":\"WebPage\",\"@id\":\"https:\/\/vosgesinfo.fr\/epinalinfo\/2025\/09\/thaon-les-vosges-la-fete-du-sport-a-rassemble-pres-de-2-000-personnes\/\",\"url\":\"https:\/\/vosgesinfo.fr\/epinalinfo\/2025\/09\/thaon-les-vosges-la-fete-du-sport-a-rassemble-pres-de-2-000-personnes\/\",\"name\":\"Thaon-les-Vosges : la F\u00eate du Sport a rassembl\u00e9 pr\u00e8s de 2 000 personnes - Epinal Info\",\"isPartOf\":{\"@id\":\"https:\/\/vosgesinfo.fr\/epinalinfo\/#website\"},\"primaryImageOfPage\":{\"@id\":\"https:\/\/vosgesinfo.fr\/epinalinfo\/2025\/09\/thaon-les-vosges-la-fete-du-sport-a-rassemble-pres-de-2-000-personnes\/#primaryimage\"},\"image\":{\"@id\":\"https:\/\/vosgesinfo.fr\/epinalinfo\/2025\/09\/thaon-les-vosges-la-fete-du-sport-a-rassemble-pres-de-2-000-personnes\/#primaryimage\"},\"thumbnailUrl\":\"https:\/\/vosgesinfo.fr\/app\/uploads\/sites\/3\/2025\/09\/fete-du-sport-thaon2.jpg\",\"datePublished\":\"2025-09-09T09:10:48+00:00\",\"dateModified\":\"2025-09-09T09:04:38+00:00\",\"breadcrumb\":{\"@id\":\"https:\/\/vosgesinfo.fr\/epinalinfo\/2025\/09\/thaon-les-vosges-la-fete-du-sport-a-rassemble-pres-de-2-000-personnes\/#breadcrumb\"},\"inLanguage\":\"fr-FR\",\"potentialAction\":[{\"@type\":\"ReadAction\",\"target\":[\"https:\/\/vosgesinfo.fr\/epinalinfo\/2025\/09\/thaon-les-vosges-la-fete-du-sport-a-rassemble-pres-de-2-000-personnes\/\"]}]},{\"@type\":\"ImageObject\",\"inLanguage\":\"fr-FR\",\"@id\":\"https:\/\/vosgesinfo.fr\/epinalinfo\/2025\/09\/thaon-les-vosges-la-fete-du-sport-a-rassemble-pres-de-2-000-personnes\/#primaryimage\",\"url\":\"https:\/\/vosgesinfo.fr\/app\/uploads\/sites\/3\/2025\/09\/fete-du-sport-thaon2.jpg\",\"contentUrl\":\"https:\/\/vosgesinfo.fr\/app\/uploads\/sites\/3\/2025\/09\/fete-du-sport-thaon2.jpg\",\"width\":2000,\"height\":1500,\"caption\":\"photo Ville de Thaon\"},{\"@type\":\"BreadcrumbList\",\"@id\":\"https:\/\/vosgesinfo.fr\/epinalinfo\/2025\/09\/thaon-les-vosges-la-fete-du-sport-a-rassemble-pres-de-2-000-personnes\/#breadcrumb\",\"itemListElement\":[{\"@type\":\"ListItem\",\"position\":1,\"name\":\"Home\",\"item\":\"https:\/\/vosgesinfo.fr\/epinalinfo\/\"},{\"@type\":\"ListItem\",\"position\":2,\"name\":\"Thaon-les-Vosges : la F\u00eate du Sport a rassembl\u00e9 pr\u00e8s de 2 000 personnes\"}]},{\"@type\":\"WebSite\",\"@id\":\"https:\/\/vosgesinfo.fr\/epinalinfo\/#website\",\"url\":\"https:\/\/vosgesinfo.fr\/epinalinfo\/\",\"name\":\"Epinal Info\",\"description\":\"Toute l&#039;actualit\u00e9 d&#039;\u00c9pinal\",\"publisher\":{\"@id\":\"https:\/\/vosgesinfo.fr\/epinalinfo\/#organization\"},\"alternateName\":\"Toute l'actualit\u00e9 d'\u00c9pinal\",\"potentialAction\":[{\"@type\":\"SearchAction\",\"target\":{\"@type\":\"EntryPoint\",\"urlTemplate\":\"https:\/\/vosgesinfo.fr\/epinalinfo\/?s={search_term_string}\"},\"query-input\":\"required name=search_term_string\"}],\"inLanguage\":\"fr-FR\"},{\"@type\":\"Organization\",\"@id\":\"https:\/\/vosgesinfo.fr\/epinalinfo\/#organization\",\"name\":\"Epinal Info\",\"url\":\"https:\/\/vosgesinfo.fr\/epinalinfo\/\",\"logo\":{\"@type\":\"ImageObject\",\"inLanguage\":\"fr-FR\",\"@id\":\"https:\/\/vosgesinfo.fr\/epinalinfo\/#\/schema\/logo\/image\/\",\"url\":\"https:\/\/vosgesinfo.fr\/app\/uploads\/sites\/3\/2023\/08\/logo-epinalinfos.svg\",\"contentUrl\":\"https:\/\/vosgesinfo.fr\/app\/uploads\/sites\/3\/2023\/08\/logo-epinalinfos.svg\",\"width\":1,\"height\":1,\"caption\":\"Epinal Info\"},\"image\":{\"@id\":\"https:\/\/vosgesinfo.fr\/epinalinfo\/#\/schema\/logo\/image\/\"},\"sameAs\":[\"https:\/\/www.facebook.com\/Epinalinfos\",\"https:\/\/x.com\/VosgesInfo88\",\"https:\/\/www.youtube.com\/@vosgesinfo\"]},{\"@type\":\"Person\",\"@id\":\"https:\/\/vosgesinfo.fr\/epinalinfo\/#\/schema\/person\/6f9a650eeea99d969b6c4ab78fccbe81\",\"name\":\"C.K.\",\"image\":{\"@type\":\"ImageObject\",\"inLanguage\":\"fr-FR\",\"@id\":\"https:\/\/vosgesinfo.fr\/epinalinfo\/#\/schema\/person\/image\/\",\"url\":\"https:\/\/secure.gravatar.com\/avatar\/48e3fc7f8421ba8942be6b74a2b7f014ca39bc00dece156b7a8e098ae7dc87bf?s=96&d=mm&r=g\",\"contentUrl\":\"https:\/\/secure.gravatar.com\/avatar\/48e3fc7f8421ba8942be6b74a2b7f014ca39bc00dece156b7a8e098ae7dc87bf?s=96&d=mm&r=g\",\"caption\":\"C.K.\"},\"url\":\"https:\/\/vosgesinfo.fr\/epinalinfo\/author\/celia-k-n\/\"}]}<\/script>\n<!-- \/ Yoast SEO plugin. -->","yoast_head_json":{"title":"Thaon-les-Vosges : la F\u00eate du Sport a rassembl\u00e9 pr\u00e8s de 2 000 personnes - Epinal Info","robots":{"index":"index","follow":"follow","max-snippet":"max-snippet:-1","max-image-preview":"max-image-preview:large","max-video-preview":"max-video-preview:-1"},"canonical":"https:\/\/vosgesinfo.fr\/epinalinfo\/2025\/09\/thaon-les-vosges-la-fete-du-sport-a-rassemble-pres-de-2-000-personnes\/","twitter_card":"summary_large_image","twitter_title":"Thaon-les-Vosges : la F\u00eate du Sport a rassembl\u00e9 pr\u00e8s de 2 000 personnes - Epinal Info","twitter_description":"Le week-end dernier, Thaon-les-Vosges a vibr\u00e9 au rythme de la F\u00eate du Sport, un rendez-vous attendu qui a s\u00e9duit pr\u00e8s [&hellip;]","twitter_image":"https:\/\/vosgesinfo.fr\/app\/uploads\/sites\/3\/2025\/09\/fete-du-sport-thaon2.jpg","twitter_creator":"@VosgesInfo88","twitter_site":"@VosgesInfo88","twitter_misc":{"\u00c9crit par":"C.K.","Dur\u00e9e de lecture estim\u00e9e":"1 minute"},"schema":{"@context":"https:\/\/schema.org","@graph":[{"@type":"Article","@id":"https:\/\/vosgesinfo.fr\/epinalinfo\/2025\/09\/thaon-les-vosges-la-fete-du-sport-a-rassemble-pres-de-2-000-personnes\/#article","isPartOf":{"@id":"https:\/\/vosgesinfo.fr\/epinalinfo\/2025\/09\/thaon-les-vosges-la-fete-du-sport-a-rassemble-pres-de-2-000-personnes\/"},"author":{"name":"C.K.","@id":"https:\/\/vosgesinfo.fr\/epinalinfo\/#\/schema\/person\/6f9a650eeea99d969b6c4ab78fccbe81"},"headline":"Thaon-les-Vosges : la F\u00eate du Sport a rassembl\u00e9 pr\u00e8s de 2 000 personnes","datePublished":"2025-09-09T09:10:48+00:00","dateModified":"2025-09-09T09:04:38+00:00","mainEntityOfPage":{"@id":"https:\/\/vosgesinfo.fr\/epinalinfo\/2025\/09\/thaon-les-vosges-la-fete-du-sport-a-rassemble-pres-de-2-000-personnes\/"},"wordCount":224,"commentCount":0,"publisher":{"@id":"https:\/\/vosgesinfo.fr\/epinalinfo\/#organization"},"image":{"@id":"https:\/\/vosgesinfo.fr\/epinalinfo\/2025\/09\/thaon-les-vosges-la-fete-du-sport-a-rassemble-pres-de-2-000-personnes\/#primaryimage"},"thumbnailUrl":"https:\/\/vosgesinfo.fr\/app\/uploads\/sites\/3\/2025\/09\/fete-du-sport-thaon2.jpg","articleSection":["A la Une","Epinal","Sport","Thaon-les-Vosges"],"inLanguage":"fr-FR","potentialAction":[{"@type":"CommentAction","name":"Comment","target":["https:\/\/vosgesinfo.fr\/epinalinfo\/2025\/09\/thaon-les-vosges-la-fete-du-sport-a-rassemble-pres-de-2-000-personnes\/#respond"]}]},{"@type":"WebPage","@id":"https:\/\/vosgesinfo.fr\/epinalinfo\/2025\/09\/thaon-les-vosges-la-fete-du-sport-a-rassemble-pres-de-2-000-personnes\/","url":"https:\/\/vosgesinfo.fr\/epinalinfo\/2025\/09\/thaon-les-vosges-la-fete-du-sport-a-rassemble-pres-de-2-000-personnes\/","name":"Thaon-les-Vosges : la F\u00eate du Sport a rassembl\u00e9 pr\u00e8s de 2 000 personnes - Epinal Info","isPartOf":{"@id":"https:\/\/vosgesinfo.fr\/epinalinfo\/#website"},"primaryImageOfPage":{"@id":"https:\/\/vosgesinfo.fr\/epinalinfo\/2025\/09\/thaon-les-vosges-la-fete-du-sport-a-rassemble-pres-de-2-000-personnes\/#primaryimage"},"image":{"@id":"https:\/\/vosgesinfo.fr\/epinalinfo\/2025\/09\/thaon-les-vosges-la-fete-du-sport-a-rassemble-pres-de-2-000-personnes\/#primaryimage"},"thumbnailUrl":"https:\/\/vosgesinfo.fr\/app\/uploads\/sites\/3\/2025\/09\/fete-du-sport-thaon2.jpg","datePublished":"2025-09-09T09:10:48+00:00","dateModified":"2025-09-09T09:04:38+00:00","breadcrumb":{"@id":"https:\/\/vosgesinfo.fr\/epinalinfo\/2025\/09\/thaon-les-vosges-la-fete-du-sport-a-rassemble-pres-de-2-000-personnes\/#breadcrumb"},"inLanguage":"fr-FR","potentialAction":[{"@type":"ReadAction","target":["https:\/\/vosgesinfo.fr\/epinalinfo\/2025\/09\/thaon-les-vosges-la-fete-du-sport-a-rassemble-pres-de-2-000-personnes\/"]}]},{"@type":"ImageObject","inLanguage":"fr-FR","@id":"https:\/\/vosgesinfo.fr\/epinalinfo\/2025\/09\/thaon-les-vosges-la-fete-du-sport-a-rassemble-pres-de-2-000-personnes\/#primaryimage","url":"https:\/\/vosgesinfo.fr\/app\/uploads\/sites\/3\/2025\/09\/fete-du-sport-thaon2.jpg","contentUrl":"https:\/\/vosgesinfo.fr\/app\/uploads\/sites\/3\/2025\/09\/fete-du-sport-thaon2.jpg","width":2000,"height":1500,"caption":"photo Ville de Thaon"},{"@type":"BreadcrumbList","@id":"https:\/\/vosgesinfo.fr\/epinalinfo\/2025\/09\/thaon-les-vosges-la-fete-du-sport-a-rassemble-pres-de-2-000-personnes\/#breadcrumb","itemListElement":[{"@type":"ListItem","position":1,"name":"Home","item":"https:\/\/vosgesinfo.fr\/epinalinfo\/"},{"@type":"ListItem","position":2,"name":"Thaon-les-Vosges : la F\u00eate du Sport a rassembl\u00e9 pr\u00e8s de 2 000 personnes"}]},{"@type":"WebSite","@id":"https:\/\/vosgesinfo.fr\/epinalinfo\/#website","url":"https:\/\/vosgesinfo.fr\/epinalinfo\/","name":"Epinal Info","description":"Toute l&#039;actualit\u00e9 d&#039;\u00c9pinal","publisher":{"@id":"https:\/\/vosgesinfo.fr\/epinalinfo\/#organization"},"alternateName":"Toute l'actualit\u00e9 d'\u00c9pinal","potentialAction":[{"@type":"SearchAction","target":{"@type":"EntryPoint","urlTemplate":"https:\/\/vosgesinfo.fr\/epinalinfo\/?s={search_term_string}"},"query-input":"required name=search_term_string"}],"inLanguage":"fr-FR"},{"@type":"Organization","@id":"https:\/\/vosgesinfo.fr\/epinalinfo\/#organization","name":"Epinal Info","url":"https:\/\/vosgesinfo.fr\/epinalinfo\/","logo":{"@type":"ImageObject","inLanguage":"fr-FR","@id":"https:\/\/vosgesinfo.fr\/epinalinfo\/#\/schema\/logo\/image\/","url":"https:\/\/vosgesinfo.fr\/app\/uploads\/sites\/3\/2023\/08\/logo-epinalinfos.svg","contentUrl":"https:\/\/vosgesinfo.fr\/app\/uploads\/sites\/3\/2023\/08\/logo-epinalinfos.svg","width":1,"height":1,"caption":"Epinal Info"},"image":{"@id":"https:\/\/vosgesinfo.fr\/epinalinfo\/#\/schema\/logo\/image\/"},"sameAs":["https:\/\/www.facebook.com\/Epinalinfos","https:\/\/x.com\/VosgesInfo88","https:\/\/www.youtube.com\/@vosgesinfo"]},{"@type":"Person","@id":"https:\/\/vosgesinfo.fr\/epinalinfo\/#\/schema\/person\/6f9a650eeea99d969b6c4ab78fccbe81","name":"C.K.","image":{"@type":"ImageObject","inLanguage":"fr-FR","@id":"https:\/\/vosgesinfo.fr\/epinalinfo\/#\/schema\/person\/image\/","url":"https:\/\/secure.gravatar.com\/avatar\/48e3fc7f8421ba8942be6b74a2b7f014ca39bc00dece156b7a8e098ae7dc87bf?s=96&d=mm&r=g","contentUrl":"https:\/\/secure.gravatar.com\/avatar\/48e3fc7f8421ba8942be6b74a2b7f014ca39bc00dece156b7a8e098ae7dc87bf?s=96&d=mm&r=g","caption":"C.K."},"url":"https:\/\/vosgesinfo.fr\/epinalinfo\/author\/celia-k-n\/"}]}},"_links":{"self":[{"href":"https:\/\/vosgesinfo.fr\/epinalinfo\/wp-json\/wp\/v2\/posts\/135108","targetHints":{"allow":["GET"]}}],"collection":[{"href":"https:\/\/vosgesinfo.fr\/epinalinfo\/wp-json\/wp\/v2\/posts"}],"about":[{"href":"https:\/\/vosgesinfo.fr\/epinalinfo\/wp-json\/wp\/v2\/types\/post"}],"author":[{"embeddable":true,"href":"https:\/\/vosgesinfo.fr\/epinalinfo\/wp-json\/wp\/v2\/users\/52"}],"replies":[{"embeddable":true,"href":"https:\/\/vosgesinfo.fr\/epinalinfo\/wp-json\/wp\/v2\/comments?post=135108"}],"version-history":[{"count":1,"href":"https:\/\/vosgesinfo.fr\/epinalinfo\/wp-json\/wp\/v2\/posts\/135108\/revisions"}],"predecessor-version":[{"id":135113,"href":"https:\/\/vosgesinfo.fr\/epinalinfo\/wp-json\/wp\/v2\/posts\/135108\/revisions\/135113"}],"wp:featuredmedia":[{"embeddable":true,"href":"https:\/\/vosgesinfo.fr\/epinalinfo\/wp-json\/wp\/v2\/media\/135109"}],"wp:attachment":[{"href":"https:\/\/vosgesinfo.fr\/epinalinfo\/wp-json\/wp\/v2\/media?parent=135108"}],"wp:term":[{"taxonomy":"category","embeddable":true,"href":"https:\/\/vosgesinfo.fr\/epinalinfo\/wp-json\/wp\/v2\/categories?post=135108"},{"taxonomy":"post_tag","embeddable":true,"href":"https:\/\/vosgesinfo.fr\/epinalinfo\/wp-json\/wp\/v2\/tags?post=135108"}],"curies":[{"name":"wp","href":"https:\/\/api.w.org\/{rel}","templated":true}]}}