{"id":135114,"date":"2025-09-09T11:15:02","date_gmt":"2025-09-09T09:15:02","guid":{"rendered":"https:\/\/vosgesinfo.fr\/epinalinfo\/?p=135114"},"modified":"2025-09-09T11:07:05","modified_gmt":"2025-09-09T09:07:05","slug":"bruyeres-un-nid-de-guepes-decouvert-a-lecole-jean-rostand","status":"publish","type":"post","link":"https:\/\/vosgesinfo.fr\/epinalinfo\/2025\/09\/bruyeres-un-nid-de-guepes-decouvert-a-lecole-jean-rostand\/","title":{"rendered":"Bruy\u00e8res : un nid de gu\u00eapes d\u00e9couvert \u00e0 l\u2019\u00e9cole Jean Rostand"},"content":{"rendered":"<div id=\"attachment_135115\" style=\"width: 762px\" class=\"wp-caption aligncenter\"><a href=\"https:\/\/vosgesinfo.fr\/app\/uploads\/sites\/3\/2025\/09\/544547215-1204928184998436-7037694186604723914-n.jpg\"><img decoding=\"async\" aria-describedby=\"caption-attachment-135115\" class=\"size-full wp-image-135115\" src=\"https:\/\/vosgesinfo.fr\/app\/uploads\/sites\/3\/2025\/09\/544547215-1204928184998436-7037694186604723914-n.jpg\" alt=\"\" width=\"752\" height=\"1020\" srcset=\"https:\/\/vosgesinfo.fr\/app\/uploads\/sites\/3\/2025\/09\/544547215-1204928184998436-7037694186604723914-n.jpg 752w, https:\/\/vosgesinfo.fr\/app\/uploads\/sites\/3\/2025\/09\/544547215-1204928184998436-7037694186604723914-n-221x300.jpg 221w\" sizes=\"(max-width: 752px) 100vw, 752px\" \/><\/a><p id=\"caption-attachment-135115\" class=\"wp-caption-text\">photo Ville de Bruy\u00e8res<\/p><\/div>\n<h2 data-start=\"164\" data-end=\"335\"><strong>La rentr\u00e9e scolaire \u00e0 Bruy\u00e8res a r\u00e9serv\u00e9 une surprise inattendue. Outre les \u00e9l\u00e8ves, un nid de gu\u00eapes avait trouv\u00e9 refuge dans la toiture de l\u2019\u00e9cole Jean Rostand de Bruy\u00e8res.<\/strong><\/h2>\n<h3 data-start=\"337\" data-end=\"371\">Une intervention des pompiers<\/h3>\n<p data-start=\"372\" data-end=\"711\">Vendredi en fin d\u2019apr\u00e8s-midi, deux sapeurs-pompiers sont intervenus pour traiter le nid. En raison de son emplacement inaccessible, un produit sp\u00e9cifique a \u00e9t\u00e9 appliqu\u00e9. Son efficacit\u00e9 n\u00e9cessitant plusieurs jours, un <strong data-start=\"589\" data-end=\"614\">p\u00e9rim\u00e8tre de s\u00e9curit\u00e9<\/strong> sera install\u00e9 au d\u00e9but de la semaine pour garantir la tranquillit\u00e9 des \u00e9l\u00e8ves et du personnel.<\/p>\n<h3 data-start=\"713\" data-end=\"757\">Pas de danger imm\u00e9diat pour les enfants<\/h3>\n<p data-start=\"758\" data-end=\"980\">Le nid \u00e9tant situ\u00e9 sur le c\u00f4t\u00e9 du b\u00e2timent, il n\u2019impacte pas directement les activit\u00e9s scolaires. La municipalit\u00e9 appelle toutefois \u00e0 respecter les consignes de s\u00e9curit\u00e9 en attendant la disparition compl\u00e8te des insectes.<\/p>\n<h3 data-start=\"982\" data-end=\"1012\">Des interventions cibl\u00e9es<\/h3>\n<p data-start=\"1013\" data-end=\"1235\">Il est rappel\u00e9 que les sapeurs-pompiers n\u2019assurent ce type d\u2019op\u00e9rations que dans le cadre des <strong data-start=\"1107\" data-end=\"1128\">b\u00e2timents publics<\/strong>. La Ville a tenu \u00e0 remercier <strong data-start=\"1158\" data-end=\"1181\">Fr\u00e9d\u00e9ric et Reynald<\/strong>, les deux pompiers mobilis\u00e9s, pour leur r\u00e9activit\u00e9.<\/p>\n","protected":false},"excerpt":{"rendered":"<p>La rentr\u00e9e scolaire \u00e0 Bruy\u00e8res a r\u00e9serv\u00e9 une surprise inattendue. Outre les \u00e9l\u00e8ves, un nid de gu\u00eapes avait trouv\u00e9 refuge [&hellip;]<\/p>\n","protected":false},"author":52,"featured_media":135115,"comment_status":"open","ping_status":"open","sticky":false,"template":"","format":"standard","meta":{"footnotes":""},"categories":[22,60,24],"tags":[],"class_list":["post-135114","post","type-post","status-publish","format-standard","has-post-thumbnail","hentry","category-a-la-une","category-bruyeres","category-epinal"],"acf":[],"yoast_head":"<!-- This site is optimized with the Yoast SEO plugin v22.5 - https:\/\/yoast.com\/wordpress\/plugins\/seo\/ -->\n<title>Bruy\u00e8res : un nid de gu\u00eapes d\u00e9couvert \u00e0 l\u2019\u00e9cole Jean Rostand - Epinal Info<\/title>\n<meta name=\"robots\" content=\"index, follow, max-snippet:-1, max-image-preview:large, max-video-preview:-1\" \/>\n<link rel=\"canonical\" href=\"https:\/\/vosgesinfo.fr\/epinalinfo\/2025\/09\/bruyeres-un-nid-de-guepes-decouvert-a-lecole-jean-rostand\/\" \/>\n<meta name=\"twitter:card\" content=\"summary_large_image\" \/>\n<meta name=\"twitter:title\" content=\"Bruy\u00e8res : un nid de gu\u00eapes d\u00e9couvert \u00e0 l\u2019\u00e9cole Jean Rostand - Epinal Info\" \/>\n<meta name=\"twitter:description\" content=\"La rentr\u00e9e scolaire \u00e0 Bruy\u00e8res a r\u00e9serv\u00e9 une surprise inattendue. Outre les \u00e9l\u00e8ves, un nid de gu\u00eapes avait trouv\u00e9 refuge [&hellip;]\" \/>\n<meta name=\"twitter:image\" content=\"https:\/\/vosgesinfo.fr\/app\/uploads\/sites\/3\/2025\/09\/544547215-1204928184998436-7037694186604723914-n.jpg\" \/>\n<meta name=\"twitter:creator\" content=\"@VosgesInfo88\" \/>\n<meta name=\"twitter:site\" content=\"@VosgesInfo88\" \/>\n<meta name=\"twitter:label1\" content=\"\u00c9crit par\" \/>\n\t<meta name=\"twitter:data1\" content=\"C.K.\" \/>\n\t<meta name=\"twitter:label2\" content=\"Dur\u00e9e de lecture estim\u00e9e\" \/>\n\t<meta name=\"twitter:data2\" content=\"1 minute\" \/>\n<script type=\"application\/ld+json\" class=\"yoast-schema-graph\">{\"@context\":\"https:\/\/schema.org\",\"@graph\":[{\"@type\":\"Article\",\"@id\":\"https:\/\/vosgesinfo.fr\/epinalinfo\/2025\/09\/bruyeres-un-nid-de-guepes-decouvert-a-lecole-jean-rostand\/#article\",\"isPartOf\":{\"@id\":\"https:\/\/vosgesinfo.fr\/epinalinfo\/2025\/09\/bruyeres-un-nid-de-guepes-decouvert-a-lecole-jean-rostand\/\"},\"author\":{\"name\":\"C.K.\",\"@id\":\"https:\/\/vosgesinfo.fr\/epinalinfo\/#\/schema\/person\/6f9a650eeea99d969b6c4ab78fccbe81\"},\"headline\":\"Bruy\u00e8res : un nid de gu\u00eapes d\u00e9couvert \u00e0 l\u2019\u00e9cole Jean Rostand\",\"datePublished\":\"2025-09-09T09:15:02+00:00\",\"dateModified\":\"2025-09-09T09:07:05+00:00\",\"mainEntityOfPage\":{\"@id\":\"https:\/\/vosgesinfo.fr\/epinalinfo\/2025\/09\/bruyeres-un-nid-de-guepes-decouvert-a-lecole-jean-rostand\/\"},\"wordCount\":212,\"commentCount\":0,\"publisher\":{\"@id\":\"https:\/\/vosgesinfo.fr\/epinalinfo\/#organization\"},\"image\":{\"@id\":\"https:\/\/vosgesinfo.fr\/epinalinfo\/2025\/09\/bruyeres-un-nid-de-guepes-decouvert-a-lecole-jean-rostand\/#primaryimage\"},\"thumbnailUrl\":\"https:\/\/vosgesinfo.fr\/app\/uploads\/sites\/3\/2025\/09\/544547215-1204928184998436-7037694186604723914-n.jpg\",\"articleSection\":[\"A la Une\",\"Bruy\u00e8res\",\"Epinal\"],\"inLanguage\":\"fr-FR\",\"potentialAction\":[{\"@type\":\"CommentAction\",\"name\":\"Comment\",\"target\":[\"https:\/\/vosgesinfo.fr\/epinalinfo\/2025\/09\/bruyeres-un-nid-de-guepes-decouvert-a-lecole-jean-rostand\/#respond\"]}]},{\"@type\":\"WebPage\",\"@id\":\"https:\/\/vosgesinfo.fr\/epinalinfo\/2025\/09\/bruyeres-un-nid-de-guepes-decouvert-a-lecole-jean-rostand\/\",\"url\":\"https:\/\/vosgesinfo.fr\/epinalinfo\/2025\/09\/bruyeres-un-nid-de-guepes-decouvert-a-lecole-jean-rostand\/\",\"name\":\"Bruy\u00e8res : un nid de gu\u00eapes d\u00e9couvert \u00e0 l\u2019\u00e9cole Jean Rostand - Epinal Info\",\"isPartOf\":{\"@id\":\"https:\/\/vosgesinfo.fr\/epinalinfo\/#website\"},\"primaryImageOfPage\":{\"@id\":\"https:\/\/vosgesinfo.fr\/epinalinfo\/2025\/09\/bruyeres-un-nid-de-guepes-decouvert-a-lecole-jean-rostand\/#primaryimage\"},\"image\":{\"@id\":\"https:\/\/vosgesinfo.fr\/epinalinfo\/2025\/09\/bruyeres-un-nid-de-guepes-decouvert-a-lecole-jean-rostand\/#primaryimage\"},\"thumbnailUrl\":\"https:\/\/vosgesinfo.fr\/app\/uploads\/sites\/3\/2025\/09\/544547215-1204928184998436-7037694186604723914-n.jpg\",\"datePublished\":\"2025-09-09T09:15:02+00:00\",\"dateModified\":\"2025-09-09T09:07:05+00:00\",\"breadcrumb\":{\"@id\":\"https:\/\/vosgesinfo.fr\/epinalinfo\/2025\/09\/bruyeres-un-nid-de-guepes-decouvert-a-lecole-jean-rostand\/#breadcrumb\"},\"inLanguage\":\"fr-FR\",\"potentialAction\":[{\"@type\":\"ReadAction\",\"target\":[\"https:\/\/vosgesinfo.fr\/epinalinfo\/2025\/09\/bruyeres-un-nid-de-guepes-decouvert-a-lecole-jean-rostand\/\"]}]},{\"@type\":\"ImageObject\",\"inLanguage\":\"fr-FR\",\"@id\":\"https:\/\/vosgesinfo.fr\/epinalinfo\/2025\/09\/bruyeres-un-nid-de-guepes-decouvert-a-lecole-jean-rostand\/#primaryimage\",\"url\":\"https:\/\/vosgesinfo.fr\/app\/uploads\/sites\/3\/2025\/09\/544547215-1204928184998436-7037694186604723914-n.jpg\",\"contentUrl\":\"https:\/\/vosgesinfo.fr\/app\/uploads\/sites\/3\/2025\/09\/544547215-1204928184998436-7037694186604723914-n.jpg\",\"width\":752,\"height\":1020,\"caption\":\"photo Ville de Bruy\u00e8res\"},{\"@type\":\"BreadcrumbList\",\"@id\":\"https:\/\/vosgesinfo.fr\/epinalinfo\/2025\/09\/bruyeres-un-nid-de-guepes-decouvert-a-lecole-jean-rostand\/#breadcrumb\",\"itemListElement\":[{\"@type\":\"ListItem\",\"position\":1,\"name\":\"Home\",\"item\":\"https:\/\/vosgesinfo.fr\/epinalinfo\/\"},{\"@type\":\"ListItem\",\"position\":2,\"name\":\"Bruy\u00e8res : un nid de gu\u00eapes d\u00e9couvert \u00e0 l\u2019\u00e9cole Jean Rostand\"}]},{\"@type\":\"WebSite\",\"@id\":\"https:\/\/vosgesinfo.fr\/epinalinfo\/#website\",\"url\":\"https:\/\/vosgesinfo.fr\/epinalinfo\/\",\"name\":\"Epinal Info\",\"description\":\"Toute l&#039;actualit\u00e9 d&#039;\u00c9pinal\",\"publisher\":{\"@id\":\"https:\/\/vosgesinfo.fr\/epinalinfo\/#organization\"},\"alternateName\":\"Toute l'actualit\u00e9 d'\u00c9pinal\",\"potentialAction\":[{\"@type\":\"SearchAction\",\"target\":{\"@type\":\"EntryPoint\",\"urlTemplate\":\"https:\/\/vosgesinfo.fr\/epinalinfo\/?s={search_term_string}\"},\"query-input\":\"required name=search_term_string\"}],\"inLanguage\":\"fr-FR\"},{\"@type\":\"Organization\",\"@id\":\"https:\/\/vosgesinfo.fr\/epinalinfo\/#organization\",\"name\":\"Epinal Info\",\"url\":\"https:\/\/vosgesinfo.fr\/epinalinfo\/\",\"logo\":{\"@type\":\"ImageObject\",\"inLanguage\":\"fr-FR\",\"@id\":\"https:\/\/vosgesinfo.fr\/epinalinfo\/#\/schema\/logo\/image\/\",\"url\":\"https:\/\/vosgesinfo.fr\/app\/uploads\/sites\/3\/2023\/08\/logo-epinalinfos.svg\",\"contentUrl\":\"https:\/\/vosgesinfo.fr\/app\/uploads\/sites\/3\/2023\/08\/logo-epinalinfos.svg\",\"width\":1,\"height\":1,\"caption\":\"Epinal Info\"},\"image\":{\"@id\":\"https:\/\/vosgesinfo.fr\/epinalinfo\/#\/schema\/logo\/image\/\"},\"sameAs\":[\"https:\/\/www.facebook.com\/Epinalinfos\",\"https:\/\/x.com\/VosgesInfo88\",\"https:\/\/www.youtube.com\/@vosgesinfo\"]},{\"@type\":\"Person\",\"@id\":\"https:\/\/vosgesinfo.fr\/epinalinfo\/#\/schema\/person\/6f9a650eeea99d969b6c4ab78fccbe81\",\"name\":\"C.K.\",\"image\":{\"@type\":\"ImageObject\",\"inLanguage\":\"fr-FR\",\"@id\":\"https:\/\/vosgesinfo.fr\/epinalinfo\/#\/schema\/person\/image\/\",\"url\":\"https:\/\/secure.gravatar.com\/avatar\/48e3fc7f8421ba8942be6b74a2b7f014ca39bc00dece156b7a8e098ae7dc87bf?s=96&d=mm&r=g\",\"contentUrl\":\"https:\/\/secure.gravatar.com\/avatar\/48e3fc7f8421ba8942be6b74a2b7f014ca39bc00dece156b7a8e098ae7dc87bf?s=96&d=mm&r=g\",\"caption\":\"C.K.\"},\"url\":\"https:\/\/vosgesinfo.fr\/epinalinfo\/author\/celia-k-n\/\"}]}<\/script>\n<!-- \/ Yoast SEO plugin. -->","yoast_head_json":{"title":"Bruy\u00e8res : un nid de gu\u00eapes d\u00e9couvert \u00e0 l\u2019\u00e9cole Jean Rostand - Epinal Info","robots":{"index":"index","follow":"follow","max-snippet":"max-snippet:-1","max-image-preview":"max-image-preview:large","max-video-preview":"max-video-preview:-1"},"canonical":"https:\/\/vosgesinfo.fr\/epinalinfo\/2025\/09\/bruyeres-un-nid-de-guepes-decouvert-a-lecole-jean-rostand\/","twitter_card":"summary_large_image","twitter_title":"Bruy\u00e8res : un nid de gu\u00eapes d\u00e9couvert \u00e0 l\u2019\u00e9cole Jean Rostand - Epinal Info","twitter_description":"La rentr\u00e9e scolaire \u00e0 Bruy\u00e8res a r\u00e9serv\u00e9 une surprise inattendue. Outre les \u00e9l\u00e8ves, un nid de gu\u00eapes avait trouv\u00e9 refuge [&hellip;]","twitter_image":"https:\/\/vosgesinfo.fr\/app\/uploads\/sites\/3\/2025\/09\/544547215-1204928184998436-7037694186604723914-n.jpg","twitter_creator":"@VosgesInfo88","twitter_site":"@VosgesInfo88","twitter_misc":{"\u00c9crit par":"C.K.","Dur\u00e9e de lecture estim\u00e9e":"1 minute"},"schema":{"@context":"https:\/\/schema.org","@graph":[{"@type":"Article","@id":"https:\/\/vosgesinfo.fr\/epinalinfo\/2025\/09\/bruyeres-un-nid-de-guepes-decouvert-a-lecole-jean-rostand\/#article","isPartOf":{"@id":"https:\/\/vosgesinfo.fr\/epinalinfo\/2025\/09\/bruyeres-un-nid-de-guepes-decouvert-a-lecole-jean-rostand\/"},"author":{"name":"C.K.","@id":"https:\/\/vosgesinfo.fr\/epinalinfo\/#\/schema\/person\/6f9a650eeea99d969b6c4ab78fccbe81"},"headline":"Bruy\u00e8res : un nid de gu\u00eapes d\u00e9couvert \u00e0 l\u2019\u00e9cole Jean Rostand","datePublished":"2025-09-09T09:15:02+00:00","dateModified":"2025-09-09T09:07:05+00:00","mainEntityOfPage":{"@id":"https:\/\/vosgesinfo.fr\/epinalinfo\/2025\/09\/bruyeres-un-nid-de-guepes-decouvert-a-lecole-jean-rostand\/"},"wordCount":212,"commentCount":0,"publisher":{"@id":"https:\/\/vosgesinfo.fr\/epinalinfo\/#organization"},"image":{"@id":"https:\/\/vosgesinfo.fr\/epinalinfo\/2025\/09\/bruyeres-un-nid-de-guepes-decouvert-a-lecole-jean-rostand\/#primaryimage"},"thumbnailUrl":"https:\/\/vosgesinfo.fr\/app\/uploads\/sites\/3\/2025\/09\/544547215-1204928184998436-7037694186604723914-n.jpg","articleSection":["A la Une","Bruy\u00e8res","Epinal"],"inLanguage":"fr-FR","potentialAction":[{"@type":"CommentAction","name":"Comment","target":["https:\/\/vosgesinfo.fr\/epinalinfo\/2025\/09\/bruyeres-un-nid-de-guepes-decouvert-a-lecole-jean-rostand\/#respond"]}]},{"@type":"WebPage","@id":"https:\/\/vosgesinfo.fr\/epinalinfo\/2025\/09\/bruyeres-un-nid-de-guepes-decouvert-a-lecole-jean-rostand\/","url":"https:\/\/vosgesinfo.fr\/epinalinfo\/2025\/09\/bruyeres-un-nid-de-guepes-decouvert-a-lecole-jean-rostand\/","name":"Bruy\u00e8res : un nid de gu\u00eapes d\u00e9couvert \u00e0 l\u2019\u00e9cole Jean Rostand - Epinal Info","isPartOf":{"@id":"https:\/\/vosgesinfo.fr\/epinalinfo\/#website"},"primaryImageOfPage":{"@id":"https:\/\/vosgesinfo.fr\/epinalinfo\/2025\/09\/bruyeres-un-nid-de-guepes-decouvert-a-lecole-jean-rostand\/#primaryimage"},"image":{"@id":"https:\/\/vosgesinfo.fr\/epinalinfo\/2025\/09\/bruyeres-un-nid-de-guepes-decouvert-a-lecole-jean-rostand\/#primaryimage"},"thumbnailUrl":"https:\/\/vosgesinfo.fr\/app\/uploads\/sites\/3\/2025\/09\/544547215-1204928184998436-7037694186604723914-n.jpg","datePublished":"2025-09-09T09:15:02+00:00","dateModified":"2025-09-09T09:07:05+00:00","breadcrumb":{"@id":"https:\/\/vosgesinfo.fr\/epinalinfo\/2025\/09\/bruyeres-un-nid-de-guepes-decouvert-a-lecole-jean-rostand\/#breadcrumb"},"inLanguage":"fr-FR","potentialAction":[{"@type":"ReadAction","target":["https:\/\/vosgesinfo.fr\/epinalinfo\/2025\/09\/bruyeres-un-nid-de-guepes-decouvert-a-lecole-jean-rostand\/"]}]},{"@type":"ImageObject","inLanguage":"fr-FR","@id":"https:\/\/vosgesinfo.fr\/epinalinfo\/2025\/09\/bruyeres-un-nid-de-guepes-decouvert-a-lecole-jean-rostand\/#primaryimage","url":"https:\/\/vosgesinfo.fr\/app\/uploads\/sites\/3\/2025\/09\/544547215-1204928184998436-7037694186604723914-n.jpg","contentUrl":"https:\/\/vosgesinfo.fr\/app\/uploads\/sites\/3\/2025\/09\/544547215-1204928184998436-7037694186604723914-n.jpg","width":752,"height":1020,"caption":"photo Ville de Bruy\u00e8res"},{"@type":"BreadcrumbList","@id":"https:\/\/vosgesinfo.fr\/epinalinfo\/2025\/09\/bruyeres-un-nid-de-guepes-decouvert-a-lecole-jean-rostand\/#breadcrumb","itemListElement":[{"@type":"ListItem","position":1,"name":"Home","item":"https:\/\/vosgesinfo.fr\/epinalinfo\/"},{"@type":"ListItem","position":2,"name":"Bruy\u00e8res : un nid de gu\u00eapes d\u00e9couvert \u00e0 l\u2019\u00e9cole Jean Rostand"}]},{"@type":"WebSite","@id":"https:\/\/vosgesinfo.fr\/epinalinfo\/#website","url":"https:\/\/vosgesinfo.fr\/epinalinfo\/","name":"Epinal Info","description":"Toute l&#039;actualit\u00e9 d&#039;\u00c9pinal","publisher":{"@id":"https:\/\/vosgesinfo.fr\/epinalinfo\/#organization"},"alternateName":"Toute l'actualit\u00e9 d'\u00c9pinal","potentialAction":[{"@type":"SearchAction","target":{"@type":"EntryPoint","urlTemplate":"https:\/\/vosgesinfo.fr\/epinalinfo\/?s={search_term_string}"},"query-input":"required name=search_term_string"}],"inLanguage":"fr-FR"},{"@type":"Organization","@id":"https:\/\/vosgesinfo.fr\/epinalinfo\/#organization","name":"Epinal Info","url":"https:\/\/vosgesinfo.fr\/epinalinfo\/","logo":{"@type":"ImageObject","inLanguage":"fr-FR","@id":"https:\/\/vosgesinfo.fr\/epinalinfo\/#\/schema\/logo\/image\/","url":"https:\/\/vosgesinfo.fr\/app\/uploads\/sites\/3\/2023\/08\/logo-epinalinfos.svg","contentUrl":"https:\/\/vosgesinfo.fr\/app\/uploads\/sites\/3\/2023\/08\/logo-epinalinfos.svg","width":1,"height":1,"caption":"Epinal Info"},"image":{"@id":"https:\/\/vosgesinfo.fr\/epinalinfo\/#\/schema\/logo\/image\/"},"sameAs":["https:\/\/www.facebook.com\/Epinalinfos","https:\/\/x.com\/VosgesInfo88","https:\/\/www.youtube.com\/@vosgesinfo"]},{"@type":"Person","@id":"https:\/\/vosgesinfo.fr\/epinalinfo\/#\/schema\/person\/6f9a650eeea99d969b6c4ab78fccbe81","name":"C.K.","image":{"@type":"ImageObject","inLanguage":"fr-FR","@id":"https:\/\/vosgesinfo.fr\/epinalinfo\/#\/schema\/person\/image\/","url":"https:\/\/secure.gravatar.com\/avatar\/48e3fc7f8421ba8942be6b74a2b7f014ca39bc00dece156b7a8e098ae7dc87bf?s=96&d=mm&r=g","contentUrl":"https:\/\/secure.gravatar.com\/avatar\/48e3fc7f8421ba8942be6b74a2b7f014ca39bc00dece156b7a8e098ae7dc87bf?s=96&d=mm&r=g","caption":"C.K."},"url":"https:\/\/vosgesinfo.fr\/epinalinfo\/author\/celia-k-n\/"}]}},"_links":{"self":[{"href":"https:\/\/vosgesinfo.fr\/epinalinfo\/wp-json\/wp\/v2\/posts\/135114","targetHints":{"allow":["GET"]}}],"collection":[{"href":"https:\/\/vosgesinfo.fr\/epinalinfo\/wp-json\/wp\/v2\/posts"}],"about":[{"href":"https:\/\/vosgesinfo.fr\/epinalinfo\/wp-json\/wp\/v2\/types\/post"}],"author":[{"embeddable":true,"href":"https:\/\/vosgesinfo.fr\/epinalinfo\/wp-json\/wp\/v2\/users\/52"}],"replies":[{"embeddable":true,"href":"https:\/\/vosgesinfo.fr\/epinalinfo\/wp-json\/wp\/v2\/comments?post=135114"}],"version-history":[{"count":1,"href":"https:\/\/vosgesinfo.fr\/epinalinfo\/wp-json\/wp\/v2\/posts\/135114\/revisions"}],"predecessor-version":[{"id":135116,"href":"https:\/\/vosgesinfo.fr\/epinalinfo\/wp-json\/wp\/v2\/posts\/135114\/revisions\/135116"}],"wp:featuredmedia":[{"embeddable":true,"href":"https:\/\/vosgesinfo.fr\/epinalinfo\/wp-json\/wp\/v2\/media\/135115"}],"wp:attachment":[{"href":"https:\/\/vosgesinfo.fr\/epinalinfo\/wp-json\/wp\/v2\/media?parent=135114"}],"wp:term":[{"taxonomy":"category","embeddable":true,"href":"https:\/\/vosgesinfo.fr\/epinalinfo\/wp-json\/wp\/v2\/categories?post=135114"},{"taxonomy":"post_tag","embeddable":true,"href":"https:\/\/vosgesinfo.fr\/epinalinfo\/wp-json\/wp\/v2\/tags?post=135114"}],"curies":[{"name":"wp","href":"https:\/\/api.w.org\/{rel}","templated":true}]}}