{"id":135117,"date":"2025-09-09T14:00:40","date_gmt":"2025-09-09T12:00:40","guid":{"rendered":"https:\/\/vosgesinfo.fr\/epinalinfo\/?p=135117"},"modified":"2025-09-09T13:52:57","modified_gmt":"2025-09-09T11:52:57","slug":"mobilisation-annoncee-pour-le-10-septembre-plusieurs-rassemblements-prevus-dans-les-vosges","status":"publish","type":"post","link":"https:\/\/vosgesinfo.fr\/epinalinfo\/2025\/09\/mobilisation-annoncee-pour-le-10-septembre-plusieurs-rassemblements-prevus-dans-les-vosges\/","title":{"rendered":"Mobilisation annonc\u00e9e pour le 10 septembre : plusieurs rassemblements pr\u00e9vus dans les Vosges"},"content":{"rendered":"<h2 data-start=\"171\" data-end=\"537\"><strong><a href=\"https:\/\/vosgesinfo.fr\/app\/uploads\/sites\/3\/2025\/09\/arton3557-7af75-81e1b.jpg\"><img decoding=\"async\" class=\"aligncenter size-full wp-image-135118\" src=\"https:\/\/vosgesinfo.fr\/app\/uploads\/sites\/3\/2025\/09\/arton3557-7af75-81e1b.jpg\" alt=\"\" width=\"300\" height=\"213\" \/><\/a>L\u2019agenda de la journ\u00e9e du mercredi 10 septembre reste encore incertain, mais les appels \u00e0 l\u2019action se multiplient. Depuis plusieurs jours, une organisation s\u2019installe progressivement, aussi bien en ligne, via des canaux comme le groupe T\u00e9l\u00e9gram <em data-start=\"416\" data-end=\"432\">Indignons-nous<\/em> dans les Vosges, que lors de r\u00e9unions publiques et d\u2019assembl\u00e9es g\u00e9n\u00e9rales dans de nombreuses communes.<\/strong><\/h2>\n<p data-start=\"539\" data-end=\"1047\">\u00c0 Toul, Lun\u00e9ville, \u00c9pinal ou encore Saint-Di\u00e9-des-Vosges, des collectifs h\u00e9t\u00e9roclites se forment : militants politiques, anciens gilets jaunes et simples habitants d\u00e9sireux de se mobiliser. Tous ont trouv\u00e9 une premi\u00e8re cible symbolique : Fran\u00e7ois Bayrou. Le Premier ministre a quitt\u00e9 Matignon apr\u00e8s avoir perdu le vote de confiance \u00e0 l\u2019Assembl\u00e9e nationale. Son d\u00e9part a d\u00e9j\u00e0 donn\u00e9 lieu \u00e0 quelques rassemblements festifs, comme \u00e0 \u00c9pinal o\u00f9 des \u00ab pots de d\u00e9part \u00bb baptis\u00e9s <em data-start=\"1010\" data-end=\"1026\">Bye bye Bayrou<\/em> ont \u00e9t\u00e9 organis\u00e9s.<\/p>\n<p data-start=\"1049\" data-end=\"1402\">Le 10 septembre, les organisateurs appellent \u00e0 une mobilisation plus large, plac\u00e9e sous le mot d\u2019ordre \u00ab Bloquons tout \u00bb. Trois grands rassemblements sont annonc\u00e9s : \u00e0 Saint-Di\u00e9, \u00e0 \u00c9pinal et \u00e0 Remiremont. Les initiateurs du mouvement promettent une journ\u00e9e \u00ab grande et joyeuse \u00bb, marqu\u00e9e par une volont\u00e9 commune de faire entendre leurs revendications.<\/p>\n","protected":false},"excerpt":{"rendered":"<p>L\u2019agenda de la journ\u00e9e du mercredi 10 septembre reste encore incertain, mais les appels \u00e0 l\u2019action se multiplient. Depuis plusieurs [&hellip;]<\/p>\n","protected":false},"author":52,"featured_media":135118,"comment_status":"open","ping_status":"open","sticky":false,"template":"","format":"standard","meta":{"footnotes":""},"categories":[22,24],"tags":[],"class_list":["post-135117","post","type-post","status-publish","format-standard","has-post-thumbnail","hentry","category-a-la-une","category-epinal"],"acf":[],"yoast_head":"<!-- This site is optimized with the Yoast SEO plugin v22.5 - https:\/\/yoast.com\/wordpress\/plugins\/seo\/ -->\n<title>Mobilisation annonc\u00e9e pour le 10 septembre : plusieurs rassemblements pr\u00e9vus dans les Vosges - Epinal Info<\/title>\n<meta name=\"robots\" content=\"index, follow, max-snippet:-1, max-image-preview:large, max-video-preview:-1\" \/>\n<link rel=\"canonical\" href=\"https:\/\/vosgesinfo.fr\/epinalinfo\/2025\/09\/mobilisation-annoncee-pour-le-10-septembre-plusieurs-rassemblements-prevus-dans-les-vosges\/\" \/>\n<meta name=\"twitter:card\" content=\"summary_large_image\" \/>\n<meta name=\"twitter:title\" content=\"Mobilisation annonc\u00e9e pour le 10 septembre : plusieurs rassemblements pr\u00e9vus dans les Vosges - Epinal Info\" \/>\n<meta name=\"twitter:description\" content=\"L\u2019agenda de la journ\u00e9e du mercredi 10 septembre reste encore incertain, mais les appels \u00e0 l\u2019action se multiplient. Depuis plusieurs [&hellip;]\" \/>\n<meta name=\"twitter:image\" content=\"https:\/\/vosgesinfo.fr\/app\/uploads\/sites\/3\/2025\/09\/arton3557-7af75-81e1b.jpg\" \/>\n<meta name=\"twitter:creator\" content=\"@VosgesInfo88\" \/>\n<meta name=\"twitter:site\" content=\"@VosgesInfo88\" \/>\n<meta name=\"twitter:label1\" content=\"\u00c9crit par\" \/>\n\t<meta name=\"twitter:data1\" content=\"C.K.\" \/>\n\t<meta name=\"twitter:label2\" content=\"Dur\u00e9e de lecture estim\u00e9e\" \/>\n\t<meta name=\"twitter:data2\" content=\"1 minute\" \/>\n<script type=\"application\/ld+json\" class=\"yoast-schema-graph\">{\"@context\":\"https:\/\/schema.org\",\"@graph\":[{\"@type\":\"Article\",\"@id\":\"https:\/\/vosgesinfo.fr\/epinalinfo\/2025\/09\/mobilisation-annoncee-pour-le-10-septembre-plusieurs-rassemblements-prevus-dans-les-vosges\/#article\",\"isPartOf\":{\"@id\":\"https:\/\/vosgesinfo.fr\/epinalinfo\/2025\/09\/mobilisation-annoncee-pour-le-10-septembre-plusieurs-rassemblements-prevus-dans-les-vosges\/\"},\"author\":{\"name\":\"C.K.\",\"@id\":\"https:\/\/vosgesinfo.fr\/epinalinfo\/#\/schema\/person\/6f9a650eeea99d969b6c4ab78fccbe81\"},\"headline\":\"Mobilisation annonc\u00e9e pour le 10 septembre : plusieurs rassemblements pr\u00e9vus dans les Vosges\",\"datePublished\":\"2025-09-09T12:00:40+00:00\",\"dateModified\":\"2025-09-09T11:52:57+00:00\",\"mainEntityOfPage\":{\"@id\":\"https:\/\/vosgesinfo.fr\/epinalinfo\/2025\/09\/mobilisation-annoncee-pour-le-10-septembre-plusieurs-rassemblements-prevus-dans-les-vosges\/\"},\"wordCount\":209,\"commentCount\":3,\"publisher\":{\"@id\":\"https:\/\/vosgesinfo.fr\/epinalinfo\/#organization\"},\"image\":{\"@id\":\"https:\/\/vosgesinfo.fr\/epinalinfo\/2025\/09\/mobilisation-annoncee-pour-le-10-septembre-plusieurs-rassemblements-prevus-dans-les-vosges\/#primaryimage\"},\"thumbnailUrl\":\"https:\/\/vosgesinfo.fr\/app\/uploads\/sites\/3\/2025\/09\/arton3557-7af75-81e1b.jpg\",\"articleSection\":[\"A la Une\",\"Epinal\"],\"inLanguage\":\"fr-FR\",\"potentialAction\":[{\"@type\":\"CommentAction\",\"name\":\"Comment\",\"target\":[\"https:\/\/vosgesinfo.fr\/epinalinfo\/2025\/09\/mobilisation-annoncee-pour-le-10-septembre-plusieurs-rassemblements-prevus-dans-les-vosges\/#respond\"]}]},{\"@type\":\"WebPage\",\"@id\":\"https:\/\/vosgesinfo.fr\/epinalinfo\/2025\/09\/mobilisation-annoncee-pour-le-10-septembre-plusieurs-rassemblements-prevus-dans-les-vosges\/\",\"url\":\"https:\/\/vosgesinfo.fr\/epinalinfo\/2025\/09\/mobilisation-annoncee-pour-le-10-septembre-plusieurs-rassemblements-prevus-dans-les-vosges\/\",\"name\":\"Mobilisation annonc\u00e9e pour le 10 septembre : plusieurs rassemblements pr\u00e9vus dans les Vosges - Epinal Info\",\"isPartOf\":{\"@id\":\"https:\/\/vosgesinfo.fr\/epinalinfo\/#website\"},\"primaryImageOfPage\":{\"@id\":\"https:\/\/vosgesinfo.fr\/epinalinfo\/2025\/09\/mobilisation-annoncee-pour-le-10-septembre-plusieurs-rassemblements-prevus-dans-les-vosges\/#primaryimage\"},\"image\":{\"@id\":\"https:\/\/vosgesinfo.fr\/epinalinfo\/2025\/09\/mobilisation-annoncee-pour-le-10-septembre-plusieurs-rassemblements-prevus-dans-les-vosges\/#primaryimage\"},\"thumbnailUrl\":\"https:\/\/vosgesinfo.fr\/app\/uploads\/sites\/3\/2025\/09\/arton3557-7af75-81e1b.jpg\",\"datePublished\":\"2025-09-09T12:00:40+00:00\",\"dateModified\":\"2025-09-09T11:52:57+00:00\",\"breadcrumb\":{\"@id\":\"https:\/\/vosgesinfo.fr\/epinalinfo\/2025\/09\/mobilisation-annoncee-pour-le-10-septembre-plusieurs-rassemblements-prevus-dans-les-vosges\/#breadcrumb\"},\"inLanguage\":\"fr-FR\",\"potentialAction\":[{\"@type\":\"ReadAction\",\"target\":[\"https:\/\/vosgesinfo.fr\/epinalinfo\/2025\/09\/mobilisation-annoncee-pour-le-10-septembre-plusieurs-rassemblements-prevus-dans-les-vosges\/\"]}]},{\"@type\":\"ImageObject\",\"inLanguage\":\"fr-FR\",\"@id\":\"https:\/\/vosgesinfo.fr\/epinalinfo\/2025\/09\/mobilisation-annoncee-pour-le-10-septembre-plusieurs-rassemblements-prevus-dans-les-vosges\/#primaryimage\",\"url\":\"https:\/\/vosgesinfo.fr\/app\/uploads\/sites\/3\/2025\/09\/arton3557-7af75-81e1b.jpg\",\"contentUrl\":\"https:\/\/vosgesinfo.fr\/app\/uploads\/sites\/3\/2025\/09\/arton3557-7af75-81e1b.jpg\",\"width\":300,\"height\":213},{\"@type\":\"BreadcrumbList\",\"@id\":\"https:\/\/vosgesinfo.fr\/epinalinfo\/2025\/09\/mobilisation-annoncee-pour-le-10-septembre-plusieurs-rassemblements-prevus-dans-les-vosges\/#breadcrumb\",\"itemListElement\":[{\"@type\":\"ListItem\",\"position\":1,\"name\":\"Home\",\"item\":\"https:\/\/vosgesinfo.fr\/epinalinfo\/\"},{\"@type\":\"ListItem\",\"position\":2,\"name\":\"Mobilisation annonc\u00e9e pour le 10 septembre : plusieurs rassemblements pr\u00e9vus dans les Vosges\"}]},{\"@type\":\"WebSite\",\"@id\":\"https:\/\/vosgesinfo.fr\/epinalinfo\/#website\",\"url\":\"https:\/\/vosgesinfo.fr\/epinalinfo\/\",\"name\":\"Epinal Info\",\"description\":\"Toute l&#039;actualit\u00e9 d&#039;\u00c9pinal\",\"publisher\":{\"@id\":\"https:\/\/vosgesinfo.fr\/epinalinfo\/#organization\"},\"alternateName\":\"Toute l'actualit\u00e9 d'\u00c9pinal\",\"potentialAction\":[{\"@type\":\"SearchAction\",\"target\":{\"@type\":\"EntryPoint\",\"urlTemplate\":\"https:\/\/vosgesinfo.fr\/epinalinfo\/?s={search_term_string}\"},\"query-input\":\"required name=search_term_string\"}],\"inLanguage\":\"fr-FR\"},{\"@type\":\"Organization\",\"@id\":\"https:\/\/vosgesinfo.fr\/epinalinfo\/#organization\",\"name\":\"Epinal Info\",\"url\":\"https:\/\/vosgesinfo.fr\/epinalinfo\/\",\"logo\":{\"@type\":\"ImageObject\",\"inLanguage\":\"fr-FR\",\"@id\":\"https:\/\/vosgesinfo.fr\/epinalinfo\/#\/schema\/logo\/image\/\",\"url\":\"https:\/\/vosgesinfo.fr\/app\/uploads\/sites\/3\/2023\/08\/logo-epinalinfos.svg\",\"contentUrl\":\"https:\/\/vosgesinfo.fr\/app\/uploads\/sites\/3\/2023\/08\/logo-epinalinfos.svg\",\"width\":1,\"height\":1,\"caption\":\"Epinal Info\"},\"image\":{\"@id\":\"https:\/\/vosgesinfo.fr\/epinalinfo\/#\/schema\/logo\/image\/\"},\"sameAs\":[\"https:\/\/www.facebook.com\/Epinalinfos\",\"https:\/\/x.com\/VosgesInfo88\",\"https:\/\/www.youtube.com\/@vosgesinfo\"]},{\"@type\":\"Person\",\"@id\":\"https:\/\/vosgesinfo.fr\/epinalinfo\/#\/schema\/person\/6f9a650eeea99d969b6c4ab78fccbe81\",\"name\":\"C.K.\",\"image\":{\"@type\":\"ImageObject\",\"inLanguage\":\"fr-FR\",\"@id\":\"https:\/\/vosgesinfo.fr\/epinalinfo\/#\/schema\/person\/image\/\",\"url\":\"https:\/\/secure.gravatar.com\/avatar\/48e3fc7f8421ba8942be6b74a2b7f014ca39bc00dece156b7a8e098ae7dc87bf?s=96&d=mm&r=g\",\"contentUrl\":\"https:\/\/secure.gravatar.com\/avatar\/48e3fc7f8421ba8942be6b74a2b7f014ca39bc00dece156b7a8e098ae7dc87bf?s=96&d=mm&r=g\",\"caption\":\"C.K.\"},\"url\":\"https:\/\/vosgesinfo.fr\/epinalinfo\/author\/celia-k-n\/\"}]}<\/script>\n<!-- \/ Yoast SEO plugin. -->","yoast_head_json":{"title":"Mobilisation annonc\u00e9e pour le 10 septembre : plusieurs rassemblements pr\u00e9vus dans les Vosges - Epinal Info","robots":{"index":"index","follow":"follow","max-snippet":"max-snippet:-1","max-image-preview":"max-image-preview:large","max-video-preview":"max-video-preview:-1"},"canonical":"https:\/\/vosgesinfo.fr\/epinalinfo\/2025\/09\/mobilisation-annoncee-pour-le-10-septembre-plusieurs-rassemblements-prevus-dans-les-vosges\/","twitter_card":"summary_large_image","twitter_title":"Mobilisation annonc\u00e9e pour le 10 septembre : plusieurs rassemblements pr\u00e9vus dans les Vosges - Epinal Info","twitter_description":"L\u2019agenda de la journ\u00e9e du mercredi 10 septembre reste encore incertain, mais les appels \u00e0 l\u2019action se multiplient. Depuis plusieurs [&hellip;]","twitter_image":"https:\/\/vosgesinfo.fr\/app\/uploads\/sites\/3\/2025\/09\/arton3557-7af75-81e1b.jpg","twitter_creator":"@VosgesInfo88","twitter_site":"@VosgesInfo88","twitter_misc":{"\u00c9crit par":"C.K.","Dur\u00e9e de lecture estim\u00e9e":"1 minute"},"schema":{"@context":"https:\/\/schema.org","@graph":[{"@type":"Article","@id":"https:\/\/vosgesinfo.fr\/epinalinfo\/2025\/09\/mobilisation-annoncee-pour-le-10-septembre-plusieurs-rassemblements-prevus-dans-les-vosges\/#article","isPartOf":{"@id":"https:\/\/vosgesinfo.fr\/epinalinfo\/2025\/09\/mobilisation-annoncee-pour-le-10-septembre-plusieurs-rassemblements-prevus-dans-les-vosges\/"},"author":{"name":"C.K.","@id":"https:\/\/vosgesinfo.fr\/epinalinfo\/#\/schema\/person\/6f9a650eeea99d969b6c4ab78fccbe81"},"headline":"Mobilisation annonc\u00e9e pour le 10 septembre : plusieurs rassemblements pr\u00e9vus dans les Vosges","datePublished":"2025-09-09T12:00:40+00:00","dateModified":"2025-09-09T11:52:57+00:00","mainEntityOfPage":{"@id":"https:\/\/vosgesinfo.fr\/epinalinfo\/2025\/09\/mobilisation-annoncee-pour-le-10-septembre-plusieurs-rassemblements-prevus-dans-les-vosges\/"},"wordCount":209,"commentCount":3,"publisher":{"@id":"https:\/\/vosgesinfo.fr\/epinalinfo\/#organization"},"image":{"@id":"https:\/\/vosgesinfo.fr\/epinalinfo\/2025\/09\/mobilisation-annoncee-pour-le-10-septembre-plusieurs-rassemblements-prevus-dans-les-vosges\/#primaryimage"},"thumbnailUrl":"https:\/\/vosgesinfo.fr\/app\/uploads\/sites\/3\/2025\/09\/arton3557-7af75-81e1b.jpg","articleSection":["A la Une","Epinal"],"inLanguage":"fr-FR","potentialAction":[{"@type":"CommentAction","name":"Comment","target":["https:\/\/vosgesinfo.fr\/epinalinfo\/2025\/09\/mobilisation-annoncee-pour-le-10-septembre-plusieurs-rassemblements-prevus-dans-les-vosges\/#respond"]}]},{"@type":"WebPage","@id":"https:\/\/vosgesinfo.fr\/epinalinfo\/2025\/09\/mobilisation-annoncee-pour-le-10-septembre-plusieurs-rassemblements-prevus-dans-les-vosges\/","url":"https:\/\/vosgesinfo.fr\/epinalinfo\/2025\/09\/mobilisation-annoncee-pour-le-10-septembre-plusieurs-rassemblements-prevus-dans-les-vosges\/","name":"Mobilisation annonc\u00e9e pour le 10 septembre : plusieurs rassemblements pr\u00e9vus dans les Vosges - Epinal Info","isPartOf":{"@id":"https:\/\/vosgesinfo.fr\/epinalinfo\/#website"},"primaryImageOfPage":{"@id":"https:\/\/vosgesinfo.fr\/epinalinfo\/2025\/09\/mobilisation-annoncee-pour-le-10-septembre-plusieurs-rassemblements-prevus-dans-les-vosges\/#primaryimage"},"image":{"@id":"https:\/\/vosgesinfo.fr\/epinalinfo\/2025\/09\/mobilisation-annoncee-pour-le-10-septembre-plusieurs-rassemblements-prevus-dans-les-vosges\/#primaryimage"},"thumbnailUrl":"https:\/\/vosgesinfo.fr\/app\/uploads\/sites\/3\/2025\/09\/arton3557-7af75-81e1b.jpg","datePublished":"2025-09-09T12:00:40+00:00","dateModified":"2025-09-09T11:52:57+00:00","breadcrumb":{"@id":"https:\/\/vosgesinfo.fr\/epinalinfo\/2025\/09\/mobilisation-annoncee-pour-le-10-septembre-plusieurs-rassemblements-prevus-dans-les-vosges\/#breadcrumb"},"inLanguage":"fr-FR","potentialAction":[{"@type":"ReadAction","target":["https:\/\/vosgesinfo.fr\/epinalinfo\/2025\/09\/mobilisation-annoncee-pour-le-10-septembre-plusieurs-rassemblements-prevus-dans-les-vosges\/"]}]},{"@type":"ImageObject","inLanguage":"fr-FR","@id":"https:\/\/vosgesinfo.fr\/epinalinfo\/2025\/09\/mobilisation-annoncee-pour-le-10-septembre-plusieurs-rassemblements-prevus-dans-les-vosges\/#primaryimage","url":"https:\/\/vosgesinfo.fr\/app\/uploads\/sites\/3\/2025\/09\/arton3557-7af75-81e1b.jpg","contentUrl":"https:\/\/vosgesinfo.fr\/app\/uploads\/sites\/3\/2025\/09\/arton3557-7af75-81e1b.jpg","width":300,"height":213},{"@type":"BreadcrumbList","@id":"https:\/\/vosgesinfo.fr\/epinalinfo\/2025\/09\/mobilisation-annoncee-pour-le-10-septembre-plusieurs-rassemblements-prevus-dans-les-vosges\/#breadcrumb","itemListElement":[{"@type":"ListItem","position":1,"name":"Home","item":"https:\/\/vosgesinfo.fr\/epinalinfo\/"},{"@type":"ListItem","position":2,"name":"Mobilisation annonc\u00e9e pour le 10 septembre : plusieurs rassemblements pr\u00e9vus dans les Vosges"}]},{"@type":"WebSite","@id":"https:\/\/vosgesinfo.fr\/epinalinfo\/#website","url":"https:\/\/vosgesinfo.fr\/epinalinfo\/","name":"Epinal Info","description":"Toute l&#039;actualit\u00e9 d&#039;\u00c9pinal","publisher":{"@id":"https:\/\/vosgesinfo.fr\/epinalinfo\/#organization"},"alternateName":"Toute l'actualit\u00e9 d'\u00c9pinal","potentialAction":[{"@type":"SearchAction","target":{"@type":"EntryPoint","urlTemplate":"https:\/\/vosgesinfo.fr\/epinalinfo\/?s={search_term_string}"},"query-input":"required name=search_term_string"}],"inLanguage":"fr-FR"},{"@type":"Organization","@id":"https:\/\/vosgesinfo.fr\/epinalinfo\/#organization","name":"Epinal Info","url":"https:\/\/vosgesinfo.fr\/epinalinfo\/","logo":{"@type":"ImageObject","inLanguage":"fr-FR","@id":"https:\/\/vosgesinfo.fr\/epinalinfo\/#\/schema\/logo\/image\/","url":"https:\/\/vosgesinfo.fr\/app\/uploads\/sites\/3\/2023\/08\/logo-epinalinfos.svg","contentUrl":"https:\/\/vosgesinfo.fr\/app\/uploads\/sites\/3\/2023\/08\/logo-epinalinfos.svg","width":1,"height":1,"caption":"Epinal Info"},"image":{"@id":"https:\/\/vosgesinfo.fr\/epinalinfo\/#\/schema\/logo\/image\/"},"sameAs":["https:\/\/www.facebook.com\/Epinalinfos","https:\/\/x.com\/VosgesInfo88","https:\/\/www.youtube.com\/@vosgesinfo"]},{"@type":"Person","@id":"https:\/\/vosgesinfo.fr\/epinalinfo\/#\/schema\/person\/6f9a650eeea99d969b6c4ab78fccbe81","name":"C.K.","image":{"@type":"ImageObject","inLanguage":"fr-FR","@id":"https:\/\/vosgesinfo.fr\/epinalinfo\/#\/schema\/person\/image\/","url":"https:\/\/secure.gravatar.com\/avatar\/48e3fc7f8421ba8942be6b74a2b7f014ca39bc00dece156b7a8e098ae7dc87bf?s=96&d=mm&r=g","contentUrl":"https:\/\/secure.gravatar.com\/avatar\/48e3fc7f8421ba8942be6b74a2b7f014ca39bc00dece156b7a8e098ae7dc87bf?s=96&d=mm&r=g","caption":"C.K."},"url":"https:\/\/vosgesinfo.fr\/epinalinfo\/author\/celia-k-n\/"}]}},"_links":{"self":[{"href":"https:\/\/vosgesinfo.fr\/epinalinfo\/wp-json\/wp\/v2\/posts\/135117","targetHints":{"allow":["GET"]}}],"collection":[{"href":"https:\/\/vosgesinfo.fr\/epinalinfo\/wp-json\/wp\/v2\/posts"}],"about":[{"href":"https:\/\/vosgesinfo.fr\/epinalinfo\/wp-json\/wp\/v2\/types\/post"}],"author":[{"embeddable":true,"href":"https:\/\/vosgesinfo.fr\/epinalinfo\/wp-json\/wp\/v2\/users\/52"}],"replies":[{"embeddable":true,"href":"https:\/\/vosgesinfo.fr\/epinalinfo\/wp-json\/wp\/v2\/comments?post=135117"}],"version-history":[{"count":1,"href":"https:\/\/vosgesinfo.fr\/epinalinfo\/wp-json\/wp\/v2\/posts\/135117\/revisions"}],"predecessor-version":[{"id":135119,"href":"https:\/\/vosgesinfo.fr\/epinalinfo\/wp-json\/wp\/v2\/posts\/135117\/revisions\/135119"}],"wp:featuredmedia":[{"embeddable":true,"href":"https:\/\/vosgesinfo.fr\/epinalinfo\/wp-json\/wp\/v2\/media\/135118"}],"wp:attachment":[{"href":"https:\/\/vosgesinfo.fr\/epinalinfo\/wp-json\/wp\/v2\/media?parent=135117"}],"wp:term":[{"taxonomy":"category","embeddable":true,"href":"https:\/\/vosgesinfo.fr\/epinalinfo\/wp-json\/wp\/v2\/categories?post=135117"},{"taxonomy":"post_tag","embeddable":true,"href":"https:\/\/vosgesinfo.fr\/epinalinfo\/wp-json\/wp\/v2\/tags?post=135117"}],"curies":[{"name":"wp","href":"https:\/\/api.w.org\/{rel}","templated":true}]}}